{"id":35418,"date":"2017-09-25T19:00:10","date_gmt":"2017-09-25T22:00:10","guid":{"rendered":"http:\/\/patagoniambiental.com.ar\/info\/?p=35418"},"modified":"2017-09-25T16:03:16","modified_gmt":"2017-09-25T19:03:16","slug":"el-camion-de-puntos-limpios-moviles-del-girsu-vuelve-a-rawson-para-hacer-tareas-de-concientizacion-ambiental","status":"publish","type":"post","link":"https:\/\/patagoniambiental.com.ar\/info\/el-camion-de-puntos-limpios-moviles-del-girsu-vuelve-a-rawson-para-hacer-tareas-de-concientizacion-ambiental\/","title":{"rendered":"El cami\u00f3n de Puntos Limpios M\u00f3viles del GIRSU vuelve a Rawson para hacer tareas de concientizaci\u00f3n ambiental"},"content":{"rendered":"<div class=\"np_titulo\">\n<div id=\"main_body\" class=\"central no-item central_interior rawson,regionales\">\n<p id=\"title\">Rawson.-Se instalar\u00e1 este lunes en la Escuela 7.705 del barrio San Pablo, y el martes en el sector \u00c1rea 12 de los Jardines Municipales, en ambos casos de 12 a 16 horas.<\/p>\n<\/div>\n<\/div>\n<p><!--more--><\/p>\n<div id=\"main_body\" class=\"central no-item central_interior rawson,regionales\">\n<div id=\"notas\">\n<div class=\"tapa_contenedort_imagen\">\n<div class=\"tapa_imagen\">\n<div class=\"videoWrapper\"><a class=\"imagenLink\" href=\"http:\/\/www.elchubut.com.ar\/nota\/2017-9-24-15-16-1-el-camion-de-puntos-limpios-moviles-del-girsu-vuelve-a-rawson-para-hacer-tareas-de-concientizacion-ambiental\" data-gallery=\"\"><img decoding=\"async\" class=\"panel_imagen\" src=\"http:\/\/pxb.cdn.elchubut.com.ar\/chubut\/092017\/1506276954796.jpg\" \/><\/a><\/div>\n<div class=\"epigrafe\"><\/div>\n<\/div>\n<\/div>\n<div id=\"notapage_texto\" class=\"notapage_cuerpo\">\n<p>La Municipalidad de Rawson, por medio de la Secretar\u00eda de Producci\u00f3n y Medio Ambiente, anunci\u00f3 que este lunes y el martes estar\u00e1 en la ciudad el cami\u00f3n de Puntos Limpios M\u00f3viles del consorcio del sistema de Gesti\u00f3n Integral de Residuos S\u00f3lidos Urbanos (GIRSU), con el objetivo de concientizar, sobre todo a los m\u00e1s peque\u00f1os, sobre la importancia del reciclado.<\/p>\n<p>\u201cEl cami\u00f3n se dedica a promocionar la separaci\u00f3n en origen de residuos, y vamos a estar cont\u00e1ndole al vecino la importancia de la separaci\u00f3n\u201d, adelant\u00f3 el director de Medio Ambiente, Julio Ib\u00e1\u00f1ez, quien agreg\u00f3 que \u201cse va a trabajar con recolecci\u00f3n de pilas, separaci\u00f3n de residuos, explicando el por qu\u00e9 de esta pr\u00e1ctica\u201d.<\/p>\n<p>Adem\u00e1s, el cami\u00f3n recepcionar\u00e1 residuos secos separados, como cart\u00f3n, pl\u00e1sticos, papel, vidrio y diarios.<\/p>\n<p>\u201cLos inspectores de Ambiente del municipio de Rawson estar\u00e1n recorriendo el barrio para complementar esta actividad de concientizaci\u00f3n acerca de la importancia de la reducci\u00f3n de la generaci\u00f3n de basura, sumada a la importancia de no generar mino basurales en la ciudad\u201d, a\u00f1adi\u00f3 Ib\u00e1\u00f1ez.<\/p>\n<p>De acuerdo con lo programado, el cami\u00f3n estar\u00e1 este lunes en la Escuela 7.705 del barrio San Pablo, entre las 12 y las 16 horas. En esta escuela, ubicada en Carmelo Berruhet entre Vuelta de Obligado y 9 de Julio, se trabaja desde el Centro de Actividades Juveniles los s\u00e1bados desarrollando tem\u00e1ticas relacionadas con el reciclado, bajo la direcci\u00f3n de la docente Laura Gonz\u00e1lez.<\/p>\n<p>En tanto, el martes 26, tambi\u00e9n de 12 a 16 horas, el cami\u00f3n estar\u00e1 el sector del \u00c1rea 12 de los Jardines Municipales. All\u00ed se trabajar\u00e1 con alumnos de las salas de 3 y 4 a\u00f1os, con el objetivo de que \u201csea una tarea valiosa y que los chicos puedan apropi\u00e1rsela\u201d, dijo Ib\u00e1\u00f1ez.<\/p>\n<p>Fuente: El Chubut<br \/>\n.<\/p>\n<\/div>\n<\/div>\n<\/div>\n","protected":false},"excerpt":{"rendered":"<p>Rawson.-Se instalar\u00e1 este lunes en la Escuela 7.705 del barrio San Pablo, y el martes en el sector \u00c1rea 12 [&hellip;]<\/p>\n","protected":false},"author":2,"featured_media":35419,"comment_status":"open","ping_status":"open","sticky":false,"template":"","format":"standard","meta":{"site-sidebar-layout":"default","site-content-layout":"","ast-site-content-layout":"default","site-content-style":"default","site-sidebar-style":"default","ast-global-header-display":"","ast-banner-title-visibility":"","ast-main-header-display":"","ast-hfb-above-header-display":"","ast-hfb-below-header-display":"","ast-hfb-mobile-header-display":"","site-post-title":"","ast-breadcrumbs-content":"","ast-featured-img":"","footer-sml-layout":"","ast-disable-related-posts":"","theme-transparent-header-meta":"","adv-header-id-meta":"","stick-header-meta":"","header-above-stick-meta":"","header-main-stick-meta":"","header-below-stick-meta":"","astra-migrate-meta-layouts":"default","ast-page-background-enabled":"default","ast-page-background-meta":{"desktop":{"background-color":"var(--ast-global-color-5)","background-image":"","background-repeat":"repeat","background-position":"center center","background-size":"auto","background-attachment":"scroll","background-type":"","background-media":"","overlay-type":"","overlay-color":"","overlay-opacity":"","overlay-gradient":""},"tablet":{"background-color":"","background-image":"","background-repeat":"repeat","background-position":"center center","background-size":"auto","background-attachment":"scroll","background-type":"","background-media":"","overlay-type":"","overlay-color":"","overlay-opacity":"","overlay-gradient":""},"mobile":{"background-color":"","background-image":"","background-repeat":"repeat","background-position":"center center","background-size":"auto","background-attachment":"scroll","background-type":"","background-media":"","overlay-type":"","overlay-color":"","overlay-opacity":"","overlay-gradient":""}},"ast-content-background-meta":{"desktop":{"background-color":"var(--ast-global-color-4)","background-image":"","background-repeat":"repeat","background-position":"center center","background-size":"auto","background-attachment":"scroll","background-type":"","background-media":"","overlay-type":"","overlay-color":"","overlay-opacity":"","overlay-gradient":""},"tablet":{"background-color":"var(--ast-global-color-4)","background-image":"","background-repeat":"repeat","background-position":"center center","background-size":"auto","background-attachment":"scroll","background-type":"","background-media":"","overlay-type":"","overlay-color":"","overlay-opacity":"","overlay-gradient":""},"mobile":{"background-color":"var(--ast-global-color-4)","background-image":"","background-repeat":"repeat","background-position":"center center","background-size":"auto","background-attachment":"scroll","background-type":"","background-media":"","overlay-type":"","overlay-color":"","overlay-opacity":"","overlay-gradient":""}},"footnotes":""},"categories":[16,1],"tags":[],"class_list":["post-35418","post","type-post","status-publish","format-standard","has-post-thumbnail","hentry","category-municipales","category-noticias"],"yoast_head":"<!-- This site is optimized with the Yoast SEO Premium plugin v23.0 (Yoast SEO v27.4) - https:\/\/yoast.com\/product\/yoast-seo-premium-wordpress\/ -->\n<title>El cami\u00f3n de Puntos Limpios M\u00f3viles del GIRSU vuelve a Rawson para hacer tareas de concientizaci\u00f3n ambiental<\/title>\n<meta name=\"robots\" content=\"index, follow, max-snippet:-1, max-image-preview:large, max-video-preview:-1\" \/>\n<link rel=\"canonical\" href=\"https:\/\/patagoniambiental.com.ar\/info\/el-camion-de-puntos-limpios-moviles-del-girsu-vuelve-a-rawson-para-hacer-tareas-de-concientizacion-ambiental\/\" \/>\n<meta property=\"og:locale\" content=\"es_ES\" \/>\n<meta property=\"og:type\" content=\"article\" \/>\n<meta property=\"og:title\" content=\"El cami\u00f3n de Puntos Limpios M\u00f3viles del GIRSU vuelve a Rawson para hacer tareas de concientizaci\u00f3n ambiental\" \/>\n<meta property=\"og:description\" content=\"Rawson.-Se instalar\u00e1 este lunes en la Escuela 7.705 del barrio San Pablo, y el martes en el sector \u00c1rea 12 [&hellip;]\" \/>\n<meta property=\"og:url\" content=\"https:\/\/patagoniambiental.com.ar\/info\/el-camion-de-puntos-limpios-moviles-del-girsu-vuelve-a-rawson-para-hacer-tareas-de-concientizacion-ambiental\/\" \/>\n<meta property=\"og:site_name\" content=\"Patagonia Ambiental\" \/>\n<meta property=\"article:publisher\" content=\"https:\/\/www.facebook.com\/patagonia.ambiental\" \/>\n<meta property=\"article:author\" content=\"https:\/\/www.facebook.com\/share\/1C1V8Gv9BX\/?mibextid=qi2Omg\" \/>\n<meta property=\"article:published_time\" content=\"2017-09-25T22:00:10+00:00\" \/>\n<meta property=\"og:image\" content=\"https:\/\/patagoniambiental.com.ar\/info\/wp-content\/uploads\/2017\/09\/1506276954796.jpg\" \/>\n\t<meta property=\"og:image:width\" content=\"1077\" \/>\n\t<meta property=\"og:image:height\" content=\"534\" \/>\n\t<meta property=\"og:image:type\" content=\"image\/jpeg\" \/>\n<meta name=\"author\" content=\"Patagonia Ambiental\" \/>\n<meta name=\"twitter:card\" content=\"summary_large_image\" \/>\n<meta name=\"twitter:creator\" content=\"@PatAmb\" \/>\n<meta name=\"twitter:site\" content=\"@PatAmb\" \/>\n<script type=\"application\/ld+json\" class=\"yoast-schema-graph\">{\"@context\":\"https:\\\/\\\/schema.org\",\"@graph\":[{\"@type\":\"Article\",\"@id\":\"https:\\\/\\\/patagoniambiental.com.ar\\\/info\\\/el-camion-de-puntos-limpios-moviles-del-girsu-vuelve-a-rawson-para-hacer-tareas-de-concientizacion-ambiental\\\/#article\",\"isPartOf\":{\"@id\":\"https:\\\/\\\/patagoniambiental.com.ar\\\/info\\\/el-camion-de-puntos-limpios-moviles-del-girsu-vuelve-a-rawson-para-hacer-tareas-de-concientizacion-ambiental\\\/\"},\"author\":{\"name\":\"Patagonia Ambiental\",\"@id\":\"https:\\\/\\\/patagoniambiental.com.ar\\\/info\\\/#\\\/schema\\\/person\\\/db12bff64bbcbf6a253710bf0ea37b5d\"},\"headline\":\"El cami\u00f3n de Puntos Limpios M\u00f3viles del GIRSU vuelve a Rawson para hacer tareas de concientizaci\u00f3n ambiental\",\"datePublished\":\"2017-09-25T22:00:10+00:00\",\"mainEntityOfPage\":{\"@id\":\"https:\\\/\\\/patagoniambiental.com.ar\\\/info\\\/el-camion-de-puntos-limpios-moviles-del-girsu-vuelve-a-rawson-para-hacer-tareas-de-concientizacion-ambiental\\\/\"},\"wordCount\":365,\"commentCount\":0,\"publisher\":{\"@id\":\"https:\\\/\\\/patagoniambiental.com.ar\\\/info\\\/#organization\"},\"image\":{\"@id\":\"https:\\\/\\\/patagoniambiental.com.ar\\\/info\\\/el-camion-de-puntos-limpios-moviles-del-girsu-vuelve-a-rawson-para-hacer-tareas-de-concientizacion-ambiental\\\/#primaryimage\"},\"thumbnailUrl\":\"https:\\\/\\\/patagoniambiental.com.ar\\\/info\\\/wp-content\\\/uploads\\\/2017\\\/09\\\/1506276954796.jpg\",\"articleSection\":[\"Municipales\",\"Noticias\"],\"inLanguage\":\"es\",\"potentialAction\":[{\"@type\":\"CommentAction\",\"name\":\"Comment\",\"target\":[\"https:\\\/\\\/patagoniambiental.com.ar\\\/info\\\/el-camion-de-puntos-limpios-moviles-del-girsu-vuelve-a-rawson-para-hacer-tareas-de-concientizacion-ambiental\\\/#respond\"]}]},{\"@type\":\"WebPage\",\"@id\":\"https:\\\/\\\/patagoniambiental.com.ar\\\/info\\\/el-camion-de-puntos-limpios-moviles-del-girsu-vuelve-a-rawson-para-hacer-tareas-de-concientizacion-ambiental\\\/\",\"url\":\"https:\\\/\\\/patagoniambiental.com.ar\\\/info\\\/el-camion-de-puntos-limpios-moviles-del-girsu-vuelve-a-rawson-para-hacer-tareas-de-concientizacion-ambiental\\\/\",\"name\":\"El cami\u00f3n de Puntos Limpios M\u00f3viles del GIRSU vuelve a Rawson para hacer tareas de concientizaci\u00f3n ambiental\",\"isPartOf\":{\"@id\":\"https:\\\/\\\/patagoniambiental.com.ar\\\/info\\\/#website\"},\"primaryImageOfPage\":{\"@id\":\"https:\\\/\\\/patagoniambiental.com.ar\\\/info\\\/el-camion-de-puntos-limpios-moviles-del-girsu-vuelve-a-rawson-para-hacer-tareas-de-concientizacion-ambiental\\\/#primaryimage\"},\"image\":{\"@id\":\"https:\\\/\\\/patagoniambiental.com.ar\\\/info\\\/el-camion-de-puntos-limpios-moviles-del-girsu-vuelve-a-rawson-para-hacer-tareas-de-concientizacion-ambiental\\\/#primaryimage\"},\"thumbnailUrl\":\"https:\\\/\\\/patagoniambiental.com.ar\\\/info\\\/wp-content\\\/uploads\\\/2017\\\/09\\\/1506276954796.jpg\",\"datePublished\":\"2017-09-25T22:00:10+00:00\",\"breadcrumb\":{\"@id\":\"https:\\\/\\\/patagoniambiental.com.ar\\\/info\\\/el-camion-de-puntos-limpios-moviles-del-girsu-vuelve-a-rawson-para-hacer-tareas-de-concientizacion-ambiental\\\/#breadcrumb\"},\"inLanguage\":\"es\",\"potentialAction\":[{\"@type\":\"ReadAction\",\"target\":[\"https:\\\/\\\/patagoniambiental.com.ar\\\/info\\\/el-camion-de-puntos-limpios-moviles-del-girsu-vuelve-a-rawson-para-hacer-tareas-de-concientizacion-ambiental\\\/\"]}]},{\"@type\":\"ImageObject\",\"inLanguage\":\"es\",\"@id\":\"https:\\\/\\\/patagoniambiental.com.ar\\\/info\\\/el-camion-de-puntos-limpios-moviles-del-girsu-vuelve-a-rawson-para-hacer-tareas-de-concientizacion-ambiental\\\/#primaryimage\",\"url\":\"https:\\\/\\\/patagoniambiental.com.ar\\\/info\\\/wp-content\\\/uploads\\\/2017\\\/09\\\/1506276954796.jpg\",\"contentUrl\":\"https:\\\/\\\/patagoniambiental.com.ar\\\/info\\\/wp-content\\\/uploads\\\/2017\\\/09\\\/1506276954796.jpg\",\"width\":1077,\"height\":534},{\"@type\":\"BreadcrumbList\",\"@id\":\"https:\\\/\\\/patagoniambiental.com.ar\\\/info\\\/el-camion-de-puntos-limpios-moviles-del-girsu-vuelve-a-rawson-para-hacer-tareas-de-concientizacion-ambiental\\\/#breadcrumb\",\"itemListElement\":[{\"@type\":\"ListItem\",\"position\":1,\"name\":\"Inicio\",\"item\":\"https:\\\/\\\/patagoniambiental.com.ar\\\/info\\\/\"},{\"@type\":\"ListItem\",\"position\":2,\"name\":\"El cami\u00f3n de Puntos Limpios M\u00f3viles del GIRSU vuelve a Rawson para hacer tareas de concientizaci\u00f3n ambiental\"}]},{\"@type\":\"WebSite\",\"@id\":\"https:\\\/\\\/patagoniambiental.com.ar\\\/info\\\/#website\",\"url\":\"https:\\\/\\\/patagoniambiental.com.ar\\\/info\\\/\",\"name\":\"Patagonia Ambiental\",\"description\":\"Monitoreo y an\u00e1lisis de la situaci\u00f3n geopol\u00edtica en el mundo y su implicancia en la Patagonia\",\"publisher\":{\"@id\":\"https:\\\/\\\/patagoniambiental.com.ar\\\/info\\\/#organization\"},\"potentialAction\":[{\"@type\":\"SearchAction\",\"target\":{\"@type\":\"EntryPoint\",\"urlTemplate\":\"https:\\\/\\\/patagoniambiental.com.ar\\\/info\\\/?s={search_term_string}\"},\"query-input\":{\"@type\":\"PropertyValueSpecification\",\"valueRequired\":true,\"valueName\":\"search_term_string\"}}],\"inLanguage\":\"es\"},{\"@type\":\"Organization\",\"@id\":\"https:\\\/\\\/patagoniambiental.com.ar\\\/info\\\/#organization\",\"name\":\"Patagonia Ambiental\",\"url\":\"https:\\\/\\\/patagoniambiental.com.ar\\\/info\\\/\",\"logo\":{\"@type\":\"ImageObject\",\"inLanguage\":\"es\",\"@id\":\"https:\\\/\\\/patagoniambiental.com.ar\\\/info\\\/#\\\/schema\\\/logo\\\/image\\\/\",\"url\":\"https:\\\/\\\/patagoniambiental.com.ar\\\/info\\\/wp-content\\\/uploads\\\/2025\\\/05\\\/LOGO-PATAGONIA-AMBIENTAL.png\",\"contentUrl\":\"https:\\\/\\\/patagoniambiental.com.ar\\\/info\\\/wp-content\\\/uploads\\\/2025\\\/05\\\/LOGO-PATAGONIA-AMBIENTAL.png\",\"width\":433,\"height\":250,\"caption\":\"Patagonia Ambiental\"},\"image\":{\"@id\":\"https:\\\/\\\/patagoniambiental.com.ar\\\/info\\\/#\\\/schema\\\/logo\\\/image\\\/\"},\"sameAs\":[\"https:\\\/\\\/www.facebook.com\\\/patagonia.ambiental\",\"https:\\\/\\\/x.com\\\/PatAmb\"]},{\"@type\":\"Person\",\"@id\":\"https:\\\/\\\/patagoniambiental.com.ar\\\/info\\\/#\\\/schema\\\/person\\\/db12bff64bbcbf6a253710bf0ea37b5d\",\"name\":\"Patagonia Ambiental\",\"description\":\"Andr\u00e9s Nievas T\u00e9cnico en manejo ambiental, consultor Ambiental y escritor para medios locales e internacionales sobre temas de geopolitica y medio ambiente.\",\"sameAs\":[\"http:\\\/\\\/www.patagoniambiental.com.ar\",\"https:\\\/\\\/www.facebook.com\\\/share\\\/1C1V8Gv9BX\\\/?mibextid=qi2Omg\",\"@patagoniambiental\",\"https:\\\/\\\/youtube.com\\\/@patagoniaambiental2023?si=BLt58t0wuXquxlYZ\"]}]}<\/script>\n<!-- \/ Yoast SEO Premium plugin. -->","yoast_head_json":{"title":"El cami\u00f3n de Puntos Limpios M\u00f3viles del GIRSU vuelve a Rawson para hacer tareas de concientizaci\u00f3n ambiental","robots":{"index":"index","follow":"follow","max-snippet":"max-snippet:-1","max-image-preview":"max-image-preview:large","max-video-preview":"max-video-preview:-1"},"canonical":"https:\/\/patagoniambiental.com.ar\/info\/el-camion-de-puntos-limpios-moviles-del-girsu-vuelve-a-rawson-para-hacer-tareas-de-concientizacion-ambiental\/","og_locale":"es_ES","og_type":"article","og_title":"El cami\u00f3n de Puntos Limpios M\u00f3viles del GIRSU vuelve a Rawson para hacer tareas de concientizaci\u00f3n ambiental","og_description":"Rawson.-Se instalar\u00e1 este lunes en la Escuela 7.705 del barrio San Pablo, y el martes en el sector \u00c1rea 12 [&hellip;]","og_url":"https:\/\/patagoniambiental.com.ar\/info\/el-camion-de-puntos-limpios-moviles-del-girsu-vuelve-a-rawson-para-hacer-tareas-de-concientizacion-ambiental\/","og_site_name":"Patagonia Ambiental","article_publisher":"https:\/\/www.facebook.com\/patagonia.ambiental","article_author":"https:\/\/www.facebook.com\/share\/1C1V8Gv9BX\/?mibextid=qi2Omg","article_published_time":"2017-09-25T22:00:10+00:00","og_image":[{"width":1077,"height":534,"url":"https:\/\/patagoniambiental.com.ar\/info\/wp-content\/uploads\/2017\/09\/1506276954796.jpg","type":"image\/jpeg"}],"author":"Patagonia Ambiental","twitter_card":"summary_large_image","twitter_creator":"@PatAmb","twitter_site":"@PatAmb","schema":{"@context":"https:\/\/schema.org","@graph":[{"@type":"Article","@id":"https:\/\/patagoniambiental.com.ar\/info\/el-camion-de-puntos-limpios-moviles-del-girsu-vuelve-a-rawson-para-hacer-tareas-de-concientizacion-ambiental\/#article","isPartOf":{"@id":"https:\/\/patagoniambiental.com.ar\/info\/el-camion-de-puntos-limpios-moviles-del-girsu-vuelve-a-rawson-para-hacer-tareas-de-concientizacion-ambiental\/"},"author":{"name":"Patagonia Ambiental","@id":"https:\/\/patagoniambiental.com.ar\/info\/#\/schema\/person\/db12bff64bbcbf6a253710bf0ea37b5d"},"headline":"El cami\u00f3n de Puntos Limpios M\u00f3viles del GIRSU vuelve a Rawson para hacer tareas de concientizaci\u00f3n ambiental","datePublished":"2017-09-25T22:00:10+00:00","mainEntityOfPage":{"@id":"https:\/\/patagoniambiental.com.ar\/info\/el-camion-de-puntos-limpios-moviles-del-girsu-vuelve-a-rawson-para-hacer-tareas-de-concientizacion-ambiental\/"},"wordCount":365,"commentCount":0,"publisher":{"@id":"https:\/\/patagoniambiental.com.ar\/info\/#organization"},"image":{"@id":"https:\/\/patagoniambiental.com.ar\/info\/el-camion-de-puntos-limpios-moviles-del-girsu-vuelve-a-rawson-para-hacer-tareas-de-concientizacion-ambiental\/#primaryimage"},"thumbnailUrl":"https:\/\/patagoniambiental.com.ar\/info\/wp-content\/uploads\/2017\/09\/1506276954796.jpg","articleSection":["Municipales","Noticias"],"inLanguage":"es","potentialAction":[{"@type":"CommentAction","name":"Comment","target":["https:\/\/patagoniambiental.com.ar\/info\/el-camion-de-puntos-limpios-moviles-del-girsu-vuelve-a-rawson-para-hacer-tareas-de-concientizacion-ambiental\/#respond"]}]},{"@type":"WebPage","@id":"https:\/\/patagoniambiental.com.ar\/info\/el-camion-de-puntos-limpios-moviles-del-girsu-vuelve-a-rawson-para-hacer-tareas-de-concientizacion-ambiental\/","url":"https:\/\/patagoniambiental.com.ar\/info\/el-camion-de-puntos-limpios-moviles-del-girsu-vuelve-a-rawson-para-hacer-tareas-de-concientizacion-ambiental\/","name":"El cami\u00f3n de Puntos Limpios M\u00f3viles del GIRSU vuelve a Rawson para hacer tareas de concientizaci\u00f3n ambiental","isPartOf":{"@id":"https:\/\/patagoniambiental.com.ar\/info\/#website"},"primaryImageOfPage":{"@id":"https:\/\/patagoniambiental.com.ar\/info\/el-camion-de-puntos-limpios-moviles-del-girsu-vuelve-a-rawson-para-hacer-tareas-de-concientizacion-ambiental\/#primaryimage"},"image":{"@id":"https:\/\/patagoniambiental.com.ar\/info\/el-camion-de-puntos-limpios-moviles-del-girsu-vuelve-a-rawson-para-hacer-tareas-de-concientizacion-ambiental\/#primaryimage"},"thumbnailUrl":"https:\/\/patagoniambiental.com.ar\/info\/wp-content\/uploads\/2017\/09\/1506276954796.jpg","datePublished":"2017-09-25T22:00:10+00:00","breadcrumb":{"@id":"https:\/\/patagoniambiental.com.ar\/info\/el-camion-de-puntos-limpios-moviles-del-girsu-vuelve-a-rawson-para-hacer-tareas-de-concientizacion-ambiental\/#breadcrumb"},"inLanguage":"es","potentialAction":[{"@type":"ReadAction","target":["https:\/\/patagoniambiental.com.ar\/info\/el-camion-de-puntos-limpios-moviles-del-girsu-vuelve-a-rawson-para-hacer-tareas-de-concientizacion-ambiental\/"]}]},{"@type":"ImageObject","inLanguage":"es","@id":"https:\/\/patagoniambiental.com.ar\/info\/el-camion-de-puntos-limpios-moviles-del-girsu-vuelve-a-rawson-para-hacer-tareas-de-concientizacion-ambiental\/#primaryimage","url":"https:\/\/patagoniambiental.com.ar\/info\/wp-content\/uploads\/2017\/09\/1506276954796.jpg","contentUrl":"https:\/\/patagoniambiental.com.ar\/info\/wp-content\/uploads\/2017\/09\/1506276954796.jpg","width":1077,"height":534},{"@type":"BreadcrumbList","@id":"https:\/\/patagoniambiental.com.ar\/info\/el-camion-de-puntos-limpios-moviles-del-girsu-vuelve-a-rawson-para-hacer-tareas-de-concientizacion-ambiental\/#breadcrumb","itemListElement":[{"@type":"ListItem","position":1,"name":"Inicio","item":"https:\/\/patagoniambiental.com.ar\/info\/"},{"@type":"ListItem","position":2,"name":"El cami\u00f3n de Puntos Limpios M\u00f3viles del GIRSU vuelve a Rawson para hacer tareas de concientizaci\u00f3n ambiental"}]},{"@type":"WebSite","@id":"https:\/\/patagoniambiental.com.ar\/info\/#website","url":"https:\/\/patagoniambiental.com.ar\/info\/","name":"Patagonia Ambiental","description":"Monitoreo y an\u00e1lisis de la situaci\u00f3n geopol\u00edtica en el mundo y su implicancia en la Patagonia","publisher":{"@id":"https:\/\/patagoniambiental.com.ar\/info\/#organization"},"potentialAction":[{"@type":"SearchAction","target":{"@type":"EntryPoint","urlTemplate":"https:\/\/patagoniambiental.com.ar\/info\/?s={search_term_string}"},"query-input":{"@type":"PropertyValueSpecification","valueRequired":true,"valueName":"search_term_string"}}],"inLanguage":"es"},{"@type":"Organization","@id":"https:\/\/patagoniambiental.com.ar\/info\/#organization","name":"Patagonia Ambiental","url":"https:\/\/patagoniambiental.com.ar\/info\/","logo":{"@type":"ImageObject","inLanguage":"es","@id":"https:\/\/patagoniambiental.com.ar\/info\/#\/schema\/logo\/image\/","url":"https:\/\/patagoniambiental.com.ar\/info\/wp-content\/uploads\/2025\/05\/LOGO-PATAGONIA-AMBIENTAL.png","contentUrl":"https:\/\/patagoniambiental.com.ar\/info\/wp-content\/uploads\/2025\/05\/LOGO-PATAGONIA-AMBIENTAL.png","width":433,"height":250,"caption":"Patagonia Ambiental"},"image":{"@id":"https:\/\/patagoniambiental.com.ar\/info\/#\/schema\/logo\/image\/"},"sameAs":["https:\/\/www.facebook.com\/patagonia.ambiental","https:\/\/x.com\/PatAmb"]},{"@type":"Person","@id":"https:\/\/patagoniambiental.com.ar\/info\/#\/schema\/person\/db12bff64bbcbf6a253710bf0ea37b5d","name":"Patagonia Ambiental","description":"Andr\u00e9s Nievas T\u00e9cnico en manejo ambiental, consultor Ambiental y escritor para medios locales e internacionales sobre temas de geopolitica y medio ambiente.","sameAs":["http:\/\/www.patagoniambiental.com.ar","https:\/\/www.facebook.com\/share\/1C1V8Gv9BX\/?mibextid=qi2Omg","@patagoniambiental","https:\/\/youtube.com\/@patagoniaambiental2023?si=BLt58t0wuXquxlYZ"]}]}},"_links":{"self":[{"href":"https:\/\/patagoniambiental.com.ar\/info\/wp-json\/wp\/v2\/posts\/35418","targetHints":{"allow":["GET"]}}],"collection":[{"href":"https:\/\/patagoniambiental.com.ar\/info\/wp-json\/wp\/v2\/posts"}],"about":[{"href":"https:\/\/patagoniambiental.com.ar\/info\/wp-json\/wp\/v2\/types\/post"}],"author":[{"embeddable":true,"href":"https:\/\/patagoniambiental.com.ar\/info\/wp-json\/wp\/v2\/users\/2"}],"replies":[{"embeddable":true,"href":"https:\/\/patagoniambiental.com.ar\/info\/wp-json\/wp\/v2\/comments?post=35418"}],"version-history":[{"count":0,"href":"https:\/\/patagoniambiental.com.ar\/info\/wp-json\/wp\/v2\/posts\/35418\/revisions"}],"wp:featuredmedia":[{"embeddable":true,"href":"https:\/\/patagoniambiental.com.ar\/info\/wp-json\/wp\/v2\/media\/35419"}],"wp:attachment":[{"href":"https:\/\/patagoniambiental.com.ar\/info\/wp-json\/wp\/v2\/media?parent=35418"}],"wp:term":[{"taxonomy":"category","embeddable":true,"href":"https:\/\/patagoniambiental.com.ar\/info\/wp-json\/wp\/v2\/categories?post=35418"},{"taxonomy":"post_tag","embeddable":true,"href":"https:\/\/patagoniambiental.com.ar\/info\/wp-json\/wp\/v2\/tags?post=35418"}],"curies":[{"name":"wp","href":"https:\/\/api.w.org\/{rel}","templated":true}]}}