{"id":35442,"date":"2017-09-26T09:00:56","date_gmt":"2017-09-26T12:00:56","guid":{"rendered":"http:\/\/patagoniambiental.com.ar\/info\/?p=35442"},"modified":"2017-09-25T20:46:10","modified_gmt":"2017-09-25T23:46:10","slug":"esta-habiendo-en-2017-mas-desastres-naturales-que-en-otros-anos","status":"publish","type":"post","link":"https:\/\/patagoniambiental.com.ar\/info\/esta-habiendo-en-2017-mas-desastres-naturales-que-en-otros-anos\/","title":{"rendered":"\u00bfEst\u00e1 habiendo en 2017 m\u00e1s desastres naturales que en otros a\u00f1os?"},"content":{"rendered":"<p class=\"story-body__introduction\">Las islas del Caribe apenas comenzaban a recuperarse de los estragos provocados por el hurac\u00e1n Irram, que dej\u00f3 cerca de 60 muertos, cuanto fue golpeado por los vientos de hasta 260 km\/h del hurac\u00e1n Mar\u00eda.<\/p>\n<p>M\u00e9xico fue sacudido por un terremoto de 7,1 de magnitud que caus\u00f3 al menos 273 muertes, apenas 12 d\u00edas despu\u00e9s de sentir el mayor sismo en un siglo, de 8,2, que mat\u00f3 cerca de 100 personas en el sur del pa\u00eds.<\/p>\n<p>Entretanto, en el sur de Asia, inundaciones provocadas por las lluvias monzones dejaron mil personas muertas en Bangladesh, India y Nepal.<\/p>\n<p>\u00bfEs una impresi\u00f3n o ser\u00e1 que los desastres naturales de 2017 han sido m\u00e1s frecuentes e intensos?<\/p>\n<p>En el caso de los huracanes, la respuesta es s\u00ed.\u00a0<strong>La cantidad e intensidad de tormentas de grandes dimensiones registradas este a\u00f1o est\u00e1 por encima del promedio anual<\/strong>.<\/p>\n<p>La causa principal del aumento de potencia de esos fen\u00f3menos es el calentamiento global, seg\u00fan los especialistas consultados por la BBC.<\/p>\n<h2 class=\"story-body__crosshead\">Arriba del promedio<\/h2>\n<figure class=\"media-landscape has-caption full-width\"><span class=\"image-and-copyright-container\"><img fetchpriority=\"high\" decoding=\"async\" class=\"responsive-image__img js-image-replace\" src=\"https:\/\/ichef.bbci.co.uk\/news\/624\/cpsprodpb\/48AD\/production\/_97950681_bfb9fc2f-dae9-446d-8241-742975b0b601.jpg\" alt=\"Hurac\u00e1n afecta San Juan, capital de Puerto Rico\" width=\"976\" height=\"549\" \/><span class=\"off-screen\">Derechos de autor de la imagen<\/span><span class=\"story-image-copyright\">AFP<\/span><\/span><figcaption class=\"media-caption\"><span class=\"off-screen\">Image caption<\/span><span class=\"media-caption__text\">El hurac\u00e1n Mar\u00eda golpe\u00f3 el Caribe poco tiempo despu\u00e9s de Irma.<\/span><\/figcaption><\/figure>\n<p>Shuai Wang, investigador de la Facultad de Ciencias Naturales de Imperial College, en Londres, explic\u00f3 que el promedio de huracanes en el Atl\u00e1ntico es de 6,2, de acuerdo al registro hist\u00f3rico realizado entre 1968 y 2016 por la Administraci\u00f3n Atmosf\u00e9rica y Oce\u00e1nica de Estados Unidos (NOAA).<\/p>\n<p>En 2017, antes de la finalizaci\u00f3n de la temporada de tormentas tropicales en el Atl\u00e1ntico, ya se han registrado siete huracanes, cuatro de estos de grandes proporciones -clasificados en categor\u00edas superiores a 3 en la escala Saffir-Simpson, que establece la medida seg\u00fan la intensidad de los vientos y su potencial destructivo.<\/p>\n<p>\u00abA\u00fan es temprano para saber cu\u00e1ntos huracanes tendremos en 2017. Sin embargo,<strong>\u00a0podemos decir que hemos tenido tempestades m\u00e1s intensas superiores al promedio hist\u00f3rico<\/strong>\u00ab, afirm\u00f3 Wang.<\/p>\n<p>En agosto, el hurac\u00e1n Harvey provoc\u00f3 estragos en los estados de Texas y Luisiana, dejando por lo menos 47 personas muertas. Poco despu\u00e9s, entre el 6 y 7 de septiembre, el hurac\u00e1n Irma arras\u00f3 a varias ciudades en el Caribe y en el sur de Florida, con m\u00e1s de 60 vidas perdidas.<\/p>\n<figure class=\"media-landscape has-caption full-width\"><span class=\"image-and-copyright-container\"><img decoding=\"async\" class=\"responsive-image__img js-image-replace\" src=\"https:\/\/ichef.bbci.co.uk\/news\/624\/cpsprodpb\/1129C\/production\/_97700307_stormsurge.jpg\" alt=\"Puerto Rico despu\u00e9s del hurac\u00e1n Irma\" width=\"976\" height=\"549\" \/><span class=\"off-screen\">Derechos de autor de la imagen<\/span><span class=\"story-image-copyright\">GETTY IMAGES<\/span><\/span><figcaption class=\"media-caption\"><span class=\"off-screen\">Image caption<\/span><span class=\"media-caption__text\">La misma regi\u00f3n afectada por Irma fue la ruta que tom\u00f3 el hurac\u00e1n Mar\u00eda.<\/span><\/figcaption><\/figure>\n<p>En una infeliz coincidencia, la regi\u00f3n que fue afectada por Irma result\u00f3 ser la misma ruta que tom\u00f3 el hurac\u00e1n Mar\u00eda. Los vientos de hasta 260 km\/h destecharon casi todas las casas en la isla Dominica -hasta el primer ministro del pa\u00eds tuvo que ser rescatado de su residencia oficial.<\/p>\n<p>Ese mismo hurac\u00e1n tambi\u00e9n arras\u00f3 con Puerto Rico y pas\u00f3 por las Islas V\u00edrgenes de EE.UU. Americanas.<\/p>\n<h2 class=\"story-body__crosshead\">Altas temperaturas<\/h2>\n<p>El meteor\u00f3logo Bob Hensen, de Weather Underground, un servicio estadounidense de pron\u00f3stico del tiempo, indic\u00f3 que\u00a0<strong>las altas temperaturas del oc\u00e9ano alcanzadas este a\u00f1o pueden haber contribuido a la fuerzas de los ciclones<\/strong>.<\/p>\n<p>\u00abAntes del final de este a\u00f1o, ya alcanzamos m\u00e1s tormentas que el promedio anual del anterior\u00bb, expres\u00f3.<\/p>\n<p>Seg\u00fan Hensen,<strong>\u00a0el cambio clim\u00e1tico a provocado el aumento en la intensidad de huracanes en las \u00faltimas tres d\u00e9cadas<\/strong>. 2005 fue el a\u00f1o de m\u00e1s huracanes -15 en total, incluyendo Katrina, que dej\u00f3 por lo menos 1.800 muertos en Estados Unidos.<\/p>\n<figure class=\"media-landscape has-caption full-width\"><span class=\"image-and-copyright-container\"><img decoding=\"async\" class=\"responsive-image__img js-image-replace\" src=\"https:\/\/ichef-1.bbci.co.uk\/news\/624\/cpsprodpb\/17D45\/production\/_97950679_01207a47-1737-4961-b524-16cbd66d1711.jpg\" alt=\"Casa destruida por el hurac\u00e1n Irma\" width=\"976\" height=\"549\" \/><span class=\"off-screen\">Derechos de autor de la imagen<\/span><span class=\"story-image-copyright\">AFP<\/span><\/span><figcaption class=\"media-caption\"><span class=\"off-screen\">Image caption<\/span><span class=\"media-caption__text\">Irma dej\u00f3 un rastro de destrucci\u00f3n en el territorio caribe\u00f1o de San Bartolomeo.<\/span><\/figcaption><\/figure>\n<p>\u00abPodemos estar teniendo huracanes m\u00e1s poderosos asociados con el fen\u00f3meno del calentamiento global. La temperatura del agua afecta la intensidad de la tormenta, aunque no haya evidencia de que influya en la cantidad\u00bb, coment\u00f3.<\/p>\n<p>La opini\u00f3n de que el calentamiento global juega un papel relevante en la intensidad de los huracanes es compartida por el investigador Shuai Wang, que prev\u00e9\u00a0<strong>tempestades cada vez m\u00e1s fuertes si no se llegan a tomar medidas para revertir el aumento de la temperatura en los oc\u00e9anos<\/strong>.<\/p>\n<figure class=\"media-landscape has-caption full-width\"><span class=\"image-and-copyright-container\"><img loading=\"lazy\" decoding=\"async\" class=\"responsive-image__img js-image-replace\" src=\"https:\/\/ichef-1.bbci.co.uk\/news\/624\/cpsprodpb\/15635\/production\/_97950678_e887982f-342e-4b0d-a612-690c14f61cdd.jpg\" alt=\"Edificio colapsado en la Ciudad de M\u00e9xico\" width=\"976\" height=\"549\" \/><span class=\"off-screen\">Derechos de autor de la imagen<\/span><span class=\"story-image-copyright\">REUTERS<\/span><\/span><figcaption class=\"media-caption\"><span class=\"off-screen\">Image caption<\/span><span class=\"media-caption__text\">Mas de 270 personas murieron como consecuencia del m\u00e1s reciente terremoto en M\u00e9xico.<\/span><\/figcaption><\/figure>\n<p>\u00abUn hurac\u00e1n es como un motor que necesita combustible. Lo l\u00f3gico es que, con el cambio clim\u00e1tico, el oc\u00e9ano se torna m\u00e1s caliente y genera m\u00e1s energ\u00eda para el cicl\u00f3n, el cual acaba causando m\u00e1s estragos cuando toca tierra\u00bb, explic\u00f3.<\/p>\n<p>Los expertos divergen sobre el efecto a largo plazo del calentamiento global. Yo pienso que, si la temperatura contin\u00faa aumentando, tendremos ciclones m\u00e1s intensos\u00bb, concluy\u00f3 Wang.<\/p>\n<p>Un raciocinio similar sirve para explicar los desastres causados por el exceso de lluvias, las llamadas monzones. Para Bob Hensen,\u00a0<strong>la intensidad puede haber aumentado a causa del calor solar<\/strong>.<\/p>\n<p>\u00abLas temperaturas m\u00e1s altas favorecen la evaporaci\u00f3n de agua. Un ambiente h\u00famedo de la atm\u00f3sfera conduce a lluvias m\u00e1s fuertes\u00bb.<\/p>\n<figure class=\"media-landscape has-caption full-width\"><span class=\"image-and-copyright-container\"><img loading=\"lazy\" decoding=\"async\" class=\"responsive-image__img js-image-replace\" src=\"https:\/\/ichef.bbci.co.uk\/news\/624\/cpsprodpb\/ADBA\/production\/_97947444_6259aba7-7b4b-426b-b0f4-bf3f7e5a428a.jpg\" alt=\"B\u00fasqueda de sobrevivientes con perro rastreador entre los escombros de la Ciudad de M\u00e9xico\" width=\"976\" height=\"549\" \/><span class=\"off-screen\">Derechos de autor de la imagen<\/span><span class=\"story-image-copyright\">AFP<\/span><\/span><figcaption class=\"media-caption\"><span class=\"off-screen\">Image caption<\/span><span class=\"media-caption__text\">El terremoto result\u00f3 en el desplome de varios edificios en la Ciudad de M\u00e9xico.<\/span><\/figcaption><\/figure>\n<h2 class=\"story-body__crosshead\">Terremotos<\/h2>\n<p>En cuanto a los terremotos, como el que sacudi\u00f3 a M\u00e9xico el martes, las cifras no destacan un aumento a lo largo de los a\u00f1os y la intensidad est\u00e1 dentro del promedio hist\u00f3rico.<\/p>\n<p>De acuerdo al British Geological Survey, el centro brit\u00e1nico de geociencia,\u00a0<strong>todo los a\u00f1os ocurren un promedio de 15 terremotos de magnitud superior a 7<\/strong>, considerados como de grande proporci\u00f3n.<\/p>\n<p>Hasta el momento, seis terremotos superiores a magnitud 7 han sido registrados, seg\u00fan los datos actualizados de la organizaci\u00f3n no gubernamental World Earthquakes, que categoriza los movimientos s\u00edsmicos en todo el mundo.<\/p>\n<p>En 2016, se registraron 17 terremotos con magnitud superior a 7.<\/p>\n<p>&nbsp;<\/p>\n<p>Fuente:\u00a0http:\/\/www.bbc.com\/mundo\/noticias-41361061<\/p>\n","protected":false},"excerpt":{"rendered":"<p>Las islas del Caribe apenas comenzaban a recuperarse de los estragos provocados por el hurac\u00e1n Irram, que dej\u00f3 cerca de [&hellip;]<\/p>\n","protected":false},"author":2,"featured_media":35443,"comment_status":"open","ping_status":"open","sticky":false,"template":"","format":"standard","meta":{"site-sidebar-layout":"default","site-content-layout":"","ast-site-content-layout":"default","site-content-style":"default","site-sidebar-style":"default","ast-global-header-display":"","ast-banner-title-visibility":"","ast-main-header-display":"","ast-hfb-above-header-display":"","ast-hfb-below-header-display":"","ast-hfb-mobile-header-display":"","site-post-title":"","ast-breadcrumbs-content":"","ast-featured-img":"","footer-sml-layout":"","ast-disable-related-posts":"","theme-transparent-header-meta":"","adv-header-id-meta":"","stick-header-meta":"","header-above-stick-meta":"","header-main-stick-meta":"","header-below-stick-meta":"","astra-migrate-meta-layouts":"default","ast-page-background-enabled":"default","ast-page-background-meta":{"desktop":{"background-color":"var(--ast-global-color-5)","background-image":"","background-repeat":"repeat","background-position":"center center","background-size":"auto","background-attachment":"scroll","background-type":"","background-media":"","overlay-type":"","overlay-color":"","overlay-opacity":"","overlay-gradient":""},"tablet":{"background-color":"","background-image":"","background-repeat":"repeat","background-position":"center center","background-size":"auto","background-attachment":"scroll","background-type":"","background-media":"","overlay-type":"","overlay-color":"","overlay-opacity":"","overlay-gradient":""},"mobile":{"background-color":"","background-image":"","background-repeat":"repeat","background-position":"center center","background-size":"auto","background-attachment":"scroll","background-type":"","background-media":"","overlay-type":"","overlay-color":"","overlay-opacity":"","overlay-gradient":""}},"ast-content-background-meta":{"desktop":{"background-color":"var(--ast-global-color-4)","background-image":"","background-repeat":"repeat","background-position":"center center","background-size":"auto","background-attachment":"scroll","background-type":"","background-media":"","overlay-type":"","overlay-color":"","overlay-opacity":"","overlay-gradient":""},"tablet":{"background-color":"var(--ast-global-color-4)","background-image":"","background-repeat":"repeat","background-position":"center center","background-size":"auto","background-attachment":"scroll","background-type":"","background-media":"","overlay-type":"","overlay-color":"","overlay-opacity":"","overlay-gradient":""},"mobile":{"background-color":"var(--ast-global-color-4)","background-image":"","background-repeat":"repeat","background-position":"center center","background-size":"auto","background-attachment":"scroll","background-type":"","background-media":"","overlay-type":"","overlay-color":"","overlay-opacity":"","overlay-gradient":""}},"footnotes":""},"categories":[1,10],"tags":[],"class_list":["post-35442","post","type-post","status-publish","format-standard","has-post-thumbnail","hentry","category-noticias","category-rotador"],"yoast_head":"<!-- This site is optimized with the Yoast SEO Premium plugin v23.0 (Yoast SEO v27.5) - https:\/\/yoast.com\/product\/yoast-seo-premium-wordpress\/ -->\n<title>\u00bfEst\u00e1 habiendo en 2017 m\u00e1s desastres naturales que en otros a\u00f1os?<\/title>\n<meta name=\"robots\" content=\"index, follow, max-snippet:-1, max-image-preview:large, max-video-preview:-1\" \/>\n<link rel=\"canonical\" href=\"https:\/\/patagoniambiental.com.ar\/info\/esta-habiendo-en-2017-mas-desastres-naturales-que-en-otros-anos\/\" \/>\n<meta property=\"og:locale\" content=\"es_ES\" \/>\n<meta property=\"og:type\" content=\"article\" \/>\n<meta property=\"og:title\" content=\"\u00bfEst\u00e1 habiendo en 2017 m\u00e1s desastres naturales que en otros a\u00f1os?\" \/>\n<meta property=\"og:description\" content=\"Las islas del Caribe apenas comenzaban a recuperarse de los estragos provocados por el hurac\u00e1n Irram, que dej\u00f3 cerca de [&hellip;]\" \/>\n<meta property=\"og:url\" content=\"https:\/\/patagoniambiental.com.ar\/info\/esta-habiendo-en-2017-mas-desastres-naturales-que-en-otros-anos\/\" \/>\n<meta property=\"og:site_name\" content=\"Patagonia Ambiental\" \/>\n<meta property=\"article:publisher\" content=\"https:\/\/www.facebook.com\/patagonia.ambiental\" \/>\n<meta property=\"article:author\" content=\"https:\/\/www.facebook.com\/share\/1C1V8Gv9BX\/?mibextid=qi2Omg\" \/>\n<meta property=\"article:published_time\" content=\"2017-09-26T12:00:56+00:00\" \/>\n<meta property=\"og:image\" content=\"https:\/\/patagoniambiental.com.ar\/info\/wp-content\/uploads\/2017\/09\/huracanes.jpg\" \/>\n\t<meta property=\"og:image:width\" content=\"660\" \/>\n\t<meta property=\"og:image:height\" content=\"371\" \/>\n\t<meta property=\"og:image:type\" content=\"image\/jpeg\" \/>\n<meta name=\"author\" content=\"Patagonia Ambiental\" \/>\n<meta name=\"twitter:card\" content=\"summary_large_image\" \/>\n<meta name=\"twitter:creator\" content=\"@PatAmb\" \/>\n<meta name=\"twitter:site\" content=\"@PatAmb\" \/>\n<script type=\"application\/ld+json\" class=\"yoast-schema-graph\">{\"@context\":\"https:\\\/\\\/schema.org\",\"@graph\":[{\"@type\":\"Article\",\"@id\":\"https:\\\/\\\/patagoniambiental.com.ar\\\/info\\\/esta-habiendo-en-2017-mas-desastres-naturales-que-en-otros-anos\\\/#article\",\"isPartOf\":{\"@id\":\"https:\\\/\\\/patagoniambiental.com.ar\\\/info\\\/esta-habiendo-en-2017-mas-desastres-naturales-que-en-otros-anos\\\/\"},\"author\":{\"name\":\"Patagonia Ambiental\",\"@id\":\"https:\\\/\\\/patagoniambiental.com.ar\\\/info\\\/#\\\/schema\\\/person\\\/db12bff64bbcbf6a253710bf0ea37b5d\"},\"headline\":\"\u00bfEst\u00e1 habiendo en 2017 m\u00e1s desastres naturales que en otros a\u00f1os?\",\"datePublished\":\"2017-09-26T12:00:56+00:00\",\"mainEntityOfPage\":{\"@id\":\"https:\\\/\\\/patagoniambiental.com.ar\\\/info\\\/esta-habiendo-en-2017-mas-desastres-naturales-que-en-otros-anos\\\/\"},\"wordCount\":1000,\"commentCount\":0,\"publisher\":{\"@id\":\"https:\\\/\\\/patagoniambiental.com.ar\\\/info\\\/#organization\"},\"image\":{\"@id\":\"https:\\\/\\\/patagoniambiental.com.ar\\\/info\\\/esta-habiendo-en-2017-mas-desastres-naturales-que-en-otros-anos\\\/#primaryimage\"},\"thumbnailUrl\":\"https:\\\/\\\/patagoniambiental.com.ar\\\/info\\\/wp-content\\\/uploads\\\/2017\\\/09\\\/huracanes.jpg\",\"articleSection\":[\"Noticias\",\"Rotador\"],\"inLanguage\":\"es\",\"potentialAction\":[{\"@type\":\"CommentAction\",\"name\":\"Comment\",\"target\":[\"https:\\\/\\\/patagoniambiental.com.ar\\\/info\\\/esta-habiendo-en-2017-mas-desastres-naturales-que-en-otros-anos\\\/#respond\"]}]},{\"@type\":\"WebPage\",\"@id\":\"https:\\\/\\\/patagoniambiental.com.ar\\\/info\\\/esta-habiendo-en-2017-mas-desastres-naturales-que-en-otros-anos\\\/\",\"url\":\"https:\\\/\\\/patagoniambiental.com.ar\\\/info\\\/esta-habiendo-en-2017-mas-desastres-naturales-que-en-otros-anos\\\/\",\"name\":\"\u00bfEst\u00e1 habiendo en 2017 m\u00e1s desastres naturales que en otros a\u00f1os?\",\"isPartOf\":{\"@id\":\"https:\\\/\\\/patagoniambiental.com.ar\\\/info\\\/#website\"},\"primaryImageOfPage\":{\"@id\":\"https:\\\/\\\/patagoniambiental.com.ar\\\/info\\\/esta-habiendo-en-2017-mas-desastres-naturales-que-en-otros-anos\\\/#primaryimage\"},\"image\":{\"@id\":\"https:\\\/\\\/patagoniambiental.com.ar\\\/info\\\/esta-habiendo-en-2017-mas-desastres-naturales-que-en-otros-anos\\\/#primaryimage\"},\"thumbnailUrl\":\"https:\\\/\\\/patagoniambiental.com.ar\\\/info\\\/wp-content\\\/uploads\\\/2017\\\/09\\\/huracanes.jpg\",\"datePublished\":\"2017-09-26T12:00:56+00:00\",\"breadcrumb\":{\"@id\":\"https:\\\/\\\/patagoniambiental.com.ar\\\/info\\\/esta-habiendo-en-2017-mas-desastres-naturales-que-en-otros-anos\\\/#breadcrumb\"},\"inLanguage\":\"es\",\"potentialAction\":[{\"@type\":\"ReadAction\",\"target\":[\"https:\\\/\\\/patagoniambiental.com.ar\\\/info\\\/esta-habiendo-en-2017-mas-desastres-naturales-que-en-otros-anos\\\/\"]}]},{\"@type\":\"ImageObject\",\"inLanguage\":\"es\",\"@id\":\"https:\\\/\\\/patagoniambiental.com.ar\\\/info\\\/esta-habiendo-en-2017-mas-desastres-naturales-que-en-otros-anos\\\/#primaryimage\",\"url\":\"https:\\\/\\\/patagoniambiental.com.ar\\\/info\\\/wp-content\\\/uploads\\\/2017\\\/09\\\/huracanes.jpg\",\"contentUrl\":\"https:\\\/\\\/patagoniambiental.com.ar\\\/info\\\/wp-content\\\/uploads\\\/2017\\\/09\\\/huracanes.jpg\",\"width\":660,\"height\":371},{\"@type\":\"BreadcrumbList\",\"@id\":\"https:\\\/\\\/patagoniambiental.com.ar\\\/info\\\/esta-habiendo-en-2017-mas-desastres-naturales-que-en-otros-anos\\\/#breadcrumb\",\"itemListElement\":[{\"@type\":\"ListItem\",\"position\":1,\"name\":\"Inicio\",\"item\":\"https:\\\/\\\/patagoniambiental.com.ar\\\/info\\\/\"},{\"@type\":\"ListItem\",\"position\":2,\"name\":\"\u00bfEst\u00e1 habiendo en 2017 m\u00e1s desastres naturales que en otros a\u00f1os?\"}]},{\"@type\":\"WebSite\",\"@id\":\"https:\\\/\\\/patagoniambiental.com.ar\\\/info\\\/#website\",\"url\":\"https:\\\/\\\/patagoniambiental.com.ar\\\/info\\\/\",\"name\":\"Patagonia Ambiental\",\"description\":\"Monitoreo y an\u00e1lisis de la situaci\u00f3n geopol\u00edtica en el mundo y su implicancia en la Patagonia\",\"publisher\":{\"@id\":\"https:\\\/\\\/patagoniambiental.com.ar\\\/info\\\/#organization\"},\"potentialAction\":[{\"@type\":\"SearchAction\",\"target\":{\"@type\":\"EntryPoint\",\"urlTemplate\":\"https:\\\/\\\/patagoniambiental.com.ar\\\/info\\\/?s={search_term_string}\"},\"query-input\":{\"@type\":\"PropertyValueSpecification\",\"valueRequired\":true,\"valueName\":\"search_term_string\"}}],\"inLanguage\":\"es\"},{\"@type\":\"Organization\",\"@id\":\"https:\\\/\\\/patagoniambiental.com.ar\\\/info\\\/#organization\",\"name\":\"Patagonia Ambiental\",\"url\":\"https:\\\/\\\/patagoniambiental.com.ar\\\/info\\\/\",\"logo\":{\"@type\":\"ImageObject\",\"inLanguage\":\"es\",\"@id\":\"https:\\\/\\\/patagoniambiental.com.ar\\\/info\\\/#\\\/schema\\\/logo\\\/image\\\/\",\"url\":\"https:\\\/\\\/patagoniambiental.com.ar\\\/info\\\/wp-content\\\/uploads\\\/2025\\\/05\\\/LOGO-PATAGONIA-AMBIENTAL.png\",\"contentUrl\":\"https:\\\/\\\/patagoniambiental.com.ar\\\/info\\\/wp-content\\\/uploads\\\/2025\\\/05\\\/LOGO-PATAGONIA-AMBIENTAL.png\",\"width\":433,\"height\":250,\"caption\":\"Patagonia Ambiental\"},\"image\":{\"@id\":\"https:\\\/\\\/patagoniambiental.com.ar\\\/info\\\/#\\\/schema\\\/logo\\\/image\\\/\"},\"sameAs\":[\"https:\\\/\\\/www.facebook.com\\\/patagonia.ambiental\",\"https:\\\/\\\/x.com\\\/PatAmb\"]},{\"@type\":\"Person\",\"@id\":\"https:\\\/\\\/patagoniambiental.com.ar\\\/info\\\/#\\\/schema\\\/person\\\/db12bff64bbcbf6a253710bf0ea37b5d\",\"name\":\"Patagonia Ambiental\",\"description\":\"Andr\u00e9s Nievas T\u00e9cnico en manejo ambiental, consultor Ambiental y escritor para medios locales e internacionales sobre temas de geopolitica y medio ambiente.\",\"sameAs\":[\"http:\\\/\\\/www.patagoniambiental.com.ar\",\"https:\\\/\\\/www.facebook.com\\\/share\\\/1C1V8Gv9BX\\\/?mibextid=qi2Omg\",\"@patagoniambiental\",\"https:\\\/\\\/youtube.com\\\/@patagoniaambiental2023?si=BLt58t0wuXquxlYZ\"]}]}<\/script>\n<!-- \/ Yoast SEO Premium plugin. -->","yoast_head_json":{"title":"\u00bfEst\u00e1 habiendo en 2017 m\u00e1s desastres naturales que en otros a\u00f1os?","robots":{"index":"index","follow":"follow","max-snippet":"max-snippet:-1","max-image-preview":"max-image-preview:large","max-video-preview":"max-video-preview:-1"},"canonical":"https:\/\/patagoniambiental.com.ar\/info\/esta-habiendo-en-2017-mas-desastres-naturales-que-en-otros-anos\/","og_locale":"es_ES","og_type":"article","og_title":"\u00bfEst\u00e1 habiendo en 2017 m\u00e1s desastres naturales que en otros a\u00f1os?","og_description":"Las islas del Caribe apenas comenzaban a recuperarse de los estragos provocados por el hurac\u00e1n Irram, que dej\u00f3 cerca de [&hellip;]","og_url":"https:\/\/patagoniambiental.com.ar\/info\/esta-habiendo-en-2017-mas-desastres-naturales-que-en-otros-anos\/","og_site_name":"Patagonia Ambiental","article_publisher":"https:\/\/www.facebook.com\/patagonia.ambiental","article_author":"https:\/\/www.facebook.com\/share\/1C1V8Gv9BX\/?mibextid=qi2Omg","article_published_time":"2017-09-26T12:00:56+00:00","og_image":[{"width":660,"height":371,"url":"https:\/\/patagoniambiental.com.ar\/info\/wp-content\/uploads\/2017\/09\/huracanes.jpg","type":"image\/jpeg"}],"author":"Patagonia Ambiental","twitter_card":"summary_large_image","twitter_creator":"@PatAmb","twitter_site":"@PatAmb","schema":{"@context":"https:\/\/schema.org","@graph":[{"@type":"Article","@id":"https:\/\/patagoniambiental.com.ar\/info\/esta-habiendo-en-2017-mas-desastres-naturales-que-en-otros-anos\/#article","isPartOf":{"@id":"https:\/\/patagoniambiental.com.ar\/info\/esta-habiendo-en-2017-mas-desastres-naturales-que-en-otros-anos\/"},"author":{"name":"Patagonia Ambiental","@id":"https:\/\/patagoniambiental.com.ar\/info\/#\/schema\/person\/db12bff64bbcbf6a253710bf0ea37b5d"},"headline":"\u00bfEst\u00e1 habiendo en 2017 m\u00e1s desastres naturales que en otros a\u00f1os?","datePublished":"2017-09-26T12:00:56+00:00","mainEntityOfPage":{"@id":"https:\/\/patagoniambiental.com.ar\/info\/esta-habiendo-en-2017-mas-desastres-naturales-que-en-otros-anos\/"},"wordCount":1000,"commentCount":0,"publisher":{"@id":"https:\/\/patagoniambiental.com.ar\/info\/#organization"},"image":{"@id":"https:\/\/patagoniambiental.com.ar\/info\/esta-habiendo-en-2017-mas-desastres-naturales-que-en-otros-anos\/#primaryimage"},"thumbnailUrl":"https:\/\/patagoniambiental.com.ar\/info\/wp-content\/uploads\/2017\/09\/huracanes.jpg","articleSection":["Noticias","Rotador"],"inLanguage":"es","potentialAction":[{"@type":"CommentAction","name":"Comment","target":["https:\/\/patagoniambiental.com.ar\/info\/esta-habiendo-en-2017-mas-desastres-naturales-que-en-otros-anos\/#respond"]}]},{"@type":"WebPage","@id":"https:\/\/patagoniambiental.com.ar\/info\/esta-habiendo-en-2017-mas-desastres-naturales-que-en-otros-anos\/","url":"https:\/\/patagoniambiental.com.ar\/info\/esta-habiendo-en-2017-mas-desastres-naturales-que-en-otros-anos\/","name":"\u00bfEst\u00e1 habiendo en 2017 m\u00e1s desastres naturales que en otros a\u00f1os?","isPartOf":{"@id":"https:\/\/patagoniambiental.com.ar\/info\/#website"},"primaryImageOfPage":{"@id":"https:\/\/patagoniambiental.com.ar\/info\/esta-habiendo-en-2017-mas-desastres-naturales-que-en-otros-anos\/#primaryimage"},"image":{"@id":"https:\/\/patagoniambiental.com.ar\/info\/esta-habiendo-en-2017-mas-desastres-naturales-que-en-otros-anos\/#primaryimage"},"thumbnailUrl":"https:\/\/patagoniambiental.com.ar\/info\/wp-content\/uploads\/2017\/09\/huracanes.jpg","datePublished":"2017-09-26T12:00:56+00:00","breadcrumb":{"@id":"https:\/\/patagoniambiental.com.ar\/info\/esta-habiendo-en-2017-mas-desastres-naturales-que-en-otros-anos\/#breadcrumb"},"inLanguage":"es","potentialAction":[{"@type":"ReadAction","target":["https:\/\/patagoniambiental.com.ar\/info\/esta-habiendo-en-2017-mas-desastres-naturales-que-en-otros-anos\/"]}]},{"@type":"ImageObject","inLanguage":"es","@id":"https:\/\/patagoniambiental.com.ar\/info\/esta-habiendo-en-2017-mas-desastres-naturales-que-en-otros-anos\/#primaryimage","url":"https:\/\/patagoniambiental.com.ar\/info\/wp-content\/uploads\/2017\/09\/huracanes.jpg","contentUrl":"https:\/\/patagoniambiental.com.ar\/info\/wp-content\/uploads\/2017\/09\/huracanes.jpg","width":660,"height":371},{"@type":"BreadcrumbList","@id":"https:\/\/patagoniambiental.com.ar\/info\/esta-habiendo-en-2017-mas-desastres-naturales-que-en-otros-anos\/#breadcrumb","itemListElement":[{"@type":"ListItem","position":1,"name":"Inicio","item":"https:\/\/patagoniambiental.com.ar\/info\/"},{"@type":"ListItem","position":2,"name":"\u00bfEst\u00e1 habiendo en 2017 m\u00e1s desastres naturales que en otros a\u00f1os?"}]},{"@type":"WebSite","@id":"https:\/\/patagoniambiental.com.ar\/info\/#website","url":"https:\/\/patagoniambiental.com.ar\/info\/","name":"Patagonia Ambiental","description":"Monitoreo y an\u00e1lisis de la situaci\u00f3n geopol\u00edtica en el mundo y su implicancia en la Patagonia","publisher":{"@id":"https:\/\/patagoniambiental.com.ar\/info\/#organization"},"potentialAction":[{"@type":"SearchAction","target":{"@type":"EntryPoint","urlTemplate":"https:\/\/patagoniambiental.com.ar\/info\/?s={search_term_string}"},"query-input":{"@type":"PropertyValueSpecification","valueRequired":true,"valueName":"search_term_string"}}],"inLanguage":"es"},{"@type":"Organization","@id":"https:\/\/patagoniambiental.com.ar\/info\/#organization","name":"Patagonia Ambiental","url":"https:\/\/patagoniambiental.com.ar\/info\/","logo":{"@type":"ImageObject","inLanguage":"es","@id":"https:\/\/patagoniambiental.com.ar\/info\/#\/schema\/logo\/image\/","url":"https:\/\/patagoniambiental.com.ar\/info\/wp-content\/uploads\/2025\/05\/LOGO-PATAGONIA-AMBIENTAL.png","contentUrl":"https:\/\/patagoniambiental.com.ar\/info\/wp-content\/uploads\/2025\/05\/LOGO-PATAGONIA-AMBIENTAL.png","width":433,"height":250,"caption":"Patagonia Ambiental"},"image":{"@id":"https:\/\/patagoniambiental.com.ar\/info\/#\/schema\/logo\/image\/"},"sameAs":["https:\/\/www.facebook.com\/patagonia.ambiental","https:\/\/x.com\/PatAmb"]},{"@type":"Person","@id":"https:\/\/patagoniambiental.com.ar\/info\/#\/schema\/person\/db12bff64bbcbf6a253710bf0ea37b5d","name":"Patagonia Ambiental","description":"Andr\u00e9s Nievas T\u00e9cnico en manejo ambiental, consultor Ambiental y escritor para medios locales e internacionales sobre temas de geopolitica y medio ambiente.","sameAs":["http:\/\/www.patagoniambiental.com.ar","https:\/\/www.facebook.com\/share\/1C1V8Gv9BX\/?mibextid=qi2Omg","@patagoniambiental","https:\/\/youtube.com\/@patagoniaambiental2023?si=BLt58t0wuXquxlYZ"]}]}},"_links":{"self":[{"href":"https:\/\/patagoniambiental.com.ar\/info\/wp-json\/wp\/v2\/posts\/35442","targetHints":{"allow":["GET"]}}],"collection":[{"href":"https:\/\/patagoniambiental.com.ar\/info\/wp-json\/wp\/v2\/posts"}],"about":[{"href":"https:\/\/patagoniambiental.com.ar\/info\/wp-json\/wp\/v2\/types\/post"}],"author":[{"embeddable":true,"href":"https:\/\/patagoniambiental.com.ar\/info\/wp-json\/wp\/v2\/users\/2"}],"replies":[{"embeddable":true,"href":"https:\/\/patagoniambiental.com.ar\/info\/wp-json\/wp\/v2\/comments?post=35442"}],"version-history":[{"count":0,"href":"https:\/\/patagoniambiental.com.ar\/info\/wp-json\/wp\/v2\/posts\/35442\/revisions"}],"wp:featuredmedia":[{"embeddable":true,"href":"https:\/\/patagoniambiental.com.ar\/info\/wp-json\/wp\/v2\/media\/35443"}],"wp:attachment":[{"href":"https:\/\/patagoniambiental.com.ar\/info\/wp-json\/wp\/v2\/media?parent=35442"}],"wp:term":[{"taxonomy":"category","embeddable":true,"href":"https:\/\/patagoniambiental.com.ar\/info\/wp-json\/wp\/v2\/categories?post=35442"},{"taxonomy":"post_tag","embeddable":true,"href":"https:\/\/patagoniambiental.com.ar\/info\/wp-json\/wp\/v2\/tags?post=35442"}],"curies":[{"name":"wp","href":"https:\/\/api.w.org\/{rel}","templated":true}]}}