{"id":35458,"date":"2017-09-26T09:00:43","date_gmt":"2017-09-26T12:00:43","guid":{"rendered":"http:\/\/patagoniambiental.com.ar\/info\/?p=35458"},"modified":"2017-09-25T20:57:17","modified_gmt":"2017-09-25T23:57:17","slug":"con-amplia-agenda-de-actividades-en-madryn-se-puso-en-marcha-la-semana-del-turismo","status":"publish","type":"post","link":"https:\/\/patagoniambiental.com.ar\/info\/con-amplia-agenda-de-actividades-en-madryn-se-puso-en-marcha-la-semana-del-turismo\/","title":{"rendered":"Con amplia agenda de actividades, en Madryn se puso en marcha la semana del Turismo"},"content":{"rendered":"<div>\n<div id=\"notapage_texto\" class=\"notapage_cuerpo\">\n<p>Bajo el lema de\u00a0<strong><em>\u201cEl turismo sostenible como instrumento de desarrollo\u201d,<\/em><\/strong>\u00a0el pr\u00f3ximo 27 de septiembre se conmemora el D\u00eda Internacional del Turismo y para celebrarlo, la Secretar\u00eda de Turismo de la Municipalidad de Puerto Madryn, en articulaci\u00f3n con otras \u00e1reas del municipio, organiz\u00f3 diversas actividades que comenzaron durante el fin de semana y se desarrollar\u00e1n hasta el 30 de septiembre.<\/p>\n<p>El \u00c1rea Natural Protegida El Doradillo, fue el escenario que dio comienzo a las propuestas. Con una excelente convocatoria de turistas y residentes, el s\u00e1bado desde las 9.30 se puso en marcha la Campa\u00f1a de Limpieza\u00a0<em><strong>\u201cMi playa, Mi basura\u201d,<\/strong><\/em>\u00a0que se llev\u00f3 a cabo en el marco de la Campa\u00f1a Internacional\u00a0<em><strong>\u201cA limpiar el Mundo\u201d.\u00a0<\/strong><\/em><img decoding=\"async\" src=\"https:\/\/attachment.outlook.live.net\/owa\/fmelchubut90.1@hotmail.com\/service.svc\/s\/GetAttachmentThumbnail?id=AQMkADAwATY3ZmYAZS1jYwBmZC1mZDNmLTAwAi0wMAoARgAAA7qGbo8SXZRCspAK69VEUW0HAM8bCN87TS1AhJRhxWFI1qwAAAIBDAAAAM8bCN87TS1AhJRhxWFI1qwAAb0OGyQAAAABEgAQACmHLUqNLOhFue4qQm6ilOY%3D&amp;thumbnailType=2&amp;X-OWA-CANARY=EYDfvyVV1ECz4y07u0mX_gCQv55FBNUYp4FYzEI8oJ0Bi6cx-pjN_5EVhf8_cXnha5lUTw2KI_M.&amp;token=eyJ0eXAiOiJKV1QiLCJhbGciOiJSUzI1NiIsIng1dCI6ImVuaDlCSnJWUFU1aWpWMXFqWmpWLWZMMmJjbyJ9.eyJ2ZXIiOiJFeGNoYW5nZS5DYWxsYmFjay5WMSIsImFwcGN0eHNlbmRlciI6Ik93YURvd25sb2FkQDg0ZGY5ZTdmLWU5ZjYtNDBhZi1iNDM1LWFhYWFhYWFhYWFhYSIsImFwcGN0eCI6IntcIm1zZXhjaHByb3RcIjpcIm93YVwiLFwicHJpbWFyeXNpZFwiOlwiUy0xLTI4MjctNDI1OTgyLTM0MzkxOTc1MDNcIixcInB1aWRcIjpcIjE4Mjk1ODIxOTc4ODIxNzVcIixcIm9pZFwiOlwiMDAwNjdmZmUtY2NmZC1mZDNmLTAwMDAtMDAwMDAwMDAwMDAwXCIsXCJzY29wZVwiOlwiT3dhRG93bmxvYWRcIn0iLCJpc3MiOiIwMDAwMDAwMi0wMDAwLTBmZjEtY2UwMC0wMDAwMDAwMDAwMDBAODRkZjllN2YtZTlmNi00MGFmLWI0MzUtYWFhYWFhYWFhYWFhIiwiYXVkIjoiMDAwMDAwMDItMDAwMC0wZmYxLWNlMDAtMDAwMDAwMDAwMDAwL2F0dGFjaG1lbnQub3V0bG9vay5saXZlLm5ldEA4NGRmOWU3Zi1lOWY2LTQwYWYtYjQzNS1hYWFhYWFhYWFhYWEiLCJleHAiOjE1MDYzNjU3NDAsIm5iZiI6MTUwNjM2NTE0MH0.FLcDk9ApTuaVZgrdJg1Rlmne0FMFYhJyPRgUrNF8borLx186ixZZjMkp4FgBMezPvcco1sMGUhl8wSYSXESPinRW9qu-wO4nMTvBwSvDrI6REwY54z1D4rzofoDmTFaf1rYKyw1Ekmn0OQQhCeWwJPV31BNzEt8AFiYUU8c2mQ3jkik2TcB5wJm8CMstDCwHeabC-DRwIBQRY47BXneaIYXwTeK4wgvtsTDKdqXt9cR8XuNQkH0Vp9A3_vrd1nV3x-3PxiJvnyyWlADDGGrUBNrJL8AEFytlTXkx4QNqvFtpPrpwvAscQHBJBeKMyS94StT3TztiVp05dBFQ1Hod_A&amp;owa=outlook.live.com&amp;isc=1\" \/><\/p>\n<p>El cronograma de actividades continu\u00f3 el domingo por la ma\u00f1ana con un Bici Encuentro que cont\u00f3 con la participaci\u00f3n de m\u00e1s de doscientos ciclistas, dejando inaugurada formalmente la Bicisenda. La caravana de dos cuadras parti\u00f3 desde el Play\u00f3n Recreativo, a la altura del Muelle Piedra Buena, y continu\u00f3 hasta el puesto de Guardaparque en la entrada al ANP el Doradillo.<\/p>\n<p>Al encuentro concurrieron distintos grupos de salidas aficionados al deporte como Leones del Golfo, Puerto Madryn 00 Salidas, Madryn en Bici, Teamarcos, el gimnasio El lunes Arranco (E.L.A), Las Torcasas, Napra Club. Tambi\u00e9n cont\u00f3 con el acompa\u00f1amiento del equipo de Vuelta Ballenas.<\/p>\n<p>Cabe destacar que todos los participantes fueron capacitados previamente por personal de la Secretar\u00e1 de Turismo, con recomendaciones para visitar el \u00e1rea sin generar un impacto negativo sobre el entorno natural que lo rodea. De este modo se destac\u00f3 la importancia de realizar un turismo responsable, solicitando un compromiso de promover la actividad cuidando el medio ambiente.<\/p>\n<p><img decoding=\"async\" src=\"https:\/\/attachment.outlook.live.net\/owa\/fmelchubut90.1@hotmail.com\/service.svc\/s\/GetAttachmentThumbnail?id=AQMkADAwATY3ZmYAZS1jYwBmZC1mZDNmLTAwAi0wMAoARgAAA7qGbo8SXZRCspAK69VEUW0HAM8bCN87TS1AhJRhxWFI1qwAAAIBDAAAAM8bCN87TS1AhJRhxWFI1qwAAb0OGyQAAAABEgAQADX1M79sQsNCihu57Xj3D%2Fs%3D&amp;thumbnailType=2&amp;X-OWA-CANARY=EYDfvyVV1ECz4y07u0mX_gCQv55FBNUYp4FYzEI8oJ0Bi6cx-pjN_5EVhf8_cXnha5lUTw2KI_M.&amp;token=eyJ0eXAiOiJKV1QiLCJhbGciOiJSUzI1NiIsIng1dCI6ImVuaDlCSnJWUFU1aWpWMXFqWmpWLWZMMmJjbyJ9.eyJ2ZXIiOiJFeGNoYW5nZS5DYWxsYmFjay5WMSIsImFwcGN0eHNlbmRlciI6Ik93YURvd25sb2FkQDg0ZGY5ZTdmLWU5ZjYtNDBhZi1iNDM1LWFhYWFhYWFhYWFhYSIsImFwcGN0eCI6IntcIm1zZXhjaHByb3RcIjpcIm93YVwiLFwicHJpbWFyeXNpZFwiOlwiUy0xLTI4MjctNDI1OTgyLTM0MzkxOTc1MDNcIixcInB1aWRcIjpcIjE4Mjk1ODIxOTc4ODIxNzVcIixcIm9pZFwiOlwiMDAwNjdmZmUtY2NmZC1mZDNmLTAwMDAtMDAwMDAwMDAwMDAwXCIsXCJzY29wZVwiOlwiT3dhRG93bmxvYWRcIn0iLCJpc3MiOiIwMDAwMDAwMi0wMDAwLTBmZjEtY2UwMC0wMDAwMDAwMDAwMDBAODRkZjllN2YtZTlmNi00MGFmLWI0MzUtYWFhYWFhYWFhYWFhIiwiYXVkIjoiMDAwMDAwMDItMDAwMC0wZmYxLWNlMDAtMDAwMDAwMDAwMDAwL2F0dGFjaG1lbnQub3V0bG9vay5saXZlLm5ldEA4NGRmOWU3Zi1lOWY2LTQwYWYtYjQzNS1hYWFhYWFhYWFhYWEiLCJleHAiOjE1MDYzNjU3NDAsIm5iZiI6MTUwNjM2NTE0MH0.FLcDk9ApTuaVZgrdJg1Rlmne0FMFYhJyPRgUrNF8borLx186ixZZjMkp4FgBMezPvcco1sMGUhl8wSYSXESPinRW9qu-wO4nMTvBwSvDrI6REwY54z1D4rzofoDmTFaf1rYKyw1Ekmn0OQQhCeWwJPV31BNzEt8AFiYUU8c2mQ3jkik2TcB5wJm8CMstDCwHeabC-DRwIBQRY47BXneaIYXwTeK4wgvtsTDKdqXt9cR8XuNQkH0Vp9A3_vrd1nV3x-3PxiJvnyyWlADDGGrUBNrJL8AEFytlTXkx4QNqvFtpPrpwvAscQHBJBeKMyS94StT3TztiVp05dBFQ1Hod_A&amp;owa=outlook.live.com&amp;isc=1\" \/><br \/>\n<u><strong>Contin\u00faan las actividades libres y gratuitas esta semana\u00a0<\/strong><\/u><\/p>\n<p>Hoy se invita a comunidad a las 15hs en el Punta Cuevas a participar de una Caminata Intermareal junto a cient\u00edficos del Cenpat, que realizar\u00e1n un recorrido en el extremo sur de la ciudad de Puerto Madryn, a 2 km del muelle, donde se localiza el intermareal rocoso de \u201cPunta Cuevas\u201d. En este ambiente, desarrollado entre las l\u00edneas de marea alta y baja, se puede observar una gran diversidad de especies de invertebrados y algas. Cangrejos, moluscos bivalvos, caracoles y an\u00e9monas se encuentran entre los principales organismos que se han adaptado a vivir tanto sumergidos como expuestos a las extremas condiciones ambientales de la Patagonia.<\/p>\n<p>El recorrido comenzar\u00e1 con una charla introductoria sobre las particulares caracter\u00edsticas biol\u00f3gicas y f\u00edsicas de los ambientes intermareales de la Patagonia. Luego, se recorrer\u00e1 el intermareal rocoso de Punta Cuevas en donde se observar\u00e1n e identificar\u00e1n las diferentes especies, mientras se intercambiar\u00e1nn conocimientos sobre sus adaptaciones y formas de vida. Una puesta en com\u00fan final permitir\u00e1 comprender la relaci\u00f3n entre las caracter\u00edsticas ambientales y la distribuci\u00f3n y abundancia de los organismos que habitan las distintas zonas de la costa rocosa en \u201cPunta Cuevas\u201d.<\/p>\n<p><img decoding=\"async\" src=\"https:\/\/attachment.outlook.live.net\/owa\/fmelchubut90.1@hotmail.com\/service.svc\/s\/GetAttachmentThumbnail?id=AQMkADAwATY3ZmYAZS1jYwBmZC1mZDNmLTAwAi0wMAoARgAAA7qGbo8SXZRCspAK69VEUW0HAM8bCN87TS1AhJRhxWFI1qwAAAIBDAAAAM8bCN87TS1AhJRhxWFI1qwAAb0OGyQAAAABEgAQADyA1hTX9%2B1BtLGE3YL8Gpo%3D&amp;thumbnailType=2&amp;X-OWA-CANARY=EYDfvyVV1ECz4y07u0mX_gCQv55FBNUYp4FYzEI8oJ0Bi6cx-pjN_5EVhf8_cXnha5lUTw2KI_M.&amp;token=eyJ0eXAiOiJKV1QiLCJhbGciOiJSUzI1NiIsIng1dCI6ImVuaDlCSnJWUFU1aWpWMXFqWmpWLWZMMmJjbyJ9.eyJ2ZXIiOiJFeGNoYW5nZS5DYWxsYmFjay5WMSIsImFwcGN0eHNlbmRlciI6Ik93YURvd25sb2FkQDg0ZGY5ZTdmLWU5ZjYtNDBhZi1iNDM1LWFhYWFhYWFhYWFhYSIsImFwcGN0eCI6IntcIm1zZXhjaHByb3RcIjpcIm93YVwiLFwicHJpbWFyeXNpZFwiOlwiUy0xLTI4MjctNDI1OTgyLTM0MzkxOTc1MDNcIixcInB1aWRcIjpcIjE4Mjk1ODIxOTc4ODIxNzVcIixcIm9pZFwiOlwiMDAwNjdmZmUtY2NmZC1mZDNmLTAwMDAtMDAwMDAwMDAwMDAwXCIsXCJzY29wZVwiOlwiT3dhRG93bmxvYWRcIn0iLCJpc3MiOiIwMDAwMDAwMi0wMDAwLTBmZjEtY2UwMC0wMDAwMDAwMDAwMDBAODRkZjllN2YtZTlmNi00MGFmLWI0MzUtYWFhYWFhYWFhYWFhIiwiYXVkIjoiMDAwMDAwMDItMDAwMC0wZmYxLWNlMDAtMDAwMDAwMDAwMDAwL2F0dGFjaG1lbnQub3V0bG9vay5saXZlLm5ldEA4NGRmOWU3Zi1lOWY2LTQwYWYtYjQzNS1hYWFhYWFhYWFhYWEiLCJleHAiOjE1MDYzNjU3NDAsIm5iZiI6MTUwNjM2NTE0MH0.FLcDk9ApTuaVZgrdJg1Rlmne0FMFYhJyPRgUrNF8borLx186ixZZjMkp4FgBMezPvcco1sMGUhl8wSYSXESPinRW9qu-wO4nMTvBwSvDrI6REwY54z1D4rzofoDmTFaf1rYKyw1Ekmn0OQQhCeWwJPV31BNzEt8AFiYUU8c2mQ3jkik2TcB5wJm8CMstDCwHeabC-DRwIBQRY47BXneaIYXwTeK4wgvtsTDKdqXt9cR8XuNQkH0Vp9A3_vrd1nV3x-3PxiJvnyyWlADDGGrUBNrJL8AEFytlTXkx4QNqvFtpPrpwvAscQHBJBeKMyS94StT3TztiVp05dBFQ1Hod_A&amp;owa=outlook.live.com&amp;isc=1\" \/><\/p>\n<p><u><strong>Cronograma completo<\/strong><\/u><\/p>\n<p>\u2022\u00a0\u00a0\u00a0\u00a0\u00a0\u00a0\u00a0<strong>\u00a0Lunes 25 al s\u00e1bado 30 de septiembre<\/strong><br \/>\nExhibici\u00f3n de los trabajos del Programa \u201cTurismo, Patrimonio y Escuela\u201d en el Portal de Madryn \u2013 Espacio Alberto Patri\u00e1n<br \/>\n<strong>\u2022\u00a0\u00a0\u00a0\u00a0\u00a0\u00a0\u00a0\u00a0 City Tour guiado en omnibus\u00a0<\/strong><br \/>\nUn paseo guiado para disfrutar por distintas zonas tur\u00edsticas y residenciales de Puerto Madryn, revalorizando la historia, cultura y desarrollo de la ciudad.<br \/>\nLugar: Secretar\u00eda de Turismo<br \/>\nD\u00edas y Horarios: Martes 26, Jueves, 28 y S\u00e1bado 30 &#8211; 15hs<br \/>\nDuraci\u00f3n: 1:30hs<br \/>\nPara dicha actividad se requiere inscripci\u00f3n previa en la Secretar\u00eda de Turismo (Av. Roca 223)<\/p>\n<p>Recorrido: Incluye Salida desde la Secretar\u00eda de Turismo. Inicio del recorrido por Av. Roca hasta Punta Cuevas (trayecto recreativo \u2013 hist\u00f3rico- Sitio Hist\u00f3rico de Punta Cuevas \u2013 Ecocentro \u2013 Parada: Vista Panor\u00e1mica desde el Monumento al Indio Tehuelche. Regreso por barrio residencial hasta Av. Roca (Hermandad del Escr\u00f3falo \u2013 Museo Municipal de Arte \u2013 Monumento a la Gesta Galesa \u2013 Muelle Piedra Buena \u2013 Prefectura \u2013 Aduana \u2013 Monumento Malvinas \u2013 Club N\u00e1utico. Ya para el regreso por Rawson- Roca &#8211; 28 de julio \u2013 Mitre \u2013Museo Oceanogr\u00e1fico \u2013 Casa del Gerente del FFCC &#8211; Terminal &#8211; Proyecto Museo Hist\u00f3rico Plaza \u2013 Instituciones (Iglesia-Concejo Deliberante-Municipalidad) &#8211; Centro Comercial \u2013 Secretar\u00eda de Turismo. Fin del recorrido.<\/p>\n<p><strong>\u2022\u00a0\u00a0\u00a0\u00a0\u00a0\u00a0\u00a0\u00a0Mi\u00e9rcoles 27 de septiembre<\/strong><br \/>\nJornada de sensibilizaci\u00f3n \u201cTurismo Sostenible para el Desarrollo\u201d en el Teatro del Muelle de 9 a 13hs. destinado al sector p\u00fablico y privado, comunidad en general, escuelas, etc.<br \/>\nEl objetivo principal ser\u00e1 acercar al sector p\u00fablico y privado, herramientas para el desarrollo de la actividad mediante pr\u00e1cticas sustentables. Se contar\u00e1 con la presencia de importantes disertantes de la ciudad de Esquel con basta experiencia en la implementaci\u00f3n la certificaci\u00f3n \u201cSello verde\u201d. Como as\u00ed tambi\u00e9n casos locales con prestadores tur\u00edsticos de la comarca.<\/p>\n<p><strong>\u2022\u00a0\u00a0\u00a0\u00a0\u00a0\u00a0\u00a0\u00a0S\u00e1bado 30 de septiembre\u00a0<\/strong><br \/>\n&#8211;\u00a0\u00a0\u00a0\u00a0\u00a0\u00a0\u00a0\u00a0Paseo por el \u201cCamino de Productores Parque Ecol\u00f3gico El Doradillo\u201d<br \/>\nUn circuito guiado con degustaciones para vivenciar el proceso de elaboraci\u00f3n artesanal de productos tales como Te Blens, Miel, aceite de oliva, alcaparras, etc. Lugar: Secretaria de Turismo. Horario: 10 hs<br \/>\n&#8211;\u00a0\u00a0\u00a0\u00a0\u00a0\u00a0\u00a0\u00a0Programa \u201cTurismo en tu barrio\u201d tercera edici\u00f3n<br \/>\nConstar\u00e1 de una clase de cocina a cargo del Chef. Lisandro Aristarain con un men\u00fa a elecci\u00f3n. La actividad tiene como fin promocionar y difundir el turismo gastron\u00f3mico Madrynense.<br \/>\nLugar: Junta vecinal de San Miguel. Horario: 16hs.<br \/>\nInscripci\u00f3n previa: Cupos m\u00e1ximo 30 personas<\/p>\n<p><strong>\u2022\u00a0\u00a0\u00a0\u00a0\u00a0\u00a0\u00a0\u00a0Museos con entrada libre y gratuita<\/strong><br \/>\nMuseo Oceanogr\u00e1fico: Lunes a Viernes 9 a 15hs.<br \/>\nMuseo de Gemas: Lunes a S\u00e1bado 9 a 12:30 | 13:30 a 19hs<br \/>\nMuseo de Arte: Lunes 9 a 13:30hs | Martes a Viernes 9 a 20hs | S\u00e1bado 14 a 20hs | Domingo 16 a 19hs<\/p>\n<\/div>\n<\/div>\n<div class=\"ppp ppp_P6 ppp_desktop\"><\/div>\n","protected":false},"excerpt":{"rendered":"<p>Bajo el lema de\u00a0\u201cEl turismo sostenible como instrumento de desarrollo\u201d,\u00a0el pr\u00f3ximo 27 de septiembre se conmemora el D\u00eda Internacional del [&hellip;]<\/p>\n","protected":false},"author":2,"featured_media":35459,"comment_status":"open","ping_status":"open","sticky":false,"template":"","format":"standard","meta":{"site-sidebar-layout":"default","site-content-layout":"","ast-site-content-layout":"default","site-content-style":"default","site-sidebar-style":"default","ast-global-header-display":"","ast-banner-title-visibility":"","ast-main-header-display":"","ast-hfb-above-header-display":"","ast-hfb-below-header-display":"","ast-hfb-mobile-header-display":"","site-post-title":"","ast-breadcrumbs-content":"","ast-featured-img":"","footer-sml-layout":"","ast-disable-related-posts":"","theme-transparent-header-meta":"","adv-header-id-meta":"","stick-header-meta":"","header-above-stick-meta":"","header-main-stick-meta":"","header-below-stick-meta":"","astra-migrate-meta-layouts":"default","ast-page-background-enabled":"default","ast-page-background-meta":{"desktop":{"background-color":"var(--ast-global-color-5)","background-image":"","background-repeat":"repeat","background-position":"center center","background-size":"auto","background-attachment":"scroll","background-type":"","background-media":"","overlay-type":"","overlay-color":"","overlay-opacity":"","overlay-gradient":""},"tablet":{"background-color":"","background-image":"","background-repeat":"repeat","background-position":"center center","background-size":"auto","background-attachment":"scroll","background-type":"","background-media":"","overlay-type":"","overlay-color":"","overlay-opacity":"","overlay-gradient":""},"mobile":{"background-color":"","background-image":"","background-repeat":"repeat","background-position":"center center","background-size":"auto","background-attachment":"scroll","background-type":"","background-media":"","overlay-type":"","overlay-color":"","overlay-opacity":"","overlay-gradient":""}},"ast-content-background-meta":{"desktop":{"background-color":"var(--ast-global-color-4)","background-image":"","background-repeat":"repeat","background-position":"center center","background-size":"auto","background-attachment":"scroll","background-type":"","background-media":"","overlay-type":"","overlay-color":"","overlay-opacity":"","overlay-gradient":""},"tablet":{"background-color":"var(--ast-global-color-4)","background-image":"","background-repeat":"repeat","background-position":"center center","background-size":"auto","background-attachment":"scroll","background-type":"","background-media":"","overlay-type":"","overlay-color":"","overlay-opacity":"","overlay-gradient":""},"mobile":{"background-color":"var(--ast-global-color-4)","background-image":"","background-repeat":"repeat","background-position":"center center","background-size":"auto","background-attachment":"scroll","background-type":"","background-media":"","overlay-type":"","overlay-color":"","overlay-opacity":"","overlay-gradient":""}},"footnotes":""},"categories":[12,46,1],"tags":[],"class_list":["post-35458","post","type-post","status-publish","format-standard","has-post-thumbnail","hentry","category-agenda-ambiental","category-municipios","category-noticias"],"yoast_head":"<!-- This site is optimized with the Yoast SEO Premium plugin v23.0 (Yoast SEO v27.5) - https:\/\/yoast.com\/product\/yoast-seo-premium-wordpress\/ -->\n<title>Con amplia agenda de actividades, en Madryn se puso en marcha la semana del Turismo<\/title>\n<meta name=\"robots\" content=\"index, follow, max-snippet:-1, max-image-preview:large, max-video-preview:-1\" \/>\n<link rel=\"canonical\" href=\"https:\/\/patagoniambiental.com.ar\/info\/con-amplia-agenda-de-actividades-en-madryn-se-puso-en-marcha-la-semana-del-turismo\/\" \/>\n<meta property=\"og:locale\" content=\"es_ES\" \/>\n<meta property=\"og:type\" content=\"article\" \/>\n<meta property=\"og:title\" content=\"Con amplia agenda de actividades, en Madryn se puso en marcha la semana del Turismo\" \/>\n<meta property=\"og:description\" content=\"Bajo el lema de\u00a0\u201cEl turismo sostenible como instrumento de desarrollo\u201d,\u00a0el pr\u00f3ximo 27 de septiembre se conmemora el D\u00eda Internacional del [&hellip;]\" \/>\n<meta property=\"og:url\" content=\"https:\/\/patagoniambiental.com.ar\/info\/con-amplia-agenda-de-actividades-en-madryn-se-puso-en-marcha-la-semana-del-turismo\/\" \/>\n<meta property=\"og:site_name\" content=\"Patagonia Ambiental\" \/>\n<meta property=\"article:publisher\" content=\"https:\/\/www.facebook.com\/patagonia.ambiental\" \/>\n<meta property=\"article:author\" content=\"https:\/\/www.facebook.com\/share\/1C1V8Gv9BX\/?mibextid=qi2Omg\" \/>\n<meta property=\"article:published_time\" content=\"2017-09-26T12:00:43+00:00\" \/>\n<meta property=\"og:image\" content=\"https:\/\/patagoniambiental.com.ar\/info\/wp-content\/uploads\/2017\/09\/turismo-madryn.jpg\" \/>\n\t<meta property=\"og:image:width\" content=\"905\" \/>\n\t<meta property=\"og:image:height\" content=\"552\" \/>\n\t<meta property=\"og:image:type\" content=\"image\/jpeg\" \/>\n<meta name=\"author\" content=\"Patagonia Ambiental\" \/>\n<meta name=\"twitter:card\" content=\"summary_large_image\" \/>\n<meta name=\"twitter:creator\" content=\"@PatAmb\" \/>\n<meta name=\"twitter:site\" content=\"@PatAmb\" \/>\n<script type=\"application\/ld+json\" class=\"yoast-schema-graph\">{\"@context\":\"https:\\\/\\\/schema.org\",\"@graph\":[{\"@type\":\"Article\",\"@id\":\"https:\\\/\\\/patagoniambiental.com.ar\\\/info\\\/con-amplia-agenda-de-actividades-en-madryn-se-puso-en-marcha-la-semana-del-turismo\\\/#article\",\"isPartOf\":{\"@id\":\"https:\\\/\\\/patagoniambiental.com.ar\\\/info\\\/con-amplia-agenda-de-actividades-en-madryn-se-puso-en-marcha-la-semana-del-turismo\\\/\"},\"author\":{\"name\":\"Patagonia Ambiental\",\"@id\":\"https:\\\/\\\/patagoniambiental.com.ar\\\/info\\\/#\\\/schema\\\/person\\\/db12bff64bbcbf6a253710bf0ea37b5d\"},\"headline\":\"Con amplia agenda de actividades, en Madryn se puso en marcha la semana del Turismo\",\"datePublished\":\"2017-09-26T12:00:43+00:00\",\"mainEntityOfPage\":{\"@id\":\"https:\\\/\\\/patagoniambiental.com.ar\\\/info\\\/con-amplia-agenda-de-actividades-en-madryn-se-puso-en-marcha-la-semana-del-turismo\\\/\"},\"wordCount\":951,\"commentCount\":0,\"publisher\":{\"@id\":\"https:\\\/\\\/patagoniambiental.com.ar\\\/info\\\/#organization\"},\"image\":{\"@id\":\"https:\\\/\\\/patagoniambiental.com.ar\\\/info\\\/con-amplia-agenda-de-actividades-en-madryn-se-puso-en-marcha-la-semana-del-turismo\\\/#primaryimage\"},\"thumbnailUrl\":\"https:\\\/\\\/patagoniambiental.com.ar\\\/info\\\/wp-content\\\/uploads\\\/2017\\\/09\\\/turismo-madryn.jpg\",\"articleSection\":[\"Agenda Ambiental\",\"Municipios\",\"Noticias\"],\"inLanguage\":\"es\",\"potentialAction\":[{\"@type\":\"CommentAction\",\"name\":\"Comment\",\"target\":[\"https:\\\/\\\/patagoniambiental.com.ar\\\/info\\\/con-amplia-agenda-de-actividades-en-madryn-se-puso-en-marcha-la-semana-del-turismo\\\/#respond\"]}]},{\"@type\":\"WebPage\",\"@id\":\"https:\\\/\\\/patagoniambiental.com.ar\\\/info\\\/con-amplia-agenda-de-actividades-en-madryn-se-puso-en-marcha-la-semana-del-turismo\\\/\",\"url\":\"https:\\\/\\\/patagoniambiental.com.ar\\\/info\\\/con-amplia-agenda-de-actividades-en-madryn-se-puso-en-marcha-la-semana-del-turismo\\\/\",\"name\":\"Con amplia agenda de actividades, en Madryn se puso en marcha la semana del Turismo\",\"isPartOf\":{\"@id\":\"https:\\\/\\\/patagoniambiental.com.ar\\\/info\\\/#website\"},\"primaryImageOfPage\":{\"@id\":\"https:\\\/\\\/patagoniambiental.com.ar\\\/info\\\/con-amplia-agenda-de-actividades-en-madryn-se-puso-en-marcha-la-semana-del-turismo\\\/#primaryimage\"},\"image\":{\"@id\":\"https:\\\/\\\/patagoniambiental.com.ar\\\/info\\\/con-amplia-agenda-de-actividades-en-madryn-se-puso-en-marcha-la-semana-del-turismo\\\/#primaryimage\"},\"thumbnailUrl\":\"https:\\\/\\\/patagoniambiental.com.ar\\\/info\\\/wp-content\\\/uploads\\\/2017\\\/09\\\/turismo-madryn.jpg\",\"datePublished\":\"2017-09-26T12:00:43+00:00\",\"breadcrumb\":{\"@id\":\"https:\\\/\\\/patagoniambiental.com.ar\\\/info\\\/con-amplia-agenda-de-actividades-en-madryn-se-puso-en-marcha-la-semana-del-turismo\\\/#breadcrumb\"},\"inLanguage\":\"es\",\"potentialAction\":[{\"@type\":\"ReadAction\",\"target\":[\"https:\\\/\\\/patagoniambiental.com.ar\\\/info\\\/con-amplia-agenda-de-actividades-en-madryn-se-puso-en-marcha-la-semana-del-turismo\\\/\"]}]},{\"@type\":\"ImageObject\",\"inLanguage\":\"es\",\"@id\":\"https:\\\/\\\/patagoniambiental.com.ar\\\/info\\\/con-amplia-agenda-de-actividades-en-madryn-se-puso-en-marcha-la-semana-del-turismo\\\/#primaryimage\",\"url\":\"https:\\\/\\\/patagoniambiental.com.ar\\\/info\\\/wp-content\\\/uploads\\\/2017\\\/09\\\/turismo-madryn.jpg\",\"contentUrl\":\"https:\\\/\\\/patagoniambiental.com.ar\\\/info\\\/wp-content\\\/uploads\\\/2017\\\/09\\\/turismo-madryn.jpg\",\"width\":905,\"height\":552},{\"@type\":\"BreadcrumbList\",\"@id\":\"https:\\\/\\\/patagoniambiental.com.ar\\\/info\\\/con-amplia-agenda-de-actividades-en-madryn-se-puso-en-marcha-la-semana-del-turismo\\\/#breadcrumb\",\"itemListElement\":[{\"@type\":\"ListItem\",\"position\":1,\"name\":\"Inicio\",\"item\":\"https:\\\/\\\/patagoniambiental.com.ar\\\/info\\\/\"},{\"@type\":\"ListItem\",\"position\":2,\"name\":\"Con amplia agenda de actividades, en Madryn se puso en marcha la semana del Turismo\"}]},{\"@type\":\"WebSite\",\"@id\":\"https:\\\/\\\/patagoniambiental.com.ar\\\/info\\\/#website\",\"url\":\"https:\\\/\\\/patagoniambiental.com.ar\\\/info\\\/\",\"name\":\"Patagonia Ambiental\",\"description\":\"Monitoreo y an\u00e1lisis de la situaci\u00f3n geopol\u00edtica en el mundo y su implicancia en la Patagonia\",\"publisher\":{\"@id\":\"https:\\\/\\\/patagoniambiental.com.ar\\\/info\\\/#organization\"},\"potentialAction\":[{\"@type\":\"SearchAction\",\"target\":{\"@type\":\"EntryPoint\",\"urlTemplate\":\"https:\\\/\\\/patagoniambiental.com.ar\\\/info\\\/?s={search_term_string}\"},\"query-input\":{\"@type\":\"PropertyValueSpecification\",\"valueRequired\":true,\"valueName\":\"search_term_string\"}}],\"inLanguage\":\"es\"},{\"@type\":\"Organization\",\"@id\":\"https:\\\/\\\/patagoniambiental.com.ar\\\/info\\\/#organization\",\"name\":\"Patagonia Ambiental\",\"url\":\"https:\\\/\\\/patagoniambiental.com.ar\\\/info\\\/\",\"logo\":{\"@type\":\"ImageObject\",\"inLanguage\":\"es\",\"@id\":\"https:\\\/\\\/patagoniambiental.com.ar\\\/info\\\/#\\\/schema\\\/logo\\\/image\\\/\",\"url\":\"https:\\\/\\\/patagoniambiental.com.ar\\\/info\\\/wp-content\\\/uploads\\\/2025\\\/05\\\/LOGO-PATAGONIA-AMBIENTAL.png\",\"contentUrl\":\"https:\\\/\\\/patagoniambiental.com.ar\\\/info\\\/wp-content\\\/uploads\\\/2025\\\/05\\\/LOGO-PATAGONIA-AMBIENTAL.png\",\"width\":433,\"height\":250,\"caption\":\"Patagonia Ambiental\"},\"image\":{\"@id\":\"https:\\\/\\\/patagoniambiental.com.ar\\\/info\\\/#\\\/schema\\\/logo\\\/image\\\/\"},\"sameAs\":[\"https:\\\/\\\/www.facebook.com\\\/patagonia.ambiental\",\"https:\\\/\\\/x.com\\\/PatAmb\"]},{\"@type\":\"Person\",\"@id\":\"https:\\\/\\\/patagoniambiental.com.ar\\\/info\\\/#\\\/schema\\\/person\\\/db12bff64bbcbf6a253710bf0ea37b5d\",\"name\":\"Patagonia Ambiental\",\"description\":\"Andr\u00e9s Nievas T\u00e9cnico en manejo ambiental, consultor Ambiental y escritor para medios locales e internacionales sobre temas de geopolitica y medio ambiente.\",\"sameAs\":[\"http:\\\/\\\/www.patagoniambiental.com.ar\",\"https:\\\/\\\/www.facebook.com\\\/share\\\/1C1V8Gv9BX\\\/?mibextid=qi2Omg\",\"@patagoniambiental\",\"https:\\\/\\\/youtube.com\\\/@patagoniaambiental2023?si=BLt58t0wuXquxlYZ\"]}]}<\/script>\n<!-- \/ Yoast SEO Premium plugin. -->","yoast_head_json":{"title":"Con amplia agenda de actividades, en Madryn se puso en marcha la semana del Turismo","robots":{"index":"index","follow":"follow","max-snippet":"max-snippet:-1","max-image-preview":"max-image-preview:large","max-video-preview":"max-video-preview:-1"},"canonical":"https:\/\/patagoniambiental.com.ar\/info\/con-amplia-agenda-de-actividades-en-madryn-se-puso-en-marcha-la-semana-del-turismo\/","og_locale":"es_ES","og_type":"article","og_title":"Con amplia agenda de actividades, en Madryn se puso en marcha la semana del Turismo","og_description":"Bajo el lema de\u00a0\u201cEl turismo sostenible como instrumento de desarrollo\u201d,\u00a0el pr\u00f3ximo 27 de septiembre se conmemora el D\u00eda Internacional del [&hellip;]","og_url":"https:\/\/patagoniambiental.com.ar\/info\/con-amplia-agenda-de-actividades-en-madryn-se-puso-en-marcha-la-semana-del-turismo\/","og_site_name":"Patagonia Ambiental","article_publisher":"https:\/\/www.facebook.com\/patagonia.ambiental","article_author":"https:\/\/www.facebook.com\/share\/1C1V8Gv9BX\/?mibextid=qi2Omg","article_published_time":"2017-09-26T12:00:43+00:00","og_image":[{"width":905,"height":552,"url":"https:\/\/patagoniambiental.com.ar\/info\/wp-content\/uploads\/2017\/09\/turismo-madryn.jpg","type":"image\/jpeg"}],"author":"Patagonia Ambiental","twitter_card":"summary_large_image","twitter_creator":"@PatAmb","twitter_site":"@PatAmb","schema":{"@context":"https:\/\/schema.org","@graph":[{"@type":"Article","@id":"https:\/\/patagoniambiental.com.ar\/info\/con-amplia-agenda-de-actividades-en-madryn-se-puso-en-marcha-la-semana-del-turismo\/#article","isPartOf":{"@id":"https:\/\/patagoniambiental.com.ar\/info\/con-amplia-agenda-de-actividades-en-madryn-se-puso-en-marcha-la-semana-del-turismo\/"},"author":{"name":"Patagonia Ambiental","@id":"https:\/\/patagoniambiental.com.ar\/info\/#\/schema\/person\/db12bff64bbcbf6a253710bf0ea37b5d"},"headline":"Con amplia agenda de actividades, en Madryn se puso en marcha la semana del Turismo","datePublished":"2017-09-26T12:00:43+00:00","mainEntityOfPage":{"@id":"https:\/\/patagoniambiental.com.ar\/info\/con-amplia-agenda-de-actividades-en-madryn-se-puso-en-marcha-la-semana-del-turismo\/"},"wordCount":951,"commentCount":0,"publisher":{"@id":"https:\/\/patagoniambiental.com.ar\/info\/#organization"},"image":{"@id":"https:\/\/patagoniambiental.com.ar\/info\/con-amplia-agenda-de-actividades-en-madryn-se-puso-en-marcha-la-semana-del-turismo\/#primaryimage"},"thumbnailUrl":"https:\/\/patagoniambiental.com.ar\/info\/wp-content\/uploads\/2017\/09\/turismo-madryn.jpg","articleSection":["Agenda Ambiental","Municipios","Noticias"],"inLanguage":"es","potentialAction":[{"@type":"CommentAction","name":"Comment","target":["https:\/\/patagoniambiental.com.ar\/info\/con-amplia-agenda-de-actividades-en-madryn-se-puso-en-marcha-la-semana-del-turismo\/#respond"]}]},{"@type":"WebPage","@id":"https:\/\/patagoniambiental.com.ar\/info\/con-amplia-agenda-de-actividades-en-madryn-se-puso-en-marcha-la-semana-del-turismo\/","url":"https:\/\/patagoniambiental.com.ar\/info\/con-amplia-agenda-de-actividades-en-madryn-se-puso-en-marcha-la-semana-del-turismo\/","name":"Con amplia agenda de actividades, en Madryn se puso en marcha la semana del Turismo","isPartOf":{"@id":"https:\/\/patagoniambiental.com.ar\/info\/#website"},"primaryImageOfPage":{"@id":"https:\/\/patagoniambiental.com.ar\/info\/con-amplia-agenda-de-actividades-en-madryn-se-puso-en-marcha-la-semana-del-turismo\/#primaryimage"},"image":{"@id":"https:\/\/patagoniambiental.com.ar\/info\/con-amplia-agenda-de-actividades-en-madryn-se-puso-en-marcha-la-semana-del-turismo\/#primaryimage"},"thumbnailUrl":"https:\/\/patagoniambiental.com.ar\/info\/wp-content\/uploads\/2017\/09\/turismo-madryn.jpg","datePublished":"2017-09-26T12:00:43+00:00","breadcrumb":{"@id":"https:\/\/patagoniambiental.com.ar\/info\/con-amplia-agenda-de-actividades-en-madryn-se-puso-en-marcha-la-semana-del-turismo\/#breadcrumb"},"inLanguage":"es","potentialAction":[{"@type":"ReadAction","target":["https:\/\/patagoniambiental.com.ar\/info\/con-amplia-agenda-de-actividades-en-madryn-se-puso-en-marcha-la-semana-del-turismo\/"]}]},{"@type":"ImageObject","inLanguage":"es","@id":"https:\/\/patagoniambiental.com.ar\/info\/con-amplia-agenda-de-actividades-en-madryn-se-puso-en-marcha-la-semana-del-turismo\/#primaryimage","url":"https:\/\/patagoniambiental.com.ar\/info\/wp-content\/uploads\/2017\/09\/turismo-madryn.jpg","contentUrl":"https:\/\/patagoniambiental.com.ar\/info\/wp-content\/uploads\/2017\/09\/turismo-madryn.jpg","width":905,"height":552},{"@type":"BreadcrumbList","@id":"https:\/\/patagoniambiental.com.ar\/info\/con-amplia-agenda-de-actividades-en-madryn-se-puso-en-marcha-la-semana-del-turismo\/#breadcrumb","itemListElement":[{"@type":"ListItem","position":1,"name":"Inicio","item":"https:\/\/patagoniambiental.com.ar\/info\/"},{"@type":"ListItem","position":2,"name":"Con amplia agenda de actividades, en Madryn se puso en marcha la semana del Turismo"}]},{"@type":"WebSite","@id":"https:\/\/patagoniambiental.com.ar\/info\/#website","url":"https:\/\/patagoniambiental.com.ar\/info\/","name":"Patagonia Ambiental","description":"Monitoreo y an\u00e1lisis de la situaci\u00f3n geopol\u00edtica en el mundo y su implicancia en la Patagonia","publisher":{"@id":"https:\/\/patagoniambiental.com.ar\/info\/#organization"},"potentialAction":[{"@type":"SearchAction","target":{"@type":"EntryPoint","urlTemplate":"https:\/\/patagoniambiental.com.ar\/info\/?s={search_term_string}"},"query-input":{"@type":"PropertyValueSpecification","valueRequired":true,"valueName":"search_term_string"}}],"inLanguage":"es"},{"@type":"Organization","@id":"https:\/\/patagoniambiental.com.ar\/info\/#organization","name":"Patagonia Ambiental","url":"https:\/\/patagoniambiental.com.ar\/info\/","logo":{"@type":"ImageObject","inLanguage":"es","@id":"https:\/\/patagoniambiental.com.ar\/info\/#\/schema\/logo\/image\/","url":"https:\/\/patagoniambiental.com.ar\/info\/wp-content\/uploads\/2025\/05\/LOGO-PATAGONIA-AMBIENTAL.png","contentUrl":"https:\/\/patagoniambiental.com.ar\/info\/wp-content\/uploads\/2025\/05\/LOGO-PATAGONIA-AMBIENTAL.png","width":433,"height":250,"caption":"Patagonia Ambiental"},"image":{"@id":"https:\/\/patagoniambiental.com.ar\/info\/#\/schema\/logo\/image\/"},"sameAs":["https:\/\/www.facebook.com\/patagonia.ambiental","https:\/\/x.com\/PatAmb"]},{"@type":"Person","@id":"https:\/\/patagoniambiental.com.ar\/info\/#\/schema\/person\/db12bff64bbcbf6a253710bf0ea37b5d","name":"Patagonia Ambiental","description":"Andr\u00e9s Nievas T\u00e9cnico en manejo ambiental, consultor Ambiental y escritor para medios locales e internacionales sobre temas de geopolitica y medio ambiente.","sameAs":["http:\/\/www.patagoniambiental.com.ar","https:\/\/www.facebook.com\/share\/1C1V8Gv9BX\/?mibextid=qi2Omg","@patagoniambiental","https:\/\/youtube.com\/@patagoniaambiental2023?si=BLt58t0wuXquxlYZ"]}]}},"_links":{"self":[{"href":"https:\/\/patagoniambiental.com.ar\/info\/wp-json\/wp\/v2\/posts\/35458","targetHints":{"allow":["GET"]}}],"collection":[{"href":"https:\/\/patagoniambiental.com.ar\/info\/wp-json\/wp\/v2\/posts"}],"about":[{"href":"https:\/\/patagoniambiental.com.ar\/info\/wp-json\/wp\/v2\/types\/post"}],"author":[{"embeddable":true,"href":"https:\/\/patagoniambiental.com.ar\/info\/wp-json\/wp\/v2\/users\/2"}],"replies":[{"embeddable":true,"href":"https:\/\/patagoniambiental.com.ar\/info\/wp-json\/wp\/v2\/comments?post=35458"}],"version-history":[{"count":0,"href":"https:\/\/patagoniambiental.com.ar\/info\/wp-json\/wp\/v2\/posts\/35458\/revisions"}],"wp:featuredmedia":[{"embeddable":true,"href":"https:\/\/patagoniambiental.com.ar\/info\/wp-json\/wp\/v2\/media\/35459"}],"wp:attachment":[{"href":"https:\/\/patagoniambiental.com.ar\/info\/wp-json\/wp\/v2\/media?parent=35458"}],"wp:term":[{"taxonomy":"category","embeddable":true,"href":"https:\/\/patagoniambiental.com.ar\/info\/wp-json\/wp\/v2\/categories?post=35458"},{"taxonomy":"post_tag","embeddable":true,"href":"https:\/\/patagoniambiental.com.ar\/info\/wp-json\/wp\/v2\/tags?post=35458"}],"curies":[{"name":"wp","href":"https:\/\/api.w.org\/{rel}","templated":true}]}}