{"id":35468,"date":"2017-09-26T19:00:36","date_gmt":"2017-09-26T22:00:36","guid":{"rendered":"http:\/\/patagoniambiental.com.ar\/info\/?p=35468"},"modified":"2017-09-26T09:58:45","modified_gmt":"2017-09-26T12:58:45","slug":"ycrt-se-reunio-con-funcionarios-de-28-de-noviembre-para-tratar-temas-ambientales","status":"publish","type":"post","link":"https:\/\/patagoniambiental.com.ar\/info\/ycrt-se-reunio-con-funcionarios-de-28-de-noviembre-para-tratar-temas-ambientales\/","title":{"rendered":"YCRT se reuni\u00f3 con funcionarios de 28 de Noviembre para tratar temas ambientales"},"content":{"rendered":"<div class=\"f-right\"><\/div>\n<div class=\"w620 noborde\"><\/div>\n<div class=\"caja\">\n<div class=\"fotonota floatLeft mb20 cycle-slideshow\" style=\"margin-bottom: 20px !important; position: relative; background-color: #000000;\" data-cycle-fx=\"scrollHorz\" data-cycle-timeout=\"0\" data-cycle-prev=\"#foto-ant\" data-cycle-next=\"#foto-sig\" data-cycle-slides=\"&gt; .item\">\n<div class=\"item cycle-slide cycle-sentinel\"><\/div>\n<div class=\"item cycle-slide cycle-slide-active\"><span style=\"background-color: #ffffff;\">28 de Noviembre.-El Ing. Javier Mansilla, Jefe del Departamento de Seguridad Ambiental de YCRT, se reuni\u00f3 d\u00edas atr\u00e1s con el Secretario de Obras y Urbanismo del Municipio de 28 de Noviembre, Miguel Cader, el Secretario de Producci\u00f3n, Alberto Rodriguez, el Jefe de Mantenimiento y Servicios, Cristian Aguilera, y las Inspectoras Ambientales, Y\u00e9sica Ruiz y M\u00f3nica Bejarano, para trabajar en proyectos conjuntos desde el punto de vista medioambiental.<\/span><\/div>\n<\/div>\n<div id=\"noticiaint\">\n<div id=\"txtcontenido\">\n<p><!--more--><\/p>\n<p><a class=\"gal_fotonota cboxElement\" title=\"\" href=\"http:\/\/www.eldiarionuevodia.com.ar\/u\/fotografias\/fotosnoticias\/2017\/9\/25\/49863.jpg\"><img decoding=\"async\" src=\"http:\/\/www.eldiarionuevodia.com.ar\/u\/fotografias\/m\/2017\/9\/25\/f620x350-49863_80881_0.jpg\" alt=\"YCRT se reuni\u00f3 con funcionarios de 28 de Noviembre para tratar temas ambientales\" \/><\/a><\/p>\n<p>Entre las propuestas que se trataron en la reuni\u00f3n, destacan la posibilidad de integrar al personal de Medio Ambiente de la vecina localidad cuando YCRT dicte cursos, la colaboraci\u00f3n por parte de la empresa al disponer maquinaria para proyectos del municipio, la unificaci\u00f3n de criterios referentes al tratamiento de residuos s\u00f3lidos urbanos, aportar ayuda t\u00e9cnica para instalar una planta de residuos cloacales y hacer reforestaci\u00f3n con especies nativas, entre otras.<\/p>\n<aside class=\"htmlinline hidden-md hidden-lg\"><\/aside>\n<p>&nbsp;<\/p>\n<p><strong>\u201cYCRT crece alrededor de las dos comunidades, R\u00edo Turbio tiene su propio vaciadero y 28 el suyo; la idea es unificar criterios entre el yacimiento y las dos localidades para generar un solo lugar donde se clasifiquen los residuos s\u00f3lidos urbanos para reducir el volumen de lo que se tira. Esto implicar\u00eda generar trabajo para la gente, ingresos y una mejora conjunta para nuestro Medio Ambiente\u00bb<\/strong>, coment\u00f3 Mansilla.<\/p>\n<p>&nbsp;<\/p>\n<p>En este sentido, en la ciudad de R\u00edo Gallegos se llev\u00f3 a cabo un Taller de Capacitaci\u00f3n en Inventario de Gases Invernadero, impulsado por el Ministerio de Ambiente y Desarrollo de la provincia de Santa Cruz, al cual tambi\u00e9n asisti\u00f3 el Ing. Javier Mansilla.<\/p>\n<p>&nbsp;<\/p>\n<p><strong>\u00abEl objetivo de este taller fue identificar las emisiones que genera la provincia en funci\u00f3n de qui\u00e9n y cu\u00e1nto emite, para poder tomar decisiones estrat\u00e9gicas como, por ejemplo, una adecuada gesti\u00f3n de residuos. Se busca generar en las distintas comunidades de la provincia conciencia sobre el cambio clim\u00e1tico\u00bb<\/strong>, finaliz\u00f3.<\/p>\n<p>&nbsp;<\/p>\n<\/div>\n<\/div>\n<\/div>\n<p>Fuente:\u00a0http:\/\/www.eldiarionuevodia.com.ar\/regional\/info-general\/2017\/9\/25\/ycrt-reunio-funcionarios-noviembre-para-tratar-temas-ambientales-46399.html<\/p>\n","protected":false},"excerpt":{"rendered":"<p>28 de Noviembre.-El Ing. Javier Mansilla, Jefe del Departamento de Seguridad Ambiental de YCRT, se reuni\u00f3 d\u00edas atr\u00e1s con el [&hellip;]<\/p>\n","protected":false},"author":2,"featured_media":35469,"comment_status":"open","ping_status":"open","sticky":false,"template":"","format":"standard","meta":{"site-sidebar-layout":"default","site-content-layout":"","ast-site-content-layout":"default","site-content-style":"default","site-sidebar-style":"default","ast-global-header-display":"","ast-banner-title-visibility":"","ast-main-header-display":"","ast-hfb-above-header-display":"","ast-hfb-below-header-display":"","ast-hfb-mobile-header-display":"","site-post-title":"","ast-breadcrumbs-content":"","ast-featured-img":"","footer-sml-layout":"","ast-disable-related-posts":"","theme-transparent-header-meta":"","adv-header-id-meta":"","stick-header-meta":"","header-above-stick-meta":"","header-main-stick-meta":"","header-below-stick-meta":"","astra-migrate-meta-layouts":"default","ast-page-background-enabled":"default","ast-page-background-meta":{"desktop":{"background-color":"var(--ast-global-color-5)","background-image":"","background-repeat":"repeat","background-position":"center center","background-size":"auto","background-attachment":"scroll","background-type":"","background-media":"","overlay-type":"","overlay-color":"","overlay-opacity":"","overlay-gradient":""},"tablet":{"background-color":"","background-image":"","background-repeat":"repeat","background-position":"center center","background-size":"auto","background-attachment":"scroll","background-type":"","background-media":"","overlay-type":"","overlay-color":"","overlay-opacity":"","overlay-gradient":""},"mobile":{"background-color":"","background-image":"","background-repeat":"repeat","background-position":"center center","background-size":"auto","background-attachment":"scroll","background-type":"","background-media":"","overlay-type":"","overlay-color":"","overlay-opacity":"","overlay-gradient":""}},"ast-content-background-meta":{"desktop":{"background-color":"var(--ast-global-color-4)","background-image":"","background-repeat":"repeat","background-position":"center center","background-size":"auto","background-attachment":"scroll","background-type":"","background-media":"","overlay-type":"","overlay-color":"","overlay-opacity":"","overlay-gradient":""},"tablet":{"background-color":"var(--ast-global-color-4)","background-image":"","background-repeat":"repeat","background-position":"center center","background-size":"auto","background-attachment":"scroll","background-type":"","background-media":"","overlay-type":"","overlay-color":"","overlay-opacity":"","overlay-gradient":""},"mobile":{"background-color":"var(--ast-global-color-4)","background-image":"","background-repeat":"repeat","background-position":"center center","background-size":"auto","background-attachment":"scroll","background-type":"","background-media":"","overlay-type":"","overlay-color":"","overlay-opacity":"","overlay-gradient":""}},"footnotes":""},"categories":[16,1],"tags":[],"class_list":["post-35468","post","type-post","status-publish","format-standard","has-post-thumbnail","hentry","category-municipales","category-noticias"],"yoast_head":"<!-- This site is optimized with the Yoast SEO Premium plugin v23.0 (Yoast SEO v27.4) - https:\/\/yoast.com\/product\/yoast-seo-premium-wordpress\/ -->\n<title>YCRT se reuni\u00f3 con funcionarios de 28 de Noviembre para tratar temas ambientales<\/title>\n<meta name=\"robots\" content=\"index, follow, max-snippet:-1, max-image-preview:large, max-video-preview:-1\" \/>\n<link rel=\"canonical\" href=\"https:\/\/patagoniambiental.com.ar\/info\/ycrt-se-reunio-con-funcionarios-de-28-de-noviembre-para-tratar-temas-ambientales\/\" \/>\n<meta property=\"og:locale\" content=\"es_ES\" \/>\n<meta property=\"og:type\" content=\"article\" \/>\n<meta property=\"og:title\" content=\"YCRT se reuni\u00f3 con funcionarios de 28 de Noviembre para tratar temas ambientales\" \/>\n<meta property=\"og:description\" content=\"28 de Noviembre.-El Ing. Javier Mansilla, Jefe del Departamento de Seguridad Ambiental de YCRT, se reuni\u00f3 d\u00edas atr\u00e1s con el [&hellip;]\" \/>\n<meta property=\"og:url\" content=\"https:\/\/patagoniambiental.com.ar\/info\/ycrt-se-reunio-con-funcionarios-de-28-de-noviembre-para-tratar-temas-ambientales\/\" \/>\n<meta property=\"og:site_name\" content=\"Patagonia Ambiental\" \/>\n<meta property=\"article:publisher\" content=\"https:\/\/www.facebook.com\/patagonia.ambiental\" \/>\n<meta property=\"article:author\" content=\"https:\/\/www.facebook.com\/share\/1C1V8Gv9BX\/?mibextid=qi2Omg\" \/>\n<meta property=\"article:published_time\" content=\"2017-09-26T22:00:36+00:00\" \/>\n<meta property=\"og:image\" content=\"https:\/\/patagoniambiental.com.ar\/info\/wp-content\/uploads\/2017\/09\/f620x350-49863_80881_0.jpg\" \/>\n\t<meta property=\"og:image:width\" content=\"620\" \/>\n\t<meta property=\"og:image:height\" content=\"350\" \/>\n\t<meta property=\"og:image:type\" content=\"image\/jpeg\" \/>\n<meta name=\"author\" content=\"Patagonia Ambiental\" \/>\n<meta name=\"twitter:card\" content=\"summary_large_image\" \/>\n<meta name=\"twitter:creator\" content=\"@PatAmb\" \/>\n<meta name=\"twitter:site\" content=\"@PatAmb\" \/>\n<script type=\"application\/ld+json\" class=\"yoast-schema-graph\">{\"@context\":\"https:\\\/\\\/schema.org\",\"@graph\":[{\"@type\":\"Article\",\"@id\":\"https:\\\/\\\/patagoniambiental.com.ar\\\/info\\\/ycrt-se-reunio-con-funcionarios-de-28-de-noviembre-para-tratar-temas-ambientales\\\/#article\",\"isPartOf\":{\"@id\":\"https:\\\/\\\/patagoniambiental.com.ar\\\/info\\\/ycrt-se-reunio-con-funcionarios-de-28-de-noviembre-para-tratar-temas-ambientales\\\/\"},\"author\":{\"name\":\"Patagonia Ambiental\",\"@id\":\"https:\\\/\\\/patagoniambiental.com.ar\\\/info\\\/#\\\/schema\\\/person\\\/db12bff64bbcbf6a253710bf0ea37b5d\"},\"headline\":\"YCRT se reuni\u00f3 con funcionarios de 28 de Noviembre para tratar temas ambientales\",\"datePublished\":\"2017-09-26T22:00:36+00:00\",\"mainEntityOfPage\":{\"@id\":\"https:\\\/\\\/patagoniambiental.com.ar\\\/info\\\/ycrt-se-reunio-con-funcionarios-de-28-de-noviembre-para-tratar-temas-ambientales\\\/\"},\"wordCount\":345,\"commentCount\":0,\"publisher\":{\"@id\":\"https:\\\/\\\/patagoniambiental.com.ar\\\/info\\\/#organization\"},\"image\":{\"@id\":\"https:\\\/\\\/patagoniambiental.com.ar\\\/info\\\/ycrt-se-reunio-con-funcionarios-de-28-de-noviembre-para-tratar-temas-ambientales\\\/#primaryimage\"},\"thumbnailUrl\":\"https:\\\/\\\/patagoniambiental.com.ar\\\/info\\\/wp-content\\\/uploads\\\/2017\\\/09\\\/f620x350-49863_80881_0.jpg\",\"articleSection\":[\"Municipales\",\"Noticias\"],\"inLanguage\":\"es\",\"potentialAction\":[{\"@type\":\"CommentAction\",\"name\":\"Comment\",\"target\":[\"https:\\\/\\\/patagoniambiental.com.ar\\\/info\\\/ycrt-se-reunio-con-funcionarios-de-28-de-noviembre-para-tratar-temas-ambientales\\\/#respond\"]}]},{\"@type\":\"WebPage\",\"@id\":\"https:\\\/\\\/patagoniambiental.com.ar\\\/info\\\/ycrt-se-reunio-con-funcionarios-de-28-de-noviembre-para-tratar-temas-ambientales\\\/\",\"url\":\"https:\\\/\\\/patagoniambiental.com.ar\\\/info\\\/ycrt-se-reunio-con-funcionarios-de-28-de-noviembre-para-tratar-temas-ambientales\\\/\",\"name\":\"YCRT se reuni\u00f3 con funcionarios de 28 de Noviembre para tratar temas ambientales\",\"isPartOf\":{\"@id\":\"https:\\\/\\\/patagoniambiental.com.ar\\\/info\\\/#website\"},\"primaryImageOfPage\":{\"@id\":\"https:\\\/\\\/patagoniambiental.com.ar\\\/info\\\/ycrt-se-reunio-con-funcionarios-de-28-de-noviembre-para-tratar-temas-ambientales\\\/#primaryimage\"},\"image\":{\"@id\":\"https:\\\/\\\/patagoniambiental.com.ar\\\/info\\\/ycrt-se-reunio-con-funcionarios-de-28-de-noviembre-para-tratar-temas-ambientales\\\/#primaryimage\"},\"thumbnailUrl\":\"https:\\\/\\\/patagoniambiental.com.ar\\\/info\\\/wp-content\\\/uploads\\\/2017\\\/09\\\/f620x350-49863_80881_0.jpg\",\"datePublished\":\"2017-09-26T22:00:36+00:00\",\"breadcrumb\":{\"@id\":\"https:\\\/\\\/patagoniambiental.com.ar\\\/info\\\/ycrt-se-reunio-con-funcionarios-de-28-de-noviembre-para-tratar-temas-ambientales\\\/#breadcrumb\"},\"inLanguage\":\"es\",\"potentialAction\":[{\"@type\":\"ReadAction\",\"target\":[\"https:\\\/\\\/patagoniambiental.com.ar\\\/info\\\/ycrt-se-reunio-con-funcionarios-de-28-de-noviembre-para-tratar-temas-ambientales\\\/\"]}]},{\"@type\":\"ImageObject\",\"inLanguage\":\"es\",\"@id\":\"https:\\\/\\\/patagoniambiental.com.ar\\\/info\\\/ycrt-se-reunio-con-funcionarios-de-28-de-noviembre-para-tratar-temas-ambientales\\\/#primaryimage\",\"url\":\"https:\\\/\\\/patagoniambiental.com.ar\\\/info\\\/wp-content\\\/uploads\\\/2017\\\/09\\\/f620x350-49863_80881_0.jpg\",\"contentUrl\":\"https:\\\/\\\/patagoniambiental.com.ar\\\/info\\\/wp-content\\\/uploads\\\/2017\\\/09\\\/f620x350-49863_80881_0.jpg\",\"width\":620,\"height\":350},{\"@type\":\"BreadcrumbList\",\"@id\":\"https:\\\/\\\/patagoniambiental.com.ar\\\/info\\\/ycrt-se-reunio-con-funcionarios-de-28-de-noviembre-para-tratar-temas-ambientales\\\/#breadcrumb\",\"itemListElement\":[{\"@type\":\"ListItem\",\"position\":1,\"name\":\"Inicio\",\"item\":\"https:\\\/\\\/patagoniambiental.com.ar\\\/info\\\/\"},{\"@type\":\"ListItem\",\"position\":2,\"name\":\"YCRT se reuni\u00f3 con funcionarios de 28 de Noviembre para tratar temas ambientales\"}]},{\"@type\":\"WebSite\",\"@id\":\"https:\\\/\\\/patagoniambiental.com.ar\\\/info\\\/#website\",\"url\":\"https:\\\/\\\/patagoniambiental.com.ar\\\/info\\\/\",\"name\":\"Patagonia Ambiental\",\"description\":\"Monitoreo y an\u00e1lisis de la situaci\u00f3n geopol\u00edtica en el mundo y su implicancia en la Patagonia\",\"publisher\":{\"@id\":\"https:\\\/\\\/patagoniambiental.com.ar\\\/info\\\/#organization\"},\"potentialAction\":[{\"@type\":\"SearchAction\",\"target\":{\"@type\":\"EntryPoint\",\"urlTemplate\":\"https:\\\/\\\/patagoniambiental.com.ar\\\/info\\\/?s={search_term_string}\"},\"query-input\":{\"@type\":\"PropertyValueSpecification\",\"valueRequired\":true,\"valueName\":\"search_term_string\"}}],\"inLanguage\":\"es\"},{\"@type\":\"Organization\",\"@id\":\"https:\\\/\\\/patagoniambiental.com.ar\\\/info\\\/#organization\",\"name\":\"Patagonia Ambiental\",\"url\":\"https:\\\/\\\/patagoniambiental.com.ar\\\/info\\\/\",\"logo\":{\"@type\":\"ImageObject\",\"inLanguage\":\"es\",\"@id\":\"https:\\\/\\\/patagoniambiental.com.ar\\\/info\\\/#\\\/schema\\\/logo\\\/image\\\/\",\"url\":\"https:\\\/\\\/patagoniambiental.com.ar\\\/info\\\/wp-content\\\/uploads\\\/2025\\\/05\\\/LOGO-PATAGONIA-AMBIENTAL.png\",\"contentUrl\":\"https:\\\/\\\/patagoniambiental.com.ar\\\/info\\\/wp-content\\\/uploads\\\/2025\\\/05\\\/LOGO-PATAGONIA-AMBIENTAL.png\",\"width\":433,\"height\":250,\"caption\":\"Patagonia Ambiental\"},\"image\":{\"@id\":\"https:\\\/\\\/patagoniambiental.com.ar\\\/info\\\/#\\\/schema\\\/logo\\\/image\\\/\"},\"sameAs\":[\"https:\\\/\\\/www.facebook.com\\\/patagonia.ambiental\",\"https:\\\/\\\/x.com\\\/PatAmb\"]},{\"@type\":\"Person\",\"@id\":\"https:\\\/\\\/patagoniambiental.com.ar\\\/info\\\/#\\\/schema\\\/person\\\/db12bff64bbcbf6a253710bf0ea37b5d\",\"name\":\"Patagonia Ambiental\",\"description\":\"Andr\u00e9s Nievas T\u00e9cnico en manejo ambiental, consultor Ambiental y escritor para medios locales e internacionales sobre temas de geopolitica y medio ambiente.\",\"sameAs\":[\"http:\\\/\\\/www.patagoniambiental.com.ar\",\"https:\\\/\\\/www.facebook.com\\\/share\\\/1C1V8Gv9BX\\\/?mibextid=qi2Omg\",\"@patagoniambiental\",\"https:\\\/\\\/youtube.com\\\/@patagoniaambiental2023?si=BLt58t0wuXquxlYZ\"]}]}<\/script>\n<!-- \/ Yoast SEO Premium plugin. -->","yoast_head_json":{"title":"YCRT se reuni\u00f3 con funcionarios de 28 de Noviembre para tratar temas ambientales","robots":{"index":"index","follow":"follow","max-snippet":"max-snippet:-1","max-image-preview":"max-image-preview:large","max-video-preview":"max-video-preview:-1"},"canonical":"https:\/\/patagoniambiental.com.ar\/info\/ycrt-se-reunio-con-funcionarios-de-28-de-noviembre-para-tratar-temas-ambientales\/","og_locale":"es_ES","og_type":"article","og_title":"YCRT se reuni\u00f3 con funcionarios de 28 de Noviembre para tratar temas ambientales","og_description":"28 de Noviembre.-El Ing. Javier Mansilla, Jefe del Departamento de Seguridad Ambiental de YCRT, se reuni\u00f3 d\u00edas atr\u00e1s con el [&hellip;]","og_url":"https:\/\/patagoniambiental.com.ar\/info\/ycrt-se-reunio-con-funcionarios-de-28-de-noviembre-para-tratar-temas-ambientales\/","og_site_name":"Patagonia Ambiental","article_publisher":"https:\/\/www.facebook.com\/patagonia.ambiental","article_author":"https:\/\/www.facebook.com\/share\/1C1V8Gv9BX\/?mibextid=qi2Omg","article_published_time":"2017-09-26T22:00:36+00:00","og_image":[{"width":620,"height":350,"url":"https:\/\/patagoniambiental.com.ar\/info\/wp-content\/uploads\/2017\/09\/f620x350-49863_80881_0.jpg","type":"image\/jpeg"}],"author":"Patagonia Ambiental","twitter_card":"summary_large_image","twitter_creator":"@PatAmb","twitter_site":"@PatAmb","schema":{"@context":"https:\/\/schema.org","@graph":[{"@type":"Article","@id":"https:\/\/patagoniambiental.com.ar\/info\/ycrt-se-reunio-con-funcionarios-de-28-de-noviembre-para-tratar-temas-ambientales\/#article","isPartOf":{"@id":"https:\/\/patagoniambiental.com.ar\/info\/ycrt-se-reunio-con-funcionarios-de-28-de-noviembre-para-tratar-temas-ambientales\/"},"author":{"name":"Patagonia Ambiental","@id":"https:\/\/patagoniambiental.com.ar\/info\/#\/schema\/person\/db12bff64bbcbf6a253710bf0ea37b5d"},"headline":"YCRT se reuni\u00f3 con funcionarios de 28 de Noviembre para tratar temas ambientales","datePublished":"2017-09-26T22:00:36+00:00","mainEntityOfPage":{"@id":"https:\/\/patagoniambiental.com.ar\/info\/ycrt-se-reunio-con-funcionarios-de-28-de-noviembre-para-tratar-temas-ambientales\/"},"wordCount":345,"commentCount":0,"publisher":{"@id":"https:\/\/patagoniambiental.com.ar\/info\/#organization"},"image":{"@id":"https:\/\/patagoniambiental.com.ar\/info\/ycrt-se-reunio-con-funcionarios-de-28-de-noviembre-para-tratar-temas-ambientales\/#primaryimage"},"thumbnailUrl":"https:\/\/patagoniambiental.com.ar\/info\/wp-content\/uploads\/2017\/09\/f620x350-49863_80881_0.jpg","articleSection":["Municipales","Noticias"],"inLanguage":"es","potentialAction":[{"@type":"CommentAction","name":"Comment","target":["https:\/\/patagoniambiental.com.ar\/info\/ycrt-se-reunio-con-funcionarios-de-28-de-noviembre-para-tratar-temas-ambientales\/#respond"]}]},{"@type":"WebPage","@id":"https:\/\/patagoniambiental.com.ar\/info\/ycrt-se-reunio-con-funcionarios-de-28-de-noviembre-para-tratar-temas-ambientales\/","url":"https:\/\/patagoniambiental.com.ar\/info\/ycrt-se-reunio-con-funcionarios-de-28-de-noviembre-para-tratar-temas-ambientales\/","name":"YCRT se reuni\u00f3 con funcionarios de 28 de Noviembre para tratar temas ambientales","isPartOf":{"@id":"https:\/\/patagoniambiental.com.ar\/info\/#website"},"primaryImageOfPage":{"@id":"https:\/\/patagoniambiental.com.ar\/info\/ycrt-se-reunio-con-funcionarios-de-28-de-noviembre-para-tratar-temas-ambientales\/#primaryimage"},"image":{"@id":"https:\/\/patagoniambiental.com.ar\/info\/ycrt-se-reunio-con-funcionarios-de-28-de-noviembre-para-tratar-temas-ambientales\/#primaryimage"},"thumbnailUrl":"https:\/\/patagoniambiental.com.ar\/info\/wp-content\/uploads\/2017\/09\/f620x350-49863_80881_0.jpg","datePublished":"2017-09-26T22:00:36+00:00","breadcrumb":{"@id":"https:\/\/patagoniambiental.com.ar\/info\/ycrt-se-reunio-con-funcionarios-de-28-de-noviembre-para-tratar-temas-ambientales\/#breadcrumb"},"inLanguage":"es","potentialAction":[{"@type":"ReadAction","target":["https:\/\/patagoniambiental.com.ar\/info\/ycrt-se-reunio-con-funcionarios-de-28-de-noviembre-para-tratar-temas-ambientales\/"]}]},{"@type":"ImageObject","inLanguage":"es","@id":"https:\/\/patagoniambiental.com.ar\/info\/ycrt-se-reunio-con-funcionarios-de-28-de-noviembre-para-tratar-temas-ambientales\/#primaryimage","url":"https:\/\/patagoniambiental.com.ar\/info\/wp-content\/uploads\/2017\/09\/f620x350-49863_80881_0.jpg","contentUrl":"https:\/\/patagoniambiental.com.ar\/info\/wp-content\/uploads\/2017\/09\/f620x350-49863_80881_0.jpg","width":620,"height":350},{"@type":"BreadcrumbList","@id":"https:\/\/patagoniambiental.com.ar\/info\/ycrt-se-reunio-con-funcionarios-de-28-de-noviembre-para-tratar-temas-ambientales\/#breadcrumb","itemListElement":[{"@type":"ListItem","position":1,"name":"Inicio","item":"https:\/\/patagoniambiental.com.ar\/info\/"},{"@type":"ListItem","position":2,"name":"YCRT se reuni\u00f3 con funcionarios de 28 de Noviembre para tratar temas ambientales"}]},{"@type":"WebSite","@id":"https:\/\/patagoniambiental.com.ar\/info\/#website","url":"https:\/\/patagoniambiental.com.ar\/info\/","name":"Patagonia Ambiental","description":"Monitoreo y an\u00e1lisis de la situaci\u00f3n geopol\u00edtica en el mundo y su implicancia en la Patagonia","publisher":{"@id":"https:\/\/patagoniambiental.com.ar\/info\/#organization"},"potentialAction":[{"@type":"SearchAction","target":{"@type":"EntryPoint","urlTemplate":"https:\/\/patagoniambiental.com.ar\/info\/?s={search_term_string}"},"query-input":{"@type":"PropertyValueSpecification","valueRequired":true,"valueName":"search_term_string"}}],"inLanguage":"es"},{"@type":"Organization","@id":"https:\/\/patagoniambiental.com.ar\/info\/#organization","name":"Patagonia Ambiental","url":"https:\/\/patagoniambiental.com.ar\/info\/","logo":{"@type":"ImageObject","inLanguage":"es","@id":"https:\/\/patagoniambiental.com.ar\/info\/#\/schema\/logo\/image\/","url":"https:\/\/patagoniambiental.com.ar\/info\/wp-content\/uploads\/2025\/05\/LOGO-PATAGONIA-AMBIENTAL.png","contentUrl":"https:\/\/patagoniambiental.com.ar\/info\/wp-content\/uploads\/2025\/05\/LOGO-PATAGONIA-AMBIENTAL.png","width":433,"height":250,"caption":"Patagonia Ambiental"},"image":{"@id":"https:\/\/patagoniambiental.com.ar\/info\/#\/schema\/logo\/image\/"},"sameAs":["https:\/\/www.facebook.com\/patagonia.ambiental","https:\/\/x.com\/PatAmb"]},{"@type":"Person","@id":"https:\/\/patagoniambiental.com.ar\/info\/#\/schema\/person\/db12bff64bbcbf6a253710bf0ea37b5d","name":"Patagonia Ambiental","description":"Andr\u00e9s Nievas T\u00e9cnico en manejo ambiental, consultor Ambiental y escritor para medios locales e internacionales sobre temas de geopolitica y medio ambiente.","sameAs":["http:\/\/www.patagoniambiental.com.ar","https:\/\/www.facebook.com\/share\/1C1V8Gv9BX\/?mibextid=qi2Omg","@patagoniambiental","https:\/\/youtube.com\/@patagoniaambiental2023?si=BLt58t0wuXquxlYZ"]}]}},"_links":{"self":[{"href":"https:\/\/patagoniambiental.com.ar\/info\/wp-json\/wp\/v2\/posts\/35468","targetHints":{"allow":["GET"]}}],"collection":[{"href":"https:\/\/patagoniambiental.com.ar\/info\/wp-json\/wp\/v2\/posts"}],"about":[{"href":"https:\/\/patagoniambiental.com.ar\/info\/wp-json\/wp\/v2\/types\/post"}],"author":[{"embeddable":true,"href":"https:\/\/patagoniambiental.com.ar\/info\/wp-json\/wp\/v2\/users\/2"}],"replies":[{"embeddable":true,"href":"https:\/\/patagoniambiental.com.ar\/info\/wp-json\/wp\/v2\/comments?post=35468"}],"version-history":[{"count":0,"href":"https:\/\/patagoniambiental.com.ar\/info\/wp-json\/wp\/v2\/posts\/35468\/revisions"}],"wp:featuredmedia":[{"embeddable":true,"href":"https:\/\/patagoniambiental.com.ar\/info\/wp-json\/wp\/v2\/media\/35469"}],"wp:attachment":[{"href":"https:\/\/patagoniambiental.com.ar\/info\/wp-json\/wp\/v2\/media?parent=35468"}],"wp:term":[{"taxonomy":"category","embeddable":true,"href":"https:\/\/patagoniambiental.com.ar\/info\/wp-json\/wp\/v2\/categories?post=35468"},{"taxonomy":"post_tag","embeddable":true,"href":"https:\/\/patagoniambiental.com.ar\/info\/wp-json\/wp\/v2\/tags?post=35468"}],"curies":[{"name":"wp","href":"https:\/\/api.w.org\/{rel}","templated":true}]}}