{"id":35519,"date":"2017-09-27T09:00:32","date_gmt":"2017-09-27T12:00:32","guid":{"rendered":"http:\/\/patagoniambiental.com.ar\/info\/?p=35519"},"modified":"2017-09-26T21:26:12","modified_gmt":"2017-09-27T00:26:12","slug":"alemania-ya-produce-el-50-de-su-energia-con-sol-espana-el-5","status":"publish","type":"post","link":"https:\/\/patagoniambiental.com.ar\/info\/alemania-ya-produce-el-50-de-su-energia-con-sol-espana-el-5\/","title":{"rendered":"Alemania ya produce el 50% de su energ\u00eda con sol, Espa\u00f1a el 5%"},"content":{"rendered":"<p>Sin embargo, nadie duda que la realidad no es esa. Espa\u00f1a es el pa\u00eds con m\u00e1s radiaci\u00f3n solar de Europa, una fuente de energ\u00eda que no aprovechamos y de la que otros s\u00ed que se sacan partido, incluso en lugares fr\u00edos y encapotados..<\/p>\n<p>Alemania, con una radiaci\u00f3n solar muy inferior, ha conseguido un nuevo r\u00e9cord: la energ\u00eda solar le aporta el 50.6% de su demanda el\u00e9ctrica. La producci\u00f3n solar alcanz\u00f3 hace unos dias una punta de \u00a023.1GW (gigawatios). El dato tiene m\u00e9rito y viene a constatar el \u00e9xito de la pol\u00edtica energ\u00e9tica del pa\u00eds centro europeo. Alemania no es un pa\u00eds con clima c\u00e1lido y, de hecho, m\u00e1s del 90% de la poblaci\u00f3n mundial vive en lugares con mejor clima.<\/p>\n<p>Mientras tanto, la energ\u00eda solar representa el 7% de toda la potencia instalada en Espa\u00f1a, es decir, de toda la energ\u00eda que el pa\u00eds puede producir en condiciones ideales.<\/p>\n<p>Esta potencia instalada gener\u00f3 en 2016, seg\u00fan los \u00faltimos datos disponibles de Red El\u00e9ctrica en su informe Las energ\u00edas renovables en el sistema el\u00e9ctrico espa\u00f1ol 2016, 13.026 GWh de energ\u00eda, lo que represent\u00f3 el 5,1% de toda la generaci\u00f3n el\u00e9ctrica de ese a\u00f1o.<\/p>\n<p>Espa\u00f1a se incorpor\u00f3 al mundo de la generaci\u00f3n solar all\u00e1 por el a\u00f1o 2000, cuando la tecnolog\u00eda estaba todav\u00eda muy verde. Desde entonces, el crecimiento fue continuado hasta alcanzar en el a\u00f1o 2008 su cifra r\u00e9cord de crecimiento, ya que ese a\u00f1o se instalaron 2.733<\/p>\n<p>A partir de ah\u00ed se fueron instalando m\u00e1s megawatios con el apoyo de las primas a la generaci\u00f3n solar. \u00a0El parque de instalaciones solares fue creciendo hasta que en 2013 lleg\u00f3 el par\u00f3n. Entre 2013 y 2016, tras la desaparici\u00f3n de las primas a las renovables, pr\u00e1cticamente ya no se han vuelto a instalar m\u00e1s potencia en energ\u00eda fotovoltaica. El Gobierno ha penalizado tambi\u00e9n el autoconsumo el\u00e9ctrico y el resultado es que nos hemos quedado rezagados, muy rezagados.<\/p>\n<p>Ha sido apenas hace unas semanas cuando se ha roto esta sequ\u00eda al adjudicar el Gobierno en una subasta de capacidad de generaci\u00f3n el\u00e9ctrica los primeros megawatios solares en muchos a\u00f1os.<\/p>\n<p>El Gobierno adjudic\u00f3 en la subasta m\u00e1s de 5.000 MW de renovables sin coste para el consumidor Del total de la potencia subastada, 3.909 MW fue adjudicada a instalaciones fotovoltaicas, el 77,6% de los MW que finalmente se concedieron, y 1.128 MW a instalaciones e\u00f3licas, repartidos entre 40 empresas.<\/p>\n<p>La energ\u00eda solar se vuelve a reactivar pero la brecha que sufrimos respecto a pa\u00edses como Alemania y otros muchos es enorme. \u00bfTendr\u00e1n nuestros pol\u00edticos voluntad de apoyar esta infraestructura de futuro para nuestra econom\u00eda y de supervivencia para nuestro medio ambiente?<\/p>\n<p>&nbsp;<\/p>\n<p>Fuente:\u00a0http:\/\/www.tucumanoticias.com.ar\/noticia\/economia\/el-mundo-al-reves-alemania-ya-produce-el-50-de-su-energia-con-sol-espana-el-5-170830.html<\/p>\n","protected":false},"excerpt":{"rendered":"<p>Sin embargo, nadie duda que la realidad no es esa. Espa\u00f1a es el pa\u00eds con m\u00e1s radiaci\u00f3n solar de Europa, [&hellip;]<\/p>\n","protected":false},"author":2,"featured_media":35520,"comment_status":"open","ping_status":"open","sticky":false,"template":"","format":"standard","meta":{"site-sidebar-layout":"default","site-content-layout":"","ast-site-content-layout":"default","site-content-style":"default","site-sidebar-style":"default","ast-global-header-display":"","ast-banner-title-visibility":"","ast-main-header-display":"","ast-hfb-above-header-display":"","ast-hfb-below-header-display":"","ast-hfb-mobile-header-display":"","site-post-title":"","ast-breadcrumbs-content":"","ast-featured-img":"","footer-sml-layout":"","ast-disable-related-posts":"","theme-transparent-header-meta":"","adv-header-id-meta":"","stick-header-meta":"","header-above-stick-meta":"","header-main-stick-meta":"","header-below-stick-meta":"","astra-migrate-meta-layouts":"default","ast-page-background-enabled":"default","ast-page-background-meta":{"desktop":{"background-color":"var(--ast-global-color-5)","background-image":"","background-repeat":"repeat","background-position":"center center","background-size":"auto","background-attachment":"scroll","background-type":"","background-media":"","overlay-type":"","overlay-color":"","overlay-opacity":"","overlay-gradient":""},"tablet":{"background-color":"","background-image":"","background-repeat":"repeat","background-position":"center center","background-size":"auto","background-attachment":"scroll","background-type":"","background-media":"","overlay-type":"","overlay-color":"","overlay-opacity":"","overlay-gradient":""},"mobile":{"background-color":"","background-image":"","background-repeat":"repeat","background-position":"center center","background-size":"auto","background-attachment":"scroll","background-type":"","background-media":"","overlay-type":"","overlay-color":"","overlay-opacity":"","overlay-gradient":""}},"ast-content-background-meta":{"desktop":{"background-color":"var(--ast-global-color-4)","background-image":"","background-repeat":"repeat","background-position":"center center","background-size":"auto","background-attachment":"scroll","background-type":"","background-media":"","overlay-type":"","overlay-color":"","overlay-opacity":"","overlay-gradient":""},"tablet":{"background-color":"var(--ast-global-color-4)","background-image":"","background-repeat":"repeat","background-position":"center center","background-size":"auto","background-attachment":"scroll","background-type":"","background-media":"","overlay-type":"","overlay-color":"","overlay-opacity":"","overlay-gradient":""},"mobile":{"background-color":"var(--ast-global-color-4)","background-image":"","background-repeat":"repeat","background-position":"center center","background-size":"auto","background-attachment":"scroll","background-type":"","background-media":"","overlay-type":"","overlay-color":"","overlay-opacity":"","overlay-gradient":""}},"footnotes":""},"categories":[23,1],"tags":[],"class_list":["post-35519","post","type-post","status-publish","format-standard","has-post-thumbnail","hentry","category-internacionales","category-noticias"],"yoast_head":"<!-- This site is optimized with the Yoast SEO Premium plugin v23.0 (Yoast SEO v27.4) - https:\/\/yoast.com\/product\/yoast-seo-premium-wordpress\/ -->\n<title>Alemania ya produce el 50% de su energ\u00eda con sol, Espa\u00f1a el 5%<\/title>\n<meta name=\"robots\" content=\"index, follow, max-snippet:-1, max-image-preview:large, max-video-preview:-1\" \/>\n<link rel=\"canonical\" href=\"https:\/\/patagoniambiental.com.ar\/info\/alemania-ya-produce-el-50-de-su-energia-con-sol-espana-el-5\/\" \/>\n<meta property=\"og:locale\" content=\"es_ES\" \/>\n<meta property=\"og:type\" content=\"article\" \/>\n<meta property=\"og:title\" content=\"Alemania ya produce el 50% de su energ\u00eda con sol, Espa\u00f1a el 5%\" \/>\n<meta property=\"og:description\" content=\"Sin embargo, nadie duda que la realidad no es esa. Espa\u00f1a es el pa\u00eds con m\u00e1s radiaci\u00f3n solar de Europa, [&hellip;]\" \/>\n<meta property=\"og:url\" content=\"https:\/\/patagoniambiental.com.ar\/info\/alemania-ya-produce-el-50-de-su-energia-con-sol-espana-el-5\/\" \/>\n<meta property=\"og:site_name\" content=\"Patagonia Ambiental\" \/>\n<meta property=\"article:publisher\" content=\"https:\/\/www.facebook.com\/patagonia.ambiental\" \/>\n<meta property=\"article:author\" content=\"https:\/\/www.facebook.com\/share\/1C1V8Gv9BX\/?mibextid=qi2Omg\" \/>\n<meta property=\"article:published_time\" content=\"2017-09-27T12:00:32+00:00\" \/>\n<meta property=\"og:image\" content=\"https:\/\/patagoniambiental.com.ar\/info\/wp-content\/uploads\/2017\/09\/alemania-paneles-solares.jpg\" \/>\n\t<meta property=\"og:image:width\" content=\"275\" \/>\n\t<meta property=\"og:image:height\" content=\"183\" \/>\n\t<meta property=\"og:image:type\" content=\"image\/jpeg\" \/>\n<meta name=\"author\" content=\"Patagonia Ambiental\" \/>\n<meta name=\"twitter:card\" content=\"summary_large_image\" \/>\n<meta name=\"twitter:creator\" content=\"@PatAmb\" \/>\n<meta name=\"twitter:site\" content=\"@PatAmb\" \/>\n<script type=\"application\/ld+json\" class=\"yoast-schema-graph\">{\"@context\":\"https:\\\/\\\/schema.org\",\"@graph\":[{\"@type\":\"Article\",\"@id\":\"https:\\\/\\\/patagoniambiental.com.ar\\\/info\\\/alemania-ya-produce-el-50-de-su-energia-con-sol-espana-el-5\\\/#article\",\"isPartOf\":{\"@id\":\"https:\\\/\\\/patagoniambiental.com.ar\\\/info\\\/alemania-ya-produce-el-50-de-su-energia-con-sol-espana-el-5\\\/\"},\"author\":{\"name\":\"Patagonia Ambiental\",\"@id\":\"https:\\\/\\\/patagoniambiental.com.ar\\\/info\\\/#\\\/schema\\\/person\\\/db12bff64bbcbf6a253710bf0ea37b5d\"},\"headline\":\"Alemania ya produce el 50% de su energ\u00eda con sol, Espa\u00f1a el 5%\",\"datePublished\":\"2017-09-27T12:00:32+00:00\",\"mainEntityOfPage\":{\"@id\":\"https:\\\/\\\/patagoniambiental.com.ar\\\/info\\\/alemania-ya-produce-el-50-de-su-energia-con-sol-espana-el-5\\\/\"},\"wordCount\":505,\"commentCount\":0,\"publisher\":{\"@id\":\"https:\\\/\\\/patagoniambiental.com.ar\\\/info\\\/#organization\"},\"image\":{\"@id\":\"https:\\\/\\\/patagoniambiental.com.ar\\\/info\\\/alemania-ya-produce-el-50-de-su-energia-con-sol-espana-el-5\\\/#primaryimage\"},\"thumbnailUrl\":\"https:\\\/\\\/patagoniambiental.com.ar\\\/info\\\/wp-content\\\/uploads\\\/2017\\\/09\\\/alemania-paneles-solares.jpg\",\"articleSection\":[\"Internacionales\",\"Noticias\"],\"inLanguage\":\"es\",\"potentialAction\":[{\"@type\":\"CommentAction\",\"name\":\"Comment\",\"target\":[\"https:\\\/\\\/patagoniambiental.com.ar\\\/info\\\/alemania-ya-produce-el-50-de-su-energia-con-sol-espana-el-5\\\/#respond\"]}]},{\"@type\":\"WebPage\",\"@id\":\"https:\\\/\\\/patagoniambiental.com.ar\\\/info\\\/alemania-ya-produce-el-50-de-su-energia-con-sol-espana-el-5\\\/\",\"url\":\"https:\\\/\\\/patagoniambiental.com.ar\\\/info\\\/alemania-ya-produce-el-50-de-su-energia-con-sol-espana-el-5\\\/\",\"name\":\"Alemania ya produce el 50% de su energ\u00eda con sol, Espa\u00f1a el 5%\",\"isPartOf\":{\"@id\":\"https:\\\/\\\/patagoniambiental.com.ar\\\/info\\\/#website\"},\"primaryImageOfPage\":{\"@id\":\"https:\\\/\\\/patagoniambiental.com.ar\\\/info\\\/alemania-ya-produce-el-50-de-su-energia-con-sol-espana-el-5\\\/#primaryimage\"},\"image\":{\"@id\":\"https:\\\/\\\/patagoniambiental.com.ar\\\/info\\\/alemania-ya-produce-el-50-de-su-energia-con-sol-espana-el-5\\\/#primaryimage\"},\"thumbnailUrl\":\"https:\\\/\\\/patagoniambiental.com.ar\\\/info\\\/wp-content\\\/uploads\\\/2017\\\/09\\\/alemania-paneles-solares.jpg\",\"datePublished\":\"2017-09-27T12:00:32+00:00\",\"breadcrumb\":{\"@id\":\"https:\\\/\\\/patagoniambiental.com.ar\\\/info\\\/alemania-ya-produce-el-50-de-su-energia-con-sol-espana-el-5\\\/#breadcrumb\"},\"inLanguage\":\"es\",\"potentialAction\":[{\"@type\":\"ReadAction\",\"target\":[\"https:\\\/\\\/patagoniambiental.com.ar\\\/info\\\/alemania-ya-produce-el-50-de-su-energia-con-sol-espana-el-5\\\/\"]}]},{\"@type\":\"ImageObject\",\"inLanguage\":\"es\",\"@id\":\"https:\\\/\\\/patagoniambiental.com.ar\\\/info\\\/alemania-ya-produce-el-50-de-su-energia-con-sol-espana-el-5\\\/#primaryimage\",\"url\":\"https:\\\/\\\/patagoniambiental.com.ar\\\/info\\\/wp-content\\\/uploads\\\/2017\\\/09\\\/alemania-paneles-solares.jpg\",\"contentUrl\":\"https:\\\/\\\/patagoniambiental.com.ar\\\/info\\\/wp-content\\\/uploads\\\/2017\\\/09\\\/alemania-paneles-solares.jpg\",\"width\":275,\"height\":183},{\"@type\":\"BreadcrumbList\",\"@id\":\"https:\\\/\\\/patagoniambiental.com.ar\\\/info\\\/alemania-ya-produce-el-50-de-su-energia-con-sol-espana-el-5\\\/#breadcrumb\",\"itemListElement\":[{\"@type\":\"ListItem\",\"position\":1,\"name\":\"Inicio\",\"item\":\"https:\\\/\\\/patagoniambiental.com.ar\\\/info\\\/\"},{\"@type\":\"ListItem\",\"position\":2,\"name\":\"Alemania ya produce el 50% de su energ\u00eda con sol, Espa\u00f1a el 5%\"}]},{\"@type\":\"WebSite\",\"@id\":\"https:\\\/\\\/patagoniambiental.com.ar\\\/info\\\/#website\",\"url\":\"https:\\\/\\\/patagoniambiental.com.ar\\\/info\\\/\",\"name\":\"Patagonia Ambiental\",\"description\":\"Monitoreo y an\u00e1lisis de la situaci\u00f3n geopol\u00edtica en el mundo y su implicancia en la Patagonia\",\"publisher\":{\"@id\":\"https:\\\/\\\/patagoniambiental.com.ar\\\/info\\\/#organization\"},\"potentialAction\":[{\"@type\":\"SearchAction\",\"target\":{\"@type\":\"EntryPoint\",\"urlTemplate\":\"https:\\\/\\\/patagoniambiental.com.ar\\\/info\\\/?s={search_term_string}\"},\"query-input\":{\"@type\":\"PropertyValueSpecification\",\"valueRequired\":true,\"valueName\":\"search_term_string\"}}],\"inLanguage\":\"es\"},{\"@type\":\"Organization\",\"@id\":\"https:\\\/\\\/patagoniambiental.com.ar\\\/info\\\/#organization\",\"name\":\"Patagonia Ambiental\",\"url\":\"https:\\\/\\\/patagoniambiental.com.ar\\\/info\\\/\",\"logo\":{\"@type\":\"ImageObject\",\"inLanguage\":\"es\",\"@id\":\"https:\\\/\\\/patagoniambiental.com.ar\\\/info\\\/#\\\/schema\\\/logo\\\/image\\\/\",\"url\":\"https:\\\/\\\/patagoniambiental.com.ar\\\/info\\\/wp-content\\\/uploads\\\/2025\\\/05\\\/LOGO-PATAGONIA-AMBIENTAL.png\",\"contentUrl\":\"https:\\\/\\\/patagoniambiental.com.ar\\\/info\\\/wp-content\\\/uploads\\\/2025\\\/05\\\/LOGO-PATAGONIA-AMBIENTAL.png\",\"width\":433,\"height\":250,\"caption\":\"Patagonia Ambiental\"},\"image\":{\"@id\":\"https:\\\/\\\/patagoniambiental.com.ar\\\/info\\\/#\\\/schema\\\/logo\\\/image\\\/\"},\"sameAs\":[\"https:\\\/\\\/www.facebook.com\\\/patagonia.ambiental\",\"https:\\\/\\\/x.com\\\/PatAmb\"]},{\"@type\":\"Person\",\"@id\":\"https:\\\/\\\/patagoniambiental.com.ar\\\/info\\\/#\\\/schema\\\/person\\\/db12bff64bbcbf6a253710bf0ea37b5d\",\"name\":\"Patagonia Ambiental\",\"description\":\"Andr\u00e9s Nievas T\u00e9cnico en manejo ambiental, consultor Ambiental y escritor para medios locales e internacionales sobre temas de geopolitica y medio ambiente.\",\"sameAs\":[\"http:\\\/\\\/www.patagoniambiental.com.ar\",\"https:\\\/\\\/www.facebook.com\\\/share\\\/1C1V8Gv9BX\\\/?mibextid=qi2Omg\",\"@patagoniambiental\",\"https:\\\/\\\/youtube.com\\\/@patagoniaambiental2023?si=BLt58t0wuXquxlYZ\"]}]}<\/script>\n<!-- \/ Yoast SEO Premium plugin. -->","yoast_head_json":{"title":"Alemania ya produce el 50% de su energ\u00eda con sol, Espa\u00f1a el 5%","robots":{"index":"index","follow":"follow","max-snippet":"max-snippet:-1","max-image-preview":"max-image-preview:large","max-video-preview":"max-video-preview:-1"},"canonical":"https:\/\/patagoniambiental.com.ar\/info\/alemania-ya-produce-el-50-de-su-energia-con-sol-espana-el-5\/","og_locale":"es_ES","og_type":"article","og_title":"Alemania ya produce el 50% de su energ\u00eda con sol, Espa\u00f1a el 5%","og_description":"Sin embargo, nadie duda que la realidad no es esa. Espa\u00f1a es el pa\u00eds con m\u00e1s radiaci\u00f3n solar de Europa, [&hellip;]","og_url":"https:\/\/patagoniambiental.com.ar\/info\/alemania-ya-produce-el-50-de-su-energia-con-sol-espana-el-5\/","og_site_name":"Patagonia Ambiental","article_publisher":"https:\/\/www.facebook.com\/patagonia.ambiental","article_author":"https:\/\/www.facebook.com\/share\/1C1V8Gv9BX\/?mibextid=qi2Omg","article_published_time":"2017-09-27T12:00:32+00:00","og_image":[{"width":275,"height":183,"url":"https:\/\/patagoniambiental.com.ar\/info\/wp-content\/uploads\/2017\/09\/alemania-paneles-solares.jpg","type":"image\/jpeg"}],"author":"Patagonia Ambiental","twitter_card":"summary_large_image","twitter_creator":"@PatAmb","twitter_site":"@PatAmb","schema":{"@context":"https:\/\/schema.org","@graph":[{"@type":"Article","@id":"https:\/\/patagoniambiental.com.ar\/info\/alemania-ya-produce-el-50-de-su-energia-con-sol-espana-el-5\/#article","isPartOf":{"@id":"https:\/\/patagoniambiental.com.ar\/info\/alemania-ya-produce-el-50-de-su-energia-con-sol-espana-el-5\/"},"author":{"name":"Patagonia Ambiental","@id":"https:\/\/patagoniambiental.com.ar\/info\/#\/schema\/person\/db12bff64bbcbf6a253710bf0ea37b5d"},"headline":"Alemania ya produce el 50% de su energ\u00eda con sol, Espa\u00f1a el 5%","datePublished":"2017-09-27T12:00:32+00:00","mainEntityOfPage":{"@id":"https:\/\/patagoniambiental.com.ar\/info\/alemania-ya-produce-el-50-de-su-energia-con-sol-espana-el-5\/"},"wordCount":505,"commentCount":0,"publisher":{"@id":"https:\/\/patagoniambiental.com.ar\/info\/#organization"},"image":{"@id":"https:\/\/patagoniambiental.com.ar\/info\/alemania-ya-produce-el-50-de-su-energia-con-sol-espana-el-5\/#primaryimage"},"thumbnailUrl":"https:\/\/patagoniambiental.com.ar\/info\/wp-content\/uploads\/2017\/09\/alemania-paneles-solares.jpg","articleSection":["Internacionales","Noticias"],"inLanguage":"es","potentialAction":[{"@type":"CommentAction","name":"Comment","target":["https:\/\/patagoniambiental.com.ar\/info\/alemania-ya-produce-el-50-de-su-energia-con-sol-espana-el-5\/#respond"]}]},{"@type":"WebPage","@id":"https:\/\/patagoniambiental.com.ar\/info\/alemania-ya-produce-el-50-de-su-energia-con-sol-espana-el-5\/","url":"https:\/\/patagoniambiental.com.ar\/info\/alemania-ya-produce-el-50-de-su-energia-con-sol-espana-el-5\/","name":"Alemania ya produce el 50% de su energ\u00eda con sol, Espa\u00f1a el 5%","isPartOf":{"@id":"https:\/\/patagoniambiental.com.ar\/info\/#website"},"primaryImageOfPage":{"@id":"https:\/\/patagoniambiental.com.ar\/info\/alemania-ya-produce-el-50-de-su-energia-con-sol-espana-el-5\/#primaryimage"},"image":{"@id":"https:\/\/patagoniambiental.com.ar\/info\/alemania-ya-produce-el-50-de-su-energia-con-sol-espana-el-5\/#primaryimage"},"thumbnailUrl":"https:\/\/patagoniambiental.com.ar\/info\/wp-content\/uploads\/2017\/09\/alemania-paneles-solares.jpg","datePublished":"2017-09-27T12:00:32+00:00","breadcrumb":{"@id":"https:\/\/patagoniambiental.com.ar\/info\/alemania-ya-produce-el-50-de-su-energia-con-sol-espana-el-5\/#breadcrumb"},"inLanguage":"es","potentialAction":[{"@type":"ReadAction","target":["https:\/\/patagoniambiental.com.ar\/info\/alemania-ya-produce-el-50-de-su-energia-con-sol-espana-el-5\/"]}]},{"@type":"ImageObject","inLanguage":"es","@id":"https:\/\/patagoniambiental.com.ar\/info\/alemania-ya-produce-el-50-de-su-energia-con-sol-espana-el-5\/#primaryimage","url":"https:\/\/patagoniambiental.com.ar\/info\/wp-content\/uploads\/2017\/09\/alemania-paneles-solares.jpg","contentUrl":"https:\/\/patagoniambiental.com.ar\/info\/wp-content\/uploads\/2017\/09\/alemania-paneles-solares.jpg","width":275,"height":183},{"@type":"BreadcrumbList","@id":"https:\/\/patagoniambiental.com.ar\/info\/alemania-ya-produce-el-50-de-su-energia-con-sol-espana-el-5\/#breadcrumb","itemListElement":[{"@type":"ListItem","position":1,"name":"Inicio","item":"https:\/\/patagoniambiental.com.ar\/info\/"},{"@type":"ListItem","position":2,"name":"Alemania ya produce el 50% de su energ\u00eda con sol, Espa\u00f1a el 5%"}]},{"@type":"WebSite","@id":"https:\/\/patagoniambiental.com.ar\/info\/#website","url":"https:\/\/patagoniambiental.com.ar\/info\/","name":"Patagonia Ambiental","description":"Monitoreo y an\u00e1lisis de la situaci\u00f3n geopol\u00edtica en el mundo y su implicancia en la Patagonia","publisher":{"@id":"https:\/\/patagoniambiental.com.ar\/info\/#organization"},"potentialAction":[{"@type":"SearchAction","target":{"@type":"EntryPoint","urlTemplate":"https:\/\/patagoniambiental.com.ar\/info\/?s={search_term_string}"},"query-input":{"@type":"PropertyValueSpecification","valueRequired":true,"valueName":"search_term_string"}}],"inLanguage":"es"},{"@type":"Organization","@id":"https:\/\/patagoniambiental.com.ar\/info\/#organization","name":"Patagonia Ambiental","url":"https:\/\/patagoniambiental.com.ar\/info\/","logo":{"@type":"ImageObject","inLanguage":"es","@id":"https:\/\/patagoniambiental.com.ar\/info\/#\/schema\/logo\/image\/","url":"https:\/\/patagoniambiental.com.ar\/info\/wp-content\/uploads\/2025\/05\/LOGO-PATAGONIA-AMBIENTAL.png","contentUrl":"https:\/\/patagoniambiental.com.ar\/info\/wp-content\/uploads\/2025\/05\/LOGO-PATAGONIA-AMBIENTAL.png","width":433,"height":250,"caption":"Patagonia Ambiental"},"image":{"@id":"https:\/\/patagoniambiental.com.ar\/info\/#\/schema\/logo\/image\/"},"sameAs":["https:\/\/www.facebook.com\/patagonia.ambiental","https:\/\/x.com\/PatAmb"]},{"@type":"Person","@id":"https:\/\/patagoniambiental.com.ar\/info\/#\/schema\/person\/db12bff64bbcbf6a253710bf0ea37b5d","name":"Patagonia Ambiental","description":"Andr\u00e9s Nievas T\u00e9cnico en manejo ambiental, consultor Ambiental y escritor para medios locales e internacionales sobre temas de geopolitica y medio ambiente.","sameAs":["http:\/\/www.patagoniambiental.com.ar","https:\/\/www.facebook.com\/share\/1C1V8Gv9BX\/?mibextid=qi2Omg","@patagoniambiental","https:\/\/youtube.com\/@patagoniaambiental2023?si=BLt58t0wuXquxlYZ"]}]}},"_links":{"self":[{"href":"https:\/\/patagoniambiental.com.ar\/info\/wp-json\/wp\/v2\/posts\/35519","targetHints":{"allow":["GET"]}}],"collection":[{"href":"https:\/\/patagoniambiental.com.ar\/info\/wp-json\/wp\/v2\/posts"}],"about":[{"href":"https:\/\/patagoniambiental.com.ar\/info\/wp-json\/wp\/v2\/types\/post"}],"author":[{"embeddable":true,"href":"https:\/\/patagoniambiental.com.ar\/info\/wp-json\/wp\/v2\/users\/2"}],"replies":[{"embeddable":true,"href":"https:\/\/patagoniambiental.com.ar\/info\/wp-json\/wp\/v2\/comments?post=35519"}],"version-history":[{"count":0,"href":"https:\/\/patagoniambiental.com.ar\/info\/wp-json\/wp\/v2\/posts\/35519\/revisions"}],"wp:featuredmedia":[{"embeddable":true,"href":"https:\/\/patagoniambiental.com.ar\/info\/wp-json\/wp\/v2\/media\/35520"}],"wp:attachment":[{"href":"https:\/\/patagoniambiental.com.ar\/info\/wp-json\/wp\/v2\/media?parent=35519"}],"wp:term":[{"taxonomy":"category","embeddable":true,"href":"https:\/\/patagoniambiental.com.ar\/info\/wp-json\/wp\/v2\/categories?post=35519"},{"taxonomy":"post_tag","embeddable":true,"href":"https:\/\/patagoniambiental.com.ar\/info\/wp-json\/wp\/v2\/tags?post=35519"}],"curies":[{"name":"wp","href":"https:\/\/api.w.org\/{rel}","templated":true}]}}