{"id":35522,"date":"2017-09-27T09:00:10","date_gmt":"2017-09-27T12:00:10","guid":{"rendered":"http:\/\/patagoniambiental.com.ar\/info\/?p=35522"},"modified":"2017-09-26T21:36:01","modified_gmt":"2017-09-27T00:36:01","slug":"caleta-olivia-instituciones-educativas-concientizan-sobre-el-cuidado-del-medio-ambiente","status":"publish","type":"post","link":"https:\/\/patagoniambiental.com.ar\/info\/caleta-olivia-instituciones-educativas-concientizan-sobre-el-cuidado-del-medio-ambiente\/","title":{"rendered":"Caleta Olivia: Instituciones educativas concientizan sobre el cuidado del medio ambiente"},"content":{"rendered":"<div>\n<header>CALETA OLIVIA.- Las docentes Marta Tula y Ang\u00e9lica Flores organizan una jornada de concientizaci\u00f3n ambiental que tendr\u00e1 lugar en el Monumento del Obrero Petrolero al 2 de Octubre. Para ello convocan a otras instituciones educativas que aborden esta tem\u00e1tica a sumarse de esta forma a la recordaci\u00f3n del D\u00eda de la Conciencia Ambiental. De 9 a 12 y desde las 14 a 17 horas cada instituci\u00f3n presentar\u00e1 y explicar\u00e1 su proyecto.<\/p>\n<div class=\"XXtextoNota clearfix\">\n<div align=\"justify\">\n<p>La iniciativa cuenta con el apoyo y acompa\u00f1amiento de la Municipalidad a trav\u00e9s de la Secretar\u00eda de Relaciones Institucionales. \u201cYa confirmaron varias instituciones y esperamos que se sumen m\u00e1s, aprovechamos a seguir invitando a quienes tengan proyectos relacionados con el cuidado del medio ambiente\u201d, expres\u00f3 Tula y agreg\u00f3 que esta uni\u00f3n tiene el objetivo de ayudar a la comunidad. El D\u00eda de la Conciencia Ambiental se conmemora cada 27 de Septiembre, pero en este caso se utilizar\u00e1 el 2 de octubre para desarrollar la actividad.<br \/>\nEl 8 de octubre se cumplen cuatro a\u00f1os de trabajo que realiza la Escuela Provincial en recuperaci\u00f3n de residuos. \u201cColaboramos con el Hospital Garrahan con tapitas, papeles y llaves. Ahora tratamos de\u00a0recuperar otros residuos que se generan dentro de la instituci\u00f3n como cart\u00f3n, todo tipo de pl\u00e1sticos y nylon\u201d. El proyecto tuvo muy bueno resultados: en el \u00faltimo a\u00f1o, se entregaron 3352 kilos de residuos m\u00e1s \u00a0lo que se entreg\u00f3 al Hospital Garrahan.<br \/>\nAgradecieron a los alumnos comprometidos en la tarea que se v\u00a0reflejada en los juegos instalados en el patio de la escuela confeccionados con botellas recicladas. \u201cEllos est\u00e1n muy motivados, de ellos tenemos que aprender\u201d, sostuvo la docente.<br \/>\nAng\u00e9lica Flores acompa\u00f1a esta iniciativa que comenz\u00f3 con los alumnos y se ampl\u00eda. \u201cEste proyecto es muy importante teniendo en cuenta la situaci\u00f3n que estamos pasando en Caleta Olivia. Tambi\u00e9n es importante<br \/>\nque jardines, primarias y secundarias se unan por el bien de lacomunidad. Si nos ponemos desde cada hogar a reciclar, Caleta ser\u00eda otra\u201d, asegur\u00f3.<br \/>\nDesde 1995 se recuerda el 27 de Septiembre como el \u201cD\u00eda Nacional de la Conciencia Ambiental\u201d en memoria de las personas fallecidas como\u00a0consecuencia del escape de \u00e1cido cianh\u00eddrico ocurrido en la ciudad de Avellaneda, provincia de Buenos Aires, el 27 de Septiembre de 1993.<\/p>\n<p>Fuente:\u00a0http:\/\/www.tiemposur.com.ar\/nota\/139585-instituciones-educativas-concientizan-sobre-el-cuidado-del-medio-ambiente<\/p>\n<\/div>\n<\/div>\n<div class=\"votes clearfix\"><\/div>\n<\/header>\n<\/div>\n<div class=\"clear\"><\/div>\n<div class=\"image\"><\/div>\n","protected":false},"excerpt":{"rendered":"<p>CALETA OLIVIA.- Las docentes Marta Tula y Ang\u00e9lica Flores organizan una jornada de concientizaci\u00f3n ambiental que tendr\u00e1 lugar en el [&hellip;]<\/p>\n","protected":false},"author":2,"featured_media":35523,"comment_status":"open","ping_status":"open","sticky":false,"template":"","format":"standard","meta":{"site-sidebar-layout":"default","site-content-layout":"","ast-site-content-layout":"default","site-content-style":"default","site-sidebar-style":"default","ast-global-header-display":"","ast-banner-title-visibility":"","ast-main-header-display":"","ast-hfb-above-header-display":"","ast-hfb-below-header-display":"","ast-hfb-mobile-header-display":"","site-post-title":"","ast-breadcrumbs-content":"","ast-featured-img":"","footer-sml-layout":"","ast-disable-related-posts":"","theme-transparent-header-meta":"","adv-header-id-meta":"","stick-header-meta":"","header-above-stick-meta":"","header-main-stick-meta":"","header-below-stick-meta":"","astra-migrate-meta-layouts":"default","ast-page-background-enabled":"default","ast-page-background-meta":{"desktop":{"background-color":"var(--ast-global-color-5)","background-image":"","background-repeat":"repeat","background-position":"center center","background-size":"auto","background-attachment":"scroll","background-type":"","background-media":"","overlay-type":"","overlay-color":"","overlay-opacity":"","overlay-gradient":""},"tablet":{"background-color":"","background-image":"","background-repeat":"repeat","background-position":"center center","background-size":"auto","background-attachment":"scroll","background-type":"","background-media":"","overlay-type":"","overlay-color":"","overlay-opacity":"","overlay-gradient":""},"mobile":{"background-color":"","background-image":"","background-repeat":"repeat","background-position":"center center","background-size":"auto","background-attachment":"scroll","background-type":"","background-media":"","overlay-type":"","overlay-color":"","overlay-opacity":"","overlay-gradient":""}},"ast-content-background-meta":{"desktop":{"background-color":"var(--ast-global-color-4)","background-image":"","background-repeat":"repeat","background-position":"center center","background-size":"auto","background-attachment":"scroll","background-type":"","background-media":"","overlay-type":"","overlay-color":"","overlay-opacity":"","overlay-gradient":""},"tablet":{"background-color":"var(--ast-global-color-4)","background-image":"","background-repeat":"repeat","background-position":"center center","background-size":"auto","background-attachment":"scroll","background-type":"","background-media":"","overlay-type":"","overlay-color":"","overlay-opacity":"","overlay-gradient":""},"mobile":{"background-color":"var(--ast-global-color-4)","background-image":"","background-repeat":"repeat","background-position":"center center","background-size":"auto","background-attachment":"scroll","background-type":"","background-media":"","overlay-type":"","overlay-color":"","overlay-opacity":"","overlay-gradient":""}},"footnotes":""},"categories":[12,46,1],"tags":[],"class_list":["post-35522","post","type-post","status-publish","format-standard","has-post-thumbnail","hentry","category-agenda-ambiental","category-municipios","category-noticias"],"yoast_head":"<!-- This site is optimized with the Yoast SEO Premium plugin v23.0 (Yoast SEO v27.5) - https:\/\/yoast.com\/product\/yoast-seo-premium-wordpress\/ -->\n<title>Caleta Olivia: Instituciones educativas concientizan sobre el cuidado del medio ambiente<\/title>\n<meta name=\"robots\" content=\"index, follow, max-snippet:-1, max-image-preview:large, max-video-preview:-1\" \/>\n<link rel=\"canonical\" href=\"https:\/\/patagoniambiental.com.ar\/info\/caleta-olivia-instituciones-educativas-concientizan-sobre-el-cuidado-del-medio-ambiente\/\" \/>\n<meta property=\"og:locale\" content=\"es_ES\" \/>\n<meta property=\"og:type\" content=\"article\" \/>\n<meta property=\"og:title\" content=\"Caleta Olivia: Instituciones educativas concientizan sobre el cuidado del medio ambiente\" \/>\n<meta property=\"og:description\" content=\"CALETA OLIVIA.- Las docentes Marta Tula y Ang\u00e9lica Flores organizan una jornada de concientizaci\u00f3n ambiental que tendr\u00e1 lugar en el [&hellip;]\" \/>\n<meta property=\"og:url\" content=\"https:\/\/patagoniambiental.com.ar\/info\/caleta-olivia-instituciones-educativas-concientizan-sobre-el-cuidado-del-medio-ambiente\/\" \/>\n<meta property=\"og:site_name\" content=\"Patagonia Ambiental\" \/>\n<meta property=\"article:publisher\" content=\"https:\/\/www.facebook.com\/patagonia.ambiental\" \/>\n<meta property=\"article:author\" content=\"https:\/\/www.facebook.com\/share\/1C1V8Gv9BX\/?mibextid=qi2Omg\" \/>\n<meta property=\"article:published_time\" content=\"2017-09-27T12:00:10+00:00\" \/>\n<meta property=\"og:image\" content=\"https:\/\/patagoniambiental.com.ar\/info\/wp-content\/uploads\/2017\/09\/caleta-olivia.jpg\" \/>\n\t<meta property=\"og:image:width\" content=\"555\" \/>\n\t<meta property=\"og:image:height\" content=\"371\" \/>\n\t<meta property=\"og:image:type\" content=\"image\/jpeg\" \/>\n<meta name=\"author\" content=\"Patagonia Ambiental\" \/>\n<meta name=\"twitter:card\" content=\"summary_large_image\" \/>\n<meta name=\"twitter:creator\" content=\"@PatAmb\" \/>\n<meta name=\"twitter:site\" content=\"@PatAmb\" \/>\n<script type=\"application\/ld+json\" class=\"yoast-schema-graph\">{\"@context\":\"https:\\\/\\\/schema.org\",\"@graph\":[{\"@type\":\"Article\",\"@id\":\"https:\\\/\\\/patagoniambiental.com.ar\\\/info\\\/caleta-olivia-instituciones-educativas-concientizan-sobre-el-cuidado-del-medio-ambiente\\\/#article\",\"isPartOf\":{\"@id\":\"https:\\\/\\\/patagoniambiental.com.ar\\\/info\\\/caleta-olivia-instituciones-educativas-concientizan-sobre-el-cuidado-del-medio-ambiente\\\/\"},\"author\":{\"name\":\"Patagonia Ambiental\",\"@id\":\"https:\\\/\\\/patagoniambiental.com.ar\\\/info\\\/#\\\/schema\\\/person\\\/db12bff64bbcbf6a253710bf0ea37b5d\"},\"headline\":\"Caleta Olivia: Instituciones educativas concientizan sobre el cuidado del medio ambiente\",\"datePublished\":\"2017-09-27T12:00:10+00:00\",\"mainEntityOfPage\":{\"@id\":\"https:\\\/\\\/patagoniambiental.com.ar\\\/info\\\/caleta-olivia-instituciones-educativas-concientizan-sobre-el-cuidado-del-medio-ambiente\\\/\"},\"wordCount\":404,\"commentCount\":0,\"publisher\":{\"@id\":\"https:\\\/\\\/patagoniambiental.com.ar\\\/info\\\/#organization\"},\"image\":{\"@id\":\"https:\\\/\\\/patagoniambiental.com.ar\\\/info\\\/caleta-olivia-instituciones-educativas-concientizan-sobre-el-cuidado-del-medio-ambiente\\\/#primaryimage\"},\"thumbnailUrl\":\"https:\\\/\\\/patagoniambiental.com.ar\\\/info\\\/wp-content\\\/uploads\\\/2017\\\/09\\\/caleta-olivia.jpg\",\"articleSection\":[\"Agenda Ambiental\",\"Municipios\",\"Noticias\"],\"inLanguage\":\"es\",\"potentialAction\":[{\"@type\":\"CommentAction\",\"name\":\"Comment\",\"target\":[\"https:\\\/\\\/patagoniambiental.com.ar\\\/info\\\/caleta-olivia-instituciones-educativas-concientizan-sobre-el-cuidado-del-medio-ambiente\\\/#respond\"]}]},{\"@type\":\"WebPage\",\"@id\":\"https:\\\/\\\/patagoniambiental.com.ar\\\/info\\\/caleta-olivia-instituciones-educativas-concientizan-sobre-el-cuidado-del-medio-ambiente\\\/\",\"url\":\"https:\\\/\\\/patagoniambiental.com.ar\\\/info\\\/caleta-olivia-instituciones-educativas-concientizan-sobre-el-cuidado-del-medio-ambiente\\\/\",\"name\":\"Caleta Olivia: Instituciones educativas concientizan sobre el cuidado del medio ambiente\",\"isPartOf\":{\"@id\":\"https:\\\/\\\/patagoniambiental.com.ar\\\/info\\\/#website\"},\"primaryImageOfPage\":{\"@id\":\"https:\\\/\\\/patagoniambiental.com.ar\\\/info\\\/caleta-olivia-instituciones-educativas-concientizan-sobre-el-cuidado-del-medio-ambiente\\\/#primaryimage\"},\"image\":{\"@id\":\"https:\\\/\\\/patagoniambiental.com.ar\\\/info\\\/caleta-olivia-instituciones-educativas-concientizan-sobre-el-cuidado-del-medio-ambiente\\\/#primaryimage\"},\"thumbnailUrl\":\"https:\\\/\\\/patagoniambiental.com.ar\\\/info\\\/wp-content\\\/uploads\\\/2017\\\/09\\\/caleta-olivia.jpg\",\"datePublished\":\"2017-09-27T12:00:10+00:00\",\"breadcrumb\":{\"@id\":\"https:\\\/\\\/patagoniambiental.com.ar\\\/info\\\/caleta-olivia-instituciones-educativas-concientizan-sobre-el-cuidado-del-medio-ambiente\\\/#breadcrumb\"},\"inLanguage\":\"es\",\"potentialAction\":[{\"@type\":\"ReadAction\",\"target\":[\"https:\\\/\\\/patagoniambiental.com.ar\\\/info\\\/caleta-olivia-instituciones-educativas-concientizan-sobre-el-cuidado-del-medio-ambiente\\\/\"]}]},{\"@type\":\"ImageObject\",\"inLanguage\":\"es\",\"@id\":\"https:\\\/\\\/patagoniambiental.com.ar\\\/info\\\/caleta-olivia-instituciones-educativas-concientizan-sobre-el-cuidado-del-medio-ambiente\\\/#primaryimage\",\"url\":\"https:\\\/\\\/patagoniambiental.com.ar\\\/info\\\/wp-content\\\/uploads\\\/2017\\\/09\\\/caleta-olivia.jpg\",\"contentUrl\":\"https:\\\/\\\/patagoniambiental.com.ar\\\/info\\\/wp-content\\\/uploads\\\/2017\\\/09\\\/caleta-olivia.jpg\",\"width\":555,\"height\":371},{\"@type\":\"BreadcrumbList\",\"@id\":\"https:\\\/\\\/patagoniambiental.com.ar\\\/info\\\/caleta-olivia-instituciones-educativas-concientizan-sobre-el-cuidado-del-medio-ambiente\\\/#breadcrumb\",\"itemListElement\":[{\"@type\":\"ListItem\",\"position\":1,\"name\":\"Inicio\",\"item\":\"https:\\\/\\\/patagoniambiental.com.ar\\\/info\\\/\"},{\"@type\":\"ListItem\",\"position\":2,\"name\":\"Caleta Olivia: Instituciones educativas concientizan sobre el cuidado del medio ambiente\"}]},{\"@type\":\"WebSite\",\"@id\":\"https:\\\/\\\/patagoniambiental.com.ar\\\/info\\\/#website\",\"url\":\"https:\\\/\\\/patagoniambiental.com.ar\\\/info\\\/\",\"name\":\"Patagonia Ambiental\",\"description\":\"Monitoreo y an\u00e1lisis de la situaci\u00f3n geopol\u00edtica en el mundo y su implicancia en la Patagonia\",\"publisher\":{\"@id\":\"https:\\\/\\\/patagoniambiental.com.ar\\\/info\\\/#organization\"},\"potentialAction\":[{\"@type\":\"SearchAction\",\"target\":{\"@type\":\"EntryPoint\",\"urlTemplate\":\"https:\\\/\\\/patagoniambiental.com.ar\\\/info\\\/?s={search_term_string}\"},\"query-input\":{\"@type\":\"PropertyValueSpecification\",\"valueRequired\":true,\"valueName\":\"search_term_string\"}}],\"inLanguage\":\"es\"},{\"@type\":\"Organization\",\"@id\":\"https:\\\/\\\/patagoniambiental.com.ar\\\/info\\\/#organization\",\"name\":\"Patagonia Ambiental\",\"url\":\"https:\\\/\\\/patagoniambiental.com.ar\\\/info\\\/\",\"logo\":{\"@type\":\"ImageObject\",\"inLanguage\":\"es\",\"@id\":\"https:\\\/\\\/patagoniambiental.com.ar\\\/info\\\/#\\\/schema\\\/logo\\\/image\\\/\",\"url\":\"https:\\\/\\\/patagoniambiental.com.ar\\\/info\\\/wp-content\\\/uploads\\\/2025\\\/05\\\/LOGO-PATAGONIA-AMBIENTAL.png\",\"contentUrl\":\"https:\\\/\\\/patagoniambiental.com.ar\\\/info\\\/wp-content\\\/uploads\\\/2025\\\/05\\\/LOGO-PATAGONIA-AMBIENTAL.png\",\"width\":433,\"height\":250,\"caption\":\"Patagonia Ambiental\"},\"image\":{\"@id\":\"https:\\\/\\\/patagoniambiental.com.ar\\\/info\\\/#\\\/schema\\\/logo\\\/image\\\/\"},\"sameAs\":[\"https:\\\/\\\/www.facebook.com\\\/patagonia.ambiental\",\"https:\\\/\\\/x.com\\\/PatAmb\"]},{\"@type\":\"Person\",\"@id\":\"https:\\\/\\\/patagoniambiental.com.ar\\\/info\\\/#\\\/schema\\\/person\\\/db12bff64bbcbf6a253710bf0ea37b5d\",\"name\":\"Patagonia Ambiental\",\"description\":\"Andr\u00e9s Nievas T\u00e9cnico en manejo ambiental, consultor Ambiental y escritor para medios locales e internacionales sobre temas de geopolitica y medio ambiente.\",\"sameAs\":[\"http:\\\/\\\/www.patagoniambiental.com.ar\",\"https:\\\/\\\/www.facebook.com\\\/share\\\/1C1V8Gv9BX\\\/?mibextid=qi2Omg\",\"@patagoniambiental\",\"https:\\\/\\\/youtube.com\\\/@patagoniaambiental2023?si=BLt58t0wuXquxlYZ\"]}]}<\/script>\n<!-- \/ Yoast SEO Premium plugin. -->","yoast_head_json":{"title":"Caleta Olivia: Instituciones educativas concientizan sobre el cuidado del medio ambiente","robots":{"index":"index","follow":"follow","max-snippet":"max-snippet:-1","max-image-preview":"max-image-preview:large","max-video-preview":"max-video-preview:-1"},"canonical":"https:\/\/patagoniambiental.com.ar\/info\/caleta-olivia-instituciones-educativas-concientizan-sobre-el-cuidado-del-medio-ambiente\/","og_locale":"es_ES","og_type":"article","og_title":"Caleta Olivia: Instituciones educativas concientizan sobre el cuidado del medio ambiente","og_description":"CALETA OLIVIA.- Las docentes Marta Tula y Ang\u00e9lica Flores organizan una jornada de concientizaci\u00f3n ambiental que tendr\u00e1 lugar en el [&hellip;]","og_url":"https:\/\/patagoniambiental.com.ar\/info\/caleta-olivia-instituciones-educativas-concientizan-sobre-el-cuidado-del-medio-ambiente\/","og_site_name":"Patagonia Ambiental","article_publisher":"https:\/\/www.facebook.com\/patagonia.ambiental","article_author":"https:\/\/www.facebook.com\/share\/1C1V8Gv9BX\/?mibextid=qi2Omg","article_published_time":"2017-09-27T12:00:10+00:00","og_image":[{"width":555,"height":371,"url":"https:\/\/patagoniambiental.com.ar\/info\/wp-content\/uploads\/2017\/09\/caleta-olivia.jpg","type":"image\/jpeg"}],"author":"Patagonia Ambiental","twitter_card":"summary_large_image","twitter_creator":"@PatAmb","twitter_site":"@PatAmb","schema":{"@context":"https:\/\/schema.org","@graph":[{"@type":"Article","@id":"https:\/\/patagoniambiental.com.ar\/info\/caleta-olivia-instituciones-educativas-concientizan-sobre-el-cuidado-del-medio-ambiente\/#article","isPartOf":{"@id":"https:\/\/patagoniambiental.com.ar\/info\/caleta-olivia-instituciones-educativas-concientizan-sobre-el-cuidado-del-medio-ambiente\/"},"author":{"name":"Patagonia Ambiental","@id":"https:\/\/patagoniambiental.com.ar\/info\/#\/schema\/person\/db12bff64bbcbf6a253710bf0ea37b5d"},"headline":"Caleta Olivia: Instituciones educativas concientizan sobre el cuidado del medio ambiente","datePublished":"2017-09-27T12:00:10+00:00","mainEntityOfPage":{"@id":"https:\/\/patagoniambiental.com.ar\/info\/caleta-olivia-instituciones-educativas-concientizan-sobre-el-cuidado-del-medio-ambiente\/"},"wordCount":404,"commentCount":0,"publisher":{"@id":"https:\/\/patagoniambiental.com.ar\/info\/#organization"},"image":{"@id":"https:\/\/patagoniambiental.com.ar\/info\/caleta-olivia-instituciones-educativas-concientizan-sobre-el-cuidado-del-medio-ambiente\/#primaryimage"},"thumbnailUrl":"https:\/\/patagoniambiental.com.ar\/info\/wp-content\/uploads\/2017\/09\/caleta-olivia.jpg","articleSection":["Agenda Ambiental","Municipios","Noticias"],"inLanguage":"es","potentialAction":[{"@type":"CommentAction","name":"Comment","target":["https:\/\/patagoniambiental.com.ar\/info\/caleta-olivia-instituciones-educativas-concientizan-sobre-el-cuidado-del-medio-ambiente\/#respond"]}]},{"@type":"WebPage","@id":"https:\/\/patagoniambiental.com.ar\/info\/caleta-olivia-instituciones-educativas-concientizan-sobre-el-cuidado-del-medio-ambiente\/","url":"https:\/\/patagoniambiental.com.ar\/info\/caleta-olivia-instituciones-educativas-concientizan-sobre-el-cuidado-del-medio-ambiente\/","name":"Caleta Olivia: Instituciones educativas concientizan sobre el cuidado del medio ambiente","isPartOf":{"@id":"https:\/\/patagoniambiental.com.ar\/info\/#website"},"primaryImageOfPage":{"@id":"https:\/\/patagoniambiental.com.ar\/info\/caleta-olivia-instituciones-educativas-concientizan-sobre-el-cuidado-del-medio-ambiente\/#primaryimage"},"image":{"@id":"https:\/\/patagoniambiental.com.ar\/info\/caleta-olivia-instituciones-educativas-concientizan-sobre-el-cuidado-del-medio-ambiente\/#primaryimage"},"thumbnailUrl":"https:\/\/patagoniambiental.com.ar\/info\/wp-content\/uploads\/2017\/09\/caleta-olivia.jpg","datePublished":"2017-09-27T12:00:10+00:00","breadcrumb":{"@id":"https:\/\/patagoniambiental.com.ar\/info\/caleta-olivia-instituciones-educativas-concientizan-sobre-el-cuidado-del-medio-ambiente\/#breadcrumb"},"inLanguage":"es","potentialAction":[{"@type":"ReadAction","target":["https:\/\/patagoniambiental.com.ar\/info\/caleta-olivia-instituciones-educativas-concientizan-sobre-el-cuidado-del-medio-ambiente\/"]}]},{"@type":"ImageObject","inLanguage":"es","@id":"https:\/\/patagoniambiental.com.ar\/info\/caleta-olivia-instituciones-educativas-concientizan-sobre-el-cuidado-del-medio-ambiente\/#primaryimage","url":"https:\/\/patagoniambiental.com.ar\/info\/wp-content\/uploads\/2017\/09\/caleta-olivia.jpg","contentUrl":"https:\/\/patagoniambiental.com.ar\/info\/wp-content\/uploads\/2017\/09\/caleta-olivia.jpg","width":555,"height":371},{"@type":"BreadcrumbList","@id":"https:\/\/patagoniambiental.com.ar\/info\/caleta-olivia-instituciones-educativas-concientizan-sobre-el-cuidado-del-medio-ambiente\/#breadcrumb","itemListElement":[{"@type":"ListItem","position":1,"name":"Inicio","item":"https:\/\/patagoniambiental.com.ar\/info\/"},{"@type":"ListItem","position":2,"name":"Caleta Olivia: Instituciones educativas concientizan sobre el cuidado del medio ambiente"}]},{"@type":"WebSite","@id":"https:\/\/patagoniambiental.com.ar\/info\/#website","url":"https:\/\/patagoniambiental.com.ar\/info\/","name":"Patagonia Ambiental","description":"Monitoreo y an\u00e1lisis de la situaci\u00f3n geopol\u00edtica en el mundo y su implicancia en la Patagonia","publisher":{"@id":"https:\/\/patagoniambiental.com.ar\/info\/#organization"},"potentialAction":[{"@type":"SearchAction","target":{"@type":"EntryPoint","urlTemplate":"https:\/\/patagoniambiental.com.ar\/info\/?s={search_term_string}"},"query-input":{"@type":"PropertyValueSpecification","valueRequired":true,"valueName":"search_term_string"}}],"inLanguage":"es"},{"@type":"Organization","@id":"https:\/\/patagoniambiental.com.ar\/info\/#organization","name":"Patagonia Ambiental","url":"https:\/\/patagoniambiental.com.ar\/info\/","logo":{"@type":"ImageObject","inLanguage":"es","@id":"https:\/\/patagoniambiental.com.ar\/info\/#\/schema\/logo\/image\/","url":"https:\/\/patagoniambiental.com.ar\/info\/wp-content\/uploads\/2025\/05\/LOGO-PATAGONIA-AMBIENTAL.png","contentUrl":"https:\/\/patagoniambiental.com.ar\/info\/wp-content\/uploads\/2025\/05\/LOGO-PATAGONIA-AMBIENTAL.png","width":433,"height":250,"caption":"Patagonia Ambiental"},"image":{"@id":"https:\/\/patagoniambiental.com.ar\/info\/#\/schema\/logo\/image\/"},"sameAs":["https:\/\/www.facebook.com\/patagonia.ambiental","https:\/\/x.com\/PatAmb"]},{"@type":"Person","@id":"https:\/\/patagoniambiental.com.ar\/info\/#\/schema\/person\/db12bff64bbcbf6a253710bf0ea37b5d","name":"Patagonia Ambiental","description":"Andr\u00e9s Nievas T\u00e9cnico en manejo ambiental, consultor Ambiental y escritor para medios locales e internacionales sobre temas de geopolitica y medio ambiente.","sameAs":["http:\/\/www.patagoniambiental.com.ar","https:\/\/www.facebook.com\/share\/1C1V8Gv9BX\/?mibextid=qi2Omg","@patagoniambiental","https:\/\/youtube.com\/@patagoniaambiental2023?si=BLt58t0wuXquxlYZ"]}]}},"_links":{"self":[{"href":"https:\/\/patagoniambiental.com.ar\/info\/wp-json\/wp\/v2\/posts\/35522","targetHints":{"allow":["GET"]}}],"collection":[{"href":"https:\/\/patagoniambiental.com.ar\/info\/wp-json\/wp\/v2\/posts"}],"about":[{"href":"https:\/\/patagoniambiental.com.ar\/info\/wp-json\/wp\/v2\/types\/post"}],"author":[{"embeddable":true,"href":"https:\/\/patagoniambiental.com.ar\/info\/wp-json\/wp\/v2\/users\/2"}],"replies":[{"embeddable":true,"href":"https:\/\/patagoniambiental.com.ar\/info\/wp-json\/wp\/v2\/comments?post=35522"}],"version-history":[{"count":0,"href":"https:\/\/patagoniambiental.com.ar\/info\/wp-json\/wp\/v2\/posts\/35522\/revisions"}],"wp:featuredmedia":[{"embeddable":true,"href":"https:\/\/patagoniambiental.com.ar\/info\/wp-json\/wp\/v2\/media\/35523"}],"wp:attachment":[{"href":"https:\/\/patagoniambiental.com.ar\/info\/wp-json\/wp\/v2\/media?parent=35522"}],"wp:term":[{"taxonomy":"category","embeddable":true,"href":"https:\/\/patagoniambiental.com.ar\/info\/wp-json\/wp\/v2\/categories?post=35522"},{"taxonomy":"post_tag","embeddable":true,"href":"https:\/\/patagoniambiental.com.ar\/info\/wp-json\/wp\/v2\/tags?post=35522"}],"curies":[{"name":"wp","href":"https:\/\/api.w.org\/{rel}","templated":true}]}}