{"id":35532,"date":"2017-09-27T09:00:37","date_gmt":"2017-09-27T12:00:37","guid":{"rendered":"http:\/\/patagoniambiental.com.ar\/info\/?p=35532"},"modified":"2017-09-26T22:37:04","modified_gmt":"2017-09-27T01:37:04","slug":"provincia-y-municipios-trazan-estrategias-para-resolver-problematicas-de-residuos-y-de-la-ruta-22","status":"publish","type":"post","link":"https:\/\/patagoniambiental.com.ar\/info\/provincia-y-municipios-trazan-estrategias-para-resolver-problematicas-de-residuos-y-de-la-ruta-22\/","title":{"rendered":"R\u00edo Negro: Provincia y Municipios trazan estrategias para resolver problem\u00e1ticas de residuos y de la Ruta 22"},"content":{"rendered":"<p>R\u00cdO\u00a0NEGRO.-\u00a0Los Jefes comunales y la delegada ante el Consejo Federal de Inversiones, Laura Perilli, coincidieron en la necesidad de trabajar en conjunto para abordar temas como los residuos domiciliaros urbanos y la reconversi\u00f3n de la Ruta Nacional 22.<i>\u00a0<\/i><\/p>\n<p>Perilli destac\u00f3 el consenso logrado con los municipios para articular una agenda com\u00fan y una estrategia para tratar regionalmente problemas que afectan a todos. \u201cSon temas que est\u00e1n incluidos en la agenda metropolitana, que compartimos con Neuqu\u00e9n y los municipios de la Confluencia. Pero tambi\u00e9n es cierto que los municipios de R\u00edo Negro tienen sus particularidades que los identifican y es bueno que trabajemos en conjunto con la provincia\u201d, precis\u00f3 Perilli.<\/p>\n<p>Uno de los temas m\u00e1s urgentes es el de los avances que viene realizando Vialidad Nacional en la transformaci\u00f3n de la Ruta 22. Los intendentes y la provincia resolvieron solicitar una audiencia al administrador del organismo, Javier Iguacel, para que brinde detalles sobre la obra.<\/p>\n<p>\u201cUno de los problemas que se nos presenta es que desconocemos el proyecto que tiene Vialidad entre Allen y la zona de los puentes y eso nos preocupa\u201d, manifest\u00f3 Perilli. En la oportunidad se trat\u00f3 el pedido efectuado por legisladores de la regi\u00f3n para que se realice una audiencia p\u00fablica en Cipolletti y que se suspendan los trabajos por 90 d\u00edas.<\/p>\n<p>Por otra parte, existe consenso entre los intendentes de solicitar una nueva traza de la Ruta 22 sobre la barda norte, que quede reservada para el transporte de cargas y el tr\u00e1nsito pasante.<\/p>\n<p>Otro de los temas analizados en la reuni\u00f3n de ayer fue la disposici\u00f3n final de los residuos domiciliarios urbanos. Hubo coincidencias en que debe articularse una estrategia conjunta entre los municipios rionegrinos y la secretar\u00eda de Medio Ambiente para avanzar en una legislaci\u00f3n espec\u00edfica. Tambi\u00e9n se destac\u00f3 la importancia de generar un esquema de trabajo que brinde seguridades para los pr\u00f3ximos 10 a\u00f1os.<\/p>\n<p>Participaron los jefes comunales de Fern\u00e1ndez Oro, Mariano Lav\u00edn; Cipolletti, An\u00edbal Tortoriello; Cinco Saltos, Germ\u00e1n Epul; Contralmirante Cordero, Gustavo Pita; y Campo Grande, Pedro Dantas. La municipalidad de Allen estuvo representada por funcionarios de Sabina Costa.<\/p>\n<p>Fuente: Gobierno de R\u00edo Negro<\/p>\n","protected":false},"excerpt":{"rendered":"<p>R\u00cdO\u00a0NEGRO.-\u00a0Los Jefes comunales y la delegada ante el Consejo Federal de Inversiones, Laura Perilli, coincidieron en la necesidad de trabajar [&hellip;]<\/p>\n","protected":false},"author":2,"featured_media":0,"comment_status":"open","ping_status":"open","sticky":false,"template":"","format":"standard","meta":{"site-sidebar-layout":"default","site-content-layout":"","ast-site-content-layout":"default","site-content-style":"default","site-sidebar-style":"default","ast-global-header-display":"","ast-banner-title-visibility":"","ast-main-header-display":"","ast-hfb-above-header-display":"","ast-hfb-below-header-display":"","ast-hfb-mobile-header-display":"","site-post-title":"","ast-breadcrumbs-content":"","ast-featured-img":"","footer-sml-layout":"","ast-disable-related-posts":"","theme-transparent-header-meta":"","adv-header-id-meta":"","stick-header-meta":"","header-above-stick-meta":"","header-main-stick-meta":"","header-below-stick-meta":"","astra-migrate-meta-layouts":"default","ast-page-background-enabled":"default","ast-page-background-meta":{"desktop":{"background-color":"var(--ast-global-color-5)","background-image":"","background-repeat":"repeat","background-position":"center center","background-size":"auto","background-attachment":"scroll","background-type":"","background-media":"","overlay-type":"","overlay-color":"","overlay-opacity":"","overlay-gradient":""},"tablet":{"background-color":"","background-image":"","background-repeat":"repeat","background-position":"center center","background-size":"auto","background-attachment":"scroll","background-type":"","background-media":"","overlay-type":"","overlay-color":"","overlay-opacity":"","overlay-gradient":""},"mobile":{"background-color":"","background-image":"","background-repeat":"repeat","background-position":"center center","background-size":"auto","background-attachment":"scroll","background-type":"","background-media":"","overlay-type":"","overlay-color":"","overlay-opacity":"","overlay-gradient":""}},"ast-content-background-meta":{"desktop":{"background-color":"var(--ast-global-color-4)","background-image":"","background-repeat":"repeat","background-position":"center center","background-size":"auto","background-attachment":"scroll","background-type":"","background-media":"","overlay-type":"","overlay-color":"","overlay-opacity":"","overlay-gradient":""},"tablet":{"background-color":"var(--ast-global-color-4)","background-image":"","background-repeat":"repeat","background-position":"center center","background-size":"auto","background-attachment":"scroll","background-type":"","background-media":"","overlay-type":"","overlay-color":"","overlay-opacity":"","overlay-gradient":""},"mobile":{"background-color":"var(--ast-global-color-4)","background-image":"","background-repeat":"repeat","background-position":"center center","background-size":"auto","background-attachment":"scroll","background-type":"","background-media":"","overlay-type":"","overlay-color":"","overlay-opacity":"","overlay-gradient":""}},"footnotes":""},"categories":[1,14],"tags":[],"class_list":["post-35532","post","type-post","status-publish","format-standard","hentry","category-noticias","category-rio-negro"],"yoast_head":"<!-- This site is optimized with the Yoast SEO Premium plugin v23.0 (Yoast SEO v27.5) - https:\/\/yoast.com\/product\/yoast-seo-premium-wordpress\/ -->\n<title>R\u00edo Negro: Provincia y Municipios trazan estrategias para resolver problem\u00e1ticas de residuos y de la Ruta 22<\/title>\n<meta name=\"robots\" content=\"index, follow, max-snippet:-1, max-image-preview:large, max-video-preview:-1\" \/>\n<link rel=\"canonical\" href=\"https:\/\/patagoniambiental.com.ar\/info\/provincia-y-municipios-trazan-estrategias-para-resolver-problematicas-de-residuos-y-de-la-ruta-22\/\" \/>\n<meta property=\"og:locale\" content=\"es_ES\" \/>\n<meta property=\"og:type\" content=\"article\" \/>\n<meta property=\"og:title\" content=\"R\u00edo Negro: Provincia y Municipios trazan estrategias para resolver problem\u00e1ticas de residuos y de la Ruta 22\" \/>\n<meta property=\"og:description\" content=\"R\u00cdO\u00a0NEGRO.-\u00a0Los Jefes comunales y la delegada ante el Consejo Federal de Inversiones, Laura Perilli, coincidieron en la necesidad de trabajar [&hellip;]\" \/>\n<meta property=\"og:url\" content=\"https:\/\/patagoniambiental.com.ar\/info\/provincia-y-municipios-trazan-estrategias-para-resolver-problematicas-de-residuos-y-de-la-ruta-22\/\" \/>\n<meta property=\"og:site_name\" content=\"Patagonia Ambiental\" \/>\n<meta property=\"article:publisher\" content=\"https:\/\/www.facebook.com\/patagonia.ambiental\" \/>\n<meta property=\"article:author\" content=\"https:\/\/www.facebook.com\/share\/1C1V8Gv9BX\/?mibextid=qi2Omg\" \/>\n<meta property=\"article:published_time\" content=\"2017-09-27T12:00:37+00:00\" \/>\n<meta property=\"og:image\" content=\"https:\/\/patagoniambiental.com.ar\/info\/wp-content\/uploads\/2017\/02\/basural-comodoro.jpg\" \/>\n\t<meta property=\"og:image:width\" content=\"628\" \/>\n\t<meta property=\"og:image:height\" content=\"471\" \/>\n\t<meta property=\"og:image:type\" content=\"image\/jpeg\" \/>\n<meta name=\"author\" content=\"Patagonia Ambiental\" \/>\n<meta name=\"twitter:card\" content=\"summary_large_image\" \/>\n<meta name=\"twitter:creator\" content=\"@PatAmb\" \/>\n<meta name=\"twitter:site\" content=\"@PatAmb\" \/>\n<script type=\"application\/ld+json\" class=\"yoast-schema-graph\">{\"@context\":\"https:\\\/\\\/schema.org\",\"@graph\":[{\"@type\":\"Article\",\"@id\":\"https:\\\/\\\/patagoniambiental.com.ar\\\/info\\\/provincia-y-municipios-trazan-estrategias-para-resolver-problematicas-de-residuos-y-de-la-ruta-22\\\/#article\",\"isPartOf\":{\"@id\":\"https:\\\/\\\/patagoniambiental.com.ar\\\/info\\\/provincia-y-municipios-trazan-estrategias-para-resolver-problematicas-de-residuos-y-de-la-ruta-22\\\/\"},\"author\":{\"name\":\"Patagonia Ambiental\",\"@id\":\"https:\\\/\\\/patagoniambiental.com.ar\\\/info\\\/#\\\/schema\\\/person\\\/db12bff64bbcbf6a253710bf0ea37b5d\"},\"headline\":\"R\u00edo Negro: Provincia y Municipios trazan estrategias para resolver problem\u00e1ticas de residuos y de la Ruta 22\",\"datePublished\":\"2017-09-27T12:00:37+00:00\",\"mainEntityOfPage\":{\"@id\":\"https:\\\/\\\/patagoniambiental.com.ar\\\/info\\\/provincia-y-municipios-trazan-estrategias-para-resolver-problematicas-de-residuos-y-de-la-ruta-22\\\/\"},\"wordCount\":394,\"commentCount\":0,\"publisher\":{\"@id\":\"https:\\\/\\\/patagoniambiental.com.ar\\\/info\\\/#organization\"},\"articleSection\":[\"Noticias\",\"R\u00edo Negro\"],\"inLanguage\":\"es\",\"potentialAction\":[{\"@type\":\"CommentAction\",\"name\":\"Comment\",\"target\":[\"https:\\\/\\\/patagoniambiental.com.ar\\\/info\\\/provincia-y-municipios-trazan-estrategias-para-resolver-problematicas-de-residuos-y-de-la-ruta-22\\\/#respond\"]}]},{\"@type\":\"WebPage\",\"@id\":\"https:\\\/\\\/patagoniambiental.com.ar\\\/info\\\/provincia-y-municipios-trazan-estrategias-para-resolver-problematicas-de-residuos-y-de-la-ruta-22\\\/\",\"url\":\"https:\\\/\\\/patagoniambiental.com.ar\\\/info\\\/provincia-y-municipios-trazan-estrategias-para-resolver-problematicas-de-residuos-y-de-la-ruta-22\\\/\",\"name\":\"R\u00edo Negro: Provincia y Municipios trazan estrategias para resolver problem\u00e1ticas de residuos y de la Ruta 22\",\"isPartOf\":{\"@id\":\"https:\\\/\\\/patagoniambiental.com.ar\\\/info\\\/#website\"},\"datePublished\":\"2017-09-27T12:00:37+00:00\",\"breadcrumb\":{\"@id\":\"https:\\\/\\\/patagoniambiental.com.ar\\\/info\\\/provincia-y-municipios-trazan-estrategias-para-resolver-problematicas-de-residuos-y-de-la-ruta-22\\\/#breadcrumb\"},\"inLanguage\":\"es\",\"potentialAction\":[{\"@type\":\"ReadAction\",\"target\":[\"https:\\\/\\\/patagoniambiental.com.ar\\\/info\\\/provincia-y-municipios-trazan-estrategias-para-resolver-problematicas-de-residuos-y-de-la-ruta-22\\\/\"]}]},{\"@type\":\"BreadcrumbList\",\"@id\":\"https:\\\/\\\/patagoniambiental.com.ar\\\/info\\\/provincia-y-municipios-trazan-estrategias-para-resolver-problematicas-de-residuos-y-de-la-ruta-22\\\/#breadcrumb\",\"itemListElement\":[{\"@type\":\"ListItem\",\"position\":1,\"name\":\"Inicio\",\"item\":\"https:\\\/\\\/patagoniambiental.com.ar\\\/info\\\/\"},{\"@type\":\"ListItem\",\"position\":2,\"name\":\"R\u00edo Negro: Provincia y Municipios trazan estrategias para resolver problem\u00e1ticas de residuos y de la Ruta 22\"}]},{\"@type\":\"WebSite\",\"@id\":\"https:\\\/\\\/patagoniambiental.com.ar\\\/info\\\/#website\",\"url\":\"https:\\\/\\\/patagoniambiental.com.ar\\\/info\\\/\",\"name\":\"Patagonia Ambiental\",\"description\":\"Monitoreo y an\u00e1lisis de la situaci\u00f3n geopol\u00edtica en el mundo y su implicancia en la Patagonia\",\"publisher\":{\"@id\":\"https:\\\/\\\/patagoniambiental.com.ar\\\/info\\\/#organization\"},\"potentialAction\":[{\"@type\":\"SearchAction\",\"target\":{\"@type\":\"EntryPoint\",\"urlTemplate\":\"https:\\\/\\\/patagoniambiental.com.ar\\\/info\\\/?s={search_term_string}\"},\"query-input\":{\"@type\":\"PropertyValueSpecification\",\"valueRequired\":true,\"valueName\":\"search_term_string\"}}],\"inLanguage\":\"es\"},{\"@type\":\"Organization\",\"@id\":\"https:\\\/\\\/patagoniambiental.com.ar\\\/info\\\/#organization\",\"name\":\"Patagonia Ambiental\",\"url\":\"https:\\\/\\\/patagoniambiental.com.ar\\\/info\\\/\",\"logo\":{\"@type\":\"ImageObject\",\"inLanguage\":\"es\",\"@id\":\"https:\\\/\\\/patagoniambiental.com.ar\\\/info\\\/#\\\/schema\\\/logo\\\/image\\\/\",\"url\":\"https:\\\/\\\/patagoniambiental.com.ar\\\/info\\\/wp-content\\\/uploads\\\/2025\\\/05\\\/LOGO-PATAGONIA-AMBIENTAL.png\",\"contentUrl\":\"https:\\\/\\\/patagoniambiental.com.ar\\\/info\\\/wp-content\\\/uploads\\\/2025\\\/05\\\/LOGO-PATAGONIA-AMBIENTAL.png\",\"width\":433,\"height\":250,\"caption\":\"Patagonia Ambiental\"},\"image\":{\"@id\":\"https:\\\/\\\/patagoniambiental.com.ar\\\/info\\\/#\\\/schema\\\/logo\\\/image\\\/\"},\"sameAs\":[\"https:\\\/\\\/www.facebook.com\\\/patagonia.ambiental\",\"https:\\\/\\\/x.com\\\/PatAmb\"]},{\"@type\":\"Person\",\"@id\":\"https:\\\/\\\/patagoniambiental.com.ar\\\/info\\\/#\\\/schema\\\/person\\\/db12bff64bbcbf6a253710bf0ea37b5d\",\"name\":\"Patagonia Ambiental\",\"description\":\"Andr\u00e9s Nievas T\u00e9cnico en manejo ambiental, consultor Ambiental y escritor para medios locales e internacionales sobre temas de geopolitica y medio ambiente.\",\"sameAs\":[\"http:\\\/\\\/www.patagoniambiental.com.ar\",\"https:\\\/\\\/www.facebook.com\\\/share\\\/1C1V8Gv9BX\\\/?mibextid=qi2Omg\",\"@patagoniambiental\",\"https:\\\/\\\/youtube.com\\\/@patagoniaambiental2023?si=BLt58t0wuXquxlYZ\"]}]}<\/script>\n<!-- \/ Yoast SEO Premium plugin. -->","yoast_head_json":{"title":"R\u00edo Negro: Provincia y Municipios trazan estrategias para resolver problem\u00e1ticas de residuos y de la Ruta 22","robots":{"index":"index","follow":"follow","max-snippet":"max-snippet:-1","max-image-preview":"max-image-preview:large","max-video-preview":"max-video-preview:-1"},"canonical":"https:\/\/patagoniambiental.com.ar\/info\/provincia-y-municipios-trazan-estrategias-para-resolver-problematicas-de-residuos-y-de-la-ruta-22\/","og_locale":"es_ES","og_type":"article","og_title":"R\u00edo Negro: Provincia y Municipios trazan estrategias para resolver problem\u00e1ticas de residuos y de la Ruta 22","og_description":"R\u00cdO\u00a0NEGRO.-\u00a0Los Jefes comunales y la delegada ante el Consejo Federal de Inversiones, Laura Perilli, coincidieron en la necesidad de trabajar [&hellip;]","og_url":"https:\/\/patagoniambiental.com.ar\/info\/provincia-y-municipios-trazan-estrategias-para-resolver-problematicas-de-residuos-y-de-la-ruta-22\/","og_site_name":"Patagonia Ambiental","article_publisher":"https:\/\/www.facebook.com\/patagonia.ambiental","article_author":"https:\/\/www.facebook.com\/share\/1C1V8Gv9BX\/?mibextid=qi2Omg","article_published_time":"2017-09-27T12:00:37+00:00","og_image":[{"width":628,"height":471,"url":"https:\/\/patagoniambiental.com.ar\/info\/wp-content\/uploads\/2017\/02\/basural-comodoro.jpg","type":"image\/jpeg"}],"author":"Patagonia Ambiental","twitter_card":"summary_large_image","twitter_creator":"@PatAmb","twitter_site":"@PatAmb","schema":{"@context":"https:\/\/schema.org","@graph":[{"@type":"Article","@id":"https:\/\/patagoniambiental.com.ar\/info\/provincia-y-municipios-trazan-estrategias-para-resolver-problematicas-de-residuos-y-de-la-ruta-22\/#article","isPartOf":{"@id":"https:\/\/patagoniambiental.com.ar\/info\/provincia-y-municipios-trazan-estrategias-para-resolver-problematicas-de-residuos-y-de-la-ruta-22\/"},"author":{"name":"Patagonia Ambiental","@id":"https:\/\/patagoniambiental.com.ar\/info\/#\/schema\/person\/db12bff64bbcbf6a253710bf0ea37b5d"},"headline":"R\u00edo Negro: Provincia y Municipios trazan estrategias para resolver problem\u00e1ticas de residuos y de la Ruta 22","datePublished":"2017-09-27T12:00:37+00:00","mainEntityOfPage":{"@id":"https:\/\/patagoniambiental.com.ar\/info\/provincia-y-municipios-trazan-estrategias-para-resolver-problematicas-de-residuos-y-de-la-ruta-22\/"},"wordCount":394,"commentCount":0,"publisher":{"@id":"https:\/\/patagoniambiental.com.ar\/info\/#organization"},"articleSection":["Noticias","R\u00edo Negro"],"inLanguage":"es","potentialAction":[{"@type":"CommentAction","name":"Comment","target":["https:\/\/patagoniambiental.com.ar\/info\/provincia-y-municipios-trazan-estrategias-para-resolver-problematicas-de-residuos-y-de-la-ruta-22\/#respond"]}]},{"@type":"WebPage","@id":"https:\/\/patagoniambiental.com.ar\/info\/provincia-y-municipios-trazan-estrategias-para-resolver-problematicas-de-residuos-y-de-la-ruta-22\/","url":"https:\/\/patagoniambiental.com.ar\/info\/provincia-y-municipios-trazan-estrategias-para-resolver-problematicas-de-residuos-y-de-la-ruta-22\/","name":"R\u00edo Negro: Provincia y Municipios trazan estrategias para resolver problem\u00e1ticas de residuos y de la Ruta 22","isPartOf":{"@id":"https:\/\/patagoniambiental.com.ar\/info\/#website"},"datePublished":"2017-09-27T12:00:37+00:00","breadcrumb":{"@id":"https:\/\/patagoniambiental.com.ar\/info\/provincia-y-municipios-trazan-estrategias-para-resolver-problematicas-de-residuos-y-de-la-ruta-22\/#breadcrumb"},"inLanguage":"es","potentialAction":[{"@type":"ReadAction","target":["https:\/\/patagoniambiental.com.ar\/info\/provincia-y-municipios-trazan-estrategias-para-resolver-problematicas-de-residuos-y-de-la-ruta-22\/"]}]},{"@type":"BreadcrumbList","@id":"https:\/\/patagoniambiental.com.ar\/info\/provincia-y-municipios-trazan-estrategias-para-resolver-problematicas-de-residuos-y-de-la-ruta-22\/#breadcrumb","itemListElement":[{"@type":"ListItem","position":1,"name":"Inicio","item":"https:\/\/patagoniambiental.com.ar\/info\/"},{"@type":"ListItem","position":2,"name":"R\u00edo Negro: Provincia y Municipios trazan estrategias para resolver problem\u00e1ticas de residuos y de la Ruta 22"}]},{"@type":"WebSite","@id":"https:\/\/patagoniambiental.com.ar\/info\/#website","url":"https:\/\/patagoniambiental.com.ar\/info\/","name":"Patagonia Ambiental","description":"Monitoreo y an\u00e1lisis de la situaci\u00f3n geopol\u00edtica en el mundo y su implicancia en la Patagonia","publisher":{"@id":"https:\/\/patagoniambiental.com.ar\/info\/#organization"},"potentialAction":[{"@type":"SearchAction","target":{"@type":"EntryPoint","urlTemplate":"https:\/\/patagoniambiental.com.ar\/info\/?s={search_term_string}"},"query-input":{"@type":"PropertyValueSpecification","valueRequired":true,"valueName":"search_term_string"}}],"inLanguage":"es"},{"@type":"Organization","@id":"https:\/\/patagoniambiental.com.ar\/info\/#organization","name":"Patagonia Ambiental","url":"https:\/\/patagoniambiental.com.ar\/info\/","logo":{"@type":"ImageObject","inLanguage":"es","@id":"https:\/\/patagoniambiental.com.ar\/info\/#\/schema\/logo\/image\/","url":"https:\/\/patagoniambiental.com.ar\/info\/wp-content\/uploads\/2025\/05\/LOGO-PATAGONIA-AMBIENTAL.png","contentUrl":"https:\/\/patagoniambiental.com.ar\/info\/wp-content\/uploads\/2025\/05\/LOGO-PATAGONIA-AMBIENTAL.png","width":433,"height":250,"caption":"Patagonia Ambiental"},"image":{"@id":"https:\/\/patagoniambiental.com.ar\/info\/#\/schema\/logo\/image\/"},"sameAs":["https:\/\/www.facebook.com\/patagonia.ambiental","https:\/\/x.com\/PatAmb"]},{"@type":"Person","@id":"https:\/\/patagoniambiental.com.ar\/info\/#\/schema\/person\/db12bff64bbcbf6a253710bf0ea37b5d","name":"Patagonia Ambiental","description":"Andr\u00e9s Nievas T\u00e9cnico en manejo ambiental, consultor Ambiental y escritor para medios locales e internacionales sobre temas de geopolitica y medio ambiente.","sameAs":["http:\/\/www.patagoniambiental.com.ar","https:\/\/www.facebook.com\/share\/1C1V8Gv9BX\/?mibextid=qi2Omg","@patagoniambiental","https:\/\/youtube.com\/@patagoniaambiental2023?si=BLt58t0wuXquxlYZ"]}]}},"_links":{"self":[{"href":"https:\/\/patagoniambiental.com.ar\/info\/wp-json\/wp\/v2\/posts\/35532","targetHints":{"allow":["GET"]}}],"collection":[{"href":"https:\/\/patagoniambiental.com.ar\/info\/wp-json\/wp\/v2\/posts"}],"about":[{"href":"https:\/\/patagoniambiental.com.ar\/info\/wp-json\/wp\/v2\/types\/post"}],"author":[{"embeddable":true,"href":"https:\/\/patagoniambiental.com.ar\/info\/wp-json\/wp\/v2\/users\/2"}],"replies":[{"embeddable":true,"href":"https:\/\/patagoniambiental.com.ar\/info\/wp-json\/wp\/v2\/comments?post=35532"}],"version-history":[{"count":0,"href":"https:\/\/patagoniambiental.com.ar\/info\/wp-json\/wp\/v2\/posts\/35532\/revisions"}],"wp:attachment":[{"href":"https:\/\/patagoniambiental.com.ar\/info\/wp-json\/wp\/v2\/media?parent=35532"}],"wp:term":[{"taxonomy":"category","embeddable":true,"href":"https:\/\/patagoniambiental.com.ar\/info\/wp-json\/wp\/v2\/categories?post=35532"},{"taxonomy":"post_tag","embeddable":true,"href":"https:\/\/patagoniambiental.com.ar\/info\/wp-json\/wp\/v2\/tags?post=35532"}],"curies":[{"name":"wp","href":"https:\/\/api.w.org\/{rel}","templated":true}]}}