{"id":35584,"date":"2017-09-28T19:00:51","date_gmt":"2017-09-28T22:00:51","guid":{"rendered":"http:\/\/patagoniambiental.com.ar\/info\/?p=35584"},"modified":"2017-09-28T09:10:54","modified_gmt":"2017-09-28T12:10:54","slug":"argentina-y-chile-intercambiaran-informacion-sobre-mapuches-investigados-por-terrorismo","status":"publish","type":"post","link":"https:\/\/patagoniambiental.com.ar\/info\/argentina-y-chile-intercambiaran-informacion-sobre-mapuches-investigados-por-terrorismo\/","title":{"rendered":"Argentina y Chile intercambiar\u00e1n informaci\u00f3n sobre mapuches investigados por \u00abterrorismo\u00bb"},"content":{"rendered":"<div class=\"head-content\">\n<p>Chile.-La secretaria general del gobierno chileno, Paula Narv\u00e1ez, anunci\u00f3 que el intercambio de informaci\u00f3n tendr\u00e1 lugar a partir de un encuentro entre el subsecretario de Interior de Chile, Mahmud Aleuy, y la ministra de Seguridad, Patricia Bullrich, quienes se reunir\u00e1n en Argentina.<\/p>\n<\/div>\n<p><!--more--><\/p>\n<div class=\"main-content-block\">\n<div class=\"main-box clearfix\">\n<div class=\"wrapper-main-section clearfix\">\n<div class=\"wrapper-editable-content\">\n<div class=\"editable-content clearfix\">\n<div class=\"image-left\"><img decoding=\"async\" title=\"\" src=\"http:\/\/www.telam.com.ar\/advf\/imagenes\/2013\/01\/50f75e3b8a897_324x235.jpg\" alt=\"\" \/><\/div>\n<p>Argentina y Chile intercambiar\u00e1n informaci\u00f3n sobre la llamada \u00abOperaci\u00f3n Hurac\u00e1n\u00bb, que deriv\u00f3 en la detenci\u00f3n de ocho mapuches investigados por el delito de \u00abasociaci\u00f3n il\u00edcita con car\u00e1cter terrorista\u00bb, inform\u00f3 hoy una portavoz gubernamental chilena.\u00a0La secretaria general del gobierno de Chile, Paula Narv\u00e1ez, anunci\u00f3 que el intercambio de informaci\u00f3n tendr\u00e1 lugar a partir de un encuentro entre el subsecretario de Interior de Chile, Mahmud Aleuy, y la ministra de Seguridad, Patricia Bullrich, quienes se reunir\u00e1n en Argentina.<\/p>\n<p>\u00abEn el marco de la colaboraci\u00f3n y el intercambio de informaci\u00f3n entre pa\u00edses amigos, el subsecretario del Interior viajar\u00e1 a finales de esta semana para coordinar acciones entre ambos gobiernos\u00bb, dijo Narv\u00e1ez.<\/p>\n<p>El inter\u00e9s de cooperaci\u00f3n por parte del gobierno de Chile responde al reciente descubrimiento de mensajes de texto en celulares incautados a los detenidos en los que se hace referencia a una presunta importaci\u00f3n ilegal de armas desde Argentina.<\/p><\/div>\n<div>Fuente: TELAM<\/div>\n<\/div>\n<\/div>\n<\/div>\n<\/div>\n","protected":false},"excerpt":{"rendered":"<p>Chile.-La secretaria general del gobierno chileno, Paula Narv\u00e1ez, anunci\u00f3 que el intercambio de informaci\u00f3n tendr\u00e1 lugar a partir de un [&hellip;]<\/p>\n","protected":false},"author":2,"featured_media":35585,"comment_status":"open","ping_status":"open","sticky":false,"template":"","format":"standard","meta":{"site-sidebar-layout":"default","site-content-layout":"","ast-site-content-layout":"default","site-content-style":"default","site-sidebar-style":"default","ast-global-header-display":"","ast-banner-title-visibility":"","ast-main-header-display":"","ast-hfb-above-header-display":"","ast-hfb-below-header-display":"","ast-hfb-mobile-header-display":"","site-post-title":"","ast-breadcrumbs-content":"","ast-featured-img":"","footer-sml-layout":"","ast-disable-related-posts":"","theme-transparent-header-meta":"","adv-header-id-meta":"","stick-header-meta":"","header-above-stick-meta":"","header-main-stick-meta":"","header-below-stick-meta":"","astra-migrate-meta-layouts":"default","ast-page-background-enabled":"default","ast-page-background-meta":{"desktop":{"background-color":"var(--ast-global-color-5)","background-image":"","background-repeat":"repeat","background-position":"center center","background-size":"auto","background-attachment":"scroll","background-type":"","background-media":"","overlay-type":"","overlay-color":"","overlay-opacity":"","overlay-gradient":""},"tablet":{"background-color":"","background-image":"","background-repeat":"repeat","background-position":"center center","background-size":"auto","background-attachment":"scroll","background-type":"","background-media":"","overlay-type":"","overlay-color":"","overlay-opacity":"","overlay-gradient":""},"mobile":{"background-color":"","background-image":"","background-repeat":"repeat","background-position":"center center","background-size":"auto","background-attachment":"scroll","background-type":"","background-media":"","overlay-type":"","overlay-color":"","overlay-opacity":"","overlay-gradient":""}},"ast-content-background-meta":{"desktop":{"background-color":"var(--ast-global-color-4)","background-image":"","background-repeat":"repeat","background-position":"center center","background-size":"auto","background-attachment":"scroll","background-type":"","background-media":"","overlay-type":"","overlay-color":"","overlay-opacity":"","overlay-gradient":""},"tablet":{"background-color":"var(--ast-global-color-4)","background-image":"","background-repeat":"repeat","background-position":"center center","background-size":"auto","background-attachment":"scroll","background-type":"","background-media":"","overlay-type":"","overlay-color":"","overlay-opacity":"","overlay-gradient":""},"mobile":{"background-color":"var(--ast-global-color-4)","background-image":"","background-repeat":"repeat","background-position":"center center","background-size":"auto","background-attachment":"scroll","background-type":"","background-media":"","overlay-type":"","overlay-color":"","overlay-opacity":"","overlay-gradient":""}},"footnotes":""},"categories":[23,1],"tags":[],"class_list":["post-35584","post","type-post","status-publish","format-standard","has-post-thumbnail","hentry","category-internacionales","category-noticias"],"yoast_head":"<!-- This site is optimized with the Yoast SEO Premium plugin v23.0 (Yoast SEO v27.4) - https:\/\/yoast.com\/product\/yoast-seo-premium-wordpress\/ -->\n<title>Argentina y Chile intercambiar\u00e1n informaci\u00f3n sobre mapuches investigados por &quot;terrorismo&quot;<\/title>\n<meta name=\"robots\" content=\"index, follow, max-snippet:-1, max-image-preview:large, max-video-preview:-1\" \/>\n<link rel=\"canonical\" href=\"https:\/\/patagoniambiental.com.ar\/info\/argentina-y-chile-intercambiaran-informacion-sobre-mapuches-investigados-por-terrorismo\/\" \/>\n<meta property=\"og:locale\" content=\"es_ES\" \/>\n<meta property=\"og:type\" content=\"article\" \/>\n<meta property=\"og:title\" content=\"Argentina y Chile intercambiar\u00e1n informaci\u00f3n sobre mapuches investigados por &quot;terrorismo&quot;\" \/>\n<meta property=\"og:description\" content=\"Chile.-La secretaria general del gobierno chileno, Paula Narv\u00e1ez, anunci\u00f3 que el intercambio de informaci\u00f3n tendr\u00e1 lugar a partir de un [&hellip;]\" \/>\n<meta property=\"og:url\" content=\"https:\/\/patagoniambiental.com.ar\/info\/argentina-y-chile-intercambiaran-informacion-sobre-mapuches-investigados-por-terrorismo\/\" \/>\n<meta property=\"og:site_name\" content=\"Patagonia Ambiental\" \/>\n<meta property=\"article:publisher\" content=\"https:\/\/www.facebook.com\/patagonia.ambiental\" \/>\n<meta property=\"article:author\" content=\"https:\/\/www.facebook.com\/share\/1C1V8Gv9BX\/?mibextid=qi2Omg\" \/>\n<meta property=\"article:published_time\" content=\"2017-09-28T22:00:51+00:00\" \/>\n<meta property=\"og:image\" content=\"https:\/\/patagoniambiental.com.ar\/info\/wp-content\/uploads\/2017\/09\/50f75e3b8a897_324x235.jpg\" \/>\n\t<meta property=\"og:image:width\" content=\"324\" \/>\n\t<meta property=\"og:image:height\" content=\"235\" \/>\n\t<meta property=\"og:image:type\" content=\"image\/jpeg\" \/>\n<meta name=\"author\" content=\"Patagonia Ambiental\" \/>\n<meta name=\"twitter:card\" content=\"summary_large_image\" \/>\n<meta name=\"twitter:creator\" content=\"@PatAmb\" \/>\n<meta name=\"twitter:site\" content=\"@PatAmb\" \/>\n<script type=\"application\/ld+json\" class=\"yoast-schema-graph\">{\"@context\":\"https:\\\/\\\/schema.org\",\"@graph\":[{\"@type\":\"Article\",\"@id\":\"https:\\\/\\\/patagoniambiental.com.ar\\\/info\\\/argentina-y-chile-intercambiaran-informacion-sobre-mapuches-investigados-por-terrorismo\\\/#article\",\"isPartOf\":{\"@id\":\"https:\\\/\\\/patagoniambiental.com.ar\\\/info\\\/argentina-y-chile-intercambiaran-informacion-sobre-mapuches-investigados-por-terrorismo\\\/\"},\"author\":{\"name\":\"Patagonia Ambiental\",\"@id\":\"https:\\\/\\\/patagoniambiental.com.ar\\\/info\\\/#\\\/schema\\\/person\\\/db12bff64bbcbf6a253710bf0ea37b5d\"},\"headline\":\"Argentina y Chile intercambiar\u00e1n informaci\u00f3n sobre mapuches investigados por \u00abterrorismo\u00bb\",\"datePublished\":\"2017-09-28T22:00:51+00:00\",\"mainEntityOfPage\":{\"@id\":\"https:\\\/\\\/patagoniambiental.com.ar\\\/info\\\/argentina-y-chile-intercambiaran-informacion-sobre-mapuches-investigados-por-terrorismo\\\/\"},\"wordCount\":226,\"commentCount\":0,\"publisher\":{\"@id\":\"https:\\\/\\\/patagoniambiental.com.ar\\\/info\\\/#organization\"},\"image\":{\"@id\":\"https:\\\/\\\/patagoniambiental.com.ar\\\/info\\\/argentina-y-chile-intercambiaran-informacion-sobre-mapuches-investigados-por-terrorismo\\\/#primaryimage\"},\"thumbnailUrl\":\"https:\\\/\\\/patagoniambiental.com.ar\\\/info\\\/wp-content\\\/uploads\\\/2017\\\/09\\\/50f75e3b8a897_324x235.jpg\",\"articleSection\":[\"Internacionales\",\"Noticias\"],\"inLanguage\":\"es\",\"potentialAction\":[{\"@type\":\"CommentAction\",\"name\":\"Comment\",\"target\":[\"https:\\\/\\\/patagoniambiental.com.ar\\\/info\\\/argentina-y-chile-intercambiaran-informacion-sobre-mapuches-investigados-por-terrorismo\\\/#respond\"]}]},{\"@type\":\"WebPage\",\"@id\":\"https:\\\/\\\/patagoniambiental.com.ar\\\/info\\\/argentina-y-chile-intercambiaran-informacion-sobre-mapuches-investigados-por-terrorismo\\\/\",\"url\":\"https:\\\/\\\/patagoniambiental.com.ar\\\/info\\\/argentina-y-chile-intercambiaran-informacion-sobre-mapuches-investigados-por-terrorismo\\\/\",\"name\":\"Argentina y Chile intercambiar\u00e1n informaci\u00f3n sobre mapuches investigados por \\\"terrorismo\\\"\",\"isPartOf\":{\"@id\":\"https:\\\/\\\/patagoniambiental.com.ar\\\/info\\\/#website\"},\"primaryImageOfPage\":{\"@id\":\"https:\\\/\\\/patagoniambiental.com.ar\\\/info\\\/argentina-y-chile-intercambiaran-informacion-sobre-mapuches-investigados-por-terrorismo\\\/#primaryimage\"},\"image\":{\"@id\":\"https:\\\/\\\/patagoniambiental.com.ar\\\/info\\\/argentina-y-chile-intercambiaran-informacion-sobre-mapuches-investigados-por-terrorismo\\\/#primaryimage\"},\"thumbnailUrl\":\"https:\\\/\\\/patagoniambiental.com.ar\\\/info\\\/wp-content\\\/uploads\\\/2017\\\/09\\\/50f75e3b8a897_324x235.jpg\",\"datePublished\":\"2017-09-28T22:00:51+00:00\",\"breadcrumb\":{\"@id\":\"https:\\\/\\\/patagoniambiental.com.ar\\\/info\\\/argentina-y-chile-intercambiaran-informacion-sobre-mapuches-investigados-por-terrorismo\\\/#breadcrumb\"},\"inLanguage\":\"es\",\"potentialAction\":[{\"@type\":\"ReadAction\",\"target\":[\"https:\\\/\\\/patagoniambiental.com.ar\\\/info\\\/argentina-y-chile-intercambiaran-informacion-sobre-mapuches-investigados-por-terrorismo\\\/\"]}]},{\"@type\":\"ImageObject\",\"inLanguage\":\"es\",\"@id\":\"https:\\\/\\\/patagoniambiental.com.ar\\\/info\\\/argentina-y-chile-intercambiaran-informacion-sobre-mapuches-investigados-por-terrorismo\\\/#primaryimage\",\"url\":\"https:\\\/\\\/patagoniambiental.com.ar\\\/info\\\/wp-content\\\/uploads\\\/2017\\\/09\\\/50f75e3b8a897_324x235.jpg\",\"contentUrl\":\"https:\\\/\\\/patagoniambiental.com.ar\\\/info\\\/wp-content\\\/uploads\\\/2017\\\/09\\\/50f75e3b8a897_324x235.jpg\",\"width\":324,\"height\":235},{\"@type\":\"BreadcrumbList\",\"@id\":\"https:\\\/\\\/patagoniambiental.com.ar\\\/info\\\/argentina-y-chile-intercambiaran-informacion-sobre-mapuches-investigados-por-terrorismo\\\/#breadcrumb\",\"itemListElement\":[{\"@type\":\"ListItem\",\"position\":1,\"name\":\"Inicio\",\"item\":\"https:\\\/\\\/patagoniambiental.com.ar\\\/info\\\/\"},{\"@type\":\"ListItem\",\"position\":2,\"name\":\"Argentina y Chile intercambiar\u00e1n informaci\u00f3n sobre mapuches investigados por \u00abterrorismo\u00bb\"}]},{\"@type\":\"WebSite\",\"@id\":\"https:\\\/\\\/patagoniambiental.com.ar\\\/info\\\/#website\",\"url\":\"https:\\\/\\\/patagoniambiental.com.ar\\\/info\\\/\",\"name\":\"Patagonia Ambiental\",\"description\":\"Monitoreo y an\u00e1lisis de la situaci\u00f3n geopol\u00edtica en el mundo y su implicancia en la Patagonia\",\"publisher\":{\"@id\":\"https:\\\/\\\/patagoniambiental.com.ar\\\/info\\\/#organization\"},\"potentialAction\":[{\"@type\":\"SearchAction\",\"target\":{\"@type\":\"EntryPoint\",\"urlTemplate\":\"https:\\\/\\\/patagoniambiental.com.ar\\\/info\\\/?s={search_term_string}\"},\"query-input\":{\"@type\":\"PropertyValueSpecification\",\"valueRequired\":true,\"valueName\":\"search_term_string\"}}],\"inLanguage\":\"es\"},{\"@type\":\"Organization\",\"@id\":\"https:\\\/\\\/patagoniambiental.com.ar\\\/info\\\/#organization\",\"name\":\"Patagonia Ambiental\",\"url\":\"https:\\\/\\\/patagoniambiental.com.ar\\\/info\\\/\",\"logo\":{\"@type\":\"ImageObject\",\"inLanguage\":\"es\",\"@id\":\"https:\\\/\\\/patagoniambiental.com.ar\\\/info\\\/#\\\/schema\\\/logo\\\/image\\\/\",\"url\":\"https:\\\/\\\/patagoniambiental.com.ar\\\/info\\\/wp-content\\\/uploads\\\/2025\\\/05\\\/LOGO-PATAGONIA-AMBIENTAL.png\",\"contentUrl\":\"https:\\\/\\\/patagoniambiental.com.ar\\\/info\\\/wp-content\\\/uploads\\\/2025\\\/05\\\/LOGO-PATAGONIA-AMBIENTAL.png\",\"width\":433,\"height\":250,\"caption\":\"Patagonia Ambiental\"},\"image\":{\"@id\":\"https:\\\/\\\/patagoniambiental.com.ar\\\/info\\\/#\\\/schema\\\/logo\\\/image\\\/\"},\"sameAs\":[\"https:\\\/\\\/www.facebook.com\\\/patagonia.ambiental\",\"https:\\\/\\\/x.com\\\/PatAmb\"]},{\"@type\":\"Person\",\"@id\":\"https:\\\/\\\/patagoniambiental.com.ar\\\/info\\\/#\\\/schema\\\/person\\\/db12bff64bbcbf6a253710bf0ea37b5d\",\"name\":\"Patagonia Ambiental\",\"description\":\"Andr\u00e9s Nievas T\u00e9cnico en manejo ambiental, consultor Ambiental y escritor para medios locales e internacionales sobre temas de geopolitica y medio ambiente.\",\"sameAs\":[\"http:\\\/\\\/www.patagoniambiental.com.ar\",\"https:\\\/\\\/www.facebook.com\\\/share\\\/1C1V8Gv9BX\\\/?mibextid=qi2Omg\",\"@patagoniambiental\",\"https:\\\/\\\/youtube.com\\\/@patagoniaambiental2023?si=BLt58t0wuXquxlYZ\"]}]}<\/script>\n<!-- \/ Yoast SEO Premium plugin. -->","yoast_head_json":{"title":"Argentina y Chile intercambiar\u00e1n informaci\u00f3n sobre mapuches investigados por \"terrorismo\"","robots":{"index":"index","follow":"follow","max-snippet":"max-snippet:-1","max-image-preview":"max-image-preview:large","max-video-preview":"max-video-preview:-1"},"canonical":"https:\/\/patagoniambiental.com.ar\/info\/argentina-y-chile-intercambiaran-informacion-sobre-mapuches-investigados-por-terrorismo\/","og_locale":"es_ES","og_type":"article","og_title":"Argentina y Chile intercambiar\u00e1n informaci\u00f3n sobre mapuches investigados por \"terrorismo\"","og_description":"Chile.-La secretaria general del gobierno chileno, Paula Narv\u00e1ez, anunci\u00f3 que el intercambio de informaci\u00f3n tendr\u00e1 lugar a partir de un [&hellip;]","og_url":"https:\/\/patagoniambiental.com.ar\/info\/argentina-y-chile-intercambiaran-informacion-sobre-mapuches-investigados-por-terrorismo\/","og_site_name":"Patagonia Ambiental","article_publisher":"https:\/\/www.facebook.com\/patagonia.ambiental","article_author":"https:\/\/www.facebook.com\/share\/1C1V8Gv9BX\/?mibextid=qi2Omg","article_published_time":"2017-09-28T22:00:51+00:00","og_image":[{"width":324,"height":235,"url":"https:\/\/patagoniambiental.com.ar\/info\/wp-content\/uploads\/2017\/09\/50f75e3b8a897_324x235.jpg","type":"image\/jpeg"}],"author":"Patagonia Ambiental","twitter_card":"summary_large_image","twitter_creator":"@PatAmb","twitter_site":"@PatAmb","schema":{"@context":"https:\/\/schema.org","@graph":[{"@type":"Article","@id":"https:\/\/patagoniambiental.com.ar\/info\/argentina-y-chile-intercambiaran-informacion-sobre-mapuches-investigados-por-terrorismo\/#article","isPartOf":{"@id":"https:\/\/patagoniambiental.com.ar\/info\/argentina-y-chile-intercambiaran-informacion-sobre-mapuches-investigados-por-terrorismo\/"},"author":{"name":"Patagonia Ambiental","@id":"https:\/\/patagoniambiental.com.ar\/info\/#\/schema\/person\/db12bff64bbcbf6a253710bf0ea37b5d"},"headline":"Argentina y Chile intercambiar\u00e1n informaci\u00f3n sobre mapuches investigados por \u00abterrorismo\u00bb","datePublished":"2017-09-28T22:00:51+00:00","mainEntityOfPage":{"@id":"https:\/\/patagoniambiental.com.ar\/info\/argentina-y-chile-intercambiaran-informacion-sobre-mapuches-investigados-por-terrorismo\/"},"wordCount":226,"commentCount":0,"publisher":{"@id":"https:\/\/patagoniambiental.com.ar\/info\/#organization"},"image":{"@id":"https:\/\/patagoniambiental.com.ar\/info\/argentina-y-chile-intercambiaran-informacion-sobre-mapuches-investigados-por-terrorismo\/#primaryimage"},"thumbnailUrl":"https:\/\/patagoniambiental.com.ar\/info\/wp-content\/uploads\/2017\/09\/50f75e3b8a897_324x235.jpg","articleSection":["Internacionales","Noticias"],"inLanguage":"es","potentialAction":[{"@type":"CommentAction","name":"Comment","target":["https:\/\/patagoniambiental.com.ar\/info\/argentina-y-chile-intercambiaran-informacion-sobre-mapuches-investigados-por-terrorismo\/#respond"]}]},{"@type":"WebPage","@id":"https:\/\/patagoniambiental.com.ar\/info\/argentina-y-chile-intercambiaran-informacion-sobre-mapuches-investigados-por-terrorismo\/","url":"https:\/\/patagoniambiental.com.ar\/info\/argentina-y-chile-intercambiaran-informacion-sobre-mapuches-investigados-por-terrorismo\/","name":"Argentina y Chile intercambiar\u00e1n informaci\u00f3n sobre mapuches investigados por \"terrorismo\"","isPartOf":{"@id":"https:\/\/patagoniambiental.com.ar\/info\/#website"},"primaryImageOfPage":{"@id":"https:\/\/patagoniambiental.com.ar\/info\/argentina-y-chile-intercambiaran-informacion-sobre-mapuches-investigados-por-terrorismo\/#primaryimage"},"image":{"@id":"https:\/\/patagoniambiental.com.ar\/info\/argentina-y-chile-intercambiaran-informacion-sobre-mapuches-investigados-por-terrorismo\/#primaryimage"},"thumbnailUrl":"https:\/\/patagoniambiental.com.ar\/info\/wp-content\/uploads\/2017\/09\/50f75e3b8a897_324x235.jpg","datePublished":"2017-09-28T22:00:51+00:00","breadcrumb":{"@id":"https:\/\/patagoniambiental.com.ar\/info\/argentina-y-chile-intercambiaran-informacion-sobre-mapuches-investigados-por-terrorismo\/#breadcrumb"},"inLanguage":"es","potentialAction":[{"@type":"ReadAction","target":["https:\/\/patagoniambiental.com.ar\/info\/argentina-y-chile-intercambiaran-informacion-sobre-mapuches-investigados-por-terrorismo\/"]}]},{"@type":"ImageObject","inLanguage":"es","@id":"https:\/\/patagoniambiental.com.ar\/info\/argentina-y-chile-intercambiaran-informacion-sobre-mapuches-investigados-por-terrorismo\/#primaryimage","url":"https:\/\/patagoniambiental.com.ar\/info\/wp-content\/uploads\/2017\/09\/50f75e3b8a897_324x235.jpg","contentUrl":"https:\/\/patagoniambiental.com.ar\/info\/wp-content\/uploads\/2017\/09\/50f75e3b8a897_324x235.jpg","width":324,"height":235},{"@type":"BreadcrumbList","@id":"https:\/\/patagoniambiental.com.ar\/info\/argentina-y-chile-intercambiaran-informacion-sobre-mapuches-investigados-por-terrorismo\/#breadcrumb","itemListElement":[{"@type":"ListItem","position":1,"name":"Inicio","item":"https:\/\/patagoniambiental.com.ar\/info\/"},{"@type":"ListItem","position":2,"name":"Argentina y Chile intercambiar\u00e1n informaci\u00f3n sobre mapuches investigados por \u00abterrorismo\u00bb"}]},{"@type":"WebSite","@id":"https:\/\/patagoniambiental.com.ar\/info\/#website","url":"https:\/\/patagoniambiental.com.ar\/info\/","name":"Patagonia Ambiental","description":"Monitoreo y an\u00e1lisis de la situaci\u00f3n geopol\u00edtica en el mundo y su implicancia en la Patagonia","publisher":{"@id":"https:\/\/patagoniambiental.com.ar\/info\/#organization"},"potentialAction":[{"@type":"SearchAction","target":{"@type":"EntryPoint","urlTemplate":"https:\/\/patagoniambiental.com.ar\/info\/?s={search_term_string}"},"query-input":{"@type":"PropertyValueSpecification","valueRequired":true,"valueName":"search_term_string"}}],"inLanguage":"es"},{"@type":"Organization","@id":"https:\/\/patagoniambiental.com.ar\/info\/#organization","name":"Patagonia Ambiental","url":"https:\/\/patagoniambiental.com.ar\/info\/","logo":{"@type":"ImageObject","inLanguage":"es","@id":"https:\/\/patagoniambiental.com.ar\/info\/#\/schema\/logo\/image\/","url":"https:\/\/patagoniambiental.com.ar\/info\/wp-content\/uploads\/2025\/05\/LOGO-PATAGONIA-AMBIENTAL.png","contentUrl":"https:\/\/patagoniambiental.com.ar\/info\/wp-content\/uploads\/2025\/05\/LOGO-PATAGONIA-AMBIENTAL.png","width":433,"height":250,"caption":"Patagonia Ambiental"},"image":{"@id":"https:\/\/patagoniambiental.com.ar\/info\/#\/schema\/logo\/image\/"},"sameAs":["https:\/\/www.facebook.com\/patagonia.ambiental","https:\/\/x.com\/PatAmb"]},{"@type":"Person","@id":"https:\/\/patagoniambiental.com.ar\/info\/#\/schema\/person\/db12bff64bbcbf6a253710bf0ea37b5d","name":"Patagonia Ambiental","description":"Andr\u00e9s Nievas T\u00e9cnico en manejo ambiental, consultor Ambiental y escritor para medios locales e internacionales sobre temas de geopolitica y medio ambiente.","sameAs":["http:\/\/www.patagoniambiental.com.ar","https:\/\/www.facebook.com\/share\/1C1V8Gv9BX\/?mibextid=qi2Omg","@patagoniambiental","https:\/\/youtube.com\/@patagoniaambiental2023?si=BLt58t0wuXquxlYZ"]}]}},"_links":{"self":[{"href":"https:\/\/patagoniambiental.com.ar\/info\/wp-json\/wp\/v2\/posts\/35584","targetHints":{"allow":["GET"]}}],"collection":[{"href":"https:\/\/patagoniambiental.com.ar\/info\/wp-json\/wp\/v2\/posts"}],"about":[{"href":"https:\/\/patagoniambiental.com.ar\/info\/wp-json\/wp\/v2\/types\/post"}],"author":[{"embeddable":true,"href":"https:\/\/patagoniambiental.com.ar\/info\/wp-json\/wp\/v2\/users\/2"}],"replies":[{"embeddable":true,"href":"https:\/\/patagoniambiental.com.ar\/info\/wp-json\/wp\/v2\/comments?post=35584"}],"version-history":[{"count":0,"href":"https:\/\/patagoniambiental.com.ar\/info\/wp-json\/wp\/v2\/posts\/35584\/revisions"}],"wp:featuredmedia":[{"embeddable":true,"href":"https:\/\/patagoniambiental.com.ar\/info\/wp-json\/wp\/v2\/media\/35585"}],"wp:attachment":[{"href":"https:\/\/patagoniambiental.com.ar\/info\/wp-json\/wp\/v2\/media?parent=35584"}],"wp:term":[{"taxonomy":"category","embeddable":true,"href":"https:\/\/patagoniambiental.com.ar\/info\/wp-json\/wp\/v2\/categories?post=35584"},{"taxonomy":"post_tag","embeddable":true,"href":"https:\/\/patagoniambiental.com.ar\/info\/wp-json\/wp\/v2\/tags?post=35584"}],"curies":[{"name":"wp","href":"https:\/\/api.w.org\/{rel}","templated":true}]}}