{"id":35590,"date":"2017-09-28T09:17:26","date_gmt":"2017-09-28T12:17:26","guid":{"rendered":"http:\/\/patagoniambiental.com.ar\/info\/?p=35590"},"modified":"2017-09-28T09:17:26","modified_gmt":"2017-09-28T12:17:26","slug":"en-chile-los-mapuches-decian-que-esperaban-armas-desde-argentina","status":"publish","type":"post","link":"https:\/\/patagoniambiental.com.ar\/info\/en-chile-los-mapuches-decian-que-esperaban-armas-desde-argentina\/","title":{"rendered":"En Chile, los mapuches dec\u00edan que esperaban armas desde Argentina"},"content":{"rendered":"<p>Chile.-Carabineros de Chile investigan conversaciones de chat de l\u00edderes de agrupaciones mapuches.<\/p>\n<p><!--more--><\/p>\n<p>En Chile, los mapuches dec\u00edan que esperaban armas desde Argentina. As\u00ed surge de conversaciones de chat que investigan los carabineros y que fueron atribuidas a los l\u00edderes de la Coordinadora Arauco Malleco y Weichan Auka Mapu. Los chats son parte de las pruebas que tiene la Fiscal\u00eda para acusar a los ocho detenidos durante el fin de semana por el delito de asociaci\u00f3n il\u00edcita con car\u00e1cter terrorista. El armamento y las municiones solicitadas estar\u00edan destinadas a los diversos ataques perpetrados en la zona de Araucan\u00eda. En las conversaciones se mencion\u00f3 un arsenal de 6 escopetas, 10 rev\u00f3lveres, 12 pistolas, 2 fusiles, 250 cartuchos de escopeta, 550 balas calibre 38 y 84 balas calibre 9 mm. Todo el material provendr\u00eda desde la Argentina.<\/p>\n<p>Seg\u00fan conversaciones de chat que investigan los Carabineros, los mapuches chilenos esperaban armas desde la Argentina para realizar sus atentados en la zona de Araucan\u00eda. Las comunicaciones fueron atribuidas a los l\u00edderes de la Coordinadora Arauco Malleco y Weichan Auka Mapu y son parte de las pruebas que posee la Fiscal\u00eda de Alta Complejidad de La Araucan\u00eda, para acusar a los ocho detenidos durante el fin de semana por el delito de asociaci\u00f3n il\u00edcita con car\u00e1cter terrorista. A dos de ellos tambi\u00e9n se les atribuye incendio de car\u00e1cter terrorista.<\/p>\n<p>Seg\u00fan detall\u00f3 el diario chileno El Mercurio, uno de los mensajes da cuenta de gestiones para el env\u00edo de diverso armamento y munici\u00f3n desde Argentina, las que estar\u00edan destinadas a los diversos ataques perpetrados en la zona.<\/p>\n<p>La conversaci\u00f3n sobre el env\u00edo de armas ser\u00eda del 4 de agosto pasado entre un tal \u201cMatute\u201d (J.H.C.) se comunica con \u201cNegro\u201d (H.Ll.C). En ella, \u201cMatute\u201d le manda un listado de armamento de 6 escopetas, 10 rev\u00f3lveres, 12 pistolas, 2 fusiles, 250 cartuchos de escopeta, 550 balas calibre 38 y 84 balas calibre 9 mm. \u201cNegro\u201d le responde y le informa que \u201cde Argentina me van a llegar\u201c, y en otro p\u00e1rrafo le dice \u201cel 15\u201c, supuestamente la fecha en que estar\u00edan en su poder. H.Ll. tambi\u00e9n le informa que \u201cte apoyo con 900 lucas\u201c, a lo que J.H. le pregunta \u201cno puedes m\u00e1s\u201c.<\/p>\n<p>En otra comunicaci\u00f3n, del mismo d\u00eda, donde \u201cMatute\u201d le escribe \u201cel viernes de fuego es el 11\u201c, a lo que \u201cNegro\u201d responde: \u201ctiene que estar coordinado con el de tirua\u201c. H.Ll. le advierte: \u201cyo estoy pinchado\u2026por eso hay que desviar\u201c, a lo que J.H. le replica \u201cson muy wn los pakos\u201c. Y Negro a\u00f1ade: \u201clo aprendi en el Mir. Ni te pillan las armas\u201c. Despu\u00e9s le informa \u201ccambio el chip y te contacto. Te envio varios chip solo para que nos comuniquemos. Solo usarlo 3 dias y quemarlo. Clave guluche. Te voy a contactar a distintas hora\u201c. Para despedirse, le recomienda a Matute \u201ccambia las horas del celular. Ma\u00f1ana 11:30 hablamos\u201c.<\/p>\n<p>Adem\u00e1s, hay un chat que da cuenta de las divisiones que aparecieron por el dinero. Negro chatea con CID (D.C.A) y le dice \u201cel huen\u2026anda con caga.<\/p>\n<p>Quiere mas\u201c, a lo que CID responde \u201cm\u00e1ndalo a la chucha. Balsa con z\u201d.H.Ll. responde: \u201cno es confiable ya le pase $. Jose es mas confiable. En este momeno (sic) le est\u00e1n pasando $\u201d, entre otras comunicaciones interceptadas durante la investigaci\u00f3n.<\/p>\n<p>Seg\u00fan el portal Emol, Las diligencias investigativas se manten\u00edan ayer en varias comunas de la macrozona sur, que contempla las regiones del Biob\u00edo, La Araucan\u00eda y de Los R\u00edos.<\/p>\n<p>Adem\u00e1s de los dos pr\u00f3fugos, sobre los cuales pesan \u00f3rdenes de aprehensi\u00f3n dictadas por el mismo juzgado de Garant\u00eda de Temuco, se mantienen las indagaciones sobre la base de otras pistas recogidas por personal de inteligencia de Carabineros.<\/p>\n<p>A pesar de las escuchas y comunicaciones interceptadas, la radio ADN 91.7 da cuenta de que el exministro de la Concertaci\u00f3n, Francisco Vidal, analiz\u00f3 la detenci\u00f3n de comuneros mapuches acusados de supuesta asociaci\u00f3n il\u00edcita terrorista y recalc\u00f3 que \u201clo que hay es una acusaci\u00f3n, lo que falta son las pruebas\u201c, a la vez que advirti\u00f3 que no se deben sacar conclusiones apresuradas porque no son \u201cni culpables, ni inocentes\u201c, agregando que \u201cme han extra\u00f1ado reacciones de, como las del compa\u00f1ero de ruta (Guillermo) Teillier, que vi que era una razia (\u2026) T\u00fa crees en el sistema o no crees en el sistema\u201c.<\/p>\n<p>Vidal precis\u00f3 que en \u201cel hecho m\u00e1s pol\u00edtico de fondo, yo participo en las reivindicaciones sustantivas del pueblo mapuche. No participo que, para reivindicar eso, t\u00fa uses la violencia. Porque en un sistema democr\u00e1tico la violencia debe ser erradicada (\u2026) El tema de fondo es pol\u00edtico, la soluci\u00f3n de fondo es pol\u00edtica\u201d.<\/p>\n<p>En tanto, el Gobierno descart\u00f3 el 23\/9 retirar la querella por infracci\u00f3n a la ley antiterrorista contra los cuatro comuneros mapuches en prisi\u00f3n preventiva, imputados por el incendio de una iglesia, que llevan 109 d\u00edas en huelga de hambre.<\/p>\n<p>Seg\u00fan el portal TheClinic.cl la querella \u201cno es negociable\u201d, dijo Ricardo Chancerel, intendente de La Araucan\u00eda. \u201cEn este caso, dada la gravedad de los hechos, ser\u00eda una p\u00e9sima se\u00f1al que retir\u00e1ramos la querella\u201d, subray\u00f3. Los comuneros han condicionado el t\u00e9rmino del ayuno que llevan adelante al retiro de la querella por ley antiterrorista, se\u00f1alando que en un proceso bajo la ley penal com\u00fan demostrar\u00e1n su inocencia.<\/p>\n<p>\u201cEstamos hablando de la quema de un templo con personas en su interior, de ni\u00f1os, de mujeres que estaban celebrando un culto y fueron interrumpidos por encapuchados que arrojaron antorchas y los amenazaron con armas\u201d, dijo Chancerel.<\/p>\n<p>Ayer (25\/9) termin\u00f3 con disturbios y la detenci\u00f3n de unas 30 personas por parte de Carabineros, una manifestaci\u00f3n en Concepci\u00f3n de apoyo a los comuneros mapuches que se encuentran en huelga de hambre.<\/p>\n<p>Carabineros tambi\u00e9n desarticul\u00f3 el campamento improvisado que algunos mapuches hab\u00edan instalado en el frontis de la catedral.<\/p>\n<p>La marcha no autorizada fue en apoyo de los comuneros Benito, Pablo y Ariel Trangol, y Alfredo Tralcal, en huelga de hambre en Temuco.<\/p>\n<p>Cuatro de ellos ya fueron trasladados al Hospital de Temuco, donde se encuentran estables despu\u00e9s de m\u00e1s de 100 d\u00edas de ayuno.<\/p>\n<p>(Diario La Cuenca).-<\/p>\n","protected":false},"excerpt":{"rendered":"<p>Chile.-Carabineros de Chile investigan conversaciones de chat de l\u00edderes de agrupaciones mapuches.<\/p>\n","protected":false},"author":2,"featured_media":35591,"comment_status":"open","ping_status":"open","sticky":false,"template":"","format":"standard","meta":{"site-sidebar-layout":"default","site-content-layout":"","ast-site-content-layout":"default","site-content-style":"default","site-sidebar-style":"default","ast-global-header-display":"","ast-banner-title-visibility":"","ast-main-header-display":"","ast-hfb-above-header-display":"","ast-hfb-below-header-display":"","ast-hfb-mobile-header-display":"","site-post-title":"","ast-breadcrumbs-content":"","ast-featured-img":"","footer-sml-layout":"","ast-disable-related-posts":"","theme-transparent-header-meta":"","adv-header-id-meta":"","stick-header-meta":"","header-above-stick-meta":"","header-main-stick-meta":"","header-below-stick-meta":"","astra-migrate-meta-layouts":"default","ast-page-background-enabled":"default","ast-page-background-meta":{"desktop":{"background-color":"var(--ast-global-color-5)","background-image":"","background-repeat":"repeat","background-position":"center center","background-size":"auto","background-attachment":"scroll","background-type":"","background-media":"","overlay-type":"","overlay-color":"","overlay-opacity":"","overlay-gradient":""},"tablet":{"background-color":"","background-image":"","background-repeat":"repeat","background-position":"center center","background-size":"auto","background-attachment":"scroll","background-type":"","background-media":"","overlay-type":"","overlay-color":"","overlay-opacity":"","overlay-gradient":""},"mobile":{"background-color":"","background-image":"","background-repeat":"repeat","background-position":"center center","background-size":"auto","background-attachment":"scroll","background-type":"","background-media":"","overlay-type":"","overlay-color":"","overlay-opacity":"","overlay-gradient":""}},"ast-content-background-meta":{"desktop":{"background-color":"var(--ast-global-color-4)","background-image":"","background-repeat":"repeat","background-position":"center center","background-size":"auto","background-attachment":"scroll","background-type":"","background-media":"","overlay-type":"","overlay-color":"","overlay-opacity":"","overlay-gradient":""},"tablet":{"background-color":"var(--ast-global-color-4)","background-image":"","background-repeat":"repeat","background-position":"center center","background-size":"auto","background-attachment":"scroll","background-type":"","background-media":"","overlay-type":"","overlay-color":"","overlay-opacity":"","overlay-gradient":""},"mobile":{"background-color":"var(--ast-global-color-4)","background-image":"","background-repeat":"repeat","background-position":"center center","background-size":"auto","background-attachment":"scroll","background-type":"","background-media":"","overlay-type":"","overlay-color":"","overlay-opacity":"","overlay-gradient":""}},"footnotes":""},"categories":[23,1],"tags":[],"class_list":["post-35590","post","type-post","status-publish","format-standard","has-post-thumbnail","hentry","category-internacionales","category-noticias"],"yoast_head":"<!-- This site is optimized with the Yoast SEO Premium plugin v23.0 (Yoast SEO v27.4) - https:\/\/yoast.com\/product\/yoast-seo-premium-wordpress\/ -->\n<title>En Chile, los mapuches dec\u00edan que esperaban armas desde Argentina<\/title>\n<meta name=\"robots\" content=\"index, follow, max-snippet:-1, max-image-preview:large, max-video-preview:-1\" \/>\n<link rel=\"canonical\" href=\"https:\/\/patagoniambiental.com.ar\/info\/en-chile-los-mapuches-decian-que-esperaban-armas-desde-argentina\/\" \/>\n<meta property=\"og:locale\" content=\"es_ES\" \/>\n<meta property=\"og:type\" content=\"article\" \/>\n<meta property=\"og:title\" content=\"En Chile, los mapuches dec\u00edan que esperaban armas desde Argentina\" \/>\n<meta property=\"og:description\" content=\"Chile.-Carabineros de Chile investigan conversaciones de chat de l\u00edderes de agrupaciones mapuches.\" \/>\n<meta property=\"og:url\" content=\"https:\/\/patagoniambiental.com.ar\/info\/en-chile-los-mapuches-decian-que-esperaban-armas-desde-argentina\/\" \/>\n<meta property=\"og:site_name\" content=\"Patagonia Ambiental\" \/>\n<meta property=\"article:publisher\" content=\"https:\/\/www.facebook.com\/patagonia.ambiental\" \/>\n<meta property=\"article:author\" content=\"https:\/\/www.facebook.com\/share\/1C1V8Gv9BX\/?mibextid=qi2Omg\" \/>\n<meta property=\"article:published_time\" content=\"2017-09-28T12:17:26+00:00\" \/>\n<meta property=\"og:image\" content=\"https:\/\/patagoniambiental.com.ar\/info\/wp-content\/uploads\/2017\/09\/9cd0e2e7-c71a-554c-b893-aab164f3ebdb_mid.jpg\" \/>\n\t<meta property=\"og:image:width\" content=\"710\" \/>\n\t<meta property=\"og:image:height\" content=\"399\" \/>\n\t<meta property=\"og:image:type\" content=\"image\/jpeg\" \/>\n<meta name=\"author\" content=\"Patagonia Ambiental\" \/>\n<meta name=\"twitter:card\" content=\"summary_large_image\" \/>\n<meta name=\"twitter:creator\" content=\"@PatAmb\" \/>\n<meta name=\"twitter:site\" content=\"@PatAmb\" \/>\n<script type=\"application\/ld+json\" class=\"yoast-schema-graph\">{\"@context\":\"https:\\\/\\\/schema.org\",\"@graph\":[{\"@type\":\"Article\",\"@id\":\"https:\\\/\\\/patagoniambiental.com.ar\\\/info\\\/en-chile-los-mapuches-decian-que-esperaban-armas-desde-argentina\\\/#article\",\"isPartOf\":{\"@id\":\"https:\\\/\\\/patagoniambiental.com.ar\\\/info\\\/en-chile-los-mapuches-decian-que-esperaban-armas-desde-argentina\\\/\"},\"author\":{\"name\":\"Patagonia Ambiental\",\"@id\":\"https:\\\/\\\/patagoniambiental.com.ar\\\/info\\\/#\\\/schema\\\/person\\\/db12bff64bbcbf6a253710bf0ea37b5d\"},\"headline\":\"En Chile, los mapuches dec\u00edan que esperaban armas desde Argentina\",\"datePublished\":\"2017-09-28T12:17:26+00:00\",\"mainEntityOfPage\":{\"@id\":\"https:\\\/\\\/patagoniambiental.com.ar\\\/info\\\/en-chile-los-mapuches-decian-que-esperaban-armas-desde-argentina\\\/\"},\"wordCount\":1084,\"commentCount\":0,\"publisher\":{\"@id\":\"https:\\\/\\\/patagoniambiental.com.ar\\\/info\\\/#organization\"},\"image\":{\"@id\":\"https:\\\/\\\/patagoniambiental.com.ar\\\/info\\\/en-chile-los-mapuches-decian-que-esperaban-armas-desde-argentina\\\/#primaryimage\"},\"thumbnailUrl\":\"https:\\\/\\\/patagoniambiental.com.ar\\\/info\\\/wp-content\\\/uploads\\\/2017\\\/09\\\/9cd0e2e7-c71a-554c-b893-aab164f3ebdb_mid.jpg\",\"articleSection\":[\"Internacionales\",\"Noticias\"],\"inLanguage\":\"es\",\"potentialAction\":[{\"@type\":\"CommentAction\",\"name\":\"Comment\",\"target\":[\"https:\\\/\\\/patagoniambiental.com.ar\\\/info\\\/en-chile-los-mapuches-decian-que-esperaban-armas-desde-argentina\\\/#respond\"]}]},{\"@type\":\"WebPage\",\"@id\":\"https:\\\/\\\/patagoniambiental.com.ar\\\/info\\\/en-chile-los-mapuches-decian-que-esperaban-armas-desde-argentina\\\/\",\"url\":\"https:\\\/\\\/patagoniambiental.com.ar\\\/info\\\/en-chile-los-mapuches-decian-que-esperaban-armas-desde-argentina\\\/\",\"name\":\"En Chile, los mapuches dec\u00edan que esperaban armas desde Argentina\",\"isPartOf\":{\"@id\":\"https:\\\/\\\/patagoniambiental.com.ar\\\/info\\\/#website\"},\"primaryImageOfPage\":{\"@id\":\"https:\\\/\\\/patagoniambiental.com.ar\\\/info\\\/en-chile-los-mapuches-decian-que-esperaban-armas-desde-argentina\\\/#primaryimage\"},\"image\":{\"@id\":\"https:\\\/\\\/patagoniambiental.com.ar\\\/info\\\/en-chile-los-mapuches-decian-que-esperaban-armas-desde-argentina\\\/#primaryimage\"},\"thumbnailUrl\":\"https:\\\/\\\/patagoniambiental.com.ar\\\/info\\\/wp-content\\\/uploads\\\/2017\\\/09\\\/9cd0e2e7-c71a-554c-b893-aab164f3ebdb_mid.jpg\",\"datePublished\":\"2017-09-28T12:17:26+00:00\",\"breadcrumb\":{\"@id\":\"https:\\\/\\\/patagoniambiental.com.ar\\\/info\\\/en-chile-los-mapuches-decian-que-esperaban-armas-desde-argentina\\\/#breadcrumb\"},\"inLanguage\":\"es\",\"potentialAction\":[{\"@type\":\"ReadAction\",\"target\":[\"https:\\\/\\\/patagoniambiental.com.ar\\\/info\\\/en-chile-los-mapuches-decian-que-esperaban-armas-desde-argentina\\\/\"]}]},{\"@type\":\"ImageObject\",\"inLanguage\":\"es\",\"@id\":\"https:\\\/\\\/patagoniambiental.com.ar\\\/info\\\/en-chile-los-mapuches-decian-que-esperaban-armas-desde-argentina\\\/#primaryimage\",\"url\":\"https:\\\/\\\/patagoniambiental.com.ar\\\/info\\\/wp-content\\\/uploads\\\/2017\\\/09\\\/9cd0e2e7-c71a-554c-b893-aab164f3ebdb_mid.jpg\",\"contentUrl\":\"https:\\\/\\\/patagoniambiental.com.ar\\\/info\\\/wp-content\\\/uploads\\\/2017\\\/09\\\/9cd0e2e7-c71a-554c-b893-aab164f3ebdb_mid.jpg\",\"width\":710,\"height\":399},{\"@type\":\"BreadcrumbList\",\"@id\":\"https:\\\/\\\/patagoniambiental.com.ar\\\/info\\\/en-chile-los-mapuches-decian-que-esperaban-armas-desde-argentina\\\/#breadcrumb\",\"itemListElement\":[{\"@type\":\"ListItem\",\"position\":1,\"name\":\"Inicio\",\"item\":\"https:\\\/\\\/patagoniambiental.com.ar\\\/info\\\/\"},{\"@type\":\"ListItem\",\"position\":2,\"name\":\"En Chile, los mapuches dec\u00edan que esperaban armas desde Argentina\"}]},{\"@type\":\"WebSite\",\"@id\":\"https:\\\/\\\/patagoniambiental.com.ar\\\/info\\\/#website\",\"url\":\"https:\\\/\\\/patagoniambiental.com.ar\\\/info\\\/\",\"name\":\"Patagonia Ambiental\",\"description\":\"Monitoreo y an\u00e1lisis de la situaci\u00f3n geopol\u00edtica en el mundo y su implicancia en la Patagonia\",\"publisher\":{\"@id\":\"https:\\\/\\\/patagoniambiental.com.ar\\\/info\\\/#organization\"},\"potentialAction\":[{\"@type\":\"SearchAction\",\"target\":{\"@type\":\"EntryPoint\",\"urlTemplate\":\"https:\\\/\\\/patagoniambiental.com.ar\\\/info\\\/?s={search_term_string}\"},\"query-input\":{\"@type\":\"PropertyValueSpecification\",\"valueRequired\":true,\"valueName\":\"search_term_string\"}}],\"inLanguage\":\"es\"},{\"@type\":\"Organization\",\"@id\":\"https:\\\/\\\/patagoniambiental.com.ar\\\/info\\\/#organization\",\"name\":\"Patagonia Ambiental\",\"url\":\"https:\\\/\\\/patagoniambiental.com.ar\\\/info\\\/\",\"logo\":{\"@type\":\"ImageObject\",\"inLanguage\":\"es\",\"@id\":\"https:\\\/\\\/patagoniambiental.com.ar\\\/info\\\/#\\\/schema\\\/logo\\\/image\\\/\",\"url\":\"https:\\\/\\\/patagoniambiental.com.ar\\\/info\\\/wp-content\\\/uploads\\\/2025\\\/05\\\/LOGO-PATAGONIA-AMBIENTAL.png\",\"contentUrl\":\"https:\\\/\\\/patagoniambiental.com.ar\\\/info\\\/wp-content\\\/uploads\\\/2025\\\/05\\\/LOGO-PATAGONIA-AMBIENTAL.png\",\"width\":433,\"height\":250,\"caption\":\"Patagonia Ambiental\"},\"image\":{\"@id\":\"https:\\\/\\\/patagoniambiental.com.ar\\\/info\\\/#\\\/schema\\\/logo\\\/image\\\/\"},\"sameAs\":[\"https:\\\/\\\/www.facebook.com\\\/patagonia.ambiental\",\"https:\\\/\\\/x.com\\\/PatAmb\"]},{\"@type\":\"Person\",\"@id\":\"https:\\\/\\\/patagoniambiental.com.ar\\\/info\\\/#\\\/schema\\\/person\\\/db12bff64bbcbf6a253710bf0ea37b5d\",\"name\":\"Patagonia Ambiental\",\"description\":\"Andr\u00e9s Nievas T\u00e9cnico en manejo ambiental, consultor Ambiental y escritor para medios locales e internacionales sobre temas de geopolitica y medio ambiente.\",\"sameAs\":[\"http:\\\/\\\/www.patagoniambiental.com.ar\",\"https:\\\/\\\/www.facebook.com\\\/share\\\/1C1V8Gv9BX\\\/?mibextid=qi2Omg\",\"@patagoniambiental\",\"https:\\\/\\\/youtube.com\\\/@patagoniaambiental2023?si=BLt58t0wuXquxlYZ\"]}]}<\/script>\n<!-- \/ Yoast SEO Premium plugin. -->","yoast_head_json":{"title":"En Chile, los mapuches dec\u00edan que esperaban armas desde Argentina","robots":{"index":"index","follow":"follow","max-snippet":"max-snippet:-1","max-image-preview":"max-image-preview:large","max-video-preview":"max-video-preview:-1"},"canonical":"https:\/\/patagoniambiental.com.ar\/info\/en-chile-los-mapuches-decian-que-esperaban-armas-desde-argentina\/","og_locale":"es_ES","og_type":"article","og_title":"En Chile, los mapuches dec\u00edan que esperaban armas desde Argentina","og_description":"Chile.-Carabineros de Chile investigan conversaciones de chat de l\u00edderes de agrupaciones mapuches.","og_url":"https:\/\/patagoniambiental.com.ar\/info\/en-chile-los-mapuches-decian-que-esperaban-armas-desde-argentina\/","og_site_name":"Patagonia Ambiental","article_publisher":"https:\/\/www.facebook.com\/patagonia.ambiental","article_author":"https:\/\/www.facebook.com\/share\/1C1V8Gv9BX\/?mibextid=qi2Omg","article_published_time":"2017-09-28T12:17:26+00:00","og_image":[{"width":710,"height":399,"url":"https:\/\/patagoniambiental.com.ar\/info\/wp-content\/uploads\/2017\/09\/9cd0e2e7-c71a-554c-b893-aab164f3ebdb_mid.jpg","type":"image\/jpeg"}],"author":"Patagonia Ambiental","twitter_card":"summary_large_image","twitter_creator":"@PatAmb","twitter_site":"@PatAmb","schema":{"@context":"https:\/\/schema.org","@graph":[{"@type":"Article","@id":"https:\/\/patagoniambiental.com.ar\/info\/en-chile-los-mapuches-decian-que-esperaban-armas-desde-argentina\/#article","isPartOf":{"@id":"https:\/\/patagoniambiental.com.ar\/info\/en-chile-los-mapuches-decian-que-esperaban-armas-desde-argentina\/"},"author":{"name":"Patagonia Ambiental","@id":"https:\/\/patagoniambiental.com.ar\/info\/#\/schema\/person\/db12bff64bbcbf6a253710bf0ea37b5d"},"headline":"En Chile, los mapuches dec\u00edan que esperaban armas desde Argentina","datePublished":"2017-09-28T12:17:26+00:00","mainEntityOfPage":{"@id":"https:\/\/patagoniambiental.com.ar\/info\/en-chile-los-mapuches-decian-que-esperaban-armas-desde-argentina\/"},"wordCount":1084,"commentCount":0,"publisher":{"@id":"https:\/\/patagoniambiental.com.ar\/info\/#organization"},"image":{"@id":"https:\/\/patagoniambiental.com.ar\/info\/en-chile-los-mapuches-decian-que-esperaban-armas-desde-argentina\/#primaryimage"},"thumbnailUrl":"https:\/\/patagoniambiental.com.ar\/info\/wp-content\/uploads\/2017\/09\/9cd0e2e7-c71a-554c-b893-aab164f3ebdb_mid.jpg","articleSection":["Internacionales","Noticias"],"inLanguage":"es","potentialAction":[{"@type":"CommentAction","name":"Comment","target":["https:\/\/patagoniambiental.com.ar\/info\/en-chile-los-mapuches-decian-que-esperaban-armas-desde-argentina\/#respond"]}]},{"@type":"WebPage","@id":"https:\/\/patagoniambiental.com.ar\/info\/en-chile-los-mapuches-decian-que-esperaban-armas-desde-argentina\/","url":"https:\/\/patagoniambiental.com.ar\/info\/en-chile-los-mapuches-decian-que-esperaban-armas-desde-argentina\/","name":"En Chile, los mapuches dec\u00edan que esperaban armas desde Argentina","isPartOf":{"@id":"https:\/\/patagoniambiental.com.ar\/info\/#website"},"primaryImageOfPage":{"@id":"https:\/\/patagoniambiental.com.ar\/info\/en-chile-los-mapuches-decian-que-esperaban-armas-desde-argentina\/#primaryimage"},"image":{"@id":"https:\/\/patagoniambiental.com.ar\/info\/en-chile-los-mapuches-decian-que-esperaban-armas-desde-argentina\/#primaryimage"},"thumbnailUrl":"https:\/\/patagoniambiental.com.ar\/info\/wp-content\/uploads\/2017\/09\/9cd0e2e7-c71a-554c-b893-aab164f3ebdb_mid.jpg","datePublished":"2017-09-28T12:17:26+00:00","breadcrumb":{"@id":"https:\/\/patagoniambiental.com.ar\/info\/en-chile-los-mapuches-decian-que-esperaban-armas-desde-argentina\/#breadcrumb"},"inLanguage":"es","potentialAction":[{"@type":"ReadAction","target":["https:\/\/patagoniambiental.com.ar\/info\/en-chile-los-mapuches-decian-que-esperaban-armas-desde-argentina\/"]}]},{"@type":"ImageObject","inLanguage":"es","@id":"https:\/\/patagoniambiental.com.ar\/info\/en-chile-los-mapuches-decian-que-esperaban-armas-desde-argentina\/#primaryimage","url":"https:\/\/patagoniambiental.com.ar\/info\/wp-content\/uploads\/2017\/09\/9cd0e2e7-c71a-554c-b893-aab164f3ebdb_mid.jpg","contentUrl":"https:\/\/patagoniambiental.com.ar\/info\/wp-content\/uploads\/2017\/09\/9cd0e2e7-c71a-554c-b893-aab164f3ebdb_mid.jpg","width":710,"height":399},{"@type":"BreadcrumbList","@id":"https:\/\/patagoniambiental.com.ar\/info\/en-chile-los-mapuches-decian-que-esperaban-armas-desde-argentina\/#breadcrumb","itemListElement":[{"@type":"ListItem","position":1,"name":"Inicio","item":"https:\/\/patagoniambiental.com.ar\/info\/"},{"@type":"ListItem","position":2,"name":"En Chile, los mapuches dec\u00edan que esperaban armas desde Argentina"}]},{"@type":"WebSite","@id":"https:\/\/patagoniambiental.com.ar\/info\/#website","url":"https:\/\/patagoniambiental.com.ar\/info\/","name":"Patagonia Ambiental","description":"Monitoreo y an\u00e1lisis de la situaci\u00f3n geopol\u00edtica en el mundo y su implicancia en la Patagonia","publisher":{"@id":"https:\/\/patagoniambiental.com.ar\/info\/#organization"},"potentialAction":[{"@type":"SearchAction","target":{"@type":"EntryPoint","urlTemplate":"https:\/\/patagoniambiental.com.ar\/info\/?s={search_term_string}"},"query-input":{"@type":"PropertyValueSpecification","valueRequired":true,"valueName":"search_term_string"}}],"inLanguage":"es"},{"@type":"Organization","@id":"https:\/\/patagoniambiental.com.ar\/info\/#organization","name":"Patagonia Ambiental","url":"https:\/\/patagoniambiental.com.ar\/info\/","logo":{"@type":"ImageObject","inLanguage":"es","@id":"https:\/\/patagoniambiental.com.ar\/info\/#\/schema\/logo\/image\/","url":"https:\/\/patagoniambiental.com.ar\/info\/wp-content\/uploads\/2025\/05\/LOGO-PATAGONIA-AMBIENTAL.png","contentUrl":"https:\/\/patagoniambiental.com.ar\/info\/wp-content\/uploads\/2025\/05\/LOGO-PATAGONIA-AMBIENTAL.png","width":433,"height":250,"caption":"Patagonia Ambiental"},"image":{"@id":"https:\/\/patagoniambiental.com.ar\/info\/#\/schema\/logo\/image\/"},"sameAs":["https:\/\/www.facebook.com\/patagonia.ambiental","https:\/\/x.com\/PatAmb"]},{"@type":"Person","@id":"https:\/\/patagoniambiental.com.ar\/info\/#\/schema\/person\/db12bff64bbcbf6a253710bf0ea37b5d","name":"Patagonia Ambiental","description":"Andr\u00e9s Nievas T\u00e9cnico en manejo ambiental, consultor Ambiental y escritor para medios locales e internacionales sobre temas de geopolitica y medio ambiente.","sameAs":["http:\/\/www.patagoniambiental.com.ar","https:\/\/www.facebook.com\/share\/1C1V8Gv9BX\/?mibextid=qi2Omg","@patagoniambiental","https:\/\/youtube.com\/@patagoniaambiental2023?si=BLt58t0wuXquxlYZ"]}]}},"_links":{"self":[{"href":"https:\/\/patagoniambiental.com.ar\/info\/wp-json\/wp\/v2\/posts\/35590","targetHints":{"allow":["GET"]}}],"collection":[{"href":"https:\/\/patagoniambiental.com.ar\/info\/wp-json\/wp\/v2\/posts"}],"about":[{"href":"https:\/\/patagoniambiental.com.ar\/info\/wp-json\/wp\/v2\/types\/post"}],"author":[{"embeddable":true,"href":"https:\/\/patagoniambiental.com.ar\/info\/wp-json\/wp\/v2\/users\/2"}],"replies":[{"embeddable":true,"href":"https:\/\/patagoniambiental.com.ar\/info\/wp-json\/wp\/v2\/comments?post=35590"}],"version-history":[{"count":0,"href":"https:\/\/patagoniambiental.com.ar\/info\/wp-json\/wp\/v2\/posts\/35590\/revisions"}],"wp:featuredmedia":[{"embeddable":true,"href":"https:\/\/patagoniambiental.com.ar\/info\/wp-json\/wp\/v2\/media\/35591"}],"wp:attachment":[{"href":"https:\/\/patagoniambiental.com.ar\/info\/wp-json\/wp\/v2\/media?parent=35590"}],"wp:term":[{"taxonomy":"category","embeddable":true,"href":"https:\/\/patagoniambiental.com.ar\/info\/wp-json\/wp\/v2\/categories?post=35590"},{"taxonomy":"post_tag","embeddable":true,"href":"https:\/\/patagoniambiental.com.ar\/info\/wp-json\/wp\/v2\/tags?post=35590"}],"curies":[{"name":"wp","href":"https:\/\/api.w.org\/{rel}","templated":true}]}}