{"id":35593,"date":"2017-09-28T09:00:31","date_gmt":"2017-09-28T12:00:31","guid":{"rendered":"http:\/\/patagoniambiental.com.ar\/info\/?p=35593"},"modified":"2017-09-28T09:29:06","modified_gmt":"2017-09-28T12:29:06","slug":"argentina-y-chile-intercambiaran-informacion-sobre-activistas-mapuches","status":"publish","type":"post","link":"https:\/\/patagoniambiental.com.ar\/info\/argentina-y-chile-intercambiaran-informacion-sobre-activistas-mapuches\/","title":{"rendered":"Argentina y Chile intercambiar\u00e1n informaci\u00f3n sobre activistas mapuches"},"content":{"rendered":"<p align=\"justify\">Chile.-Argentina y Chile intercambiar\u00e1n informaci\u00f3n sobre la llamada Operaci\u00f3n Hurac\u00e1n, que deriv\u00f3 en la detenci\u00f3n de ocho mapuches investigados por el delito de \u00abasociaci\u00f3n il\u00edcita con car\u00e1cter terrorista\u00bb, inform\u00f3 ayer una portavoz gubernamental chilena.<!--more--><\/p>\n<p align=\"justify\">La secretaria general del gobierno de Chile, Paula Narv\u00e1ez, anunci\u00f3 que el intercambio de informaci\u00f3n tendr\u00e1 lugar a partir de un encuentro entre el subsecretario de Interior de Chile, Mahmud Aleuy, y la ministra de Seguridad, Patricia Bullrich, quienes se reunir\u00e1n en Argentina.<\/p>\n<p align=\"justify\">El desembarco del funcionario chileno se producir\u00e1 mientras se aguarda un nuevo impulso en la causa por la desaparici\u00f3n del joven Santiago Maldonado el pasado 1\u00ba de agosto tras un operativo de la Gendarmer\u00eda en la comunidad Pu Lof de Cushamen, en Chubut, tras el cambio de juez por la recusaci\u00f3n de la familia.<\/p>\n<p align=\"justify\">\u00abEn el marco de la colaboraci\u00f3n y el intercambio de informaci\u00f3n entre pa\u00edses amigos, el subsecretario del Interior viajar\u00e1 a finales de esta semana para coordinar acciones entre ambos gobiernos\u00bb, dijo Narv\u00e1ez.<\/p>\n<p align=\"justify\">El inter\u00e9s de cooperaci\u00f3n por parte del gobierno de Chile responde al reciente descubrimiento de mensajes de texto en celulares incautados a los detenidos en los que se hace referencia a una presunta importaci\u00f3n ilegal de armas desde Argentina.<\/p>\n<p align=\"justify\">Los mensajes, encontrados por Carabineros de Chile en los celulares de varios de los mapuches arrestados en la operaci\u00f3n policial que tuvo lugar este pasado fin de semana, apuntan a un env\u00edo de armamento y municiones de diferentes calibres desde la Argentina, supuestamente articulado por los l\u00edderes de la Coordinadora Arauco-Malleco (CAM), una organizaci\u00f3n vinculada con actos delictivos de car\u00e1cter violento que reivindica la autonom\u00eda del pueblo mapuche respecto del Estado de Chile.<\/p>\n<p align=\"justify\">Treinta tel\u00e9fonos celulares fueron incautados en la operaci\u00f3n, uno de los cuales conten\u00eda una conversaci\u00f3n por chat, fechada el 4 de agosto pasado, en la que uno de los interlocutores, identificado como \u00abNegro\u00bb, confirmaba que desde la Argentina iban a llegar \u00ab6 escopetas, 10 rev\u00f3lveres, 12 pistolas, 2 fusiles, 250 cartuchos, 550 balas del calibre 38 y 84 balas del 9\u00bb La polic\u00eda chilena desconoce la identidad del supuesto contacto en la Argentina que facilitar\u00eda la entrega de armamento.<\/p>\n<p align=\"justify\"><strong>Detenidos<\/strong><\/p>\n<p align=\"justify\">Los ocho detenidos en el operativo policial en la Regi\u00f3n de La Araucan\u00eda fueron acusados del delito de asociaci\u00f3n il\u00edcita con car\u00e1cter terrorista, siendo tambi\u00e9n atribuido a dos de ellos un incendio.<\/p>\n<p align=\"justify\">Zonas del sur de Chile est\u00e1n bajo tensi\u00f3n, ya que, adem\u00e1s de las mencionadas detenciones, en Concepci\u00f3n se arrest\u00f3 el lunes a por lo menos 30 personas que se manifestaban en favor de cuatro mapuches que est\u00e1n en huelga de hambre desde hace 112 d\u00edas para protestar por su situaci\u00f3n de prisi\u00f3n preventiva en relaci\u00f3n a la quema de un templo evang\u00e9lico el a\u00f1o pasado.<\/p>\n<p align=\"justify\">A estos cuatro mapuches, ayer se sumaron nueve, y uno de ellos anunci\u00f3 que radicalizar\u00e1 la medida al dejar de consumir l\u00edquidos.<\/p>\n<p align=\"justify\">Fuente:\u00a0http:\/\/www.lacapital.com.ar\/politica\/argentina-y-chile-intercambiaran-informacion-activistas-mapuches-n1477181.html<\/p>\n","protected":false},"excerpt":{"rendered":"<p>Chile.-Argentina y Chile intercambiar\u00e1n informaci\u00f3n sobre la llamada Operaci\u00f3n Hurac\u00e1n, que deriv\u00f3 en la detenci\u00f3n de ocho mapuches investigados por [&hellip;]<\/p>\n","protected":false},"author":2,"featured_media":30815,"comment_status":"open","ping_status":"open","sticky":false,"template":"","format":"standard","meta":{"site-sidebar-layout":"default","site-content-layout":"","ast-site-content-layout":"default","site-content-style":"default","site-sidebar-style":"default","ast-global-header-display":"","ast-banner-title-visibility":"","ast-main-header-display":"","ast-hfb-above-header-display":"","ast-hfb-below-header-display":"","ast-hfb-mobile-header-display":"","site-post-title":"","ast-breadcrumbs-content":"","ast-featured-img":"","footer-sml-layout":"","ast-disable-related-posts":"","theme-transparent-header-meta":"","adv-header-id-meta":"","stick-header-meta":"","header-above-stick-meta":"","header-main-stick-meta":"","header-below-stick-meta":"","astra-migrate-meta-layouts":"default","ast-page-background-enabled":"default","ast-page-background-meta":{"desktop":{"background-color":"var(--ast-global-color-5)","background-image":"","background-repeat":"repeat","background-position":"center center","background-size":"auto","background-attachment":"scroll","background-type":"","background-media":"","overlay-type":"","overlay-color":"","overlay-opacity":"","overlay-gradient":""},"tablet":{"background-color":"","background-image":"","background-repeat":"repeat","background-position":"center center","background-size":"auto","background-attachment":"scroll","background-type":"","background-media":"","overlay-type":"","overlay-color":"","overlay-opacity":"","overlay-gradient":""},"mobile":{"background-color":"","background-image":"","background-repeat":"repeat","background-position":"center center","background-size":"auto","background-attachment":"scroll","background-type":"","background-media":"","overlay-type":"","overlay-color":"","overlay-opacity":"","overlay-gradient":""}},"ast-content-background-meta":{"desktop":{"background-color":"var(--ast-global-color-4)","background-image":"","background-repeat":"repeat","background-position":"center center","background-size":"auto","background-attachment":"scroll","background-type":"","background-media":"","overlay-type":"","overlay-color":"","overlay-opacity":"","overlay-gradient":""},"tablet":{"background-color":"var(--ast-global-color-4)","background-image":"","background-repeat":"repeat","background-position":"center center","background-size":"auto","background-attachment":"scroll","background-type":"","background-media":"","overlay-type":"","overlay-color":"","overlay-opacity":"","overlay-gradient":""},"mobile":{"background-color":"var(--ast-global-color-4)","background-image":"","background-repeat":"repeat","background-position":"center center","background-size":"auto","background-attachment":"scroll","background-type":"","background-media":"","overlay-type":"","overlay-color":"","overlay-opacity":"","overlay-gradient":""}},"footnotes":""},"categories":[23,1],"tags":[],"class_list":["post-35593","post","type-post","status-publish","format-standard","has-post-thumbnail","hentry","category-internacionales","category-noticias"],"yoast_head":"<!-- This site is optimized with the Yoast SEO Premium plugin v23.0 (Yoast SEO v27.4) - https:\/\/yoast.com\/product\/yoast-seo-premium-wordpress\/ -->\n<title>Argentina y Chile intercambiar\u00e1n informaci\u00f3n sobre activistas mapuches<\/title>\n<meta name=\"robots\" content=\"index, follow, max-snippet:-1, max-image-preview:large, max-video-preview:-1\" \/>\n<link rel=\"canonical\" href=\"https:\/\/patagoniambiental.com.ar\/info\/argentina-y-chile-intercambiaran-informacion-sobre-activistas-mapuches\/\" \/>\n<meta property=\"og:locale\" content=\"es_ES\" \/>\n<meta property=\"og:type\" content=\"article\" \/>\n<meta property=\"og:title\" content=\"Argentina y Chile intercambiar\u00e1n informaci\u00f3n sobre activistas mapuches\" \/>\n<meta property=\"og:description\" content=\"Chile.-Argentina y Chile intercambiar\u00e1n informaci\u00f3n sobre la llamada Operaci\u00f3n Hurac\u00e1n, que deriv\u00f3 en la detenci\u00f3n de ocho mapuches investigados por [&hellip;]\" \/>\n<meta property=\"og:url\" content=\"https:\/\/patagoniambiental.com.ar\/info\/argentina-y-chile-intercambiaran-informacion-sobre-activistas-mapuches\/\" \/>\n<meta property=\"og:site_name\" content=\"Patagonia Ambiental\" \/>\n<meta property=\"article:publisher\" content=\"https:\/\/www.facebook.com\/patagonia.ambiental\" \/>\n<meta property=\"article:author\" content=\"https:\/\/www.facebook.com\/share\/1C1V8Gv9BX\/?mibextid=qi2Omg\" \/>\n<meta property=\"article:published_time\" content=\"2017-09-28T12:00:31+00:00\" \/>\n<meta property=\"article:modified_time\" content=\"2017-09-28T12:29:06+00:00\" \/>\n<meta property=\"og:image\" content=\"https:\/\/patagoniambiental.com.ar\/info\/wp-content\/uploads\/2017\/06\/thumbnail_bandera-pueblo-mapuche.jpg\" \/>\n\t<meta property=\"og:image:width\" content=\"600\" \/>\n\t<meta property=\"og:image:height\" content=\"333\" \/>\n\t<meta property=\"og:image:type\" content=\"image\/jpeg\" \/>\n<meta name=\"author\" content=\"Patagonia Ambiental\" \/>\n<meta name=\"twitter:card\" content=\"summary_large_image\" \/>\n<meta name=\"twitter:creator\" content=\"@PatAmb\" \/>\n<meta name=\"twitter:site\" content=\"@PatAmb\" \/>\n<script type=\"application\/ld+json\" class=\"yoast-schema-graph\">{\"@context\":\"https:\\\/\\\/schema.org\",\"@graph\":[{\"@type\":\"Article\",\"@id\":\"https:\\\/\\\/patagoniambiental.com.ar\\\/info\\\/argentina-y-chile-intercambiaran-informacion-sobre-activistas-mapuches\\\/#article\",\"isPartOf\":{\"@id\":\"https:\\\/\\\/patagoniambiental.com.ar\\\/info\\\/argentina-y-chile-intercambiaran-informacion-sobre-activistas-mapuches\\\/\"},\"author\":{\"name\":\"Patagonia Ambiental\",\"@id\":\"https:\\\/\\\/patagoniambiental.com.ar\\\/info\\\/#\\\/schema\\\/person\\\/db12bff64bbcbf6a253710bf0ea37b5d\"},\"headline\":\"Argentina y Chile intercambiar\u00e1n informaci\u00f3n sobre activistas mapuches\",\"datePublished\":\"2017-09-28T12:00:31+00:00\",\"dateModified\":\"2017-09-28T12:29:06+00:00\",\"mainEntityOfPage\":{\"@id\":\"https:\\\/\\\/patagoniambiental.com.ar\\\/info\\\/argentina-y-chile-intercambiaran-informacion-sobre-activistas-mapuches\\\/\"},\"wordCount\":533,\"commentCount\":0,\"publisher\":{\"@id\":\"https:\\\/\\\/patagoniambiental.com.ar\\\/info\\\/#organization\"},\"image\":{\"@id\":\"https:\\\/\\\/patagoniambiental.com.ar\\\/info\\\/argentina-y-chile-intercambiaran-informacion-sobre-activistas-mapuches\\\/#primaryimage\"},\"thumbnailUrl\":\"https:\\\/\\\/patagoniambiental.com.ar\\\/info\\\/wp-content\\\/uploads\\\/2017\\\/06\\\/thumbnail_bandera-pueblo-mapuche.jpg\",\"articleSection\":[\"Internacionales\",\"Noticias\"],\"inLanguage\":\"es\",\"potentialAction\":[{\"@type\":\"CommentAction\",\"name\":\"Comment\",\"target\":[\"https:\\\/\\\/patagoniambiental.com.ar\\\/info\\\/argentina-y-chile-intercambiaran-informacion-sobre-activistas-mapuches\\\/#respond\"]}]},{\"@type\":\"WebPage\",\"@id\":\"https:\\\/\\\/patagoniambiental.com.ar\\\/info\\\/argentina-y-chile-intercambiaran-informacion-sobre-activistas-mapuches\\\/\",\"url\":\"https:\\\/\\\/patagoniambiental.com.ar\\\/info\\\/argentina-y-chile-intercambiaran-informacion-sobre-activistas-mapuches\\\/\",\"name\":\"Argentina y Chile intercambiar\u00e1n informaci\u00f3n sobre activistas mapuches\",\"isPartOf\":{\"@id\":\"https:\\\/\\\/patagoniambiental.com.ar\\\/info\\\/#website\"},\"primaryImageOfPage\":{\"@id\":\"https:\\\/\\\/patagoniambiental.com.ar\\\/info\\\/argentina-y-chile-intercambiaran-informacion-sobre-activistas-mapuches\\\/#primaryimage\"},\"image\":{\"@id\":\"https:\\\/\\\/patagoniambiental.com.ar\\\/info\\\/argentina-y-chile-intercambiaran-informacion-sobre-activistas-mapuches\\\/#primaryimage\"},\"thumbnailUrl\":\"https:\\\/\\\/patagoniambiental.com.ar\\\/info\\\/wp-content\\\/uploads\\\/2017\\\/06\\\/thumbnail_bandera-pueblo-mapuche.jpg\",\"datePublished\":\"2017-09-28T12:00:31+00:00\",\"dateModified\":\"2017-09-28T12:29:06+00:00\",\"breadcrumb\":{\"@id\":\"https:\\\/\\\/patagoniambiental.com.ar\\\/info\\\/argentina-y-chile-intercambiaran-informacion-sobre-activistas-mapuches\\\/#breadcrumb\"},\"inLanguage\":\"es\",\"potentialAction\":[{\"@type\":\"ReadAction\",\"target\":[\"https:\\\/\\\/patagoniambiental.com.ar\\\/info\\\/argentina-y-chile-intercambiaran-informacion-sobre-activistas-mapuches\\\/\"]}]},{\"@type\":\"ImageObject\",\"inLanguage\":\"es\",\"@id\":\"https:\\\/\\\/patagoniambiental.com.ar\\\/info\\\/argentina-y-chile-intercambiaran-informacion-sobre-activistas-mapuches\\\/#primaryimage\",\"url\":\"https:\\\/\\\/patagoniambiental.com.ar\\\/info\\\/wp-content\\\/uploads\\\/2017\\\/06\\\/thumbnail_bandera-pueblo-mapuche.jpg\",\"contentUrl\":\"https:\\\/\\\/patagoniambiental.com.ar\\\/info\\\/wp-content\\\/uploads\\\/2017\\\/06\\\/thumbnail_bandera-pueblo-mapuche.jpg\",\"width\":600,\"height\":333},{\"@type\":\"BreadcrumbList\",\"@id\":\"https:\\\/\\\/patagoniambiental.com.ar\\\/info\\\/argentina-y-chile-intercambiaran-informacion-sobre-activistas-mapuches\\\/#breadcrumb\",\"itemListElement\":[{\"@type\":\"ListItem\",\"position\":1,\"name\":\"Inicio\",\"item\":\"https:\\\/\\\/patagoniambiental.com.ar\\\/info\\\/\"},{\"@type\":\"ListItem\",\"position\":2,\"name\":\"Argentina y Chile intercambiar\u00e1n informaci\u00f3n sobre activistas mapuches\"}]},{\"@type\":\"WebSite\",\"@id\":\"https:\\\/\\\/patagoniambiental.com.ar\\\/info\\\/#website\",\"url\":\"https:\\\/\\\/patagoniambiental.com.ar\\\/info\\\/\",\"name\":\"Patagonia Ambiental\",\"description\":\"Monitoreo y an\u00e1lisis de la situaci\u00f3n geopol\u00edtica en el mundo y su implicancia en la Patagonia\",\"publisher\":{\"@id\":\"https:\\\/\\\/patagoniambiental.com.ar\\\/info\\\/#organization\"},\"potentialAction\":[{\"@type\":\"SearchAction\",\"target\":{\"@type\":\"EntryPoint\",\"urlTemplate\":\"https:\\\/\\\/patagoniambiental.com.ar\\\/info\\\/?s={search_term_string}\"},\"query-input\":{\"@type\":\"PropertyValueSpecification\",\"valueRequired\":true,\"valueName\":\"search_term_string\"}}],\"inLanguage\":\"es\"},{\"@type\":\"Organization\",\"@id\":\"https:\\\/\\\/patagoniambiental.com.ar\\\/info\\\/#organization\",\"name\":\"Patagonia Ambiental\",\"url\":\"https:\\\/\\\/patagoniambiental.com.ar\\\/info\\\/\",\"logo\":{\"@type\":\"ImageObject\",\"inLanguage\":\"es\",\"@id\":\"https:\\\/\\\/patagoniambiental.com.ar\\\/info\\\/#\\\/schema\\\/logo\\\/image\\\/\",\"url\":\"https:\\\/\\\/patagoniambiental.com.ar\\\/info\\\/wp-content\\\/uploads\\\/2025\\\/05\\\/LOGO-PATAGONIA-AMBIENTAL.png\",\"contentUrl\":\"https:\\\/\\\/patagoniambiental.com.ar\\\/info\\\/wp-content\\\/uploads\\\/2025\\\/05\\\/LOGO-PATAGONIA-AMBIENTAL.png\",\"width\":433,\"height\":250,\"caption\":\"Patagonia Ambiental\"},\"image\":{\"@id\":\"https:\\\/\\\/patagoniambiental.com.ar\\\/info\\\/#\\\/schema\\\/logo\\\/image\\\/\"},\"sameAs\":[\"https:\\\/\\\/www.facebook.com\\\/patagonia.ambiental\",\"https:\\\/\\\/x.com\\\/PatAmb\"]},{\"@type\":\"Person\",\"@id\":\"https:\\\/\\\/patagoniambiental.com.ar\\\/info\\\/#\\\/schema\\\/person\\\/db12bff64bbcbf6a253710bf0ea37b5d\",\"name\":\"Patagonia Ambiental\",\"description\":\"Andr\u00e9s Nievas T\u00e9cnico en manejo ambiental, consultor Ambiental y escritor para medios locales e internacionales sobre temas de geopolitica y medio ambiente.\",\"sameAs\":[\"http:\\\/\\\/www.patagoniambiental.com.ar\",\"https:\\\/\\\/www.facebook.com\\\/share\\\/1C1V8Gv9BX\\\/?mibextid=qi2Omg\",\"@patagoniambiental\",\"https:\\\/\\\/youtube.com\\\/@patagoniaambiental2023?si=BLt58t0wuXquxlYZ\"]}]}<\/script>\n<!-- \/ Yoast SEO Premium plugin. -->","yoast_head_json":{"title":"Argentina y Chile intercambiar\u00e1n informaci\u00f3n sobre activistas mapuches","robots":{"index":"index","follow":"follow","max-snippet":"max-snippet:-1","max-image-preview":"max-image-preview:large","max-video-preview":"max-video-preview:-1"},"canonical":"https:\/\/patagoniambiental.com.ar\/info\/argentina-y-chile-intercambiaran-informacion-sobre-activistas-mapuches\/","og_locale":"es_ES","og_type":"article","og_title":"Argentina y Chile intercambiar\u00e1n informaci\u00f3n sobre activistas mapuches","og_description":"Chile.-Argentina y Chile intercambiar\u00e1n informaci\u00f3n sobre la llamada Operaci\u00f3n Hurac\u00e1n, que deriv\u00f3 en la detenci\u00f3n de ocho mapuches investigados por [&hellip;]","og_url":"https:\/\/patagoniambiental.com.ar\/info\/argentina-y-chile-intercambiaran-informacion-sobre-activistas-mapuches\/","og_site_name":"Patagonia Ambiental","article_publisher":"https:\/\/www.facebook.com\/patagonia.ambiental","article_author":"https:\/\/www.facebook.com\/share\/1C1V8Gv9BX\/?mibextid=qi2Omg","article_published_time":"2017-09-28T12:00:31+00:00","article_modified_time":"2017-09-28T12:29:06+00:00","og_image":[{"width":600,"height":333,"url":"https:\/\/patagoniambiental.com.ar\/info\/wp-content\/uploads\/2017\/06\/thumbnail_bandera-pueblo-mapuche.jpg","type":"image\/jpeg"}],"author":"Patagonia Ambiental","twitter_card":"summary_large_image","twitter_creator":"@PatAmb","twitter_site":"@PatAmb","schema":{"@context":"https:\/\/schema.org","@graph":[{"@type":"Article","@id":"https:\/\/patagoniambiental.com.ar\/info\/argentina-y-chile-intercambiaran-informacion-sobre-activistas-mapuches\/#article","isPartOf":{"@id":"https:\/\/patagoniambiental.com.ar\/info\/argentina-y-chile-intercambiaran-informacion-sobre-activistas-mapuches\/"},"author":{"name":"Patagonia Ambiental","@id":"https:\/\/patagoniambiental.com.ar\/info\/#\/schema\/person\/db12bff64bbcbf6a253710bf0ea37b5d"},"headline":"Argentina y Chile intercambiar\u00e1n informaci\u00f3n sobre activistas mapuches","datePublished":"2017-09-28T12:00:31+00:00","dateModified":"2017-09-28T12:29:06+00:00","mainEntityOfPage":{"@id":"https:\/\/patagoniambiental.com.ar\/info\/argentina-y-chile-intercambiaran-informacion-sobre-activistas-mapuches\/"},"wordCount":533,"commentCount":0,"publisher":{"@id":"https:\/\/patagoniambiental.com.ar\/info\/#organization"},"image":{"@id":"https:\/\/patagoniambiental.com.ar\/info\/argentina-y-chile-intercambiaran-informacion-sobre-activistas-mapuches\/#primaryimage"},"thumbnailUrl":"https:\/\/patagoniambiental.com.ar\/info\/wp-content\/uploads\/2017\/06\/thumbnail_bandera-pueblo-mapuche.jpg","articleSection":["Internacionales","Noticias"],"inLanguage":"es","potentialAction":[{"@type":"CommentAction","name":"Comment","target":["https:\/\/patagoniambiental.com.ar\/info\/argentina-y-chile-intercambiaran-informacion-sobre-activistas-mapuches\/#respond"]}]},{"@type":"WebPage","@id":"https:\/\/patagoniambiental.com.ar\/info\/argentina-y-chile-intercambiaran-informacion-sobre-activistas-mapuches\/","url":"https:\/\/patagoniambiental.com.ar\/info\/argentina-y-chile-intercambiaran-informacion-sobre-activistas-mapuches\/","name":"Argentina y Chile intercambiar\u00e1n informaci\u00f3n sobre activistas mapuches","isPartOf":{"@id":"https:\/\/patagoniambiental.com.ar\/info\/#website"},"primaryImageOfPage":{"@id":"https:\/\/patagoniambiental.com.ar\/info\/argentina-y-chile-intercambiaran-informacion-sobre-activistas-mapuches\/#primaryimage"},"image":{"@id":"https:\/\/patagoniambiental.com.ar\/info\/argentina-y-chile-intercambiaran-informacion-sobre-activistas-mapuches\/#primaryimage"},"thumbnailUrl":"https:\/\/patagoniambiental.com.ar\/info\/wp-content\/uploads\/2017\/06\/thumbnail_bandera-pueblo-mapuche.jpg","datePublished":"2017-09-28T12:00:31+00:00","dateModified":"2017-09-28T12:29:06+00:00","breadcrumb":{"@id":"https:\/\/patagoniambiental.com.ar\/info\/argentina-y-chile-intercambiaran-informacion-sobre-activistas-mapuches\/#breadcrumb"},"inLanguage":"es","potentialAction":[{"@type":"ReadAction","target":["https:\/\/patagoniambiental.com.ar\/info\/argentina-y-chile-intercambiaran-informacion-sobre-activistas-mapuches\/"]}]},{"@type":"ImageObject","inLanguage":"es","@id":"https:\/\/patagoniambiental.com.ar\/info\/argentina-y-chile-intercambiaran-informacion-sobre-activistas-mapuches\/#primaryimage","url":"https:\/\/patagoniambiental.com.ar\/info\/wp-content\/uploads\/2017\/06\/thumbnail_bandera-pueblo-mapuche.jpg","contentUrl":"https:\/\/patagoniambiental.com.ar\/info\/wp-content\/uploads\/2017\/06\/thumbnail_bandera-pueblo-mapuche.jpg","width":600,"height":333},{"@type":"BreadcrumbList","@id":"https:\/\/patagoniambiental.com.ar\/info\/argentina-y-chile-intercambiaran-informacion-sobre-activistas-mapuches\/#breadcrumb","itemListElement":[{"@type":"ListItem","position":1,"name":"Inicio","item":"https:\/\/patagoniambiental.com.ar\/info\/"},{"@type":"ListItem","position":2,"name":"Argentina y Chile intercambiar\u00e1n informaci\u00f3n sobre activistas mapuches"}]},{"@type":"WebSite","@id":"https:\/\/patagoniambiental.com.ar\/info\/#website","url":"https:\/\/patagoniambiental.com.ar\/info\/","name":"Patagonia Ambiental","description":"Monitoreo y an\u00e1lisis de la situaci\u00f3n geopol\u00edtica en el mundo y su implicancia en la Patagonia","publisher":{"@id":"https:\/\/patagoniambiental.com.ar\/info\/#organization"},"potentialAction":[{"@type":"SearchAction","target":{"@type":"EntryPoint","urlTemplate":"https:\/\/patagoniambiental.com.ar\/info\/?s={search_term_string}"},"query-input":{"@type":"PropertyValueSpecification","valueRequired":true,"valueName":"search_term_string"}}],"inLanguage":"es"},{"@type":"Organization","@id":"https:\/\/patagoniambiental.com.ar\/info\/#organization","name":"Patagonia Ambiental","url":"https:\/\/patagoniambiental.com.ar\/info\/","logo":{"@type":"ImageObject","inLanguage":"es","@id":"https:\/\/patagoniambiental.com.ar\/info\/#\/schema\/logo\/image\/","url":"https:\/\/patagoniambiental.com.ar\/info\/wp-content\/uploads\/2025\/05\/LOGO-PATAGONIA-AMBIENTAL.png","contentUrl":"https:\/\/patagoniambiental.com.ar\/info\/wp-content\/uploads\/2025\/05\/LOGO-PATAGONIA-AMBIENTAL.png","width":433,"height":250,"caption":"Patagonia Ambiental"},"image":{"@id":"https:\/\/patagoniambiental.com.ar\/info\/#\/schema\/logo\/image\/"},"sameAs":["https:\/\/www.facebook.com\/patagonia.ambiental","https:\/\/x.com\/PatAmb"]},{"@type":"Person","@id":"https:\/\/patagoniambiental.com.ar\/info\/#\/schema\/person\/db12bff64bbcbf6a253710bf0ea37b5d","name":"Patagonia Ambiental","description":"Andr\u00e9s Nievas T\u00e9cnico en manejo ambiental, consultor Ambiental y escritor para medios locales e internacionales sobre temas de geopolitica y medio ambiente.","sameAs":["http:\/\/www.patagoniambiental.com.ar","https:\/\/www.facebook.com\/share\/1C1V8Gv9BX\/?mibextid=qi2Omg","@patagoniambiental","https:\/\/youtube.com\/@patagoniaambiental2023?si=BLt58t0wuXquxlYZ"]}]}},"_links":{"self":[{"href":"https:\/\/patagoniambiental.com.ar\/info\/wp-json\/wp\/v2\/posts\/35593","targetHints":{"allow":["GET"]}}],"collection":[{"href":"https:\/\/patagoniambiental.com.ar\/info\/wp-json\/wp\/v2\/posts"}],"about":[{"href":"https:\/\/patagoniambiental.com.ar\/info\/wp-json\/wp\/v2\/types\/post"}],"author":[{"embeddable":true,"href":"https:\/\/patagoniambiental.com.ar\/info\/wp-json\/wp\/v2\/users\/2"}],"replies":[{"embeddable":true,"href":"https:\/\/patagoniambiental.com.ar\/info\/wp-json\/wp\/v2\/comments?post=35593"}],"version-history":[{"count":0,"href":"https:\/\/patagoniambiental.com.ar\/info\/wp-json\/wp\/v2\/posts\/35593\/revisions"}],"wp:featuredmedia":[{"embeddable":true,"href":"https:\/\/patagoniambiental.com.ar\/info\/wp-json\/wp\/v2\/media\/30815"}],"wp:attachment":[{"href":"https:\/\/patagoniambiental.com.ar\/info\/wp-json\/wp\/v2\/media?parent=35593"}],"wp:term":[{"taxonomy":"category","embeddable":true,"href":"https:\/\/patagoniambiental.com.ar\/info\/wp-json\/wp\/v2\/categories?post=35593"},{"taxonomy":"post_tag","embeddable":true,"href":"https:\/\/patagoniambiental.com.ar\/info\/wp-json\/wp\/v2\/tags?post=35593"}],"curies":[{"name":"wp","href":"https:\/\/api.w.org\/{rel}","templated":true}]}}