{"id":35595,"date":"2017-09-28T09:31:27","date_gmt":"2017-09-28T12:31:27","guid":{"rendered":"http:\/\/patagoniambiental.com.ar\/info\/?p=35595"},"modified":"2017-09-28T09:44:39","modified_gmt":"2017-09-28T12:44:39","slug":"rosendo-fraga-los-mapuches-no-son-un-pueblo-originario-de-argentina","status":"publish","type":"post","link":"https:\/\/patagoniambiental.com.ar\/info\/rosendo-fraga-los-mapuches-no-son-un-pueblo-originario-de-argentina\/","title":{"rendered":"ROSENDO FRAGA  \u00abLos mapuches no son un pueblo originario de Argentina\u00bb"},"content":{"rendered":"<p><span class=\"excerpt print\">Buenos Aires.-El analista pol\u00edtico Rosendo Fraga asegur\u00f3 en el programa \u00abLa Mirada\u00bb conducido por Roberto Garc\u00eda y transmitido por Canal26, que los mapuches no son un pueblo originario de la Argentina. <\/span><\/p>\n<p><!--more--><\/p>\n<p><span class=\"excerpt print\">Durante la transmisi\u00f3n se debat\u00eda si era genuino el reclamo mapuche en el pa\u00eds, lucha que se visibiliz\u00f3 en los \u00faltimos meses a partir de la desaparici\u00f3n del artesano de 28 a\u00f1os Santiago Maldonado.<\/span><\/p>\n<div class=\"col-md-3 no-print no-padding\">\n<div class=\"autorBox col-sm-6 col-md-12\">\n<p>Por\u00a0<strong>Urgente 24<\/strong><\/p>\n<p>Martes 26 de septiembre de 2017<\/p>\n<p>20:25 hs<\/p>\n<\/div>\n<div class=\"sticky\"><\/div>\n<\/div>\n<div class=\"col-md-9 print-subpage\">\n<figure><img fetchpriority=\"high\" decoding=\"async\" class=\"img-responsive\" src=\"http:\/\/cdn.urgente24.com\/sites\/default\/files\/notas\/2017\/09\/26\/rosendo_fraga.jpg\" alt=\"&quot;Los mapuches no son un pueblo originario de Argentina&quot;\" width=\"850\" height=\"435\" \/><\/figure>\n<p><span class=\"epi-img\">El analista pol\u00edtico y conocedor de la historia argentina explic\u00f3 sobre la lucha mapuche. Foto: Web<\/span><\/p>\n<div>\n<div class=\"field field-name-body field-type-text-with-summary field-label-hidden\">\n<div class=\"field-items\">\n<div class=\"field-item even\">\n<div>Es analista pol\u00edtico pero tambi\u00e9n conocedor de la historia argentina, por lo cual, Rosendo Fraga fue invitado al programa de Roberto Garc\u00eda \u00abLa Mirada\u00bb transmitido por Canal26, espacio televisivo en el que hizo un recorrido por la historia de los mapuches en el pa\u00eds, ahora cuando la lucha de este grupo se visibiliz\u00f3 considerablemente a ra\u00edz de la desaparici\u00f3n del artesano Santiago Maldonado, quien fue visto por \u00faltima vez cuando manifestaba en defensa de los mapuche en Chubut.<\/div>\n<div><\/div>\n<div>\u00abSe ha demostrado claramente que los mapuches no son un pueblo originario, no estaba en en el momento que llega los espa\u00f1oles, empiezan a entrar en la segunda mitad del sigo XVIII, ellos estaban en Chile en la era del araucano, la gran entrada a la Argentina es en el a\u00f1o 1833 o 34\u00bb, explic\u00f3 Fraga.<\/div>\n<div><\/div>\n<div>Durante el programa, en el que se debat\u00eda si era genuino el reclamo mapuche en la Argentina, Fraga consider\u00f3 que en Chile la poblaci\u00f3n mapuche era de alrededor de 5%, pero que en la Argentina solo eran una decena de miles de personas.<\/div>\n<div><\/div>\n<div>\u00abYa hab\u00edan colonias en el pa\u00eds agr\u00edcolas desde antes, hubo leyes del Estado argentino que fue otorgando a distintas comunidades ind\u00edgenas t\u00e9rminos de territorio, que hoy, en su mayor\u00eda no los tienen, porque los vendieron, los mal vendieron o se los usurparon, entonces yo creo que ac\u00e1 todo el planteo es: en este territorio estabamos nosotros antes que llegaran los espa\u00f1oles, pero el Estado argentino si cocedi\u00f3 tierras\u00bb, expres\u00f3.<\/div>\n<div><\/div>\n<div>En cuanto al grupo Resistencia Ansestral Mapuche (RAM), Fraga explic\u00f3 que \u00abnosotros estamos teniendo dos o tres a\u00f1os adelantados de lo que va a ser el desarollo del RAM, por ejemplo tuvimos que en Chile hubo 24 camiones incendiados, mapuches detenidos, es un grupo radicalizado\u00bb, declar\u00f3.<\/div>\n<div><\/div>\n<div>La entrevista puede completa puede mirarla aqu\u00ed:<\/div>\n<div><\/div>\n<div>\u00a0<iframe class=\"video-filter video-youtube vf-jexjl1qawq\" src=\"http:\/\/www.youtube.com\/embed\/JExJl_1qAwQ?rel=1&amp;autoplay=0&amp;wmode=opaque\" width=\"400\" height=\"250\" frameborder=\"0\" data-mce-fragment=\"1\"><\/iframe><\/div>\n<div>Fuente:http:\/\/www.urgente24.com\/269161-los-mapuches-no-son-un-pueblo-originario-de-argentina<\/div>\n<div><\/div>\n<\/div>\n<\/div>\n<\/div>\n<\/div>\n<\/div>\n","protected":false},"excerpt":{"rendered":"<p>Buenos Aires.-El analista pol\u00edtico Rosendo Fraga asegur\u00f3 en el programa \u00abLa Mirada\u00bb conducido por Roberto Garc\u00eda y transmitido por Canal26, [&hellip;]<\/p>\n","protected":false},"author":2,"featured_media":35600,"comment_status":"open","ping_status":"open","sticky":false,"template":"","format":"standard","meta":{"site-sidebar-layout":"default","site-content-layout":"","ast-site-content-layout":"default","site-content-style":"default","site-sidebar-style":"default","ast-global-header-display":"","ast-banner-title-visibility":"","ast-main-header-display":"","ast-hfb-above-header-display":"","ast-hfb-below-header-display":"","ast-hfb-mobile-header-display":"","site-post-title":"","ast-breadcrumbs-content":"","ast-featured-img":"","footer-sml-layout":"","ast-disable-related-posts":"","theme-transparent-header-meta":"","adv-header-id-meta":"","stick-header-meta":"","header-above-stick-meta":"","header-main-stick-meta":"","header-below-stick-meta":"","astra-migrate-meta-layouts":"default","ast-page-background-enabled":"default","ast-page-background-meta":{"desktop":{"background-color":"var(--ast-global-color-5)","background-image":"","background-repeat":"repeat","background-position":"center center","background-size":"auto","background-attachment":"scroll","background-type":"","background-media":"","overlay-type":"","overlay-color":"","overlay-opacity":"","overlay-gradient":""},"tablet":{"background-color":"","background-image":"","background-repeat":"repeat","background-position":"center center","background-size":"auto","background-attachment":"scroll","background-type":"","background-media":"","overlay-type":"","overlay-color":"","overlay-opacity":"","overlay-gradient":""},"mobile":{"background-color":"","background-image":"","background-repeat":"repeat","background-position":"center center","background-size":"auto","background-attachment":"scroll","background-type":"","background-media":"","overlay-type":"","overlay-color":"","overlay-opacity":"","overlay-gradient":""}},"ast-content-background-meta":{"desktop":{"background-color":"var(--ast-global-color-4)","background-image":"","background-repeat":"repeat","background-position":"center center","background-size":"auto","background-attachment":"scroll","background-type":"","background-media":"","overlay-type":"","overlay-color":"","overlay-opacity":"","overlay-gradient":""},"tablet":{"background-color":"var(--ast-global-color-4)","background-image":"","background-repeat":"repeat","background-position":"center center","background-size":"auto","background-attachment":"scroll","background-type":"","background-media":"","overlay-type":"","overlay-color":"","overlay-opacity":"","overlay-gradient":""},"mobile":{"background-color":"var(--ast-global-color-4)","background-image":"","background-repeat":"repeat","background-position":"center center","background-size":"auto","background-attachment":"scroll","background-type":"","background-media":"","overlay-type":"","overlay-color":"","overlay-opacity":"","overlay-gradient":""}},"footnotes":""},"categories":[15,19,1],"tags":[],"class_list":["post-35595","post","type-post","status-publish","format-standard","has-post-thumbnail","hentry","category-editorial","category-nacionales","category-noticias"],"yoast_head":"<!-- This site is optimized with the Yoast SEO Premium plugin v23.0 (Yoast SEO v27.5) - https:\/\/yoast.com\/product\/yoast-seo-premium-wordpress\/ -->\n<title>ROSENDO FRAGA &quot;Los mapuches no son un pueblo originario de Argentina&quot;<\/title>\n<meta name=\"robots\" content=\"index, follow, max-snippet:-1, max-image-preview:large, max-video-preview:-1\" \/>\n<link rel=\"canonical\" href=\"https:\/\/patagoniambiental.com.ar\/info\/rosendo-fraga-los-mapuches-no-son-un-pueblo-originario-de-argentina\/\" \/>\n<meta property=\"og:locale\" content=\"es_ES\" \/>\n<meta property=\"og:type\" content=\"article\" \/>\n<meta property=\"og:title\" content=\"ROSENDO FRAGA &quot;Los mapuches no son un pueblo originario de Argentina&quot;\" \/>\n<meta property=\"og:description\" content=\"Buenos Aires.-El analista pol\u00edtico Rosendo Fraga asegur\u00f3 en el programa \u00abLa Mirada\u00bb conducido por Roberto Garc\u00eda y transmitido por Canal26, [&hellip;]\" \/>\n<meta property=\"og:url\" content=\"https:\/\/patagoniambiental.com.ar\/info\/rosendo-fraga-los-mapuches-no-son-un-pueblo-originario-de-argentina\/\" \/>\n<meta property=\"og:site_name\" content=\"Patagonia Ambiental\" \/>\n<meta property=\"article:publisher\" content=\"https:\/\/www.facebook.com\/patagonia.ambiental\" \/>\n<meta property=\"article:author\" content=\"https:\/\/www.facebook.com\/share\/1C1V8Gv9BX\/?mibextid=qi2Omg\" \/>\n<meta property=\"article:published_time\" content=\"2017-09-28T12:31:27+00:00\" \/>\n<meta property=\"article:modified_time\" content=\"2017-09-28T12:44:39+00:00\" \/>\n<meta property=\"og:image\" content=\"https:\/\/patagoniambiental.com.ar\/info\/wp-content\/uploads\/2017\/09\/rosendo_fraga.jpg\" \/>\n\t<meta property=\"og:image:width\" content=\"800\" \/>\n\t<meta property=\"og:image:height\" content=\"514\" \/>\n\t<meta property=\"og:image:type\" content=\"image\/jpeg\" \/>\n<meta name=\"author\" content=\"Patagonia Ambiental\" \/>\n<meta name=\"twitter:card\" content=\"summary_large_image\" \/>\n<meta name=\"twitter:creator\" content=\"@PatAmb\" \/>\n<meta name=\"twitter:site\" content=\"@PatAmb\" \/>\n<script type=\"application\/ld+json\" class=\"yoast-schema-graph\">{\"@context\":\"https:\\\/\\\/schema.org\",\"@graph\":[{\"@type\":\"Article\",\"@id\":\"https:\\\/\\\/patagoniambiental.com.ar\\\/info\\\/rosendo-fraga-los-mapuches-no-son-un-pueblo-originario-de-argentina\\\/#article\",\"isPartOf\":{\"@id\":\"https:\\\/\\\/patagoniambiental.com.ar\\\/info\\\/rosendo-fraga-los-mapuches-no-son-un-pueblo-originario-de-argentina\\\/\"},\"author\":{\"name\":\"Patagonia Ambiental\",\"@id\":\"https:\\\/\\\/patagoniambiental.com.ar\\\/info\\\/#\\\/schema\\\/person\\\/db12bff64bbcbf6a253710bf0ea37b5d\"},\"headline\":\"ROSENDO FRAGA \u00abLos mapuches no son un pueblo originario de Argentina\u00bb\",\"datePublished\":\"2017-09-28T12:31:27+00:00\",\"dateModified\":\"2017-09-28T12:44:39+00:00\",\"mainEntityOfPage\":{\"@id\":\"https:\\\/\\\/patagoniambiental.com.ar\\\/info\\\/rosendo-fraga-los-mapuches-no-son-un-pueblo-originario-de-argentina\\\/\"},\"wordCount\":426,\"commentCount\":0,\"publisher\":{\"@id\":\"https:\\\/\\\/patagoniambiental.com.ar\\\/info\\\/#organization\"},\"image\":{\"@id\":\"https:\\\/\\\/patagoniambiental.com.ar\\\/info\\\/rosendo-fraga-los-mapuches-no-son-un-pueblo-originario-de-argentina\\\/#primaryimage\"},\"thumbnailUrl\":\"https:\\\/\\\/patagoniambiental.com.ar\\\/info\\\/wp-content\\\/uploads\\\/2017\\\/09\\\/rosendo_fraga.jpg\",\"articleSection\":[\"Editorial\",\"Nacionales\",\"Noticias\"],\"inLanguage\":\"es\",\"potentialAction\":[{\"@type\":\"CommentAction\",\"name\":\"Comment\",\"target\":[\"https:\\\/\\\/patagoniambiental.com.ar\\\/info\\\/rosendo-fraga-los-mapuches-no-son-un-pueblo-originario-de-argentina\\\/#respond\"]}]},{\"@type\":\"WebPage\",\"@id\":\"https:\\\/\\\/patagoniambiental.com.ar\\\/info\\\/rosendo-fraga-los-mapuches-no-son-un-pueblo-originario-de-argentina\\\/\",\"url\":\"https:\\\/\\\/patagoniambiental.com.ar\\\/info\\\/rosendo-fraga-los-mapuches-no-son-un-pueblo-originario-de-argentina\\\/\",\"name\":\"ROSENDO FRAGA \\\"Los mapuches no son un pueblo originario de Argentina\\\"\",\"isPartOf\":{\"@id\":\"https:\\\/\\\/patagoniambiental.com.ar\\\/info\\\/#website\"},\"primaryImageOfPage\":{\"@id\":\"https:\\\/\\\/patagoniambiental.com.ar\\\/info\\\/rosendo-fraga-los-mapuches-no-son-un-pueblo-originario-de-argentina\\\/#primaryimage\"},\"image\":{\"@id\":\"https:\\\/\\\/patagoniambiental.com.ar\\\/info\\\/rosendo-fraga-los-mapuches-no-son-un-pueblo-originario-de-argentina\\\/#primaryimage\"},\"thumbnailUrl\":\"https:\\\/\\\/patagoniambiental.com.ar\\\/info\\\/wp-content\\\/uploads\\\/2017\\\/09\\\/rosendo_fraga.jpg\",\"datePublished\":\"2017-09-28T12:31:27+00:00\",\"dateModified\":\"2017-09-28T12:44:39+00:00\",\"breadcrumb\":{\"@id\":\"https:\\\/\\\/patagoniambiental.com.ar\\\/info\\\/rosendo-fraga-los-mapuches-no-son-un-pueblo-originario-de-argentina\\\/#breadcrumb\"},\"inLanguage\":\"es\",\"potentialAction\":[{\"@type\":\"ReadAction\",\"target\":[\"https:\\\/\\\/patagoniambiental.com.ar\\\/info\\\/rosendo-fraga-los-mapuches-no-son-un-pueblo-originario-de-argentina\\\/\"]}]},{\"@type\":\"ImageObject\",\"inLanguage\":\"es\",\"@id\":\"https:\\\/\\\/patagoniambiental.com.ar\\\/info\\\/rosendo-fraga-los-mapuches-no-son-un-pueblo-originario-de-argentina\\\/#primaryimage\",\"url\":\"https:\\\/\\\/patagoniambiental.com.ar\\\/info\\\/wp-content\\\/uploads\\\/2017\\\/09\\\/rosendo_fraga.jpg\",\"contentUrl\":\"https:\\\/\\\/patagoniambiental.com.ar\\\/info\\\/wp-content\\\/uploads\\\/2017\\\/09\\\/rosendo_fraga.jpg\",\"width\":800,\"height\":514},{\"@type\":\"BreadcrumbList\",\"@id\":\"https:\\\/\\\/patagoniambiental.com.ar\\\/info\\\/rosendo-fraga-los-mapuches-no-son-un-pueblo-originario-de-argentina\\\/#breadcrumb\",\"itemListElement\":[{\"@type\":\"ListItem\",\"position\":1,\"name\":\"Inicio\",\"item\":\"https:\\\/\\\/patagoniambiental.com.ar\\\/info\\\/\"},{\"@type\":\"ListItem\",\"position\":2,\"name\":\"ROSENDO FRAGA \u00abLos mapuches no son un pueblo originario de Argentina\u00bb\"}]},{\"@type\":\"WebSite\",\"@id\":\"https:\\\/\\\/patagoniambiental.com.ar\\\/info\\\/#website\",\"url\":\"https:\\\/\\\/patagoniambiental.com.ar\\\/info\\\/\",\"name\":\"Patagonia Ambiental\",\"description\":\"Monitoreo y an\u00e1lisis de la situaci\u00f3n geopol\u00edtica en el mundo y su implicancia en la Patagonia\",\"publisher\":{\"@id\":\"https:\\\/\\\/patagoniambiental.com.ar\\\/info\\\/#organization\"},\"potentialAction\":[{\"@type\":\"SearchAction\",\"target\":{\"@type\":\"EntryPoint\",\"urlTemplate\":\"https:\\\/\\\/patagoniambiental.com.ar\\\/info\\\/?s={search_term_string}\"},\"query-input\":{\"@type\":\"PropertyValueSpecification\",\"valueRequired\":true,\"valueName\":\"search_term_string\"}}],\"inLanguage\":\"es\"},{\"@type\":\"Organization\",\"@id\":\"https:\\\/\\\/patagoniambiental.com.ar\\\/info\\\/#organization\",\"name\":\"Patagonia Ambiental\",\"url\":\"https:\\\/\\\/patagoniambiental.com.ar\\\/info\\\/\",\"logo\":{\"@type\":\"ImageObject\",\"inLanguage\":\"es\",\"@id\":\"https:\\\/\\\/patagoniambiental.com.ar\\\/info\\\/#\\\/schema\\\/logo\\\/image\\\/\",\"url\":\"https:\\\/\\\/patagoniambiental.com.ar\\\/info\\\/wp-content\\\/uploads\\\/2025\\\/05\\\/LOGO-PATAGONIA-AMBIENTAL.png\",\"contentUrl\":\"https:\\\/\\\/patagoniambiental.com.ar\\\/info\\\/wp-content\\\/uploads\\\/2025\\\/05\\\/LOGO-PATAGONIA-AMBIENTAL.png\",\"width\":433,\"height\":250,\"caption\":\"Patagonia Ambiental\"},\"image\":{\"@id\":\"https:\\\/\\\/patagoniambiental.com.ar\\\/info\\\/#\\\/schema\\\/logo\\\/image\\\/\"},\"sameAs\":[\"https:\\\/\\\/www.facebook.com\\\/patagonia.ambiental\",\"https:\\\/\\\/x.com\\\/PatAmb\"]},{\"@type\":\"Person\",\"@id\":\"https:\\\/\\\/patagoniambiental.com.ar\\\/info\\\/#\\\/schema\\\/person\\\/db12bff64bbcbf6a253710bf0ea37b5d\",\"name\":\"Patagonia Ambiental\",\"description\":\"Andr\u00e9s Nievas T\u00e9cnico en manejo ambiental, consultor Ambiental y escritor para medios locales e internacionales sobre temas de geopolitica y medio ambiente.\",\"sameAs\":[\"http:\\\/\\\/www.patagoniambiental.com.ar\",\"https:\\\/\\\/www.facebook.com\\\/share\\\/1C1V8Gv9BX\\\/?mibextid=qi2Omg\",\"@patagoniambiental\",\"https:\\\/\\\/youtube.com\\\/@patagoniaambiental2023?si=BLt58t0wuXquxlYZ\"]}]}<\/script>\n<!-- \/ Yoast SEO Premium plugin. -->","yoast_head_json":{"title":"ROSENDO FRAGA \"Los mapuches no son un pueblo originario de Argentina\"","robots":{"index":"index","follow":"follow","max-snippet":"max-snippet:-1","max-image-preview":"max-image-preview:large","max-video-preview":"max-video-preview:-1"},"canonical":"https:\/\/patagoniambiental.com.ar\/info\/rosendo-fraga-los-mapuches-no-son-un-pueblo-originario-de-argentina\/","og_locale":"es_ES","og_type":"article","og_title":"ROSENDO FRAGA \"Los mapuches no son un pueblo originario de Argentina\"","og_description":"Buenos Aires.-El analista pol\u00edtico Rosendo Fraga asegur\u00f3 en el programa \u00abLa Mirada\u00bb conducido por Roberto Garc\u00eda y transmitido por Canal26, [&hellip;]","og_url":"https:\/\/patagoniambiental.com.ar\/info\/rosendo-fraga-los-mapuches-no-son-un-pueblo-originario-de-argentina\/","og_site_name":"Patagonia Ambiental","article_publisher":"https:\/\/www.facebook.com\/patagonia.ambiental","article_author":"https:\/\/www.facebook.com\/share\/1C1V8Gv9BX\/?mibextid=qi2Omg","article_published_time":"2017-09-28T12:31:27+00:00","article_modified_time":"2017-09-28T12:44:39+00:00","og_image":[{"width":800,"height":514,"url":"https:\/\/patagoniambiental.com.ar\/info\/wp-content\/uploads\/2017\/09\/rosendo_fraga.jpg","type":"image\/jpeg"}],"author":"Patagonia Ambiental","twitter_card":"summary_large_image","twitter_creator":"@PatAmb","twitter_site":"@PatAmb","schema":{"@context":"https:\/\/schema.org","@graph":[{"@type":"Article","@id":"https:\/\/patagoniambiental.com.ar\/info\/rosendo-fraga-los-mapuches-no-son-un-pueblo-originario-de-argentina\/#article","isPartOf":{"@id":"https:\/\/patagoniambiental.com.ar\/info\/rosendo-fraga-los-mapuches-no-son-un-pueblo-originario-de-argentina\/"},"author":{"name":"Patagonia Ambiental","@id":"https:\/\/patagoniambiental.com.ar\/info\/#\/schema\/person\/db12bff64bbcbf6a253710bf0ea37b5d"},"headline":"ROSENDO FRAGA \u00abLos mapuches no son un pueblo originario de Argentina\u00bb","datePublished":"2017-09-28T12:31:27+00:00","dateModified":"2017-09-28T12:44:39+00:00","mainEntityOfPage":{"@id":"https:\/\/patagoniambiental.com.ar\/info\/rosendo-fraga-los-mapuches-no-son-un-pueblo-originario-de-argentina\/"},"wordCount":426,"commentCount":0,"publisher":{"@id":"https:\/\/patagoniambiental.com.ar\/info\/#organization"},"image":{"@id":"https:\/\/patagoniambiental.com.ar\/info\/rosendo-fraga-los-mapuches-no-son-un-pueblo-originario-de-argentina\/#primaryimage"},"thumbnailUrl":"https:\/\/patagoniambiental.com.ar\/info\/wp-content\/uploads\/2017\/09\/rosendo_fraga.jpg","articleSection":["Editorial","Nacionales","Noticias"],"inLanguage":"es","potentialAction":[{"@type":"CommentAction","name":"Comment","target":["https:\/\/patagoniambiental.com.ar\/info\/rosendo-fraga-los-mapuches-no-son-un-pueblo-originario-de-argentina\/#respond"]}]},{"@type":"WebPage","@id":"https:\/\/patagoniambiental.com.ar\/info\/rosendo-fraga-los-mapuches-no-son-un-pueblo-originario-de-argentina\/","url":"https:\/\/patagoniambiental.com.ar\/info\/rosendo-fraga-los-mapuches-no-son-un-pueblo-originario-de-argentina\/","name":"ROSENDO FRAGA \"Los mapuches no son un pueblo originario de Argentina\"","isPartOf":{"@id":"https:\/\/patagoniambiental.com.ar\/info\/#website"},"primaryImageOfPage":{"@id":"https:\/\/patagoniambiental.com.ar\/info\/rosendo-fraga-los-mapuches-no-son-un-pueblo-originario-de-argentina\/#primaryimage"},"image":{"@id":"https:\/\/patagoniambiental.com.ar\/info\/rosendo-fraga-los-mapuches-no-son-un-pueblo-originario-de-argentina\/#primaryimage"},"thumbnailUrl":"https:\/\/patagoniambiental.com.ar\/info\/wp-content\/uploads\/2017\/09\/rosendo_fraga.jpg","datePublished":"2017-09-28T12:31:27+00:00","dateModified":"2017-09-28T12:44:39+00:00","breadcrumb":{"@id":"https:\/\/patagoniambiental.com.ar\/info\/rosendo-fraga-los-mapuches-no-son-un-pueblo-originario-de-argentina\/#breadcrumb"},"inLanguage":"es","potentialAction":[{"@type":"ReadAction","target":["https:\/\/patagoniambiental.com.ar\/info\/rosendo-fraga-los-mapuches-no-son-un-pueblo-originario-de-argentina\/"]}]},{"@type":"ImageObject","inLanguage":"es","@id":"https:\/\/patagoniambiental.com.ar\/info\/rosendo-fraga-los-mapuches-no-son-un-pueblo-originario-de-argentina\/#primaryimage","url":"https:\/\/patagoniambiental.com.ar\/info\/wp-content\/uploads\/2017\/09\/rosendo_fraga.jpg","contentUrl":"https:\/\/patagoniambiental.com.ar\/info\/wp-content\/uploads\/2017\/09\/rosendo_fraga.jpg","width":800,"height":514},{"@type":"BreadcrumbList","@id":"https:\/\/patagoniambiental.com.ar\/info\/rosendo-fraga-los-mapuches-no-son-un-pueblo-originario-de-argentina\/#breadcrumb","itemListElement":[{"@type":"ListItem","position":1,"name":"Inicio","item":"https:\/\/patagoniambiental.com.ar\/info\/"},{"@type":"ListItem","position":2,"name":"ROSENDO FRAGA \u00abLos mapuches no son un pueblo originario de Argentina\u00bb"}]},{"@type":"WebSite","@id":"https:\/\/patagoniambiental.com.ar\/info\/#website","url":"https:\/\/patagoniambiental.com.ar\/info\/","name":"Patagonia Ambiental","description":"Monitoreo y an\u00e1lisis de la situaci\u00f3n geopol\u00edtica en el mundo y su implicancia en la Patagonia","publisher":{"@id":"https:\/\/patagoniambiental.com.ar\/info\/#organization"},"potentialAction":[{"@type":"SearchAction","target":{"@type":"EntryPoint","urlTemplate":"https:\/\/patagoniambiental.com.ar\/info\/?s={search_term_string}"},"query-input":{"@type":"PropertyValueSpecification","valueRequired":true,"valueName":"search_term_string"}}],"inLanguage":"es"},{"@type":"Organization","@id":"https:\/\/patagoniambiental.com.ar\/info\/#organization","name":"Patagonia Ambiental","url":"https:\/\/patagoniambiental.com.ar\/info\/","logo":{"@type":"ImageObject","inLanguage":"es","@id":"https:\/\/patagoniambiental.com.ar\/info\/#\/schema\/logo\/image\/","url":"https:\/\/patagoniambiental.com.ar\/info\/wp-content\/uploads\/2025\/05\/LOGO-PATAGONIA-AMBIENTAL.png","contentUrl":"https:\/\/patagoniambiental.com.ar\/info\/wp-content\/uploads\/2025\/05\/LOGO-PATAGONIA-AMBIENTAL.png","width":433,"height":250,"caption":"Patagonia Ambiental"},"image":{"@id":"https:\/\/patagoniambiental.com.ar\/info\/#\/schema\/logo\/image\/"},"sameAs":["https:\/\/www.facebook.com\/patagonia.ambiental","https:\/\/x.com\/PatAmb"]},{"@type":"Person","@id":"https:\/\/patagoniambiental.com.ar\/info\/#\/schema\/person\/db12bff64bbcbf6a253710bf0ea37b5d","name":"Patagonia Ambiental","description":"Andr\u00e9s Nievas T\u00e9cnico en manejo ambiental, consultor Ambiental y escritor para medios locales e internacionales sobre temas de geopolitica y medio ambiente.","sameAs":["http:\/\/www.patagoniambiental.com.ar","https:\/\/www.facebook.com\/share\/1C1V8Gv9BX\/?mibextid=qi2Omg","@patagoniambiental","https:\/\/youtube.com\/@patagoniaambiental2023?si=BLt58t0wuXquxlYZ"]}]}},"_links":{"self":[{"href":"https:\/\/patagoniambiental.com.ar\/info\/wp-json\/wp\/v2\/posts\/35595","targetHints":{"allow":["GET"]}}],"collection":[{"href":"https:\/\/patagoniambiental.com.ar\/info\/wp-json\/wp\/v2\/posts"}],"about":[{"href":"https:\/\/patagoniambiental.com.ar\/info\/wp-json\/wp\/v2\/types\/post"}],"author":[{"embeddable":true,"href":"https:\/\/patagoniambiental.com.ar\/info\/wp-json\/wp\/v2\/users\/2"}],"replies":[{"embeddable":true,"href":"https:\/\/patagoniambiental.com.ar\/info\/wp-json\/wp\/v2\/comments?post=35595"}],"version-history":[{"count":0,"href":"https:\/\/patagoniambiental.com.ar\/info\/wp-json\/wp\/v2\/posts\/35595\/revisions"}],"wp:featuredmedia":[{"embeddable":true,"href":"https:\/\/patagoniambiental.com.ar\/info\/wp-json\/wp\/v2\/media\/35600"}],"wp:attachment":[{"href":"https:\/\/patagoniambiental.com.ar\/info\/wp-json\/wp\/v2\/media?parent=35595"}],"wp:term":[{"taxonomy":"category","embeddable":true,"href":"https:\/\/patagoniambiental.com.ar\/info\/wp-json\/wp\/v2\/categories?post=35595"},{"taxonomy":"post_tag","embeddable":true,"href":"https:\/\/patagoniambiental.com.ar\/info\/wp-json\/wp\/v2\/tags?post=35595"}],"curies":[{"name":"wp","href":"https:\/\/api.w.org\/{rel}","templated":true}]}}