{"id":35647,"date":"2017-09-29T09:00:33","date_gmt":"2017-09-29T12:00:33","guid":{"rendered":"http:\/\/patagoniambiental.com.ar\/info\/?p=35647"},"modified":"2017-09-29T08:00:42","modified_gmt":"2017-09-29T11:00:42","slug":"escuela-de-valcheta-representara-a-rio-negro-en-un-concurso-nacional-sobre-patrimonio","status":"publish","type":"post","link":"https:\/\/patagoniambiental.com.ar\/info\/escuela-de-valcheta-representara-a-rio-negro-en-un-concurso-nacional-sobre-patrimonio\/","title":{"rendered":"Escuela de Valcheta representar\u00e1 a R\u00edo Negro en un concurso nacional sobre patrimonio"},"content":{"rendered":"<p>R\u00cdO NEGRO.- La Secretar\u00eda de Turismo de R\u00edo Negro realiz\u00f3 en Viedma la selecci\u00f3n de un trabajo del Proyecto Turismo, Patrimonio y Escuela que participar\u00e1 del concurso final que realizar\u00e1 el Ministerio de Turismo de la Naci\u00f3n.<\/p>\n<p>De este modo result\u00f3 elegido representante de R\u00edo Negro al concurso nacional el trabajo presentado por la Escuela N\u00ba 277 de Valcheta.<\/p>\n<p>Cabe destacar que llegaron a la selecci\u00f3n final los trabajos presentados por las Escuelas N\u00ba 46 de R\u00edo Colorado; N\u00ba 261 de Viedma; N\u00ba 81 de Sierra Grande; N\u00ba 226 de Lamarque; N\u00ba 109 de Cipolletti y N\u00ba 320 de San Carlos de Bariloche y la ganadora N\u00ba 277 de Valcheta.<\/p>\n<p>El proyecto Turismo, Patrimonio y Escuela es una propuesta formativa de indagaci\u00f3n y aprendizaje en las escuelas sobre la riqueza cultural de nuestra regi\u00f3n y pa\u00eds y el reconocimiento de aquellos sitios declarados Patrimonio Mundial por la UNESCO.<\/p>\n<p>El objetivo es promover la valoraci\u00f3n y protecci\u00f3n de nuestro patrimonio natural y cultural como pilar fundamental de la actividad tur\u00edstica a trav\u00e9s de talleres educativos, en tanto que los temas sobre el Turismo y el Patrimonio Mundial argentino se profundizaron en el aula con los docentes.<\/p>\n<p>En la instancia actual los alumnos de las escuelas involucradas participaron de un concurso provincial, que designa al participante de R\u00edo Negro en el concurso nacional donde competir\u00e1 con escuelas de todas las provincias de nuestro pa\u00eds.<\/p>\n<p>El jurado integrado por Mariela Messina, representante de la Secretar\u00eda de Turismo; Gladys Hahn, por la Direcci\u00f3n de Patrimonio y Museos de la Secretar\u00eda de Cultura; Marisa Ort\u00edz, Secretaria pedag\u00f3gica de la Direcci\u00f3n de Educaci\u00f3n Primaria del Ministerio de Educaci\u00f3n y Derechos Humanos se reuni\u00f3 ayer en la sede del Ministerio de Turismo, Cultura y Deporte de R\u00edo Negro.<\/p>\n<p>En su trabajo el jurado destac\u00f3 el excelente trabajo de investigaci\u00f3n realizado por los alumnos de la Escuela 226 de Lamarque, sobre el Bar Tito como patrimonio local; la original propuesta de la Escuela 320 de Bariloche, mostrando la Escuela Municipal de Arte \u00abLa Llave\u00bb y consider\u00f3 trabajo escolar muy valioso el de la Escuela 109 de Cipolletti.<\/p>\n<p>Tomando en cuenta el documento de bases y condiciones nacional el jurado evalu\u00f3 la selecci\u00f3n del patrimonio; la identificaci\u00f3n y descripci\u00f3n del valor del patrimonio local, la participaci\u00f3n colectiva, la originalidad de la propuesta y la presentaci\u00f3n de formato.<\/p>\n<p>Fuente: Gobierno de R\u00edo Negro<\/p>\n","protected":false},"excerpt":{"rendered":"<p>R\u00cdO NEGRO.- La Secretar\u00eda de Turismo de R\u00edo Negro realiz\u00f3 en Viedma la selecci\u00f3n de un trabajo del Proyecto Turismo, [&hellip;]<\/p>\n","protected":false},"author":2,"featured_media":35648,"comment_status":"open","ping_status":"open","sticky":false,"template":"","format":"standard","meta":{"site-sidebar-layout":"default","site-content-layout":"","ast-site-content-layout":"default","site-content-style":"default","site-sidebar-style":"default","ast-global-header-display":"","ast-banner-title-visibility":"","ast-main-header-display":"","ast-hfb-above-header-display":"","ast-hfb-below-header-display":"","ast-hfb-mobile-header-display":"","site-post-title":"","ast-breadcrumbs-content":"","ast-featured-img":"","footer-sml-layout":"","ast-disable-related-posts":"","theme-transparent-header-meta":"","adv-header-id-meta":"","stick-header-meta":"","header-above-stick-meta":"","header-main-stick-meta":"","header-below-stick-meta":"","astra-migrate-meta-layouts":"default","ast-page-background-enabled":"default","ast-page-background-meta":{"desktop":{"background-color":"var(--ast-global-color-5)","background-image":"","background-repeat":"repeat","background-position":"center center","background-size":"auto","background-attachment":"scroll","background-type":"","background-media":"","overlay-type":"","overlay-color":"","overlay-opacity":"","overlay-gradient":""},"tablet":{"background-color":"","background-image":"","background-repeat":"repeat","background-position":"center center","background-size":"auto","background-attachment":"scroll","background-type":"","background-media":"","overlay-type":"","overlay-color":"","overlay-opacity":"","overlay-gradient":""},"mobile":{"background-color":"","background-image":"","background-repeat":"repeat","background-position":"center center","background-size":"auto","background-attachment":"scroll","background-type":"","background-media":"","overlay-type":"","overlay-color":"","overlay-opacity":"","overlay-gradient":""}},"ast-content-background-meta":{"desktop":{"background-color":"var(--ast-global-color-4)","background-image":"","background-repeat":"repeat","background-position":"center center","background-size":"auto","background-attachment":"scroll","background-type":"","background-media":"","overlay-type":"","overlay-color":"","overlay-opacity":"","overlay-gradient":""},"tablet":{"background-color":"var(--ast-global-color-4)","background-image":"","background-repeat":"repeat","background-position":"center center","background-size":"auto","background-attachment":"scroll","background-type":"","background-media":"","overlay-type":"","overlay-color":"","overlay-opacity":"","overlay-gradient":""},"mobile":{"background-color":"var(--ast-global-color-4)","background-image":"","background-repeat":"repeat","background-position":"center center","background-size":"auto","background-attachment":"scroll","background-type":"","background-media":"","overlay-type":"","overlay-color":"","overlay-opacity":"","overlay-gradient":""}},"footnotes":""},"categories":[1,14],"tags":[],"class_list":["post-35647","post","type-post","status-publish","format-standard","has-post-thumbnail","hentry","category-noticias","category-rio-negro"],"yoast_head":"<!-- This site is optimized with the Yoast SEO Premium plugin v23.0 (Yoast SEO v27.5) - https:\/\/yoast.com\/product\/yoast-seo-premium-wordpress\/ -->\n<title>Escuela de Valcheta representar\u00e1 a R\u00edo Negro en un concurso nacional sobre patrimonio<\/title>\n<meta name=\"robots\" content=\"index, follow, max-snippet:-1, max-image-preview:large, max-video-preview:-1\" \/>\n<link rel=\"canonical\" href=\"https:\/\/patagoniambiental.com.ar\/info\/escuela-de-valcheta-representara-a-rio-negro-en-un-concurso-nacional-sobre-patrimonio\/\" \/>\n<meta property=\"og:locale\" content=\"es_ES\" \/>\n<meta property=\"og:type\" content=\"article\" \/>\n<meta property=\"og:title\" content=\"Escuela de Valcheta representar\u00e1 a R\u00edo Negro en un concurso nacional sobre patrimonio\" \/>\n<meta property=\"og:description\" content=\"R\u00cdO NEGRO.- La Secretar\u00eda de Turismo de R\u00edo Negro realiz\u00f3 en Viedma la selecci\u00f3n de un trabajo del Proyecto Turismo, [&hellip;]\" \/>\n<meta property=\"og:url\" content=\"https:\/\/patagoniambiental.com.ar\/info\/escuela-de-valcheta-representara-a-rio-negro-en-un-concurso-nacional-sobre-patrimonio\/\" \/>\n<meta property=\"og:site_name\" content=\"Patagonia Ambiental\" \/>\n<meta property=\"article:publisher\" content=\"https:\/\/www.facebook.com\/patagonia.ambiental\" \/>\n<meta property=\"article:author\" content=\"https:\/\/www.facebook.com\/share\/1C1V8Gv9BX\/?mibextid=qi2Omg\" \/>\n<meta property=\"article:published_time\" content=\"2017-09-29T12:00:33+00:00\" \/>\n<meta property=\"og:image\" content=\"https:\/\/patagoniambiental.com.ar\/info\/wp-content\/uploads\/2017\/09\/alumnos-esc-proyecto.jpg\" \/>\n\t<meta property=\"og:image:width\" content=\"924\" \/>\n\t<meta property=\"og:image:height\" content=\"616\" \/>\n\t<meta property=\"og:image:type\" content=\"image\/jpeg\" \/>\n<meta name=\"author\" content=\"Patagonia Ambiental\" \/>\n<meta name=\"twitter:card\" content=\"summary_large_image\" \/>\n<meta name=\"twitter:creator\" content=\"@PatAmb\" \/>\n<meta name=\"twitter:site\" content=\"@PatAmb\" \/>\n<script type=\"application\/ld+json\" class=\"yoast-schema-graph\">{\"@context\":\"https:\\\/\\\/schema.org\",\"@graph\":[{\"@type\":\"Article\",\"@id\":\"https:\\\/\\\/patagoniambiental.com.ar\\\/info\\\/escuela-de-valcheta-representara-a-rio-negro-en-un-concurso-nacional-sobre-patrimonio\\\/#article\",\"isPartOf\":{\"@id\":\"https:\\\/\\\/patagoniambiental.com.ar\\\/info\\\/escuela-de-valcheta-representara-a-rio-negro-en-un-concurso-nacional-sobre-patrimonio\\\/\"},\"author\":{\"name\":\"Patagonia Ambiental\",\"@id\":\"https:\\\/\\\/patagoniambiental.com.ar\\\/info\\\/#\\\/schema\\\/person\\\/db12bff64bbcbf6a253710bf0ea37b5d\"},\"headline\":\"Escuela de Valcheta representar\u00e1 a R\u00edo Negro en un concurso nacional sobre patrimonio\",\"datePublished\":\"2017-09-29T12:00:33+00:00\",\"mainEntityOfPage\":{\"@id\":\"https:\\\/\\\/patagoniambiental.com.ar\\\/info\\\/escuela-de-valcheta-representara-a-rio-negro-en-un-concurso-nacional-sobre-patrimonio\\\/\"},\"wordCount\":430,\"commentCount\":0,\"publisher\":{\"@id\":\"https:\\\/\\\/patagoniambiental.com.ar\\\/info\\\/#organization\"},\"image\":{\"@id\":\"https:\\\/\\\/patagoniambiental.com.ar\\\/info\\\/escuela-de-valcheta-representara-a-rio-negro-en-un-concurso-nacional-sobre-patrimonio\\\/#primaryimage\"},\"thumbnailUrl\":\"https:\\\/\\\/patagoniambiental.com.ar\\\/info\\\/wp-content\\\/uploads\\\/2017\\\/09\\\/alumnos-esc-proyecto.jpg\",\"articleSection\":[\"Noticias\",\"R\u00edo Negro\"],\"inLanguage\":\"es\",\"potentialAction\":[{\"@type\":\"CommentAction\",\"name\":\"Comment\",\"target\":[\"https:\\\/\\\/patagoniambiental.com.ar\\\/info\\\/escuela-de-valcheta-representara-a-rio-negro-en-un-concurso-nacional-sobre-patrimonio\\\/#respond\"]}]},{\"@type\":\"WebPage\",\"@id\":\"https:\\\/\\\/patagoniambiental.com.ar\\\/info\\\/escuela-de-valcheta-representara-a-rio-negro-en-un-concurso-nacional-sobre-patrimonio\\\/\",\"url\":\"https:\\\/\\\/patagoniambiental.com.ar\\\/info\\\/escuela-de-valcheta-representara-a-rio-negro-en-un-concurso-nacional-sobre-patrimonio\\\/\",\"name\":\"Escuela de Valcheta representar\u00e1 a R\u00edo Negro en un concurso nacional sobre patrimonio\",\"isPartOf\":{\"@id\":\"https:\\\/\\\/patagoniambiental.com.ar\\\/info\\\/#website\"},\"primaryImageOfPage\":{\"@id\":\"https:\\\/\\\/patagoniambiental.com.ar\\\/info\\\/escuela-de-valcheta-representara-a-rio-negro-en-un-concurso-nacional-sobre-patrimonio\\\/#primaryimage\"},\"image\":{\"@id\":\"https:\\\/\\\/patagoniambiental.com.ar\\\/info\\\/escuela-de-valcheta-representara-a-rio-negro-en-un-concurso-nacional-sobre-patrimonio\\\/#primaryimage\"},\"thumbnailUrl\":\"https:\\\/\\\/patagoniambiental.com.ar\\\/info\\\/wp-content\\\/uploads\\\/2017\\\/09\\\/alumnos-esc-proyecto.jpg\",\"datePublished\":\"2017-09-29T12:00:33+00:00\",\"breadcrumb\":{\"@id\":\"https:\\\/\\\/patagoniambiental.com.ar\\\/info\\\/escuela-de-valcheta-representara-a-rio-negro-en-un-concurso-nacional-sobre-patrimonio\\\/#breadcrumb\"},\"inLanguage\":\"es\",\"potentialAction\":[{\"@type\":\"ReadAction\",\"target\":[\"https:\\\/\\\/patagoniambiental.com.ar\\\/info\\\/escuela-de-valcheta-representara-a-rio-negro-en-un-concurso-nacional-sobre-patrimonio\\\/\"]}]},{\"@type\":\"ImageObject\",\"inLanguage\":\"es\",\"@id\":\"https:\\\/\\\/patagoniambiental.com.ar\\\/info\\\/escuela-de-valcheta-representara-a-rio-negro-en-un-concurso-nacional-sobre-patrimonio\\\/#primaryimage\",\"url\":\"https:\\\/\\\/patagoniambiental.com.ar\\\/info\\\/wp-content\\\/uploads\\\/2017\\\/09\\\/alumnos-esc-proyecto.jpg\",\"contentUrl\":\"https:\\\/\\\/patagoniambiental.com.ar\\\/info\\\/wp-content\\\/uploads\\\/2017\\\/09\\\/alumnos-esc-proyecto.jpg\",\"width\":900,\"height\":600},{\"@type\":\"BreadcrumbList\",\"@id\":\"https:\\\/\\\/patagoniambiental.com.ar\\\/info\\\/escuela-de-valcheta-representara-a-rio-negro-en-un-concurso-nacional-sobre-patrimonio\\\/#breadcrumb\",\"itemListElement\":[{\"@type\":\"ListItem\",\"position\":1,\"name\":\"Inicio\",\"item\":\"https:\\\/\\\/patagoniambiental.com.ar\\\/info\\\/\"},{\"@type\":\"ListItem\",\"position\":2,\"name\":\"Escuela de Valcheta representar\u00e1 a R\u00edo Negro en un concurso nacional sobre patrimonio\"}]},{\"@type\":\"WebSite\",\"@id\":\"https:\\\/\\\/patagoniambiental.com.ar\\\/info\\\/#website\",\"url\":\"https:\\\/\\\/patagoniambiental.com.ar\\\/info\\\/\",\"name\":\"Patagonia Ambiental\",\"description\":\"Monitoreo y an\u00e1lisis de la situaci\u00f3n geopol\u00edtica en el mundo y su implicancia en la Patagonia\",\"publisher\":{\"@id\":\"https:\\\/\\\/patagoniambiental.com.ar\\\/info\\\/#organization\"},\"potentialAction\":[{\"@type\":\"SearchAction\",\"target\":{\"@type\":\"EntryPoint\",\"urlTemplate\":\"https:\\\/\\\/patagoniambiental.com.ar\\\/info\\\/?s={search_term_string}\"},\"query-input\":{\"@type\":\"PropertyValueSpecification\",\"valueRequired\":true,\"valueName\":\"search_term_string\"}}],\"inLanguage\":\"es\"},{\"@type\":\"Organization\",\"@id\":\"https:\\\/\\\/patagoniambiental.com.ar\\\/info\\\/#organization\",\"name\":\"Patagonia Ambiental\",\"url\":\"https:\\\/\\\/patagoniambiental.com.ar\\\/info\\\/\",\"logo\":{\"@type\":\"ImageObject\",\"inLanguage\":\"es\",\"@id\":\"https:\\\/\\\/patagoniambiental.com.ar\\\/info\\\/#\\\/schema\\\/logo\\\/image\\\/\",\"url\":\"https:\\\/\\\/patagoniambiental.com.ar\\\/info\\\/wp-content\\\/uploads\\\/2025\\\/05\\\/LOGO-PATAGONIA-AMBIENTAL.png\",\"contentUrl\":\"https:\\\/\\\/patagoniambiental.com.ar\\\/info\\\/wp-content\\\/uploads\\\/2025\\\/05\\\/LOGO-PATAGONIA-AMBIENTAL.png\",\"width\":433,\"height\":250,\"caption\":\"Patagonia Ambiental\"},\"image\":{\"@id\":\"https:\\\/\\\/patagoniambiental.com.ar\\\/info\\\/#\\\/schema\\\/logo\\\/image\\\/\"},\"sameAs\":[\"https:\\\/\\\/www.facebook.com\\\/patagonia.ambiental\",\"https:\\\/\\\/x.com\\\/PatAmb\"]},{\"@type\":\"Person\",\"@id\":\"https:\\\/\\\/patagoniambiental.com.ar\\\/info\\\/#\\\/schema\\\/person\\\/db12bff64bbcbf6a253710bf0ea37b5d\",\"name\":\"Patagonia Ambiental\",\"description\":\"Andr\u00e9s Nievas T\u00e9cnico en manejo ambiental, consultor Ambiental y escritor para medios locales e internacionales sobre temas de geopolitica y medio ambiente.\",\"sameAs\":[\"http:\\\/\\\/www.patagoniambiental.com.ar\",\"https:\\\/\\\/www.facebook.com\\\/share\\\/1C1V8Gv9BX\\\/?mibextid=qi2Omg\",\"@patagoniambiental\",\"https:\\\/\\\/youtube.com\\\/@patagoniaambiental2023?si=BLt58t0wuXquxlYZ\"]}]}<\/script>\n<!-- \/ Yoast SEO Premium plugin. -->","yoast_head_json":{"title":"Escuela de Valcheta representar\u00e1 a R\u00edo Negro en un concurso nacional sobre patrimonio","robots":{"index":"index","follow":"follow","max-snippet":"max-snippet:-1","max-image-preview":"max-image-preview:large","max-video-preview":"max-video-preview:-1"},"canonical":"https:\/\/patagoniambiental.com.ar\/info\/escuela-de-valcheta-representara-a-rio-negro-en-un-concurso-nacional-sobre-patrimonio\/","og_locale":"es_ES","og_type":"article","og_title":"Escuela de Valcheta representar\u00e1 a R\u00edo Negro en un concurso nacional sobre patrimonio","og_description":"R\u00cdO NEGRO.- La Secretar\u00eda de Turismo de R\u00edo Negro realiz\u00f3 en Viedma la selecci\u00f3n de un trabajo del Proyecto Turismo, [&hellip;]","og_url":"https:\/\/patagoniambiental.com.ar\/info\/escuela-de-valcheta-representara-a-rio-negro-en-un-concurso-nacional-sobre-patrimonio\/","og_site_name":"Patagonia Ambiental","article_publisher":"https:\/\/www.facebook.com\/patagonia.ambiental","article_author":"https:\/\/www.facebook.com\/share\/1C1V8Gv9BX\/?mibextid=qi2Omg","article_published_time":"2017-09-29T12:00:33+00:00","og_image":[{"width":924,"height":616,"url":"https:\/\/patagoniambiental.com.ar\/info\/wp-content\/uploads\/2017\/09\/alumnos-esc-proyecto.jpg","type":"image\/jpeg"}],"author":"Patagonia Ambiental","twitter_card":"summary_large_image","twitter_creator":"@PatAmb","twitter_site":"@PatAmb","schema":{"@context":"https:\/\/schema.org","@graph":[{"@type":"Article","@id":"https:\/\/patagoniambiental.com.ar\/info\/escuela-de-valcheta-representara-a-rio-negro-en-un-concurso-nacional-sobre-patrimonio\/#article","isPartOf":{"@id":"https:\/\/patagoniambiental.com.ar\/info\/escuela-de-valcheta-representara-a-rio-negro-en-un-concurso-nacional-sobre-patrimonio\/"},"author":{"name":"Patagonia Ambiental","@id":"https:\/\/patagoniambiental.com.ar\/info\/#\/schema\/person\/db12bff64bbcbf6a253710bf0ea37b5d"},"headline":"Escuela de Valcheta representar\u00e1 a R\u00edo Negro en un concurso nacional sobre patrimonio","datePublished":"2017-09-29T12:00:33+00:00","mainEntityOfPage":{"@id":"https:\/\/patagoniambiental.com.ar\/info\/escuela-de-valcheta-representara-a-rio-negro-en-un-concurso-nacional-sobre-patrimonio\/"},"wordCount":430,"commentCount":0,"publisher":{"@id":"https:\/\/patagoniambiental.com.ar\/info\/#organization"},"image":{"@id":"https:\/\/patagoniambiental.com.ar\/info\/escuela-de-valcheta-representara-a-rio-negro-en-un-concurso-nacional-sobre-patrimonio\/#primaryimage"},"thumbnailUrl":"https:\/\/patagoniambiental.com.ar\/info\/wp-content\/uploads\/2017\/09\/alumnos-esc-proyecto.jpg","articleSection":["Noticias","R\u00edo Negro"],"inLanguage":"es","potentialAction":[{"@type":"CommentAction","name":"Comment","target":["https:\/\/patagoniambiental.com.ar\/info\/escuela-de-valcheta-representara-a-rio-negro-en-un-concurso-nacional-sobre-patrimonio\/#respond"]}]},{"@type":"WebPage","@id":"https:\/\/patagoniambiental.com.ar\/info\/escuela-de-valcheta-representara-a-rio-negro-en-un-concurso-nacional-sobre-patrimonio\/","url":"https:\/\/patagoniambiental.com.ar\/info\/escuela-de-valcheta-representara-a-rio-negro-en-un-concurso-nacional-sobre-patrimonio\/","name":"Escuela de Valcheta representar\u00e1 a R\u00edo Negro en un concurso nacional sobre patrimonio","isPartOf":{"@id":"https:\/\/patagoniambiental.com.ar\/info\/#website"},"primaryImageOfPage":{"@id":"https:\/\/patagoniambiental.com.ar\/info\/escuela-de-valcheta-representara-a-rio-negro-en-un-concurso-nacional-sobre-patrimonio\/#primaryimage"},"image":{"@id":"https:\/\/patagoniambiental.com.ar\/info\/escuela-de-valcheta-representara-a-rio-negro-en-un-concurso-nacional-sobre-patrimonio\/#primaryimage"},"thumbnailUrl":"https:\/\/patagoniambiental.com.ar\/info\/wp-content\/uploads\/2017\/09\/alumnos-esc-proyecto.jpg","datePublished":"2017-09-29T12:00:33+00:00","breadcrumb":{"@id":"https:\/\/patagoniambiental.com.ar\/info\/escuela-de-valcheta-representara-a-rio-negro-en-un-concurso-nacional-sobre-patrimonio\/#breadcrumb"},"inLanguage":"es","potentialAction":[{"@type":"ReadAction","target":["https:\/\/patagoniambiental.com.ar\/info\/escuela-de-valcheta-representara-a-rio-negro-en-un-concurso-nacional-sobre-patrimonio\/"]}]},{"@type":"ImageObject","inLanguage":"es","@id":"https:\/\/patagoniambiental.com.ar\/info\/escuela-de-valcheta-representara-a-rio-negro-en-un-concurso-nacional-sobre-patrimonio\/#primaryimage","url":"https:\/\/patagoniambiental.com.ar\/info\/wp-content\/uploads\/2017\/09\/alumnos-esc-proyecto.jpg","contentUrl":"https:\/\/patagoniambiental.com.ar\/info\/wp-content\/uploads\/2017\/09\/alumnos-esc-proyecto.jpg","width":900,"height":600},{"@type":"BreadcrumbList","@id":"https:\/\/patagoniambiental.com.ar\/info\/escuela-de-valcheta-representara-a-rio-negro-en-un-concurso-nacional-sobre-patrimonio\/#breadcrumb","itemListElement":[{"@type":"ListItem","position":1,"name":"Inicio","item":"https:\/\/patagoniambiental.com.ar\/info\/"},{"@type":"ListItem","position":2,"name":"Escuela de Valcheta representar\u00e1 a R\u00edo Negro en un concurso nacional sobre patrimonio"}]},{"@type":"WebSite","@id":"https:\/\/patagoniambiental.com.ar\/info\/#website","url":"https:\/\/patagoniambiental.com.ar\/info\/","name":"Patagonia Ambiental","description":"Monitoreo y an\u00e1lisis de la situaci\u00f3n geopol\u00edtica en el mundo y su implicancia en la Patagonia","publisher":{"@id":"https:\/\/patagoniambiental.com.ar\/info\/#organization"},"potentialAction":[{"@type":"SearchAction","target":{"@type":"EntryPoint","urlTemplate":"https:\/\/patagoniambiental.com.ar\/info\/?s={search_term_string}"},"query-input":{"@type":"PropertyValueSpecification","valueRequired":true,"valueName":"search_term_string"}}],"inLanguage":"es"},{"@type":"Organization","@id":"https:\/\/patagoniambiental.com.ar\/info\/#organization","name":"Patagonia Ambiental","url":"https:\/\/patagoniambiental.com.ar\/info\/","logo":{"@type":"ImageObject","inLanguage":"es","@id":"https:\/\/patagoniambiental.com.ar\/info\/#\/schema\/logo\/image\/","url":"https:\/\/patagoniambiental.com.ar\/info\/wp-content\/uploads\/2025\/05\/LOGO-PATAGONIA-AMBIENTAL.png","contentUrl":"https:\/\/patagoniambiental.com.ar\/info\/wp-content\/uploads\/2025\/05\/LOGO-PATAGONIA-AMBIENTAL.png","width":433,"height":250,"caption":"Patagonia Ambiental"},"image":{"@id":"https:\/\/patagoniambiental.com.ar\/info\/#\/schema\/logo\/image\/"},"sameAs":["https:\/\/www.facebook.com\/patagonia.ambiental","https:\/\/x.com\/PatAmb"]},{"@type":"Person","@id":"https:\/\/patagoniambiental.com.ar\/info\/#\/schema\/person\/db12bff64bbcbf6a253710bf0ea37b5d","name":"Patagonia Ambiental","description":"Andr\u00e9s Nievas T\u00e9cnico en manejo ambiental, consultor Ambiental y escritor para medios locales e internacionales sobre temas de geopolitica y medio ambiente.","sameAs":["http:\/\/www.patagoniambiental.com.ar","https:\/\/www.facebook.com\/share\/1C1V8Gv9BX\/?mibextid=qi2Omg","@patagoniambiental","https:\/\/youtube.com\/@patagoniaambiental2023?si=BLt58t0wuXquxlYZ"]}]}},"_links":{"self":[{"href":"https:\/\/patagoniambiental.com.ar\/info\/wp-json\/wp\/v2\/posts\/35647","targetHints":{"allow":["GET"]}}],"collection":[{"href":"https:\/\/patagoniambiental.com.ar\/info\/wp-json\/wp\/v2\/posts"}],"about":[{"href":"https:\/\/patagoniambiental.com.ar\/info\/wp-json\/wp\/v2\/types\/post"}],"author":[{"embeddable":true,"href":"https:\/\/patagoniambiental.com.ar\/info\/wp-json\/wp\/v2\/users\/2"}],"replies":[{"embeddable":true,"href":"https:\/\/patagoniambiental.com.ar\/info\/wp-json\/wp\/v2\/comments?post=35647"}],"version-history":[{"count":0,"href":"https:\/\/patagoniambiental.com.ar\/info\/wp-json\/wp\/v2\/posts\/35647\/revisions"}],"wp:featuredmedia":[{"embeddable":true,"href":"https:\/\/patagoniambiental.com.ar\/info\/wp-json\/wp\/v2\/media\/35648"}],"wp:attachment":[{"href":"https:\/\/patagoniambiental.com.ar\/info\/wp-json\/wp\/v2\/media?parent=35647"}],"wp:term":[{"taxonomy":"category","embeddable":true,"href":"https:\/\/patagoniambiental.com.ar\/info\/wp-json\/wp\/v2\/categories?post=35647"},{"taxonomy":"post_tag","embeddable":true,"href":"https:\/\/patagoniambiental.com.ar\/info\/wp-json\/wp\/v2\/tags?post=35647"}],"curies":[{"name":"wp","href":"https:\/\/api.w.org\/{rel}","templated":true}]}}