{"id":35653,"date":"2017-09-29T09:00:46","date_gmt":"2017-09-29T12:00:46","guid":{"rendered":"http:\/\/patagoniambiental.com.ar\/info\/?p=35653"},"modified":"2017-09-29T08:06:02","modified_gmt":"2017-09-29T11:06:02","slug":"la-pampa-comienza-una-campana-de-fumigacion-contra-mosquitos","status":"publish","type":"post","link":"https:\/\/patagoniambiental.com.ar\/info\/la-pampa-comienza-una-campana-de-fumigacion-contra-mosquitos\/","title":{"rendered":"La Pampa: Comienza una campa\u00f1a de fumigaci\u00f3n contra mosquitos"},"content":{"rendered":"<p>LA PAMPA.- Comienzan contra las larvas, en la zona de la laguna Don Tom\u00e1s y espacios verdes. En tanto,\u00a0<strong>la Direcci\u00f3n de Ambiente adquiri\u00f3 equipamiento para el Departamento de Salud Ambiental<\/strong>. Se incorpor\u00f3 un equipo pulverizador de alto rendimiento.<\/p>\n<p>Los mosquitos ya empezaron a aparecer con intensidad en la ciudad. Por eso la Municipalidad anunci\u00f3 que, con el objetivo de prevenir su proliferaci\u00f3n, dar\u00e1 comienzo a la campa\u00f1a de fumigaci\u00f3n la semana entrante.<\/p>\n<p>El inicio ser\u00e1 en primer medida, con una fumigaci\u00f3n contra las larvas de mosquitos, para luego pasar a fumigar contra larva y mosquito adulto en los cuencos, canales pluviales, laguna Don Tomas y sobre distintos espacios verdes de la ciudad.<\/p>\n<p>La fumigaci\u00f3n de estos sitios se realizar\u00e1 peri\u00f3dicamente seg\u00fan una adecuada planificaci\u00f3n, cada 15 d\u00edas aproximadamente.<\/p>\n<p>En tanto, se aclar\u00f3 desde la comuna que con miras a combatir al mosquito \u201caedes aegypti\u201d, la fumigaci\u00f3n no es suficiente, dado que generalmente su especie se desarrolla en micro-cuencos o peque\u00f1os espacios que puedan acumular agua estancada, como cacharros, neum\u00e1ticos, latas, botellas, floreros, baldes, bebederos de animales, lonas y bolsas arrugadas y distintos elementos en desuso, que generalmente se encuentran en los patios de los hogares.<\/p>\n<p>Por eso se \u201cconsidera m\u00e1s que importante\u201d que el vecino tome conciencia de mantener limpios patios y veredas, evitando acopiar elementos que pudieran servir de recipiente para acumular agua y dar la posibilidad de proliferar a las larvas del mosquito.<\/p>\n<p><strong>Nuevo equipamiento<\/strong><\/p>\n<p>La Direcci\u00f3n de Ambiente adquiri\u00f3 equipamiento para el Departamento de Salud Ambiental de la Municipalidad de Santa Rosa, a trav\u00e9s del Programa de Asistencia por Emergencias Clim\u00e1ticas y Cat\u00e1strofes Naturales o Accidentales, que depende del Ministerio de Desarrollo Social de la Naci\u00f3n.<\/p>\n<p>En ese contexto, se ha incorporado un equipo pulverizador de alto rendimiento tipo ca\u00f1\u00f3n, con un motor de 13 hp, con bomba de 12 volt de 12 litros \/minuto y pico direccionable en altura, que se puede llevar sobre una camioneta.<\/p>\n<p>Con la adquisici\u00f3n de esta nueva m\u00e1quina, se lograr\u00e1 un trabajo m\u00e1s eficiente en el uso de los productos y en el consumo de agua, ya que con el antiguo equipo se consum\u00edan aproximadamente de 1.200 a 1.500 litros de agua por hora. En tanto, con la nueva m\u00e1quina se pasar\u00e1 a gastar 120 litros\/hora, utilizando mucho menos producto qu\u00edmico y agua.<\/p>\n<p>Por otro lado, todos los productos que se utilizan son banda verde, aprobados por ANMAT, que es el organismo encargado de regular la utilizaci\u00f3n de estos productos en el ejido urbano.<\/p>\n<p>Esta modernizaci\u00f3n en maquinaria se suma a las ya entregadas mochilas a motor marca Guarany, para trabajos de fumigaci\u00f3n y los 6 trajes encapsulados nivel \u00aba\u00bb marca Dupont. Los mismos brindan protecci\u00f3n contra: gases, l\u00edquidos y s\u00f3lidos, ya sean t\u00f3xicos o corrosivos, y son adecuados ante emergencias industriales o dom\u00e9sticas, y dan protecci\u00f3n contra vapores.<\/p>\n<p>Esta adquisici\u00f3n -dijo el municipio- permite a la comuna \u201cestar preparados ante cualquier emergencia que surja en la ciudad\u201d, y adem\u00e1s se podr\u00e1 ponerlo a disposici\u00f3n de otras reparticiones que puedan\u00a0requerirlos, para trabajos en espacios confinados, o en atm\u00f3sfera de gases peligrosos, entre otras.<\/p>\n<p>Fuente:\u00a0http:\/\/www.eldiariodelapampa.com.ar\/index.php\/107-portada\/destacadas\/34613-comienza-una-campana-de-fumigacion-contra-mosquitos<\/p>\n","protected":false},"excerpt":{"rendered":"<p>LA PAMPA.- Comienzan contra las larvas, en la zona de la laguna Don Tom\u00e1s y espacios verdes. En tanto,\u00a0la Direcci\u00f3n [&hellip;]<\/p>\n","protected":false},"author":2,"featured_media":35654,"comment_status":"open","ping_status":"open","sticky":false,"template":"","format":"standard","meta":{"site-sidebar-layout":"default","site-content-layout":"","ast-site-content-layout":"default","site-content-style":"default","site-sidebar-style":"default","ast-global-header-display":"","ast-banner-title-visibility":"","ast-main-header-display":"","ast-hfb-above-header-display":"","ast-hfb-below-header-display":"","ast-hfb-mobile-header-display":"","site-post-title":"","ast-breadcrumbs-content":"","ast-featured-img":"","footer-sml-layout":"","ast-disable-related-posts":"","theme-transparent-header-meta":"","adv-header-id-meta":"","stick-header-meta":"","header-above-stick-meta":"","header-main-stick-meta":"","header-below-stick-meta":"","astra-migrate-meta-layouts":"default","ast-page-background-enabled":"default","ast-page-background-meta":{"desktop":{"background-color":"var(--ast-global-color-5)","background-image":"","background-repeat":"repeat","background-position":"center center","background-size":"auto","background-attachment":"scroll","background-type":"","background-media":"","overlay-type":"","overlay-color":"","overlay-opacity":"","overlay-gradient":""},"tablet":{"background-color":"","background-image":"","background-repeat":"repeat","background-position":"center center","background-size":"auto","background-attachment":"scroll","background-type":"","background-media":"","overlay-type":"","overlay-color":"","overlay-opacity":"","overlay-gradient":""},"mobile":{"background-color":"","background-image":"","background-repeat":"repeat","background-position":"center center","background-size":"auto","background-attachment":"scroll","background-type":"","background-media":"","overlay-type":"","overlay-color":"","overlay-opacity":"","overlay-gradient":""}},"ast-content-background-meta":{"desktop":{"background-color":"var(--ast-global-color-4)","background-image":"","background-repeat":"repeat","background-position":"center center","background-size":"auto","background-attachment":"scroll","background-type":"","background-media":"","overlay-type":"","overlay-color":"","overlay-opacity":"","overlay-gradient":""},"tablet":{"background-color":"var(--ast-global-color-4)","background-image":"","background-repeat":"repeat","background-position":"center center","background-size":"auto","background-attachment":"scroll","background-type":"","background-media":"","overlay-type":"","overlay-color":"","overlay-opacity":"","overlay-gradient":""},"mobile":{"background-color":"var(--ast-global-color-4)","background-image":"","background-repeat":"repeat","background-position":"center center","background-size":"auto","background-attachment":"scroll","background-type":"","background-media":"","overlay-type":"","overlay-color":"","overlay-opacity":"","overlay-gradient":""}},"footnotes":""},"categories":[12,46,1],"tags":[],"class_list":["post-35653","post","type-post","status-publish","format-standard","has-post-thumbnail","hentry","category-agenda-ambiental","category-municipios","category-noticias"],"yoast_head":"<!-- This site is optimized with the Yoast SEO Premium plugin v23.0 (Yoast SEO v27.5) - https:\/\/yoast.com\/product\/yoast-seo-premium-wordpress\/ -->\n<title>La Pampa: Comienza una campa\u00f1a de fumigaci\u00f3n contra mosquitos<\/title>\n<meta name=\"robots\" content=\"index, follow, max-snippet:-1, max-image-preview:large, max-video-preview:-1\" \/>\n<link rel=\"canonical\" href=\"https:\/\/patagoniambiental.com.ar\/info\/la-pampa-comienza-una-campana-de-fumigacion-contra-mosquitos\/\" \/>\n<meta property=\"og:locale\" content=\"es_ES\" \/>\n<meta property=\"og:type\" content=\"article\" \/>\n<meta property=\"og:title\" content=\"La Pampa: Comienza una campa\u00f1a de fumigaci\u00f3n contra mosquitos\" \/>\n<meta property=\"og:description\" content=\"LA PAMPA.- Comienzan contra las larvas, en la zona de la laguna Don Tom\u00e1s y espacios verdes. En tanto,\u00a0la Direcci\u00f3n [&hellip;]\" \/>\n<meta property=\"og:url\" content=\"https:\/\/patagoniambiental.com.ar\/info\/la-pampa-comienza-una-campana-de-fumigacion-contra-mosquitos\/\" \/>\n<meta property=\"og:site_name\" content=\"Patagonia Ambiental\" \/>\n<meta property=\"article:publisher\" content=\"https:\/\/www.facebook.com\/patagonia.ambiental\" \/>\n<meta property=\"article:author\" content=\"https:\/\/www.facebook.com\/share\/1C1V8Gv9BX\/?mibextid=qi2Omg\" \/>\n<meta property=\"article:published_time\" content=\"2017-09-29T12:00:46+00:00\" \/>\n<meta property=\"og:image\" content=\"https:\/\/patagoniambiental.com.ar\/info\/wp-content\/uploads\/2017\/09\/fumigacion-por-mosquitos.jpg\" \/>\n\t<meta property=\"og:image:width\" content=\"650\" \/>\n\t<meta property=\"og:image:height\" content=\"455\" \/>\n\t<meta property=\"og:image:type\" content=\"image\/jpeg\" \/>\n<meta name=\"author\" content=\"Patagonia Ambiental\" \/>\n<meta name=\"twitter:card\" content=\"summary_large_image\" \/>\n<meta name=\"twitter:creator\" content=\"@PatAmb\" \/>\n<meta name=\"twitter:site\" content=\"@PatAmb\" \/>\n<script type=\"application\/ld+json\" class=\"yoast-schema-graph\">{\"@context\":\"https:\\\/\\\/schema.org\",\"@graph\":[{\"@type\":\"Article\",\"@id\":\"https:\\\/\\\/patagoniambiental.com.ar\\\/info\\\/la-pampa-comienza-una-campana-de-fumigacion-contra-mosquitos\\\/#article\",\"isPartOf\":{\"@id\":\"https:\\\/\\\/patagoniambiental.com.ar\\\/info\\\/la-pampa-comienza-una-campana-de-fumigacion-contra-mosquitos\\\/\"},\"author\":{\"name\":\"Patagonia Ambiental\",\"@id\":\"https:\\\/\\\/patagoniambiental.com.ar\\\/info\\\/#\\\/schema\\\/person\\\/db12bff64bbcbf6a253710bf0ea37b5d\"},\"headline\":\"La Pampa: Comienza una campa\u00f1a de fumigaci\u00f3n contra mosquitos\",\"datePublished\":\"2017-09-29T12:00:46+00:00\",\"mainEntityOfPage\":{\"@id\":\"https:\\\/\\\/patagoniambiental.com.ar\\\/info\\\/la-pampa-comienza-una-campana-de-fumigacion-contra-mosquitos\\\/\"},\"wordCount\":570,\"commentCount\":0,\"publisher\":{\"@id\":\"https:\\\/\\\/patagoniambiental.com.ar\\\/info\\\/#organization\"},\"image\":{\"@id\":\"https:\\\/\\\/patagoniambiental.com.ar\\\/info\\\/la-pampa-comienza-una-campana-de-fumigacion-contra-mosquitos\\\/#primaryimage\"},\"thumbnailUrl\":\"https:\\\/\\\/patagoniambiental.com.ar\\\/info\\\/wp-content\\\/uploads\\\/2017\\\/09\\\/fumigacion-por-mosquitos.jpg\",\"articleSection\":[\"Agenda Ambiental\",\"Municipios\",\"Noticias\"],\"inLanguage\":\"es\",\"potentialAction\":[{\"@type\":\"CommentAction\",\"name\":\"Comment\",\"target\":[\"https:\\\/\\\/patagoniambiental.com.ar\\\/info\\\/la-pampa-comienza-una-campana-de-fumigacion-contra-mosquitos\\\/#respond\"]}]},{\"@type\":\"WebPage\",\"@id\":\"https:\\\/\\\/patagoniambiental.com.ar\\\/info\\\/la-pampa-comienza-una-campana-de-fumigacion-contra-mosquitos\\\/\",\"url\":\"https:\\\/\\\/patagoniambiental.com.ar\\\/info\\\/la-pampa-comienza-una-campana-de-fumigacion-contra-mosquitos\\\/\",\"name\":\"La Pampa: Comienza una campa\u00f1a de fumigaci\u00f3n contra mosquitos\",\"isPartOf\":{\"@id\":\"https:\\\/\\\/patagoniambiental.com.ar\\\/info\\\/#website\"},\"primaryImageOfPage\":{\"@id\":\"https:\\\/\\\/patagoniambiental.com.ar\\\/info\\\/la-pampa-comienza-una-campana-de-fumigacion-contra-mosquitos\\\/#primaryimage\"},\"image\":{\"@id\":\"https:\\\/\\\/patagoniambiental.com.ar\\\/info\\\/la-pampa-comienza-una-campana-de-fumigacion-contra-mosquitos\\\/#primaryimage\"},\"thumbnailUrl\":\"https:\\\/\\\/patagoniambiental.com.ar\\\/info\\\/wp-content\\\/uploads\\\/2017\\\/09\\\/fumigacion-por-mosquitos.jpg\",\"datePublished\":\"2017-09-29T12:00:46+00:00\",\"breadcrumb\":{\"@id\":\"https:\\\/\\\/patagoniambiental.com.ar\\\/info\\\/la-pampa-comienza-una-campana-de-fumigacion-contra-mosquitos\\\/#breadcrumb\"},\"inLanguage\":\"es\",\"potentialAction\":[{\"@type\":\"ReadAction\",\"target\":[\"https:\\\/\\\/patagoniambiental.com.ar\\\/info\\\/la-pampa-comienza-una-campana-de-fumigacion-contra-mosquitos\\\/\"]}]},{\"@type\":\"ImageObject\",\"inLanguage\":\"es\",\"@id\":\"https:\\\/\\\/patagoniambiental.com.ar\\\/info\\\/la-pampa-comienza-una-campana-de-fumigacion-contra-mosquitos\\\/#primaryimage\",\"url\":\"https:\\\/\\\/patagoniambiental.com.ar\\\/info\\\/wp-content\\\/uploads\\\/2017\\\/09\\\/fumigacion-por-mosquitos.jpg\",\"contentUrl\":\"https:\\\/\\\/patagoniambiental.com.ar\\\/info\\\/wp-content\\\/uploads\\\/2017\\\/09\\\/fumigacion-por-mosquitos.jpg\",\"width\":650,\"height\":455},{\"@type\":\"BreadcrumbList\",\"@id\":\"https:\\\/\\\/patagoniambiental.com.ar\\\/info\\\/la-pampa-comienza-una-campana-de-fumigacion-contra-mosquitos\\\/#breadcrumb\",\"itemListElement\":[{\"@type\":\"ListItem\",\"position\":1,\"name\":\"Inicio\",\"item\":\"https:\\\/\\\/patagoniambiental.com.ar\\\/info\\\/\"},{\"@type\":\"ListItem\",\"position\":2,\"name\":\"La Pampa: Comienza una campa\u00f1a de fumigaci\u00f3n contra mosquitos\"}]},{\"@type\":\"WebSite\",\"@id\":\"https:\\\/\\\/patagoniambiental.com.ar\\\/info\\\/#website\",\"url\":\"https:\\\/\\\/patagoniambiental.com.ar\\\/info\\\/\",\"name\":\"Patagonia Ambiental\",\"description\":\"Monitoreo y an\u00e1lisis de la situaci\u00f3n geopol\u00edtica en el mundo y su implicancia en la Patagonia\",\"publisher\":{\"@id\":\"https:\\\/\\\/patagoniambiental.com.ar\\\/info\\\/#organization\"},\"potentialAction\":[{\"@type\":\"SearchAction\",\"target\":{\"@type\":\"EntryPoint\",\"urlTemplate\":\"https:\\\/\\\/patagoniambiental.com.ar\\\/info\\\/?s={search_term_string}\"},\"query-input\":{\"@type\":\"PropertyValueSpecification\",\"valueRequired\":true,\"valueName\":\"search_term_string\"}}],\"inLanguage\":\"es\"},{\"@type\":\"Organization\",\"@id\":\"https:\\\/\\\/patagoniambiental.com.ar\\\/info\\\/#organization\",\"name\":\"Patagonia Ambiental\",\"url\":\"https:\\\/\\\/patagoniambiental.com.ar\\\/info\\\/\",\"logo\":{\"@type\":\"ImageObject\",\"inLanguage\":\"es\",\"@id\":\"https:\\\/\\\/patagoniambiental.com.ar\\\/info\\\/#\\\/schema\\\/logo\\\/image\\\/\",\"url\":\"https:\\\/\\\/patagoniambiental.com.ar\\\/info\\\/wp-content\\\/uploads\\\/2025\\\/05\\\/LOGO-PATAGONIA-AMBIENTAL.png\",\"contentUrl\":\"https:\\\/\\\/patagoniambiental.com.ar\\\/info\\\/wp-content\\\/uploads\\\/2025\\\/05\\\/LOGO-PATAGONIA-AMBIENTAL.png\",\"width\":433,\"height\":250,\"caption\":\"Patagonia Ambiental\"},\"image\":{\"@id\":\"https:\\\/\\\/patagoniambiental.com.ar\\\/info\\\/#\\\/schema\\\/logo\\\/image\\\/\"},\"sameAs\":[\"https:\\\/\\\/www.facebook.com\\\/patagonia.ambiental\",\"https:\\\/\\\/x.com\\\/PatAmb\"]},{\"@type\":\"Person\",\"@id\":\"https:\\\/\\\/patagoniambiental.com.ar\\\/info\\\/#\\\/schema\\\/person\\\/db12bff64bbcbf6a253710bf0ea37b5d\",\"name\":\"Patagonia Ambiental\",\"description\":\"Andr\u00e9s Nievas T\u00e9cnico en manejo ambiental, consultor Ambiental y escritor para medios locales e internacionales sobre temas de geopolitica y medio ambiente.\",\"sameAs\":[\"http:\\\/\\\/www.patagoniambiental.com.ar\",\"https:\\\/\\\/www.facebook.com\\\/share\\\/1C1V8Gv9BX\\\/?mibextid=qi2Omg\",\"@patagoniambiental\",\"https:\\\/\\\/youtube.com\\\/@patagoniaambiental2023?si=BLt58t0wuXquxlYZ\"]}]}<\/script>\n<!-- \/ Yoast SEO Premium plugin. -->","yoast_head_json":{"title":"La Pampa: Comienza una campa\u00f1a de fumigaci\u00f3n contra mosquitos","robots":{"index":"index","follow":"follow","max-snippet":"max-snippet:-1","max-image-preview":"max-image-preview:large","max-video-preview":"max-video-preview:-1"},"canonical":"https:\/\/patagoniambiental.com.ar\/info\/la-pampa-comienza-una-campana-de-fumigacion-contra-mosquitos\/","og_locale":"es_ES","og_type":"article","og_title":"La Pampa: Comienza una campa\u00f1a de fumigaci\u00f3n contra mosquitos","og_description":"LA PAMPA.- Comienzan contra las larvas, en la zona de la laguna Don Tom\u00e1s y espacios verdes. En tanto,\u00a0la Direcci\u00f3n [&hellip;]","og_url":"https:\/\/patagoniambiental.com.ar\/info\/la-pampa-comienza-una-campana-de-fumigacion-contra-mosquitos\/","og_site_name":"Patagonia Ambiental","article_publisher":"https:\/\/www.facebook.com\/patagonia.ambiental","article_author":"https:\/\/www.facebook.com\/share\/1C1V8Gv9BX\/?mibextid=qi2Omg","article_published_time":"2017-09-29T12:00:46+00:00","og_image":[{"width":650,"height":455,"url":"https:\/\/patagoniambiental.com.ar\/info\/wp-content\/uploads\/2017\/09\/fumigacion-por-mosquitos.jpg","type":"image\/jpeg"}],"author":"Patagonia Ambiental","twitter_card":"summary_large_image","twitter_creator":"@PatAmb","twitter_site":"@PatAmb","schema":{"@context":"https:\/\/schema.org","@graph":[{"@type":"Article","@id":"https:\/\/patagoniambiental.com.ar\/info\/la-pampa-comienza-una-campana-de-fumigacion-contra-mosquitos\/#article","isPartOf":{"@id":"https:\/\/patagoniambiental.com.ar\/info\/la-pampa-comienza-una-campana-de-fumigacion-contra-mosquitos\/"},"author":{"name":"Patagonia Ambiental","@id":"https:\/\/patagoniambiental.com.ar\/info\/#\/schema\/person\/db12bff64bbcbf6a253710bf0ea37b5d"},"headline":"La Pampa: Comienza una campa\u00f1a de fumigaci\u00f3n contra mosquitos","datePublished":"2017-09-29T12:00:46+00:00","mainEntityOfPage":{"@id":"https:\/\/patagoniambiental.com.ar\/info\/la-pampa-comienza-una-campana-de-fumigacion-contra-mosquitos\/"},"wordCount":570,"commentCount":0,"publisher":{"@id":"https:\/\/patagoniambiental.com.ar\/info\/#organization"},"image":{"@id":"https:\/\/patagoniambiental.com.ar\/info\/la-pampa-comienza-una-campana-de-fumigacion-contra-mosquitos\/#primaryimage"},"thumbnailUrl":"https:\/\/patagoniambiental.com.ar\/info\/wp-content\/uploads\/2017\/09\/fumigacion-por-mosquitos.jpg","articleSection":["Agenda Ambiental","Municipios","Noticias"],"inLanguage":"es","potentialAction":[{"@type":"CommentAction","name":"Comment","target":["https:\/\/patagoniambiental.com.ar\/info\/la-pampa-comienza-una-campana-de-fumigacion-contra-mosquitos\/#respond"]}]},{"@type":"WebPage","@id":"https:\/\/patagoniambiental.com.ar\/info\/la-pampa-comienza-una-campana-de-fumigacion-contra-mosquitos\/","url":"https:\/\/patagoniambiental.com.ar\/info\/la-pampa-comienza-una-campana-de-fumigacion-contra-mosquitos\/","name":"La Pampa: Comienza una campa\u00f1a de fumigaci\u00f3n contra mosquitos","isPartOf":{"@id":"https:\/\/patagoniambiental.com.ar\/info\/#website"},"primaryImageOfPage":{"@id":"https:\/\/patagoniambiental.com.ar\/info\/la-pampa-comienza-una-campana-de-fumigacion-contra-mosquitos\/#primaryimage"},"image":{"@id":"https:\/\/patagoniambiental.com.ar\/info\/la-pampa-comienza-una-campana-de-fumigacion-contra-mosquitos\/#primaryimage"},"thumbnailUrl":"https:\/\/patagoniambiental.com.ar\/info\/wp-content\/uploads\/2017\/09\/fumigacion-por-mosquitos.jpg","datePublished":"2017-09-29T12:00:46+00:00","breadcrumb":{"@id":"https:\/\/patagoniambiental.com.ar\/info\/la-pampa-comienza-una-campana-de-fumigacion-contra-mosquitos\/#breadcrumb"},"inLanguage":"es","potentialAction":[{"@type":"ReadAction","target":["https:\/\/patagoniambiental.com.ar\/info\/la-pampa-comienza-una-campana-de-fumigacion-contra-mosquitos\/"]}]},{"@type":"ImageObject","inLanguage":"es","@id":"https:\/\/patagoniambiental.com.ar\/info\/la-pampa-comienza-una-campana-de-fumigacion-contra-mosquitos\/#primaryimage","url":"https:\/\/patagoniambiental.com.ar\/info\/wp-content\/uploads\/2017\/09\/fumigacion-por-mosquitos.jpg","contentUrl":"https:\/\/patagoniambiental.com.ar\/info\/wp-content\/uploads\/2017\/09\/fumigacion-por-mosquitos.jpg","width":650,"height":455},{"@type":"BreadcrumbList","@id":"https:\/\/patagoniambiental.com.ar\/info\/la-pampa-comienza-una-campana-de-fumigacion-contra-mosquitos\/#breadcrumb","itemListElement":[{"@type":"ListItem","position":1,"name":"Inicio","item":"https:\/\/patagoniambiental.com.ar\/info\/"},{"@type":"ListItem","position":2,"name":"La Pampa: Comienza una campa\u00f1a de fumigaci\u00f3n contra mosquitos"}]},{"@type":"WebSite","@id":"https:\/\/patagoniambiental.com.ar\/info\/#website","url":"https:\/\/patagoniambiental.com.ar\/info\/","name":"Patagonia Ambiental","description":"Monitoreo y an\u00e1lisis de la situaci\u00f3n geopol\u00edtica en el mundo y su implicancia en la Patagonia","publisher":{"@id":"https:\/\/patagoniambiental.com.ar\/info\/#organization"},"potentialAction":[{"@type":"SearchAction","target":{"@type":"EntryPoint","urlTemplate":"https:\/\/patagoniambiental.com.ar\/info\/?s={search_term_string}"},"query-input":{"@type":"PropertyValueSpecification","valueRequired":true,"valueName":"search_term_string"}}],"inLanguage":"es"},{"@type":"Organization","@id":"https:\/\/patagoniambiental.com.ar\/info\/#organization","name":"Patagonia Ambiental","url":"https:\/\/patagoniambiental.com.ar\/info\/","logo":{"@type":"ImageObject","inLanguage":"es","@id":"https:\/\/patagoniambiental.com.ar\/info\/#\/schema\/logo\/image\/","url":"https:\/\/patagoniambiental.com.ar\/info\/wp-content\/uploads\/2025\/05\/LOGO-PATAGONIA-AMBIENTAL.png","contentUrl":"https:\/\/patagoniambiental.com.ar\/info\/wp-content\/uploads\/2025\/05\/LOGO-PATAGONIA-AMBIENTAL.png","width":433,"height":250,"caption":"Patagonia Ambiental"},"image":{"@id":"https:\/\/patagoniambiental.com.ar\/info\/#\/schema\/logo\/image\/"},"sameAs":["https:\/\/www.facebook.com\/patagonia.ambiental","https:\/\/x.com\/PatAmb"]},{"@type":"Person","@id":"https:\/\/patagoniambiental.com.ar\/info\/#\/schema\/person\/db12bff64bbcbf6a253710bf0ea37b5d","name":"Patagonia Ambiental","description":"Andr\u00e9s Nievas T\u00e9cnico en manejo ambiental, consultor Ambiental y escritor para medios locales e internacionales sobre temas de geopolitica y medio ambiente.","sameAs":["http:\/\/www.patagoniambiental.com.ar","https:\/\/www.facebook.com\/share\/1C1V8Gv9BX\/?mibextid=qi2Omg","@patagoniambiental","https:\/\/youtube.com\/@patagoniaambiental2023?si=BLt58t0wuXquxlYZ"]}]}},"_links":{"self":[{"href":"https:\/\/patagoniambiental.com.ar\/info\/wp-json\/wp\/v2\/posts\/35653","targetHints":{"allow":["GET"]}}],"collection":[{"href":"https:\/\/patagoniambiental.com.ar\/info\/wp-json\/wp\/v2\/posts"}],"about":[{"href":"https:\/\/patagoniambiental.com.ar\/info\/wp-json\/wp\/v2\/types\/post"}],"author":[{"embeddable":true,"href":"https:\/\/patagoniambiental.com.ar\/info\/wp-json\/wp\/v2\/users\/2"}],"replies":[{"embeddable":true,"href":"https:\/\/patagoniambiental.com.ar\/info\/wp-json\/wp\/v2\/comments?post=35653"}],"version-history":[{"count":0,"href":"https:\/\/patagoniambiental.com.ar\/info\/wp-json\/wp\/v2\/posts\/35653\/revisions"}],"wp:featuredmedia":[{"embeddable":true,"href":"https:\/\/patagoniambiental.com.ar\/info\/wp-json\/wp\/v2\/media\/35654"}],"wp:attachment":[{"href":"https:\/\/patagoniambiental.com.ar\/info\/wp-json\/wp\/v2\/media?parent=35653"}],"wp:term":[{"taxonomy":"category","embeddable":true,"href":"https:\/\/patagoniambiental.com.ar\/info\/wp-json\/wp\/v2\/categories?post=35653"},{"taxonomy":"post_tag","embeddable":true,"href":"https:\/\/patagoniambiental.com.ar\/info\/wp-json\/wp\/v2\/tags?post=35653"}],"curies":[{"name":"wp","href":"https:\/\/api.w.org\/{rel}","templated":true}]}}