{"id":35656,"date":"2017-09-29T09:00:14","date_gmt":"2017-09-29T12:00:14","guid":{"rendered":"http:\/\/patagoniambiental.com.ar\/info\/?p=35656"},"modified":"2017-09-29T09:39:51","modified_gmt":"2017-09-29T12:39:51","slug":"se-conecto-a-la-red-electrica-el-primer-usuario-que-genera-su-propia-energia","status":"publish","type":"post","link":"https:\/\/patagoniambiental.com.ar\/info\/se-conecto-a-la-red-electrica-el-primer-usuario-que-genera-su-propia-energia\/","title":{"rendered":"Se conect\u00f3 a la red el\u00e9ctrica el primer usuario que genera su propia energ\u00eda en Bariloche"},"content":{"rendered":"<h5 class=\"title\">Bariloche.-Ayer qued\u00f3 conectado a la red de distribuci\u00f3n el\u00e9ctrica de la ciudad andina el primer usuario que ha adherido al sistema de Generaci\u00f3n Distribuida, tras la reglamentaci\u00f3n aprobada por el Gobierno de R\u00edo Negro.<\/h5>\n<p><!--more--><\/p>\n<p><a class=\"single-image\" href=\"http:\/\/www.rionegro.gov.ar\/download\/images\/00030757.jpg\"><img decoding=\"async\" class=\"custom-frame\" src=\"http:\/\/www.rionegro.gov.ar\/download\/images\/00030757.jpg\" alt=\"\" \/><\/a><\/p>\n<p>A partir de la instalaci\u00f3n de un medidor bidireccional, el sistema habilita a aquellos usuarios que cuenten con alg\u00fan m\u00e9todo de autogeneraci\u00f3n a inyectar los excedentes a la red de distribuci\u00f3n y cobrar por los mismos.<\/p>\n<p>En este caso, se trata de un usuario que se dedica a la comercializaci\u00f3n de paneles solares y que se encuentra dentro del \u00e1rea de cobertura de la Cooperativa de Electricidad Bariloche (CEB).<\/p>\n<p>Tiene instalado un equipo fotovoltaico de 2.500 watts con 10 paneles que se estima podr\u00eda abastecer el consumo de hasta el 60 por ciento de una vivienda est\u00e1ndar, sin bater\u00edas de acumulaci\u00f3n.<\/p>\n<p>La directora de Proyectos de la Secretar\u00eda de Energ\u00eda El\u00e9ctrica, Ing. Mar\u00eda del Carmen Rubio, estuvo hoy en el lugar y cont\u00f3 que \u201cvamos a poder ver en forma remota la producci\u00f3n del sistema como para hacer un seguimiento desde nuestras oficinas de las curvas de potencia y energ\u00eda\u201d.<\/p>\n<p>La Generaci\u00f3n Distribuida fue reglamentada en la provincia a trav\u00e9s de la Resoluci\u00f3n 64\/17 del Ente Provincial Regulador de la Electricidad.<\/p>\n<p>Al ser una metodolog\u00eda novedosa y en auge, sus t\u00e9rminos son objeto de estudio permanente en el \u00e1mbito de la comisi\u00f3n que cre\u00f3 la normativa rionegrina y que incluye no s\u00f3lo a las distribuidoras, sino tambi\u00e9n al Ente Regulador, la Secretaria de Estado de Energ\u00eda, la Universidad del Comahue y el INTI.<\/p>\n<p>A nivel de usuarios particulares, se trata de la primera experiencia en la red de distribuci\u00f3n operada por la CEB tras la implementaci\u00f3n plena de la normativa.<\/p>\n<p>Vale recordar que el Gobierno Provincial cuenta con una experiencia en marcha de generaci\u00f3n solar para autoconsumo en el Centro Administrativo Bariloche, que durante el fin de semana inyecta lo generado a la red. Algo similar a lo implementado en una escuela de Catriel y en el hospital de Cipolletti. Tres ejemplos que sirvieron para debatir y consensuar las cuestiones regulatorias y t\u00e9cnicas que ahora se inauguran.<\/p>\n<p>Rubio, explic\u00f3 que \u201cla Generaci\u00f3n Distribuida contribuye a la sustentabilidad del sistema y cuenta con una normativa nacional\u201d. \u201cEl esp\u00edritu de la reglamentaci\u00f3n coincide con el paradigma que ubica al usuario en un rol m\u00e1s activo, el de administrar la energ\u00eda que consume, generar y compartir en la red p\u00fablica sus excedentes. Y lo que hace la reglamentaci\u00f3n es facilitar ese aspecto como un derecho\u201d, rese\u00f1\u00f3.<\/p>\n<p>\u201cEl tr\u00e1mite formalmente se inicia ante las distribuidoras con el aval de un profesional matriculado. All\u00ed se analiza internamente y se hace participar al EPRE para la revisi\u00f3n de las condiciones en las que se proyecta hacer la conexi\u00f3n a la red de distribuci\u00f3n\u201d, aclar\u00f3 Rubio.<\/p>\n<p>Fuente: Gobierno de Rio Negro<\/p>\n","protected":false},"excerpt":{"rendered":"<p>Bariloche.-Ayer qued\u00f3 conectado a la red de distribuci\u00f3n el\u00e9ctrica de la ciudad andina el primer usuario que ha adherido al [&hellip;]<\/p>\n","protected":false},"author":2,"featured_media":35657,"comment_status":"open","ping_status":"open","sticky":false,"template":"","format":"standard","meta":{"site-sidebar-layout":"default","site-content-layout":"","ast-site-content-layout":"default","site-content-style":"default","site-sidebar-style":"default","ast-global-header-display":"","ast-banner-title-visibility":"","ast-main-header-display":"","ast-hfb-above-header-display":"","ast-hfb-below-header-display":"","ast-hfb-mobile-header-display":"","site-post-title":"","ast-breadcrumbs-content":"","ast-featured-img":"","footer-sml-layout":"","ast-disable-related-posts":"","theme-transparent-header-meta":"","adv-header-id-meta":"","stick-header-meta":"","header-above-stick-meta":"","header-main-stick-meta":"","header-below-stick-meta":"","astra-migrate-meta-layouts":"default","ast-page-background-enabled":"default","ast-page-background-meta":{"desktop":{"background-color":"var(--ast-global-color-5)","background-image":"","background-repeat":"repeat","background-position":"center center","background-size":"auto","background-attachment":"scroll","background-type":"","background-media":"","overlay-type":"","overlay-color":"","overlay-opacity":"","overlay-gradient":""},"tablet":{"background-color":"","background-image":"","background-repeat":"repeat","background-position":"center center","background-size":"auto","background-attachment":"scroll","background-type":"","background-media":"","overlay-type":"","overlay-color":"","overlay-opacity":"","overlay-gradient":""},"mobile":{"background-color":"","background-image":"","background-repeat":"repeat","background-position":"center center","background-size":"auto","background-attachment":"scroll","background-type":"","background-media":"","overlay-type":"","overlay-color":"","overlay-opacity":"","overlay-gradient":""}},"ast-content-background-meta":{"desktop":{"background-color":"var(--ast-global-color-4)","background-image":"","background-repeat":"repeat","background-position":"center center","background-size":"auto","background-attachment":"scroll","background-type":"","background-media":"","overlay-type":"","overlay-color":"","overlay-opacity":"","overlay-gradient":""},"tablet":{"background-color":"var(--ast-global-color-4)","background-image":"","background-repeat":"repeat","background-position":"center center","background-size":"auto","background-attachment":"scroll","background-type":"","background-media":"","overlay-type":"","overlay-color":"","overlay-opacity":"","overlay-gradient":""},"mobile":{"background-color":"var(--ast-global-color-4)","background-image":"","background-repeat":"repeat","background-position":"center center","background-size":"auto","background-attachment":"scroll","background-type":"","background-media":"","overlay-type":"","overlay-color":"","overlay-opacity":"","overlay-gradient":""}},"footnotes":""},"categories":[1,13,14],"tags":[],"class_list":["post-35656","post","type-post","status-publish","format-standard","has-post-thumbnail","hentry","category-noticias","category-provinciales","category-rio-negro"],"yoast_head":"<!-- This site is optimized with the Yoast SEO Premium plugin v23.0 (Yoast SEO v27.5) - https:\/\/yoast.com\/product\/yoast-seo-premium-wordpress\/ -->\n<title>Se conect\u00f3 a la red el\u00e9ctrica el primer usuario que genera su propia energ\u00eda en Bariloche<\/title>\n<meta name=\"robots\" content=\"index, follow, max-snippet:-1, max-image-preview:large, max-video-preview:-1\" \/>\n<link rel=\"canonical\" href=\"https:\/\/patagoniambiental.com.ar\/info\/se-conecto-a-la-red-electrica-el-primer-usuario-que-genera-su-propia-energia\/\" \/>\n<meta property=\"og:locale\" content=\"es_ES\" \/>\n<meta property=\"og:type\" content=\"article\" \/>\n<meta property=\"og:title\" content=\"Se conect\u00f3 a la red el\u00e9ctrica el primer usuario que genera su propia energ\u00eda en Bariloche\" \/>\n<meta property=\"og:description\" content=\"Bariloche.-Ayer qued\u00f3 conectado a la red de distribuci\u00f3n el\u00e9ctrica de la ciudad andina el primer usuario que ha adherido al [&hellip;]\" \/>\n<meta property=\"og:url\" content=\"https:\/\/patagoniambiental.com.ar\/info\/se-conecto-a-la-red-electrica-el-primer-usuario-que-genera-su-propia-energia\/\" \/>\n<meta property=\"og:site_name\" content=\"Patagonia Ambiental\" \/>\n<meta property=\"article:publisher\" content=\"https:\/\/www.facebook.com\/patagonia.ambiental\" \/>\n<meta property=\"article:author\" content=\"https:\/\/www.facebook.com\/share\/1C1V8Gv9BX\/?mibextid=qi2Omg\" \/>\n<meta property=\"article:published_time\" content=\"2017-09-29T12:00:14+00:00\" \/>\n<meta property=\"article:modified_time\" content=\"2017-09-29T12:39:51+00:00\" \/>\n<meta property=\"og:image\" content=\"https:\/\/patagoniambiental.com.ar\/info\/wp-content\/uploads\/2017\/09\/00030757.jpg\" \/>\n\t<meta property=\"og:image:width\" content=\"924\" \/>\n\t<meta property=\"og:image:height\" content=\"616\" \/>\n\t<meta property=\"og:image:type\" content=\"image\/jpeg\" \/>\n<meta name=\"author\" content=\"Patagonia Ambiental\" \/>\n<meta name=\"twitter:card\" content=\"summary_large_image\" \/>\n<meta name=\"twitter:creator\" content=\"@PatAmb\" \/>\n<meta name=\"twitter:site\" content=\"@PatAmb\" \/>\n<script type=\"application\/ld+json\" class=\"yoast-schema-graph\">{\"@context\":\"https:\\\/\\\/schema.org\",\"@graph\":[{\"@type\":\"Article\",\"@id\":\"https:\\\/\\\/patagoniambiental.com.ar\\\/info\\\/se-conecto-a-la-red-electrica-el-primer-usuario-que-genera-su-propia-energia\\\/#article\",\"isPartOf\":{\"@id\":\"https:\\\/\\\/patagoniambiental.com.ar\\\/info\\\/se-conecto-a-la-red-electrica-el-primer-usuario-que-genera-su-propia-energia\\\/\"},\"author\":{\"name\":\"Patagonia Ambiental\",\"@id\":\"https:\\\/\\\/patagoniambiental.com.ar\\\/info\\\/#\\\/schema\\\/person\\\/db12bff64bbcbf6a253710bf0ea37b5d\"},\"headline\":\"Se conect\u00f3 a la red el\u00e9ctrica el primer usuario que genera su propia energ\u00eda en Bariloche\",\"datePublished\":\"2017-09-29T12:00:14+00:00\",\"dateModified\":\"2017-09-29T12:39:51+00:00\",\"mainEntityOfPage\":{\"@id\":\"https:\\\/\\\/patagoniambiental.com.ar\\\/info\\\/se-conecto-a-la-red-electrica-el-primer-usuario-que-genera-su-propia-energia\\\/\"},\"wordCount\":528,\"commentCount\":0,\"publisher\":{\"@id\":\"https:\\\/\\\/patagoniambiental.com.ar\\\/info\\\/#organization\"},\"image\":{\"@id\":\"https:\\\/\\\/patagoniambiental.com.ar\\\/info\\\/se-conecto-a-la-red-electrica-el-primer-usuario-que-genera-su-propia-energia\\\/#primaryimage\"},\"thumbnailUrl\":\"https:\\\/\\\/patagoniambiental.com.ar\\\/info\\\/wp-content\\\/uploads\\\/2017\\\/09\\\/00030757.jpg\",\"articleSection\":[\"Noticias\",\"Provinciales\",\"R\u00edo Negro\"],\"inLanguage\":\"es\",\"potentialAction\":[{\"@type\":\"CommentAction\",\"name\":\"Comment\",\"target\":[\"https:\\\/\\\/patagoniambiental.com.ar\\\/info\\\/se-conecto-a-la-red-electrica-el-primer-usuario-que-genera-su-propia-energia\\\/#respond\"]}]},{\"@type\":\"WebPage\",\"@id\":\"https:\\\/\\\/patagoniambiental.com.ar\\\/info\\\/se-conecto-a-la-red-electrica-el-primer-usuario-que-genera-su-propia-energia\\\/\",\"url\":\"https:\\\/\\\/patagoniambiental.com.ar\\\/info\\\/se-conecto-a-la-red-electrica-el-primer-usuario-que-genera-su-propia-energia\\\/\",\"name\":\"Se conect\u00f3 a la red el\u00e9ctrica el primer usuario que genera su propia energ\u00eda en Bariloche\",\"isPartOf\":{\"@id\":\"https:\\\/\\\/patagoniambiental.com.ar\\\/info\\\/#website\"},\"primaryImageOfPage\":{\"@id\":\"https:\\\/\\\/patagoniambiental.com.ar\\\/info\\\/se-conecto-a-la-red-electrica-el-primer-usuario-que-genera-su-propia-energia\\\/#primaryimage\"},\"image\":{\"@id\":\"https:\\\/\\\/patagoniambiental.com.ar\\\/info\\\/se-conecto-a-la-red-electrica-el-primer-usuario-que-genera-su-propia-energia\\\/#primaryimage\"},\"thumbnailUrl\":\"https:\\\/\\\/patagoniambiental.com.ar\\\/info\\\/wp-content\\\/uploads\\\/2017\\\/09\\\/00030757.jpg\",\"datePublished\":\"2017-09-29T12:00:14+00:00\",\"dateModified\":\"2017-09-29T12:39:51+00:00\",\"breadcrumb\":{\"@id\":\"https:\\\/\\\/patagoniambiental.com.ar\\\/info\\\/se-conecto-a-la-red-electrica-el-primer-usuario-que-genera-su-propia-energia\\\/#breadcrumb\"},\"inLanguage\":\"es\",\"potentialAction\":[{\"@type\":\"ReadAction\",\"target\":[\"https:\\\/\\\/patagoniambiental.com.ar\\\/info\\\/se-conecto-a-la-red-electrica-el-primer-usuario-que-genera-su-propia-energia\\\/\"]}]},{\"@type\":\"ImageObject\",\"inLanguage\":\"es\",\"@id\":\"https:\\\/\\\/patagoniambiental.com.ar\\\/info\\\/se-conecto-a-la-red-electrica-el-primer-usuario-que-genera-su-propia-energia\\\/#primaryimage\",\"url\":\"https:\\\/\\\/patagoniambiental.com.ar\\\/info\\\/wp-content\\\/uploads\\\/2017\\\/09\\\/00030757.jpg\",\"contentUrl\":\"https:\\\/\\\/patagoniambiental.com.ar\\\/info\\\/wp-content\\\/uploads\\\/2017\\\/09\\\/00030757.jpg\",\"width\":900,\"height\":600},{\"@type\":\"BreadcrumbList\",\"@id\":\"https:\\\/\\\/patagoniambiental.com.ar\\\/info\\\/se-conecto-a-la-red-electrica-el-primer-usuario-que-genera-su-propia-energia\\\/#breadcrumb\",\"itemListElement\":[{\"@type\":\"ListItem\",\"position\":1,\"name\":\"Inicio\",\"item\":\"https:\\\/\\\/patagoniambiental.com.ar\\\/info\\\/\"},{\"@type\":\"ListItem\",\"position\":2,\"name\":\"Se conect\u00f3 a la red el\u00e9ctrica el primer usuario que genera su propia energ\u00eda en Bariloche\"}]},{\"@type\":\"WebSite\",\"@id\":\"https:\\\/\\\/patagoniambiental.com.ar\\\/info\\\/#website\",\"url\":\"https:\\\/\\\/patagoniambiental.com.ar\\\/info\\\/\",\"name\":\"Patagonia Ambiental\",\"description\":\"Monitoreo y an\u00e1lisis de la situaci\u00f3n geopol\u00edtica en el mundo y su implicancia en la Patagonia\",\"publisher\":{\"@id\":\"https:\\\/\\\/patagoniambiental.com.ar\\\/info\\\/#organization\"},\"potentialAction\":[{\"@type\":\"SearchAction\",\"target\":{\"@type\":\"EntryPoint\",\"urlTemplate\":\"https:\\\/\\\/patagoniambiental.com.ar\\\/info\\\/?s={search_term_string}\"},\"query-input\":{\"@type\":\"PropertyValueSpecification\",\"valueRequired\":true,\"valueName\":\"search_term_string\"}}],\"inLanguage\":\"es\"},{\"@type\":\"Organization\",\"@id\":\"https:\\\/\\\/patagoniambiental.com.ar\\\/info\\\/#organization\",\"name\":\"Patagonia Ambiental\",\"url\":\"https:\\\/\\\/patagoniambiental.com.ar\\\/info\\\/\",\"logo\":{\"@type\":\"ImageObject\",\"inLanguage\":\"es\",\"@id\":\"https:\\\/\\\/patagoniambiental.com.ar\\\/info\\\/#\\\/schema\\\/logo\\\/image\\\/\",\"url\":\"https:\\\/\\\/patagoniambiental.com.ar\\\/info\\\/wp-content\\\/uploads\\\/2025\\\/05\\\/LOGO-PATAGONIA-AMBIENTAL.png\",\"contentUrl\":\"https:\\\/\\\/patagoniambiental.com.ar\\\/info\\\/wp-content\\\/uploads\\\/2025\\\/05\\\/LOGO-PATAGONIA-AMBIENTAL.png\",\"width\":433,\"height\":250,\"caption\":\"Patagonia Ambiental\"},\"image\":{\"@id\":\"https:\\\/\\\/patagoniambiental.com.ar\\\/info\\\/#\\\/schema\\\/logo\\\/image\\\/\"},\"sameAs\":[\"https:\\\/\\\/www.facebook.com\\\/patagonia.ambiental\",\"https:\\\/\\\/x.com\\\/PatAmb\"]},{\"@type\":\"Person\",\"@id\":\"https:\\\/\\\/patagoniambiental.com.ar\\\/info\\\/#\\\/schema\\\/person\\\/db12bff64bbcbf6a253710bf0ea37b5d\",\"name\":\"Patagonia Ambiental\",\"description\":\"Andr\u00e9s Nievas T\u00e9cnico en manejo ambiental, consultor Ambiental y escritor para medios locales e internacionales sobre temas de geopolitica y medio ambiente.\",\"sameAs\":[\"http:\\\/\\\/www.patagoniambiental.com.ar\",\"https:\\\/\\\/www.facebook.com\\\/share\\\/1C1V8Gv9BX\\\/?mibextid=qi2Omg\",\"@patagoniambiental\",\"https:\\\/\\\/youtube.com\\\/@patagoniaambiental2023?si=BLt58t0wuXquxlYZ\"]}]}<\/script>\n<!-- \/ Yoast SEO Premium plugin. -->","yoast_head_json":{"title":"Se conect\u00f3 a la red el\u00e9ctrica el primer usuario que genera su propia energ\u00eda en Bariloche","robots":{"index":"index","follow":"follow","max-snippet":"max-snippet:-1","max-image-preview":"max-image-preview:large","max-video-preview":"max-video-preview:-1"},"canonical":"https:\/\/patagoniambiental.com.ar\/info\/se-conecto-a-la-red-electrica-el-primer-usuario-que-genera-su-propia-energia\/","og_locale":"es_ES","og_type":"article","og_title":"Se conect\u00f3 a la red el\u00e9ctrica el primer usuario que genera su propia energ\u00eda en Bariloche","og_description":"Bariloche.-Ayer qued\u00f3 conectado a la red de distribuci\u00f3n el\u00e9ctrica de la ciudad andina el primer usuario que ha adherido al [&hellip;]","og_url":"https:\/\/patagoniambiental.com.ar\/info\/se-conecto-a-la-red-electrica-el-primer-usuario-que-genera-su-propia-energia\/","og_site_name":"Patagonia Ambiental","article_publisher":"https:\/\/www.facebook.com\/patagonia.ambiental","article_author":"https:\/\/www.facebook.com\/share\/1C1V8Gv9BX\/?mibextid=qi2Omg","article_published_time":"2017-09-29T12:00:14+00:00","article_modified_time":"2017-09-29T12:39:51+00:00","og_image":[{"width":924,"height":616,"url":"https:\/\/patagoniambiental.com.ar\/info\/wp-content\/uploads\/2017\/09\/00030757.jpg","type":"image\/jpeg"}],"author":"Patagonia Ambiental","twitter_card":"summary_large_image","twitter_creator":"@PatAmb","twitter_site":"@PatAmb","schema":{"@context":"https:\/\/schema.org","@graph":[{"@type":"Article","@id":"https:\/\/patagoniambiental.com.ar\/info\/se-conecto-a-la-red-electrica-el-primer-usuario-que-genera-su-propia-energia\/#article","isPartOf":{"@id":"https:\/\/patagoniambiental.com.ar\/info\/se-conecto-a-la-red-electrica-el-primer-usuario-que-genera-su-propia-energia\/"},"author":{"name":"Patagonia Ambiental","@id":"https:\/\/patagoniambiental.com.ar\/info\/#\/schema\/person\/db12bff64bbcbf6a253710bf0ea37b5d"},"headline":"Se conect\u00f3 a la red el\u00e9ctrica el primer usuario que genera su propia energ\u00eda en Bariloche","datePublished":"2017-09-29T12:00:14+00:00","dateModified":"2017-09-29T12:39:51+00:00","mainEntityOfPage":{"@id":"https:\/\/patagoniambiental.com.ar\/info\/se-conecto-a-la-red-electrica-el-primer-usuario-que-genera-su-propia-energia\/"},"wordCount":528,"commentCount":0,"publisher":{"@id":"https:\/\/patagoniambiental.com.ar\/info\/#organization"},"image":{"@id":"https:\/\/patagoniambiental.com.ar\/info\/se-conecto-a-la-red-electrica-el-primer-usuario-que-genera-su-propia-energia\/#primaryimage"},"thumbnailUrl":"https:\/\/patagoniambiental.com.ar\/info\/wp-content\/uploads\/2017\/09\/00030757.jpg","articleSection":["Noticias","Provinciales","R\u00edo Negro"],"inLanguage":"es","potentialAction":[{"@type":"CommentAction","name":"Comment","target":["https:\/\/patagoniambiental.com.ar\/info\/se-conecto-a-la-red-electrica-el-primer-usuario-que-genera-su-propia-energia\/#respond"]}]},{"@type":"WebPage","@id":"https:\/\/patagoniambiental.com.ar\/info\/se-conecto-a-la-red-electrica-el-primer-usuario-que-genera-su-propia-energia\/","url":"https:\/\/patagoniambiental.com.ar\/info\/se-conecto-a-la-red-electrica-el-primer-usuario-que-genera-su-propia-energia\/","name":"Se conect\u00f3 a la red el\u00e9ctrica el primer usuario que genera su propia energ\u00eda en Bariloche","isPartOf":{"@id":"https:\/\/patagoniambiental.com.ar\/info\/#website"},"primaryImageOfPage":{"@id":"https:\/\/patagoniambiental.com.ar\/info\/se-conecto-a-la-red-electrica-el-primer-usuario-que-genera-su-propia-energia\/#primaryimage"},"image":{"@id":"https:\/\/patagoniambiental.com.ar\/info\/se-conecto-a-la-red-electrica-el-primer-usuario-que-genera-su-propia-energia\/#primaryimage"},"thumbnailUrl":"https:\/\/patagoniambiental.com.ar\/info\/wp-content\/uploads\/2017\/09\/00030757.jpg","datePublished":"2017-09-29T12:00:14+00:00","dateModified":"2017-09-29T12:39:51+00:00","breadcrumb":{"@id":"https:\/\/patagoniambiental.com.ar\/info\/se-conecto-a-la-red-electrica-el-primer-usuario-que-genera-su-propia-energia\/#breadcrumb"},"inLanguage":"es","potentialAction":[{"@type":"ReadAction","target":["https:\/\/patagoniambiental.com.ar\/info\/se-conecto-a-la-red-electrica-el-primer-usuario-que-genera-su-propia-energia\/"]}]},{"@type":"ImageObject","inLanguage":"es","@id":"https:\/\/patagoniambiental.com.ar\/info\/se-conecto-a-la-red-electrica-el-primer-usuario-que-genera-su-propia-energia\/#primaryimage","url":"https:\/\/patagoniambiental.com.ar\/info\/wp-content\/uploads\/2017\/09\/00030757.jpg","contentUrl":"https:\/\/patagoniambiental.com.ar\/info\/wp-content\/uploads\/2017\/09\/00030757.jpg","width":900,"height":600},{"@type":"BreadcrumbList","@id":"https:\/\/patagoniambiental.com.ar\/info\/se-conecto-a-la-red-electrica-el-primer-usuario-que-genera-su-propia-energia\/#breadcrumb","itemListElement":[{"@type":"ListItem","position":1,"name":"Inicio","item":"https:\/\/patagoniambiental.com.ar\/info\/"},{"@type":"ListItem","position":2,"name":"Se conect\u00f3 a la red el\u00e9ctrica el primer usuario que genera su propia energ\u00eda en Bariloche"}]},{"@type":"WebSite","@id":"https:\/\/patagoniambiental.com.ar\/info\/#website","url":"https:\/\/patagoniambiental.com.ar\/info\/","name":"Patagonia Ambiental","description":"Monitoreo y an\u00e1lisis de la situaci\u00f3n geopol\u00edtica en el mundo y su implicancia en la Patagonia","publisher":{"@id":"https:\/\/patagoniambiental.com.ar\/info\/#organization"},"potentialAction":[{"@type":"SearchAction","target":{"@type":"EntryPoint","urlTemplate":"https:\/\/patagoniambiental.com.ar\/info\/?s={search_term_string}"},"query-input":{"@type":"PropertyValueSpecification","valueRequired":true,"valueName":"search_term_string"}}],"inLanguage":"es"},{"@type":"Organization","@id":"https:\/\/patagoniambiental.com.ar\/info\/#organization","name":"Patagonia Ambiental","url":"https:\/\/patagoniambiental.com.ar\/info\/","logo":{"@type":"ImageObject","inLanguage":"es","@id":"https:\/\/patagoniambiental.com.ar\/info\/#\/schema\/logo\/image\/","url":"https:\/\/patagoniambiental.com.ar\/info\/wp-content\/uploads\/2025\/05\/LOGO-PATAGONIA-AMBIENTAL.png","contentUrl":"https:\/\/patagoniambiental.com.ar\/info\/wp-content\/uploads\/2025\/05\/LOGO-PATAGONIA-AMBIENTAL.png","width":433,"height":250,"caption":"Patagonia Ambiental"},"image":{"@id":"https:\/\/patagoniambiental.com.ar\/info\/#\/schema\/logo\/image\/"},"sameAs":["https:\/\/www.facebook.com\/patagonia.ambiental","https:\/\/x.com\/PatAmb"]},{"@type":"Person","@id":"https:\/\/patagoniambiental.com.ar\/info\/#\/schema\/person\/db12bff64bbcbf6a253710bf0ea37b5d","name":"Patagonia Ambiental","description":"Andr\u00e9s Nievas T\u00e9cnico en manejo ambiental, consultor Ambiental y escritor para medios locales e internacionales sobre temas de geopolitica y medio ambiente.","sameAs":["http:\/\/www.patagoniambiental.com.ar","https:\/\/www.facebook.com\/share\/1C1V8Gv9BX\/?mibextid=qi2Omg","@patagoniambiental","https:\/\/youtube.com\/@patagoniaambiental2023?si=BLt58t0wuXquxlYZ"]}]}},"_links":{"self":[{"href":"https:\/\/patagoniambiental.com.ar\/info\/wp-json\/wp\/v2\/posts\/35656","targetHints":{"allow":["GET"]}}],"collection":[{"href":"https:\/\/patagoniambiental.com.ar\/info\/wp-json\/wp\/v2\/posts"}],"about":[{"href":"https:\/\/patagoniambiental.com.ar\/info\/wp-json\/wp\/v2\/types\/post"}],"author":[{"embeddable":true,"href":"https:\/\/patagoniambiental.com.ar\/info\/wp-json\/wp\/v2\/users\/2"}],"replies":[{"embeddable":true,"href":"https:\/\/patagoniambiental.com.ar\/info\/wp-json\/wp\/v2\/comments?post=35656"}],"version-history":[{"count":0,"href":"https:\/\/patagoniambiental.com.ar\/info\/wp-json\/wp\/v2\/posts\/35656\/revisions"}],"wp:featuredmedia":[{"embeddable":true,"href":"https:\/\/patagoniambiental.com.ar\/info\/wp-json\/wp\/v2\/media\/35657"}],"wp:attachment":[{"href":"https:\/\/patagoniambiental.com.ar\/info\/wp-json\/wp\/v2\/media?parent=35656"}],"wp:term":[{"taxonomy":"category","embeddable":true,"href":"https:\/\/patagoniambiental.com.ar\/info\/wp-json\/wp\/v2\/categories?post=35656"},{"taxonomy":"post_tag","embeddable":true,"href":"https:\/\/patagoniambiental.com.ar\/info\/wp-json\/wp\/v2\/tags?post=35656"}],"curies":[{"name":"wp","href":"https:\/\/api.w.org\/{rel}","templated":true}]}}