{"id":35666,"date":"2017-09-29T19:00:31","date_gmt":"2017-09-29T22:00:31","guid":{"rendered":"http:\/\/patagoniambiental.com.ar\/info\/?p=35666"},"modified":"2017-09-29T09:57:15","modified_gmt":"2017-09-29T12:57:15","slug":"fauna-silvestre-comenzo-el-encierre-esquila-y-liberacion-de-guanacos-silvestres","status":"publish","type":"post","link":"https:\/\/patagoniambiental.com.ar\/info\/fauna-silvestre-comenzo-el-encierre-esquila-y-liberacion-de-guanacos-silvestres\/","title":{"rendered":"Fauna Silvestre  Comenz\u00f3 el encierre, esquila y liberaci\u00f3n de guanacos silvestres"},"content":{"rendered":"<p class=\"x_MsoNormal\"><i>Bajo el Zonzo.-La actividad se llev\u00f3 adelante en el marco del \u201cPrograma Provincial del Uso Sustentable del Guanaco\u201d.<\/i><!--more--><\/p>\n<p class=\"x_MsoNormal\">\n<p class=\"x_MsoNormal\">Personal del \u00e1rea t\u00e9cnica de la Direcci\u00f3n de Fauna Silvestre de la Provincia particip\u00f3 y acompa\u00f1\u00f3 el proceso con el objetivo de fiscalizar el encierre y la esquila que se llevaron a cabo en las instalaciones del emprendimiento ubicado en el \u201cBajo el Zonzo\u201d,\u00a0\u00a0en inmediaciones de la laguna El Tunal en la Meseta de Somuncur\u00e1.<\/p>\n<p class=\"x_MsoNormal\">El trabajo tambi\u00e9n const\u00f3 de charlas sobre bienestar animal, maniobras permitidas en el manejo de guanacos y todo lo inherente al Plan Nacional de Manejo de la especie.<\/p>\n<p class=\"x_MsoNormal\">De acuerdo a los datos relevados, fueron encerrados y esquilados 100 ejemplares, resaltando como dato importante el ingreso en el arreo de dos ejemplares que hab\u00edan sido carabaneados en la temporada de esquila de 2007. Tambi\u00e9n se destac\u00f3 que la totalidad de los ejemplares encerrados se encontraban embretados, y no hubo animales lesionados, ya que las maniobras se realizaron en forma correcta.<\/p>\n<p class=\"x_MsoNormal\">A trav\u00e9s de este programa se busca valorizar la actividad econ\u00f3mica, social y ambientalmente sustentable, promoviendo de esta manera el cambio de percepci\u00f3n de un problema en alternativa, dando herramientas para la generaci\u00f3n de pol\u00edticas p\u00fablicas respecto del manejo y preservaci\u00f3n de la fauna.<\/p>\n<p class=\"x_MsoNormal\">En la provincia las experiencias de encierre, esquila y liberaci\u00f3n de guanacos silvestres comenz\u00f3 aproximadamente en el 2003 por parte de emprendimientos privados.<\/p>\n<p><b><span lang=\"ES-AR\">Fuente: GOBIERNO DE R\u00cdO NEGRO<\/span><\/b><\/p>\n","protected":false},"excerpt":{"rendered":"<p>Bajo el Zonzo.-La actividad se llev\u00f3 adelante en el marco del \u201cPrograma Provincial del Uso Sustentable del Guanaco\u201d.<\/p>\n","protected":false},"author":2,"featured_media":35667,"comment_status":"open","ping_status":"open","sticky":false,"template":"","format":"standard","meta":{"site-sidebar-layout":"default","site-content-layout":"","ast-site-content-layout":"default","site-content-style":"default","site-sidebar-style":"default","ast-global-header-display":"","ast-banner-title-visibility":"","ast-main-header-display":"","ast-hfb-above-header-display":"","ast-hfb-below-header-display":"","ast-hfb-mobile-header-display":"","site-post-title":"","ast-breadcrumbs-content":"","ast-featured-img":"","footer-sml-layout":"","ast-disable-related-posts":"","theme-transparent-header-meta":"","adv-header-id-meta":"","stick-header-meta":"","header-above-stick-meta":"","header-main-stick-meta":"","header-below-stick-meta":"","astra-migrate-meta-layouts":"default","ast-page-background-enabled":"default","ast-page-background-meta":{"desktop":{"background-color":"var(--ast-global-color-5)","background-image":"","background-repeat":"repeat","background-position":"center center","background-size":"auto","background-attachment":"scroll","background-type":"","background-media":"","overlay-type":"","overlay-color":"","overlay-opacity":"","overlay-gradient":""},"tablet":{"background-color":"","background-image":"","background-repeat":"repeat","background-position":"center center","background-size":"auto","background-attachment":"scroll","background-type":"","background-media":"","overlay-type":"","overlay-color":"","overlay-opacity":"","overlay-gradient":""},"mobile":{"background-color":"","background-image":"","background-repeat":"repeat","background-position":"center center","background-size":"auto","background-attachment":"scroll","background-type":"","background-media":"","overlay-type":"","overlay-color":"","overlay-opacity":"","overlay-gradient":""}},"ast-content-background-meta":{"desktop":{"background-color":"var(--ast-global-color-4)","background-image":"","background-repeat":"repeat","background-position":"center center","background-size":"auto","background-attachment":"scroll","background-type":"","background-media":"","overlay-type":"","overlay-color":"","overlay-opacity":"","overlay-gradient":""},"tablet":{"background-color":"var(--ast-global-color-4)","background-image":"","background-repeat":"repeat","background-position":"center center","background-size":"auto","background-attachment":"scroll","background-type":"","background-media":"","overlay-type":"","overlay-color":"","overlay-opacity":"","overlay-gradient":""},"mobile":{"background-color":"var(--ast-global-color-4)","background-image":"","background-repeat":"repeat","background-position":"center center","background-size":"auto","background-attachment":"scroll","background-type":"","background-media":"","overlay-type":"","overlay-color":"","overlay-opacity":"","overlay-gradient":""}},"footnotes":""},"categories":[1,13,14],"tags":[],"class_list":["post-35666","post","type-post","status-publish","format-standard","has-post-thumbnail","hentry","category-noticias","category-provinciales","category-rio-negro"],"yoast_head":"<!-- This site is optimized with the Yoast SEO Premium plugin v23.0 (Yoast SEO v27.5) - https:\/\/yoast.com\/product\/yoast-seo-premium-wordpress\/ -->\n<title>Fauna Silvestre Comenz\u00f3 el encierre, esquila y liberaci\u00f3n de guanacos silvestres<\/title>\n<meta name=\"robots\" content=\"index, follow, max-snippet:-1, max-image-preview:large, max-video-preview:-1\" \/>\n<link rel=\"canonical\" href=\"https:\/\/patagoniambiental.com.ar\/info\/fauna-silvestre-comenzo-el-encierre-esquila-y-liberacion-de-guanacos-silvestres\/\" \/>\n<meta property=\"og:locale\" content=\"es_ES\" \/>\n<meta property=\"og:type\" content=\"article\" \/>\n<meta property=\"og:title\" content=\"Fauna Silvestre Comenz\u00f3 el encierre, esquila y liberaci\u00f3n de guanacos silvestres\" \/>\n<meta property=\"og:description\" content=\"Bajo el Zonzo.-La actividad se llev\u00f3 adelante en el marco del \u201cPrograma Provincial del Uso Sustentable del Guanaco\u201d.\" \/>\n<meta property=\"og:url\" content=\"https:\/\/patagoniambiental.com.ar\/info\/fauna-silvestre-comenzo-el-encierre-esquila-y-liberacion-de-guanacos-silvestres\/\" \/>\n<meta property=\"og:site_name\" content=\"Patagonia Ambiental\" \/>\n<meta property=\"article:publisher\" content=\"https:\/\/www.facebook.com\/patagonia.ambiental\" \/>\n<meta property=\"article:author\" content=\"https:\/\/www.facebook.com\/share\/1C1V8Gv9BX\/?mibextid=qi2Omg\" \/>\n<meta property=\"article:published_time\" content=\"2017-09-29T22:00:31+00:00\" \/>\n<meta property=\"og:image\" content=\"https:\/\/patagoniambiental.com.ar\/info\/wp-content\/uploads\/2017\/09\/00030749.jpg\" \/>\n\t<meta property=\"og:image:width\" content=\"924\" \/>\n\t<meta property=\"og:image:height\" content=\"616\" \/>\n\t<meta property=\"og:image:type\" content=\"image\/jpeg\" \/>\n<meta name=\"author\" content=\"Patagonia Ambiental\" \/>\n<meta name=\"twitter:card\" content=\"summary_large_image\" \/>\n<meta name=\"twitter:creator\" content=\"@PatAmb\" \/>\n<meta name=\"twitter:site\" content=\"@PatAmb\" \/>\n<script type=\"application\/ld+json\" class=\"yoast-schema-graph\">{\"@context\":\"https:\\\/\\\/schema.org\",\"@graph\":[{\"@type\":\"Article\",\"@id\":\"https:\\\/\\\/patagoniambiental.com.ar\\\/info\\\/fauna-silvestre-comenzo-el-encierre-esquila-y-liberacion-de-guanacos-silvestres\\\/#article\",\"isPartOf\":{\"@id\":\"https:\\\/\\\/patagoniambiental.com.ar\\\/info\\\/fauna-silvestre-comenzo-el-encierre-esquila-y-liberacion-de-guanacos-silvestres\\\/\"},\"author\":{\"name\":\"Patagonia Ambiental\",\"@id\":\"https:\\\/\\\/patagoniambiental.com.ar\\\/info\\\/#\\\/schema\\\/person\\\/db12bff64bbcbf6a253710bf0ea37b5d\"},\"headline\":\"Fauna Silvestre Comenz\u00f3 el encierre, esquila y liberaci\u00f3n de guanacos silvestres\",\"datePublished\":\"2017-09-29T22:00:31+00:00\",\"mainEntityOfPage\":{\"@id\":\"https:\\\/\\\/patagoniambiental.com.ar\\\/info\\\/fauna-silvestre-comenzo-el-encierre-esquila-y-liberacion-de-guanacos-silvestres\\\/\"},\"wordCount\":260,\"commentCount\":0,\"publisher\":{\"@id\":\"https:\\\/\\\/patagoniambiental.com.ar\\\/info\\\/#organization\"},\"image\":{\"@id\":\"https:\\\/\\\/patagoniambiental.com.ar\\\/info\\\/fauna-silvestre-comenzo-el-encierre-esquila-y-liberacion-de-guanacos-silvestres\\\/#primaryimage\"},\"thumbnailUrl\":\"https:\\\/\\\/patagoniambiental.com.ar\\\/info\\\/wp-content\\\/uploads\\\/2017\\\/09\\\/00030749.jpg\",\"articleSection\":[\"Noticias\",\"Provinciales\",\"R\u00edo Negro\"],\"inLanguage\":\"es\",\"potentialAction\":[{\"@type\":\"CommentAction\",\"name\":\"Comment\",\"target\":[\"https:\\\/\\\/patagoniambiental.com.ar\\\/info\\\/fauna-silvestre-comenzo-el-encierre-esquila-y-liberacion-de-guanacos-silvestres\\\/#respond\"]}]},{\"@type\":\"WebPage\",\"@id\":\"https:\\\/\\\/patagoniambiental.com.ar\\\/info\\\/fauna-silvestre-comenzo-el-encierre-esquila-y-liberacion-de-guanacos-silvestres\\\/\",\"url\":\"https:\\\/\\\/patagoniambiental.com.ar\\\/info\\\/fauna-silvestre-comenzo-el-encierre-esquila-y-liberacion-de-guanacos-silvestres\\\/\",\"name\":\"Fauna Silvestre Comenz\u00f3 el encierre, esquila y liberaci\u00f3n de guanacos silvestres\",\"isPartOf\":{\"@id\":\"https:\\\/\\\/patagoniambiental.com.ar\\\/info\\\/#website\"},\"primaryImageOfPage\":{\"@id\":\"https:\\\/\\\/patagoniambiental.com.ar\\\/info\\\/fauna-silvestre-comenzo-el-encierre-esquila-y-liberacion-de-guanacos-silvestres\\\/#primaryimage\"},\"image\":{\"@id\":\"https:\\\/\\\/patagoniambiental.com.ar\\\/info\\\/fauna-silvestre-comenzo-el-encierre-esquila-y-liberacion-de-guanacos-silvestres\\\/#primaryimage\"},\"thumbnailUrl\":\"https:\\\/\\\/patagoniambiental.com.ar\\\/info\\\/wp-content\\\/uploads\\\/2017\\\/09\\\/00030749.jpg\",\"datePublished\":\"2017-09-29T22:00:31+00:00\",\"breadcrumb\":{\"@id\":\"https:\\\/\\\/patagoniambiental.com.ar\\\/info\\\/fauna-silvestre-comenzo-el-encierre-esquila-y-liberacion-de-guanacos-silvestres\\\/#breadcrumb\"},\"inLanguage\":\"es\",\"potentialAction\":[{\"@type\":\"ReadAction\",\"target\":[\"https:\\\/\\\/patagoniambiental.com.ar\\\/info\\\/fauna-silvestre-comenzo-el-encierre-esquila-y-liberacion-de-guanacos-silvestres\\\/\"]}]},{\"@type\":\"ImageObject\",\"inLanguage\":\"es\",\"@id\":\"https:\\\/\\\/patagoniambiental.com.ar\\\/info\\\/fauna-silvestre-comenzo-el-encierre-esquila-y-liberacion-de-guanacos-silvestres\\\/#primaryimage\",\"url\":\"https:\\\/\\\/patagoniambiental.com.ar\\\/info\\\/wp-content\\\/uploads\\\/2017\\\/09\\\/00030749.jpg\",\"contentUrl\":\"https:\\\/\\\/patagoniambiental.com.ar\\\/info\\\/wp-content\\\/uploads\\\/2017\\\/09\\\/00030749.jpg\",\"width\":900,\"height\":600},{\"@type\":\"BreadcrumbList\",\"@id\":\"https:\\\/\\\/patagoniambiental.com.ar\\\/info\\\/fauna-silvestre-comenzo-el-encierre-esquila-y-liberacion-de-guanacos-silvestres\\\/#breadcrumb\",\"itemListElement\":[{\"@type\":\"ListItem\",\"position\":1,\"name\":\"Inicio\",\"item\":\"https:\\\/\\\/patagoniambiental.com.ar\\\/info\\\/\"},{\"@type\":\"ListItem\",\"position\":2,\"name\":\"Fauna Silvestre Comenz\u00f3 el encierre, esquila y liberaci\u00f3n de guanacos silvestres\"}]},{\"@type\":\"WebSite\",\"@id\":\"https:\\\/\\\/patagoniambiental.com.ar\\\/info\\\/#website\",\"url\":\"https:\\\/\\\/patagoniambiental.com.ar\\\/info\\\/\",\"name\":\"Patagonia Ambiental\",\"description\":\"Monitoreo y an\u00e1lisis de la situaci\u00f3n geopol\u00edtica en el mundo y su implicancia en la Patagonia\",\"publisher\":{\"@id\":\"https:\\\/\\\/patagoniambiental.com.ar\\\/info\\\/#organization\"},\"potentialAction\":[{\"@type\":\"SearchAction\",\"target\":{\"@type\":\"EntryPoint\",\"urlTemplate\":\"https:\\\/\\\/patagoniambiental.com.ar\\\/info\\\/?s={search_term_string}\"},\"query-input\":{\"@type\":\"PropertyValueSpecification\",\"valueRequired\":true,\"valueName\":\"search_term_string\"}}],\"inLanguage\":\"es\"},{\"@type\":\"Organization\",\"@id\":\"https:\\\/\\\/patagoniambiental.com.ar\\\/info\\\/#organization\",\"name\":\"Patagonia Ambiental\",\"url\":\"https:\\\/\\\/patagoniambiental.com.ar\\\/info\\\/\",\"logo\":{\"@type\":\"ImageObject\",\"inLanguage\":\"es\",\"@id\":\"https:\\\/\\\/patagoniambiental.com.ar\\\/info\\\/#\\\/schema\\\/logo\\\/image\\\/\",\"url\":\"https:\\\/\\\/patagoniambiental.com.ar\\\/info\\\/wp-content\\\/uploads\\\/2025\\\/05\\\/LOGO-PATAGONIA-AMBIENTAL.png\",\"contentUrl\":\"https:\\\/\\\/patagoniambiental.com.ar\\\/info\\\/wp-content\\\/uploads\\\/2025\\\/05\\\/LOGO-PATAGONIA-AMBIENTAL.png\",\"width\":433,\"height\":250,\"caption\":\"Patagonia Ambiental\"},\"image\":{\"@id\":\"https:\\\/\\\/patagoniambiental.com.ar\\\/info\\\/#\\\/schema\\\/logo\\\/image\\\/\"},\"sameAs\":[\"https:\\\/\\\/www.facebook.com\\\/patagonia.ambiental\",\"https:\\\/\\\/x.com\\\/PatAmb\"]},{\"@type\":\"Person\",\"@id\":\"https:\\\/\\\/patagoniambiental.com.ar\\\/info\\\/#\\\/schema\\\/person\\\/db12bff64bbcbf6a253710bf0ea37b5d\",\"name\":\"Patagonia Ambiental\",\"description\":\"Andr\u00e9s Nievas T\u00e9cnico en manejo ambiental, consultor Ambiental y escritor para medios locales e internacionales sobre temas de geopolitica y medio ambiente.\",\"sameAs\":[\"http:\\\/\\\/www.patagoniambiental.com.ar\",\"https:\\\/\\\/www.facebook.com\\\/share\\\/1C1V8Gv9BX\\\/?mibextid=qi2Omg\",\"@patagoniambiental\",\"https:\\\/\\\/youtube.com\\\/@patagoniaambiental2023?si=BLt58t0wuXquxlYZ\"]}]}<\/script>\n<!-- \/ Yoast SEO Premium plugin. -->","yoast_head_json":{"title":"Fauna Silvestre Comenz\u00f3 el encierre, esquila y liberaci\u00f3n de guanacos silvestres","robots":{"index":"index","follow":"follow","max-snippet":"max-snippet:-1","max-image-preview":"max-image-preview:large","max-video-preview":"max-video-preview:-1"},"canonical":"https:\/\/patagoniambiental.com.ar\/info\/fauna-silvestre-comenzo-el-encierre-esquila-y-liberacion-de-guanacos-silvestres\/","og_locale":"es_ES","og_type":"article","og_title":"Fauna Silvestre Comenz\u00f3 el encierre, esquila y liberaci\u00f3n de guanacos silvestres","og_description":"Bajo el Zonzo.-La actividad se llev\u00f3 adelante en el marco del \u201cPrograma Provincial del Uso Sustentable del Guanaco\u201d.","og_url":"https:\/\/patagoniambiental.com.ar\/info\/fauna-silvestre-comenzo-el-encierre-esquila-y-liberacion-de-guanacos-silvestres\/","og_site_name":"Patagonia Ambiental","article_publisher":"https:\/\/www.facebook.com\/patagonia.ambiental","article_author":"https:\/\/www.facebook.com\/share\/1C1V8Gv9BX\/?mibextid=qi2Omg","article_published_time":"2017-09-29T22:00:31+00:00","og_image":[{"width":924,"height":616,"url":"https:\/\/patagoniambiental.com.ar\/info\/wp-content\/uploads\/2017\/09\/00030749.jpg","type":"image\/jpeg"}],"author":"Patagonia Ambiental","twitter_card":"summary_large_image","twitter_creator":"@PatAmb","twitter_site":"@PatAmb","schema":{"@context":"https:\/\/schema.org","@graph":[{"@type":"Article","@id":"https:\/\/patagoniambiental.com.ar\/info\/fauna-silvestre-comenzo-el-encierre-esquila-y-liberacion-de-guanacos-silvestres\/#article","isPartOf":{"@id":"https:\/\/patagoniambiental.com.ar\/info\/fauna-silvestre-comenzo-el-encierre-esquila-y-liberacion-de-guanacos-silvestres\/"},"author":{"name":"Patagonia Ambiental","@id":"https:\/\/patagoniambiental.com.ar\/info\/#\/schema\/person\/db12bff64bbcbf6a253710bf0ea37b5d"},"headline":"Fauna Silvestre Comenz\u00f3 el encierre, esquila y liberaci\u00f3n de guanacos silvestres","datePublished":"2017-09-29T22:00:31+00:00","mainEntityOfPage":{"@id":"https:\/\/patagoniambiental.com.ar\/info\/fauna-silvestre-comenzo-el-encierre-esquila-y-liberacion-de-guanacos-silvestres\/"},"wordCount":260,"commentCount":0,"publisher":{"@id":"https:\/\/patagoniambiental.com.ar\/info\/#organization"},"image":{"@id":"https:\/\/patagoniambiental.com.ar\/info\/fauna-silvestre-comenzo-el-encierre-esquila-y-liberacion-de-guanacos-silvestres\/#primaryimage"},"thumbnailUrl":"https:\/\/patagoniambiental.com.ar\/info\/wp-content\/uploads\/2017\/09\/00030749.jpg","articleSection":["Noticias","Provinciales","R\u00edo Negro"],"inLanguage":"es","potentialAction":[{"@type":"CommentAction","name":"Comment","target":["https:\/\/patagoniambiental.com.ar\/info\/fauna-silvestre-comenzo-el-encierre-esquila-y-liberacion-de-guanacos-silvestres\/#respond"]}]},{"@type":"WebPage","@id":"https:\/\/patagoniambiental.com.ar\/info\/fauna-silvestre-comenzo-el-encierre-esquila-y-liberacion-de-guanacos-silvestres\/","url":"https:\/\/patagoniambiental.com.ar\/info\/fauna-silvestre-comenzo-el-encierre-esquila-y-liberacion-de-guanacos-silvestres\/","name":"Fauna Silvestre Comenz\u00f3 el encierre, esquila y liberaci\u00f3n de guanacos silvestres","isPartOf":{"@id":"https:\/\/patagoniambiental.com.ar\/info\/#website"},"primaryImageOfPage":{"@id":"https:\/\/patagoniambiental.com.ar\/info\/fauna-silvestre-comenzo-el-encierre-esquila-y-liberacion-de-guanacos-silvestres\/#primaryimage"},"image":{"@id":"https:\/\/patagoniambiental.com.ar\/info\/fauna-silvestre-comenzo-el-encierre-esquila-y-liberacion-de-guanacos-silvestres\/#primaryimage"},"thumbnailUrl":"https:\/\/patagoniambiental.com.ar\/info\/wp-content\/uploads\/2017\/09\/00030749.jpg","datePublished":"2017-09-29T22:00:31+00:00","breadcrumb":{"@id":"https:\/\/patagoniambiental.com.ar\/info\/fauna-silvestre-comenzo-el-encierre-esquila-y-liberacion-de-guanacos-silvestres\/#breadcrumb"},"inLanguage":"es","potentialAction":[{"@type":"ReadAction","target":["https:\/\/patagoniambiental.com.ar\/info\/fauna-silvestre-comenzo-el-encierre-esquila-y-liberacion-de-guanacos-silvestres\/"]}]},{"@type":"ImageObject","inLanguage":"es","@id":"https:\/\/patagoniambiental.com.ar\/info\/fauna-silvestre-comenzo-el-encierre-esquila-y-liberacion-de-guanacos-silvestres\/#primaryimage","url":"https:\/\/patagoniambiental.com.ar\/info\/wp-content\/uploads\/2017\/09\/00030749.jpg","contentUrl":"https:\/\/patagoniambiental.com.ar\/info\/wp-content\/uploads\/2017\/09\/00030749.jpg","width":900,"height":600},{"@type":"BreadcrumbList","@id":"https:\/\/patagoniambiental.com.ar\/info\/fauna-silvestre-comenzo-el-encierre-esquila-y-liberacion-de-guanacos-silvestres\/#breadcrumb","itemListElement":[{"@type":"ListItem","position":1,"name":"Inicio","item":"https:\/\/patagoniambiental.com.ar\/info\/"},{"@type":"ListItem","position":2,"name":"Fauna Silvestre Comenz\u00f3 el encierre, esquila y liberaci\u00f3n de guanacos silvestres"}]},{"@type":"WebSite","@id":"https:\/\/patagoniambiental.com.ar\/info\/#website","url":"https:\/\/patagoniambiental.com.ar\/info\/","name":"Patagonia Ambiental","description":"Monitoreo y an\u00e1lisis de la situaci\u00f3n geopol\u00edtica en el mundo y su implicancia en la Patagonia","publisher":{"@id":"https:\/\/patagoniambiental.com.ar\/info\/#organization"},"potentialAction":[{"@type":"SearchAction","target":{"@type":"EntryPoint","urlTemplate":"https:\/\/patagoniambiental.com.ar\/info\/?s={search_term_string}"},"query-input":{"@type":"PropertyValueSpecification","valueRequired":true,"valueName":"search_term_string"}}],"inLanguage":"es"},{"@type":"Organization","@id":"https:\/\/patagoniambiental.com.ar\/info\/#organization","name":"Patagonia Ambiental","url":"https:\/\/patagoniambiental.com.ar\/info\/","logo":{"@type":"ImageObject","inLanguage":"es","@id":"https:\/\/patagoniambiental.com.ar\/info\/#\/schema\/logo\/image\/","url":"https:\/\/patagoniambiental.com.ar\/info\/wp-content\/uploads\/2025\/05\/LOGO-PATAGONIA-AMBIENTAL.png","contentUrl":"https:\/\/patagoniambiental.com.ar\/info\/wp-content\/uploads\/2025\/05\/LOGO-PATAGONIA-AMBIENTAL.png","width":433,"height":250,"caption":"Patagonia Ambiental"},"image":{"@id":"https:\/\/patagoniambiental.com.ar\/info\/#\/schema\/logo\/image\/"},"sameAs":["https:\/\/www.facebook.com\/patagonia.ambiental","https:\/\/x.com\/PatAmb"]},{"@type":"Person","@id":"https:\/\/patagoniambiental.com.ar\/info\/#\/schema\/person\/db12bff64bbcbf6a253710bf0ea37b5d","name":"Patagonia Ambiental","description":"Andr\u00e9s Nievas T\u00e9cnico en manejo ambiental, consultor Ambiental y escritor para medios locales e internacionales sobre temas de geopolitica y medio ambiente.","sameAs":["http:\/\/www.patagoniambiental.com.ar","https:\/\/www.facebook.com\/share\/1C1V8Gv9BX\/?mibextid=qi2Omg","@patagoniambiental","https:\/\/youtube.com\/@patagoniaambiental2023?si=BLt58t0wuXquxlYZ"]}]}},"_links":{"self":[{"href":"https:\/\/patagoniambiental.com.ar\/info\/wp-json\/wp\/v2\/posts\/35666","targetHints":{"allow":["GET"]}}],"collection":[{"href":"https:\/\/patagoniambiental.com.ar\/info\/wp-json\/wp\/v2\/posts"}],"about":[{"href":"https:\/\/patagoniambiental.com.ar\/info\/wp-json\/wp\/v2\/types\/post"}],"author":[{"embeddable":true,"href":"https:\/\/patagoniambiental.com.ar\/info\/wp-json\/wp\/v2\/users\/2"}],"replies":[{"embeddable":true,"href":"https:\/\/patagoniambiental.com.ar\/info\/wp-json\/wp\/v2\/comments?post=35666"}],"version-history":[{"count":0,"href":"https:\/\/patagoniambiental.com.ar\/info\/wp-json\/wp\/v2\/posts\/35666\/revisions"}],"wp:featuredmedia":[{"embeddable":true,"href":"https:\/\/patagoniambiental.com.ar\/info\/wp-json\/wp\/v2\/media\/35667"}],"wp:attachment":[{"href":"https:\/\/patagoniambiental.com.ar\/info\/wp-json\/wp\/v2\/media?parent=35666"}],"wp:term":[{"taxonomy":"category","embeddable":true,"href":"https:\/\/patagoniambiental.com.ar\/info\/wp-json\/wp\/v2\/categories?post=35666"},{"taxonomy":"post_tag","embeddable":true,"href":"https:\/\/patagoniambiental.com.ar\/info\/wp-json\/wp\/v2\/tags?post=35666"}],"curies":[{"name":"wp","href":"https:\/\/api.w.org\/{rel}","templated":true}]}}