{"id":35669,"date":"2017-09-29T19:00:38","date_gmt":"2017-09-29T22:00:38","guid":{"rendered":"http:\/\/patagoniambiental.com.ar\/info\/?p=35669"},"modified":"2017-09-29T10:04:28","modified_gmt":"2017-09-29T13:04:28","slug":"se-agrieta-la-antartida-y-se-desprende-un-nuevo-iceberg-gigante","status":"publish","type":"post","link":"https:\/\/patagoniambiental.com.ar\/info\/se-agrieta-la-antartida-y-se-desprende-un-nuevo-iceberg-gigante\/","title":{"rendered":"Se agrieta la Ant\u00e1rtida y se desprende un nuevo iceberg gigante"},"content":{"rendered":"<div class=\"row alternative-font\">\n<div id=\"header\" class=\"col-sm-12 bottom-space-default\">\n<p class=\"article-deck\">Ant\u00e1rtida.-As\u00ed lo devel\u00f3 la NASA con una serie de im\u00e1genes. La grieta se aloja en el glaciar de Isla Pine, en la Ant\u00e1rtida. Mide 185 kil\u00f3metros cuadrados.<\/p>\n<p><!--more--><\/p>\n<\/div>\n<\/div>\n<div class=\"row\">\n<div class=\"col-md-8\">\n<div class=\"article-content\">\n<div class=\"toolbar clearfix navbar-color\"><\/div>\n<div class=\"bottom-space-default\">\n<div class=\"bx-wrapper\">\n<div class=\"bx-viewport\" aria-live=\"polite\">\n<ul id=\"multimedia\" class=\"bxslider\">\n<li class=\"bx-clone\" aria-hidden=\"true\">\n<div class=\"multimedia\">\n<div class=\"multimedia-crop  multimedia-wrapper\">\n<div class=\"multimedia-frame\"><iframe src=\"https:\/\/www.youtube.com\/embed\/ctd8e9pbphY?feature=oembed\" width=\"480\" height=\"270\" frameborder=\"0\" allowfullscreen=\"allowfullscreen\" data-mce-fragment=\"1\"><\/iframe><\/div>\n<\/div>\n<\/div>\n<div class=\"multiple-lines two-lines main-background-color\">Un nuevo iceberg gigante se desprende de la Ant\u00e1rtida<\/div>\n<\/li>\n<li aria-hidden=\"false\">\n<div class=\"multimedia\">\n<div class=\"multimedia-crop  multimedia-wrapper\">\n<div class=\"multimedia-frame\"><iframe src=\"https:\/\/www.youtube.com\/embed\/RVLwaKKO2X8?feature=oembed\" width=\"480\" height=\"270\" frameborder=\"0\" allowfullscreen=\"allowfullscreen\" data-mce-fragment=\"1\"><\/iframe><\/div>\n<\/div>\n<\/div>\n<div class=\"multiple-lines two-lines main-background-color\">ENORME ICEBERG SE DESPRENDE NA ANT\u00c1RTIDA<\/div>\n<\/li>\n<li aria-hidden=\"true\">\n<div class=\"multimedia\">\n<div class=\"multimedia-crop  multimedia-wrapper\">\n<div class=\"multimedia-frame\"><iframe src=\"https:\/\/www.youtube.com\/embed\/ctd8e9pbphY?feature=oembed\" width=\"480\" height=\"270\" frameborder=\"0\" allowfullscreen=\"allowfullscreen\" data-mce-fragment=\"1\"><\/iframe><\/div>\n<\/div>\n<\/div>\n<div class=\"multiple-lines two-lines main-background-color\">Un nuevo iceberg gigante se desprende de la Ant\u00e1rtida<\/div>\n<\/li>\n<li class=\"bx-clone\" aria-hidden=\"true\">\n<div class=\"multimedia\">\n<div class=\"multimedia-crop  multimedia-wrapper\">\n<div class=\"multimedia-frame\"><iframe src=\"https:\/\/www.youtube.com\/embed\/RVLwaKKO2X8?feature=oembed\" width=\"480\" height=\"270\" frameborder=\"0\" allowfullscreen=\"allowfullscreen\" data-mce-fragment=\"1\"><\/iframe><\/div>\n<\/div>\n<\/div>\n<div class=\"multiple-lines two-lines main-background-color\">ENORME ICEBERG SE DESPRENDE NA ANT\u00c1RTIDA<\/div>\n<\/li>\n<\/ul>\n<\/div>\n<div class=\"bx-controls bx-has-controls-direction\">\n<div class=\"bx-controls-direction\"><a class=\"bx-prev\" href=\"https:\/\/www.diarioregistrado.com\/ciencia-y-tec\/se-agrieta-la-antartida-y-se-desprende-un-nuevo-iceberg-gigante_a59ce236c642ff25396784ddc\">Prev<\/a><a class=\"bx-next\" href=\"https:\/\/www.diarioregistrado.com\/ciencia-y-tec\/se-agrieta-la-antartida-y-se-desprende-un-nuevo-iceberg-gigante_a59ce236c642ff25396784ddc\">Next<\/a><\/div>\n<\/div>\n<\/div>\n<\/div>\n<div id=\"body\" class=\"article-body\">\n<p>El sat\u00e9lite Landsat 8 tom\u00f3 una imagen del iceberg, de la agencia espacial de Estados Unidos, NASA, tom\u00f3 la imagen el 21 de septiembre\u00a0justo antes de que se desprendiera, replic\u00f3 el sitio de CNN.<\/p>\n<div>\n<div>NOTA RELACIONADA<\/div>\n<div><a href=\"https:\/\/www.diarioregistrado.com\/ciencia-y-tec\/tras-15-anos--logran-que-un-hombre-en-estado-vegetativo-sonria-con-su-cancion-preferida_a59ca9868642ff2539678462c\">Tras 15 a\u00f1os, logran que un hombre en estado vegetativo sonr\u00eda con su canci\u00f3n preferida<\/a><\/div>\n<\/div>\n<p>En la foto es \u00abclaramente visible la grieta en todo el centro de la plataforma de hielo del glaciar\u00bb, indica el comunicado de la NASA.<\/p>\n<div class=\"teads-inread sm-screen\">\n<div class=\"teads-ui-components-label\"><\/div>\n<div id=\"teads0\" class=\"teads-player\"><\/div>\n<\/div>\n<p>&nbsp;<\/p>\n<div class=\"multimedia\">\n<div class=\" multimedia-wrapper\">\n<div class=\"multimedia-frame\"><a class=\"fancybox fancybox.image\" href=\"https:\/\/assets.diarioregistrado.com\/dd\/media-photo_59ce2562642ff25396784ddd_640w.jpeg\" target=\"_blank\" rel=\"fancybox-main-media noopener\"><img decoding=\"async\" class=\"photo lazy\" src=\"https:\/\/assets.diarioregistrado.com\/dd\/media-photo_59ce2562642ff25396784ddd_640w.jpeg\" data-original=\"https:\/\/assets.diarioregistrado.com\/dd\/media-photo_59ce2562642ff25396784ddd_640w.jpeg\" \/><\/a><\/div>\n<\/div>\n<\/div>\n<p>&nbsp;<\/p>\n<p>Por su parte, el sat\u00e9lite Sentinel-1 de la Agencia Espacial Europea, d\u00f3s d\u00edas m\u00e1s tarde notific\u00f3 que el nuevo iceberg ya se hab\u00eda desprendido del todo y se encuentra flotando en la bah\u00eda del mar de Amundsen.<\/p>\n<p>El iceberg tiene un \u00e1rea de 185 kil\u00f3metros cuadrados. Es mayor a los dos que se rompieron en enero de 2017, pero m\u00e1s peque\u00f1a que la del iceberg que se desprendi\u00f3 en julio del 2015, que tiene un \u00e1rea de 583 kil\u00f3metros cuadrados, informa el mismo sitio de noticias.<\/p>\n<p>Fuente:\u00a0https:\/\/www.diarioregistrado.com\/ciencia-y-tec\/se-agrieta-la-antartida-y-se-desprende-un-nuevo-iceberg-gigante_a59ce236c642ff25396784ddc<\/p>\n<\/div>\n<\/div>\n<\/div>\n<\/div>\n","protected":false},"excerpt":{"rendered":"<p>Ant\u00e1rtida.-As\u00ed lo devel\u00f3 la NASA con una serie de im\u00e1genes. La grieta se aloja en el glaciar de Isla Pine, [&hellip;]<\/p>\n","protected":false},"author":2,"featured_media":35670,"comment_status":"open","ping_status":"open","sticky":false,"template":"","format":"standard","meta":{"site-sidebar-layout":"default","site-content-layout":"","ast-site-content-layout":"default","site-content-style":"default","site-sidebar-style":"default","ast-global-header-display":"","ast-banner-title-visibility":"","ast-main-header-display":"","ast-hfb-above-header-display":"","ast-hfb-below-header-display":"","ast-hfb-mobile-header-display":"","site-post-title":"","ast-breadcrumbs-content":"","ast-featured-img":"","footer-sml-layout":"","ast-disable-related-posts":"","theme-transparent-header-meta":"","adv-header-id-meta":"","stick-header-meta":"","header-above-stick-meta":"","header-main-stick-meta":"","header-below-stick-meta":"","astra-migrate-meta-layouts":"default","ast-page-background-enabled":"default","ast-page-background-meta":{"desktop":{"background-color":"var(--ast-global-color-5)","background-image":"","background-repeat":"repeat","background-position":"center center","background-size":"auto","background-attachment":"scroll","background-type":"","background-media":"","overlay-type":"","overlay-color":"","overlay-opacity":"","overlay-gradient":""},"tablet":{"background-color":"","background-image":"","background-repeat":"repeat","background-position":"center center","background-size":"auto","background-attachment":"scroll","background-type":"","background-media":"","overlay-type":"","overlay-color":"","overlay-opacity":"","overlay-gradient":""},"mobile":{"background-color":"","background-image":"","background-repeat":"repeat","background-position":"center center","background-size":"auto","background-attachment":"scroll","background-type":"","background-media":"","overlay-type":"","overlay-color":"","overlay-opacity":"","overlay-gradient":""}},"ast-content-background-meta":{"desktop":{"background-color":"var(--ast-global-color-4)","background-image":"","background-repeat":"repeat","background-position":"center center","background-size":"auto","background-attachment":"scroll","background-type":"","background-media":"","overlay-type":"","overlay-color":"","overlay-opacity":"","overlay-gradient":""},"tablet":{"background-color":"var(--ast-global-color-4)","background-image":"","background-repeat":"repeat","background-position":"center center","background-size":"auto","background-attachment":"scroll","background-type":"","background-media":"","overlay-type":"","overlay-color":"","overlay-opacity":"","overlay-gradient":""},"mobile":{"background-color":"var(--ast-global-color-4)","background-image":"","background-repeat":"repeat","background-position":"center center","background-size":"auto","background-attachment":"scroll","background-type":"","background-media":"","overlay-type":"","overlay-color":"","overlay-opacity":"","overlay-gradient":""}},"footnotes":""},"categories":[23,1],"tags":[],"class_list":["post-35669","post","type-post","status-publish","format-standard","has-post-thumbnail","hentry","category-internacionales","category-noticias"],"yoast_head":"<!-- This site is optimized with the Yoast SEO Premium plugin v23.0 (Yoast SEO v27.4) - https:\/\/yoast.com\/product\/yoast-seo-premium-wordpress\/ -->\n<title>Se agrieta la Ant\u00e1rtida y se desprende un nuevo iceberg gigante<\/title>\n<meta name=\"robots\" content=\"index, follow, max-snippet:-1, max-image-preview:large, max-video-preview:-1\" \/>\n<link rel=\"canonical\" href=\"https:\/\/patagoniambiental.com.ar\/info\/se-agrieta-la-antartida-y-se-desprende-un-nuevo-iceberg-gigante\/\" \/>\n<meta property=\"og:locale\" content=\"es_ES\" \/>\n<meta property=\"og:type\" content=\"article\" \/>\n<meta property=\"og:title\" content=\"Se agrieta la Ant\u00e1rtida y se desprende un nuevo iceberg gigante\" \/>\n<meta property=\"og:description\" content=\"Ant\u00e1rtida.-As\u00ed lo devel\u00f3 la NASA con una serie de im\u00e1genes. La grieta se aloja en el glaciar de Isla Pine, [&hellip;]\" \/>\n<meta property=\"og:url\" content=\"https:\/\/patagoniambiental.com.ar\/info\/se-agrieta-la-antartida-y-se-desprende-un-nuevo-iceberg-gigante\/\" \/>\n<meta property=\"og:site_name\" content=\"Patagonia Ambiental\" \/>\n<meta property=\"article:publisher\" content=\"https:\/\/www.facebook.com\/patagonia.ambiental\" \/>\n<meta property=\"article:author\" content=\"https:\/\/www.facebook.com\/share\/1C1V8Gv9BX\/?mibextid=qi2Omg\" \/>\n<meta property=\"article:published_time\" content=\"2017-09-29T22:00:38+00:00\" \/>\n<meta property=\"og:image\" content=\"https:\/\/patagoniambiental.com.ar\/info\/wp-content\/uploads\/2017\/09\/media-photo_59ce2562642ff25396784ddd_640w.jpeg\" \/>\n\t<meta property=\"og:image:width\" content=\"640\" \/>\n\t<meta property=\"og:image:height\" content=\"640\" \/>\n\t<meta property=\"og:image:type\" content=\"image\/jpeg\" \/>\n<meta name=\"author\" content=\"Patagonia Ambiental\" \/>\n<meta name=\"twitter:card\" content=\"summary_large_image\" \/>\n<meta name=\"twitter:creator\" content=\"@PatAmb\" \/>\n<meta name=\"twitter:site\" content=\"@PatAmb\" \/>\n<script type=\"application\/ld+json\" class=\"yoast-schema-graph\">{\"@context\":\"https:\\\/\\\/schema.org\",\"@graph\":[{\"@type\":\"Article\",\"@id\":\"https:\\\/\\\/patagoniambiental.com.ar\\\/info\\\/se-agrieta-la-antartida-y-se-desprende-un-nuevo-iceberg-gigante\\\/#article\",\"isPartOf\":{\"@id\":\"https:\\\/\\\/patagoniambiental.com.ar\\\/info\\\/se-agrieta-la-antartida-y-se-desprende-un-nuevo-iceberg-gigante\\\/\"},\"author\":{\"name\":\"Patagonia Ambiental\",\"@id\":\"https:\\\/\\\/patagoniambiental.com.ar\\\/info\\\/#\\\/schema\\\/person\\\/db12bff64bbcbf6a253710bf0ea37b5d\"},\"headline\":\"Se agrieta la Ant\u00e1rtida y se desprende un nuevo iceberg gigante\",\"datePublished\":\"2017-09-29T22:00:38+00:00\",\"mainEntityOfPage\":{\"@id\":\"https:\\\/\\\/patagoniambiental.com.ar\\\/info\\\/se-agrieta-la-antartida-y-se-desprende-un-nuevo-iceberg-gigante\\\/\"},\"wordCount\":263,\"commentCount\":0,\"publisher\":{\"@id\":\"https:\\\/\\\/patagoniambiental.com.ar\\\/info\\\/#organization\"},\"image\":{\"@id\":\"https:\\\/\\\/patagoniambiental.com.ar\\\/info\\\/se-agrieta-la-antartida-y-se-desprende-un-nuevo-iceberg-gigante\\\/#primaryimage\"},\"thumbnailUrl\":\"https:\\\/\\\/patagoniambiental.com.ar\\\/info\\\/wp-content\\\/uploads\\\/2017\\\/09\\\/media-photo_59ce2562642ff25396784ddd_640w.jpeg\",\"articleSection\":[\"Internacionales\",\"Noticias\"],\"inLanguage\":\"es\",\"potentialAction\":[{\"@type\":\"CommentAction\",\"name\":\"Comment\",\"target\":[\"https:\\\/\\\/patagoniambiental.com.ar\\\/info\\\/se-agrieta-la-antartida-y-se-desprende-un-nuevo-iceberg-gigante\\\/#respond\"]}]},{\"@type\":\"WebPage\",\"@id\":\"https:\\\/\\\/patagoniambiental.com.ar\\\/info\\\/se-agrieta-la-antartida-y-se-desprende-un-nuevo-iceberg-gigante\\\/\",\"url\":\"https:\\\/\\\/patagoniambiental.com.ar\\\/info\\\/se-agrieta-la-antartida-y-se-desprende-un-nuevo-iceberg-gigante\\\/\",\"name\":\"Se agrieta la Ant\u00e1rtida y se desprende un nuevo iceberg gigante\",\"isPartOf\":{\"@id\":\"https:\\\/\\\/patagoniambiental.com.ar\\\/info\\\/#website\"},\"primaryImageOfPage\":{\"@id\":\"https:\\\/\\\/patagoniambiental.com.ar\\\/info\\\/se-agrieta-la-antartida-y-se-desprende-un-nuevo-iceberg-gigante\\\/#primaryimage\"},\"image\":{\"@id\":\"https:\\\/\\\/patagoniambiental.com.ar\\\/info\\\/se-agrieta-la-antartida-y-se-desprende-un-nuevo-iceberg-gigante\\\/#primaryimage\"},\"thumbnailUrl\":\"https:\\\/\\\/patagoniambiental.com.ar\\\/info\\\/wp-content\\\/uploads\\\/2017\\\/09\\\/media-photo_59ce2562642ff25396784ddd_640w.jpeg\",\"datePublished\":\"2017-09-29T22:00:38+00:00\",\"breadcrumb\":{\"@id\":\"https:\\\/\\\/patagoniambiental.com.ar\\\/info\\\/se-agrieta-la-antartida-y-se-desprende-un-nuevo-iceberg-gigante\\\/#breadcrumb\"},\"inLanguage\":\"es\",\"potentialAction\":[{\"@type\":\"ReadAction\",\"target\":[\"https:\\\/\\\/patagoniambiental.com.ar\\\/info\\\/se-agrieta-la-antartida-y-se-desprende-un-nuevo-iceberg-gigante\\\/\"]}]},{\"@type\":\"ImageObject\",\"inLanguage\":\"es\",\"@id\":\"https:\\\/\\\/patagoniambiental.com.ar\\\/info\\\/se-agrieta-la-antartida-y-se-desprende-un-nuevo-iceberg-gigante\\\/#primaryimage\",\"url\":\"https:\\\/\\\/patagoniambiental.com.ar\\\/info\\\/wp-content\\\/uploads\\\/2017\\\/09\\\/media-photo_59ce2562642ff25396784ddd_640w.jpeg\",\"contentUrl\":\"https:\\\/\\\/patagoniambiental.com.ar\\\/info\\\/wp-content\\\/uploads\\\/2017\\\/09\\\/media-photo_59ce2562642ff25396784ddd_640w.jpeg\",\"width\":600,\"height\":600},{\"@type\":\"BreadcrumbList\",\"@id\":\"https:\\\/\\\/patagoniambiental.com.ar\\\/info\\\/se-agrieta-la-antartida-y-se-desprende-un-nuevo-iceberg-gigante\\\/#breadcrumb\",\"itemListElement\":[{\"@type\":\"ListItem\",\"position\":1,\"name\":\"Inicio\",\"item\":\"https:\\\/\\\/patagoniambiental.com.ar\\\/info\\\/\"},{\"@type\":\"ListItem\",\"position\":2,\"name\":\"Se agrieta la Ant\u00e1rtida y se desprende un nuevo iceberg gigante\"}]},{\"@type\":\"WebSite\",\"@id\":\"https:\\\/\\\/patagoniambiental.com.ar\\\/info\\\/#website\",\"url\":\"https:\\\/\\\/patagoniambiental.com.ar\\\/info\\\/\",\"name\":\"Patagonia Ambiental\",\"description\":\"Monitoreo y an\u00e1lisis de la situaci\u00f3n geopol\u00edtica en el mundo y su implicancia en la Patagonia\",\"publisher\":{\"@id\":\"https:\\\/\\\/patagoniambiental.com.ar\\\/info\\\/#organization\"},\"potentialAction\":[{\"@type\":\"SearchAction\",\"target\":{\"@type\":\"EntryPoint\",\"urlTemplate\":\"https:\\\/\\\/patagoniambiental.com.ar\\\/info\\\/?s={search_term_string}\"},\"query-input\":{\"@type\":\"PropertyValueSpecification\",\"valueRequired\":true,\"valueName\":\"search_term_string\"}}],\"inLanguage\":\"es\"},{\"@type\":\"Organization\",\"@id\":\"https:\\\/\\\/patagoniambiental.com.ar\\\/info\\\/#organization\",\"name\":\"Patagonia Ambiental\",\"url\":\"https:\\\/\\\/patagoniambiental.com.ar\\\/info\\\/\",\"logo\":{\"@type\":\"ImageObject\",\"inLanguage\":\"es\",\"@id\":\"https:\\\/\\\/patagoniambiental.com.ar\\\/info\\\/#\\\/schema\\\/logo\\\/image\\\/\",\"url\":\"https:\\\/\\\/patagoniambiental.com.ar\\\/info\\\/wp-content\\\/uploads\\\/2025\\\/05\\\/LOGO-PATAGONIA-AMBIENTAL.png\",\"contentUrl\":\"https:\\\/\\\/patagoniambiental.com.ar\\\/info\\\/wp-content\\\/uploads\\\/2025\\\/05\\\/LOGO-PATAGONIA-AMBIENTAL.png\",\"width\":433,\"height\":250,\"caption\":\"Patagonia Ambiental\"},\"image\":{\"@id\":\"https:\\\/\\\/patagoniambiental.com.ar\\\/info\\\/#\\\/schema\\\/logo\\\/image\\\/\"},\"sameAs\":[\"https:\\\/\\\/www.facebook.com\\\/patagonia.ambiental\",\"https:\\\/\\\/x.com\\\/PatAmb\"]},{\"@type\":\"Person\",\"@id\":\"https:\\\/\\\/patagoniambiental.com.ar\\\/info\\\/#\\\/schema\\\/person\\\/db12bff64bbcbf6a253710bf0ea37b5d\",\"name\":\"Patagonia Ambiental\",\"description\":\"Andr\u00e9s Nievas T\u00e9cnico en manejo ambiental, consultor Ambiental y escritor para medios locales e internacionales sobre temas de geopolitica y medio ambiente.\",\"sameAs\":[\"http:\\\/\\\/www.patagoniambiental.com.ar\",\"https:\\\/\\\/www.facebook.com\\\/share\\\/1C1V8Gv9BX\\\/?mibextid=qi2Omg\",\"@patagoniambiental\",\"https:\\\/\\\/youtube.com\\\/@patagoniaambiental2023?si=BLt58t0wuXquxlYZ\"]}]}<\/script>\n<!-- \/ Yoast SEO Premium plugin. -->","yoast_head_json":{"title":"Se agrieta la Ant\u00e1rtida y se desprende un nuevo iceberg gigante","robots":{"index":"index","follow":"follow","max-snippet":"max-snippet:-1","max-image-preview":"max-image-preview:large","max-video-preview":"max-video-preview:-1"},"canonical":"https:\/\/patagoniambiental.com.ar\/info\/se-agrieta-la-antartida-y-se-desprende-un-nuevo-iceberg-gigante\/","og_locale":"es_ES","og_type":"article","og_title":"Se agrieta la Ant\u00e1rtida y se desprende un nuevo iceberg gigante","og_description":"Ant\u00e1rtida.-As\u00ed lo devel\u00f3 la NASA con una serie de im\u00e1genes. La grieta se aloja en el glaciar de Isla Pine, [&hellip;]","og_url":"https:\/\/patagoniambiental.com.ar\/info\/se-agrieta-la-antartida-y-se-desprende-un-nuevo-iceberg-gigante\/","og_site_name":"Patagonia Ambiental","article_publisher":"https:\/\/www.facebook.com\/patagonia.ambiental","article_author":"https:\/\/www.facebook.com\/share\/1C1V8Gv9BX\/?mibextid=qi2Omg","article_published_time":"2017-09-29T22:00:38+00:00","og_image":[{"width":640,"height":640,"url":"https:\/\/patagoniambiental.com.ar\/info\/wp-content\/uploads\/2017\/09\/media-photo_59ce2562642ff25396784ddd_640w.jpeg","type":"image\/jpeg"}],"author":"Patagonia Ambiental","twitter_card":"summary_large_image","twitter_creator":"@PatAmb","twitter_site":"@PatAmb","schema":{"@context":"https:\/\/schema.org","@graph":[{"@type":"Article","@id":"https:\/\/patagoniambiental.com.ar\/info\/se-agrieta-la-antartida-y-se-desprende-un-nuevo-iceberg-gigante\/#article","isPartOf":{"@id":"https:\/\/patagoniambiental.com.ar\/info\/se-agrieta-la-antartida-y-se-desprende-un-nuevo-iceberg-gigante\/"},"author":{"name":"Patagonia Ambiental","@id":"https:\/\/patagoniambiental.com.ar\/info\/#\/schema\/person\/db12bff64bbcbf6a253710bf0ea37b5d"},"headline":"Se agrieta la Ant\u00e1rtida y se desprende un nuevo iceberg gigante","datePublished":"2017-09-29T22:00:38+00:00","mainEntityOfPage":{"@id":"https:\/\/patagoniambiental.com.ar\/info\/se-agrieta-la-antartida-y-se-desprende-un-nuevo-iceberg-gigante\/"},"wordCount":263,"commentCount":0,"publisher":{"@id":"https:\/\/patagoniambiental.com.ar\/info\/#organization"},"image":{"@id":"https:\/\/patagoniambiental.com.ar\/info\/se-agrieta-la-antartida-y-se-desprende-un-nuevo-iceberg-gigante\/#primaryimage"},"thumbnailUrl":"https:\/\/patagoniambiental.com.ar\/info\/wp-content\/uploads\/2017\/09\/media-photo_59ce2562642ff25396784ddd_640w.jpeg","articleSection":["Internacionales","Noticias"],"inLanguage":"es","potentialAction":[{"@type":"CommentAction","name":"Comment","target":["https:\/\/patagoniambiental.com.ar\/info\/se-agrieta-la-antartida-y-se-desprende-un-nuevo-iceberg-gigante\/#respond"]}]},{"@type":"WebPage","@id":"https:\/\/patagoniambiental.com.ar\/info\/se-agrieta-la-antartida-y-se-desprende-un-nuevo-iceberg-gigante\/","url":"https:\/\/patagoniambiental.com.ar\/info\/se-agrieta-la-antartida-y-se-desprende-un-nuevo-iceberg-gigante\/","name":"Se agrieta la Ant\u00e1rtida y se desprende un nuevo iceberg gigante","isPartOf":{"@id":"https:\/\/patagoniambiental.com.ar\/info\/#website"},"primaryImageOfPage":{"@id":"https:\/\/patagoniambiental.com.ar\/info\/se-agrieta-la-antartida-y-se-desprende-un-nuevo-iceberg-gigante\/#primaryimage"},"image":{"@id":"https:\/\/patagoniambiental.com.ar\/info\/se-agrieta-la-antartida-y-se-desprende-un-nuevo-iceberg-gigante\/#primaryimage"},"thumbnailUrl":"https:\/\/patagoniambiental.com.ar\/info\/wp-content\/uploads\/2017\/09\/media-photo_59ce2562642ff25396784ddd_640w.jpeg","datePublished":"2017-09-29T22:00:38+00:00","breadcrumb":{"@id":"https:\/\/patagoniambiental.com.ar\/info\/se-agrieta-la-antartida-y-se-desprende-un-nuevo-iceberg-gigante\/#breadcrumb"},"inLanguage":"es","potentialAction":[{"@type":"ReadAction","target":["https:\/\/patagoniambiental.com.ar\/info\/se-agrieta-la-antartida-y-se-desprende-un-nuevo-iceberg-gigante\/"]}]},{"@type":"ImageObject","inLanguage":"es","@id":"https:\/\/patagoniambiental.com.ar\/info\/se-agrieta-la-antartida-y-se-desprende-un-nuevo-iceberg-gigante\/#primaryimage","url":"https:\/\/patagoniambiental.com.ar\/info\/wp-content\/uploads\/2017\/09\/media-photo_59ce2562642ff25396784ddd_640w.jpeg","contentUrl":"https:\/\/patagoniambiental.com.ar\/info\/wp-content\/uploads\/2017\/09\/media-photo_59ce2562642ff25396784ddd_640w.jpeg","width":600,"height":600},{"@type":"BreadcrumbList","@id":"https:\/\/patagoniambiental.com.ar\/info\/se-agrieta-la-antartida-y-se-desprende-un-nuevo-iceberg-gigante\/#breadcrumb","itemListElement":[{"@type":"ListItem","position":1,"name":"Inicio","item":"https:\/\/patagoniambiental.com.ar\/info\/"},{"@type":"ListItem","position":2,"name":"Se agrieta la Ant\u00e1rtida y se desprende un nuevo iceberg gigante"}]},{"@type":"WebSite","@id":"https:\/\/patagoniambiental.com.ar\/info\/#website","url":"https:\/\/patagoniambiental.com.ar\/info\/","name":"Patagonia Ambiental","description":"Monitoreo y an\u00e1lisis de la situaci\u00f3n geopol\u00edtica en el mundo y su implicancia en la Patagonia","publisher":{"@id":"https:\/\/patagoniambiental.com.ar\/info\/#organization"},"potentialAction":[{"@type":"SearchAction","target":{"@type":"EntryPoint","urlTemplate":"https:\/\/patagoniambiental.com.ar\/info\/?s={search_term_string}"},"query-input":{"@type":"PropertyValueSpecification","valueRequired":true,"valueName":"search_term_string"}}],"inLanguage":"es"},{"@type":"Organization","@id":"https:\/\/patagoniambiental.com.ar\/info\/#organization","name":"Patagonia Ambiental","url":"https:\/\/patagoniambiental.com.ar\/info\/","logo":{"@type":"ImageObject","inLanguage":"es","@id":"https:\/\/patagoniambiental.com.ar\/info\/#\/schema\/logo\/image\/","url":"https:\/\/patagoniambiental.com.ar\/info\/wp-content\/uploads\/2025\/05\/LOGO-PATAGONIA-AMBIENTAL.png","contentUrl":"https:\/\/patagoniambiental.com.ar\/info\/wp-content\/uploads\/2025\/05\/LOGO-PATAGONIA-AMBIENTAL.png","width":433,"height":250,"caption":"Patagonia Ambiental"},"image":{"@id":"https:\/\/patagoniambiental.com.ar\/info\/#\/schema\/logo\/image\/"},"sameAs":["https:\/\/www.facebook.com\/patagonia.ambiental","https:\/\/x.com\/PatAmb"]},{"@type":"Person","@id":"https:\/\/patagoniambiental.com.ar\/info\/#\/schema\/person\/db12bff64bbcbf6a253710bf0ea37b5d","name":"Patagonia Ambiental","description":"Andr\u00e9s Nievas T\u00e9cnico en manejo ambiental, consultor Ambiental y escritor para medios locales e internacionales sobre temas de geopolitica y medio ambiente.","sameAs":["http:\/\/www.patagoniambiental.com.ar","https:\/\/www.facebook.com\/share\/1C1V8Gv9BX\/?mibextid=qi2Omg","@patagoniambiental","https:\/\/youtube.com\/@patagoniaambiental2023?si=BLt58t0wuXquxlYZ"]}]}},"_links":{"self":[{"href":"https:\/\/patagoniambiental.com.ar\/info\/wp-json\/wp\/v2\/posts\/35669","targetHints":{"allow":["GET"]}}],"collection":[{"href":"https:\/\/patagoniambiental.com.ar\/info\/wp-json\/wp\/v2\/posts"}],"about":[{"href":"https:\/\/patagoniambiental.com.ar\/info\/wp-json\/wp\/v2\/types\/post"}],"author":[{"embeddable":true,"href":"https:\/\/patagoniambiental.com.ar\/info\/wp-json\/wp\/v2\/users\/2"}],"replies":[{"embeddable":true,"href":"https:\/\/patagoniambiental.com.ar\/info\/wp-json\/wp\/v2\/comments?post=35669"}],"version-history":[{"count":0,"href":"https:\/\/patagoniambiental.com.ar\/info\/wp-json\/wp\/v2\/posts\/35669\/revisions"}],"wp:featuredmedia":[{"embeddable":true,"href":"https:\/\/patagoniambiental.com.ar\/info\/wp-json\/wp\/v2\/media\/35670"}],"wp:attachment":[{"href":"https:\/\/patagoniambiental.com.ar\/info\/wp-json\/wp\/v2\/media?parent=35669"}],"wp:term":[{"taxonomy":"category","embeddable":true,"href":"https:\/\/patagoniambiental.com.ar\/info\/wp-json\/wp\/v2\/categories?post=35669"},{"taxonomy":"post_tag","embeddable":true,"href":"https:\/\/patagoniambiental.com.ar\/info\/wp-json\/wp\/v2\/tags?post=35669"}],"curies":[{"name":"wp","href":"https:\/\/api.w.org\/{rel}","templated":true}]}}