{"id":35675,"date":"2017-09-29T19:00:27","date_gmt":"2017-09-29T22:00:27","guid":{"rendered":"http:\/\/patagoniambiental.com.ar\/info\/?p=35675"},"modified":"2017-09-29T10:29:25","modified_gmt":"2017-09-29T13:29:25","slug":"invasion-de-castores-deja-perdidas-anuales-de-465-millones-en-magallanes","status":"publish","type":"post","link":"https:\/\/patagoniambiental.com.ar\/info\/invasion-de-castores-deja-perdidas-anuales-de-465-millones-en-magallanes\/","title":{"rendered":"Invasi\u00f3n de castores deja p\u00e9rdidas anuales de $ 465 millones en Magallanes"},"content":{"rendered":"<div class=\"meta_title\">\n<div class=\"meta\"><\/div>\n<div class=\"clearfix pull-right\">\n<div>\n<div class=\"fb-share-button fb_iframe_widget\" data-href=\"http:\/\/elpinguino.com\/v2\/noticia\/2017\/09\/28\/invasion-de-castores-deja-perdidas-anuales-de-s-465-millones-en-magallanes\" data-type=\"button\">Tierra del Fuego.-Actualmente, seg\u00fan datos entregados por el SAG, s\u00f3lo el 28% de los predios en Tierra del Fuego se ha salvado -por el momento- de la presencia de este roedor.<\/div>\n<\/div>\n<\/div>\n<\/div>\n<p><!--more--><\/p>\n<div class=\"post-body\">\n<div class=\"post_image\"><\/div>\n<div class=\"single-contenido-texto\">\n<p>Cada a\u00f1o, nuestro pa\u00eds gasta aproximadamente 59 mil millones de pesos en mitigar los devastadores efectos que dejan siete especies ex\u00f3ticas invasoras (EEI) a lo largo del territorio, seg\u00fan arroj\u00f3 el primer estudio de impacto econ\u00f3mico de estas caracter\u00edsticas que realiz\u00f3 la Facultad de Ciencias Forestales de la Universidad de Chile, solicitado por el Ministerio del Medio Ambiente, en conjunto con otros organismos p\u00fablicos y privados que trabajan con estas denominadas plagas.<\/p>\n<p>La avispa chaqueta amarilla, la zarzamora, el jabal\u00ed y el conejo son algunas de las especies que m\u00e1s da\u00f1o econ\u00f3mico y ecosist\u00e9mico generan en Chile, una huella que tambi\u00e9n tiene presencia en Magallanes, con la aparici\u00f3n del castor (castor canadensis), animal que est\u00e1 dentro de este grupo de EEI.<\/p>\n<p>Seg\u00fan el estudio de impacto, el pa\u00eds ha invertido \u00a0cerca de 1.758.938 d\u00f3lares (1.122.448.695 pesos chilenos) desde que se declarara a esta especie como plaga, adem\u00e1s de las p\u00e9rdidas que ha dejado a la industria forestal a nivel nacional, por casi 63 millones de d\u00f3lares.<\/p>\n<p>Los datos entregados por la Universidad de Chile dan cuenta de que esta especie invasora, que se encuentra mayoritariamente en Tierra del Fuego, significa cada a\u00f1o un gasto de 733 mil d\u00f3lares, es decir, alrededor de 465 millones de pesos.<\/p>\n<p>La presencia de esta especie en Magallanes ha mermado en gran parte a las \u00e1reas de bosques y turberas presentes en la provincia fueguina, no s\u00f3lo por la tala de \u00e1rboles, sino por la irrupci\u00f3n y el desv\u00edo de los cursos de agua, lo que afecta el ciclo hidrol\u00f3gico de las cuencas en el territorio. Seg\u00fan datos entregados por el Servicio Agr\u00edcola y Ganadero (SAG), s\u00f3lo un 28% de los predios ganaderos en Tierra del Fuego se mantienen actualmente sin presencia de castores.<\/p>\n<p>Este primer estudio coincide con la presentaci\u00f3n, hace algunos d\u00edas, del programa \u201cFortalecimiento y desarrollo de instrumentos para el manejo, prevenci\u00f3n y control del castor (castor canadensis), una especie ex\u00f3tica invasora en la Patagonia chilena\u201d, desarrollado por el Ministerio del Medio Ambiente en Magallanes (MMA), en conjunto con la Organizaci\u00f3n de las Naciones Unidas para la Alimentaci\u00f3n y la Agricultura (FAO), el SAG, la Corporaci\u00f3n Nacional Forestal (Conaf) y la Wildlife Conservation Society (WCS Chile), un proyecto que durar\u00e1 hasta el 2020 y que contempla la erradicaci\u00f3n de esta especie en al menos 11 mil hect\u00e1reas y mil kil\u00f3metros de cauce en cuatro puntos: Laguna Parrillar, Valle La Paciencia (Parque Nacional Karukinka), R\u00edo Mazzari y el sudeste de la Provincia de \u00daltima Esperanza.<\/p>\n<p>El bi\u00f3logo ambiental Felipe Guerra, coordinador del proyecto, explic\u00f3 que \u201cen este primer a\u00f1o debemos poner en marcha los pilotos, elaborar los borradores de marcos regulatorios de normativa regional y local y paralelamente trabajaremos en el \u00e1rea de comunicaci\u00f3n y educaci\u00f3n ambiental. Durante los pr\u00f3ximos a\u00f1os, debemos generar los insumos para el desarrollo de pol\u00edticas p\u00fablicas futuras para la gesti\u00f3n del castor como especie ex\u00f3tica invasora\u201d.<\/p>\n<\/div>\n<p>Fuente:\u00a0http:\/\/elpinguino.com\/noticia\/2017\/09\/28\/invasion-de-castores-deja-perdidas-anuales-de-s-465-millones-en-magallanes<\/p>\n<\/div>\n","protected":false},"excerpt":{"rendered":"<p>Tierra del Fuego.-Actualmente, seg\u00fan datos entregados por el SAG, s\u00f3lo el 28% de los predios en Tierra del Fuego se [&hellip;]<\/p>\n","protected":false},"author":2,"featured_media":35676,"comment_status":"open","ping_status":"open","sticky":false,"template":"","format":"standard","meta":{"site-sidebar-layout":"default","site-content-layout":"","ast-site-content-layout":"default","site-content-style":"default","site-sidebar-style":"default","ast-global-header-display":"","ast-banner-title-visibility":"","ast-main-header-display":"","ast-hfb-above-header-display":"","ast-hfb-below-header-display":"","ast-hfb-mobile-header-display":"","site-post-title":"","ast-breadcrumbs-content":"","ast-featured-img":"","footer-sml-layout":"","ast-disable-related-posts":"","theme-transparent-header-meta":"","adv-header-id-meta":"","stick-header-meta":"","header-above-stick-meta":"","header-main-stick-meta":"","header-below-stick-meta":"","astra-migrate-meta-layouts":"default","ast-page-background-enabled":"default","ast-page-background-meta":{"desktop":{"background-color":"var(--ast-global-color-5)","background-image":"","background-repeat":"repeat","background-position":"center center","background-size":"auto","background-attachment":"scroll","background-type":"","background-media":"","overlay-type":"","overlay-color":"","overlay-opacity":"","overlay-gradient":""},"tablet":{"background-color":"","background-image":"","background-repeat":"repeat","background-position":"center center","background-size":"auto","background-attachment":"scroll","background-type":"","background-media":"","overlay-type":"","overlay-color":"","overlay-opacity":"","overlay-gradient":""},"mobile":{"background-color":"","background-image":"","background-repeat":"repeat","background-position":"center center","background-size":"auto","background-attachment":"scroll","background-type":"","background-media":"","overlay-type":"","overlay-color":"","overlay-opacity":"","overlay-gradient":""}},"ast-content-background-meta":{"desktop":{"background-color":"var(--ast-global-color-4)","background-image":"","background-repeat":"repeat","background-position":"center center","background-size":"auto","background-attachment":"scroll","background-type":"","background-media":"","overlay-type":"","overlay-color":"","overlay-opacity":"","overlay-gradient":""},"tablet":{"background-color":"var(--ast-global-color-4)","background-image":"","background-repeat":"repeat","background-position":"center center","background-size":"auto","background-attachment":"scroll","background-type":"","background-media":"","overlay-type":"","overlay-color":"","overlay-opacity":"","overlay-gradient":""},"mobile":{"background-color":"var(--ast-global-color-4)","background-image":"","background-repeat":"repeat","background-position":"center center","background-size":"auto","background-attachment":"scroll","background-type":"","background-media":"","overlay-type":"","overlay-color":"","overlay-opacity":"","overlay-gradient":""}},"footnotes":""},"categories":[1,13,25],"tags":[],"class_list":["post-35675","post","type-post","status-publish","format-standard","has-post-thumbnail","hentry","category-noticias","category-provinciales","category-tierra-del-fuego"],"yoast_head":"<!-- This site is optimized with the Yoast SEO Premium plugin v23.0 (Yoast SEO v27.5) - https:\/\/yoast.com\/product\/yoast-seo-premium-wordpress\/ -->\n<title>Invasi\u00f3n de castores deja p\u00e9rdidas anuales de $ 465 millones en Magallanes<\/title>\n<meta name=\"robots\" content=\"index, follow, max-snippet:-1, max-image-preview:large, max-video-preview:-1\" \/>\n<link rel=\"canonical\" href=\"https:\/\/patagoniambiental.com.ar\/info\/invasion-de-castores-deja-perdidas-anuales-de-465-millones-en-magallanes\/\" \/>\n<meta property=\"og:locale\" content=\"es_ES\" \/>\n<meta property=\"og:type\" content=\"article\" \/>\n<meta property=\"og:title\" content=\"Invasi\u00f3n de castores deja p\u00e9rdidas anuales de $ 465 millones en Magallanes\" \/>\n<meta property=\"og:description\" content=\"Tierra del Fuego.-Actualmente, seg\u00fan datos entregados por el SAG, s\u00f3lo el 28% de los predios en Tierra del Fuego se [&hellip;]\" \/>\n<meta property=\"og:url\" content=\"https:\/\/patagoniambiental.com.ar\/info\/invasion-de-castores-deja-perdidas-anuales-de-465-millones-en-magallanes\/\" \/>\n<meta property=\"og:site_name\" content=\"Patagonia Ambiental\" \/>\n<meta property=\"article:publisher\" content=\"https:\/\/www.facebook.com\/patagonia.ambiental\" \/>\n<meta property=\"article:author\" content=\"https:\/\/www.facebook.com\/share\/1C1V8Gv9BX\/?mibextid=qi2Omg\" \/>\n<meta property=\"article:published_time\" content=\"2017-09-29T22:00:27+00:00\" \/>\n<meta property=\"og:image\" content=\"https:\/\/patagoniambiental.com.ar\/info\/wp-content\/uploads\/2017\/09\/Sin-t\u00edtulo-9.jpg\" \/>\n\t<meta property=\"og:image:width\" content=\"703\" \/>\n\t<meta property=\"og:image:height\" content=\"416\" \/>\n\t<meta property=\"og:image:type\" content=\"image\/jpeg\" \/>\n<meta name=\"author\" content=\"Patagonia Ambiental\" \/>\n<meta name=\"twitter:card\" content=\"summary_large_image\" \/>\n<meta name=\"twitter:creator\" content=\"@PatAmb\" \/>\n<meta name=\"twitter:site\" content=\"@PatAmb\" \/>\n<script type=\"application\/ld+json\" class=\"yoast-schema-graph\">{\"@context\":\"https:\\\/\\\/schema.org\",\"@graph\":[{\"@type\":\"Article\",\"@id\":\"https:\\\/\\\/patagoniambiental.com.ar\\\/info\\\/invasion-de-castores-deja-perdidas-anuales-de-465-millones-en-magallanes\\\/#article\",\"isPartOf\":{\"@id\":\"https:\\\/\\\/patagoniambiental.com.ar\\\/info\\\/invasion-de-castores-deja-perdidas-anuales-de-465-millones-en-magallanes\\\/\"},\"author\":{\"name\":\"Patagonia Ambiental\",\"@id\":\"https:\\\/\\\/patagoniambiental.com.ar\\\/info\\\/#\\\/schema\\\/person\\\/db12bff64bbcbf6a253710bf0ea37b5d\"},\"headline\":\"Invasi\u00f3n de castores deja p\u00e9rdidas anuales de $ 465 millones en Magallanes\",\"datePublished\":\"2017-09-29T22:00:27+00:00\",\"mainEntityOfPage\":{\"@id\":\"https:\\\/\\\/patagoniambiental.com.ar\\\/info\\\/invasion-de-castores-deja-perdidas-anuales-de-465-millones-en-magallanes\\\/\"},\"wordCount\":570,\"commentCount\":0,\"publisher\":{\"@id\":\"https:\\\/\\\/patagoniambiental.com.ar\\\/info\\\/#organization\"},\"image\":{\"@id\":\"https:\\\/\\\/patagoniambiental.com.ar\\\/info\\\/invasion-de-castores-deja-perdidas-anuales-de-465-millones-en-magallanes\\\/#primaryimage\"},\"thumbnailUrl\":\"https:\\\/\\\/patagoniambiental.com.ar\\\/info\\\/wp-content\\\/uploads\\\/2017\\\/09\\\/Sin-t\u00edtulo-9.jpg\",\"articleSection\":[\"Noticias\",\"Provinciales\",\"Tierra del Fuego\"],\"inLanguage\":\"es\",\"potentialAction\":[{\"@type\":\"CommentAction\",\"name\":\"Comment\",\"target\":[\"https:\\\/\\\/patagoniambiental.com.ar\\\/info\\\/invasion-de-castores-deja-perdidas-anuales-de-465-millones-en-magallanes\\\/#respond\"]}]},{\"@type\":\"WebPage\",\"@id\":\"https:\\\/\\\/patagoniambiental.com.ar\\\/info\\\/invasion-de-castores-deja-perdidas-anuales-de-465-millones-en-magallanes\\\/\",\"url\":\"https:\\\/\\\/patagoniambiental.com.ar\\\/info\\\/invasion-de-castores-deja-perdidas-anuales-de-465-millones-en-magallanes\\\/\",\"name\":\"Invasi\u00f3n de castores deja p\u00e9rdidas anuales de $ 465 millones en Magallanes\",\"isPartOf\":{\"@id\":\"https:\\\/\\\/patagoniambiental.com.ar\\\/info\\\/#website\"},\"primaryImageOfPage\":{\"@id\":\"https:\\\/\\\/patagoniambiental.com.ar\\\/info\\\/invasion-de-castores-deja-perdidas-anuales-de-465-millones-en-magallanes\\\/#primaryimage\"},\"image\":{\"@id\":\"https:\\\/\\\/patagoniambiental.com.ar\\\/info\\\/invasion-de-castores-deja-perdidas-anuales-de-465-millones-en-magallanes\\\/#primaryimage\"},\"thumbnailUrl\":\"https:\\\/\\\/patagoniambiental.com.ar\\\/info\\\/wp-content\\\/uploads\\\/2017\\\/09\\\/Sin-t\u00edtulo-9.jpg\",\"datePublished\":\"2017-09-29T22:00:27+00:00\",\"breadcrumb\":{\"@id\":\"https:\\\/\\\/patagoniambiental.com.ar\\\/info\\\/invasion-de-castores-deja-perdidas-anuales-de-465-millones-en-magallanes\\\/#breadcrumb\"},\"inLanguage\":\"es\",\"potentialAction\":[{\"@type\":\"ReadAction\",\"target\":[\"https:\\\/\\\/patagoniambiental.com.ar\\\/info\\\/invasion-de-castores-deja-perdidas-anuales-de-465-millones-en-magallanes\\\/\"]}]},{\"@type\":\"ImageObject\",\"inLanguage\":\"es\",\"@id\":\"https:\\\/\\\/patagoniambiental.com.ar\\\/info\\\/invasion-de-castores-deja-perdidas-anuales-de-465-millones-en-magallanes\\\/#primaryimage\",\"url\":\"https:\\\/\\\/patagoniambiental.com.ar\\\/info\\\/wp-content\\\/uploads\\\/2017\\\/09\\\/Sin-t\u00edtulo-9.jpg\",\"contentUrl\":\"https:\\\/\\\/patagoniambiental.com.ar\\\/info\\\/wp-content\\\/uploads\\\/2017\\\/09\\\/Sin-t\u00edtulo-9.jpg\",\"width\":703,\"height\":416},{\"@type\":\"BreadcrumbList\",\"@id\":\"https:\\\/\\\/patagoniambiental.com.ar\\\/info\\\/invasion-de-castores-deja-perdidas-anuales-de-465-millones-en-magallanes\\\/#breadcrumb\",\"itemListElement\":[{\"@type\":\"ListItem\",\"position\":1,\"name\":\"Inicio\",\"item\":\"https:\\\/\\\/patagoniambiental.com.ar\\\/info\\\/\"},{\"@type\":\"ListItem\",\"position\":2,\"name\":\"Invasi\u00f3n de castores deja p\u00e9rdidas anuales de $ 465 millones en Magallanes\"}]},{\"@type\":\"WebSite\",\"@id\":\"https:\\\/\\\/patagoniambiental.com.ar\\\/info\\\/#website\",\"url\":\"https:\\\/\\\/patagoniambiental.com.ar\\\/info\\\/\",\"name\":\"Patagonia Ambiental\",\"description\":\"Monitoreo y an\u00e1lisis de la situaci\u00f3n geopol\u00edtica en el mundo y su implicancia en la Patagonia\",\"publisher\":{\"@id\":\"https:\\\/\\\/patagoniambiental.com.ar\\\/info\\\/#organization\"},\"potentialAction\":[{\"@type\":\"SearchAction\",\"target\":{\"@type\":\"EntryPoint\",\"urlTemplate\":\"https:\\\/\\\/patagoniambiental.com.ar\\\/info\\\/?s={search_term_string}\"},\"query-input\":{\"@type\":\"PropertyValueSpecification\",\"valueRequired\":true,\"valueName\":\"search_term_string\"}}],\"inLanguage\":\"es\"},{\"@type\":\"Organization\",\"@id\":\"https:\\\/\\\/patagoniambiental.com.ar\\\/info\\\/#organization\",\"name\":\"Patagonia Ambiental\",\"url\":\"https:\\\/\\\/patagoniambiental.com.ar\\\/info\\\/\",\"logo\":{\"@type\":\"ImageObject\",\"inLanguage\":\"es\",\"@id\":\"https:\\\/\\\/patagoniambiental.com.ar\\\/info\\\/#\\\/schema\\\/logo\\\/image\\\/\",\"url\":\"https:\\\/\\\/patagoniambiental.com.ar\\\/info\\\/wp-content\\\/uploads\\\/2025\\\/05\\\/LOGO-PATAGONIA-AMBIENTAL.png\",\"contentUrl\":\"https:\\\/\\\/patagoniambiental.com.ar\\\/info\\\/wp-content\\\/uploads\\\/2025\\\/05\\\/LOGO-PATAGONIA-AMBIENTAL.png\",\"width\":433,\"height\":250,\"caption\":\"Patagonia Ambiental\"},\"image\":{\"@id\":\"https:\\\/\\\/patagoniambiental.com.ar\\\/info\\\/#\\\/schema\\\/logo\\\/image\\\/\"},\"sameAs\":[\"https:\\\/\\\/www.facebook.com\\\/patagonia.ambiental\",\"https:\\\/\\\/x.com\\\/PatAmb\"]},{\"@type\":\"Person\",\"@id\":\"https:\\\/\\\/patagoniambiental.com.ar\\\/info\\\/#\\\/schema\\\/person\\\/db12bff64bbcbf6a253710bf0ea37b5d\",\"name\":\"Patagonia Ambiental\",\"description\":\"Andr\u00e9s Nievas T\u00e9cnico en manejo ambiental, consultor Ambiental y escritor para medios locales e internacionales sobre temas de geopolitica y medio ambiente.\",\"sameAs\":[\"http:\\\/\\\/www.patagoniambiental.com.ar\",\"https:\\\/\\\/www.facebook.com\\\/share\\\/1C1V8Gv9BX\\\/?mibextid=qi2Omg\",\"@patagoniambiental\",\"https:\\\/\\\/youtube.com\\\/@patagoniaambiental2023?si=BLt58t0wuXquxlYZ\"]}]}<\/script>\n<!-- \/ Yoast SEO Premium plugin. -->","yoast_head_json":{"title":"Invasi\u00f3n de castores deja p\u00e9rdidas anuales de $ 465 millones en Magallanes","robots":{"index":"index","follow":"follow","max-snippet":"max-snippet:-1","max-image-preview":"max-image-preview:large","max-video-preview":"max-video-preview:-1"},"canonical":"https:\/\/patagoniambiental.com.ar\/info\/invasion-de-castores-deja-perdidas-anuales-de-465-millones-en-magallanes\/","og_locale":"es_ES","og_type":"article","og_title":"Invasi\u00f3n de castores deja p\u00e9rdidas anuales de $ 465 millones en Magallanes","og_description":"Tierra del Fuego.-Actualmente, seg\u00fan datos entregados por el SAG, s\u00f3lo el 28% de los predios en Tierra del Fuego se [&hellip;]","og_url":"https:\/\/patagoniambiental.com.ar\/info\/invasion-de-castores-deja-perdidas-anuales-de-465-millones-en-magallanes\/","og_site_name":"Patagonia Ambiental","article_publisher":"https:\/\/www.facebook.com\/patagonia.ambiental","article_author":"https:\/\/www.facebook.com\/share\/1C1V8Gv9BX\/?mibextid=qi2Omg","article_published_time":"2017-09-29T22:00:27+00:00","og_image":[{"width":703,"height":416,"url":"https:\/\/patagoniambiental.com.ar\/info\/wp-content\/uploads\/2017\/09\/Sin-t\u00edtulo-9.jpg","type":"image\/jpeg"}],"author":"Patagonia Ambiental","twitter_card":"summary_large_image","twitter_creator":"@PatAmb","twitter_site":"@PatAmb","schema":{"@context":"https:\/\/schema.org","@graph":[{"@type":"Article","@id":"https:\/\/patagoniambiental.com.ar\/info\/invasion-de-castores-deja-perdidas-anuales-de-465-millones-en-magallanes\/#article","isPartOf":{"@id":"https:\/\/patagoniambiental.com.ar\/info\/invasion-de-castores-deja-perdidas-anuales-de-465-millones-en-magallanes\/"},"author":{"name":"Patagonia Ambiental","@id":"https:\/\/patagoniambiental.com.ar\/info\/#\/schema\/person\/db12bff64bbcbf6a253710bf0ea37b5d"},"headline":"Invasi\u00f3n de castores deja p\u00e9rdidas anuales de $ 465 millones en Magallanes","datePublished":"2017-09-29T22:00:27+00:00","mainEntityOfPage":{"@id":"https:\/\/patagoniambiental.com.ar\/info\/invasion-de-castores-deja-perdidas-anuales-de-465-millones-en-magallanes\/"},"wordCount":570,"commentCount":0,"publisher":{"@id":"https:\/\/patagoniambiental.com.ar\/info\/#organization"},"image":{"@id":"https:\/\/patagoniambiental.com.ar\/info\/invasion-de-castores-deja-perdidas-anuales-de-465-millones-en-magallanes\/#primaryimage"},"thumbnailUrl":"https:\/\/patagoniambiental.com.ar\/info\/wp-content\/uploads\/2017\/09\/Sin-t\u00edtulo-9.jpg","articleSection":["Noticias","Provinciales","Tierra del Fuego"],"inLanguage":"es","potentialAction":[{"@type":"CommentAction","name":"Comment","target":["https:\/\/patagoniambiental.com.ar\/info\/invasion-de-castores-deja-perdidas-anuales-de-465-millones-en-magallanes\/#respond"]}]},{"@type":"WebPage","@id":"https:\/\/patagoniambiental.com.ar\/info\/invasion-de-castores-deja-perdidas-anuales-de-465-millones-en-magallanes\/","url":"https:\/\/patagoniambiental.com.ar\/info\/invasion-de-castores-deja-perdidas-anuales-de-465-millones-en-magallanes\/","name":"Invasi\u00f3n de castores deja p\u00e9rdidas anuales de $ 465 millones en Magallanes","isPartOf":{"@id":"https:\/\/patagoniambiental.com.ar\/info\/#website"},"primaryImageOfPage":{"@id":"https:\/\/patagoniambiental.com.ar\/info\/invasion-de-castores-deja-perdidas-anuales-de-465-millones-en-magallanes\/#primaryimage"},"image":{"@id":"https:\/\/patagoniambiental.com.ar\/info\/invasion-de-castores-deja-perdidas-anuales-de-465-millones-en-magallanes\/#primaryimage"},"thumbnailUrl":"https:\/\/patagoniambiental.com.ar\/info\/wp-content\/uploads\/2017\/09\/Sin-t\u00edtulo-9.jpg","datePublished":"2017-09-29T22:00:27+00:00","breadcrumb":{"@id":"https:\/\/patagoniambiental.com.ar\/info\/invasion-de-castores-deja-perdidas-anuales-de-465-millones-en-magallanes\/#breadcrumb"},"inLanguage":"es","potentialAction":[{"@type":"ReadAction","target":["https:\/\/patagoniambiental.com.ar\/info\/invasion-de-castores-deja-perdidas-anuales-de-465-millones-en-magallanes\/"]}]},{"@type":"ImageObject","inLanguage":"es","@id":"https:\/\/patagoniambiental.com.ar\/info\/invasion-de-castores-deja-perdidas-anuales-de-465-millones-en-magallanes\/#primaryimage","url":"https:\/\/patagoniambiental.com.ar\/info\/wp-content\/uploads\/2017\/09\/Sin-t\u00edtulo-9.jpg","contentUrl":"https:\/\/patagoniambiental.com.ar\/info\/wp-content\/uploads\/2017\/09\/Sin-t\u00edtulo-9.jpg","width":703,"height":416},{"@type":"BreadcrumbList","@id":"https:\/\/patagoniambiental.com.ar\/info\/invasion-de-castores-deja-perdidas-anuales-de-465-millones-en-magallanes\/#breadcrumb","itemListElement":[{"@type":"ListItem","position":1,"name":"Inicio","item":"https:\/\/patagoniambiental.com.ar\/info\/"},{"@type":"ListItem","position":2,"name":"Invasi\u00f3n de castores deja p\u00e9rdidas anuales de $ 465 millones en Magallanes"}]},{"@type":"WebSite","@id":"https:\/\/patagoniambiental.com.ar\/info\/#website","url":"https:\/\/patagoniambiental.com.ar\/info\/","name":"Patagonia Ambiental","description":"Monitoreo y an\u00e1lisis de la situaci\u00f3n geopol\u00edtica en el mundo y su implicancia en la Patagonia","publisher":{"@id":"https:\/\/patagoniambiental.com.ar\/info\/#organization"},"potentialAction":[{"@type":"SearchAction","target":{"@type":"EntryPoint","urlTemplate":"https:\/\/patagoniambiental.com.ar\/info\/?s={search_term_string}"},"query-input":{"@type":"PropertyValueSpecification","valueRequired":true,"valueName":"search_term_string"}}],"inLanguage":"es"},{"@type":"Organization","@id":"https:\/\/patagoniambiental.com.ar\/info\/#organization","name":"Patagonia Ambiental","url":"https:\/\/patagoniambiental.com.ar\/info\/","logo":{"@type":"ImageObject","inLanguage":"es","@id":"https:\/\/patagoniambiental.com.ar\/info\/#\/schema\/logo\/image\/","url":"https:\/\/patagoniambiental.com.ar\/info\/wp-content\/uploads\/2025\/05\/LOGO-PATAGONIA-AMBIENTAL.png","contentUrl":"https:\/\/patagoniambiental.com.ar\/info\/wp-content\/uploads\/2025\/05\/LOGO-PATAGONIA-AMBIENTAL.png","width":433,"height":250,"caption":"Patagonia Ambiental"},"image":{"@id":"https:\/\/patagoniambiental.com.ar\/info\/#\/schema\/logo\/image\/"},"sameAs":["https:\/\/www.facebook.com\/patagonia.ambiental","https:\/\/x.com\/PatAmb"]},{"@type":"Person","@id":"https:\/\/patagoniambiental.com.ar\/info\/#\/schema\/person\/db12bff64bbcbf6a253710bf0ea37b5d","name":"Patagonia Ambiental","description":"Andr\u00e9s Nievas T\u00e9cnico en manejo ambiental, consultor Ambiental y escritor para medios locales e internacionales sobre temas de geopolitica y medio ambiente.","sameAs":["http:\/\/www.patagoniambiental.com.ar","https:\/\/www.facebook.com\/share\/1C1V8Gv9BX\/?mibextid=qi2Omg","@patagoniambiental","https:\/\/youtube.com\/@patagoniaambiental2023?si=BLt58t0wuXquxlYZ"]}]}},"_links":{"self":[{"href":"https:\/\/patagoniambiental.com.ar\/info\/wp-json\/wp\/v2\/posts\/35675","targetHints":{"allow":["GET"]}}],"collection":[{"href":"https:\/\/patagoniambiental.com.ar\/info\/wp-json\/wp\/v2\/posts"}],"about":[{"href":"https:\/\/patagoniambiental.com.ar\/info\/wp-json\/wp\/v2\/types\/post"}],"author":[{"embeddable":true,"href":"https:\/\/patagoniambiental.com.ar\/info\/wp-json\/wp\/v2\/users\/2"}],"replies":[{"embeddable":true,"href":"https:\/\/patagoniambiental.com.ar\/info\/wp-json\/wp\/v2\/comments?post=35675"}],"version-history":[{"count":0,"href":"https:\/\/patagoniambiental.com.ar\/info\/wp-json\/wp\/v2\/posts\/35675\/revisions"}],"wp:featuredmedia":[{"embeddable":true,"href":"https:\/\/patagoniambiental.com.ar\/info\/wp-json\/wp\/v2\/media\/35676"}],"wp:attachment":[{"href":"https:\/\/patagoniambiental.com.ar\/info\/wp-json\/wp\/v2\/media?parent=35675"}],"wp:term":[{"taxonomy":"category","embeddable":true,"href":"https:\/\/patagoniambiental.com.ar\/info\/wp-json\/wp\/v2\/categories?post=35675"},{"taxonomy":"post_tag","embeddable":true,"href":"https:\/\/patagoniambiental.com.ar\/info\/wp-json\/wp\/v2\/tags?post=35675"}],"curies":[{"name":"wp","href":"https:\/\/api.w.org\/{rel}","templated":true}]}}