{"id":35684,"date":"2017-09-28T09:00:45","date_gmt":"2017-09-28T12:00:45","guid":{"rendered":"http:\/\/patagoniambiental.com.ar\/info\/?p=35684"},"modified":"2017-09-29T10:44:57","modified_gmt":"2017-09-29T13:44:57","slug":"vecinos-de-neuquen-marchan-porque-el-municipio-socava-la-barda-sin-dar-explicaciones","status":"publish","type":"post","link":"https:\/\/patagoniambiental.com.ar\/info\/vecinos-de-neuquen-marchan-porque-el-municipio-socava-la-barda-sin-dar-explicaciones\/","title":{"rendered":"Vecinos de Neuqu\u00e9n marchan porque el Municipio socava la barda sin dar explicaciones"},"content":{"rendered":"<article id=\"article-post\" class=\"cat-rojo\">\n<header>\n<div class=\"row\">\n<div class=\"col-xs-12\">\n<p class=\"title\">Neuqu\u00e9n.-Se manifestar\u00e1n esta tarde en Plaza de las Banderas.<\/p>\n<p><!--more--><\/p>\n<\/div>\n<\/div>\n<\/header>\n<div class=\"head-image thumb-wrap relative\">\n<div id=\"content-gallery\">\n<div id=\"fotogaleria-Object_3184_1797\" class=\"gallery\">\n<div class=\"col2\">\n<div class=\"image itemGallery classid493071\">\n<p><a title=\"\" href=\"https:\/\/media.lmneuquen.com\/adjuntos\/195\/imagenes\/002\/720\/0002720268.jpg\"><img fetchpriority=\"high\" decoding=\"async\" title=\"Vecinos marchan porque el Municipio socava la barda sin dar explicaciones\" src=\"https:\/\/media.lmneuquen.com\/adjuntos\/195\/imagenes\/002\/720\/0002720268.jpg\" alt=\"Vecinos marchan porque el Municipio socava la barda sin dar explicaciones\" width=\"770\" height=\"433\" \/><\/a><\/p>\n<div class=\"gallery-header\"><\/div>\n<\/div>\n<\/div>\n<div class=\"clearfix\"><\/div>\n<\/div>\n<\/div>\n<\/div>\n<div class=\"cuerpo\">\n<p>Un grupo de vecinos de la\u00a0<a class=\"agrupador\" href=\"https:\/\/www.lmneuquen.com\/URL_AGRUPADOR_195\/ciudad-a245\" rel=\"245\">ciudad<\/a>\u00a0organiz\u00f3 una manifestacion para esta tarde tras denunciar al Municipio por socavar la barda \u00absin dar explicaciones\u00bb sobre cu\u00e1l es el fin de esa obra.<strong>\u00a0La marcha se realizar\u00e1 a las 16.30 en el barrio Rinc\u00f3n de Emilio.<\/strong><\/p>\n<\/div>\n<\/article>\n<p>&nbsp;<\/p>\n<article id=\"article-post\" class=\"cat-rojo\">\n<div class=\"cuerpo\">\n<p><strong>Mart\u00edn Romero<\/strong>, integrante del grupo de senderistas Alpatacos Entrena, explic\u00f3 esta ma\u00f1ana en declaraciones a\u00a0<strong>LU5<\/strong>\u00a0que se comenzaron a reunir \u00abpara defender la barda porque est\u00e1n destruyendo un lugar protegido\u00bb.<\/p>\n<div class=\"teads-inread\"><\/div>\n<p>\u00ab<strong>Hace una semana vimos una topadora trabajando en la barda, y empezamos a alertar a la gente de lo que estaba pasando.<\/strong>\u00a0Le preguntamos al Concejo Deliberante y ellos nos dijeron que no sab\u00edan nada, as\u00ed que organizamos esta marcha con urgencia para hoy porque est\u00e1n avanzando cada d\u00eda m\u00e1s con la socavaci\u00f3n\u00bb, asegur\u00f3 Romero, que indic\u00f3 que no saben si las obras tienen que ver con alg\u00fan trabajo p\u00fablico o son para un emprendimiento de car\u00e1cter privado.<\/p>\n<p><strong>Desde el municipio neuquino, el subsecretario de Programaci\u00f3n, Estudios y Proyectos, Rub\u00e9n Fern\u00e1ndez Seppi, inform\u00f3<\/strong>\u00a0<strong>que el movimiento de suelo \u00abcorresponde a la construcci\u00f3n de un azud<\/strong>\u00a0que lo est\u00e1 haciendo la empresa que ha emprendido un desarrollo inmobiliario aguas abajo\u201d.<\/p>\n<p>El funcionario aclar\u00f3 que \u201cforma parte de las obras que hemos requerido como municipio para contener el agua de lluvia y evitar inundaciones en este loteo futuro, como tambi\u00e9n en Rinc\u00f3n de Emilio\u201d.<\/p>\n<p>Fern\u00e1ndez Seppi\u00a0<strong>subray\u00f3 que \u201ces una obra que corresponde a un azud que se est\u00e1 haciendo en una tierra privada con m\u00e1quinas y personal del privado, no del municipio<\/strong>\u201d.<\/p>\n<p><strong>El MPN le pide explicaciones al Municipio<\/strong><\/p>\n<p>El bloque de concejales del MPN le pidi\u00f3 explicaci\u00f3n al Ejecutivo municipal por los \u00abmovimientos de suelo en la barda que podr\u00edan afectar el equilibrio ecol\u00f3gico en el \u00e1rea\u00bb.<\/p>\n<p><strong>Mar\u00eda Eugenia Ferraresso, Abel Di Luca, Marcelo Marchetti y Pablo Bascu\u00f1an<\/strong>\u00a0recorrieron en las \u00faltimas horas la zona de la barda que est\u00e1 siendo socavada por los movimientos de suelo con m\u00e1quinas del Municipio, en trabajos que no se explican, seg\u00fan los concejales, \u00abcon claridad\u00bb.<\/p>\n<p>Ferraresso, presidenta de la comisi\u00f3n de Ecolog\u00eda y Medio\u00a0<a class=\"agrupador\" href=\"https:\/\/www.lmneuquen.com\/URL_AGRUPADOR_195\/ambiente-a5897\" rel=\"5897\">Ambiente<\/a>\u00a0expres\u00f3 su preocupaci\u00f3n por las denuncias recibidas por parte de quienes realizan actividades recreativas en el lugar. \u00abEstamos alarmados por el impacto negativo que ha producido el trabajo de las topadoras, no s\u00f3lo para quienes utilizan la zona para hacer deportes, sino tambi\u00e9n porque se ha afectado al patrimonio natural del \u00e1rea protegida Parque Bardas Norte\u00bb, afirm\u00f3.<\/p>\n<p>Ferraresso asegur\u00f3 que pedir\u00e1n un informe detallado al Municipio sobre la obra en cuesti\u00f3n, \u00abes evidente que se ha obviado la intervenci\u00f3n de la Unidad de Gesti\u00f3n de \u00c1reas Protegidas y se han saltado los pasos administrativos para realizar este tipo de intervenci\u00f3n en una zona que fue declarada patrimonio natural\u00bb.<\/p>\n<p><strong>La Defensor\u00eda solicita que detengan los trabajos<\/strong><\/p>\n<p>La Defensor\u00eda del Pueblo solicit\u00f3 hoy en la justicia una medida cautelar aut\u00f3noma ambiental, para que la Municipalidad s<strong>uspenda las tareas que realiza con m\u00e1quinas en la zona de barda<\/strong>, pr\u00f3xima al loteo Rinc\u00f3n del R\u00edo. En la presentaci\u00f3n, \u201ccon pronto y preferente despacho y car\u00e1cter\u00a0<strong>urgente\u201d<\/strong>, se informa que la actividad involucra un gran movimiento de suelo que modifica en forma irrecuperable el talud de la barda y arrasa de manera indiscriminada la flora y fauna del \u00c1rea Natural Protegida Parque Regional Barda Norte. Agrega que las alteraciones afecta la situaci\u00f3n pluvioaluvional del barrio Rinc\u00f3n de Emilio. La presentaci\u00f3n fue sorteada y qued\u00f3 en el juzgado civil N\u00ba 6, a cargo de Elizabeth Garc\u00eda Fleiss.<\/p>\n<p>En la exposici\u00f3n, la Defensor\u00eda se\u00f1ala que la urgencia amerita suspender todo tipo de obras hasta tanto se acredite la autorizaci\u00f3n del Ejecutivo municipal y<em>\u00a0la aprobaci\u00f3n de estudios de impacto ambiental,<\/em>\u00a0que \u2013sostiene- en forma \u201cindefectible\u201d debieron ser exigido a la empresa que ejecuta los trabajos.<\/p>\n<p>Se informa que el organismo tom\u00f3 conocimiento del movimiento de suelo por senderistas que el 23 y 24 de este mes observaron la actividad de m\u00e1quinas. El \u00e1rea afectado se ubica al oeste del loteo \u201cRinc\u00f3n del R\u00edo\u201d, de la empresa Aspa, colindante con el barrio Rinc\u00f3n de Emilio. Los vecinos preocupados por la protecci\u00f3n del Parque como \u00e1rea natural, presumen que los trabajos podr\u00edan responder al trazado de servicios p\u00fablicos para el loteo, con afectaci\u00f3n de la tutela ambiental que tiene el lugar. Agrega la presentaci\u00f3n que las \u201cversiones recibidas generan un alarmante manto de duda que ameritan el dictado de una medida precautoria\u201d, seg\u00fan las normas y principios que tutelan el ambiente (art\u00edculo 41 de la Constituci\u00f3n Nacional; ley general del Ambiente N\u00ba 25675 y C\u00f3digo Civil y Comercial de la Naci\u00f3n).<\/p>\n<p>Fuente: La Ma\u00f1ana Neuqu\u00e9n<\/p>\n<\/div>\n<\/article>\n","protected":false},"excerpt":{"rendered":"<p>Neuqu\u00e9n.-Se manifestar\u00e1n esta tarde en Plaza de las Banderas.<\/p>\n","protected":false},"author":2,"featured_media":35685,"comment_status":"open","ping_status":"open","sticky":false,"template":"","format":"standard","meta":{"site-sidebar-layout":"default","site-content-layout":"","ast-site-content-layout":"default","site-content-style":"default","site-sidebar-style":"default","ast-global-header-display":"","ast-banner-title-visibility":"","ast-main-header-display":"","ast-hfb-above-header-display":"","ast-hfb-below-header-display":"","ast-hfb-mobile-header-display":"","site-post-title":"","ast-breadcrumbs-content":"","ast-featured-img":"","footer-sml-layout":"","ast-disable-related-posts":"","theme-transparent-header-meta":"","adv-header-id-meta":"","stick-header-meta":"","header-above-stick-meta":"","header-main-stick-meta":"","header-below-stick-meta":"","astra-migrate-meta-layouts":"default","ast-page-background-enabled":"default","ast-page-background-meta":{"desktop":{"background-color":"var(--ast-global-color-5)","background-image":"","background-repeat":"repeat","background-position":"center center","background-size":"auto","background-attachment":"scroll","background-type":"","background-media":"","overlay-type":"","overlay-color":"","overlay-opacity":"","overlay-gradient":""},"tablet":{"background-color":"","background-image":"","background-repeat":"repeat","background-position":"center center","background-size":"auto","background-attachment":"scroll","background-type":"","background-media":"","overlay-type":"","overlay-color":"","overlay-opacity":"","overlay-gradient":""},"mobile":{"background-color":"","background-image":"","background-repeat":"repeat","background-position":"center center","background-size":"auto","background-attachment":"scroll","background-type":"","background-media":"","overlay-type":"","overlay-color":"","overlay-opacity":"","overlay-gradient":""}},"ast-content-background-meta":{"desktop":{"background-color":"var(--ast-global-color-4)","background-image":"","background-repeat":"repeat","background-position":"center center","background-size":"auto","background-attachment":"scroll","background-type":"","background-media":"","overlay-type":"","overlay-color":"","overlay-opacity":"","overlay-gradient":""},"tablet":{"background-color":"var(--ast-global-color-4)","background-image":"","background-repeat":"repeat","background-position":"center center","background-size":"auto","background-attachment":"scroll","background-type":"","background-media":"","overlay-type":"","overlay-color":"","overlay-opacity":"","overlay-gradient":""},"mobile":{"background-color":"var(--ast-global-color-4)","background-image":"","background-repeat":"repeat","background-position":"center center","background-size":"auto","background-attachment":"scroll","background-type":"","background-media":"","overlay-type":"","overlay-color":"","overlay-opacity":"","overlay-gradient":""}},"footnotes":""},"categories":[16,1],"tags":[],"class_list":["post-35684","post","type-post","status-publish","format-standard","has-post-thumbnail","hentry","category-municipales","category-noticias"],"yoast_head":"<!-- This site is optimized with the Yoast SEO Premium plugin v23.0 (Yoast SEO v27.4) - https:\/\/yoast.com\/product\/yoast-seo-premium-wordpress\/ -->\n<title>Vecinos de Neuqu\u00e9n marchan porque el Municipio socava la barda sin dar explicaciones<\/title>\n<meta name=\"robots\" content=\"index, follow, max-snippet:-1, max-image-preview:large, max-video-preview:-1\" \/>\n<link rel=\"canonical\" href=\"https:\/\/patagoniambiental.com.ar\/info\/vecinos-de-neuquen-marchan-porque-el-municipio-socava-la-barda-sin-dar-explicaciones\/\" \/>\n<meta property=\"og:locale\" content=\"es_ES\" \/>\n<meta property=\"og:type\" content=\"article\" \/>\n<meta property=\"og:title\" content=\"Vecinos de Neuqu\u00e9n marchan porque el Municipio socava la barda sin dar explicaciones\" \/>\n<meta property=\"og:description\" content=\"Neuqu\u00e9n.-Se manifestar\u00e1n esta tarde en Plaza de las Banderas.\" \/>\n<meta property=\"og:url\" content=\"https:\/\/patagoniambiental.com.ar\/info\/vecinos-de-neuquen-marchan-porque-el-municipio-socava-la-barda-sin-dar-explicaciones\/\" \/>\n<meta property=\"og:site_name\" content=\"Patagonia Ambiental\" \/>\n<meta property=\"article:publisher\" content=\"https:\/\/www.facebook.com\/patagonia.ambiental\" \/>\n<meta property=\"article:author\" content=\"https:\/\/www.facebook.com\/share\/1C1V8Gv9BX\/?mibextid=qi2Omg\" \/>\n<meta property=\"article:published_time\" content=\"2017-09-28T12:00:45+00:00\" \/>\n<meta property=\"article:modified_time\" content=\"2017-09-29T13:44:57+00:00\" \/>\n<meta property=\"og:image\" content=\"https:\/\/patagoniambiental.com.ar\/info\/wp-content\/uploads\/2017\/09\/0002720268.jpg\" \/>\n\t<meta property=\"og:image:width\" content=\"770\" \/>\n\t<meta property=\"og:image:height\" content=\"433\" \/>\n\t<meta property=\"og:image:type\" content=\"image\/jpeg\" \/>\n<meta name=\"author\" content=\"Patagonia Ambiental\" \/>\n<meta name=\"twitter:card\" content=\"summary_large_image\" \/>\n<meta name=\"twitter:creator\" content=\"@PatAmb\" \/>\n<meta name=\"twitter:site\" content=\"@PatAmb\" \/>\n<script type=\"application\/ld+json\" class=\"yoast-schema-graph\">{\"@context\":\"https:\\\/\\\/schema.org\",\"@graph\":[{\"@type\":\"Article\",\"@id\":\"https:\\\/\\\/patagoniambiental.com.ar\\\/info\\\/vecinos-de-neuquen-marchan-porque-el-municipio-socava-la-barda-sin-dar-explicaciones\\\/#article\",\"isPartOf\":{\"@id\":\"https:\\\/\\\/patagoniambiental.com.ar\\\/info\\\/vecinos-de-neuquen-marchan-porque-el-municipio-socava-la-barda-sin-dar-explicaciones\\\/\"},\"author\":{\"name\":\"Patagonia Ambiental\",\"@id\":\"https:\\\/\\\/patagoniambiental.com.ar\\\/info\\\/#\\\/schema\\\/person\\\/db12bff64bbcbf6a253710bf0ea37b5d\"},\"headline\":\"Vecinos de Neuqu\u00e9n marchan porque el Municipio socava la barda sin dar explicaciones\",\"datePublished\":\"2017-09-28T12:00:45+00:00\",\"dateModified\":\"2017-09-29T13:44:57+00:00\",\"mainEntityOfPage\":{\"@id\":\"https:\\\/\\\/patagoniambiental.com.ar\\\/info\\\/vecinos-de-neuquen-marchan-porque-el-municipio-socava-la-barda-sin-dar-explicaciones\\\/\"},\"wordCount\":857,\"commentCount\":0,\"publisher\":{\"@id\":\"https:\\\/\\\/patagoniambiental.com.ar\\\/info\\\/#organization\"},\"image\":{\"@id\":\"https:\\\/\\\/patagoniambiental.com.ar\\\/info\\\/vecinos-de-neuquen-marchan-porque-el-municipio-socava-la-barda-sin-dar-explicaciones\\\/#primaryimage\"},\"thumbnailUrl\":\"https:\\\/\\\/patagoniambiental.com.ar\\\/info\\\/wp-content\\\/uploads\\\/2017\\\/09\\\/0002720268.jpg\",\"articleSection\":[\"Municipales\",\"Noticias\"],\"inLanguage\":\"es\",\"potentialAction\":[{\"@type\":\"CommentAction\",\"name\":\"Comment\",\"target\":[\"https:\\\/\\\/patagoniambiental.com.ar\\\/info\\\/vecinos-de-neuquen-marchan-porque-el-municipio-socava-la-barda-sin-dar-explicaciones\\\/#respond\"]}]},{\"@type\":\"WebPage\",\"@id\":\"https:\\\/\\\/patagoniambiental.com.ar\\\/info\\\/vecinos-de-neuquen-marchan-porque-el-municipio-socava-la-barda-sin-dar-explicaciones\\\/\",\"url\":\"https:\\\/\\\/patagoniambiental.com.ar\\\/info\\\/vecinos-de-neuquen-marchan-porque-el-municipio-socava-la-barda-sin-dar-explicaciones\\\/\",\"name\":\"Vecinos de Neuqu\u00e9n marchan porque el Municipio socava la barda sin dar explicaciones\",\"isPartOf\":{\"@id\":\"https:\\\/\\\/patagoniambiental.com.ar\\\/info\\\/#website\"},\"primaryImageOfPage\":{\"@id\":\"https:\\\/\\\/patagoniambiental.com.ar\\\/info\\\/vecinos-de-neuquen-marchan-porque-el-municipio-socava-la-barda-sin-dar-explicaciones\\\/#primaryimage\"},\"image\":{\"@id\":\"https:\\\/\\\/patagoniambiental.com.ar\\\/info\\\/vecinos-de-neuquen-marchan-porque-el-municipio-socava-la-barda-sin-dar-explicaciones\\\/#primaryimage\"},\"thumbnailUrl\":\"https:\\\/\\\/patagoniambiental.com.ar\\\/info\\\/wp-content\\\/uploads\\\/2017\\\/09\\\/0002720268.jpg\",\"datePublished\":\"2017-09-28T12:00:45+00:00\",\"dateModified\":\"2017-09-29T13:44:57+00:00\",\"breadcrumb\":{\"@id\":\"https:\\\/\\\/patagoniambiental.com.ar\\\/info\\\/vecinos-de-neuquen-marchan-porque-el-municipio-socava-la-barda-sin-dar-explicaciones\\\/#breadcrumb\"},\"inLanguage\":\"es\",\"potentialAction\":[{\"@type\":\"ReadAction\",\"target\":[\"https:\\\/\\\/patagoniambiental.com.ar\\\/info\\\/vecinos-de-neuquen-marchan-porque-el-municipio-socava-la-barda-sin-dar-explicaciones\\\/\"]}]},{\"@type\":\"ImageObject\",\"inLanguage\":\"es\",\"@id\":\"https:\\\/\\\/patagoniambiental.com.ar\\\/info\\\/vecinos-de-neuquen-marchan-porque-el-municipio-socava-la-barda-sin-dar-explicaciones\\\/#primaryimage\",\"url\":\"https:\\\/\\\/patagoniambiental.com.ar\\\/info\\\/wp-content\\\/uploads\\\/2017\\\/09\\\/0002720268.jpg\",\"contentUrl\":\"https:\\\/\\\/patagoniambiental.com.ar\\\/info\\\/wp-content\\\/uploads\\\/2017\\\/09\\\/0002720268.jpg\",\"width\":770,\"height\":433},{\"@type\":\"BreadcrumbList\",\"@id\":\"https:\\\/\\\/patagoniambiental.com.ar\\\/info\\\/vecinos-de-neuquen-marchan-porque-el-municipio-socava-la-barda-sin-dar-explicaciones\\\/#breadcrumb\",\"itemListElement\":[{\"@type\":\"ListItem\",\"position\":1,\"name\":\"Inicio\",\"item\":\"https:\\\/\\\/patagoniambiental.com.ar\\\/info\\\/\"},{\"@type\":\"ListItem\",\"position\":2,\"name\":\"Vecinos de Neuqu\u00e9n marchan porque el Municipio socava la barda sin dar explicaciones\"}]},{\"@type\":\"WebSite\",\"@id\":\"https:\\\/\\\/patagoniambiental.com.ar\\\/info\\\/#website\",\"url\":\"https:\\\/\\\/patagoniambiental.com.ar\\\/info\\\/\",\"name\":\"Patagonia Ambiental\",\"description\":\"Monitoreo y an\u00e1lisis de la situaci\u00f3n geopol\u00edtica en el mundo y su implicancia en la Patagonia\",\"publisher\":{\"@id\":\"https:\\\/\\\/patagoniambiental.com.ar\\\/info\\\/#organization\"},\"potentialAction\":[{\"@type\":\"SearchAction\",\"target\":{\"@type\":\"EntryPoint\",\"urlTemplate\":\"https:\\\/\\\/patagoniambiental.com.ar\\\/info\\\/?s={search_term_string}\"},\"query-input\":{\"@type\":\"PropertyValueSpecification\",\"valueRequired\":true,\"valueName\":\"search_term_string\"}}],\"inLanguage\":\"es\"},{\"@type\":\"Organization\",\"@id\":\"https:\\\/\\\/patagoniambiental.com.ar\\\/info\\\/#organization\",\"name\":\"Patagonia Ambiental\",\"url\":\"https:\\\/\\\/patagoniambiental.com.ar\\\/info\\\/\",\"logo\":{\"@type\":\"ImageObject\",\"inLanguage\":\"es\",\"@id\":\"https:\\\/\\\/patagoniambiental.com.ar\\\/info\\\/#\\\/schema\\\/logo\\\/image\\\/\",\"url\":\"https:\\\/\\\/patagoniambiental.com.ar\\\/info\\\/wp-content\\\/uploads\\\/2025\\\/05\\\/LOGO-PATAGONIA-AMBIENTAL.png\",\"contentUrl\":\"https:\\\/\\\/patagoniambiental.com.ar\\\/info\\\/wp-content\\\/uploads\\\/2025\\\/05\\\/LOGO-PATAGONIA-AMBIENTAL.png\",\"width\":433,\"height\":250,\"caption\":\"Patagonia Ambiental\"},\"image\":{\"@id\":\"https:\\\/\\\/patagoniambiental.com.ar\\\/info\\\/#\\\/schema\\\/logo\\\/image\\\/\"},\"sameAs\":[\"https:\\\/\\\/www.facebook.com\\\/patagonia.ambiental\",\"https:\\\/\\\/x.com\\\/PatAmb\"]},{\"@type\":\"Person\",\"@id\":\"https:\\\/\\\/patagoniambiental.com.ar\\\/info\\\/#\\\/schema\\\/person\\\/db12bff64bbcbf6a253710bf0ea37b5d\",\"name\":\"Patagonia Ambiental\",\"description\":\"Andr\u00e9s Nievas T\u00e9cnico en manejo ambiental, consultor Ambiental y escritor para medios locales e internacionales sobre temas de geopolitica y medio ambiente.\",\"sameAs\":[\"http:\\\/\\\/www.patagoniambiental.com.ar\",\"https:\\\/\\\/www.facebook.com\\\/share\\\/1C1V8Gv9BX\\\/?mibextid=qi2Omg\",\"@patagoniambiental\",\"https:\\\/\\\/youtube.com\\\/@patagoniaambiental2023?si=BLt58t0wuXquxlYZ\"]}]}<\/script>\n<!-- \/ Yoast SEO Premium plugin. -->","yoast_head_json":{"title":"Vecinos de Neuqu\u00e9n marchan porque el Municipio socava la barda sin dar explicaciones","robots":{"index":"index","follow":"follow","max-snippet":"max-snippet:-1","max-image-preview":"max-image-preview:large","max-video-preview":"max-video-preview:-1"},"canonical":"https:\/\/patagoniambiental.com.ar\/info\/vecinos-de-neuquen-marchan-porque-el-municipio-socava-la-barda-sin-dar-explicaciones\/","og_locale":"es_ES","og_type":"article","og_title":"Vecinos de Neuqu\u00e9n marchan porque el Municipio socava la barda sin dar explicaciones","og_description":"Neuqu\u00e9n.-Se manifestar\u00e1n esta tarde en Plaza de las Banderas.","og_url":"https:\/\/patagoniambiental.com.ar\/info\/vecinos-de-neuquen-marchan-porque-el-municipio-socava-la-barda-sin-dar-explicaciones\/","og_site_name":"Patagonia Ambiental","article_publisher":"https:\/\/www.facebook.com\/patagonia.ambiental","article_author":"https:\/\/www.facebook.com\/share\/1C1V8Gv9BX\/?mibextid=qi2Omg","article_published_time":"2017-09-28T12:00:45+00:00","article_modified_time":"2017-09-29T13:44:57+00:00","og_image":[{"width":770,"height":433,"url":"https:\/\/patagoniambiental.com.ar\/info\/wp-content\/uploads\/2017\/09\/0002720268.jpg","type":"image\/jpeg"}],"author":"Patagonia Ambiental","twitter_card":"summary_large_image","twitter_creator":"@PatAmb","twitter_site":"@PatAmb","schema":{"@context":"https:\/\/schema.org","@graph":[{"@type":"Article","@id":"https:\/\/patagoniambiental.com.ar\/info\/vecinos-de-neuquen-marchan-porque-el-municipio-socava-la-barda-sin-dar-explicaciones\/#article","isPartOf":{"@id":"https:\/\/patagoniambiental.com.ar\/info\/vecinos-de-neuquen-marchan-porque-el-municipio-socava-la-barda-sin-dar-explicaciones\/"},"author":{"name":"Patagonia Ambiental","@id":"https:\/\/patagoniambiental.com.ar\/info\/#\/schema\/person\/db12bff64bbcbf6a253710bf0ea37b5d"},"headline":"Vecinos de Neuqu\u00e9n marchan porque el Municipio socava la barda sin dar explicaciones","datePublished":"2017-09-28T12:00:45+00:00","dateModified":"2017-09-29T13:44:57+00:00","mainEntityOfPage":{"@id":"https:\/\/patagoniambiental.com.ar\/info\/vecinos-de-neuquen-marchan-porque-el-municipio-socava-la-barda-sin-dar-explicaciones\/"},"wordCount":857,"commentCount":0,"publisher":{"@id":"https:\/\/patagoniambiental.com.ar\/info\/#organization"},"image":{"@id":"https:\/\/patagoniambiental.com.ar\/info\/vecinos-de-neuquen-marchan-porque-el-municipio-socava-la-barda-sin-dar-explicaciones\/#primaryimage"},"thumbnailUrl":"https:\/\/patagoniambiental.com.ar\/info\/wp-content\/uploads\/2017\/09\/0002720268.jpg","articleSection":["Municipales","Noticias"],"inLanguage":"es","potentialAction":[{"@type":"CommentAction","name":"Comment","target":["https:\/\/patagoniambiental.com.ar\/info\/vecinos-de-neuquen-marchan-porque-el-municipio-socava-la-barda-sin-dar-explicaciones\/#respond"]}]},{"@type":"WebPage","@id":"https:\/\/patagoniambiental.com.ar\/info\/vecinos-de-neuquen-marchan-porque-el-municipio-socava-la-barda-sin-dar-explicaciones\/","url":"https:\/\/patagoniambiental.com.ar\/info\/vecinos-de-neuquen-marchan-porque-el-municipio-socava-la-barda-sin-dar-explicaciones\/","name":"Vecinos de Neuqu\u00e9n marchan porque el Municipio socava la barda sin dar explicaciones","isPartOf":{"@id":"https:\/\/patagoniambiental.com.ar\/info\/#website"},"primaryImageOfPage":{"@id":"https:\/\/patagoniambiental.com.ar\/info\/vecinos-de-neuquen-marchan-porque-el-municipio-socava-la-barda-sin-dar-explicaciones\/#primaryimage"},"image":{"@id":"https:\/\/patagoniambiental.com.ar\/info\/vecinos-de-neuquen-marchan-porque-el-municipio-socava-la-barda-sin-dar-explicaciones\/#primaryimage"},"thumbnailUrl":"https:\/\/patagoniambiental.com.ar\/info\/wp-content\/uploads\/2017\/09\/0002720268.jpg","datePublished":"2017-09-28T12:00:45+00:00","dateModified":"2017-09-29T13:44:57+00:00","breadcrumb":{"@id":"https:\/\/patagoniambiental.com.ar\/info\/vecinos-de-neuquen-marchan-porque-el-municipio-socava-la-barda-sin-dar-explicaciones\/#breadcrumb"},"inLanguage":"es","potentialAction":[{"@type":"ReadAction","target":["https:\/\/patagoniambiental.com.ar\/info\/vecinos-de-neuquen-marchan-porque-el-municipio-socava-la-barda-sin-dar-explicaciones\/"]}]},{"@type":"ImageObject","inLanguage":"es","@id":"https:\/\/patagoniambiental.com.ar\/info\/vecinos-de-neuquen-marchan-porque-el-municipio-socava-la-barda-sin-dar-explicaciones\/#primaryimage","url":"https:\/\/patagoniambiental.com.ar\/info\/wp-content\/uploads\/2017\/09\/0002720268.jpg","contentUrl":"https:\/\/patagoniambiental.com.ar\/info\/wp-content\/uploads\/2017\/09\/0002720268.jpg","width":770,"height":433},{"@type":"BreadcrumbList","@id":"https:\/\/patagoniambiental.com.ar\/info\/vecinos-de-neuquen-marchan-porque-el-municipio-socava-la-barda-sin-dar-explicaciones\/#breadcrumb","itemListElement":[{"@type":"ListItem","position":1,"name":"Inicio","item":"https:\/\/patagoniambiental.com.ar\/info\/"},{"@type":"ListItem","position":2,"name":"Vecinos de Neuqu\u00e9n marchan porque el Municipio socava la barda sin dar explicaciones"}]},{"@type":"WebSite","@id":"https:\/\/patagoniambiental.com.ar\/info\/#website","url":"https:\/\/patagoniambiental.com.ar\/info\/","name":"Patagonia Ambiental","description":"Monitoreo y an\u00e1lisis de la situaci\u00f3n geopol\u00edtica en el mundo y su implicancia en la Patagonia","publisher":{"@id":"https:\/\/patagoniambiental.com.ar\/info\/#organization"},"potentialAction":[{"@type":"SearchAction","target":{"@type":"EntryPoint","urlTemplate":"https:\/\/patagoniambiental.com.ar\/info\/?s={search_term_string}"},"query-input":{"@type":"PropertyValueSpecification","valueRequired":true,"valueName":"search_term_string"}}],"inLanguage":"es"},{"@type":"Organization","@id":"https:\/\/patagoniambiental.com.ar\/info\/#organization","name":"Patagonia Ambiental","url":"https:\/\/patagoniambiental.com.ar\/info\/","logo":{"@type":"ImageObject","inLanguage":"es","@id":"https:\/\/patagoniambiental.com.ar\/info\/#\/schema\/logo\/image\/","url":"https:\/\/patagoniambiental.com.ar\/info\/wp-content\/uploads\/2025\/05\/LOGO-PATAGONIA-AMBIENTAL.png","contentUrl":"https:\/\/patagoniambiental.com.ar\/info\/wp-content\/uploads\/2025\/05\/LOGO-PATAGONIA-AMBIENTAL.png","width":433,"height":250,"caption":"Patagonia Ambiental"},"image":{"@id":"https:\/\/patagoniambiental.com.ar\/info\/#\/schema\/logo\/image\/"},"sameAs":["https:\/\/www.facebook.com\/patagonia.ambiental","https:\/\/x.com\/PatAmb"]},{"@type":"Person","@id":"https:\/\/patagoniambiental.com.ar\/info\/#\/schema\/person\/db12bff64bbcbf6a253710bf0ea37b5d","name":"Patagonia Ambiental","description":"Andr\u00e9s Nievas T\u00e9cnico en manejo ambiental, consultor Ambiental y escritor para medios locales e internacionales sobre temas de geopolitica y medio ambiente.","sameAs":["http:\/\/www.patagoniambiental.com.ar","https:\/\/www.facebook.com\/share\/1C1V8Gv9BX\/?mibextid=qi2Omg","@patagoniambiental","https:\/\/youtube.com\/@patagoniaambiental2023?si=BLt58t0wuXquxlYZ"]}]}},"_links":{"self":[{"href":"https:\/\/patagoniambiental.com.ar\/info\/wp-json\/wp\/v2\/posts\/35684","targetHints":{"allow":["GET"]}}],"collection":[{"href":"https:\/\/patagoniambiental.com.ar\/info\/wp-json\/wp\/v2\/posts"}],"about":[{"href":"https:\/\/patagoniambiental.com.ar\/info\/wp-json\/wp\/v2\/types\/post"}],"author":[{"embeddable":true,"href":"https:\/\/patagoniambiental.com.ar\/info\/wp-json\/wp\/v2\/users\/2"}],"replies":[{"embeddable":true,"href":"https:\/\/patagoniambiental.com.ar\/info\/wp-json\/wp\/v2\/comments?post=35684"}],"version-history":[{"count":0,"href":"https:\/\/patagoniambiental.com.ar\/info\/wp-json\/wp\/v2\/posts\/35684\/revisions"}],"wp:featuredmedia":[{"embeddable":true,"href":"https:\/\/patagoniambiental.com.ar\/info\/wp-json\/wp\/v2\/media\/35685"}],"wp:attachment":[{"href":"https:\/\/patagoniambiental.com.ar\/info\/wp-json\/wp\/v2\/media?parent=35684"}],"wp:term":[{"taxonomy":"category","embeddable":true,"href":"https:\/\/patagoniambiental.com.ar\/info\/wp-json\/wp\/v2\/categories?post=35684"},{"taxonomy":"post_tag","embeddable":true,"href":"https:\/\/patagoniambiental.com.ar\/info\/wp-json\/wp\/v2\/tags?post=35684"}],"curies":[{"name":"wp","href":"https:\/\/api.w.org\/{rel}","templated":true}]}}