{"id":35701,"date":"2017-09-29T19:00:34","date_gmt":"2017-09-29T22:00:34","guid":{"rendered":"http:\/\/patagoniambiental.com.ar\/info\/?p=35701"},"modified":"2017-09-29T13:02:15","modified_gmt":"2017-09-29T16:02:15","slug":"el-punto-limpio-movil-sigue-recorriendo-los-barrios-de-trelew-con-el-ecocanje","status":"publish","type":"post","link":"https:\/\/patagoniambiental.com.ar\/info\/el-punto-limpio-movil-sigue-recorriendo-los-barrios-de-trelew-con-el-ecocanje\/","title":{"rendered":"El Punto Limpio M\u00f3vil sigue recorriendo los barrios de Trelew con el ECOCANJE"},"content":{"rendered":"<div id=\"js_45\" class=\"_5pbx userContent _3576\" data-ft=\"{&quot;tn&quot;:&quot;K&quot;}\">\n<div id=\"id_59ce6d9a048421612496159\" class=\"text_exposed_root text_exposed\">\n<p>Trelew.-Ayer y hoy en el barrio San Jos\u00e9 el Punto Limpio M\u00f3vil sigue recorriendo los barrios de Trelew con el ECOCANJE.<\/p>\n<p><!--more--><br \/>\nLa Municipalidad de Trelew, a trav\u00e9s de su Direcci\u00f3n de Gesti\u00f3n Ambiental, anunci\u00f3 la continuidad del Programa \u201cEl Punto Limpio en tu barrio\u201d, iniciado el mes de agosto pasado en conjunto con el Consorcio de Gesti\u00f3n Integral de Residuos S\u00f3lidos Urbanos, recorriendo los barrios y entregando abono org\u00e1nico para parques y jardines, a cambio de residuos secos, el\u00e9ctric<span class=\"text_exposed_show\">os y electr\u00f3nicos.<br \/>\nCon la presencia esta semana, en la sede vecinal del barrio San Jos\u00e9, sita en Remedios de Escalada N\u00b01077, concluye la primera etapa en la que se visitaron los barrios Etchepare, Malvinas Argentinas, Norte, Planta de Gas, Centro, Democracia Argentina, San David y San Jos\u00e9.<br \/>\nLa semana pr\u00f3xima, siempre los jueves y viernes en el horario de 15 a 19 horas, se iniciar\u00e1 la segunda y \u00faltima etapa del presente a\u00f1o recorriendo los barrios Abel Amaya, Santa M\u00f3nica, Don Bosco, Santa Catalina, Oeste, Alberdi, Constituci\u00f3n, Sarmiento y Tiro Federal.<br \/>\n\u201cA dos meses de iniciado el Programa\u201d, se indic\u00f3 desde la Direcci\u00f3n de Gesti\u00f3n Ambiental, \u201cel balance que hacemos con el Consorcio es muy positivo, ya que los vecinos se est\u00e1n acostumbrando a que todas las semanas el Punto Limpio M\u00f3vil este funcionando en alg\u00fan punto de la ciudad\u201d.<br \/>\nResiduos Reciclables y \u201cEcocanje\u201d<br \/>\nSe recuerda a los vecinos que pueden acercar residuos secos separados como pl\u00e1sticos, metales, vidrios, papel, cart\u00f3n, residuos de aparatos el\u00e9ctricos y electr\u00f3nicos en desuso y pilas pero no se reciben residuos voluminosos como grandes electrodom\u00e9sticos, muebles, escombros y residuos h\u00famedos.<br \/>\nA cambio, bajo la modalidad denominada \u201cEcocanje\u201d, recibir\u00e1n a cambio, bolsas biodegradables de 1 y 2 kilos de abono para fertilizar parques y jardines, producido a partir de residuos org\u00e1nicos procesados en las plantas de separaci\u00f3n y transferencia del sistema G.I.R.S.U. en Trelew y Puerto Madryn.<br \/>\nAdem\u00e1s los vecinos podr\u00e1n informarse acerca de los recorridos diferenciados en cada barrio y la importancia de la separaci\u00f3n de residuos en cada hogar.<br \/>\nPara mayor informaci\u00f3n dirigirse a la Direcci\u00f3n de Gesti\u00f3n Ambiental, Mitre 73 en el horario de 7 a 13 horas, o llamar al 4421424, o al correo electr\u00f3nico gestion.ambiental.trelew@gmail.com o ingresar a\u00a0<a href=\"https:\/\/www.facebook.com\/ambientetw\" data-ft=\"{&quot;tn&quot;:&quot;-U&quot;}\">www.facebook.com\/ambientetw<\/a><\/span><\/p>\n<\/div>\n<\/div>\n<p>&nbsp;<\/p>\n<div class=\"_3x-2\">\n<div data-ft=\"{&quot;tn&quot;:&quot;H&quot;}\">\n<div class=\"mtm\">\n<div class=\"_2a2q\">\n<div class=\"uiScaledImageContainer\"><img fetchpriority=\"high\" decoding=\"async\" class=\"scaledImageFitWidth img\" src=\"https:\/\/scontent-eze1-1.xx.fbcdn.net\/v\/t1.0-0\/p235x350\/22046080_1401373959911122_614634784807464983_n.jpg?oh=90afc98ea3d91ac56115f1430788c583&amp;oe=5A50D8FB\" alt=\"La imagen puede contener: pantalla y exterior\" width=\"450\" height=\"338\" \/><\/div>\n<div class=\"uiScaledImageContainer\"><img decoding=\"async\" class=\"scaledImageFitHeight img\" src=\"https:\/\/scontent-eze1-1.xx.fbcdn.net\/v\/t1.0-0\/p75x225\/22007441_1401374123244439_4353437279795270250_n.jpg?oh=31a53d9732c98faed44627e9bafc4fd5&amp;oe=5A83FDD2\" alt=\"La imagen puede contener: cielo y exterior\" width=\"374\" height=\"224\" \/><\/div>\n<div class=\"uiScaledImageContainer\"><img decoding=\"async\" class=\"scaledImageFitWidth img\" src=\"https:\/\/scontent-eze1-1.xx.fbcdn.net\/v\/t1.0-0\/q81\/s280x280\/22090199_1401374363244415_4884125398465340517_n.jpg?oh=16a9b50ffc6dd23f2a4a1fe7bea46a56&amp;oe=5A47C729\" alt=\"No hay texto alternativo autom\u00e1tico disponible.\" width=\"224\" height=\"278\" \/><\/div>\n<\/div>\n<\/div>\n<\/div>\n<\/div>\n","protected":false},"excerpt":{"rendered":"<p>Trelew.-Ayer y hoy en el barrio San Jos\u00e9 el Punto Limpio M\u00f3vil sigue recorriendo los barrios de Trelew con el [&hellip;]<\/p>\n","protected":false},"author":2,"featured_media":35702,"comment_status":"open","ping_status":"open","sticky":false,"template":"","format":"standard","meta":{"site-sidebar-layout":"default","site-content-layout":"","ast-site-content-layout":"default","site-content-style":"default","site-sidebar-style":"default","ast-global-header-display":"","ast-banner-title-visibility":"","ast-main-header-display":"","ast-hfb-above-header-display":"","ast-hfb-below-header-display":"","ast-hfb-mobile-header-display":"","site-post-title":"","ast-breadcrumbs-content":"","ast-featured-img":"","footer-sml-layout":"","ast-disable-related-posts":"","theme-transparent-header-meta":"","adv-header-id-meta":"","stick-header-meta":"","header-above-stick-meta":"","header-main-stick-meta":"","header-below-stick-meta":"","astra-migrate-meta-layouts":"default","ast-page-background-enabled":"default","ast-page-background-meta":{"desktop":{"background-color":"var(--ast-global-color-5)","background-image":"","background-repeat":"repeat","background-position":"center center","background-size":"auto","background-attachment":"scroll","background-type":"","background-media":"","overlay-type":"","overlay-color":"","overlay-opacity":"","overlay-gradient":""},"tablet":{"background-color":"","background-image":"","background-repeat":"repeat","background-position":"center center","background-size":"auto","background-attachment":"scroll","background-type":"","background-media":"","overlay-type":"","overlay-color":"","overlay-opacity":"","overlay-gradient":""},"mobile":{"background-color":"","background-image":"","background-repeat":"repeat","background-position":"center center","background-size":"auto","background-attachment":"scroll","background-type":"","background-media":"","overlay-type":"","overlay-color":"","overlay-opacity":"","overlay-gradient":""}},"ast-content-background-meta":{"desktop":{"background-color":"var(--ast-global-color-4)","background-image":"","background-repeat":"repeat","background-position":"center center","background-size":"auto","background-attachment":"scroll","background-type":"","background-media":"","overlay-type":"","overlay-color":"","overlay-opacity":"","overlay-gradient":""},"tablet":{"background-color":"var(--ast-global-color-4)","background-image":"","background-repeat":"repeat","background-position":"center center","background-size":"auto","background-attachment":"scroll","background-type":"","background-media":"","overlay-type":"","overlay-color":"","overlay-opacity":"","overlay-gradient":""},"mobile":{"background-color":"var(--ast-global-color-4)","background-image":"","background-repeat":"repeat","background-position":"center center","background-size":"auto","background-attachment":"scroll","background-type":"","background-media":"","overlay-type":"","overlay-color":"","overlay-opacity":"","overlay-gradient":""}},"footnotes":""},"categories":[1],"tags":[],"class_list":["post-35701","post","type-post","status-publish","format-standard","has-post-thumbnail","hentry","category-noticias"],"yoast_head":"<!-- This site is optimized with the Yoast SEO Premium plugin v23.0 (Yoast SEO v27.5) - https:\/\/yoast.com\/product\/yoast-seo-premium-wordpress\/ -->\n<title>El Punto Limpio M\u00f3vil sigue recorriendo los barrios de Trelew con el ECOCANJE<\/title>\n<meta name=\"robots\" content=\"index, follow, max-snippet:-1, max-image-preview:large, max-video-preview:-1\" \/>\n<link rel=\"canonical\" href=\"https:\/\/patagoniambiental.com.ar\/info\/el-punto-limpio-movil-sigue-recorriendo-los-barrios-de-trelew-con-el-ecocanje\/\" \/>\n<meta property=\"og:locale\" content=\"es_ES\" \/>\n<meta property=\"og:type\" content=\"article\" \/>\n<meta property=\"og:title\" content=\"El Punto Limpio M\u00f3vil sigue recorriendo los barrios de Trelew con el ECOCANJE\" \/>\n<meta property=\"og:description\" content=\"Trelew.-Ayer y hoy en el barrio San Jos\u00e9 el Punto Limpio M\u00f3vil sigue recorriendo los barrios de Trelew con el [&hellip;]\" \/>\n<meta property=\"og:url\" content=\"https:\/\/patagoniambiental.com.ar\/info\/el-punto-limpio-movil-sigue-recorriendo-los-barrios-de-trelew-con-el-ecocanje\/\" \/>\n<meta property=\"og:site_name\" content=\"Patagonia Ambiental\" \/>\n<meta property=\"article:publisher\" content=\"https:\/\/www.facebook.com\/patagonia.ambiental\" \/>\n<meta property=\"article:author\" content=\"https:\/\/www.facebook.com\/share\/1C1V8Gv9BX\/?mibextid=qi2Omg\" \/>\n<meta property=\"article:published_time\" content=\"2017-09-29T22:00:34+00:00\" \/>\n<meta property=\"og:image\" content=\"https:\/\/patagoniambiental.com.ar\/info\/wp-content\/uploads\/2017\/09\/22046080_1401373959911122_614634784807464983_n.jpg\" \/>\n\t<meta property=\"og:image:width\" content=\"466\" \/>\n\t<meta property=\"og:image:height\" content=\"350\" \/>\n\t<meta property=\"og:image:type\" content=\"image\/jpeg\" \/>\n<meta name=\"author\" content=\"Patagonia Ambiental\" \/>\n<meta name=\"twitter:card\" content=\"summary_large_image\" \/>\n<meta name=\"twitter:creator\" content=\"@PatAmb\" \/>\n<meta name=\"twitter:site\" content=\"@PatAmb\" \/>\n<script type=\"application\/ld+json\" class=\"yoast-schema-graph\">{\"@context\":\"https:\\\/\\\/schema.org\",\"@graph\":[{\"@type\":\"Article\",\"@id\":\"https:\\\/\\\/patagoniambiental.com.ar\\\/info\\\/el-punto-limpio-movil-sigue-recorriendo-los-barrios-de-trelew-con-el-ecocanje\\\/#article\",\"isPartOf\":{\"@id\":\"https:\\\/\\\/patagoniambiental.com.ar\\\/info\\\/el-punto-limpio-movil-sigue-recorriendo-los-barrios-de-trelew-con-el-ecocanje\\\/\"},\"author\":{\"name\":\"Patagonia Ambiental\",\"@id\":\"https:\\\/\\\/patagoniambiental.com.ar\\\/info\\\/#\\\/schema\\\/person\\\/db12bff64bbcbf6a253710bf0ea37b5d\"},\"headline\":\"El Punto Limpio M\u00f3vil sigue recorriendo los barrios de Trelew con el ECOCANJE\",\"datePublished\":\"2017-09-29T22:00:34+00:00\",\"mainEntityOfPage\":{\"@id\":\"https:\\\/\\\/patagoniambiental.com.ar\\\/info\\\/el-punto-limpio-movil-sigue-recorriendo-los-barrios-de-trelew-con-el-ecocanje\\\/\"},\"wordCount\":420,\"commentCount\":0,\"publisher\":{\"@id\":\"https:\\\/\\\/patagoniambiental.com.ar\\\/info\\\/#organization\"},\"image\":{\"@id\":\"https:\\\/\\\/patagoniambiental.com.ar\\\/info\\\/el-punto-limpio-movil-sigue-recorriendo-los-barrios-de-trelew-con-el-ecocanje\\\/#primaryimage\"},\"thumbnailUrl\":\"https:\\\/\\\/patagoniambiental.com.ar\\\/info\\\/wp-content\\\/uploads\\\/2017\\\/09\\\/22046080_1401373959911122_614634784807464983_n.jpg\",\"articleSection\":[\"Noticias\"],\"inLanguage\":\"es\",\"potentialAction\":[{\"@type\":\"CommentAction\",\"name\":\"Comment\",\"target\":[\"https:\\\/\\\/patagoniambiental.com.ar\\\/info\\\/el-punto-limpio-movil-sigue-recorriendo-los-barrios-de-trelew-con-el-ecocanje\\\/#respond\"]}]},{\"@type\":\"WebPage\",\"@id\":\"https:\\\/\\\/patagoniambiental.com.ar\\\/info\\\/el-punto-limpio-movil-sigue-recorriendo-los-barrios-de-trelew-con-el-ecocanje\\\/\",\"url\":\"https:\\\/\\\/patagoniambiental.com.ar\\\/info\\\/el-punto-limpio-movil-sigue-recorriendo-los-barrios-de-trelew-con-el-ecocanje\\\/\",\"name\":\"El Punto Limpio M\u00f3vil sigue recorriendo los barrios de Trelew con el ECOCANJE\",\"isPartOf\":{\"@id\":\"https:\\\/\\\/patagoniambiental.com.ar\\\/info\\\/#website\"},\"primaryImageOfPage\":{\"@id\":\"https:\\\/\\\/patagoniambiental.com.ar\\\/info\\\/el-punto-limpio-movil-sigue-recorriendo-los-barrios-de-trelew-con-el-ecocanje\\\/#primaryimage\"},\"image\":{\"@id\":\"https:\\\/\\\/patagoniambiental.com.ar\\\/info\\\/el-punto-limpio-movil-sigue-recorriendo-los-barrios-de-trelew-con-el-ecocanje\\\/#primaryimage\"},\"thumbnailUrl\":\"https:\\\/\\\/patagoniambiental.com.ar\\\/info\\\/wp-content\\\/uploads\\\/2017\\\/09\\\/22046080_1401373959911122_614634784807464983_n.jpg\",\"datePublished\":\"2017-09-29T22:00:34+00:00\",\"breadcrumb\":{\"@id\":\"https:\\\/\\\/patagoniambiental.com.ar\\\/info\\\/el-punto-limpio-movil-sigue-recorriendo-los-barrios-de-trelew-con-el-ecocanje\\\/#breadcrumb\"},\"inLanguage\":\"es\",\"potentialAction\":[{\"@type\":\"ReadAction\",\"target\":[\"https:\\\/\\\/patagoniambiental.com.ar\\\/info\\\/el-punto-limpio-movil-sigue-recorriendo-los-barrios-de-trelew-con-el-ecocanje\\\/\"]}]},{\"@type\":\"ImageObject\",\"inLanguage\":\"es\",\"@id\":\"https:\\\/\\\/patagoniambiental.com.ar\\\/info\\\/el-punto-limpio-movil-sigue-recorriendo-los-barrios-de-trelew-con-el-ecocanje\\\/#primaryimage\",\"url\":\"https:\\\/\\\/patagoniambiental.com.ar\\\/info\\\/wp-content\\\/uploads\\\/2017\\\/09\\\/22046080_1401373959911122_614634784807464983_n.jpg\",\"contentUrl\":\"https:\\\/\\\/patagoniambiental.com.ar\\\/info\\\/wp-content\\\/uploads\\\/2017\\\/09\\\/22046080_1401373959911122_614634784807464983_n.jpg\",\"width\":466,\"height\":350},{\"@type\":\"BreadcrumbList\",\"@id\":\"https:\\\/\\\/patagoniambiental.com.ar\\\/info\\\/el-punto-limpio-movil-sigue-recorriendo-los-barrios-de-trelew-con-el-ecocanje\\\/#breadcrumb\",\"itemListElement\":[{\"@type\":\"ListItem\",\"position\":1,\"name\":\"Inicio\",\"item\":\"https:\\\/\\\/patagoniambiental.com.ar\\\/info\\\/\"},{\"@type\":\"ListItem\",\"position\":2,\"name\":\"El Punto Limpio M\u00f3vil sigue recorriendo los barrios de Trelew con el ECOCANJE\"}]},{\"@type\":\"WebSite\",\"@id\":\"https:\\\/\\\/patagoniambiental.com.ar\\\/info\\\/#website\",\"url\":\"https:\\\/\\\/patagoniambiental.com.ar\\\/info\\\/\",\"name\":\"Patagonia Ambiental\",\"description\":\"Monitoreo y an\u00e1lisis de la situaci\u00f3n geopol\u00edtica en el mundo y su implicancia en la Patagonia\",\"publisher\":{\"@id\":\"https:\\\/\\\/patagoniambiental.com.ar\\\/info\\\/#organization\"},\"potentialAction\":[{\"@type\":\"SearchAction\",\"target\":{\"@type\":\"EntryPoint\",\"urlTemplate\":\"https:\\\/\\\/patagoniambiental.com.ar\\\/info\\\/?s={search_term_string}\"},\"query-input\":{\"@type\":\"PropertyValueSpecification\",\"valueRequired\":true,\"valueName\":\"search_term_string\"}}],\"inLanguage\":\"es\"},{\"@type\":\"Organization\",\"@id\":\"https:\\\/\\\/patagoniambiental.com.ar\\\/info\\\/#organization\",\"name\":\"Patagonia Ambiental\",\"url\":\"https:\\\/\\\/patagoniambiental.com.ar\\\/info\\\/\",\"logo\":{\"@type\":\"ImageObject\",\"inLanguage\":\"es\",\"@id\":\"https:\\\/\\\/patagoniambiental.com.ar\\\/info\\\/#\\\/schema\\\/logo\\\/image\\\/\",\"url\":\"https:\\\/\\\/patagoniambiental.com.ar\\\/info\\\/wp-content\\\/uploads\\\/2025\\\/05\\\/LOGO-PATAGONIA-AMBIENTAL.png\",\"contentUrl\":\"https:\\\/\\\/patagoniambiental.com.ar\\\/info\\\/wp-content\\\/uploads\\\/2025\\\/05\\\/LOGO-PATAGONIA-AMBIENTAL.png\",\"width\":433,\"height\":250,\"caption\":\"Patagonia Ambiental\"},\"image\":{\"@id\":\"https:\\\/\\\/patagoniambiental.com.ar\\\/info\\\/#\\\/schema\\\/logo\\\/image\\\/\"},\"sameAs\":[\"https:\\\/\\\/www.facebook.com\\\/patagonia.ambiental\",\"https:\\\/\\\/x.com\\\/PatAmb\"]},{\"@type\":\"Person\",\"@id\":\"https:\\\/\\\/patagoniambiental.com.ar\\\/info\\\/#\\\/schema\\\/person\\\/db12bff64bbcbf6a253710bf0ea37b5d\",\"name\":\"Patagonia Ambiental\",\"description\":\"Andr\u00e9s Nievas T\u00e9cnico en manejo ambiental, consultor Ambiental y escritor para medios locales e internacionales sobre temas de geopolitica y medio ambiente.\",\"sameAs\":[\"http:\\\/\\\/www.patagoniambiental.com.ar\",\"https:\\\/\\\/www.facebook.com\\\/share\\\/1C1V8Gv9BX\\\/?mibextid=qi2Omg\",\"@patagoniambiental\",\"https:\\\/\\\/youtube.com\\\/@patagoniaambiental2023?si=BLt58t0wuXquxlYZ\"]}]}<\/script>\n<!-- \/ Yoast SEO Premium plugin. -->","yoast_head_json":{"title":"El Punto Limpio M\u00f3vil sigue recorriendo los barrios de Trelew con el ECOCANJE","robots":{"index":"index","follow":"follow","max-snippet":"max-snippet:-1","max-image-preview":"max-image-preview:large","max-video-preview":"max-video-preview:-1"},"canonical":"https:\/\/patagoniambiental.com.ar\/info\/el-punto-limpio-movil-sigue-recorriendo-los-barrios-de-trelew-con-el-ecocanje\/","og_locale":"es_ES","og_type":"article","og_title":"El Punto Limpio M\u00f3vil sigue recorriendo los barrios de Trelew con el ECOCANJE","og_description":"Trelew.-Ayer y hoy en el barrio San Jos\u00e9 el Punto Limpio M\u00f3vil sigue recorriendo los barrios de Trelew con el [&hellip;]","og_url":"https:\/\/patagoniambiental.com.ar\/info\/el-punto-limpio-movil-sigue-recorriendo-los-barrios-de-trelew-con-el-ecocanje\/","og_site_name":"Patagonia Ambiental","article_publisher":"https:\/\/www.facebook.com\/patagonia.ambiental","article_author":"https:\/\/www.facebook.com\/share\/1C1V8Gv9BX\/?mibextid=qi2Omg","article_published_time":"2017-09-29T22:00:34+00:00","og_image":[{"width":466,"height":350,"url":"https:\/\/patagoniambiental.com.ar\/info\/wp-content\/uploads\/2017\/09\/22046080_1401373959911122_614634784807464983_n.jpg","type":"image\/jpeg"}],"author":"Patagonia Ambiental","twitter_card":"summary_large_image","twitter_creator":"@PatAmb","twitter_site":"@PatAmb","schema":{"@context":"https:\/\/schema.org","@graph":[{"@type":"Article","@id":"https:\/\/patagoniambiental.com.ar\/info\/el-punto-limpio-movil-sigue-recorriendo-los-barrios-de-trelew-con-el-ecocanje\/#article","isPartOf":{"@id":"https:\/\/patagoniambiental.com.ar\/info\/el-punto-limpio-movil-sigue-recorriendo-los-barrios-de-trelew-con-el-ecocanje\/"},"author":{"name":"Patagonia Ambiental","@id":"https:\/\/patagoniambiental.com.ar\/info\/#\/schema\/person\/db12bff64bbcbf6a253710bf0ea37b5d"},"headline":"El Punto Limpio M\u00f3vil sigue recorriendo los barrios de Trelew con el ECOCANJE","datePublished":"2017-09-29T22:00:34+00:00","mainEntityOfPage":{"@id":"https:\/\/patagoniambiental.com.ar\/info\/el-punto-limpio-movil-sigue-recorriendo-los-barrios-de-trelew-con-el-ecocanje\/"},"wordCount":420,"commentCount":0,"publisher":{"@id":"https:\/\/patagoniambiental.com.ar\/info\/#organization"},"image":{"@id":"https:\/\/patagoniambiental.com.ar\/info\/el-punto-limpio-movil-sigue-recorriendo-los-barrios-de-trelew-con-el-ecocanje\/#primaryimage"},"thumbnailUrl":"https:\/\/patagoniambiental.com.ar\/info\/wp-content\/uploads\/2017\/09\/22046080_1401373959911122_614634784807464983_n.jpg","articleSection":["Noticias"],"inLanguage":"es","potentialAction":[{"@type":"CommentAction","name":"Comment","target":["https:\/\/patagoniambiental.com.ar\/info\/el-punto-limpio-movil-sigue-recorriendo-los-barrios-de-trelew-con-el-ecocanje\/#respond"]}]},{"@type":"WebPage","@id":"https:\/\/patagoniambiental.com.ar\/info\/el-punto-limpio-movil-sigue-recorriendo-los-barrios-de-trelew-con-el-ecocanje\/","url":"https:\/\/patagoniambiental.com.ar\/info\/el-punto-limpio-movil-sigue-recorriendo-los-barrios-de-trelew-con-el-ecocanje\/","name":"El Punto Limpio M\u00f3vil sigue recorriendo los barrios de Trelew con el ECOCANJE","isPartOf":{"@id":"https:\/\/patagoniambiental.com.ar\/info\/#website"},"primaryImageOfPage":{"@id":"https:\/\/patagoniambiental.com.ar\/info\/el-punto-limpio-movil-sigue-recorriendo-los-barrios-de-trelew-con-el-ecocanje\/#primaryimage"},"image":{"@id":"https:\/\/patagoniambiental.com.ar\/info\/el-punto-limpio-movil-sigue-recorriendo-los-barrios-de-trelew-con-el-ecocanje\/#primaryimage"},"thumbnailUrl":"https:\/\/patagoniambiental.com.ar\/info\/wp-content\/uploads\/2017\/09\/22046080_1401373959911122_614634784807464983_n.jpg","datePublished":"2017-09-29T22:00:34+00:00","breadcrumb":{"@id":"https:\/\/patagoniambiental.com.ar\/info\/el-punto-limpio-movil-sigue-recorriendo-los-barrios-de-trelew-con-el-ecocanje\/#breadcrumb"},"inLanguage":"es","potentialAction":[{"@type":"ReadAction","target":["https:\/\/patagoniambiental.com.ar\/info\/el-punto-limpio-movil-sigue-recorriendo-los-barrios-de-trelew-con-el-ecocanje\/"]}]},{"@type":"ImageObject","inLanguage":"es","@id":"https:\/\/patagoniambiental.com.ar\/info\/el-punto-limpio-movil-sigue-recorriendo-los-barrios-de-trelew-con-el-ecocanje\/#primaryimage","url":"https:\/\/patagoniambiental.com.ar\/info\/wp-content\/uploads\/2017\/09\/22046080_1401373959911122_614634784807464983_n.jpg","contentUrl":"https:\/\/patagoniambiental.com.ar\/info\/wp-content\/uploads\/2017\/09\/22046080_1401373959911122_614634784807464983_n.jpg","width":466,"height":350},{"@type":"BreadcrumbList","@id":"https:\/\/patagoniambiental.com.ar\/info\/el-punto-limpio-movil-sigue-recorriendo-los-barrios-de-trelew-con-el-ecocanje\/#breadcrumb","itemListElement":[{"@type":"ListItem","position":1,"name":"Inicio","item":"https:\/\/patagoniambiental.com.ar\/info\/"},{"@type":"ListItem","position":2,"name":"El Punto Limpio M\u00f3vil sigue recorriendo los barrios de Trelew con el ECOCANJE"}]},{"@type":"WebSite","@id":"https:\/\/patagoniambiental.com.ar\/info\/#website","url":"https:\/\/patagoniambiental.com.ar\/info\/","name":"Patagonia Ambiental","description":"Monitoreo y an\u00e1lisis de la situaci\u00f3n geopol\u00edtica en el mundo y su implicancia en la Patagonia","publisher":{"@id":"https:\/\/patagoniambiental.com.ar\/info\/#organization"},"potentialAction":[{"@type":"SearchAction","target":{"@type":"EntryPoint","urlTemplate":"https:\/\/patagoniambiental.com.ar\/info\/?s={search_term_string}"},"query-input":{"@type":"PropertyValueSpecification","valueRequired":true,"valueName":"search_term_string"}}],"inLanguage":"es"},{"@type":"Organization","@id":"https:\/\/patagoniambiental.com.ar\/info\/#organization","name":"Patagonia Ambiental","url":"https:\/\/patagoniambiental.com.ar\/info\/","logo":{"@type":"ImageObject","inLanguage":"es","@id":"https:\/\/patagoniambiental.com.ar\/info\/#\/schema\/logo\/image\/","url":"https:\/\/patagoniambiental.com.ar\/info\/wp-content\/uploads\/2025\/05\/LOGO-PATAGONIA-AMBIENTAL.png","contentUrl":"https:\/\/patagoniambiental.com.ar\/info\/wp-content\/uploads\/2025\/05\/LOGO-PATAGONIA-AMBIENTAL.png","width":433,"height":250,"caption":"Patagonia Ambiental"},"image":{"@id":"https:\/\/patagoniambiental.com.ar\/info\/#\/schema\/logo\/image\/"},"sameAs":["https:\/\/www.facebook.com\/patagonia.ambiental","https:\/\/x.com\/PatAmb"]},{"@type":"Person","@id":"https:\/\/patagoniambiental.com.ar\/info\/#\/schema\/person\/db12bff64bbcbf6a253710bf0ea37b5d","name":"Patagonia Ambiental","description":"Andr\u00e9s Nievas T\u00e9cnico en manejo ambiental, consultor Ambiental y escritor para medios locales e internacionales sobre temas de geopolitica y medio ambiente.","sameAs":["http:\/\/www.patagoniambiental.com.ar","https:\/\/www.facebook.com\/share\/1C1V8Gv9BX\/?mibextid=qi2Omg","@patagoniambiental","https:\/\/youtube.com\/@patagoniaambiental2023?si=BLt58t0wuXquxlYZ"]}]}},"_links":{"self":[{"href":"https:\/\/patagoniambiental.com.ar\/info\/wp-json\/wp\/v2\/posts\/35701","targetHints":{"allow":["GET"]}}],"collection":[{"href":"https:\/\/patagoniambiental.com.ar\/info\/wp-json\/wp\/v2\/posts"}],"about":[{"href":"https:\/\/patagoniambiental.com.ar\/info\/wp-json\/wp\/v2\/types\/post"}],"author":[{"embeddable":true,"href":"https:\/\/patagoniambiental.com.ar\/info\/wp-json\/wp\/v2\/users\/2"}],"replies":[{"embeddable":true,"href":"https:\/\/patagoniambiental.com.ar\/info\/wp-json\/wp\/v2\/comments?post=35701"}],"version-history":[{"count":0,"href":"https:\/\/patagoniambiental.com.ar\/info\/wp-json\/wp\/v2\/posts\/35701\/revisions"}],"wp:featuredmedia":[{"embeddable":true,"href":"https:\/\/patagoniambiental.com.ar\/info\/wp-json\/wp\/v2\/media\/35702"}],"wp:attachment":[{"href":"https:\/\/patagoniambiental.com.ar\/info\/wp-json\/wp\/v2\/media?parent=35701"}],"wp:term":[{"taxonomy":"category","embeddable":true,"href":"https:\/\/patagoniambiental.com.ar\/info\/wp-json\/wp\/v2\/categories?post=35701"},{"taxonomy":"post_tag","embeddable":true,"href":"https:\/\/patagoniambiental.com.ar\/info\/wp-json\/wp\/v2\/tags?post=35701"}],"curies":[{"name":"wp","href":"https:\/\/api.w.org\/{rel}","templated":true}]}}