{"id":35707,"date":"2017-09-30T19:00:52","date_gmt":"2017-09-30T22:00:52","guid":{"rendered":"http:\/\/patagoniambiental.com.ar\/info\/?p=35707"},"modified":"2017-09-29T13:29:00","modified_gmt":"2017-09-29T16:29:00","slug":"mapuches-chilenos-niegan-trafico-de-armas-desde-argentina","status":"publish","type":"post","link":"https:\/\/patagoniambiental.com.ar\/info\/mapuches-chilenos-niegan-trafico-de-armas-desde-argentina\/","title":{"rendered":"Mapuches chilenos niegan tr\u00e1fico de armas desde Argentina"},"content":{"rendered":"<div id=\"box-title\">\n<p class=\"title boxshadow headline entry-title\">Chile.-Un referente de la comunidad denunci\u00f3 que el supuesto tr\u00e1fico de armas desde Argentina \u00abes un invento\u00bb montado por las autoridades chilenas.<\/p>\n<\/div>\n<p><!--more--><\/p>\n<div id=\"contentElements\" class=\"contentElements\">\n<div id=\"sendEmail-wrapper\" class=\"sendEmail-wrapper hidden\">\n<div id=\"sendEmail-body\" class=\"sendEmail-body visible\"><\/div>\n<div id=\"sendEmail-result\" class=\"sendEmail-result hidden\"><\/div>\n<\/div>\n<div id=\"vplfgp_embeb\" class=\"media gallery withsource trans-end\" data-transition-time=\"300\">\n<div class=\"image hmedia\"><img fetchpriority=\"high\" decoding=\"async\" id=\"vplfgi_embeb\" src=\"http:\/\/www.mdzol.com\/files\/image\/803\/803192\/59ca545e6c279_684_386!.jpg?s=2494b8c89fd9cb375337ff61c188a8f9&amp;d=1506699625\" width=\"459\" height=\"259\" \/><\/p>\n<div class=\"buttons\"><\/div>\n<\/div>\n<div class=\"caption-source\"><span id=\"vplfgc_embeb\"><\/span><span id=\"vplfgs_embeb\">(Foto publicada por Telesur)<\/span><\/div>\n<div class=\"pinit\"><\/div>\n<div class=\"clear\"><\/div>\n<\/div>\n<div id=\"vsmcontent\" class=\"body vsmcontent mainfont entry-content\">\n<p>El referente mapuche Jos\u00e9 Nain, uno de los fundadores de la Coordinadora Arauco-Malleco (CAM), denunci\u00f3 que el supuesto tr\u00e1fico de armas desde Argentina \u00abes un invento\u00bb montado por las autoridades chilenas y reclam\u00f3 una salida pol\u00edtica al conflicto.<\/p>\n<p>\u00abHoy en d\u00eda un ni\u00f1o de ocho a\u00f1os puede hackear un tel\u00e9fono, por lo tanto, no es dif\u00edcil darse cuenta de que los servicios de inteligencia pueden hacer lo mismo\u00bb, dijo Nain, quien accedi\u00f3 a una entrevista telef\u00f3nica con T\u00e9lam.<\/p>\n<p>El ex dirigente agreg\u00f3 que el tr\u00e1fico de armas que revelar\u00eda un intercambio de mensajes de texto entre ambos lados de la frontera \u00abes un invento\u00bb del Estado chileno.<\/p>\n<p>Los mensajes fueron encontrados por Carabineros (polic\u00eda chilena) entre los 30 celulares incautados el fin de semana pasado durante la denominada Operaci\u00f3n Hurac\u00e1n, que investiga una serie de atentados en el sur del pa\u00eds.<\/p>\n<p>En una de las conversaciones, fechada el 4 de agosto, se confirmaba que desde la Argentina iban a llegar \u00ab6 escopetas, 10 rev\u00f3lveres, 12 pistolas, 2 fusiles, 250 cartuchos, 550 balas del calibre 38 y 84 balas del 9\u00bb.<\/p>\n<p>El env\u00edo, seg\u00fan la hip\u00f3tesis de los investigadores, estar\u00eda articulado por los l\u00edderes de la Coordinadora Arauco-Malleco (CAM), organizaci\u00f3n que reivindica la autonom\u00eda del pueblo mapuche y a la que pertenecen varios de los ocho comuneros detenidos durante el procedimiento.<\/p>\n<p>Nain admiti\u00f3 a T\u00e9lam que existen v\u00ednculos entre comunidades mapuches a ambos lados de la cordillera, pero aclar\u00f3 que \u00abestos se limitan a comunicaciones entre familiares y conocidos que quedaron separados tras la invasi\u00f3n del pa\u00eds mapuche por los Estados argentino y chileno\u00bb.<\/p>\n<p>\u00abSiempre ha existido comunicaci\u00f3n entre los pueblos originarios\u00bb, insisti\u00f3.<br \/>\nPara el ex dirigente \u00abla soluci\u00f3n al conflicto mapuche pasa por un di\u00e1logo real, serio y respetuoso entre el gobierno y su comunidad\u00bb, ya que \u00abla causa mapuche es pol\u00edtica, porque lo que se busca es autonom\u00eda y autogobierno\u00bb.<\/p>\n<p>Nain propone que para alcanzar una soluci\u00f3n duradera se debe negociar tanto con los gobiernos de Chile como de Argentina.<\/p>\n<p>Pero advierte que llegar a esa instancia \u00abdebe ser el resultado de una conversaci\u00f3n que no deber\u00eda tener como interlocutor a las fuerzas de seguridad o a los juzgados, sino a los gobiernos\u00bb.<\/p>\n<p>\u00abEn este momento no existe conversaci\u00f3n, ya que una de las partes hace o\u00eddos sordos, a la vez que manipula informaci\u00f3n\u00bb, subray\u00f3.<\/p>\n<p>Nain reside en la Regi\u00f3n de La Araucania, en el sur del pa\u00eds, donde en las \u00faltimas semanas recrudecieron las manifestaciones en apoyo a cuatro mapuches presos, que mantienen una huelga de hambre desde hace 113 d\u00edas.<\/p>\n<p>El propio Nain cumpli\u00f3 una condena de seis a\u00f1os de prisi\u00f3n en los a\u00f1os 90, acusado de asociaci\u00f3n il\u00edcita y de participar en incendios. Actualmente no se considera miembro activo del CAM, sino un simpatizante de su causa.<\/p>\n<p>Sobre la Operaci\u00f3n Hurac\u00e1n, Nain subray\u00f3 que fue \u00abun fracaso del Estado chileno, una acci\u00f3n desesperada del gobierno para justificar la inmensa inversi\u00f3n que se est\u00e1 haciendo en inteligencia y en equipos de represi\u00f3n\u00bb.<\/p>\n<p>En cuanto a la quema de templos religiosos, camiones y maquinaria industrial, Nain enfatiz\u00f3 que hay que estudiar los casos por separado, ya que \u00abnada de eso significa que todos los mapuches estemos promoviendo la violencia\u00bb.<\/p>\n<p>Respecto de la quema de camiones, s\u00f3lo en la madrugada del 28 de agosto pasado fueron incendiados 29 veh\u00edculos, Na\u00edn la calific\u00f3 como \u00abun negocio\u00bb de las mismas empresas para cobrar los seguros.<\/p>\n<p>\u00abLos mapuches no est\u00e1n dispuestos a seguir aceptando el hostigamiento, la persecuci\u00f3n y la estigmatizaci\u00f3n como terroristas\u00bb, destac\u00f3 y a\u00f1adi\u00f3 que \u00abla gente est\u00e1 en todo su derecho de manifestarse y rechazar cualquier tipo de cuestiones mafiosas de parte del Estado\u00bb.<\/p>\n<p>\u00abPorque el Estado chileno invadi\u00f3 nuestras fronteras, estamos obligados a decir que somos chilenos, pero tenemos una lengua propia, una religi\u00f3n propia y una forma de ver el mundo totalmente diferente\u00bb, concluy\u00f3 el ex dirigente.<\/p>\n<p><b><i>Fuente: T\u00e9lam<\/i><\/b><\/p>\n<\/div>\n<\/div>\n","protected":false},"excerpt":{"rendered":"<p>Chile.-Un referente de la comunidad denunci\u00f3 que el supuesto tr\u00e1fico de armas desde Argentina \u00abes un invento\u00bb montado por las [&hellip;]<\/p>\n","protected":false},"author":2,"featured_media":35708,"comment_status":"open","ping_status":"open","sticky":false,"template":"","format":"standard","meta":{"site-sidebar-layout":"default","site-content-layout":"","ast-site-content-layout":"default","site-content-style":"default","site-sidebar-style":"default","ast-global-header-display":"","ast-banner-title-visibility":"","ast-main-header-display":"","ast-hfb-above-header-display":"","ast-hfb-below-header-display":"","ast-hfb-mobile-header-display":"","site-post-title":"","ast-breadcrumbs-content":"","ast-featured-img":"","footer-sml-layout":"","ast-disable-related-posts":"","theme-transparent-header-meta":"","adv-header-id-meta":"","stick-header-meta":"","header-above-stick-meta":"","header-main-stick-meta":"","header-below-stick-meta":"","astra-migrate-meta-layouts":"default","ast-page-background-enabled":"default","ast-page-background-meta":{"desktop":{"background-color":"var(--ast-global-color-5)","background-image":"","background-repeat":"repeat","background-position":"center center","background-size":"auto","background-attachment":"scroll","background-type":"","background-media":"","overlay-type":"","overlay-color":"","overlay-opacity":"","overlay-gradient":""},"tablet":{"background-color":"","background-image":"","background-repeat":"repeat","background-position":"center center","background-size":"auto","background-attachment":"scroll","background-type":"","background-media":"","overlay-type":"","overlay-color":"","overlay-opacity":"","overlay-gradient":""},"mobile":{"background-color":"","background-image":"","background-repeat":"repeat","background-position":"center center","background-size":"auto","background-attachment":"scroll","background-type":"","background-media":"","overlay-type":"","overlay-color":"","overlay-opacity":"","overlay-gradient":""}},"ast-content-background-meta":{"desktop":{"background-color":"var(--ast-global-color-4)","background-image":"","background-repeat":"repeat","background-position":"center center","background-size":"auto","background-attachment":"scroll","background-type":"","background-media":"","overlay-type":"","overlay-color":"","overlay-opacity":"","overlay-gradient":""},"tablet":{"background-color":"var(--ast-global-color-4)","background-image":"","background-repeat":"repeat","background-position":"center center","background-size":"auto","background-attachment":"scroll","background-type":"","background-media":"","overlay-type":"","overlay-color":"","overlay-opacity":"","overlay-gradient":""},"mobile":{"background-color":"var(--ast-global-color-4)","background-image":"","background-repeat":"repeat","background-position":"center center","background-size":"auto","background-attachment":"scroll","background-type":"","background-media":"","overlay-type":"","overlay-color":"","overlay-opacity":"","overlay-gradient":""}},"footnotes":""},"categories":[23,1],"tags":[],"class_list":["post-35707","post","type-post","status-publish","format-standard","has-post-thumbnail","hentry","category-internacionales","category-noticias"],"yoast_head":"<!-- This site is optimized with the Yoast SEO Premium plugin v23.0 (Yoast SEO v27.4) - https:\/\/yoast.com\/product\/yoast-seo-premium-wordpress\/ -->\n<title>Mapuches chilenos niegan tr\u00e1fico de armas desde Argentina<\/title>\n<meta name=\"robots\" content=\"index, follow, max-snippet:-1, max-image-preview:large, max-video-preview:-1\" \/>\n<link rel=\"canonical\" href=\"https:\/\/patagoniambiental.com.ar\/info\/mapuches-chilenos-niegan-trafico-de-armas-desde-argentina\/\" \/>\n<meta property=\"og:locale\" content=\"es_ES\" \/>\n<meta property=\"og:type\" content=\"article\" \/>\n<meta property=\"og:title\" content=\"Mapuches chilenos niegan tr\u00e1fico de armas desde Argentina\" \/>\n<meta property=\"og:description\" content=\"Chile.-Un referente de la comunidad denunci\u00f3 que el supuesto tr\u00e1fico de armas desde Argentina \u00abes un invento\u00bb montado por las [&hellip;]\" \/>\n<meta property=\"og:url\" content=\"https:\/\/patagoniambiental.com.ar\/info\/mapuches-chilenos-niegan-trafico-de-armas-desde-argentina\/\" \/>\n<meta property=\"og:site_name\" content=\"Patagonia Ambiental\" \/>\n<meta property=\"article:publisher\" content=\"https:\/\/www.facebook.com\/patagonia.ambiental\" \/>\n<meta property=\"article:author\" content=\"https:\/\/www.facebook.com\/share\/1C1V8Gv9BX\/?mibextid=qi2Omg\" \/>\n<meta property=\"article:published_time\" content=\"2017-09-30T22:00:52+00:00\" \/>\n<meta property=\"og:image\" content=\"https:\/\/patagoniambiental.com.ar\/info\/wp-content\/uploads\/2017\/09\/59ca545e6c279_684_386-1.jpg\" \/>\n\t<meta property=\"og:image:width\" content=\"684\" \/>\n\t<meta property=\"og:image:height\" content=\"386\" \/>\n\t<meta property=\"og:image:type\" content=\"image\/jpeg\" \/>\n<meta name=\"author\" content=\"Patagonia Ambiental\" \/>\n<meta name=\"twitter:card\" content=\"summary_large_image\" \/>\n<meta name=\"twitter:creator\" content=\"@PatAmb\" \/>\n<meta name=\"twitter:site\" content=\"@PatAmb\" \/>\n<script type=\"application\/ld+json\" class=\"yoast-schema-graph\">{\"@context\":\"https:\\\/\\\/schema.org\",\"@graph\":[{\"@type\":\"Article\",\"@id\":\"https:\\\/\\\/patagoniambiental.com.ar\\\/info\\\/mapuches-chilenos-niegan-trafico-de-armas-desde-argentina\\\/#article\",\"isPartOf\":{\"@id\":\"https:\\\/\\\/patagoniambiental.com.ar\\\/info\\\/mapuches-chilenos-niegan-trafico-de-armas-desde-argentina\\\/\"},\"author\":{\"name\":\"Patagonia Ambiental\",\"@id\":\"https:\\\/\\\/patagoniambiental.com.ar\\\/info\\\/#\\\/schema\\\/person\\\/db12bff64bbcbf6a253710bf0ea37b5d\"},\"headline\":\"Mapuches chilenos niegan tr\u00e1fico de armas desde Argentina\",\"datePublished\":\"2017-09-30T22:00:52+00:00\",\"mainEntityOfPage\":{\"@id\":\"https:\\\/\\\/patagoniambiental.com.ar\\\/info\\\/mapuches-chilenos-niegan-trafico-de-armas-desde-argentina\\\/\"},\"wordCount\":724,\"commentCount\":0,\"publisher\":{\"@id\":\"https:\\\/\\\/patagoniambiental.com.ar\\\/info\\\/#organization\"},\"image\":{\"@id\":\"https:\\\/\\\/patagoniambiental.com.ar\\\/info\\\/mapuches-chilenos-niegan-trafico-de-armas-desde-argentina\\\/#primaryimage\"},\"thumbnailUrl\":\"https:\\\/\\\/patagoniambiental.com.ar\\\/info\\\/wp-content\\\/uploads\\\/2017\\\/09\\\/59ca545e6c279_684_386-1.jpg\",\"articleSection\":[\"Internacionales\",\"Noticias\"],\"inLanguage\":\"es\",\"potentialAction\":[{\"@type\":\"CommentAction\",\"name\":\"Comment\",\"target\":[\"https:\\\/\\\/patagoniambiental.com.ar\\\/info\\\/mapuches-chilenos-niegan-trafico-de-armas-desde-argentina\\\/#respond\"]}]},{\"@type\":\"WebPage\",\"@id\":\"https:\\\/\\\/patagoniambiental.com.ar\\\/info\\\/mapuches-chilenos-niegan-trafico-de-armas-desde-argentina\\\/\",\"url\":\"https:\\\/\\\/patagoniambiental.com.ar\\\/info\\\/mapuches-chilenos-niegan-trafico-de-armas-desde-argentina\\\/\",\"name\":\"Mapuches chilenos niegan tr\u00e1fico de armas desde Argentina\",\"isPartOf\":{\"@id\":\"https:\\\/\\\/patagoniambiental.com.ar\\\/info\\\/#website\"},\"primaryImageOfPage\":{\"@id\":\"https:\\\/\\\/patagoniambiental.com.ar\\\/info\\\/mapuches-chilenos-niegan-trafico-de-armas-desde-argentina\\\/#primaryimage\"},\"image\":{\"@id\":\"https:\\\/\\\/patagoniambiental.com.ar\\\/info\\\/mapuches-chilenos-niegan-trafico-de-armas-desde-argentina\\\/#primaryimage\"},\"thumbnailUrl\":\"https:\\\/\\\/patagoniambiental.com.ar\\\/info\\\/wp-content\\\/uploads\\\/2017\\\/09\\\/59ca545e6c279_684_386-1.jpg\",\"datePublished\":\"2017-09-30T22:00:52+00:00\",\"breadcrumb\":{\"@id\":\"https:\\\/\\\/patagoniambiental.com.ar\\\/info\\\/mapuches-chilenos-niegan-trafico-de-armas-desde-argentina\\\/#breadcrumb\"},\"inLanguage\":\"es\",\"potentialAction\":[{\"@type\":\"ReadAction\",\"target\":[\"https:\\\/\\\/patagoniambiental.com.ar\\\/info\\\/mapuches-chilenos-niegan-trafico-de-armas-desde-argentina\\\/\"]}]},{\"@type\":\"ImageObject\",\"inLanguage\":\"es\",\"@id\":\"https:\\\/\\\/patagoniambiental.com.ar\\\/info\\\/mapuches-chilenos-niegan-trafico-de-armas-desde-argentina\\\/#primaryimage\",\"url\":\"https:\\\/\\\/patagoniambiental.com.ar\\\/info\\\/wp-content\\\/uploads\\\/2017\\\/09\\\/59ca545e6c279_684_386-1.jpg\",\"contentUrl\":\"https:\\\/\\\/patagoniambiental.com.ar\\\/info\\\/wp-content\\\/uploads\\\/2017\\\/09\\\/59ca545e6c279_684_386-1.jpg\",\"width\":684,\"height\":386},{\"@type\":\"BreadcrumbList\",\"@id\":\"https:\\\/\\\/patagoniambiental.com.ar\\\/info\\\/mapuches-chilenos-niegan-trafico-de-armas-desde-argentina\\\/#breadcrumb\",\"itemListElement\":[{\"@type\":\"ListItem\",\"position\":1,\"name\":\"Inicio\",\"item\":\"https:\\\/\\\/patagoniambiental.com.ar\\\/info\\\/\"},{\"@type\":\"ListItem\",\"position\":2,\"name\":\"Mapuches chilenos niegan tr\u00e1fico de armas desde Argentina\"}]},{\"@type\":\"WebSite\",\"@id\":\"https:\\\/\\\/patagoniambiental.com.ar\\\/info\\\/#website\",\"url\":\"https:\\\/\\\/patagoniambiental.com.ar\\\/info\\\/\",\"name\":\"Patagonia Ambiental\",\"description\":\"Monitoreo y an\u00e1lisis de la situaci\u00f3n geopol\u00edtica en el mundo y su implicancia en la Patagonia\",\"publisher\":{\"@id\":\"https:\\\/\\\/patagoniambiental.com.ar\\\/info\\\/#organization\"},\"potentialAction\":[{\"@type\":\"SearchAction\",\"target\":{\"@type\":\"EntryPoint\",\"urlTemplate\":\"https:\\\/\\\/patagoniambiental.com.ar\\\/info\\\/?s={search_term_string}\"},\"query-input\":{\"@type\":\"PropertyValueSpecification\",\"valueRequired\":true,\"valueName\":\"search_term_string\"}}],\"inLanguage\":\"es\"},{\"@type\":\"Organization\",\"@id\":\"https:\\\/\\\/patagoniambiental.com.ar\\\/info\\\/#organization\",\"name\":\"Patagonia Ambiental\",\"url\":\"https:\\\/\\\/patagoniambiental.com.ar\\\/info\\\/\",\"logo\":{\"@type\":\"ImageObject\",\"inLanguage\":\"es\",\"@id\":\"https:\\\/\\\/patagoniambiental.com.ar\\\/info\\\/#\\\/schema\\\/logo\\\/image\\\/\",\"url\":\"https:\\\/\\\/patagoniambiental.com.ar\\\/info\\\/wp-content\\\/uploads\\\/2025\\\/05\\\/LOGO-PATAGONIA-AMBIENTAL.png\",\"contentUrl\":\"https:\\\/\\\/patagoniambiental.com.ar\\\/info\\\/wp-content\\\/uploads\\\/2025\\\/05\\\/LOGO-PATAGONIA-AMBIENTAL.png\",\"width\":433,\"height\":250,\"caption\":\"Patagonia Ambiental\"},\"image\":{\"@id\":\"https:\\\/\\\/patagoniambiental.com.ar\\\/info\\\/#\\\/schema\\\/logo\\\/image\\\/\"},\"sameAs\":[\"https:\\\/\\\/www.facebook.com\\\/patagonia.ambiental\",\"https:\\\/\\\/x.com\\\/PatAmb\"]},{\"@type\":\"Person\",\"@id\":\"https:\\\/\\\/patagoniambiental.com.ar\\\/info\\\/#\\\/schema\\\/person\\\/db12bff64bbcbf6a253710bf0ea37b5d\",\"name\":\"Patagonia Ambiental\",\"description\":\"Andr\u00e9s Nievas T\u00e9cnico en manejo ambiental, consultor Ambiental y escritor para medios locales e internacionales sobre temas de geopolitica y medio ambiente.\",\"sameAs\":[\"http:\\\/\\\/www.patagoniambiental.com.ar\",\"https:\\\/\\\/www.facebook.com\\\/share\\\/1C1V8Gv9BX\\\/?mibextid=qi2Omg\",\"@patagoniambiental\",\"https:\\\/\\\/youtube.com\\\/@patagoniaambiental2023?si=BLt58t0wuXquxlYZ\"]}]}<\/script>\n<!-- \/ Yoast SEO Premium plugin. -->","yoast_head_json":{"title":"Mapuches chilenos niegan tr\u00e1fico de armas desde Argentina","robots":{"index":"index","follow":"follow","max-snippet":"max-snippet:-1","max-image-preview":"max-image-preview:large","max-video-preview":"max-video-preview:-1"},"canonical":"https:\/\/patagoniambiental.com.ar\/info\/mapuches-chilenos-niegan-trafico-de-armas-desde-argentina\/","og_locale":"es_ES","og_type":"article","og_title":"Mapuches chilenos niegan tr\u00e1fico de armas desde Argentina","og_description":"Chile.-Un referente de la comunidad denunci\u00f3 que el supuesto tr\u00e1fico de armas desde Argentina \u00abes un invento\u00bb montado por las [&hellip;]","og_url":"https:\/\/patagoniambiental.com.ar\/info\/mapuches-chilenos-niegan-trafico-de-armas-desde-argentina\/","og_site_name":"Patagonia Ambiental","article_publisher":"https:\/\/www.facebook.com\/patagonia.ambiental","article_author":"https:\/\/www.facebook.com\/share\/1C1V8Gv9BX\/?mibextid=qi2Omg","article_published_time":"2017-09-30T22:00:52+00:00","og_image":[{"width":684,"height":386,"url":"https:\/\/patagoniambiental.com.ar\/info\/wp-content\/uploads\/2017\/09\/59ca545e6c279_684_386-1.jpg","type":"image\/jpeg"}],"author":"Patagonia Ambiental","twitter_card":"summary_large_image","twitter_creator":"@PatAmb","twitter_site":"@PatAmb","schema":{"@context":"https:\/\/schema.org","@graph":[{"@type":"Article","@id":"https:\/\/patagoniambiental.com.ar\/info\/mapuches-chilenos-niegan-trafico-de-armas-desde-argentina\/#article","isPartOf":{"@id":"https:\/\/patagoniambiental.com.ar\/info\/mapuches-chilenos-niegan-trafico-de-armas-desde-argentina\/"},"author":{"name":"Patagonia Ambiental","@id":"https:\/\/patagoniambiental.com.ar\/info\/#\/schema\/person\/db12bff64bbcbf6a253710bf0ea37b5d"},"headline":"Mapuches chilenos niegan tr\u00e1fico de armas desde Argentina","datePublished":"2017-09-30T22:00:52+00:00","mainEntityOfPage":{"@id":"https:\/\/patagoniambiental.com.ar\/info\/mapuches-chilenos-niegan-trafico-de-armas-desde-argentina\/"},"wordCount":724,"commentCount":0,"publisher":{"@id":"https:\/\/patagoniambiental.com.ar\/info\/#organization"},"image":{"@id":"https:\/\/patagoniambiental.com.ar\/info\/mapuches-chilenos-niegan-trafico-de-armas-desde-argentina\/#primaryimage"},"thumbnailUrl":"https:\/\/patagoniambiental.com.ar\/info\/wp-content\/uploads\/2017\/09\/59ca545e6c279_684_386-1.jpg","articleSection":["Internacionales","Noticias"],"inLanguage":"es","potentialAction":[{"@type":"CommentAction","name":"Comment","target":["https:\/\/patagoniambiental.com.ar\/info\/mapuches-chilenos-niegan-trafico-de-armas-desde-argentina\/#respond"]}]},{"@type":"WebPage","@id":"https:\/\/patagoniambiental.com.ar\/info\/mapuches-chilenos-niegan-trafico-de-armas-desde-argentina\/","url":"https:\/\/patagoniambiental.com.ar\/info\/mapuches-chilenos-niegan-trafico-de-armas-desde-argentina\/","name":"Mapuches chilenos niegan tr\u00e1fico de armas desde Argentina","isPartOf":{"@id":"https:\/\/patagoniambiental.com.ar\/info\/#website"},"primaryImageOfPage":{"@id":"https:\/\/patagoniambiental.com.ar\/info\/mapuches-chilenos-niegan-trafico-de-armas-desde-argentina\/#primaryimage"},"image":{"@id":"https:\/\/patagoniambiental.com.ar\/info\/mapuches-chilenos-niegan-trafico-de-armas-desde-argentina\/#primaryimage"},"thumbnailUrl":"https:\/\/patagoniambiental.com.ar\/info\/wp-content\/uploads\/2017\/09\/59ca545e6c279_684_386-1.jpg","datePublished":"2017-09-30T22:00:52+00:00","breadcrumb":{"@id":"https:\/\/patagoniambiental.com.ar\/info\/mapuches-chilenos-niegan-trafico-de-armas-desde-argentina\/#breadcrumb"},"inLanguage":"es","potentialAction":[{"@type":"ReadAction","target":["https:\/\/patagoniambiental.com.ar\/info\/mapuches-chilenos-niegan-trafico-de-armas-desde-argentina\/"]}]},{"@type":"ImageObject","inLanguage":"es","@id":"https:\/\/patagoniambiental.com.ar\/info\/mapuches-chilenos-niegan-trafico-de-armas-desde-argentina\/#primaryimage","url":"https:\/\/patagoniambiental.com.ar\/info\/wp-content\/uploads\/2017\/09\/59ca545e6c279_684_386-1.jpg","contentUrl":"https:\/\/patagoniambiental.com.ar\/info\/wp-content\/uploads\/2017\/09\/59ca545e6c279_684_386-1.jpg","width":684,"height":386},{"@type":"BreadcrumbList","@id":"https:\/\/patagoniambiental.com.ar\/info\/mapuches-chilenos-niegan-trafico-de-armas-desde-argentina\/#breadcrumb","itemListElement":[{"@type":"ListItem","position":1,"name":"Inicio","item":"https:\/\/patagoniambiental.com.ar\/info\/"},{"@type":"ListItem","position":2,"name":"Mapuches chilenos niegan tr\u00e1fico de armas desde Argentina"}]},{"@type":"WebSite","@id":"https:\/\/patagoniambiental.com.ar\/info\/#website","url":"https:\/\/patagoniambiental.com.ar\/info\/","name":"Patagonia Ambiental","description":"Monitoreo y an\u00e1lisis de la situaci\u00f3n geopol\u00edtica en el mundo y su implicancia en la Patagonia","publisher":{"@id":"https:\/\/patagoniambiental.com.ar\/info\/#organization"},"potentialAction":[{"@type":"SearchAction","target":{"@type":"EntryPoint","urlTemplate":"https:\/\/patagoniambiental.com.ar\/info\/?s={search_term_string}"},"query-input":{"@type":"PropertyValueSpecification","valueRequired":true,"valueName":"search_term_string"}}],"inLanguage":"es"},{"@type":"Organization","@id":"https:\/\/patagoniambiental.com.ar\/info\/#organization","name":"Patagonia Ambiental","url":"https:\/\/patagoniambiental.com.ar\/info\/","logo":{"@type":"ImageObject","inLanguage":"es","@id":"https:\/\/patagoniambiental.com.ar\/info\/#\/schema\/logo\/image\/","url":"https:\/\/patagoniambiental.com.ar\/info\/wp-content\/uploads\/2025\/05\/LOGO-PATAGONIA-AMBIENTAL.png","contentUrl":"https:\/\/patagoniambiental.com.ar\/info\/wp-content\/uploads\/2025\/05\/LOGO-PATAGONIA-AMBIENTAL.png","width":433,"height":250,"caption":"Patagonia Ambiental"},"image":{"@id":"https:\/\/patagoniambiental.com.ar\/info\/#\/schema\/logo\/image\/"},"sameAs":["https:\/\/www.facebook.com\/patagonia.ambiental","https:\/\/x.com\/PatAmb"]},{"@type":"Person","@id":"https:\/\/patagoniambiental.com.ar\/info\/#\/schema\/person\/db12bff64bbcbf6a253710bf0ea37b5d","name":"Patagonia Ambiental","description":"Andr\u00e9s Nievas T\u00e9cnico en manejo ambiental, consultor Ambiental y escritor para medios locales e internacionales sobre temas de geopolitica y medio ambiente.","sameAs":["http:\/\/www.patagoniambiental.com.ar","https:\/\/www.facebook.com\/share\/1C1V8Gv9BX\/?mibextid=qi2Omg","@patagoniambiental","https:\/\/youtube.com\/@patagoniaambiental2023?si=BLt58t0wuXquxlYZ"]}]}},"_links":{"self":[{"href":"https:\/\/patagoniambiental.com.ar\/info\/wp-json\/wp\/v2\/posts\/35707","targetHints":{"allow":["GET"]}}],"collection":[{"href":"https:\/\/patagoniambiental.com.ar\/info\/wp-json\/wp\/v2\/posts"}],"about":[{"href":"https:\/\/patagoniambiental.com.ar\/info\/wp-json\/wp\/v2\/types\/post"}],"author":[{"embeddable":true,"href":"https:\/\/patagoniambiental.com.ar\/info\/wp-json\/wp\/v2\/users\/2"}],"replies":[{"embeddable":true,"href":"https:\/\/patagoniambiental.com.ar\/info\/wp-json\/wp\/v2\/comments?post=35707"}],"version-history":[{"count":0,"href":"https:\/\/patagoniambiental.com.ar\/info\/wp-json\/wp\/v2\/posts\/35707\/revisions"}],"wp:featuredmedia":[{"embeddable":true,"href":"https:\/\/patagoniambiental.com.ar\/info\/wp-json\/wp\/v2\/media\/35708"}],"wp:attachment":[{"href":"https:\/\/patagoniambiental.com.ar\/info\/wp-json\/wp\/v2\/media?parent=35707"}],"wp:term":[{"taxonomy":"category","embeddable":true,"href":"https:\/\/patagoniambiental.com.ar\/info\/wp-json\/wp\/v2\/categories?post=35707"},{"taxonomy":"post_tag","embeddable":true,"href":"https:\/\/patagoniambiental.com.ar\/info\/wp-json\/wp\/v2\/tags?post=35707"}],"curies":[{"name":"wp","href":"https:\/\/api.w.org\/{rel}","templated":true}]}}