{"id":35718,"date":"2017-09-30T09:00:32","date_gmt":"2017-09-30T12:00:32","guid":{"rendered":"http:\/\/patagoniambiental.com.ar\/info\/?p=35718"},"modified":"2017-09-29T14:15:43","modified_gmt":"2017-09-29T17:15:43","slug":"inauguraron-el-sistema-cloacal-de-gaiman","status":"publish","type":"post","link":"https:\/\/patagoniambiental.com.ar\/info\/inauguraron-el-sistema-cloacal-de-gaiman\/","title":{"rendered":"Inauguraron el sistema cloacal de Gaiman"},"content":{"rendered":"<div class=\"np_titulo\">\n<div id=\"main_body\" class=\"central no-item central_interior regionales\">\n<p id=\"title\">Gaiman.-El gobernador Mario\u00a0Das\u00a0Neves inaugur\u00f3 este jueves \u00a0el sistema cloacal de Gaiman para el que se invirtieron m\u00e1s de 107 millones de pesos.<\/p>\n<p><!--more--><\/p>\n<p>En el acto el Gobierno de la Provincia hizo el traspaso de la obra a la Municipalidad.<\/p>\n<div><\/div>\n<\/div>\n<\/div>\n<p>&nbsp;<\/p>\n<div id=\"main_body\" class=\"central no-item central_interior regionales\">\n<div id=\"notas\">\n<div class=\"tapa_contenedort_imagen\">\n<div class=\"tapa_imagen\">\n<div class=\"videoWrapper\"><a class=\"imagenLink\" href=\"http:\/\/www.elchubut.com.ar\/nota\/2017-9-28-10-49-39-inauguraron-el-sistema-cloacal-de-gaiman\" data-gallery=\"\"><img decoding=\"async\" class=\"panel_imagen\" src=\"http:\/\/pxb.cdn.elchubut.com.ar\/chubut\/092017\/1506606485506.jpg\" \/><\/a><\/p>\n<div class=\"galeria_cont\">\n<div class=\"icono_galeria\"><\/div>\n<div class=\"cantidad_fotos\"><\/div>\n<div class=\"fbgaleria_count\"><\/div>\n<\/div>\n<div class=\"icono_galeria_a\"><\/div>\n<div class=\"icono_galeria_s\"><\/div>\n<\/div>\n<div class=\"epigrafe\"><\/div>\n<\/div>\n<\/div>\n<div id=\"notapage_texto\" class=\"notapage_cuerpo\">\n<p>La planta de bombeo del sistema que dej\u00f3 habilitada el mandatario se encuentra ubicada sobre ruta nacional N\u00ba 25.<\/p>\n<p>El sistema cloacal en Gaiman es una obra hist\u00f3rica, esperada hace muchos a\u00f1os, que mejorar\u00e1 sustancialmente la calidad de vida de toda la comunidad.<\/p>\n<p>De la ceremonia formaron parte los ministros de Coordinaci\u00f3n de Gabinete, Jer\u00f3nimo Garc\u00eda; de Infraestructura, Alejandro Pagani; de Ambiente, Ignacio Agulleiro, y de Gobierno, Pablo Dur\u00e1n, adem\u00e1s de secretarios, subsecretarios de diversas \u00e1reas; diputados provinciales, el administrador del Ente Nacional de Obras H\u00eddricas de Saneamiento (ENOHSA), Luis Jahn; el intendente de Gaiman, Mariano Garc\u00eda Aranibar, funcionarios municipales y concejales.<\/p>\n<p>En la oportunidad Das Neves, luego de efectuar el descubrimiento de placa y realizar el tradicional corte de cintas, rubric\u00f3 el convenio de transferencia de la obra a la Municipalidad de Gaiman.<\/p>\n<p>Al finalizar el acto, y para dejar habilitado el sistema cloacal de la localidad, el gobernador puls\u00f3 el bot\u00f3n para poner en marcha la planta de bombeo.<\/p>\n<p>Al hacer uso de la palabra el mandatario\u00a0destac\u00f3 que \u00abpara nosotros esto no es sorpresa, es parte de una planificaci\u00f3n que empez\u00f3 en el 2003 cuando comenzamos a invertir en agua y cloacas en toda la Provincia\u00bb.<\/p>\n<p>Record\u00f3 que \u00abcuando terminamos la gesti\u00f3n en el 2011 la cobertura de cloacas en la Povincia era del 84%\u00bb.<\/p>\n<p>En ese sentido el gobernador se\u00f1al\u00f3 que \u00absiempre estuvo en nosotros hacer este tipo de obras, y va a seguir estando porque son fundamentales, \u00a0un antes y un despu\u00e9s, y las hemos hecho en pueblos chicos porque hemos llegado con cloacas a pueblos con 300 o 400 personas\u00bb.<\/p>\n<p>Por eso indic\u00f3 que \u00abestar ac\u00e1 hoy me pone muy contento, y saber que Gaiman sigue creciendo, sigue teniendo la infraestructura que necesita y mucha m\u00e1s, me pone muy feliz\u00bb.<\/p>\n<p>Expres\u00f3 que \u00abquiero agradecer \u00a0tambi\u00e9n a la gesti\u00f3n de Mariano (Garc\u00eda Aranibar), que es una gesti\u00f3n excelente, que tiene un reconocimiento importante\u00bb y tambi\u00e9n \u00abal acompa\u00f1amiento del gobierno nacional, porque estas son las cosas en las que tenemos que trabajar juntos por un pa\u00eds nuevo\u00bb.<\/p>\n<p>\u00abGESTIONAMOS TODO POR LA GENTE\u00bb<\/p>\n<p>\u00abEsto tiene que ver con el engrandecimiento de nuestra Provincia, porque nosotros trabajamos todos los d\u00edas, estamos entregando viviendas, inaugurando escuelas, cloacas\u00bb, destac\u00f3 el mandatario.<\/p>\n<p>\u00abNo hablamos, gestionamos todo por la gente y hasta el \u00faltimo d\u00eda de nuestra gesti\u00f3n va a ser as\u00ed\u00bb, concluy\u00f3 Das Neves.<\/p>\n<p>TRABAJO CONJUNTO<\/p>\n<p>En tanto que el administrador del Ente Nacional de Obras H\u00eddricas de Saneamiento (ENOHSA), Luis Jahn, indic\u00f3 que \u00abes una satisfacci\u00f3n estar ac\u00e1 para inaugurar esta obra que es tan importante para Gaiman, para la provincia del Chubut y tambi\u00e9n para Naci\u00f3n\u00bb.<\/p>\n<p>Detall\u00f3 que \u00abeste es otro paso en el Plan Nacional del Agua\u00bb y agreg\u00f3 sobre el sistema cloacal en Gaiman que \u00abeste tipo de obras le cambian la vida a la gente\u00bb.<\/p>\n<p>\u00abEsto es mejor salud, mayor horizonte y mejor calidad de vida\u00bb.<\/p>\n<p>El funcionario nacional destac\u00f3 el \u00abtrabajo conjunto fruct\u00edfero llevado a cabo entre Naci\u00f3n, Provincia y el municipio para llevar esta obra adelante y solucionarle los problemas a la gente\u00bb.<\/p>\n<p>Por \u00faltimo subray\u00f3 que la obra en la localidad de Gaiman \u00abse pudo concretar en plazos muy razonables y a costos tambi\u00e9n muy razonables\u00bb.<\/p>\n<p>OBRA HIST\u00d3RICA<\/p>\n<p>El intendente de Gaiman, Mariano Garc\u00eda Aranibar se\u00f1al\u00f3 que \u00abes una felicidad inmensa estar aqu\u00ed hoy, porque para los vecinos de Gaiman es una obra hist\u00f3rica que esperaron durante much\u00edsimos a\u00f1os\u00bb.<\/p>\n<p>\u00abComo todo llega, hoy tenemos ese enorme placer y orgullo de estar oficialmente inaugurando el sistema cloacal y poni\u00e9ndolo en funcionamiento\u00bb, indic\u00f3.<\/p>\n<p>Sostuvo que \u00abpara este municipio es una responsabilidad enorme que la afrontaremos con la seriedad que nos caracteriza\u00bb.<\/p>\n<p>En ese marco indic\u00f3 que \u00abya est\u00e1n las herramientas legales y normativas realizadas y atravesaremos ahora un proceso de 30 d\u00edas de prueba, pero ya hay 70 viviendas conectadas a esta red, y por lo que venimos viendo esta funcionando de manera impecable\u00bb.<\/p>\n<p>El intendente asegur\u00f3 que \u00abpudimos concretar esta obra con el acompa\u00f1amiento del gobierno nacional y con el \u00a0esfuerzo del gobierno provincial, con el compromiso del gobernador Das Neves que siempre nos dice que avancemos con los servicios esenciales, que son los que le cambian la vida a la gente\u00bb.<\/p>\n<p>Asimismo agradeci\u00f3 \u00aba la empresa Villegas Construcciones por la seriedad y por c\u00f3mo trabajamos, adem\u00e1s a la Subsecretar\u00eda de Servicios P\u00fablicos, al ministro de Infraestructura, Alejandro Pagani, por la colaboraci\u00f3n, asesoramiento y acompa\u00f1amiento constante\u00bb.<\/p>\n<p>\u00abTambi\u00e9n le agradezco a los vecinos porque durante todo el a\u00f1o pasado padecimos estas obras, con los trabajos que se estaban ejecutando en las calles. Gracias por la tolerancia y la paciencia\u00bb, expres\u00f3.<\/p>\n<p>Indic\u00f3 adem\u00e1s que las cloacas \u00abpara Gaiman son un logro porque esto es \u00a0un antes y un despu\u00e9s para a la localidad\u00bb, recalc\u00f3 Garc\u00eda Aranibar.<\/p>\n<p>\u00abEs un salto cualitativo inmenso, es el servicio b\u00e1sico que nos falta y despu\u00e9s de muchos a\u00f1os lo logramos\u00bb, concluy\u00f3 Garc\u00eda Aranibar.<\/p>\n<p>Fuente: El Chubut<\/p>\n<\/div>\n<\/div>\n<\/div>\n","protected":false},"excerpt":{"rendered":"<p>Gaiman.-El gobernador Mario\u00a0Das\u00a0Neves inaugur\u00f3 este jueves \u00a0el sistema cloacal de Gaiman para el que se invirtieron m\u00e1s de 107 millones [&hellip;]<\/p>\n","protected":false},"author":2,"featured_media":35719,"comment_status":"open","ping_status":"open","sticky":false,"template":"","format":"standard","meta":{"site-sidebar-layout":"default","site-content-layout":"","ast-site-content-layout":"default","site-content-style":"default","site-sidebar-style":"default","ast-global-header-display":"","ast-banner-title-visibility":"","ast-main-header-display":"","ast-hfb-above-header-display":"","ast-hfb-below-header-display":"","ast-hfb-mobile-header-display":"","site-post-title":"","ast-breadcrumbs-content":"","ast-featured-img":"","footer-sml-layout":"","ast-disable-related-posts":"","theme-transparent-header-meta":"","adv-header-id-meta":"","stick-header-meta":"","header-above-stick-meta":"","header-main-stick-meta":"","header-below-stick-meta":"","astra-migrate-meta-layouts":"default","ast-page-background-enabled":"default","ast-page-background-meta":{"desktop":{"background-color":"var(--ast-global-color-5)","background-image":"","background-repeat":"repeat","background-position":"center center","background-size":"auto","background-attachment":"scroll","background-type":"","background-media":"","overlay-type":"","overlay-color":"","overlay-opacity":"","overlay-gradient":""},"tablet":{"background-color":"","background-image":"","background-repeat":"repeat","background-position":"center center","background-size":"auto","background-attachment":"scroll","background-type":"","background-media":"","overlay-type":"","overlay-color":"","overlay-opacity":"","overlay-gradient":""},"mobile":{"background-color":"","background-image":"","background-repeat":"repeat","background-position":"center center","background-size":"auto","background-attachment":"scroll","background-type":"","background-media":"","overlay-type":"","overlay-color":"","overlay-opacity":"","overlay-gradient":""}},"ast-content-background-meta":{"desktop":{"background-color":"var(--ast-global-color-4)","background-image":"","background-repeat":"repeat","background-position":"center center","background-size":"auto","background-attachment":"scroll","background-type":"","background-media":"","overlay-type":"","overlay-color":"","overlay-opacity":"","overlay-gradient":""},"tablet":{"background-color":"var(--ast-global-color-4)","background-image":"","background-repeat":"repeat","background-position":"center center","background-size":"auto","background-attachment":"scroll","background-type":"","background-media":"","overlay-type":"","overlay-color":"","overlay-opacity":"","overlay-gradient":""},"mobile":{"background-color":"var(--ast-global-color-4)","background-image":"","background-repeat":"repeat","background-position":"center center","background-size":"auto","background-attachment":"scroll","background-type":"","background-media":"","overlay-type":"","overlay-color":"","overlay-opacity":"","overlay-gradient":""}},"footnotes":""},"categories":[16,1],"tags":[],"class_list":["post-35718","post","type-post","status-publish","format-standard","has-post-thumbnail","hentry","category-municipales","category-noticias"],"yoast_head":"<!-- This site is optimized with the Yoast SEO Premium plugin v23.0 (Yoast SEO v27.4) - https:\/\/yoast.com\/product\/yoast-seo-premium-wordpress\/ -->\n<title>Inauguraron el sistema cloacal de Gaiman<\/title>\n<meta name=\"robots\" content=\"index, follow, max-snippet:-1, max-image-preview:large, max-video-preview:-1\" \/>\n<link rel=\"canonical\" href=\"https:\/\/patagoniambiental.com.ar\/info\/inauguraron-el-sistema-cloacal-de-gaiman\/\" \/>\n<meta property=\"og:locale\" content=\"es_ES\" \/>\n<meta property=\"og:type\" content=\"article\" \/>\n<meta property=\"og:title\" content=\"Inauguraron el sistema cloacal de Gaiman\" \/>\n<meta property=\"og:description\" content=\"Gaiman.-El gobernador Mario\u00a0Das\u00a0Neves inaugur\u00f3 este jueves \u00a0el sistema cloacal de Gaiman para el que se invirtieron m\u00e1s de 107 millones [&hellip;]\" \/>\n<meta property=\"og:url\" content=\"https:\/\/patagoniambiental.com.ar\/info\/inauguraron-el-sistema-cloacal-de-gaiman\/\" \/>\n<meta property=\"og:site_name\" content=\"Patagonia Ambiental\" \/>\n<meta property=\"article:publisher\" content=\"https:\/\/www.facebook.com\/patagonia.ambiental\" \/>\n<meta property=\"article:author\" content=\"https:\/\/www.facebook.com\/share\/1C1V8Gv9BX\/?mibextid=qi2Omg\" \/>\n<meta property=\"article:published_time\" content=\"2017-09-30T12:00:32+00:00\" \/>\n<meta property=\"og:image\" content=\"https:\/\/patagoniambiental.com.ar\/info\/wp-content\/uploads\/2017\/09\/1506606485506.jpg\" \/>\n\t<meta property=\"og:image:width\" content=\"1024\" \/>\n\t<meta property=\"og:image:height\" content=\"624\" \/>\n\t<meta property=\"og:image:type\" content=\"image\/jpeg\" \/>\n<meta name=\"author\" content=\"Patagonia Ambiental\" \/>\n<meta name=\"twitter:card\" content=\"summary_large_image\" \/>\n<meta name=\"twitter:creator\" content=\"@PatAmb\" \/>\n<meta name=\"twitter:site\" content=\"@PatAmb\" \/>\n<script type=\"application\/ld+json\" class=\"yoast-schema-graph\">{\"@context\":\"https:\\\/\\\/schema.org\",\"@graph\":[{\"@type\":\"Article\",\"@id\":\"https:\\\/\\\/patagoniambiental.com.ar\\\/info\\\/inauguraron-el-sistema-cloacal-de-gaiman\\\/#article\",\"isPartOf\":{\"@id\":\"https:\\\/\\\/patagoniambiental.com.ar\\\/info\\\/inauguraron-el-sistema-cloacal-de-gaiman\\\/\"},\"author\":{\"name\":\"Patagonia Ambiental\",\"@id\":\"https:\\\/\\\/patagoniambiental.com.ar\\\/info\\\/#\\\/schema\\\/person\\\/db12bff64bbcbf6a253710bf0ea37b5d\"},\"headline\":\"Inauguraron el sistema cloacal de Gaiman\",\"datePublished\":\"2017-09-30T12:00:32+00:00\",\"mainEntityOfPage\":{\"@id\":\"https:\\\/\\\/patagoniambiental.com.ar\\\/info\\\/inauguraron-el-sistema-cloacal-de-gaiman\\\/\"},\"wordCount\":913,\"commentCount\":0,\"publisher\":{\"@id\":\"https:\\\/\\\/patagoniambiental.com.ar\\\/info\\\/#organization\"},\"image\":{\"@id\":\"https:\\\/\\\/patagoniambiental.com.ar\\\/info\\\/inauguraron-el-sistema-cloacal-de-gaiman\\\/#primaryimage\"},\"thumbnailUrl\":\"https:\\\/\\\/patagoniambiental.com.ar\\\/info\\\/wp-content\\\/uploads\\\/2017\\\/09\\\/1506606485506.jpg\",\"articleSection\":[\"Municipales\",\"Noticias\"],\"inLanguage\":\"es\",\"potentialAction\":[{\"@type\":\"CommentAction\",\"name\":\"Comment\",\"target\":[\"https:\\\/\\\/patagoniambiental.com.ar\\\/info\\\/inauguraron-el-sistema-cloacal-de-gaiman\\\/#respond\"]}]},{\"@type\":\"WebPage\",\"@id\":\"https:\\\/\\\/patagoniambiental.com.ar\\\/info\\\/inauguraron-el-sistema-cloacal-de-gaiman\\\/\",\"url\":\"https:\\\/\\\/patagoniambiental.com.ar\\\/info\\\/inauguraron-el-sistema-cloacal-de-gaiman\\\/\",\"name\":\"Inauguraron el sistema cloacal de Gaiman\",\"isPartOf\":{\"@id\":\"https:\\\/\\\/patagoniambiental.com.ar\\\/info\\\/#website\"},\"primaryImageOfPage\":{\"@id\":\"https:\\\/\\\/patagoniambiental.com.ar\\\/info\\\/inauguraron-el-sistema-cloacal-de-gaiman\\\/#primaryimage\"},\"image\":{\"@id\":\"https:\\\/\\\/patagoniambiental.com.ar\\\/info\\\/inauguraron-el-sistema-cloacal-de-gaiman\\\/#primaryimage\"},\"thumbnailUrl\":\"https:\\\/\\\/patagoniambiental.com.ar\\\/info\\\/wp-content\\\/uploads\\\/2017\\\/09\\\/1506606485506.jpg\",\"datePublished\":\"2017-09-30T12:00:32+00:00\",\"breadcrumb\":{\"@id\":\"https:\\\/\\\/patagoniambiental.com.ar\\\/info\\\/inauguraron-el-sistema-cloacal-de-gaiman\\\/#breadcrumb\"},\"inLanguage\":\"es\",\"potentialAction\":[{\"@type\":\"ReadAction\",\"target\":[\"https:\\\/\\\/patagoniambiental.com.ar\\\/info\\\/inauguraron-el-sistema-cloacal-de-gaiman\\\/\"]}]},{\"@type\":\"ImageObject\",\"inLanguage\":\"es\",\"@id\":\"https:\\\/\\\/patagoniambiental.com.ar\\\/info\\\/inauguraron-el-sistema-cloacal-de-gaiman\\\/#primaryimage\",\"url\":\"https:\\\/\\\/patagoniambiental.com.ar\\\/info\\\/wp-content\\\/uploads\\\/2017\\\/09\\\/1506606485506.jpg\",\"contentUrl\":\"https:\\\/\\\/patagoniambiental.com.ar\\\/info\\\/wp-content\\\/uploads\\\/2017\\\/09\\\/1506606485506.jpg\",\"width\":985,\"height\":600},{\"@type\":\"BreadcrumbList\",\"@id\":\"https:\\\/\\\/patagoniambiental.com.ar\\\/info\\\/inauguraron-el-sistema-cloacal-de-gaiman\\\/#breadcrumb\",\"itemListElement\":[{\"@type\":\"ListItem\",\"position\":1,\"name\":\"Inicio\",\"item\":\"https:\\\/\\\/patagoniambiental.com.ar\\\/info\\\/\"},{\"@type\":\"ListItem\",\"position\":2,\"name\":\"Inauguraron el sistema cloacal de Gaiman\"}]},{\"@type\":\"WebSite\",\"@id\":\"https:\\\/\\\/patagoniambiental.com.ar\\\/info\\\/#website\",\"url\":\"https:\\\/\\\/patagoniambiental.com.ar\\\/info\\\/\",\"name\":\"Patagonia Ambiental\",\"description\":\"Monitoreo y an\u00e1lisis de la situaci\u00f3n geopol\u00edtica en el mundo y su implicancia en la Patagonia\",\"publisher\":{\"@id\":\"https:\\\/\\\/patagoniambiental.com.ar\\\/info\\\/#organization\"},\"potentialAction\":[{\"@type\":\"SearchAction\",\"target\":{\"@type\":\"EntryPoint\",\"urlTemplate\":\"https:\\\/\\\/patagoniambiental.com.ar\\\/info\\\/?s={search_term_string}\"},\"query-input\":{\"@type\":\"PropertyValueSpecification\",\"valueRequired\":true,\"valueName\":\"search_term_string\"}}],\"inLanguage\":\"es\"},{\"@type\":\"Organization\",\"@id\":\"https:\\\/\\\/patagoniambiental.com.ar\\\/info\\\/#organization\",\"name\":\"Patagonia Ambiental\",\"url\":\"https:\\\/\\\/patagoniambiental.com.ar\\\/info\\\/\",\"logo\":{\"@type\":\"ImageObject\",\"inLanguage\":\"es\",\"@id\":\"https:\\\/\\\/patagoniambiental.com.ar\\\/info\\\/#\\\/schema\\\/logo\\\/image\\\/\",\"url\":\"https:\\\/\\\/patagoniambiental.com.ar\\\/info\\\/wp-content\\\/uploads\\\/2025\\\/05\\\/LOGO-PATAGONIA-AMBIENTAL.png\",\"contentUrl\":\"https:\\\/\\\/patagoniambiental.com.ar\\\/info\\\/wp-content\\\/uploads\\\/2025\\\/05\\\/LOGO-PATAGONIA-AMBIENTAL.png\",\"width\":433,\"height\":250,\"caption\":\"Patagonia Ambiental\"},\"image\":{\"@id\":\"https:\\\/\\\/patagoniambiental.com.ar\\\/info\\\/#\\\/schema\\\/logo\\\/image\\\/\"},\"sameAs\":[\"https:\\\/\\\/www.facebook.com\\\/patagonia.ambiental\",\"https:\\\/\\\/x.com\\\/PatAmb\"]},{\"@type\":\"Person\",\"@id\":\"https:\\\/\\\/patagoniambiental.com.ar\\\/info\\\/#\\\/schema\\\/person\\\/db12bff64bbcbf6a253710bf0ea37b5d\",\"name\":\"Patagonia Ambiental\",\"description\":\"Andr\u00e9s Nievas T\u00e9cnico en manejo ambiental, consultor Ambiental y escritor para medios locales e internacionales sobre temas de geopolitica y medio ambiente.\",\"sameAs\":[\"http:\\\/\\\/www.patagoniambiental.com.ar\",\"https:\\\/\\\/www.facebook.com\\\/share\\\/1C1V8Gv9BX\\\/?mibextid=qi2Omg\",\"@patagoniambiental\",\"https:\\\/\\\/youtube.com\\\/@patagoniaambiental2023?si=BLt58t0wuXquxlYZ\"]}]}<\/script>\n<!-- \/ Yoast SEO Premium plugin. -->","yoast_head_json":{"title":"Inauguraron el sistema cloacal de Gaiman","robots":{"index":"index","follow":"follow","max-snippet":"max-snippet:-1","max-image-preview":"max-image-preview:large","max-video-preview":"max-video-preview:-1"},"canonical":"https:\/\/patagoniambiental.com.ar\/info\/inauguraron-el-sistema-cloacal-de-gaiman\/","og_locale":"es_ES","og_type":"article","og_title":"Inauguraron el sistema cloacal de Gaiman","og_description":"Gaiman.-El gobernador Mario\u00a0Das\u00a0Neves inaugur\u00f3 este jueves \u00a0el sistema cloacal de Gaiman para el que se invirtieron m\u00e1s de 107 millones [&hellip;]","og_url":"https:\/\/patagoniambiental.com.ar\/info\/inauguraron-el-sistema-cloacal-de-gaiman\/","og_site_name":"Patagonia Ambiental","article_publisher":"https:\/\/www.facebook.com\/patagonia.ambiental","article_author":"https:\/\/www.facebook.com\/share\/1C1V8Gv9BX\/?mibextid=qi2Omg","article_published_time":"2017-09-30T12:00:32+00:00","og_image":[{"width":1024,"height":624,"url":"https:\/\/patagoniambiental.com.ar\/info\/wp-content\/uploads\/2017\/09\/1506606485506.jpg","type":"image\/jpeg"}],"author":"Patagonia Ambiental","twitter_card":"summary_large_image","twitter_creator":"@PatAmb","twitter_site":"@PatAmb","schema":{"@context":"https:\/\/schema.org","@graph":[{"@type":"Article","@id":"https:\/\/patagoniambiental.com.ar\/info\/inauguraron-el-sistema-cloacal-de-gaiman\/#article","isPartOf":{"@id":"https:\/\/patagoniambiental.com.ar\/info\/inauguraron-el-sistema-cloacal-de-gaiman\/"},"author":{"name":"Patagonia Ambiental","@id":"https:\/\/patagoniambiental.com.ar\/info\/#\/schema\/person\/db12bff64bbcbf6a253710bf0ea37b5d"},"headline":"Inauguraron el sistema cloacal de Gaiman","datePublished":"2017-09-30T12:00:32+00:00","mainEntityOfPage":{"@id":"https:\/\/patagoniambiental.com.ar\/info\/inauguraron-el-sistema-cloacal-de-gaiman\/"},"wordCount":913,"commentCount":0,"publisher":{"@id":"https:\/\/patagoniambiental.com.ar\/info\/#organization"},"image":{"@id":"https:\/\/patagoniambiental.com.ar\/info\/inauguraron-el-sistema-cloacal-de-gaiman\/#primaryimage"},"thumbnailUrl":"https:\/\/patagoniambiental.com.ar\/info\/wp-content\/uploads\/2017\/09\/1506606485506.jpg","articleSection":["Municipales","Noticias"],"inLanguage":"es","potentialAction":[{"@type":"CommentAction","name":"Comment","target":["https:\/\/patagoniambiental.com.ar\/info\/inauguraron-el-sistema-cloacal-de-gaiman\/#respond"]}]},{"@type":"WebPage","@id":"https:\/\/patagoniambiental.com.ar\/info\/inauguraron-el-sistema-cloacal-de-gaiman\/","url":"https:\/\/patagoniambiental.com.ar\/info\/inauguraron-el-sistema-cloacal-de-gaiman\/","name":"Inauguraron el sistema cloacal de Gaiman","isPartOf":{"@id":"https:\/\/patagoniambiental.com.ar\/info\/#website"},"primaryImageOfPage":{"@id":"https:\/\/patagoniambiental.com.ar\/info\/inauguraron-el-sistema-cloacal-de-gaiman\/#primaryimage"},"image":{"@id":"https:\/\/patagoniambiental.com.ar\/info\/inauguraron-el-sistema-cloacal-de-gaiman\/#primaryimage"},"thumbnailUrl":"https:\/\/patagoniambiental.com.ar\/info\/wp-content\/uploads\/2017\/09\/1506606485506.jpg","datePublished":"2017-09-30T12:00:32+00:00","breadcrumb":{"@id":"https:\/\/patagoniambiental.com.ar\/info\/inauguraron-el-sistema-cloacal-de-gaiman\/#breadcrumb"},"inLanguage":"es","potentialAction":[{"@type":"ReadAction","target":["https:\/\/patagoniambiental.com.ar\/info\/inauguraron-el-sistema-cloacal-de-gaiman\/"]}]},{"@type":"ImageObject","inLanguage":"es","@id":"https:\/\/patagoniambiental.com.ar\/info\/inauguraron-el-sistema-cloacal-de-gaiman\/#primaryimage","url":"https:\/\/patagoniambiental.com.ar\/info\/wp-content\/uploads\/2017\/09\/1506606485506.jpg","contentUrl":"https:\/\/patagoniambiental.com.ar\/info\/wp-content\/uploads\/2017\/09\/1506606485506.jpg","width":985,"height":600},{"@type":"BreadcrumbList","@id":"https:\/\/patagoniambiental.com.ar\/info\/inauguraron-el-sistema-cloacal-de-gaiman\/#breadcrumb","itemListElement":[{"@type":"ListItem","position":1,"name":"Inicio","item":"https:\/\/patagoniambiental.com.ar\/info\/"},{"@type":"ListItem","position":2,"name":"Inauguraron el sistema cloacal de Gaiman"}]},{"@type":"WebSite","@id":"https:\/\/patagoniambiental.com.ar\/info\/#website","url":"https:\/\/patagoniambiental.com.ar\/info\/","name":"Patagonia Ambiental","description":"Monitoreo y an\u00e1lisis de la situaci\u00f3n geopol\u00edtica en el mundo y su implicancia en la Patagonia","publisher":{"@id":"https:\/\/patagoniambiental.com.ar\/info\/#organization"},"potentialAction":[{"@type":"SearchAction","target":{"@type":"EntryPoint","urlTemplate":"https:\/\/patagoniambiental.com.ar\/info\/?s={search_term_string}"},"query-input":{"@type":"PropertyValueSpecification","valueRequired":true,"valueName":"search_term_string"}}],"inLanguage":"es"},{"@type":"Organization","@id":"https:\/\/patagoniambiental.com.ar\/info\/#organization","name":"Patagonia Ambiental","url":"https:\/\/patagoniambiental.com.ar\/info\/","logo":{"@type":"ImageObject","inLanguage":"es","@id":"https:\/\/patagoniambiental.com.ar\/info\/#\/schema\/logo\/image\/","url":"https:\/\/patagoniambiental.com.ar\/info\/wp-content\/uploads\/2025\/05\/LOGO-PATAGONIA-AMBIENTAL.png","contentUrl":"https:\/\/patagoniambiental.com.ar\/info\/wp-content\/uploads\/2025\/05\/LOGO-PATAGONIA-AMBIENTAL.png","width":433,"height":250,"caption":"Patagonia Ambiental"},"image":{"@id":"https:\/\/patagoniambiental.com.ar\/info\/#\/schema\/logo\/image\/"},"sameAs":["https:\/\/www.facebook.com\/patagonia.ambiental","https:\/\/x.com\/PatAmb"]},{"@type":"Person","@id":"https:\/\/patagoniambiental.com.ar\/info\/#\/schema\/person\/db12bff64bbcbf6a253710bf0ea37b5d","name":"Patagonia Ambiental","description":"Andr\u00e9s Nievas T\u00e9cnico en manejo ambiental, consultor Ambiental y escritor para medios locales e internacionales sobre temas de geopolitica y medio ambiente.","sameAs":["http:\/\/www.patagoniambiental.com.ar","https:\/\/www.facebook.com\/share\/1C1V8Gv9BX\/?mibextid=qi2Omg","@patagoniambiental","https:\/\/youtube.com\/@patagoniaambiental2023?si=BLt58t0wuXquxlYZ"]}]}},"_links":{"self":[{"href":"https:\/\/patagoniambiental.com.ar\/info\/wp-json\/wp\/v2\/posts\/35718","targetHints":{"allow":["GET"]}}],"collection":[{"href":"https:\/\/patagoniambiental.com.ar\/info\/wp-json\/wp\/v2\/posts"}],"about":[{"href":"https:\/\/patagoniambiental.com.ar\/info\/wp-json\/wp\/v2\/types\/post"}],"author":[{"embeddable":true,"href":"https:\/\/patagoniambiental.com.ar\/info\/wp-json\/wp\/v2\/users\/2"}],"replies":[{"embeddable":true,"href":"https:\/\/patagoniambiental.com.ar\/info\/wp-json\/wp\/v2\/comments?post=35718"}],"version-history":[{"count":0,"href":"https:\/\/patagoniambiental.com.ar\/info\/wp-json\/wp\/v2\/posts\/35718\/revisions"}],"wp:featuredmedia":[{"embeddable":true,"href":"https:\/\/patagoniambiental.com.ar\/info\/wp-json\/wp\/v2\/media\/35719"}],"wp:attachment":[{"href":"https:\/\/patagoniambiental.com.ar\/info\/wp-json\/wp\/v2\/media?parent=35718"}],"wp:term":[{"taxonomy":"category","embeddable":true,"href":"https:\/\/patagoniambiental.com.ar\/info\/wp-json\/wp\/v2\/categories?post=35718"},{"taxonomy":"post_tag","embeddable":true,"href":"https:\/\/patagoniambiental.com.ar\/info\/wp-json\/wp\/v2\/tags?post=35718"}],"curies":[{"name":"wp","href":"https:\/\/api.w.org\/{rel}","templated":true}]}}