{"id":35721,"date":"2017-10-01T09:00:24","date_gmt":"2017-10-01T12:00:24","guid":{"rendered":"http:\/\/patagoniambiental.com.ar\/info\/?p=35721"},"modified":"2017-09-29T14:19:01","modified_gmt":"2017-09-29T17:19:01","slug":"nuevos-frenos-de-chubut-al-proyecto-del-acueducto-los-monos","status":"publish","type":"post","link":"https:\/\/patagoniambiental.com.ar\/info\/nuevos-frenos-de-chubut-al-proyecto-del-acueducto-los-monos\/","title":{"rendered":"Nuevos frenos de Chubut al proyecto del acueducto Los Monos"},"content":{"rendered":"<header>\n<div class=\"row\">\n<div class=\"col-xs-12\">\n<p class=\"title\">Chubut.-El ministro de Ambiente de Chubut y el titular del Instituto Provincial del Agua, Ignacio Agulleiro y Gerardo Bulacios, cuestionaron duramente la intenci\u00f3n del Gobierno nacional de avanzar en la construcci\u00f3n del acueducto<\/p>\n<p><!--more--><\/p>\n<p class=\"title\">Los Monos para Santa Cruz. Los funcionarios aseguraron que, llegado el caso, Chubut no permitir\u00e1 que se avance en ese proyecto que \u201ces irrealizable, tanto t\u00e9cnica como ambientalmente\u201d.<\/p>\n<\/div>\n<\/div>\n<\/header>\n<p>&nbsp;<\/p>\n<div class=\"cuerpo clearfix\">\n<p>La decisi\u00f3n de Naci\u00f3n de avanzar en el acueducto Los Monos, que tomar\u00eda agua del Senguer para volcarla a distintas localidades de la zona norte de Santa Cruz e irrigar 3.000 hect\u00e1reas, fue cuestionada ayer por el ministro de Ambiente de Chubut y el titular del Instituto Provincial del Agua, Ignacio Agulleiro y Gerardo Bulacios.<\/p>\n<p>En di\u00e1logo con Radio Del Mar, el ministro de Ambiente asegur\u00f3 que ese emprendimiento \u201ces una muestra cabal de que al Gobierno nacional no le interesa absolutamente nada de la Patagonia\u201d y que \u201ctoman algunos temas, como este y que son trascendentes, para hacer campa\u00f1a\u201d.<\/p>\n<p>Luego de cuestionar al diputado nacional santacruce\u00f1o por Cambiemos Eduardo Costa, que fue quien llev\u00f3 adelante la difusi\u00f3n de la inclusi\u00f3n del acueducto en el Plan Nacional de Agua, Agulleiro dej\u00f3 en claro: \u201cese acueducto es inviable. Pretenden tomar agua del Senguer, hacer una inversi\u00f3n de 18.000 millones de pesos, y sin presentar ning\u00fan estudio a Chubut. Es ins\u00f3lito y lamentable\u201d, remarc\u00f3.<\/p>\n<p>El ministro calific\u00f3 la decisi\u00f3n del Gobierno nacional y la posici\u00f3n asumida por Costa como \u201cde descaro\u201d ya que \u201chacen campa\u00f1a con algo tan vital que es el agua, y plantean sacar el l\u00edquido del Senguer, algo que afectar\u00e1 a la poblaci\u00f3n de Chubut, que ya sufre por la falta de agua. Nadie, como una cuesti\u00f3n humana, negar\u00eda el agua a un vecino, pero lo que hay que hacer es llevar adelante el mejor proyecto, y este dista mucho de ser razonable y t\u00e9cnicamente posible\u201d, insisti\u00f3.<\/p>\n<p>\u201cNO HAY NADA Y NO LO VAMOS A ACEPTAR\u201d<\/p>\n<p>El presidente del Instituto Provincial del Agua, Gerardo Bulacios, fue un poco m\u00e1s all\u00e1 que el ministro y as\u00ed asegur\u00f3: \u201csobre este acueducto no hay nada. Se trata de un acto o propuesta de campa\u00f1a del diputado Costa, que nos parece de mal gusto, porque se trata de agua y con esto no se juega\u201d, sostuvo.<\/p>\n<p>En el mismo tono, Bulacios dijo que sobre el particular requiri\u00f3 informaci\u00f3n a Naci\u00f3n. \u201cTambi\u00e9n me aseguraron que no hay nada. En la provincia no entr\u00f3 comunicaci\u00f3n alguna al respecto, as\u00ed que lo \u00fanico que podemos hacer es repudiar esta propuesta de campa\u00f1a, que est\u00e1n haciendo a tan pocos d\u00edas de las elecciones\u201d, insisti\u00f3.<\/p>\n<p>De todas maneras, el funcionario record\u00f3: \u201ceste acueducto no puede definirse unilateralmente. Todo lo concerniente al agua debe ser definido por la Cuenca, as\u00ed que no creo que esto pueda prosperar si es que alguna vez se propone formalmente\u201d.<\/p>\n<p>El presidente del IPA finalmente se\u00f1al\u00f3 que Santa Cruz solo podr\u00eda recibir agua del Senguer por el equivalente de la porci\u00f3n de r\u00edo que pase por su territorio. \u201cEl r\u00edo nace y muere en Chubut, que tiene el 95% del recorrido. Por lo tanto, adem\u00e1s de ser una obra de dif\u00edcil concreci\u00f3n, que no ser\u00eda razonable, tampoco podr\u00eda desviarse tanta agua, como se dice, para Santa Cruz, sobre todo porque tambi\u00e9n se plantea que se utilizar\u00e1 para otra cosa que no sea el consumo humano\u201d, concluy\u00f3.<\/p>\n<p>Fuente: El Patagonico<\/p>\n<\/div>\n","protected":false},"excerpt":{"rendered":"<p>Chubut.-El ministro de Ambiente de Chubut y el titular del Instituto Provincial del Agua, Ignacio Agulleiro y Gerardo Bulacios, cuestionaron [&hellip;]<\/p>\n","protected":false},"author":2,"featured_media":0,"comment_status":"open","ping_status":"open","sticky":false,"template":"","format":"standard","meta":{"site-sidebar-layout":"default","site-content-layout":"","ast-site-content-layout":"default","site-content-style":"default","site-sidebar-style":"default","ast-global-header-display":"","ast-banner-title-visibility":"","ast-main-header-display":"","ast-hfb-above-header-display":"","ast-hfb-below-header-display":"","ast-hfb-mobile-header-display":"","site-post-title":"","ast-breadcrumbs-content":"","ast-featured-img":"","footer-sml-layout":"","ast-disable-related-posts":"","theme-transparent-header-meta":"","adv-header-id-meta":"","stick-header-meta":"","header-above-stick-meta":"","header-main-stick-meta":"","header-below-stick-meta":"","astra-migrate-meta-layouts":"default","ast-page-background-enabled":"default","ast-page-background-meta":{"desktop":{"background-color":"var(--ast-global-color-5)","background-image":"","background-repeat":"repeat","background-position":"center center","background-size":"auto","background-attachment":"scroll","background-type":"","background-media":"","overlay-type":"","overlay-color":"","overlay-opacity":"","overlay-gradient":""},"tablet":{"background-color":"","background-image":"","background-repeat":"repeat","background-position":"center center","background-size":"auto","background-attachment":"scroll","background-type":"","background-media":"","overlay-type":"","overlay-color":"","overlay-opacity":"","overlay-gradient":""},"mobile":{"background-color":"","background-image":"","background-repeat":"repeat","background-position":"center center","background-size":"auto","background-attachment":"scroll","background-type":"","background-media":"","overlay-type":"","overlay-color":"","overlay-opacity":"","overlay-gradient":""}},"ast-content-background-meta":{"desktop":{"background-color":"var(--ast-global-color-4)","background-image":"","background-repeat":"repeat","background-position":"center center","background-size":"auto","background-attachment":"scroll","background-type":"","background-media":"","overlay-type":"","overlay-color":"","overlay-opacity":"","overlay-gradient":""},"tablet":{"background-color":"var(--ast-global-color-4)","background-image":"","background-repeat":"repeat","background-position":"center center","background-size":"auto","background-attachment":"scroll","background-type":"","background-media":"","overlay-type":"","overlay-color":"","overlay-opacity":"","overlay-gradient":""},"mobile":{"background-color":"var(--ast-global-color-4)","background-image":"","background-repeat":"repeat","background-position":"center center","background-size":"auto","background-attachment":"scroll","background-type":"","background-media":"","overlay-type":"","overlay-color":"","overlay-opacity":"","overlay-gradient":""}},"footnotes":""},"categories":[1],"tags":[],"class_list":["post-35721","post","type-post","status-publish","format-standard","hentry","category-noticias"],"yoast_head":"<!-- This site is optimized with the Yoast SEO Premium plugin v23.0 (Yoast SEO v27.5) - https:\/\/yoast.com\/product\/yoast-seo-premium-wordpress\/ -->\n<title>Nuevos frenos de Chubut al proyecto del acueducto Los Monos<\/title>\n<meta name=\"robots\" content=\"index, follow, max-snippet:-1, max-image-preview:large, max-video-preview:-1\" \/>\n<link rel=\"canonical\" href=\"https:\/\/patagoniambiental.com.ar\/info\/nuevos-frenos-de-chubut-al-proyecto-del-acueducto-los-monos\/\" \/>\n<meta property=\"og:locale\" content=\"es_ES\" \/>\n<meta property=\"og:type\" content=\"article\" \/>\n<meta property=\"og:title\" content=\"Nuevos frenos de Chubut al proyecto del acueducto Los Monos\" \/>\n<meta property=\"og:description\" content=\"Chubut.-El ministro de Ambiente de Chubut y el titular del Instituto Provincial del Agua, Ignacio Agulleiro y Gerardo Bulacios, cuestionaron [&hellip;]\" \/>\n<meta property=\"og:url\" content=\"https:\/\/patagoniambiental.com.ar\/info\/nuevos-frenos-de-chubut-al-proyecto-del-acueducto-los-monos\/\" \/>\n<meta property=\"og:site_name\" content=\"Patagonia Ambiental\" \/>\n<meta property=\"article:publisher\" content=\"https:\/\/www.facebook.com\/patagonia.ambiental\" \/>\n<meta property=\"article:author\" content=\"https:\/\/www.facebook.com\/share\/1C1V8Gv9BX\/?mibextid=qi2Omg\" \/>\n<meta property=\"article:published_time\" content=\"2017-10-01T12:00:24+00:00\" \/>\n<meta property=\"og:image\" content=\"https:\/\/patagoniambiental.com.ar\/info\/wp-content\/uploads\/2017\/02\/ignacion-argueillo.jpg\" \/>\n\t<meta property=\"og:image:width\" content=\"398\" \/>\n\t<meta property=\"og:image:height\" content=\"471\" \/>\n\t<meta property=\"og:image:type\" content=\"image\/jpeg\" \/>\n<meta name=\"author\" content=\"Patagonia Ambiental\" \/>\n<meta name=\"twitter:card\" content=\"summary_large_image\" \/>\n<meta name=\"twitter:creator\" content=\"@PatAmb\" \/>\n<meta name=\"twitter:site\" content=\"@PatAmb\" \/>\n<script type=\"application\/ld+json\" class=\"yoast-schema-graph\">{\"@context\":\"https:\\\/\\\/schema.org\",\"@graph\":[{\"@type\":\"Article\",\"@id\":\"https:\\\/\\\/patagoniambiental.com.ar\\\/info\\\/nuevos-frenos-de-chubut-al-proyecto-del-acueducto-los-monos\\\/#article\",\"isPartOf\":{\"@id\":\"https:\\\/\\\/patagoniambiental.com.ar\\\/info\\\/nuevos-frenos-de-chubut-al-proyecto-del-acueducto-los-monos\\\/\"},\"author\":{\"name\":\"Patagonia Ambiental\",\"@id\":\"https:\\\/\\\/patagoniambiental.com.ar\\\/info\\\/#\\\/schema\\\/person\\\/db12bff64bbcbf6a253710bf0ea37b5d\"},\"headline\":\"Nuevos frenos de Chubut al proyecto del acueducto Los Monos\",\"datePublished\":\"2017-10-01T12:00:24+00:00\",\"mainEntityOfPage\":{\"@id\":\"https:\\\/\\\/patagoniambiental.com.ar\\\/info\\\/nuevos-frenos-de-chubut-al-proyecto-del-acueducto-los-monos\\\/\"},\"wordCount\":608,\"commentCount\":0,\"publisher\":{\"@id\":\"https:\\\/\\\/patagoniambiental.com.ar\\\/info\\\/#organization\"},\"articleSection\":[\"Noticias\"],\"inLanguage\":\"es\",\"potentialAction\":[{\"@type\":\"CommentAction\",\"name\":\"Comment\",\"target\":[\"https:\\\/\\\/patagoniambiental.com.ar\\\/info\\\/nuevos-frenos-de-chubut-al-proyecto-del-acueducto-los-monos\\\/#respond\"]}]},{\"@type\":\"WebPage\",\"@id\":\"https:\\\/\\\/patagoniambiental.com.ar\\\/info\\\/nuevos-frenos-de-chubut-al-proyecto-del-acueducto-los-monos\\\/\",\"url\":\"https:\\\/\\\/patagoniambiental.com.ar\\\/info\\\/nuevos-frenos-de-chubut-al-proyecto-del-acueducto-los-monos\\\/\",\"name\":\"Nuevos frenos de Chubut al proyecto del acueducto Los Monos\",\"isPartOf\":{\"@id\":\"https:\\\/\\\/patagoniambiental.com.ar\\\/info\\\/#website\"},\"datePublished\":\"2017-10-01T12:00:24+00:00\",\"breadcrumb\":{\"@id\":\"https:\\\/\\\/patagoniambiental.com.ar\\\/info\\\/nuevos-frenos-de-chubut-al-proyecto-del-acueducto-los-monos\\\/#breadcrumb\"},\"inLanguage\":\"es\",\"potentialAction\":[{\"@type\":\"ReadAction\",\"target\":[\"https:\\\/\\\/patagoniambiental.com.ar\\\/info\\\/nuevos-frenos-de-chubut-al-proyecto-del-acueducto-los-monos\\\/\"]}]},{\"@type\":\"BreadcrumbList\",\"@id\":\"https:\\\/\\\/patagoniambiental.com.ar\\\/info\\\/nuevos-frenos-de-chubut-al-proyecto-del-acueducto-los-monos\\\/#breadcrumb\",\"itemListElement\":[{\"@type\":\"ListItem\",\"position\":1,\"name\":\"Inicio\",\"item\":\"https:\\\/\\\/patagoniambiental.com.ar\\\/info\\\/\"},{\"@type\":\"ListItem\",\"position\":2,\"name\":\"Nuevos frenos de Chubut al proyecto del acueducto Los Monos\"}]},{\"@type\":\"WebSite\",\"@id\":\"https:\\\/\\\/patagoniambiental.com.ar\\\/info\\\/#website\",\"url\":\"https:\\\/\\\/patagoniambiental.com.ar\\\/info\\\/\",\"name\":\"Patagonia Ambiental\",\"description\":\"Monitoreo y an\u00e1lisis de la situaci\u00f3n geopol\u00edtica en el mundo y su implicancia en la Patagonia\",\"publisher\":{\"@id\":\"https:\\\/\\\/patagoniambiental.com.ar\\\/info\\\/#organization\"},\"potentialAction\":[{\"@type\":\"SearchAction\",\"target\":{\"@type\":\"EntryPoint\",\"urlTemplate\":\"https:\\\/\\\/patagoniambiental.com.ar\\\/info\\\/?s={search_term_string}\"},\"query-input\":{\"@type\":\"PropertyValueSpecification\",\"valueRequired\":true,\"valueName\":\"search_term_string\"}}],\"inLanguage\":\"es\"},{\"@type\":\"Organization\",\"@id\":\"https:\\\/\\\/patagoniambiental.com.ar\\\/info\\\/#organization\",\"name\":\"Patagonia Ambiental\",\"url\":\"https:\\\/\\\/patagoniambiental.com.ar\\\/info\\\/\",\"logo\":{\"@type\":\"ImageObject\",\"inLanguage\":\"es\",\"@id\":\"https:\\\/\\\/patagoniambiental.com.ar\\\/info\\\/#\\\/schema\\\/logo\\\/image\\\/\",\"url\":\"https:\\\/\\\/patagoniambiental.com.ar\\\/info\\\/wp-content\\\/uploads\\\/2025\\\/05\\\/LOGO-PATAGONIA-AMBIENTAL.png\",\"contentUrl\":\"https:\\\/\\\/patagoniambiental.com.ar\\\/info\\\/wp-content\\\/uploads\\\/2025\\\/05\\\/LOGO-PATAGONIA-AMBIENTAL.png\",\"width\":433,\"height\":250,\"caption\":\"Patagonia Ambiental\"},\"image\":{\"@id\":\"https:\\\/\\\/patagoniambiental.com.ar\\\/info\\\/#\\\/schema\\\/logo\\\/image\\\/\"},\"sameAs\":[\"https:\\\/\\\/www.facebook.com\\\/patagonia.ambiental\",\"https:\\\/\\\/x.com\\\/PatAmb\"]},{\"@type\":\"Person\",\"@id\":\"https:\\\/\\\/patagoniambiental.com.ar\\\/info\\\/#\\\/schema\\\/person\\\/db12bff64bbcbf6a253710bf0ea37b5d\",\"name\":\"Patagonia Ambiental\",\"description\":\"Andr\u00e9s Nievas T\u00e9cnico en manejo ambiental, consultor Ambiental y escritor para medios locales e internacionales sobre temas de geopolitica y medio ambiente.\",\"sameAs\":[\"http:\\\/\\\/www.patagoniambiental.com.ar\",\"https:\\\/\\\/www.facebook.com\\\/share\\\/1C1V8Gv9BX\\\/?mibextid=qi2Omg\",\"@patagoniambiental\",\"https:\\\/\\\/youtube.com\\\/@patagoniaambiental2023?si=BLt58t0wuXquxlYZ\"]}]}<\/script>\n<!-- \/ Yoast SEO Premium plugin. -->","yoast_head_json":{"title":"Nuevos frenos de Chubut al proyecto del acueducto Los Monos","robots":{"index":"index","follow":"follow","max-snippet":"max-snippet:-1","max-image-preview":"max-image-preview:large","max-video-preview":"max-video-preview:-1"},"canonical":"https:\/\/patagoniambiental.com.ar\/info\/nuevos-frenos-de-chubut-al-proyecto-del-acueducto-los-monos\/","og_locale":"es_ES","og_type":"article","og_title":"Nuevos frenos de Chubut al proyecto del acueducto Los Monos","og_description":"Chubut.-El ministro de Ambiente de Chubut y el titular del Instituto Provincial del Agua, Ignacio Agulleiro y Gerardo Bulacios, cuestionaron [&hellip;]","og_url":"https:\/\/patagoniambiental.com.ar\/info\/nuevos-frenos-de-chubut-al-proyecto-del-acueducto-los-monos\/","og_site_name":"Patagonia Ambiental","article_publisher":"https:\/\/www.facebook.com\/patagonia.ambiental","article_author":"https:\/\/www.facebook.com\/share\/1C1V8Gv9BX\/?mibextid=qi2Omg","article_published_time":"2017-10-01T12:00:24+00:00","og_image":[{"width":398,"height":471,"url":"https:\/\/patagoniambiental.com.ar\/info\/wp-content\/uploads\/2017\/02\/ignacion-argueillo.jpg","type":"image\/jpeg"}],"author":"Patagonia Ambiental","twitter_card":"summary_large_image","twitter_creator":"@PatAmb","twitter_site":"@PatAmb","schema":{"@context":"https:\/\/schema.org","@graph":[{"@type":"Article","@id":"https:\/\/patagoniambiental.com.ar\/info\/nuevos-frenos-de-chubut-al-proyecto-del-acueducto-los-monos\/#article","isPartOf":{"@id":"https:\/\/patagoniambiental.com.ar\/info\/nuevos-frenos-de-chubut-al-proyecto-del-acueducto-los-monos\/"},"author":{"name":"Patagonia Ambiental","@id":"https:\/\/patagoniambiental.com.ar\/info\/#\/schema\/person\/db12bff64bbcbf6a253710bf0ea37b5d"},"headline":"Nuevos frenos de Chubut al proyecto del acueducto Los Monos","datePublished":"2017-10-01T12:00:24+00:00","mainEntityOfPage":{"@id":"https:\/\/patagoniambiental.com.ar\/info\/nuevos-frenos-de-chubut-al-proyecto-del-acueducto-los-monos\/"},"wordCount":608,"commentCount":0,"publisher":{"@id":"https:\/\/patagoniambiental.com.ar\/info\/#organization"},"articleSection":["Noticias"],"inLanguage":"es","potentialAction":[{"@type":"CommentAction","name":"Comment","target":["https:\/\/patagoniambiental.com.ar\/info\/nuevos-frenos-de-chubut-al-proyecto-del-acueducto-los-monos\/#respond"]}]},{"@type":"WebPage","@id":"https:\/\/patagoniambiental.com.ar\/info\/nuevos-frenos-de-chubut-al-proyecto-del-acueducto-los-monos\/","url":"https:\/\/patagoniambiental.com.ar\/info\/nuevos-frenos-de-chubut-al-proyecto-del-acueducto-los-monos\/","name":"Nuevos frenos de Chubut al proyecto del acueducto Los Monos","isPartOf":{"@id":"https:\/\/patagoniambiental.com.ar\/info\/#website"},"datePublished":"2017-10-01T12:00:24+00:00","breadcrumb":{"@id":"https:\/\/patagoniambiental.com.ar\/info\/nuevos-frenos-de-chubut-al-proyecto-del-acueducto-los-monos\/#breadcrumb"},"inLanguage":"es","potentialAction":[{"@type":"ReadAction","target":["https:\/\/patagoniambiental.com.ar\/info\/nuevos-frenos-de-chubut-al-proyecto-del-acueducto-los-monos\/"]}]},{"@type":"BreadcrumbList","@id":"https:\/\/patagoniambiental.com.ar\/info\/nuevos-frenos-de-chubut-al-proyecto-del-acueducto-los-monos\/#breadcrumb","itemListElement":[{"@type":"ListItem","position":1,"name":"Inicio","item":"https:\/\/patagoniambiental.com.ar\/info\/"},{"@type":"ListItem","position":2,"name":"Nuevos frenos de Chubut al proyecto del acueducto Los Monos"}]},{"@type":"WebSite","@id":"https:\/\/patagoniambiental.com.ar\/info\/#website","url":"https:\/\/patagoniambiental.com.ar\/info\/","name":"Patagonia Ambiental","description":"Monitoreo y an\u00e1lisis de la situaci\u00f3n geopol\u00edtica en el mundo y su implicancia en la Patagonia","publisher":{"@id":"https:\/\/patagoniambiental.com.ar\/info\/#organization"},"potentialAction":[{"@type":"SearchAction","target":{"@type":"EntryPoint","urlTemplate":"https:\/\/patagoniambiental.com.ar\/info\/?s={search_term_string}"},"query-input":{"@type":"PropertyValueSpecification","valueRequired":true,"valueName":"search_term_string"}}],"inLanguage":"es"},{"@type":"Organization","@id":"https:\/\/patagoniambiental.com.ar\/info\/#organization","name":"Patagonia Ambiental","url":"https:\/\/patagoniambiental.com.ar\/info\/","logo":{"@type":"ImageObject","inLanguage":"es","@id":"https:\/\/patagoniambiental.com.ar\/info\/#\/schema\/logo\/image\/","url":"https:\/\/patagoniambiental.com.ar\/info\/wp-content\/uploads\/2025\/05\/LOGO-PATAGONIA-AMBIENTAL.png","contentUrl":"https:\/\/patagoniambiental.com.ar\/info\/wp-content\/uploads\/2025\/05\/LOGO-PATAGONIA-AMBIENTAL.png","width":433,"height":250,"caption":"Patagonia Ambiental"},"image":{"@id":"https:\/\/patagoniambiental.com.ar\/info\/#\/schema\/logo\/image\/"},"sameAs":["https:\/\/www.facebook.com\/patagonia.ambiental","https:\/\/x.com\/PatAmb"]},{"@type":"Person","@id":"https:\/\/patagoniambiental.com.ar\/info\/#\/schema\/person\/db12bff64bbcbf6a253710bf0ea37b5d","name":"Patagonia Ambiental","description":"Andr\u00e9s Nievas T\u00e9cnico en manejo ambiental, consultor Ambiental y escritor para medios locales e internacionales sobre temas de geopolitica y medio ambiente.","sameAs":["http:\/\/www.patagoniambiental.com.ar","https:\/\/www.facebook.com\/share\/1C1V8Gv9BX\/?mibextid=qi2Omg","@patagoniambiental","https:\/\/youtube.com\/@patagoniaambiental2023?si=BLt58t0wuXquxlYZ"]}]}},"_links":{"self":[{"href":"https:\/\/patagoniambiental.com.ar\/info\/wp-json\/wp\/v2\/posts\/35721","targetHints":{"allow":["GET"]}}],"collection":[{"href":"https:\/\/patagoniambiental.com.ar\/info\/wp-json\/wp\/v2\/posts"}],"about":[{"href":"https:\/\/patagoniambiental.com.ar\/info\/wp-json\/wp\/v2\/types\/post"}],"author":[{"embeddable":true,"href":"https:\/\/patagoniambiental.com.ar\/info\/wp-json\/wp\/v2\/users\/2"}],"replies":[{"embeddable":true,"href":"https:\/\/patagoniambiental.com.ar\/info\/wp-json\/wp\/v2\/comments?post=35721"}],"version-history":[{"count":0,"href":"https:\/\/patagoniambiental.com.ar\/info\/wp-json\/wp\/v2\/posts\/35721\/revisions"}],"wp:attachment":[{"href":"https:\/\/patagoniambiental.com.ar\/info\/wp-json\/wp\/v2\/media?parent=35721"}],"wp:term":[{"taxonomy":"category","embeddable":true,"href":"https:\/\/patagoniambiental.com.ar\/info\/wp-json\/wp\/v2\/categories?post=35721"},{"taxonomy":"post_tag","embeddable":true,"href":"https:\/\/patagoniambiental.com.ar\/info\/wp-json\/wp\/v2\/tags?post=35721"}],"curies":[{"name":"wp","href":"https:\/\/api.w.org\/{rel}","templated":true}]}}