{"id":35747,"date":"2017-10-02T09:00:12","date_gmt":"2017-10-02T12:00:12","guid":{"rendered":"http:\/\/patagoniambiental.com.ar\/info\/?p=35747"},"modified":"2017-10-01T20:25:17","modified_gmt":"2017-10-01T23:25:17","slug":"se-reinaugura-la-escultura-restaurada-de-los-lobos-marinos-en-ingreso-a-rawson-por-ruta-25","status":"publish","type":"post","link":"https:\/\/patagoniambiental.com.ar\/info\/se-reinaugura-la-escultura-restaurada-de-los-lobos-marinos-en-ingreso-a-rawson-por-ruta-25\/","title":{"rendered":"Se reinaugura la escultura restaurada de los lobos marinos en ingreso a Rawson por Ruta 25"},"content":{"rendered":"<p>RAWSON.- La intendenta Rossana Artero inaugurar\u00e1 hoy, a las 19 horas, el restaurado monumento a los lobos marinos que se encuentra en el acceso a Rawson por la Ruta Nacional 25. La estructura fue reparada luego de un accidente automovil\u00edstico que la da\u00f1\u00f3 el a\u00f1o pasado, y adem\u00e1s se le coloc\u00f3 una nueva fuente de agua y luces.<\/p>\n<p>La escultura fue declarada Patrimonio Cultural de Rawson hace algo m\u00e1s de 20 a\u00f1os y su restauraci\u00f3n se debi\u00f3 a una decisi\u00f3n pol\u00edtica de la intendenta Rossana Artero tras el mencionado accidente.<\/p>\n<p>As\u00ed, se encarg\u00f3 la obra de restauraci\u00f3n a Barrera y sus hijos, que\u00a0ya llevaron adelante en la capital provincial otras obras como el \u201cMonumento a Las Toninas\u201d en Playa Uni\u00f3n, el \u201cMonumento a los Soldados Ca\u00eddos de Malvinas\u201d, tambi\u00e9n en el balneario; y la propia fuente de agua \u201cLos\u00a0Lobos\u201d.<\/p>\n<p>Personal de la Municipalidad de Rawson, dependiente de la Secretar\u00eda de Obras y Servicios P\u00fablicos, trabaj\u00f3 durante la \u00faltima semana en la colocaci\u00f3n de la escultura.<\/p>\n<p>Al respecto, el director general de Obras P\u00fablicas, Dar\u00edo Moraga, explic\u00f3: \u201cCon una gr\u00faa bajamos el nuevo lobo que ha hecho el escultor Barrera\u201d.<\/p>\n<p>La escultura \u201ctiene una dimensi\u00f3n importante y un peso importante, por lo que se contrat\u00f3 a la gr\u00faa para la colocaci\u00f3n de los lobos grandes y el lobo m\u00e1s peque\u00f1o\u201d, agreg\u00f3.<\/p>\n<p>Adem\u00e1s de la colocaci\u00f3n de los lobos en s\u00ed, se colocaron tambi\u00e9n bombas para el juego de agua y luces de colores. \u201cEstamos muy felices de que nos toque estar en esta etapa trabajando en la gesti\u00f3n de la intendenta Artero para poner a la ciudad m\u00e1s linda. Ojal\u00e1 que la gente de Rawson tambi\u00e9n estar\u00e1 feliz de las cosas que se est\u00e1n haciendo\u201d, indic\u00f3.<\/p>\n<p>&nbsp;<\/p>\n<p>Fuente:\u00a0www.elchubut.com.ar<\/p>\n","protected":false},"excerpt":{"rendered":"<p>RAWSON.- La intendenta Rossana Artero inaugurar\u00e1 hoy, a las 19 horas, el restaurado monumento a los lobos marinos que se [&hellip;]<\/p>\n","protected":false},"author":2,"featured_media":35748,"comment_status":"open","ping_status":"open","sticky":false,"template":"","format":"standard","meta":{"site-sidebar-layout":"default","site-content-layout":"","ast-site-content-layout":"default","site-content-style":"default","site-sidebar-style":"default","ast-global-header-display":"","ast-banner-title-visibility":"","ast-main-header-display":"","ast-hfb-above-header-display":"","ast-hfb-below-header-display":"","ast-hfb-mobile-header-display":"","site-post-title":"","ast-breadcrumbs-content":"","ast-featured-img":"","footer-sml-layout":"","ast-disable-related-posts":"","theme-transparent-header-meta":"","adv-header-id-meta":"","stick-header-meta":"","header-above-stick-meta":"","header-main-stick-meta":"","header-below-stick-meta":"","astra-migrate-meta-layouts":"default","ast-page-background-enabled":"default","ast-page-background-meta":{"desktop":{"background-color":"var(--ast-global-color-5)","background-image":"","background-repeat":"repeat","background-position":"center center","background-size":"auto","background-attachment":"scroll","background-type":"","background-media":"","overlay-type":"","overlay-color":"","overlay-opacity":"","overlay-gradient":""},"tablet":{"background-color":"","background-image":"","background-repeat":"repeat","background-position":"center center","background-size":"auto","background-attachment":"scroll","background-type":"","background-media":"","overlay-type":"","overlay-color":"","overlay-opacity":"","overlay-gradient":""},"mobile":{"background-color":"","background-image":"","background-repeat":"repeat","background-position":"center center","background-size":"auto","background-attachment":"scroll","background-type":"","background-media":"","overlay-type":"","overlay-color":"","overlay-opacity":"","overlay-gradient":""}},"ast-content-background-meta":{"desktop":{"background-color":"var(--ast-global-color-4)","background-image":"","background-repeat":"repeat","background-position":"center center","background-size":"auto","background-attachment":"scroll","background-type":"","background-media":"","overlay-type":"","overlay-color":"","overlay-opacity":"","overlay-gradient":""},"tablet":{"background-color":"var(--ast-global-color-4)","background-image":"","background-repeat":"repeat","background-position":"center center","background-size":"auto","background-attachment":"scroll","background-type":"","background-media":"","overlay-type":"","overlay-color":"","overlay-opacity":"","overlay-gradient":""},"mobile":{"background-color":"var(--ast-global-color-4)","background-image":"","background-repeat":"repeat","background-position":"center center","background-size":"auto","background-attachment":"scroll","background-type":"","background-media":"","overlay-type":"","overlay-color":"","overlay-opacity":"","overlay-gradient":""}},"footnotes":""},"categories":[12,46,1],"tags":[],"class_list":["post-35747","post","type-post","status-publish","format-standard","has-post-thumbnail","hentry","category-agenda-ambiental","category-municipios","category-noticias"],"yoast_head":"<!-- This site is optimized with the Yoast SEO Premium plugin v23.0 (Yoast SEO v27.5) - https:\/\/yoast.com\/product\/yoast-seo-premium-wordpress\/ -->\n<title>Se reinaugura la escultura restaurada de los lobos marinos en ingreso a Rawson por Ruta 25<\/title>\n<meta name=\"robots\" content=\"index, follow, max-snippet:-1, max-image-preview:large, max-video-preview:-1\" \/>\n<link rel=\"canonical\" href=\"https:\/\/patagoniambiental.com.ar\/info\/se-reinaugura-la-escultura-restaurada-de-los-lobos-marinos-en-ingreso-a-rawson-por-ruta-25\/\" \/>\n<meta property=\"og:locale\" content=\"es_ES\" \/>\n<meta property=\"og:type\" content=\"article\" \/>\n<meta property=\"og:title\" content=\"Se reinaugura la escultura restaurada de los lobos marinos en ingreso a Rawson por Ruta 25\" \/>\n<meta property=\"og:description\" content=\"RAWSON.- La intendenta Rossana Artero inaugurar\u00e1 hoy, a las 19 horas, el restaurado monumento a los lobos marinos que se [&hellip;]\" \/>\n<meta property=\"og:url\" content=\"https:\/\/patagoniambiental.com.ar\/info\/se-reinaugura-la-escultura-restaurada-de-los-lobos-marinos-en-ingreso-a-rawson-por-ruta-25\/\" \/>\n<meta property=\"og:site_name\" content=\"Patagonia Ambiental\" \/>\n<meta property=\"article:publisher\" content=\"https:\/\/www.facebook.com\/patagonia.ambiental\" \/>\n<meta property=\"article:author\" content=\"https:\/\/www.facebook.com\/share\/1C1V8Gv9BX\/?mibextid=qi2Omg\" \/>\n<meta property=\"article:published_time\" content=\"2017-10-02T12:00:12+00:00\" \/>\n<meta property=\"og:image\" content=\"https:\/\/patagoniambiental.com.ar\/info\/wp-content\/uploads\/2017\/10\/lobos1.jpg\" \/>\n\t<meta property=\"og:image:width\" content=\"944\" \/>\n\t<meta property=\"og:image:height\" content=\"576\" \/>\n\t<meta property=\"og:image:type\" content=\"image\/jpeg\" \/>\n<meta name=\"author\" content=\"Patagonia Ambiental\" \/>\n<meta name=\"twitter:card\" content=\"summary_large_image\" \/>\n<meta name=\"twitter:creator\" content=\"@PatAmb\" \/>\n<meta name=\"twitter:site\" content=\"@PatAmb\" \/>\n<script type=\"application\/ld+json\" class=\"yoast-schema-graph\">{\"@context\":\"https:\\\/\\\/schema.org\",\"@graph\":[{\"@type\":\"Article\",\"@id\":\"https:\\\/\\\/patagoniambiental.com.ar\\\/info\\\/se-reinaugura-la-escultura-restaurada-de-los-lobos-marinos-en-ingreso-a-rawson-por-ruta-25\\\/#article\",\"isPartOf\":{\"@id\":\"https:\\\/\\\/patagoniambiental.com.ar\\\/info\\\/se-reinaugura-la-escultura-restaurada-de-los-lobos-marinos-en-ingreso-a-rawson-por-ruta-25\\\/\"},\"author\":{\"name\":\"Patagonia Ambiental\",\"@id\":\"https:\\\/\\\/patagoniambiental.com.ar\\\/info\\\/#\\\/schema\\\/person\\\/db12bff64bbcbf6a253710bf0ea37b5d\"},\"headline\":\"Se reinaugura la escultura restaurada de los lobos marinos en ingreso a Rawson por Ruta 25\",\"datePublished\":\"2017-10-02T12:00:12+00:00\",\"mainEntityOfPage\":{\"@id\":\"https:\\\/\\\/patagoniambiental.com.ar\\\/info\\\/se-reinaugura-la-escultura-restaurada-de-los-lobos-marinos-en-ingreso-a-rawson-por-ruta-25\\\/\"},\"wordCount\":336,\"commentCount\":0,\"publisher\":{\"@id\":\"https:\\\/\\\/patagoniambiental.com.ar\\\/info\\\/#organization\"},\"image\":{\"@id\":\"https:\\\/\\\/patagoniambiental.com.ar\\\/info\\\/se-reinaugura-la-escultura-restaurada-de-los-lobos-marinos-en-ingreso-a-rawson-por-ruta-25\\\/#primaryimage\"},\"thumbnailUrl\":\"https:\\\/\\\/patagoniambiental.com.ar\\\/info\\\/wp-content\\\/uploads\\\/2017\\\/10\\\/lobos1.jpg\",\"articleSection\":[\"Agenda Ambiental\",\"Municipios\",\"Noticias\"],\"inLanguage\":\"es\",\"potentialAction\":[{\"@type\":\"CommentAction\",\"name\":\"Comment\",\"target\":[\"https:\\\/\\\/patagoniambiental.com.ar\\\/info\\\/se-reinaugura-la-escultura-restaurada-de-los-lobos-marinos-en-ingreso-a-rawson-por-ruta-25\\\/#respond\"]}]},{\"@type\":\"WebPage\",\"@id\":\"https:\\\/\\\/patagoniambiental.com.ar\\\/info\\\/se-reinaugura-la-escultura-restaurada-de-los-lobos-marinos-en-ingreso-a-rawson-por-ruta-25\\\/\",\"url\":\"https:\\\/\\\/patagoniambiental.com.ar\\\/info\\\/se-reinaugura-la-escultura-restaurada-de-los-lobos-marinos-en-ingreso-a-rawson-por-ruta-25\\\/\",\"name\":\"Se reinaugura la escultura restaurada de los lobos marinos en ingreso a Rawson por Ruta 25\",\"isPartOf\":{\"@id\":\"https:\\\/\\\/patagoniambiental.com.ar\\\/info\\\/#website\"},\"primaryImageOfPage\":{\"@id\":\"https:\\\/\\\/patagoniambiental.com.ar\\\/info\\\/se-reinaugura-la-escultura-restaurada-de-los-lobos-marinos-en-ingreso-a-rawson-por-ruta-25\\\/#primaryimage\"},\"image\":{\"@id\":\"https:\\\/\\\/patagoniambiental.com.ar\\\/info\\\/se-reinaugura-la-escultura-restaurada-de-los-lobos-marinos-en-ingreso-a-rawson-por-ruta-25\\\/#primaryimage\"},\"thumbnailUrl\":\"https:\\\/\\\/patagoniambiental.com.ar\\\/info\\\/wp-content\\\/uploads\\\/2017\\\/10\\\/lobos1.jpg\",\"datePublished\":\"2017-10-02T12:00:12+00:00\",\"breadcrumb\":{\"@id\":\"https:\\\/\\\/patagoniambiental.com.ar\\\/info\\\/se-reinaugura-la-escultura-restaurada-de-los-lobos-marinos-en-ingreso-a-rawson-por-ruta-25\\\/#breadcrumb\"},\"inLanguage\":\"es\",\"potentialAction\":[{\"@type\":\"ReadAction\",\"target\":[\"https:\\\/\\\/patagoniambiental.com.ar\\\/info\\\/se-reinaugura-la-escultura-restaurada-de-los-lobos-marinos-en-ingreso-a-rawson-por-ruta-25\\\/\"]}]},{\"@type\":\"ImageObject\",\"inLanguage\":\"es\",\"@id\":\"https:\\\/\\\/patagoniambiental.com.ar\\\/info\\\/se-reinaugura-la-escultura-restaurada-de-los-lobos-marinos-en-ingreso-a-rawson-por-ruta-25\\\/#primaryimage\",\"url\":\"https:\\\/\\\/patagoniambiental.com.ar\\\/info\\\/wp-content\\\/uploads\\\/2017\\\/10\\\/lobos1.jpg\",\"contentUrl\":\"https:\\\/\\\/patagoniambiental.com.ar\\\/info\\\/wp-content\\\/uploads\\\/2017\\\/10\\\/lobos1.jpg\",\"width\":944,\"height\":576},{\"@type\":\"BreadcrumbList\",\"@id\":\"https:\\\/\\\/patagoniambiental.com.ar\\\/info\\\/se-reinaugura-la-escultura-restaurada-de-los-lobos-marinos-en-ingreso-a-rawson-por-ruta-25\\\/#breadcrumb\",\"itemListElement\":[{\"@type\":\"ListItem\",\"position\":1,\"name\":\"Inicio\",\"item\":\"https:\\\/\\\/patagoniambiental.com.ar\\\/info\\\/\"},{\"@type\":\"ListItem\",\"position\":2,\"name\":\"Se reinaugura la escultura restaurada de los lobos marinos en ingreso a Rawson por Ruta 25\"}]},{\"@type\":\"WebSite\",\"@id\":\"https:\\\/\\\/patagoniambiental.com.ar\\\/info\\\/#website\",\"url\":\"https:\\\/\\\/patagoniambiental.com.ar\\\/info\\\/\",\"name\":\"Patagonia Ambiental\",\"description\":\"Monitoreo y an\u00e1lisis de la situaci\u00f3n geopol\u00edtica en el mundo y su implicancia en la Patagonia\",\"publisher\":{\"@id\":\"https:\\\/\\\/patagoniambiental.com.ar\\\/info\\\/#organization\"},\"potentialAction\":[{\"@type\":\"SearchAction\",\"target\":{\"@type\":\"EntryPoint\",\"urlTemplate\":\"https:\\\/\\\/patagoniambiental.com.ar\\\/info\\\/?s={search_term_string}\"},\"query-input\":{\"@type\":\"PropertyValueSpecification\",\"valueRequired\":true,\"valueName\":\"search_term_string\"}}],\"inLanguage\":\"es\"},{\"@type\":\"Organization\",\"@id\":\"https:\\\/\\\/patagoniambiental.com.ar\\\/info\\\/#organization\",\"name\":\"Patagonia Ambiental\",\"url\":\"https:\\\/\\\/patagoniambiental.com.ar\\\/info\\\/\",\"logo\":{\"@type\":\"ImageObject\",\"inLanguage\":\"es\",\"@id\":\"https:\\\/\\\/patagoniambiental.com.ar\\\/info\\\/#\\\/schema\\\/logo\\\/image\\\/\",\"url\":\"https:\\\/\\\/patagoniambiental.com.ar\\\/info\\\/wp-content\\\/uploads\\\/2025\\\/05\\\/LOGO-PATAGONIA-AMBIENTAL.png\",\"contentUrl\":\"https:\\\/\\\/patagoniambiental.com.ar\\\/info\\\/wp-content\\\/uploads\\\/2025\\\/05\\\/LOGO-PATAGONIA-AMBIENTAL.png\",\"width\":433,\"height\":250,\"caption\":\"Patagonia Ambiental\"},\"image\":{\"@id\":\"https:\\\/\\\/patagoniambiental.com.ar\\\/info\\\/#\\\/schema\\\/logo\\\/image\\\/\"},\"sameAs\":[\"https:\\\/\\\/www.facebook.com\\\/patagonia.ambiental\",\"https:\\\/\\\/x.com\\\/PatAmb\"]},{\"@type\":\"Person\",\"@id\":\"https:\\\/\\\/patagoniambiental.com.ar\\\/info\\\/#\\\/schema\\\/person\\\/db12bff64bbcbf6a253710bf0ea37b5d\",\"name\":\"Patagonia Ambiental\",\"description\":\"Andr\u00e9s Nievas T\u00e9cnico en manejo ambiental, consultor Ambiental y escritor para medios locales e internacionales sobre temas de geopolitica y medio ambiente.\",\"sameAs\":[\"http:\\\/\\\/www.patagoniambiental.com.ar\",\"https:\\\/\\\/www.facebook.com\\\/share\\\/1C1V8Gv9BX\\\/?mibextid=qi2Omg\",\"@patagoniambiental\",\"https:\\\/\\\/youtube.com\\\/@patagoniaambiental2023?si=BLt58t0wuXquxlYZ\"]}]}<\/script>\n<!-- \/ Yoast SEO Premium plugin. -->","yoast_head_json":{"title":"Se reinaugura la escultura restaurada de los lobos marinos en ingreso a Rawson por Ruta 25","robots":{"index":"index","follow":"follow","max-snippet":"max-snippet:-1","max-image-preview":"max-image-preview:large","max-video-preview":"max-video-preview:-1"},"canonical":"https:\/\/patagoniambiental.com.ar\/info\/se-reinaugura-la-escultura-restaurada-de-los-lobos-marinos-en-ingreso-a-rawson-por-ruta-25\/","og_locale":"es_ES","og_type":"article","og_title":"Se reinaugura la escultura restaurada de los lobos marinos en ingreso a Rawson por Ruta 25","og_description":"RAWSON.- La intendenta Rossana Artero inaugurar\u00e1 hoy, a las 19 horas, el restaurado monumento a los lobos marinos que se [&hellip;]","og_url":"https:\/\/patagoniambiental.com.ar\/info\/se-reinaugura-la-escultura-restaurada-de-los-lobos-marinos-en-ingreso-a-rawson-por-ruta-25\/","og_site_name":"Patagonia Ambiental","article_publisher":"https:\/\/www.facebook.com\/patagonia.ambiental","article_author":"https:\/\/www.facebook.com\/share\/1C1V8Gv9BX\/?mibextid=qi2Omg","article_published_time":"2017-10-02T12:00:12+00:00","og_image":[{"width":944,"height":576,"url":"https:\/\/patagoniambiental.com.ar\/info\/wp-content\/uploads\/2017\/10\/lobos1.jpg","type":"image\/jpeg"}],"author":"Patagonia Ambiental","twitter_card":"summary_large_image","twitter_creator":"@PatAmb","twitter_site":"@PatAmb","schema":{"@context":"https:\/\/schema.org","@graph":[{"@type":"Article","@id":"https:\/\/patagoniambiental.com.ar\/info\/se-reinaugura-la-escultura-restaurada-de-los-lobos-marinos-en-ingreso-a-rawson-por-ruta-25\/#article","isPartOf":{"@id":"https:\/\/patagoniambiental.com.ar\/info\/se-reinaugura-la-escultura-restaurada-de-los-lobos-marinos-en-ingreso-a-rawson-por-ruta-25\/"},"author":{"name":"Patagonia Ambiental","@id":"https:\/\/patagoniambiental.com.ar\/info\/#\/schema\/person\/db12bff64bbcbf6a253710bf0ea37b5d"},"headline":"Se reinaugura la escultura restaurada de los lobos marinos en ingreso a Rawson por Ruta 25","datePublished":"2017-10-02T12:00:12+00:00","mainEntityOfPage":{"@id":"https:\/\/patagoniambiental.com.ar\/info\/se-reinaugura-la-escultura-restaurada-de-los-lobos-marinos-en-ingreso-a-rawson-por-ruta-25\/"},"wordCount":336,"commentCount":0,"publisher":{"@id":"https:\/\/patagoniambiental.com.ar\/info\/#organization"},"image":{"@id":"https:\/\/patagoniambiental.com.ar\/info\/se-reinaugura-la-escultura-restaurada-de-los-lobos-marinos-en-ingreso-a-rawson-por-ruta-25\/#primaryimage"},"thumbnailUrl":"https:\/\/patagoniambiental.com.ar\/info\/wp-content\/uploads\/2017\/10\/lobos1.jpg","articleSection":["Agenda Ambiental","Municipios","Noticias"],"inLanguage":"es","potentialAction":[{"@type":"CommentAction","name":"Comment","target":["https:\/\/patagoniambiental.com.ar\/info\/se-reinaugura-la-escultura-restaurada-de-los-lobos-marinos-en-ingreso-a-rawson-por-ruta-25\/#respond"]}]},{"@type":"WebPage","@id":"https:\/\/patagoniambiental.com.ar\/info\/se-reinaugura-la-escultura-restaurada-de-los-lobos-marinos-en-ingreso-a-rawson-por-ruta-25\/","url":"https:\/\/patagoniambiental.com.ar\/info\/se-reinaugura-la-escultura-restaurada-de-los-lobos-marinos-en-ingreso-a-rawson-por-ruta-25\/","name":"Se reinaugura la escultura restaurada de los lobos marinos en ingreso a Rawson por Ruta 25","isPartOf":{"@id":"https:\/\/patagoniambiental.com.ar\/info\/#website"},"primaryImageOfPage":{"@id":"https:\/\/patagoniambiental.com.ar\/info\/se-reinaugura-la-escultura-restaurada-de-los-lobos-marinos-en-ingreso-a-rawson-por-ruta-25\/#primaryimage"},"image":{"@id":"https:\/\/patagoniambiental.com.ar\/info\/se-reinaugura-la-escultura-restaurada-de-los-lobos-marinos-en-ingreso-a-rawson-por-ruta-25\/#primaryimage"},"thumbnailUrl":"https:\/\/patagoniambiental.com.ar\/info\/wp-content\/uploads\/2017\/10\/lobos1.jpg","datePublished":"2017-10-02T12:00:12+00:00","breadcrumb":{"@id":"https:\/\/patagoniambiental.com.ar\/info\/se-reinaugura-la-escultura-restaurada-de-los-lobos-marinos-en-ingreso-a-rawson-por-ruta-25\/#breadcrumb"},"inLanguage":"es","potentialAction":[{"@type":"ReadAction","target":["https:\/\/patagoniambiental.com.ar\/info\/se-reinaugura-la-escultura-restaurada-de-los-lobos-marinos-en-ingreso-a-rawson-por-ruta-25\/"]}]},{"@type":"ImageObject","inLanguage":"es","@id":"https:\/\/patagoniambiental.com.ar\/info\/se-reinaugura-la-escultura-restaurada-de-los-lobos-marinos-en-ingreso-a-rawson-por-ruta-25\/#primaryimage","url":"https:\/\/patagoniambiental.com.ar\/info\/wp-content\/uploads\/2017\/10\/lobos1.jpg","contentUrl":"https:\/\/patagoniambiental.com.ar\/info\/wp-content\/uploads\/2017\/10\/lobos1.jpg","width":944,"height":576},{"@type":"BreadcrumbList","@id":"https:\/\/patagoniambiental.com.ar\/info\/se-reinaugura-la-escultura-restaurada-de-los-lobos-marinos-en-ingreso-a-rawson-por-ruta-25\/#breadcrumb","itemListElement":[{"@type":"ListItem","position":1,"name":"Inicio","item":"https:\/\/patagoniambiental.com.ar\/info\/"},{"@type":"ListItem","position":2,"name":"Se reinaugura la escultura restaurada de los lobos marinos en ingreso a Rawson por Ruta 25"}]},{"@type":"WebSite","@id":"https:\/\/patagoniambiental.com.ar\/info\/#website","url":"https:\/\/patagoniambiental.com.ar\/info\/","name":"Patagonia Ambiental","description":"Monitoreo y an\u00e1lisis de la situaci\u00f3n geopol\u00edtica en el mundo y su implicancia en la Patagonia","publisher":{"@id":"https:\/\/patagoniambiental.com.ar\/info\/#organization"},"potentialAction":[{"@type":"SearchAction","target":{"@type":"EntryPoint","urlTemplate":"https:\/\/patagoniambiental.com.ar\/info\/?s={search_term_string}"},"query-input":{"@type":"PropertyValueSpecification","valueRequired":true,"valueName":"search_term_string"}}],"inLanguage":"es"},{"@type":"Organization","@id":"https:\/\/patagoniambiental.com.ar\/info\/#organization","name":"Patagonia Ambiental","url":"https:\/\/patagoniambiental.com.ar\/info\/","logo":{"@type":"ImageObject","inLanguage":"es","@id":"https:\/\/patagoniambiental.com.ar\/info\/#\/schema\/logo\/image\/","url":"https:\/\/patagoniambiental.com.ar\/info\/wp-content\/uploads\/2025\/05\/LOGO-PATAGONIA-AMBIENTAL.png","contentUrl":"https:\/\/patagoniambiental.com.ar\/info\/wp-content\/uploads\/2025\/05\/LOGO-PATAGONIA-AMBIENTAL.png","width":433,"height":250,"caption":"Patagonia Ambiental"},"image":{"@id":"https:\/\/patagoniambiental.com.ar\/info\/#\/schema\/logo\/image\/"},"sameAs":["https:\/\/www.facebook.com\/patagonia.ambiental","https:\/\/x.com\/PatAmb"]},{"@type":"Person","@id":"https:\/\/patagoniambiental.com.ar\/info\/#\/schema\/person\/db12bff64bbcbf6a253710bf0ea37b5d","name":"Patagonia Ambiental","description":"Andr\u00e9s Nievas T\u00e9cnico en manejo ambiental, consultor Ambiental y escritor para medios locales e internacionales sobre temas de geopolitica y medio ambiente.","sameAs":["http:\/\/www.patagoniambiental.com.ar","https:\/\/www.facebook.com\/share\/1C1V8Gv9BX\/?mibextid=qi2Omg","@patagoniambiental","https:\/\/youtube.com\/@patagoniaambiental2023?si=BLt58t0wuXquxlYZ"]}]}},"_links":{"self":[{"href":"https:\/\/patagoniambiental.com.ar\/info\/wp-json\/wp\/v2\/posts\/35747","targetHints":{"allow":["GET"]}}],"collection":[{"href":"https:\/\/patagoniambiental.com.ar\/info\/wp-json\/wp\/v2\/posts"}],"about":[{"href":"https:\/\/patagoniambiental.com.ar\/info\/wp-json\/wp\/v2\/types\/post"}],"author":[{"embeddable":true,"href":"https:\/\/patagoniambiental.com.ar\/info\/wp-json\/wp\/v2\/users\/2"}],"replies":[{"embeddable":true,"href":"https:\/\/patagoniambiental.com.ar\/info\/wp-json\/wp\/v2\/comments?post=35747"}],"version-history":[{"count":0,"href":"https:\/\/patagoniambiental.com.ar\/info\/wp-json\/wp\/v2\/posts\/35747\/revisions"}],"wp:featuredmedia":[{"embeddable":true,"href":"https:\/\/patagoniambiental.com.ar\/info\/wp-json\/wp\/v2\/media\/35748"}],"wp:attachment":[{"href":"https:\/\/patagoniambiental.com.ar\/info\/wp-json\/wp\/v2\/media?parent=35747"}],"wp:term":[{"taxonomy":"category","embeddable":true,"href":"https:\/\/patagoniambiental.com.ar\/info\/wp-json\/wp\/v2\/categories?post=35747"},{"taxonomy":"post_tag","embeddable":true,"href":"https:\/\/patagoniambiental.com.ar\/info\/wp-json\/wp\/v2\/tags?post=35747"}],"curies":[{"name":"wp","href":"https:\/\/api.w.org\/{rel}","templated":true}]}}