{"id":35772,"date":"2017-10-02T19:00:34","date_gmt":"2017-10-02T22:00:34","guid":{"rendered":"http:\/\/patagoniambiental.com.ar\/info\/?p=35772"},"modified":"2017-10-02T09:17:06","modified_gmt":"2017-10-02T12:17:06","slug":"en-general-conesa-mas-de-190-interesados-en-formar-parte-de-la-nueva-central-de-lucha-contra-incendios","status":"publish","type":"post","link":"https:\/\/patagoniambiental.com.ar\/info\/en-general-conesa-mas-de-190-interesados-en-formar-parte-de-la-nueva-central-de-lucha-contra-incendios\/","title":{"rendered":"En General Conesa \u00a0 M\u00e1s de 190 interesados en formar parte de la nueva Central de lucha contra incendios"},"content":{"rendered":"<div>General Conesa.-Un total de 197 curriculum vitae fueron recibidos hasta ayer por la tarde, cuando cerr\u00f3 la convocatoria realizada por el Gobierno Provincial para cubrir 25 puesto de trabajo en la nueva Central de combate de incendios, ubicada al este de la provincia.<\/div>\n<p><!--more--><\/p>\n<div><\/div>\n<div id=\"x_cuerpo\">\n<p>\u201cLa convocatoria incluye la incorporaci\u00f3n de 21 j\u00f3venes para despe\u00f1arse como combatiente de incendios, dos administrativos, un profesional y un personal de apoyo\u201d, explic\u00f3 el jefe de la Central, Jorge Chiriotti.<\/p>\n<p>De los 197 interesados, 79 aspiran a cubrir las vacantes de combatientes, 96 se presentaron para los puestos administrativos, 11 para el cargo de profesional y, la misma cantidad de personas se postularon como servicio de apoyo.<\/p>\n<p>\u201cYa estamos haciendo los llamados a los seleccionados para pasar a una segunda instancia. Y, entre mi\u00e9rcoles y viernes de la semana que viene, estaremos haciendo las entrevistas personales, con la participaci\u00f3n de una psic\u00f3loga y personal de Recursos Humanos del Ministerio de Agricultura, Ganader\u00eda y Pesca\u201d, agreg\u00f3.<\/p>\n<p>Asimismo, Chiriotti manifest\u00f3 que \u201cfue una excelente convocatoria, estamos muy satisfechos. Ahora tenemos la responsabilidad de hacer la mejor selecci\u00f3n posible y continuar con los tr\u00e1mites necesarios para que la Central este totalmente operativa para este verano\u201d.<\/p>\n<\/div>\n<p>Fuente:\u00a0\u00a0GOBIERNO DE R\u00cdO NEGRO<br \/>\nSecretar\u00eda de Medios<\/p>\n","protected":false},"excerpt":{"rendered":"<p>General Conesa.-Un total de 197 curriculum vitae fueron recibidos hasta ayer por la tarde, cuando cerr\u00f3 la convocatoria realizada por [&hellip;]<\/p>\n","protected":false},"author":2,"featured_media":35773,"comment_status":"open","ping_status":"open","sticky":false,"template":"","format":"standard","meta":{"site-sidebar-layout":"default","site-content-layout":"","ast-site-content-layout":"default","site-content-style":"default","site-sidebar-style":"default","ast-global-header-display":"","ast-banner-title-visibility":"","ast-main-header-display":"","ast-hfb-above-header-display":"","ast-hfb-below-header-display":"","ast-hfb-mobile-header-display":"","site-post-title":"","ast-breadcrumbs-content":"","ast-featured-img":"","footer-sml-layout":"","ast-disable-related-posts":"","theme-transparent-header-meta":"","adv-header-id-meta":"","stick-header-meta":"","header-above-stick-meta":"","header-main-stick-meta":"","header-below-stick-meta":"","astra-migrate-meta-layouts":"default","ast-page-background-enabled":"default","ast-page-background-meta":{"desktop":{"background-color":"var(--ast-global-color-5)","background-image":"","background-repeat":"repeat","background-position":"center center","background-size":"auto","background-attachment":"scroll","background-type":"","background-media":"","overlay-type":"","overlay-color":"","overlay-opacity":"","overlay-gradient":""},"tablet":{"background-color":"","background-image":"","background-repeat":"repeat","background-position":"center center","background-size":"auto","background-attachment":"scroll","background-type":"","background-media":"","overlay-type":"","overlay-color":"","overlay-opacity":"","overlay-gradient":""},"mobile":{"background-color":"","background-image":"","background-repeat":"repeat","background-position":"center center","background-size":"auto","background-attachment":"scroll","background-type":"","background-media":"","overlay-type":"","overlay-color":"","overlay-opacity":"","overlay-gradient":""}},"ast-content-background-meta":{"desktop":{"background-color":"var(--ast-global-color-4)","background-image":"","background-repeat":"repeat","background-position":"center center","background-size":"auto","background-attachment":"scroll","background-type":"","background-media":"","overlay-type":"","overlay-color":"","overlay-opacity":"","overlay-gradient":""},"tablet":{"background-color":"var(--ast-global-color-4)","background-image":"","background-repeat":"repeat","background-position":"center center","background-size":"auto","background-attachment":"scroll","background-type":"","background-media":"","overlay-type":"","overlay-color":"","overlay-opacity":"","overlay-gradient":""},"mobile":{"background-color":"var(--ast-global-color-4)","background-image":"","background-repeat":"repeat","background-position":"center center","background-size":"auto","background-attachment":"scroll","background-type":"","background-media":"","overlay-type":"","overlay-color":"","overlay-opacity":"","overlay-gradient":""}},"footnotes":""},"categories":[1,13,14],"tags":[],"class_list":["post-35772","post","type-post","status-publish","format-standard","has-post-thumbnail","hentry","category-noticias","category-provinciales","category-rio-negro"],"yoast_head":"<!-- This site is optimized with the Yoast SEO Premium plugin v23.0 (Yoast SEO v27.5) - https:\/\/yoast.com\/product\/yoast-seo-premium-wordpress\/ -->\n<title>En General Conesa \u00a0 M\u00e1s de 190 interesados en formar parte de la nueva Central de lucha contra incendios<\/title>\n<meta name=\"robots\" content=\"index, follow, max-snippet:-1, max-image-preview:large, max-video-preview:-1\" \/>\n<link rel=\"canonical\" href=\"https:\/\/patagoniambiental.com.ar\/info\/en-general-conesa-mas-de-190-interesados-en-formar-parte-de-la-nueva-central-de-lucha-contra-incendios\/\" \/>\n<meta property=\"og:locale\" content=\"es_ES\" \/>\n<meta property=\"og:type\" content=\"article\" \/>\n<meta property=\"og:title\" content=\"En General Conesa \u00a0 M\u00e1s de 190 interesados en formar parte de la nueva Central de lucha contra incendios\" \/>\n<meta property=\"og:description\" content=\"General Conesa.-Un total de 197 curriculum vitae fueron recibidos hasta ayer por la tarde, cuando cerr\u00f3 la convocatoria realizada por [&hellip;]\" \/>\n<meta property=\"og:url\" content=\"https:\/\/patagoniambiental.com.ar\/info\/en-general-conesa-mas-de-190-interesados-en-formar-parte-de-la-nueva-central-de-lucha-contra-incendios\/\" \/>\n<meta property=\"og:site_name\" content=\"Patagonia Ambiental\" \/>\n<meta property=\"article:publisher\" content=\"https:\/\/www.facebook.com\/patagonia.ambiental\" \/>\n<meta property=\"article:author\" content=\"https:\/\/www.facebook.com\/share\/1C1V8Gv9BX\/?mibextid=qi2Omg\" \/>\n<meta property=\"article:published_time\" content=\"2017-10-02T22:00:34+00:00\" \/>\n<meta property=\"og:image\" content=\"https:\/\/patagoniambiental.com.ar\/info\/wp-content\/uploads\/2017\/10\/00030806.jpg\" \/>\n\t<meta property=\"og:image:width\" content=\"924\" \/>\n\t<meta property=\"og:image:height\" content=\"616\" \/>\n\t<meta property=\"og:image:type\" content=\"image\/jpeg\" \/>\n<meta name=\"author\" content=\"Patagonia Ambiental\" \/>\n<meta name=\"twitter:card\" content=\"summary_large_image\" \/>\n<meta name=\"twitter:creator\" content=\"@PatAmb\" \/>\n<meta name=\"twitter:site\" content=\"@PatAmb\" \/>\n<script type=\"application\/ld+json\" class=\"yoast-schema-graph\">{\"@context\":\"https:\\\/\\\/schema.org\",\"@graph\":[{\"@type\":\"Article\",\"@id\":\"https:\\\/\\\/patagoniambiental.com.ar\\\/info\\\/en-general-conesa-mas-de-190-interesados-en-formar-parte-de-la-nueva-central-de-lucha-contra-incendios\\\/#article\",\"isPartOf\":{\"@id\":\"https:\\\/\\\/patagoniambiental.com.ar\\\/info\\\/en-general-conesa-mas-de-190-interesados-en-formar-parte-de-la-nueva-central-de-lucha-contra-incendios\\\/\"},\"author\":{\"name\":\"Patagonia Ambiental\",\"@id\":\"https:\\\/\\\/patagoniambiental.com.ar\\\/info\\\/#\\\/schema\\\/person\\\/db12bff64bbcbf6a253710bf0ea37b5d\"},\"headline\":\"En General Conesa \u00a0 M\u00e1s de 190 interesados en formar parte de la nueva Central de lucha contra incendios\",\"datePublished\":\"2017-10-02T22:00:34+00:00\",\"mainEntityOfPage\":{\"@id\":\"https:\\\/\\\/patagoniambiental.com.ar\\\/info\\\/en-general-conesa-mas-de-190-interesados-en-formar-parte-de-la-nueva-central-de-lucha-contra-incendios\\\/\"},\"wordCount\":227,\"commentCount\":0,\"publisher\":{\"@id\":\"https:\\\/\\\/patagoniambiental.com.ar\\\/info\\\/#organization\"},\"image\":{\"@id\":\"https:\\\/\\\/patagoniambiental.com.ar\\\/info\\\/en-general-conesa-mas-de-190-interesados-en-formar-parte-de-la-nueva-central-de-lucha-contra-incendios\\\/#primaryimage\"},\"thumbnailUrl\":\"https:\\\/\\\/patagoniambiental.com.ar\\\/info\\\/wp-content\\\/uploads\\\/2017\\\/10\\\/00030806.jpg\",\"articleSection\":[\"Noticias\",\"Provinciales\",\"R\u00edo Negro\"],\"inLanguage\":\"es\",\"potentialAction\":[{\"@type\":\"CommentAction\",\"name\":\"Comment\",\"target\":[\"https:\\\/\\\/patagoniambiental.com.ar\\\/info\\\/en-general-conesa-mas-de-190-interesados-en-formar-parte-de-la-nueva-central-de-lucha-contra-incendios\\\/#respond\"]}]},{\"@type\":\"WebPage\",\"@id\":\"https:\\\/\\\/patagoniambiental.com.ar\\\/info\\\/en-general-conesa-mas-de-190-interesados-en-formar-parte-de-la-nueva-central-de-lucha-contra-incendios\\\/\",\"url\":\"https:\\\/\\\/patagoniambiental.com.ar\\\/info\\\/en-general-conesa-mas-de-190-interesados-en-formar-parte-de-la-nueva-central-de-lucha-contra-incendios\\\/\",\"name\":\"En General Conesa \u00a0 M\u00e1s de 190 interesados en formar parte de la nueva Central de lucha contra incendios\",\"isPartOf\":{\"@id\":\"https:\\\/\\\/patagoniambiental.com.ar\\\/info\\\/#website\"},\"primaryImageOfPage\":{\"@id\":\"https:\\\/\\\/patagoniambiental.com.ar\\\/info\\\/en-general-conesa-mas-de-190-interesados-en-formar-parte-de-la-nueva-central-de-lucha-contra-incendios\\\/#primaryimage\"},\"image\":{\"@id\":\"https:\\\/\\\/patagoniambiental.com.ar\\\/info\\\/en-general-conesa-mas-de-190-interesados-en-formar-parte-de-la-nueva-central-de-lucha-contra-incendios\\\/#primaryimage\"},\"thumbnailUrl\":\"https:\\\/\\\/patagoniambiental.com.ar\\\/info\\\/wp-content\\\/uploads\\\/2017\\\/10\\\/00030806.jpg\",\"datePublished\":\"2017-10-02T22:00:34+00:00\",\"breadcrumb\":{\"@id\":\"https:\\\/\\\/patagoniambiental.com.ar\\\/info\\\/en-general-conesa-mas-de-190-interesados-en-formar-parte-de-la-nueva-central-de-lucha-contra-incendios\\\/#breadcrumb\"},\"inLanguage\":\"es\",\"potentialAction\":[{\"@type\":\"ReadAction\",\"target\":[\"https:\\\/\\\/patagoniambiental.com.ar\\\/info\\\/en-general-conesa-mas-de-190-interesados-en-formar-parte-de-la-nueva-central-de-lucha-contra-incendios\\\/\"]}]},{\"@type\":\"ImageObject\",\"inLanguage\":\"es\",\"@id\":\"https:\\\/\\\/patagoniambiental.com.ar\\\/info\\\/en-general-conesa-mas-de-190-interesados-en-formar-parte-de-la-nueva-central-de-lucha-contra-incendios\\\/#primaryimage\",\"url\":\"https:\\\/\\\/patagoniambiental.com.ar\\\/info\\\/wp-content\\\/uploads\\\/2017\\\/10\\\/00030806.jpg\",\"contentUrl\":\"https:\\\/\\\/patagoniambiental.com.ar\\\/info\\\/wp-content\\\/uploads\\\/2017\\\/10\\\/00030806.jpg\",\"width\":900,\"height\":600},{\"@type\":\"BreadcrumbList\",\"@id\":\"https:\\\/\\\/patagoniambiental.com.ar\\\/info\\\/en-general-conesa-mas-de-190-interesados-en-formar-parte-de-la-nueva-central-de-lucha-contra-incendios\\\/#breadcrumb\",\"itemListElement\":[{\"@type\":\"ListItem\",\"position\":1,\"name\":\"Inicio\",\"item\":\"https:\\\/\\\/patagoniambiental.com.ar\\\/info\\\/\"},{\"@type\":\"ListItem\",\"position\":2,\"name\":\"En General Conesa \u00a0 M\u00e1s de 190 interesados en formar parte de la nueva Central de lucha contra incendios\"}]},{\"@type\":\"WebSite\",\"@id\":\"https:\\\/\\\/patagoniambiental.com.ar\\\/info\\\/#website\",\"url\":\"https:\\\/\\\/patagoniambiental.com.ar\\\/info\\\/\",\"name\":\"Patagonia Ambiental\",\"description\":\"Monitoreo y an\u00e1lisis de la situaci\u00f3n geopol\u00edtica en el mundo y su implicancia en la Patagonia\",\"publisher\":{\"@id\":\"https:\\\/\\\/patagoniambiental.com.ar\\\/info\\\/#organization\"},\"potentialAction\":[{\"@type\":\"SearchAction\",\"target\":{\"@type\":\"EntryPoint\",\"urlTemplate\":\"https:\\\/\\\/patagoniambiental.com.ar\\\/info\\\/?s={search_term_string}\"},\"query-input\":{\"@type\":\"PropertyValueSpecification\",\"valueRequired\":true,\"valueName\":\"search_term_string\"}}],\"inLanguage\":\"es\"},{\"@type\":\"Organization\",\"@id\":\"https:\\\/\\\/patagoniambiental.com.ar\\\/info\\\/#organization\",\"name\":\"Patagonia Ambiental\",\"url\":\"https:\\\/\\\/patagoniambiental.com.ar\\\/info\\\/\",\"logo\":{\"@type\":\"ImageObject\",\"inLanguage\":\"es\",\"@id\":\"https:\\\/\\\/patagoniambiental.com.ar\\\/info\\\/#\\\/schema\\\/logo\\\/image\\\/\",\"url\":\"https:\\\/\\\/patagoniambiental.com.ar\\\/info\\\/wp-content\\\/uploads\\\/2025\\\/05\\\/LOGO-PATAGONIA-AMBIENTAL.png\",\"contentUrl\":\"https:\\\/\\\/patagoniambiental.com.ar\\\/info\\\/wp-content\\\/uploads\\\/2025\\\/05\\\/LOGO-PATAGONIA-AMBIENTAL.png\",\"width\":433,\"height\":250,\"caption\":\"Patagonia Ambiental\"},\"image\":{\"@id\":\"https:\\\/\\\/patagoniambiental.com.ar\\\/info\\\/#\\\/schema\\\/logo\\\/image\\\/\"},\"sameAs\":[\"https:\\\/\\\/www.facebook.com\\\/patagonia.ambiental\",\"https:\\\/\\\/x.com\\\/PatAmb\"]},{\"@type\":\"Person\",\"@id\":\"https:\\\/\\\/patagoniambiental.com.ar\\\/info\\\/#\\\/schema\\\/person\\\/db12bff64bbcbf6a253710bf0ea37b5d\",\"name\":\"Patagonia Ambiental\",\"description\":\"Andr\u00e9s Nievas T\u00e9cnico en manejo ambiental, consultor Ambiental y escritor para medios locales e internacionales sobre temas de geopolitica y medio ambiente.\",\"sameAs\":[\"http:\\\/\\\/www.patagoniambiental.com.ar\",\"https:\\\/\\\/www.facebook.com\\\/share\\\/1C1V8Gv9BX\\\/?mibextid=qi2Omg\",\"@patagoniambiental\",\"https:\\\/\\\/youtube.com\\\/@patagoniaambiental2023?si=BLt58t0wuXquxlYZ\"]}]}<\/script>\n<!-- \/ Yoast SEO Premium plugin. -->","yoast_head_json":{"title":"En General Conesa \u00a0 M\u00e1s de 190 interesados en formar parte de la nueva Central de lucha contra incendios","robots":{"index":"index","follow":"follow","max-snippet":"max-snippet:-1","max-image-preview":"max-image-preview:large","max-video-preview":"max-video-preview:-1"},"canonical":"https:\/\/patagoniambiental.com.ar\/info\/en-general-conesa-mas-de-190-interesados-en-formar-parte-de-la-nueva-central-de-lucha-contra-incendios\/","og_locale":"es_ES","og_type":"article","og_title":"En General Conesa \u00a0 M\u00e1s de 190 interesados en formar parte de la nueva Central de lucha contra incendios","og_description":"General Conesa.-Un total de 197 curriculum vitae fueron recibidos hasta ayer por la tarde, cuando cerr\u00f3 la convocatoria realizada por [&hellip;]","og_url":"https:\/\/patagoniambiental.com.ar\/info\/en-general-conesa-mas-de-190-interesados-en-formar-parte-de-la-nueva-central-de-lucha-contra-incendios\/","og_site_name":"Patagonia Ambiental","article_publisher":"https:\/\/www.facebook.com\/patagonia.ambiental","article_author":"https:\/\/www.facebook.com\/share\/1C1V8Gv9BX\/?mibextid=qi2Omg","article_published_time":"2017-10-02T22:00:34+00:00","og_image":[{"width":924,"height":616,"url":"https:\/\/patagoniambiental.com.ar\/info\/wp-content\/uploads\/2017\/10\/00030806.jpg","type":"image\/jpeg"}],"author":"Patagonia Ambiental","twitter_card":"summary_large_image","twitter_creator":"@PatAmb","twitter_site":"@PatAmb","schema":{"@context":"https:\/\/schema.org","@graph":[{"@type":"Article","@id":"https:\/\/patagoniambiental.com.ar\/info\/en-general-conesa-mas-de-190-interesados-en-formar-parte-de-la-nueva-central-de-lucha-contra-incendios\/#article","isPartOf":{"@id":"https:\/\/patagoniambiental.com.ar\/info\/en-general-conesa-mas-de-190-interesados-en-formar-parte-de-la-nueva-central-de-lucha-contra-incendios\/"},"author":{"name":"Patagonia Ambiental","@id":"https:\/\/patagoniambiental.com.ar\/info\/#\/schema\/person\/db12bff64bbcbf6a253710bf0ea37b5d"},"headline":"En General Conesa \u00a0 M\u00e1s de 190 interesados en formar parte de la nueva Central de lucha contra incendios","datePublished":"2017-10-02T22:00:34+00:00","mainEntityOfPage":{"@id":"https:\/\/patagoniambiental.com.ar\/info\/en-general-conesa-mas-de-190-interesados-en-formar-parte-de-la-nueva-central-de-lucha-contra-incendios\/"},"wordCount":227,"commentCount":0,"publisher":{"@id":"https:\/\/patagoniambiental.com.ar\/info\/#organization"},"image":{"@id":"https:\/\/patagoniambiental.com.ar\/info\/en-general-conesa-mas-de-190-interesados-en-formar-parte-de-la-nueva-central-de-lucha-contra-incendios\/#primaryimage"},"thumbnailUrl":"https:\/\/patagoniambiental.com.ar\/info\/wp-content\/uploads\/2017\/10\/00030806.jpg","articleSection":["Noticias","Provinciales","R\u00edo Negro"],"inLanguage":"es","potentialAction":[{"@type":"CommentAction","name":"Comment","target":["https:\/\/patagoniambiental.com.ar\/info\/en-general-conesa-mas-de-190-interesados-en-formar-parte-de-la-nueva-central-de-lucha-contra-incendios\/#respond"]}]},{"@type":"WebPage","@id":"https:\/\/patagoniambiental.com.ar\/info\/en-general-conesa-mas-de-190-interesados-en-formar-parte-de-la-nueva-central-de-lucha-contra-incendios\/","url":"https:\/\/patagoniambiental.com.ar\/info\/en-general-conesa-mas-de-190-interesados-en-formar-parte-de-la-nueva-central-de-lucha-contra-incendios\/","name":"En General Conesa \u00a0 M\u00e1s de 190 interesados en formar parte de la nueva Central de lucha contra incendios","isPartOf":{"@id":"https:\/\/patagoniambiental.com.ar\/info\/#website"},"primaryImageOfPage":{"@id":"https:\/\/patagoniambiental.com.ar\/info\/en-general-conesa-mas-de-190-interesados-en-formar-parte-de-la-nueva-central-de-lucha-contra-incendios\/#primaryimage"},"image":{"@id":"https:\/\/patagoniambiental.com.ar\/info\/en-general-conesa-mas-de-190-interesados-en-formar-parte-de-la-nueva-central-de-lucha-contra-incendios\/#primaryimage"},"thumbnailUrl":"https:\/\/patagoniambiental.com.ar\/info\/wp-content\/uploads\/2017\/10\/00030806.jpg","datePublished":"2017-10-02T22:00:34+00:00","breadcrumb":{"@id":"https:\/\/patagoniambiental.com.ar\/info\/en-general-conesa-mas-de-190-interesados-en-formar-parte-de-la-nueva-central-de-lucha-contra-incendios\/#breadcrumb"},"inLanguage":"es","potentialAction":[{"@type":"ReadAction","target":["https:\/\/patagoniambiental.com.ar\/info\/en-general-conesa-mas-de-190-interesados-en-formar-parte-de-la-nueva-central-de-lucha-contra-incendios\/"]}]},{"@type":"ImageObject","inLanguage":"es","@id":"https:\/\/patagoniambiental.com.ar\/info\/en-general-conesa-mas-de-190-interesados-en-formar-parte-de-la-nueva-central-de-lucha-contra-incendios\/#primaryimage","url":"https:\/\/patagoniambiental.com.ar\/info\/wp-content\/uploads\/2017\/10\/00030806.jpg","contentUrl":"https:\/\/patagoniambiental.com.ar\/info\/wp-content\/uploads\/2017\/10\/00030806.jpg","width":900,"height":600},{"@type":"BreadcrumbList","@id":"https:\/\/patagoniambiental.com.ar\/info\/en-general-conesa-mas-de-190-interesados-en-formar-parte-de-la-nueva-central-de-lucha-contra-incendios\/#breadcrumb","itemListElement":[{"@type":"ListItem","position":1,"name":"Inicio","item":"https:\/\/patagoniambiental.com.ar\/info\/"},{"@type":"ListItem","position":2,"name":"En General Conesa \u00a0 M\u00e1s de 190 interesados en formar parte de la nueva Central de lucha contra incendios"}]},{"@type":"WebSite","@id":"https:\/\/patagoniambiental.com.ar\/info\/#website","url":"https:\/\/patagoniambiental.com.ar\/info\/","name":"Patagonia Ambiental","description":"Monitoreo y an\u00e1lisis de la situaci\u00f3n geopol\u00edtica en el mundo y su implicancia en la Patagonia","publisher":{"@id":"https:\/\/patagoniambiental.com.ar\/info\/#organization"},"potentialAction":[{"@type":"SearchAction","target":{"@type":"EntryPoint","urlTemplate":"https:\/\/patagoniambiental.com.ar\/info\/?s={search_term_string}"},"query-input":{"@type":"PropertyValueSpecification","valueRequired":true,"valueName":"search_term_string"}}],"inLanguage":"es"},{"@type":"Organization","@id":"https:\/\/patagoniambiental.com.ar\/info\/#organization","name":"Patagonia Ambiental","url":"https:\/\/patagoniambiental.com.ar\/info\/","logo":{"@type":"ImageObject","inLanguage":"es","@id":"https:\/\/patagoniambiental.com.ar\/info\/#\/schema\/logo\/image\/","url":"https:\/\/patagoniambiental.com.ar\/info\/wp-content\/uploads\/2025\/05\/LOGO-PATAGONIA-AMBIENTAL.png","contentUrl":"https:\/\/patagoniambiental.com.ar\/info\/wp-content\/uploads\/2025\/05\/LOGO-PATAGONIA-AMBIENTAL.png","width":433,"height":250,"caption":"Patagonia Ambiental"},"image":{"@id":"https:\/\/patagoniambiental.com.ar\/info\/#\/schema\/logo\/image\/"},"sameAs":["https:\/\/www.facebook.com\/patagonia.ambiental","https:\/\/x.com\/PatAmb"]},{"@type":"Person","@id":"https:\/\/patagoniambiental.com.ar\/info\/#\/schema\/person\/db12bff64bbcbf6a253710bf0ea37b5d","name":"Patagonia Ambiental","description":"Andr\u00e9s Nievas T\u00e9cnico en manejo ambiental, consultor Ambiental y escritor para medios locales e internacionales sobre temas de geopolitica y medio ambiente.","sameAs":["http:\/\/www.patagoniambiental.com.ar","https:\/\/www.facebook.com\/share\/1C1V8Gv9BX\/?mibextid=qi2Omg","@patagoniambiental","https:\/\/youtube.com\/@patagoniaambiental2023?si=BLt58t0wuXquxlYZ"]}]}},"_links":{"self":[{"href":"https:\/\/patagoniambiental.com.ar\/info\/wp-json\/wp\/v2\/posts\/35772","targetHints":{"allow":["GET"]}}],"collection":[{"href":"https:\/\/patagoniambiental.com.ar\/info\/wp-json\/wp\/v2\/posts"}],"about":[{"href":"https:\/\/patagoniambiental.com.ar\/info\/wp-json\/wp\/v2\/types\/post"}],"author":[{"embeddable":true,"href":"https:\/\/patagoniambiental.com.ar\/info\/wp-json\/wp\/v2\/users\/2"}],"replies":[{"embeddable":true,"href":"https:\/\/patagoniambiental.com.ar\/info\/wp-json\/wp\/v2\/comments?post=35772"}],"version-history":[{"count":0,"href":"https:\/\/patagoniambiental.com.ar\/info\/wp-json\/wp\/v2\/posts\/35772\/revisions"}],"wp:featuredmedia":[{"embeddable":true,"href":"https:\/\/patagoniambiental.com.ar\/info\/wp-json\/wp\/v2\/media\/35773"}],"wp:attachment":[{"href":"https:\/\/patagoniambiental.com.ar\/info\/wp-json\/wp\/v2\/media?parent=35772"}],"wp:term":[{"taxonomy":"category","embeddable":true,"href":"https:\/\/patagoniambiental.com.ar\/info\/wp-json\/wp\/v2\/categories?post=35772"},{"taxonomy":"post_tag","embeddable":true,"href":"https:\/\/patagoniambiental.com.ar\/info\/wp-json\/wp\/v2\/tags?post=35772"}],"curies":[{"name":"wp","href":"https:\/\/api.w.org\/{rel}","templated":true}]}}