{"id":35784,"date":"2017-10-02T19:00:49","date_gmt":"2017-10-02T22:00:49","guid":{"rendered":"http:\/\/patagoniambiental.com.ar\/info\/?p=35784"},"modified":"2017-10-02T10:03:26","modified_gmt":"2017-10-02T13:03:26","slug":"la-argentina-y-chile-acordaron-un-plan-para-frenar-la-violencia-mapuche","status":"publish","type":"post","link":"https:\/\/patagoniambiental.com.ar\/info\/la-argentina-y-chile-acordaron-un-plan-para-frenar-la-violencia-mapuche\/","title":{"rendered":"La Argentina y Chile acordaron un plan para frenar la violencia mapuche"},"content":{"rendered":"<div id=\"f0FowaHixDsmwq\" class=\"wrapper clearfix col-lg-12 pb-feature pb-layout-item pb-f-article-header col-md-12 col-sm-12 col-xs-12 no-align\">\n<div class=\"row\">\n<header class=\"article-header hed-first col-sm-12\">Buenos Aires.-Se reunieron las autoridades de ambos pa\u00edses y acordaron cerrar los pasos ilegales y realizar tareas de cooperaci\u00f3n judicial; fue luego de la denuncia por tr\u00e1fico ilegal de armas<\/p>\n<\/header>\n<\/div>\n<\/div>\n<p><!--more--><\/p>\n<div id=\"fTzzD92ixDsmwq\" class=\"wrapper clearfix col-lg-12 col-md-12 pb-feature pb-layout-item pb-f-article-byline col-sm-12 col-xs-12 no-align\">\n<div class=\"byline col-md-8 col-xs-12 col-print-12\">\n<div class=\"clearfix\"><img decoding=\"async\" src=\"http:\/\/www.infobae.com\/new-resizer\/6gW57D0UnQqMQLHipQ2WJV6tNLM=\/0x200\/s3.amazonaws.com\/arc-authors\/infobae\/0e74a70a-8382-4fdb-8c9c-74149ac0a34d.png?token=bar\" \/><\/p>\n<div class=\"byline-author\">Por\u00a0<a class=\"author-name\" href=\"http:\/\/www.infobae.com\/autor\/martin-dinatale\/\" rel=\"author\">Mart\u00edn Dinatale<\/a>\u00a0<span class=\"byline-date\">29 de septiembre de 2017<\/span><\/div>\n<div class=\"byline-bio\">mdinatale@infobae.com<\/div>\n<\/div>\n<\/div>\n<\/div>\n<div id=\"c0ZzvILixDsmwq\" class=\"col-md-8 col-sm-12 col-xs-12 pb-layout-item pb-chain pb-c-list-chain left-align\">\n<div id=\"f0ASu4SixDsmwq\" class=\"wrapper clearfix full pb-feature pb-layout-item pb-f-article-body no-align\">\n<div id=\"article-body\" class=\"article-body article-body-elements\">\n<div id=\"article-content\">\n<div class=\"row\">\n<figure class=\"element element-image col-xs-12\">\n<div class=\"single-image\">\n<div class=\"shares\"><\/div>\n<p><img decoding=\"async\" id=\"JFV25UJELNF5ZGN4SWFDMK7DII\" class=\"image-lazy\" src=\"http:\/\/www.infobae.com\/new-resizer\/oW3GcbKvxUtWykNUWW44MN6VFKI=\/600x0\/s3.amazonaws.com\/arc-wordpress-client-uploads\/infobae-wp\/wp-content\/uploads\/2017\/09\/19112351\/mapuches-neuquen1.jpg?token=bar\" alt=\"\" width=\"750\" height=\"421.875\" data-url=\"http:\/\/www.infobae.com\/politica\/2017\/09\/29\/la-argentina-y-chile-acordaron-un-plan-para-frenar-la-violencia-mapuche\/%23JFV25UJELNF5ZGN4SWFDMK7DII\" data-original=\"http:\/\/www.infobae.com\/new-resizer\/oW3GcbKvxUtWykNUWW44MN6VFKI=\/600x0\/s3.amazonaws.com\/arc-wordpress-client-uploads\/infobae-wp\/wp-content\/uploads\/2017\/09\/19112351\/mapuches-neuquen1.jpg?token=bar\" \/><\/div><figcaption class=\"\"><\/figcaption><\/figure>\n<\/div>\n<div class=\"row\">\n<div class=\"col-xs-12 col-print-12\">\n<p class=\"element element-paragraph\">En medio de las denuncias sobre tr\u00e1fico ilegal de armas de grupos mapuches en la Cordillera, los gobiernos de la Argentina y Chile\u00a0<strong>acordaron hoy un plan para cerrar en lo inmediato el paso de las fronteras no habilitadas entre ambos pa\u00edses y activar un sistema de cooperaci\u00f3n en materia judicial.<\/strong><\/p>\n<\/div>\n<\/div>\n<div class=\"row\">\n<div class=\"col-xs-12 col-print-12\">\n<p class=\"element element-paragraph\">Durante una reuni\u00f3n en el Ministerio de Seguridad que encabez\u00f3 Patricia Bullrich con el subsecretario del Interior de Chile, Mahmud Aleuy; el embajador de ese pa\u00eds, Jos\u00e9 Antonio Viera Gallo; el secretario de Seguridad Interior, Gerardo Milman; el subsecretario de Coordinaci\u00f3n de la Secretar\u00eda de Fronteras, Vicente Autiero; el jefe de la Divisi\u00f3n Jur\u00eddica del Ministerio del Interior, Luis Correa, y el subsecretario de Desarrollo de Fronteras, Eduardo Bustamante se defini\u00f3 un plan conjunto para frenar la ola de violencia de grupos mapuches que azota en la Patagonia.<\/p>\n<\/div>\n<\/div>\n<div class=\"row\">\n<figure class=\"element element-image col-xs-12\">\n<div class=\"single-image\">\n<div class=\"shares\"><\/div>\n<p><img decoding=\"async\" id=\"4Y6HM2B4ARHZTIKQMLP6OS2BEU\" class=\"image-lazy\" src=\"http:\/\/www.infobae.com\/new-resizer\/JNxGUyfYNRker80N0WdGIteSwlg=\/600x0\/s3.amazonaws.com\/arc-wordpress-client-uploads\/infobae-wp\/wp-content\/uploads\/2017\/09\/29185101\/Reunion-Patricia-Bullrich-y-Mahmud-Aleuy-agenda-de-trabajo-Argenetina-Chile-1920-3.jpg?token=bar\" alt=\"La reuni\u00f3n en el Ministerio de Seguridad\" width=\"750\" height=\"421.875\" data-url=\"http:\/\/www.infobae.com\/politica\/2017\/09\/29\/la-argentina-y-chile-acordaron-un-plan-para-frenar-la-violencia-mapuche\/%234Y6HM2B4ARHZTIKQMLP6OS2BEU\" data-original=\"http:\/\/www.infobae.com\/new-resizer\/JNxGUyfYNRker80N0WdGIteSwlg=\/600x0\/s3.amazonaws.com\/arc-wordpress-client-uploads\/infobae-wp\/wp-content\/uploads\/2017\/09\/29185101\/Reunion-Patricia-Bullrich-y-Mahmud-Aleuy-agenda-de-trabajo-Argenetina-Chile-1920-3.jpg?token=bar\" \/><\/div><figcaption class=\"\"><span class=\"credit\">La reuni\u00f3n en el Ministerio de Seguridad<\/span><\/figcaption><\/figure>\n<\/div>\n<div class=\"row\">\n<div class=\"col-xs-12 col-print-12\">\n<p class=\"element element-paragraph\">\u00abFue un buen encuentro, productivo y con muchos ejes en com\u00fan para trabajar en lo inmediato\u00bb, dijo a\u00a0<strong>Infobae<\/strong>\u00a0un funcionario que particip\u00f3 de esa reuni\u00f3n. El acuerdo se alcanz\u00f3 apenas cinco d\u00edas despu\u00e9s de que la fiscal\u00eda de Chile de la Regi\u00f3n de Araucan\u00eda denunciara el tr\u00e1fico ilegal de armas de la Argentina hacia el pa\u00eds trasandino por parte de agrupaciones mapuches que sustentan la violencia del Grupo Arauco Malleco (CAM).<\/p>\n<\/div>\n<\/div>\n<div class=\"row\">\n<div id=\"\" class=\"wrapper clearfix pb-feature pb-layout-item pb-f-ads-dfp left-align\"><\/div>\n<div class=\"col-xs-12 col-print-12\">\n<p class=\"element element-paragraph\">De esta manera, hoy se acord\u00f3 que a\u00a0partir de octubre de 2017 se instrumentar\u00e1 un plan conjunto de cierre de pasos fronterizos no habilitados en la zona sur de ambos pa\u00edses, con el fin de enfrentar conjuntamente delitos transnacionales como el contrabando y el narcotr\u00e1fico. \u00abCon este objetivo, se reunir\u00e1n equipos de trabajo de ambos pa\u00edses para definir y priorizar las primeras acciones\u00bb, sostuvo el documento sellado entre las autoridades de ambos pa\u00edses.<\/p>\n<\/div>\n<\/div>\n<div class=\"row\">\n<div class=\"col-xs-12 col-print-12\">\n<p class=\"element element-paragraph\">En la pr\u00e1ctica, seg\u00fan admitieron a\u00a0este medio\u00a0funcionarios de la Casa Rosada,\u00a0<strong>la instrumentaci\u00f3n de este plan no ser\u00e1 f\u00e1cil de aplicar,\u00a0<\/strong>ya que existen unos 800 pasos ilegales a lo largo de toda la frontera entre Chile y la Argentina de los 154 puestos de frontera legales. No obstante, los gobiernos de ambos pa\u00edses est\u00e1n dispuestos a reforzar en un principio los pasos ilegales de la zona sur que es donde se registraron los focos de violencia de algunos grupos mapuches y donde presuntamente se detect\u00f3 el tr\u00e1fico ilegal de armas.<\/p>\n<\/div>\n<\/div>\n<div class=\"row\">\n<figure class=\"element element-image col-xs-12\">\n<div class=\"single-image\">\n<div class=\"shares\"><\/div>\n<p><img decoding=\"async\" id=\"PHPNKNOJZZBXVKBKVLLPJ622XQ\" class=\"image-lazy\" src=\"http:\/\/www.infobae.com\/new-resizer\/ExqsFMRO6xoOsfvlK58sOkOk-I0=\/600x0\/s3.amazonaws.com\/arc-wordpress-client-uploads\/infobae-wp\/wp-content\/uploads\/2017\/09\/29185054\/Reunion-Patricia-Bullrich-y-Mahmud-Aleuy-agenda-de-trabajo-Argenetina-Chile-1920-1.jpg?token=bar\" alt=\"\" width=\"750\" height=\"421.875\" data-url=\"http:\/\/www.infobae.com\/politica\/2017\/09\/29\/la-argentina-y-chile-acordaron-un-plan-para-frenar-la-violencia-mapuche\/%23PHPNKNOJZZBXVKBKVLLPJ622XQ\" data-original=\"http:\/\/www.infobae.com\/new-resizer\/ExqsFMRO6xoOsfvlK58sOkOk-I0=\/600x0\/s3.amazonaws.com\/arc-wordpress-client-uploads\/infobae-wp\/wp-content\/uploads\/2017\/09\/29185054\/Reunion-Patricia-Bullrich-y-Mahmud-Aleuy-agenda-de-trabajo-Argenetina-Chile-1920-1.jpg?token=bar\" \/><\/div><figcaption class=\"\"><\/figcaption><\/figure>\n<\/div>\n<div class=\"row\">\n<div class=\"col-xs-12 col-print-12\">\n<p class=\"element element-paragraph\">El pasado fin de semana los Carabineros detuvieron a ocho personas integrantes de una comunidad mapuche vinculada con la CAM por el delito de asociaci\u00f3n il\u00edcita con car\u00e1cter terrorista en la regi\u00f3n de Araucan\u00eda. La polic\u00eda chilena encontr\u00f3 en los tel\u00e9fonos celulares que incautaron a los arrestados comunicaciones registradas en agosto entre l\u00edderes de mapuches en Chile a trav\u00e9s de los servicios de mensajer\u00eda instant\u00e1nea Telegram y WhatsApp. En esos mensajes se refer\u00edan supuestamente al ingreso al pa\u00eds vecino de fusiles, escopetas, pistolas y balas, seg\u00fan inform\u00f3 la prensa local. All\u00ed se confirmaba que \u00abdesde Argentina le iban a llegar 6 escopetas, 10 rev\u00f3lveres, 12 pistolas, 2 fusiles, 250 cartuchos, 550 balas del calibre 38 y 84 balas de 9\u00bb. El armamento y las municiones solicitadas estar\u00edan destinadas a los diversos ataques llevados a cabo en la zona de Araucan\u00eda. En los \u00faltimos meses hubo quema de iglesias, casas, camiones y campos en la zona sur de Chile protagonizados por el grupo CAM que est\u00e1 relacionado con el dirigente Jones Huala, detenido en la Argentina por actos vand\u00e1licos. Este dirigente mapuche responde\u00a0a la agrupaci\u00f3n RAM que estuvo el pasado 1 de agosto en la ruta 40 cuando desapareci\u00f3 Santiago Maldonado luego de un enfrentamiento con la Gendarmer\u00eda.<\/p>\n<\/div>\n<\/div>\n<div class=\"row\">\n<div class=\"col-xs-12 col-print-12\">\n<p class=\"element element-paragraph\">En el plan conjunto que acordaron las autoridades de ambos pa\u00edses se estableci\u00f3 la idea de activar el sistema para la cooperaci\u00f3n en materia judicial respecto de antecedentes vinculados a hechos delictivos ocurridos en territorios de ambos pa\u00edses, para lo cual se utilizar\u00e1n los convenios de colaboraci\u00f3n vigente entre polic\u00edas y a nivel del Ministerio P\u00fablico.<\/p>\n<\/div>\n<\/div>\n<div class=\"row\">\n<div class=\"col-xs-12 col-print-12\">\n<p class=\"element element-paragraph\">Aleuy, que viaj\u00f3 especialmente hoy a Buenos Aires para alcanzar el acuerdo con Bullrich, estableci\u00f3 tambi\u00e9n con la Argentina conformar en los pr\u00f3ximos 15 d\u00edas una comisi\u00f3n mixta de trabajo para abordar los aspectos operativos vinculados a la visita del Papa Francisco a Chile, en el mes de enero de 2018. Es que se prev\u00e9 una importante proyecci\u00f3n de flujos de ciudadanos argentinos que se desplazar\u00e1n, cruzando la frontera para esa visita hist\u00f3rica. Este comit\u00e9 abordar\u00e1 las posibilidades de reforzamiento de personal, infraestructura y log\u00edstica de los diferentes pasos fronterizos.<\/p>\n<\/div>\n<\/div>\n<div class=\"row\">\n<div class=\"col-xs-12 col-print-12\">\n<p class=\"element element-paragraph\">Por otra parte, las autoridades de ambos pa\u00edses acordaron coordinar un trabajo para abordar emergencias por desastres naturales y otro tipo de fen\u00f3menos, de manera conjunta, comenzando por los incendios forestales y el combate al fuego.<\/p>\n<p>Fuente: Infobae<\/p>\n<\/div>\n<\/div>\n<\/div>\n<\/div>\n<\/div>\n<\/div>\n","protected":false},"excerpt":{"rendered":"<p>Buenos Aires.-Se reunieron las autoridades de ambos pa\u00edses y acordaron cerrar los pasos ilegales y realizar tareas de cooperaci\u00f3n judicial; [&hellip;]<\/p>\n","protected":false},"author":2,"featured_media":35785,"comment_status":"open","ping_status":"open","sticky":false,"template":"","format":"standard","meta":{"site-sidebar-layout":"default","site-content-layout":"","ast-site-content-layout":"default","site-content-style":"default","site-sidebar-style":"default","ast-global-header-display":"","ast-banner-title-visibility":"","ast-main-header-display":"","ast-hfb-above-header-display":"","ast-hfb-below-header-display":"","ast-hfb-mobile-header-display":"","site-post-title":"","ast-breadcrumbs-content":"","ast-featured-img":"","footer-sml-layout":"","ast-disable-related-posts":"","theme-transparent-header-meta":"","adv-header-id-meta":"","stick-header-meta":"","header-above-stick-meta":"","header-main-stick-meta":"","header-below-stick-meta":"","astra-migrate-meta-layouts":"default","ast-page-background-enabled":"default","ast-page-background-meta":{"desktop":{"background-color":"var(--ast-global-color-5)","background-image":"","background-repeat":"repeat","background-position":"center center","background-size":"auto","background-attachment":"scroll","background-type":"","background-media":"","overlay-type":"","overlay-color":"","overlay-opacity":"","overlay-gradient":""},"tablet":{"background-color":"","background-image":"","background-repeat":"repeat","background-position":"center center","background-size":"auto","background-attachment":"scroll","background-type":"","background-media":"","overlay-type":"","overlay-color":"","overlay-opacity":"","overlay-gradient":""},"mobile":{"background-color":"","background-image":"","background-repeat":"repeat","background-position":"center center","background-size":"auto","background-attachment":"scroll","background-type":"","background-media":"","overlay-type":"","overlay-color":"","overlay-opacity":"","overlay-gradient":""}},"ast-content-background-meta":{"desktop":{"background-color":"var(--ast-global-color-4)","background-image":"","background-repeat":"repeat","background-position":"center center","background-size":"auto","background-attachment":"scroll","background-type":"","background-media":"","overlay-type":"","overlay-color":"","overlay-opacity":"","overlay-gradient":""},"tablet":{"background-color":"var(--ast-global-color-4)","background-image":"","background-repeat":"repeat","background-position":"center center","background-size":"auto","background-attachment":"scroll","background-type":"","background-media":"","overlay-type":"","overlay-color":"","overlay-opacity":"","overlay-gradient":""},"mobile":{"background-color":"var(--ast-global-color-4)","background-image":"","background-repeat":"repeat","background-position":"center center","background-size":"auto","background-attachment":"scroll","background-type":"","background-media":"","overlay-type":"","overlay-color":"","overlay-opacity":"","overlay-gradient":""}},"footnotes":""},"categories":[23,1],"tags":[],"class_list":["post-35784","post","type-post","status-publish","format-standard","has-post-thumbnail","hentry","category-internacionales","category-noticias"],"yoast_head":"<!-- This site is optimized with the Yoast SEO Premium plugin v23.0 (Yoast SEO v27.4) - https:\/\/yoast.com\/product\/yoast-seo-premium-wordpress\/ -->\n<title>La Argentina y Chile acordaron un plan para frenar la violencia mapuche<\/title>\n<meta name=\"robots\" content=\"index, follow, max-snippet:-1, max-image-preview:large, max-video-preview:-1\" \/>\n<link rel=\"canonical\" href=\"https:\/\/patagoniambiental.com.ar\/info\/la-argentina-y-chile-acordaron-un-plan-para-frenar-la-violencia-mapuche\/\" \/>\n<meta property=\"og:locale\" content=\"es_ES\" \/>\n<meta property=\"og:type\" content=\"article\" \/>\n<meta property=\"og:title\" content=\"La Argentina y Chile acordaron un plan para frenar la violencia mapuche\" \/>\n<meta property=\"og:description\" content=\"Buenos Aires.-Se reunieron las autoridades de ambos pa\u00edses y acordaron cerrar los pasos ilegales y realizar tareas de cooperaci\u00f3n judicial; [&hellip;]\" \/>\n<meta property=\"og:url\" content=\"https:\/\/patagoniambiental.com.ar\/info\/la-argentina-y-chile-acordaron-un-plan-para-frenar-la-violencia-mapuche\/\" \/>\n<meta property=\"og:site_name\" content=\"Patagonia Ambiental\" \/>\n<meta property=\"article:publisher\" content=\"https:\/\/www.facebook.com\/patagonia.ambiental\" \/>\n<meta property=\"article:author\" content=\"https:\/\/www.facebook.com\/share\/1C1V8Gv9BX\/?mibextid=qi2Omg\" \/>\n<meta property=\"article:published_time\" content=\"2017-10-02T22:00:49+00:00\" \/>\n<meta property=\"og:image\" content=\"https:\/\/patagoniambiental.com.ar\/info\/wp-content\/uploads\/2017\/10\/Sin-t\u00edtulo.jpg\" \/>\n\t<meta property=\"og:image:width\" content=\"724\" \/>\n\t<meta property=\"og:image:height\" content=\"391\" \/>\n\t<meta property=\"og:image:type\" content=\"image\/jpeg\" \/>\n<meta name=\"author\" content=\"Patagonia Ambiental\" \/>\n<meta name=\"twitter:card\" content=\"summary_large_image\" \/>\n<meta name=\"twitter:creator\" content=\"@PatAmb\" \/>\n<meta name=\"twitter:site\" content=\"@PatAmb\" \/>\n<script type=\"application\/ld+json\" class=\"yoast-schema-graph\">{\"@context\":\"https:\\\/\\\/schema.org\",\"@graph\":[{\"@type\":\"Article\",\"@id\":\"https:\\\/\\\/patagoniambiental.com.ar\\\/info\\\/la-argentina-y-chile-acordaron-un-plan-para-frenar-la-violencia-mapuche\\\/#article\",\"isPartOf\":{\"@id\":\"https:\\\/\\\/patagoniambiental.com.ar\\\/info\\\/la-argentina-y-chile-acordaron-un-plan-para-frenar-la-violencia-mapuche\\\/\"},\"author\":{\"name\":\"Patagonia Ambiental\",\"@id\":\"https:\\\/\\\/patagoniambiental.com.ar\\\/info\\\/#\\\/schema\\\/person\\\/db12bff64bbcbf6a253710bf0ea37b5d\"},\"headline\":\"La Argentina y Chile acordaron un plan para frenar la violencia mapuche\",\"datePublished\":\"2017-10-02T22:00:49+00:00\",\"mainEntityOfPage\":{\"@id\":\"https:\\\/\\\/patagoniambiental.com.ar\\\/info\\\/la-argentina-y-chile-acordaron-un-plan-para-frenar-la-violencia-mapuche\\\/\"},\"wordCount\":885,\"commentCount\":0,\"publisher\":{\"@id\":\"https:\\\/\\\/patagoniambiental.com.ar\\\/info\\\/#organization\"},\"image\":{\"@id\":\"https:\\\/\\\/patagoniambiental.com.ar\\\/info\\\/la-argentina-y-chile-acordaron-un-plan-para-frenar-la-violencia-mapuche\\\/#primaryimage\"},\"thumbnailUrl\":\"https:\\\/\\\/patagoniambiental.com.ar\\\/info\\\/wp-content\\\/uploads\\\/2017\\\/10\\\/Sin-t\u00edtulo.jpg\",\"articleSection\":[\"Internacionales\",\"Noticias\"],\"inLanguage\":\"es\",\"potentialAction\":[{\"@type\":\"CommentAction\",\"name\":\"Comment\",\"target\":[\"https:\\\/\\\/patagoniambiental.com.ar\\\/info\\\/la-argentina-y-chile-acordaron-un-plan-para-frenar-la-violencia-mapuche\\\/#respond\"]}]},{\"@type\":\"WebPage\",\"@id\":\"https:\\\/\\\/patagoniambiental.com.ar\\\/info\\\/la-argentina-y-chile-acordaron-un-plan-para-frenar-la-violencia-mapuche\\\/\",\"url\":\"https:\\\/\\\/patagoniambiental.com.ar\\\/info\\\/la-argentina-y-chile-acordaron-un-plan-para-frenar-la-violencia-mapuche\\\/\",\"name\":\"La Argentina y Chile acordaron un plan para frenar la violencia mapuche\",\"isPartOf\":{\"@id\":\"https:\\\/\\\/patagoniambiental.com.ar\\\/info\\\/#website\"},\"primaryImageOfPage\":{\"@id\":\"https:\\\/\\\/patagoniambiental.com.ar\\\/info\\\/la-argentina-y-chile-acordaron-un-plan-para-frenar-la-violencia-mapuche\\\/#primaryimage\"},\"image\":{\"@id\":\"https:\\\/\\\/patagoniambiental.com.ar\\\/info\\\/la-argentina-y-chile-acordaron-un-plan-para-frenar-la-violencia-mapuche\\\/#primaryimage\"},\"thumbnailUrl\":\"https:\\\/\\\/patagoniambiental.com.ar\\\/info\\\/wp-content\\\/uploads\\\/2017\\\/10\\\/Sin-t\u00edtulo.jpg\",\"datePublished\":\"2017-10-02T22:00:49+00:00\",\"breadcrumb\":{\"@id\":\"https:\\\/\\\/patagoniambiental.com.ar\\\/info\\\/la-argentina-y-chile-acordaron-un-plan-para-frenar-la-violencia-mapuche\\\/#breadcrumb\"},\"inLanguage\":\"es\",\"potentialAction\":[{\"@type\":\"ReadAction\",\"target\":[\"https:\\\/\\\/patagoniambiental.com.ar\\\/info\\\/la-argentina-y-chile-acordaron-un-plan-para-frenar-la-violencia-mapuche\\\/\"]}]},{\"@type\":\"ImageObject\",\"inLanguage\":\"es\",\"@id\":\"https:\\\/\\\/patagoniambiental.com.ar\\\/info\\\/la-argentina-y-chile-acordaron-un-plan-para-frenar-la-violencia-mapuche\\\/#primaryimage\",\"url\":\"https:\\\/\\\/patagoniambiental.com.ar\\\/info\\\/wp-content\\\/uploads\\\/2017\\\/10\\\/Sin-t\u00edtulo.jpg\",\"contentUrl\":\"https:\\\/\\\/patagoniambiental.com.ar\\\/info\\\/wp-content\\\/uploads\\\/2017\\\/10\\\/Sin-t\u00edtulo.jpg\",\"width\":724,\"height\":391},{\"@type\":\"BreadcrumbList\",\"@id\":\"https:\\\/\\\/patagoniambiental.com.ar\\\/info\\\/la-argentina-y-chile-acordaron-un-plan-para-frenar-la-violencia-mapuche\\\/#breadcrumb\",\"itemListElement\":[{\"@type\":\"ListItem\",\"position\":1,\"name\":\"Inicio\",\"item\":\"https:\\\/\\\/patagoniambiental.com.ar\\\/info\\\/\"},{\"@type\":\"ListItem\",\"position\":2,\"name\":\"La Argentina y Chile acordaron un plan para frenar la violencia mapuche\"}]},{\"@type\":\"WebSite\",\"@id\":\"https:\\\/\\\/patagoniambiental.com.ar\\\/info\\\/#website\",\"url\":\"https:\\\/\\\/patagoniambiental.com.ar\\\/info\\\/\",\"name\":\"Patagonia Ambiental\",\"description\":\"Monitoreo y an\u00e1lisis de la situaci\u00f3n geopol\u00edtica en el mundo y su implicancia en la Patagonia\",\"publisher\":{\"@id\":\"https:\\\/\\\/patagoniambiental.com.ar\\\/info\\\/#organization\"},\"potentialAction\":[{\"@type\":\"SearchAction\",\"target\":{\"@type\":\"EntryPoint\",\"urlTemplate\":\"https:\\\/\\\/patagoniambiental.com.ar\\\/info\\\/?s={search_term_string}\"},\"query-input\":{\"@type\":\"PropertyValueSpecification\",\"valueRequired\":true,\"valueName\":\"search_term_string\"}}],\"inLanguage\":\"es\"},{\"@type\":\"Organization\",\"@id\":\"https:\\\/\\\/patagoniambiental.com.ar\\\/info\\\/#organization\",\"name\":\"Patagonia Ambiental\",\"url\":\"https:\\\/\\\/patagoniambiental.com.ar\\\/info\\\/\",\"logo\":{\"@type\":\"ImageObject\",\"inLanguage\":\"es\",\"@id\":\"https:\\\/\\\/patagoniambiental.com.ar\\\/info\\\/#\\\/schema\\\/logo\\\/image\\\/\",\"url\":\"https:\\\/\\\/patagoniambiental.com.ar\\\/info\\\/wp-content\\\/uploads\\\/2025\\\/05\\\/LOGO-PATAGONIA-AMBIENTAL.png\",\"contentUrl\":\"https:\\\/\\\/patagoniambiental.com.ar\\\/info\\\/wp-content\\\/uploads\\\/2025\\\/05\\\/LOGO-PATAGONIA-AMBIENTAL.png\",\"width\":433,\"height\":250,\"caption\":\"Patagonia Ambiental\"},\"image\":{\"@id\":\"https:\\\/\\\/patagoniambiental.com.ar\\\/info\\\/#\\\/schema\\\/logo\\\/image\\\/\"},\"sameAs\":[\"https:\\\/\\\/www.facebook.com\\\/patagonia.ambiental\",\"https:\\\/\\\/x.com\\\/PatAmb\"]},{\"@type\":\"Person\",\"@id\":\"https:\\\/\\\/patagoniambiental.com.ar\\\/info\\\/#\\\/schema\\\/person\\\/db12bff64bbcbf6a253710bf0ea37b5d\",\"name\":\"Patagonia Ambiental\",\"description\":\"Andr\u00e9s Nievas T\u00e9cnico en manejo ambiental, consultor Ambiental y escritor para medios locales e internacionales sobre temas de geopolitica y medio ambiente.\",\"sameAs\":[\"http:\\\/\\\/www.patagoniambiental.com.ar\",\"https:\\\/\\\/www.facebook.com\\\/share\\\/1C1V8Gv9BX\\\/?mibextid=qi2Omg\",\"@patagoniambiental\",\"https:\\\/\\\/youtube.com\\\/@patagoniaambiental2023?si=BLt58t0wuXquxlYZ\"]}]}<\/script>\n<!-- \/ Yoast SEO Premium plugin. -->","yoast_head_json":{"title":"La Argentina y Chile acordaron un plan para frenar la violencia mapuche","robots":{"index":"index","follow":"follow","max-snippet":"max-snippet:-1","max-image-preview":"max-image-preview:large","max-video-preview":"max-video-preview:-1"},"canonical":"https:\/\/patagoniambiental.com.ar\/info\/la-argentina-y-chile-acordaron-un-plan-para-frenar-la-violencia-mapuche\/","og_locale":"es_ES","og_type":"article","og_title":"La Argentina y Chile acordaron un plan para frenar la violencia mapuche","og_description":"Buenos Aires.-Se reunieron las autoridades de ambos pa\u00edses y acordaron cerrar los pasos ilegales y realizar tareas de cooperaci\u00f3n judicial; [&hellip;]","og_url":"https:\/\/patagoniambiental.com.ar\/info\/la-argentina-y-chile-acordaron-un-plan-para-frenar-la-violencia-mapuche\/","og_site_name":"Patagonia Ambiental","article_publisher":"https:\/\/www.facebook.com\/patagonia.ambiental","article_author":"https:\/\/www.facebook.com\/share\/1C1V8Gv9BX\/?mibextid=qi2Omg","article_published_time":"2017-10-02T22:00:49+00:00","og_image":[{"width":724,"height":391,"url":"https:\/\/patagoniambiental.com.ar\/info\/wp-content\/uploads\/2017\/10\/Sin-t\u00edtulo.jpg","type":"image\/jpeg"}],"author":"Patagonia Ambiental","twitter_card":"summary_large_image","twitter_creator":"@PatAmb","twitter_site":"@PatAmb","schema":{"@context":"https:\/\/schema.org","@graph":[{"@type":"Article","@id":"https:\/\/patagoniambiental.com.ar\/info\/la-argentina-y-chile-acordaron-un-plan-para-frenar-la-violencia-mapuche\/#article","isPartOf":{"@id":"https:\/\/patagoniambiental.com.ar\/info\/la-argentina-y-chile-acordaron-un-plan-para-frenar-la-violencia-mapuche\/"},"author":{"name":"Patagonia Ambiental","@id":"https:\/\/patagoniambiental.com.ar\/info\/#\/schema\/person\/db12bff64bbcbf6a253710bf0ea37b5d"},"headline":"La Argentina y Chile acordaron un plan para frenar la violencia mapuche","datePublished":"2017-10-02T22:00:49+00:00","mainEntityOfPage":{"@id":"https:\/\/patagoniambiental.com.ar\/info\/la-argentina-y-chile-acordaron-un-plan-para-frenar-la-violencia-mapuche\/"},"wordCount":885,"commentCount":0,"publisher":{"@id":"https:\/\/patagoniambiental.com.ar\/info\/#organization"},"image":{"@id":"https:\/\/patagoniambiental.com.ar\/info\/la-argentina-y-chile-acordaron-un-plan-para-frenar-la-violencia-mapuche\/#primaryimage"},"thumbnailUrl":"https:\/\/patagoniambiental.com.ar\/info\/wp-content\/uploads\/2017\/10\/Sin-t\u00edtulo.jpg","articleSection":["Internacionales","Noticias"],"inLanguage":"es","potentialAction":[{"@type":"CommentAction","name":"Comment","target":["https:\/\/patagoniambiental.com.ar\/info\/la-argentina-y-chile-acordaron-un-plan-para-frenar-la-violencia-mapuche\/#respond"]}]},{"@type":"WebPage","@id":"https:\/\/patagoniambiental.com.ar\/info\/la-argentina-y-chile-acordaron-un-plan-para-frenar-la-violencia-mapuche\/","url":"https:\/\/patagoniambiental.com.ar\/info\/la-argentina-y-chile-acordaron-un-plan-para-frenar-la-violencia-mapuche\/","name":"La Argentina y Chile acordaron un plan para frenar la violencia mapuche","isPartOf":{"@id":"https:\/\/patagoniambiental.com.ar\/info\/#website"},"primaryImageOfPage":{"@id":"https:\/\/patagoniambiental.com.ar\/info\/la-argentina-y-chile-acordaron-un-plan-para-frenar-la-violencia-mapuche\/#primaryimage"},"image":{"@id":"https:\/\/patagoniambiental.com.ar\/info\/la-argentina-y-chile-acordaron-un-plan-para-frenar-la-violencia-mapuche\/#primaryimage"},"thumbnailUrl":"https:\/\/patagoniambiental.com.ar\/info\/wp-content\/uploads\/2017\/10\/Sin-t\u00edtulo.jpg","datePublished":"2017-10-02T22:00:49+00:00","breadcrumb":{"@id":"https:\/\/patagoniambiental.com.ar\/info\/la-argentina-y-chile-acordaron-un-plan-para-frenar-la-violencia-mapuche\/#breadcrumb"},"inLanguage":"es","potentialAction":[{"@type":"ReadAction","target":["https:\/\/patagoniambiental.com.ar\/info\/la-argentina-y-chile-acordaron-un-plan-para-frenar-la-violencia-mapuche\/"]}]},{"@type":"ImageObject","inLanguage":"es","@id":"https:\/\/patagoniambiental.com.ar\/info\/la-argentina-y-chile-acordaron-un-plan-para-frenar-la-violencia-mapuche\/#primaryimage","url":"https:\/\/patagoniambiental.com.ar\/info\/wp-content\/uploads\/2017\/10\/Sin-t\u00edtulo.jpg","contentUrl":"https:\/\/patagoniambiental.com.ar\/info\/wp-content\/uploads\/2017\/10\/Sin-t\u00edtulo.jpg","width":724,"height":391},{"@type":"BreadcrumbList","@id":"https:\/\/patagoniambiental.com.ar\/info\/la-argentina-y-chile-acordaron-un-plan-para-frenar-la-violencia-mapuche\/#breadcrumb","itemListElement":[{"@type":"ListItem","position":1,"name":"Inicio","item":"https:\/\/patagoniambiental.com.ar\/info\/"},{"@type":"ListItem","position":2,"name":"La Argentina y Chile acordaron un plan para frenar la violencia mapuche"}]},{"@type":"WebSite","@id":"https:\/\/patagoniambiental.com.ar\/info\/#website","url":"https:\/\/patagoniambiental.com.ar\/info\/","name":"Patagonia Ambiental","description":"Monitoreo y an\u00e1lisis de la situaci\u00f3n geopol\u00edtica en el mundo y su implicancia en la Patagonia","publisher":{"@id":"https:\/\/patagoniambiental.com.ar\/info\/#organization"},"potentialAction":[{"@type":"SearchAction","target":{"@type":"EntryPoint","urlTemplate":"https:\/\/patagoniambiental.com.ar\/info\/?s={search_term_string}"},"query-input":{"@type":"PropertyValueSpecification","valueRequired":true,"valueName":"search_term_string"}}],"inLanguage":"es"},{"@type":"Organization","@id":"https:\/\/patagoniambiental.com.ar\/info\/#organization","name":"Patagonia Ambiental","url":"https:\/\/patagoniambiental.com.ar\/info\/","logo":{"@type":"ImageObject","inLanguage":"es","@id":"https:\/\/patagoniambiental.com.ar\/info\/#\/schema\/logo\/image\/","url":"https:\/\/patagoniambiental.com.ar\/info\/wp-content\/uploads\/2025\/05\/LOGO-PATAGONIA-AMBIENTAL.png","contentUrl":"https:\/\/patagoniambiental.com.ar\/info\/wp-content\/uploads\/2025\/05\/LOGO-PATAGONIA-AMBIENTAL.png","width":433,"height":250,"caption":"Patagonia Ambiental"},"image":{"@id":"https:\/\/patagoniambiental.com.ar\/info\/#\/schema\/logo\/image\/"},"sameAs":["https:\/\/www.facebook.com\/patagonia.ambiental","https:\/\/x.com\/PatAmb"]},{"@type":"Person","@id":"https:\/\/patagoniambiental.com.ar\/info\/#\/schema\/person\/db12bff64bbcbf6a253710bf0ea37b5d","name":"Patagonia Ambiental","description":"Andr\u00e9s Nievas T\u00e9cnico en manejo ambiental, consultor Ambiental y escritor para medios locales e internacionales sobre temas de geopolitica y medio ambiente.","sameAs":["http:\/\/www.patagoniambiental.com.ar","https:\/\/www.facebook.com\/share\/1C1V8Gv9BX\/?mibextid=qi2Omg","@patagoniambiental","https:\/\/youtube.com\/@patagoniaambiental2023?si=BLt58t0wuXquxlYZ"]}]}},"_links":{"self":[{"href":"https:\/\/patagoniambiental.com.ar\/info\/wp-json\/wp\/v2\/posts\/35784","targetHints":{"allow":["GET"]}}],"collection":[{"href":"https:\/\/patagoniambiental.com.ar\/info\/wp-json\/wp\/v2\/posts"}],"about":[{"href":"https:\/\/patagoniambiental.com.ar\/info\/wp-json\/wp\/v2\/types\/post"}],"author":[{"embeddable":true,"href":"https:\/\/patagoniambiental.com.ar\/info\/wp-json\/wp\/v2\/users\/2"}],"replies":[{"embeddable":true,"href":"https:\/\/patagoniambiental.com.ar\/info\/wp-json\/wp\/v2\/comments?post=35784"}],"version-history":[{"count":0,"href":"https:\/\/patagoniambiental.com.ar\/info\/wp-json\/wp\/v2\/posts\/35784\/revisions"}],"wp:featuredmedia":[{"embeddable":true,"href":"https:\/\/patagoniambiental.com.ar\/info\/wp-json\/wp\/v2\/media\/35785"}],"wp:attachment":[{"href":"https:\/\/patagoniambiental.com.ar\/info\/wp-json\/wp\/v2\/media?parent=35784"}],"wp:term":[{"taxonomy":"category","embeddable":true,"href":"https:\/\/patagoniambiental.com.ar\/info\/wp-json\/wp\/v2\/categories?post=35784"},{"taxonomy":"post_tag","embeddable":true,"href":"https:\/\/patagoniambiental.com.ar\/info\/wp-json\/wp\/v2\/tags?post=35784"}],"curies":[{"name":"wp","href":"https:\/\/api.w.org\/{rel}","templated":true}]}}