{"id":35792,"date":"2017-10-02T19:00:59","date_gmt":"2017-10-02T22:00:59","guid":{"rendered":"http:\/\/patagoniambiental.com.ar\/info\/?p=35792"},"modified":"2017-10-02T10:34:39","modified_gmt":"2017-10-02T13:34:39","slug":"mapuches-declaran-persona-no-grata-al-senador-pichetto","status":"publish","type":"post","link":"https:\/\/patagoniambiental.com.ar\/info\/mapuches-declaran-persona-no-grata-al-senador-pichetto\/","title":{"rendered":"Mapuches declaran \u201cpersona no grata\u201d al senador Pichetto"},"content":{"rendered":"<div class=\"entry-meta postmeta clearfix\"><\/div>\n<p>El Parlamento del Pueblo Mapuche Tehuelche de R\u00edo Negro declar\u00f3 persona no grata al senador nacional Miguel \u00c1ngel Pichetto, quien los acus\u00f3 de estar vinculados a organizaciones violentas y adem\u00e1s cuestion\u00f3 la existencia del territorio sagrado.<!--more--><\/p>\n<p>De esta manera Ignacio Prafil respondi\u00f3 al legislador rionegrino del PJ, en declaraciones formuladas a El Vespertino de Radio Seis, de Bariloche.<\/p>\n<p><img fetchpriority=\"high\" decoding=\"async\" class=\"attachment-post-thumbnail  wp-post-image\" src=\"https:\/\/www.adnrionegro.com.ar\/wp-content\/uploads\/2017\/09\/Prafil-Mapuche-e1506684032578.jpg\" sizes=\"(max-width: 738px) 100vw, 738px\" srcset=\"https:\/\/i0.wp.com\/www.adnrionegro.com.ar\/wp-content\/uploads\/2017\/09\/Prafil-Mapuche-e1506684032578.jpg?w=738&amp;ssl=1 738w, https:\/\/i0.wp.com\/www.adnrionegro.com.ar\/wp-content\/uploads\/2017\/09\/Prafil-Mapuche-e1506684032578.jpg?resize=300%2C201&amp;ssl=1 300w\" alt=\"\" width=\"710\" height=\"475\" data-attachment-id=\"185348\" data-permalink=\"https:\/\/www.adnrionegro.com.ar\/2017\/09\/mapuches-declaran-persona-no-grata-al-senador-pichetto\/prafil-mapuche\/\" data-orig-file=\"https:\/\/i0.wp.com\/www.adnrionegro.com.ar\/wp-content\/uploads\/2017\/09\/Prafil-Mapuche-e1506684032578.jpg?fit=738%2C494&amp;ssl=1\" data-orig-size=\"738,494\" data-comments-opened=\"0\" data-image-meta=\"{&quot;aperture&quot;:&quot;0&quot;,&quot;credit&quot;:&quot;&quot;,&quot;camera&quot;:&quot;&quot;,&quot;caption&quot;:&quot;&quot;,&quot;created_timestamp&quot;:&quot;0&quot;,&quot;copyright&quot;:&quot;&quot;,&quot;focal_length&quot;:&quot;0&quot;,&quot;iso&quot;:&quot;0&quot;,&quot;shutter_speed&quot;:&quot;0&quot;,&quot;title&quot;:&quot;&quot;,&quot;orientation&quot;:&quot;0&quot;}\" data-image-title=\"Prafil-Mapuche\" data-image-description=\"\" data-medium-file=\"https:\/\/i0.wp.com\/www.adnrionegro.com.ar\/wp-content\/uploads\/2017\/09\/Prafil-Mapuche-e1506684032578.jpg?fit=300%2C201&amp;ssl=1\" data-large-file=\"https:\/\/i0.wp.com\/www.adnrionegro.com.ar\/wp-content\/uploads\/2017\/09\/Prafil-Mapuche-e1506684032578.jpg?fit=738%2C494&amp;ssl=1\" \/><\/p>\n<div class=\"entry clearfix\">\n<p>&nbsp;<\/p>\n<p>Pichetto expuso durante la sesi\u00f3n del Senado que vot\u00f3 el mi\u00e9rcoles la pr\u00f3rroga de emergencia territorial que evita los desalojos en sus asentamientos, donde se\u00f1al\u00f3 que en la Patagonia \u201cno hay tierra sagrada\u201d y que \u201cno puede haber ning\u00fan espacio de tierra en el territorio argentino que no est\u00e9 bajo las autoridades de la Argentina\u201d. Tambi\u00e9n en declaraciones period\u00edstica hab\u00eda comparado al grupo RAM con Sendero Luminoso y denunci\u00f3 \u201cpromontonerismo\u201d<\/p>\n<p>Ignacio Prafil repudi\u00f3 los dichos de Pichetto y rechaz\u00f3 que \u201cnos venga a decir que somos como montoneros\u2026\u201d y explic\u00f3 que \u201csiempre los pueblos originarios tuvimos sitios sagrados\u201d como otras culturas que conviven en Argentina.<\/p>\n<p>\u201cNosotros lo declaramos persona no grata porque ya no podemos bancar a cierta gente pol\u00edtica que no est\u00e9 a la altura de lo que son los derechos fundamentales de los pueblos originarios. Por todo lo dicho ya no podemos bancar esta discriminaci\u00f3n, este racismo, esta xenofobia constante\u2026 y despu\u00e9s dice que \u00e9l lucha por la justicia social\u201d, dijo Ignacio Prafil y aclar\u00f3 que \u201csi \u00e9l no quiere tener nunca m\u00e1s un di\u00e1logo con nosotros, est\u00e1 todo bien, nosotros no le estamos pidiendo ning\u00fan favor\u201d.<\/p>\n<p>(Foto: Bariloche2000)<\/p>\n<p>Fuente: https:\/\/www.adnrionegro.com.ar\/2017\/09\/mapuches-declaran-persona-no-grata-al-senador-pichetto\/<\/p>\n<\/div>\n","protected":false},"excerpt":{"rendered":"<p>El Parlamento del Pueblo Mapuche Tehuelche de R\u00edo Negro declar\u00f3 persona no grata al senador nacional Miguel \u00c1ngel Pichetto, quien [&hellip;]<\/p>\n","protected":false},"author":2,"featured_media":35793,"comment_status":"open","ping_status":"open","sticky":false,"template":"","format":"standard","meta":{"site-sidebar-layout":"default","site-content-layout":"","ast-site-content-layout":"default","site-content-style":"default","site-sidebar-style":"default","ast-global-header-display":"","ast-banner-title-visibility":"","ast-main-header-display":"","ast-hfb-above-header-display":"","ast-hfb-below-header-display":"","ast-hfb-mobile-header-display":"","site-post-title":"","ast-breadcrumbs-content":"","ast-featured-img":"","footer-sml-layout":"","ast-disable-related-posts":"","theme-transparent-header-meta":"","adv-header-id-meta":"","stick-header-meta":"","header-above-stick-meta":"","header-main-stick-meta":"","header-below-stick-meta":"","astra-migrate-meta-layouts":"default","ast-page-background-enabled":"default","ast-page-background-meta":{"desktop":{"background-color":"var(--ast-global-color-5)","background-image":"","background-repeat":"repeat","background-position":"center center","background-size":"auto","background-attachment":"scroll","background-type":"","background-media":"","overlay-type":"","overlay-color":"","overlay-opacity":"","overlay-gradient":""},"tablet":{"background-color":"","background-image":"","background-repeat":"repeat","background-position":"center center","background-size":"auto","background-attachment":"scroll","background-type":"","background-media":"","overlay-type":"","overlay-color":"","overlay-opacity":"","overlay-gradient":""},"mobile":{"background-color":"","background-image":"","background-repeat":"repeat","background-position":"center center","background-size":"auto","background-attachment":"scroll","background-type":"","background-media":"","overlay-type":"","overlay-color":"","overlay-opacity":"","overlay-gradient":""}},"ast-content-background-meta":{"desktop":{"background-color":"var(--ast-global-color-4)","background-image":"","background-repeat":"repeat","background-position":"center center","background-size":"auto","background-attachment":"scroll","background-type":"","background-media":"","overlay-type":"","overlay-color":"","overlay-opacity":"","overlay-gradient":""},"tablet":{"background-color":"var(--ast-global-color-4)","background-image":"","background-repeat":"repeat","background-position":"center center","background-size":"auto","background-attachment":"scroll","background-type":"","background-media":"","overlay-type":"","overlay-color":"","overlay-opacity":"","overlay-gradient":""},"mobile":{"background-color":"var(--ast-global-color-4)","background-image":"","background-repeat":"repeat","background-position":"center center","background-size":"auto","background-attachment":"scroll","background-type":"","background-media":"","overlay-type":"","overlay-color":"","overlay-opacity":"","overlay-gradient":""}},"footnotes":""},"categories":[1,13,14],"tags":[],"class_list":["post-35792","post","type-post","status-publish","format-standard","has-post-thumbnail","hentry","category-noticias","category-provinciales","category-rio-negro"],"yoast_head":"<!-- This site is optimized with the Yoast SEO Premium plugin v23.0 (Yoast SEO v27.5) - https:\/\/yoast.com\/product\/yoast-seo-premium-wordpress\/ -->\n<title>Mapuches declaran \u201cpersona no grata\u201d al senador Pichetto<\/title>\n<meta name=\"robots\" content=\"index, follow, max-snippet:-1, max-image-preview:large, max-video-preview:-1\" \/>\n<link rel=\"canonical\" href=\"https:\/\/patagoniambiental.com.ar\/info\/mapuches-declaran-persona-no-grata-al-senador-pichetto\/\" \/>\n<meta property=\"og:locale\" content=\"es_ES\" \/>\n<meta property=\"og:type\" content=\"article\" \/>\n<meta property=\"og:title\" content=\"Mapuches declaran \u201cpersona no grata\u201d al senador Pichetto\" \/>\n<meta property=\"og:description\" content=\"El Parlamento del Pueblo Mapuche Tehuelche de R\u00edo Negro declar\u00f3 persona no grata al senador nacional Miguel \u00c1ngel Pichetto, quien [&hellip;]\" \/>\n<meta property=\"og:url\" content=\"https:\/\/patagoniambiental.com.ar\/info\/mapuches-declaran-persona-no-grata-al-senador-pichetto\/\" \/>\n<meta property=\"og:site_name\" content=\"Patagonia Ambiental\" \/>\n<meta property=\"article:publisher\" content=\"https:\/\/www.facebook.com\/patagonia.ambiental\" \/>\n<meta property=\"article:author\" content=\"https:\/\/www.facebook.com\/share\/1C1V8Gv9BX\/?mibextid=qi2Omg\" \/>\n<meta property=\"article:published_time\" content=\"2017-10-02T22:00:59+00:00\" \/>\n<meta property=\"og:image\" content=\"https:\/\/patagoniambiental.com.ar\/info\/wp-content\/uploads\/2017\/10\/Prafil-Mapuche-e1506684032578.jpg\" \/>\n\t<meta property=\"og:image:width\" content=\"738\" \/>\n\t<meta property=\"og:image:height\" content=\"494\" \/>\n\t<meta property=\"og:image:type\" content=\"image\/jpeg\" \/>\n<meta name=\"author\" content=\"Patagonia Ambiental\" \/>\n<meta name=\"twitter:card\" content=\"summary_large_image\" \/>\n<meta name=\"twitter:creator\" content=\"@PatAmb\" \/>\n<meta name=\"twitter:site\" content=\"@PatAmb\" \/>\n<script type=\"application\/ld+json\" class=\"yoast-schema-graph\">{\"@context\":\"https:\\\/\\\/schema.org\",\"@graph\":[{\"@type\":\"Article\",\"@id\":\"https:\\\/\\\/patagoniambiental.com.ar\\\/info\\\/mapuches-declaran-persona-no-grata-al-senador-pichetto\\\/#article\",\"isPartOf\":{\"@id\":\"https:\\\/\\\/patagoniambiental.com.ar\\\/info\\\/mapuches-declaran-persona-no-grata-al-senador-pichetto\\\/\"},\"author\":{\"name\":\"Patagonia Ambiental\",\"@id\":\"https:\\\/\\\/patagoniambiental.com.ar\\\/info\\\/#\\\/schema\\\/person\\\/db12bff64bbcbf6a253710bf0ea37b5d\"},\"headline\":\"Mapuches declaran \u201cpersona no grata\u201d al senador Pichetto\",\"datePublished\":\"2017-10-02T22:00:59+00:00\",\"mainEntityOfPage\":{\"@id\":\"https:\\\/\\\/patagoniambiental.com.ar\\\/info\\\/mapuches-declaran-persona-no-grata-al-senador-pichetto\\\/\"},\"wordCount\":281,\"commentCount\":0,\"publisher\":{\"@id\":\"https:\\\/\\\/patagoniambiental.com.ar\\\/info\\\/#organization\"},\"image\":{\"@id\":\"https:\\\/\\\/patagoniambiental.com.ar\\\/info\\\/mapuches-declaran-persona-no-grata-al-senador-pichetto\\\/#primaryimage\"},\"thumbnailUrl\":\"https:\\\/\\\/patagoniambiental.com.ar\\\/info\\\/wp-content\\\/uploads\\\/2017\\\/10\\\/Prafil-Mapuche-e1506684032578.jpg\",\"articleSection\":[\"Noticias\",\"Provinciales\",\"R\u00edo Negro\"],\"inLanguage\":\"es\",\"potentialAction\":[{\"@type\":\"CommentAction\",\"name\":\"Comment\",\"target\":[\"https:\\\/\\\/patagoniambiental.com.ar\\\/info\\\/mapuches-declaran-persona-no-grata-al-senador-pichetto\\\/#respond\"]}]},{\"@type\":\"WebPage\",\"@id\":\"https:\\\/\\\/patagoniambiental.com.ar\\\/info\\\/mapuches-declaran-persona-no-grata-al-senador-pichetto\\\/\",\"url\":\"https:\\\/\\\/patagoniambiental.com.ar\\\/info\\\/mapuches-declaran-persona-no-grata-al-senador-pichetto\\\/\",\"name\":\"Mapuches declaran \u201cpersona no grata\u201d al senador Pichetto\",\"isPartOf\":{\"@id\":\"https:\\\/\\\/patagoniambiental.com.ar\\\/info\\\/#website\"},\"primaryImageOfPage\":{\"@id\":\"https:\\\/\\\/patagoniambiental.com.ar\\\/info\\\/mapuches-declaran-persona-no-grata-al-senador-pichetto\\\/#primaryimage\"},\"image\":{\"@id\":\"https:\\\/\\\/patagoniambiental.com.ar\\\/info\\\/mapuches-declaran-persona-no-grata-al-senador-pichetto\\\/#primaryimage\"},\"thumbnailUrl\":\"https:\\\/\\\/patagoniambiental.com.ar\\\/info\\\/wp-content\\\/uploads\\\/2017\\\/10\\\/Prafil-Mapuche-e1506684032578.jpg\",\"datePublished\":\"2017-10-02T22:00:59+00:00\",\"breadcrumb\":{\"@id\":\"https:\\\/\\\/patagoniambiental.com.ar\\\/info\\\/mapuches-declaran-persona-no-grata-al-senador-pichetto\\\/#breadcrumb\"},\"inLanguage\":\"es\",\"potentialAction\":[{\"@type\":\"ReadAction\",\"target\":[\"https:\\\/\\\/patagoniambiental.com.ar\\\/info\\\/mapuches-declaran-persona-no-grata-al-senador-pichetto\\\/\"]}]},{\"@type\":\"ImageObject\",\"inLanguage\":\"es\",\"@id\":\"https:\\\/\\\/patagoniambiental.com.ar\\\/info\\\/mapuches-declaran-persona-no-grata-al-senador-pichetto\\\/#primaryimage\",\"url\":\"https:\\\/\\\/patagoniambiental.com.ar\\\/info\\\/wp-content\\\/uploads\\\/2017\\\/10\\\/Prafil-Mapuche-e1506684032578.jpg\",\"contentUrl\":\"https:\\\/\\\/patagoniambiental.com.ar\\\/info\\\/wp-content\\\/uploads\\\/2017\\\/10\\\/Prafil-Mapuche-e1506684032578.jpg\",\"width\":738,\"height\":494},{\"@type\":\"BreadcrumbList\",\"@id\":\"https:\\\/\\\/patagoniambiental.com.ar\\\/info\\\/mapuches-declaran-persona-no-grata-al-senador-pichetto\\\/#breadcrumb\",\"itemListElement\":[{\"@type\":\"ListItem\",\"position\":1,\"name\":\"Inicio\",\"item\":\"https:\\\/\\\/patagoniambiental.com.ar\\\/info\\\/\"},{\"@type\":\"ListItem\",\"position\":2,\"name\":\"Mapuches declaran \u201cpersona no grata\u201d al senador Pichetto\"}]},{\"@type\":\"WebSite\",\"@id\":\"https:\\\/\\\/patagoniambiental.com.ar\\\/info\\\/#website\",\"url\":\"https:\\\/\\\/patagoniambiental.com.ar\\\/info\\\/\",\"name\":\"Patagonia Ambiental\",\"description\":\"Monitoreo y an\u00e1lisis de la situaci\u00f3n geopol\u00edtica en el mundo y su implicancia en la Patagonia\",\"publisher\":{\"@id\":\"https:\\\/\\\/patagoniambiental.com.ar\\\/info\\\/#organization\"},\"potentialAction\":[{\"@type\":\"SearchAction\",\"target\":{\"@type\":\"EntryPoint\",\"urlTemplate\":\"https:\\\/\\\/patagoniambiental.com.ar\\\/info\\\/?s={search_term_string}\"},\"query-input\":{\"@type\":\"PropertyValueSpecification\",\"valueRequired\":true,\"valueName\":\"search_term_string\"}}],\"inLanguage\":\"es\"},{\"@type\":\"Organization\",\"@id\":\"https:\\\/\\\/patagoniambiental.com.ar\\\/info\\\/#organization\",\"name\":\"Patagonia Ambiental\",\"url\":\"https:\\\/\\\/patagoniambiental.com.ar\\\/info\\\/\",\"logo\":{\"@type\":\"ImageObject\",\"inLanguage\":\"es\",\"@id\":\"https:\\\/\\\/patagoniambiental.com.ar\\\/info\\\/#\\\/schema\\\/logo\\\/image\\\/\",\"url\":\"https:\\\/\\\/patagoniambiental.com.ar\\\/info\\\/wp-content\\\/uploads\\\/2025\\\/05\\\/LOGO-PATAGONIA-AMBIENTAL.png\",\"contentUrl\":\"https:\\\/\\\/patagoniambiental.com.ar\\\/info\\\/wp-content\\\/uploads\\\/2025\\\/05\\\/LOGO-PATAGONIA-AMBIENTAL.png\",\"width\":433,\"height\":250,\"caption\":\"Patagonia Ambiental\"},\"image\":{\"@id\":\"https:\\\/\\\/patagoniambiental.com.ar\\\/info\\\/#\\\/schema\\\/logo\\\/image\\\/\"},\"sameAs\":[\"https:\\\/\\\/www.facebook.com\\\/patagonia.ambiental\",\"https:\\\/\\\/x.com\\\/PatAmb\"]},{\"@type\":\"Person\",\"@id\":\"https:\\\/\\\/patagoniambiental.com.ar\\\/info\\\/#\\\/schema\\\/person\\\/db12bff64bbcbf6a253710bf0ea37b5d\",\"name\":\"Patagonia Ambiental\",\"description\":\"Andr\u00e9s Nievas T\u00e9cnico en manejo ambiental, consultor Ambiental y escritor para medios locales e internacionales sobre temas de geopolitica y medio ambiente.\",\"sameAs\":[\"http:\\\/\\\/www.patagoniambiental.com.ar\",\"https:\\\/\\\/www.facebook.com\\\/share\\\/1C1V8Gv9BX\\\/?mibextid=qi2Omg\",\"@patagoniambiental\",\"https:\\\/\\\/youtube.com\\\/@patagoniaambiental2023?si=BLt58t0wuXquxlYZ\"]}]}<\/script>\n<!-- \/ Yoast SEO Premium plugin. -->","yoast_head_json":{"title":"Mapuches declaran \u201cpersona no grata\u201d al senador Pichetto","robots":{"index":"index","follow":"follow","max-snippet":"max-snippet:-1","max-image-preview":"max-image-preview:large","max-video-preview":"max-video-preview:-1"},"canonical":"https:\/\/patagoniambiental.com.ar\/info\/mapuches-declaran-persona-no-grata-al-senador-pichetto\/","og_locale":"es_ES","og_type":"article","og_title":"Mapuches declaran \u201cpersona no grata\u201d al senador Pichetto","og_description":"El Parlamento del Pueblo Mapuche Tehuelche de R\u00edo Negro declar\u00f3 persona no grata al senador nacional Miguel \u00c1ngel Pichetto, quien [&hellip;]","og_url":"https:\/\/patagoniambiental.com.ar\/info\/mapuches-declaran-persona-no-grata-al-senador-pichetto\/","og_site_name":"Patagonia Ambiental","article_publisher":"https:\/\/www.facebook.com\/patagonia.ambiental","article_author":"https:\/\/www.facebook.com\/share\/1C1V8Gv9BX\/?mibextid=qi2Omg","article_published_time":"2017-10-02T22:00:59+00:00","og_image":[{"width":738,"height":494,"url":"https:\/\/patagoniambiental.com.ar\/info\/wp-content\/uploads\/2017\/10\/Prafil-Mapuche-e1506684032578.jpg","type":"image\/jpeg"}],"author":"Patagonia Ambiental","twitter_card":"summary_large_image","twitter_creator":"@PatAmb","twitter_site":"@PatAmb","schema":{"@context":"https:\/\/schema.org","@graph":[{"@type":"Article","@id":"https:\/\/patagoniambiental.com.ar\/info\/mapuches-declaran-persona-no-grata-al-senador-pichetto\/#article","isPartOf":{"@id":"https:\/\/patagoniambiental.com.ar\/info\/mapuches-declaran-persona-no-grata-al-senador-pichetto\/"},"author":{"name":"Patagonia Ambiental","@id":"https:\/\/patagoniambiental.com.ar\/info\/#\/schema\/person\/db12bff64bbcbf6a253710bf0ea37b5d"},"headline":"Mapuches declaran \u201cpersona no grata\u201d al senador Pichetto","datePublished":"2017-10-02T22:00:59+00:00","mainEntityOfPage":{"@id":"https:\/\/patagoniambiental.com.ar\/info\/mapuches-declaran-persona-no-grata-al-senador-pichetto\/"},"wordCount":281,"commentCount":0,"publisher":{"@id":"https:\/\/patagoniambiental.com.ar\/info\/#organization"},"image":{"@id":"https:\/\/patagoniambiental.com.ar\/info\/mapuches-declaran-persona-no-grata-al-senador-pichetto\/#primaryimage"},"thumbnailUrl":"https:\/\/patagoniambiental.com.ar\/info\/wp-content\/uploads\/2017\/10\/Prafil-Mapuche-e1506684032578.jpg","articleSection":["Noticias","Provinciales","R\u00edo Negro"],"inLanguage":"es","potentialAction":[{"@type":"CommentAction","name":"Comment","target":["https:\/\/patagoniambiental.com.ar\/info\/mapuches-declaran-persona-no-grata-al-senador-pichetto\/#respond"]}]},{"@type":"WebPage","@id":"https:\/\/patagoniambiental.com.ar\/info\/mapuches-declaran-persona-no-grata-al-senador-pichetto\/","url":"https:\/\/patagoniambiental.com.ar\/info\/mapuches-declaran-persona-no-grata-al-senador-pichetto\/","name":"Mapuches declaran \u201cpersona no grata\u201d al senador Pichetto","isPartOf":{"@id":"https:\/\/patagoniambiental.com.ar\/info\/#website"},"primaryImageOfPage":{"@id":"https:\/\/patagoniambiental.com.ar\/info\/mapuches-declaran-persona-no-grata-al-senador-pichetto\/#primaryimage"},"image":{"@id":"https:\/\/patagoniambiental.com.ar\/info\/mapuches-declaran-persona-no-grata-al-senador-pichetto\/#primaryimage"},"thumbnailUrl":"https:\/\/patagoniambiental.com.ar\/info\/wp-content\/uploads\/2017\/10\/Prafil-Mapuche-e1506684032578.jpg","datePublished":"2017-10-02T22:00:59+00:00","breadcrumb":{"@id":"https:\/\/patagoniambiental.com.ar\/info\/mapuches-declaran-persona-no-grata-al-senador-pichetto\/#breadcrumb"},"inLanguage":"es","potentialAction":[{"@type":"ReadAction","target":["https:\/\/patagoniambiental.com.ar\/info\/mapuches-declaran-persona-no-grata-al-senador-pichetto\/"]}]},{"@type":"ImageObject","inLanguage":"es","@id":"https:\/\/patagoniambiental.com.ar\/info\/mapuches-declaran-persona-no-grata-al-senador-pichetto\/#primaryimage","url":"https:\/\/patagoniambiental.com.ar\/info\/wp-content\/uploads\/2017\/10\/Prafil-Mapuche-e1506684032578.jpg","contentUrl":"https:\/\/patagoniambiental.com.ar\/info\/wp-content\/uploads\/2017\/10\/Prafil-Mapuche-e1506684032578.jpg","width":738,"height":494},{"@type":"BreadcrumbList","@id":"https:\/\/patagoniambiental.com.ar\/info\/mapuches-declaran-persona-no-grata-al-senador-pichetto\/#breadcrumb","itemListElement":[{"@type":"ListItem","position":1,"name":"Inicio","item":"https:\/\/patagoniambiental.com.ar\/info\/"},{"@type":"ListItem","position":2,"name":"Mapuches declaran \u201cpersona no grata\u201d al senador Pichetto"}]},{"@type":"WebSite","@id":"https:\/\/patagoniambiental.com.ar\/info\/#website","url":"https:\/\/patagoniambiental.com.ar\/info\/","name":"Patagonia Ambiental","description":"Monitoreo y an\u00e1lisis de la situaci\u00f3n geopol\u00edtica en el mundo y su implicancia en la Patagonia","publisher":{"@id":"https:\/\/patagoniambiental.com.ar\/info\/#organization"},"potentialAction":[{"@type":"SearchAction","target":{"@type":"EntryPoint","urlTemplate":"https:\/\/patagoniambiental.com.ar\/info\/?s={search_term_string}"},"query-input":{"@type":"PropertyValueSpecification","valueRequired":true,"valueName":"search_term_string"}}],"inLanguage":"es"},{"@type":"Organization","@id":"https:\/\/patagoniambiental.com.ar\/info\/#organization","name":"Patagonia Ambiental","url":"https:\/\/patagoniambiental.com.ar\/info\/","logo":{"@type":"ImageObject","inLanguage":"es","@id":"https:\/\/patagoniambiental.com.ar\/info\/#\/schema\/logo\/image\/","url":"https:\/\/patagoniambiental.com.ar\/info\/wp-content\/uploads\/2025\/05\/LOGO-PATAGONIA-AMBIENTAL.png","contentUrl":"https:\/\/patagoniambiental.com.ar\/info\/wp-content\/uploads\/2025\/05\/LOGO-PATAGONIA-AMBIENTAL.png","width":433,"height":250,"caption":"Patagonia Ambiental"},"image":{"@id":"https:\/\/patagoniambiental.com.ar\/info\/#\/schema\/logo\/image\/"},"sameAs":["https:\/\/www.facebook.com\/patagonia.ambiental","https:\/\/x.com\/PatAmb"]},{"@type":"Person","@id":"https:\/\/patagoniambiental.com.ar\/info\/#\/schema\/person\/db12bff64bbcbf6a253710bf0ea37b5d","name":"Patagonia Ambiental","description":"Andr\u00e9s Nievas T\u00e9cnico en manejo ambiental, consultor Ambiental y escritor para medios locales e internacionales sobre temas de geopolitica y medio ambiente.","sameAs":["http:\/\/www.patagoniambiental.com.ar","https:\/\/www.facebook.com\/share\/1C1V8Gv9BX\/?mibextid=qi2Omg","@patagoniambiental","https:\/\/youtube.com\/@patagoniaambiental2023?si=BLt58t0wuXquxlYZ"]}]}},"_links":{"self":[{"href":"https:\/\/patagoniambiental.com.ar\/info\/wp-json\/wp\/v2\/posts\/35792","targetHints":{"allow":["GET"]}}],"collection":[{"href":"https:\/\/patagoniambiental.com.ar\/info\/wp-json\/wp\/v2\/posts"}],"about":[{"href":"https:\/\/patagoniambiental.com.ar\/info\/wp-json\/wp\/v2\/types\/post"}],"author":[{"embeddable":true,"href":"https:\/\/patagoniambiental.com.ar\/info\/wp-json\/wp\/v2\/users\/2"}],"replies":[{"embeddable":true,"href":"https:\/\/patagoniambiental.com.ar\/info\/wp-json\/wp\/v2\/comments?post=35792"}],"version-history":[{"count":0,"href":"https:\/\/patagoniambiental.com.ar\/info\/wp-json\/wp\/v2\/posts\/35792\/revisions"}],"wp:featuredmedia":[{"embeddable":true,"href":"https:\/\/patagoniambiental.com.ar\/info\/wp-json\/wp\/v2\/media\/35793"}],"wp:attachment":[{"href":"https:\/\/patagoniambiental.com.ar\/info\/wp-json\/wp\/v2\/media?parent=35792"}],"wp:term":[{"taxonomy":"category","embeddable":true,"href":"https:\/\/patagoniambiental.com.ar\/info\/wp-json\/wp\/v2\/categories?post=35792"},{"taxonomy":"post_tag","embeddable":true,"href":"https:\/\/patagoniambiental.com.ar\/info\/wp-json\/wp\/v2\/tags?post=35792"}],"curies":[{"name":"wp","href":"https:\/\/api.w.org\/{rel}","templated":true}]}}