{"id":35802,"date":"2017-10-02T19:00:29","date_gmt":"2017-10-02T22:00:29","guid":{"rendered":"http:\/\/patagoniambiental.com.ar\/info\/?p=35802"},"modified":"2017-10-02T12:30:24","modified_gmt":"2017-10-02T15:30:24","slug":"el-gobierno-rionegrino-ratifico-que-el-nuevo-codigo-de-tierras-no-pone-en-riesgo-el-territorio-de-pueblos-originarios","status":"publish","type":"post","link":"https:\/\/patagoniambiental.com.ar\/info\/el-gobierno-rionegrino-ratifico-que-el-nuevo-codigo-de-tierras-no-pone-en-riesgo-el-territorio-de-pueblos-originarios\/","title":{"rendered":"El Gobierno rionegrino ratific\u00f3 que el nuevo C\u00f3digo de Tierras no pone en riesgo el territorio de pueblos originarios\u00a0\u00a0"},"content":{"rendered":"<p class=\"x_MsoNormal\"><i>Viedma.-Desde la Direcci\u00f3n de Tierras, se asegur\u00f3 que \u201cnunca se tuvo la pol\u00edtica de desalojar alguna comunidad\u201d y se afirm\u00f3 que \u201cdentro del proyecto del nuevo C\u00f3digo de Tierras hay un art\u00edculo que establece que no se va a poder regularizar ninguna tierra si existe un reclamo del pueblo originario\u201d.<\/i><!--more--><\/p>\n<p class=\"x_MsoNormal\">\n<p class=\"x_MsoNormal\">En tal sentido, el director de Tierras, Diego Lawrie, destac\u00f3 que con la pr\u00f3rroga de la ley 26160 de relevamiento de las comunidades originarias, que aprob\u00f3 el Senado d\u00edas atr\u00e1s, seguramente se retomar\u00e1 esta tarea que en la provincia ya se hizo aproximadamente en un 50%.<\/p>\n<p class=\"x_MsoNormal\">Sobre el pronunciamiento en contra del Parlamento Mapuche al proyecto del C\u00f3digo de Tierras, se\u00f1al\u00f3 en declaraciones a FM Nativa de Viedma que \u201chay temores que son falsos, no es cierto que esta ley favorezca la extranjerizaci\u00f3n de la tierra o la megaminer\u00eda, o que se va a sacar a la gente del territorio\u201d.<\/p>\n<p class=\"x_MsoNormal\">Expres\u00f3 en este sentido que desde el \u00e1rea a su cargo, que depende del Ministerio de Gobierno, desde ha tiempo que \u201cestamos evacuando las dudas\u201d,\u00a0\u00a0aunque clarific\u00f3 que los reclamos y aportes deben dirigirse a la Legislatura que es el \u00e1mbito donde hoy est\u00e1 en debate el proyecto.<\/p>\n<p class=\"x_MsoNormal\">Clarific\u00f3 que \u201ctenemos familias de cuarta o quinta generaci\u00f3n en el campo y tienen un expediente que es su historia, y obviamente desde el Estado no las vamos a sacar del territorio\u201d.<\/p>\n<p class=\"x_MsoNormal\">Sobre la pr\u00f3rroga de la ley 26160, record\u00f3 que la vigencia de esta norma paraliza cualquier acci\u00f3n judicial o administrativa de desalojo, si bien en R\u00edo Negro \u201cnunca se tuvo la pol\u00edtica de desalojar alguna comunidad\u201d y el nuevo C\u00f3digo de Tierras resguarda ese derecho de los pueblos originarios.<\/p>\n<p class=\"x_MsoNormal\">Finalmente, explic\u00f3 que \u201csi un pueblo originario tiene un conflicto con un tercero y cree que tiene derecho sobre esa tierra, hasta que no se resuelva esa cuesti\u00f3n de fondo, el particular o el tercero no va\u00a0\u00a0a poder regularizar o se va a tener que retirar del lugar porque tiene derecho el pueblo originario\u201d.<\/p>\n<p><b><span lang=\"ES-AR\">Fuente: GOBIERNO DE R\u00cdO NEGRO<\/span><\/b><\/p>\n","protected":false},"excerpt":{"rendered":"<p>Viedma.-Desde la Direcci\u00f3n de Tierras, se asegur\u00f3 que \u201cnunca se tuvo la pol\u00edtica de desalojar alguna comunidad\u201d y se afirm\u00f3 [&hellip;]<\/p>\n","protected":false},"author":2,"featured_media":28955,"comment_status":"open","ping_status":"open","sticky":false,"template":"","format":"standard","meta":{"site-sidebar-layout":"default","site-content-layout":"","ast-site-content-layout":"default","site-content-style":"default","site-sidebar-style":"default","ast-global-header-display":"","ast-banner-title-visibility":"","ast-main-header-display":"","ast-hfb-above-header-display":"","ast-hfb-below-header-display":"","ast-hfb-mobile-header-display":"","site-post-title":"","ast-breadcrumbs-content":"","ast-featured-img":"","footer-sml-layout":"","ast-disable-related-posts":"","theme-transparent-header-meta":"","adv-header-id-meta":"","stick-header-meta":"","header-above-stick-meta":"","header-main-stick-meta":"","header-below-stick-meta":"","astra-migrate-meta-layouts":"default","ast-page-background-enabled":"default","ast-page-background-meta":{"desktop":{"background-color":"var(--ast-global-color-5)","background-image":"","background-repeat":"repeat","background-position":"center center","background-size":"auto","background-attachment":"scroll","background-type":"","background-media":"","overlay-type":"","overlay-color":"","overlay-opacity":"","overlay-gradient":""},"tablet":{"background-color":"","background-image":"","background-repeat":"repeat","background-position":"center center","background-size":"auto","background-attachment":"scroll","background-type":"","background-media":"","overlay-type":"","overlay-color":"","overlay-opacity":"","overlay-gradient":""},"mobile":{"background-color":"","background-image":"","background-repeat":"repeat","background-position":"center center","background-size":"auto","background-attachment":"scroll","background-type":"","background-media":"","overlay-type":"","overlay-color":"","overlay-opacity":"","overlay-gradient":""}},"ast-content-background-meta":{"desktop":{"background-color":"var(--ast-global-color-4)","background-image":"","background-repeat":"repeat","background-position":"center center","background-size":"auto","background-attachment":"scroll","background-type":"","background-media":"","overlay-type":"","overlay-color":"","overlay-opacity":"","overlay-gradient":""},"tablet":{"background-color":"var(--ast-global-color-4)","background-image":"","background-repeat":"repeat","background-position":"center center","background-size":"auto","background-attachment":"scroll","background-type":"","background-media":"","overlay-type":"","overlay-color":"","overlay-opacity":"","overlay-gradient":""},"mobile":{"background-color":"var(--ast-global-color-4)","background-image":"","background-repeat":"repeat","background-position":"center center","background-size":"auto","background-attachment":"scroll","background-type":"","background-media":"","overlay-type":"","overlay-color":"","overlay-opacity":"","overlay-gradient":""}},"footnotes":""},"categories":[1,13,14],"tags":[],"class_list":["post-35802","post","type-post","status-publish","format-standard","has-post-thumbnail","hentry","category-noticias","category-provinciales","category-rio-negro"],"yoast_head":"<!-- This site is optimized with the Yoast SEO Premium plugin v23.0 (Yoast SEO v27.5) - https:\/\/yoast.com\/product\/yoast-seo-premium-wordpress\/ -->\n<title>El Gobierno rionegrino ratific\u00f3 que el nuevo C\u00f3digo de Tierras no pone en riesgo el territorio de pueblos originarios\u00a0\u00a0<\/title>\n<meta name=\"robots\" content=\"index, follow, max-snippet:-1, max-image-preview:large, max-video-preview:-1\" \/>\n<link rel=\"canonical\" href=\"https:\/\/patagoniambiental.com.ar\/info\/el-gobierno-rionegrino-ratifico-que-el-nuevo-codigo-de-tierras-no-pone-en-riesgo-el-territorio-de-pueblos-originarios\/\" \/>\n<meta property=\"og:locale\" content=\"es_ES\" \/>\n<meta property=\"og:type\" content=\"article\" \/>\n<meta property=\"og:title\" content=\"El Gobierno rionegrino ratific\u00f3 que el nuevo C\u00f3digo de Tierras no pone en riesgo el territorio de pueblos originarios\u00a0\u00a0\" \/>\n<meta property=\"og:description\" content=\"Viedma.-Desde la Direcci\u00f3n de Tierras, se asegur\u00f3 que \u201cnunca se tuvo la pol\u00edtica de desalojar alguna comunidad\u201d y se afirm\u00f3 [&hellip;]\" \/>\n<meta property=\"og:url\" content=\"https:\/\/patagoniambiental.com.ar\/info\/el-gobierno-rionegrino-ratifico-que-el-nuevo-codigo-de-tierras-no-pone-en-riesgo-el-territorio-de-pueblos-originarios\/\" \/>\n<meta property=\"og:site_name\" content=\"Patagonia Ambiental\" \/>\n<meta property=\"article:publisher\" content=\"https:\/\/www.facebook.com\/patagonia.ambiental\" \/>\n<meta property=\"article:author\" content=\"https:\/\/www.facebook.com\/share\/1C1V8Gv9BX\/?mibextid=qi2Omg\" \/>\n<meta property=\"article:published_time\" content=\"2017-10-02T22:00:29+00:00\" \/>\n<meta property=\"og:image\" content=\"https:\/\/patagoniambiental.com.ar\/info\/wp-content\/uploads\/2017\/05\/bandera-pueblo-mapuche-1200x800-678x330.jpg\" \/>\n\t<meta property=\"og:image:width\" content=\"678\" \/>\n\t<meta property=\"og:image:height\" content=\"330\" \/>\n\t<meta property=\"og:image:type\" content=\"image\/jpeg\" \/>\n<meta name=\"author\" content=\"Patagonia Ambiental\" \/>\n<meta name=\"twitter:card\" content=\"summary_large_image\" \/>\n<meta name=\"twitter:creator\" content=\"@PatAmb\" \/>\n<meta name=\"twitter:site\" content=\"@PatAmb\" \/>\n<script type=\"application\/ld+json\" class=\"yoast-schema-graph\">{\"@context\":\"https:\\\/\\\/schema.org\",\"@graph\":[{\"@type\":\"Article\",\"@id\":\"https:\\\/\\\/patagoniambiental.com.ar\\\/info\\\/el-gobierno-rionegrino-ratifico-que-el-nuevo-codigo-de-tierras-no-pone-en-riesgo-el-territorio-de-pueblos-originarios\\\/#article\",\"isPartOf\":{\"@id\":\"https:\\\/\\\/patagoniambiental.com.ar\\\/info\\\/el-gobierno-rionegrino-ratifico-que-el-nuevo-codigo-de-tierras-no-pone-en-riesgo-el-territorio-de-pueblos-originarios\\\/\"},\"author\":{\"name\":\"Patagonia Ambiental\",\"@id\":\"https:\\\/\\\/patagoniambiental.com.ar\\\/info\\\/#\\\/schema\\\/person\\\/db12bff64bbcbf6a253710bf0ea37b5d\"},\"headline\":\"El Gobierno rionegrino ratific\u00f3 que el nuevo C\u00f3digo de Tierras no pone en riesgo el territorio de pueblos originarios\u00a0\u00a0\",\"datePublished\":\"2017-10-02T22:00:29+00:00\",\"mainEntityOfPage\":{\"@id\":\"https:\\\/\\\/patagoniambiental.com.ar\\\/info\\\/el-gobierno-rionegrino-ratifico-que-el-nuevo-codigo-de-tierras-no-pone-en-riesgo-el-territorio-de-pueblos-originarios\\\/\"},\"wordCount\":376,\"commentCount\":0,\"publisher\":{\"@id\":\"https:\\\/\\\/patagoniambiental.com.ar\\\/info\\\/#organization\"},\"image\":{\"@id\":\"https:\\\/\\\/patagoniambiental.com.ar\\\/info\\\/el-gobierno-rionegrino-ratifico-que-el-nuevo-codigo-de-tierras-no-pone-en-riesgo-el-territorio-de-pueblos-originarios\\\/#primaryimage\"},\"thumbnailUrl\":\"https:\\\/\\\/patagoniambiental.com.ar\\\/info\\\/wp-content\\\/uploads\\\/2017\\\/05\\\/bandera-pueblo-mapuche-1200x800-678x330.jpg\",\"articleSection\":[\"Noticias\",\"Provinciales\",\"R\u00edo Negro\"],\"inLanguage\":\"es\",\"potentialAction\":[{\"@type\":\"CommentAction\",\"name\":\"Comment\",\"target\":[\"https:\\\/\\\/patagoniambiental.com.ar\\\/info\\\/el-gobierno-rionegrino-ratifico-que-el-nuevo-codigo-de-tierras-no-pone-en-riesgo-el-territorio-de-pueblos-originarios\\\/#respond\"]}]},{\"@type\":\"WebPage\",\"@id\":\"https:\\\/\\\/patagoniambiental.com.ar\\\/info\\\/el-gobierno-rionegrino-ratifico-que-el-nuevo-codigo-de-tierras-no-pone-en-riesgo-el-territorio-de-pueblos-originarios\\\/\",\"url\":\"https:\\\/\\\/patagoniambiental.com.ar\\\/info\\\/el-gobierno-rionegrino-ratifico-que-el-nuevo-codigo-de-tierras-no-pone-en-riesgo-el-territorio-de-pueblos-originarios\\\/\",\"name\":\"El Gobierno rionegrino ratific\u00f3 que el nuevo C\u00f3digo de Tierras no pone en riesgo el territorio de pueblos originarios\u00a0\u00a0\",\"isPartOf\":{\"@id\":\"https:\\\/\\\/patagoniambiental.com.ar\\\/info\\\/#website\"},\"primaryImageOfPage\":{\"@id\":\"https:\\\/\\\/patagoniambiental.com.ar\\\/info\\\/el-gobierno-rionegrino-ratifico-que-el-nuevo-codigo-de-tierras-no-pone-en-riesgo-el-territorio-de-pueblos-originarios\\\/#primaryimage\"},\"image\":{\"@id\":\"https:\\\/\\\/patagoniambiental.com.ar\\\/info\\\/el-gobierno-rionegrino-ratifico-que-el-nuevo-codigo-de-tierras-no-pone-en-riesgo-el-territorio-de-pueblos-originarios\\\/#primaryimage\"},\"thumbnailUrl\":\"https:\\\/\\\/patagoniambiental.com.ar\\\/info\\\/wp-content\\\/uploads\\\/2017\\\/05\\\/bandera-pueblo-mapuche-1200x800-678x330.jpg\",\"datePublished\":\"2017-10-02T22:00:29+00:00\",\"breadcrumb\":{\"@id\":\"https:\\\/\\\/patagoniambiental.com.ar\\\/info\\\/el-gobierno-rionegrino-ratifico-que-el-nuevo-codigo-de-tierras-no-pone-en-riesgo-el-territorio-de-pueblos-originarios\\\/#breadcrumb\"},\"inLanguage\":\"es\",\"potentialAction\":[{\"@type\":\"ReadAction\",\"target\":[\"https:\\\/\\\/patagoniambiental.com.ar\\\/info\\\/el-gobierno-rionegrino-ratifico-que-el-nuevo-codigo-de-tierras-no-pone-en-riesgo-el-territorio-de-pueblos-originarios\\\/\"]}]},{\"@type\":\"ImageObject\",\"inLanguage\":\"es\",\"@id\":\"https:\\\/\\\/patagoniambiental.com.ar\\\/info\\\/el-gobierno-rionegrino-ratifico-que-el-nuevo-codigo-de-tierras-no-pone-en-riesgo-el-territorio-de-pueblos-originarios\\\/#primaryimage\",\"url\":\"https:\\\/\\\/patagoniambiental.com.ar\\\/info\\\/wp-content\\\/uploads\\\/2017\\\/05\\\/bandera-pueblo-mapuche-1200x800-678x330.jpg\",\"contentUrl\":\"https:\\\/\\\/patagoniambiental.com.ar\\\/info\\\/wp-content\\\/uploads\\\/2017\\\/05\\\/bandera-pueblo-mapuche-1200x800-678x330.jpg\",\"width\":678,\"height\":330},{\"@type\":\"BreadcrumbList\",\"@id\":\"https:\\\/\\\/patagoniambiental.com.ar\\\/info\\\/el-gobierno-rionegrino-ratifico-que-el-nuevo-codigo-de-tierras-no-pone-en-riesgo-el-territorio-de-pueblos-originarios\\\/#breadcrumb\",\"itemListElement\":[{\"@type\":\"ListItem\",\"position\":1,\"name\":\"Inicio\",\"item\":\"https:\\\/\\\/patagoniambiental.com.ar\\\/info\\\/\"},{\"@type\":\"ListItem\",\"position\":2,\"name\":\"El Gobierno rionegrino ratific\u00f3 que el nuevo C\u00f3digo de Tierras no pone en riesgo el territorio de pueblos originarios\u00a0\u00a0\"}]},{\"@type\":\"WebSite\",\"@id\":\"https:\\\/\\\/patagoniambiental.com.ar\\\/info\\\/#website\",\"url\":\"https:\\\/\\\/patagoniambiental.com.ar\\\/info\\\/\",\"name\":\"Patagonia Ambiental\",\"description\":\"Monitoreo y an\u00e1lisis de la situaci\u00f3n geopol\u00edtica en el mundo y su implicancia en la Patagonia\",\"publisher\":{\"@id\":\"https:\\\/\\\/patagoniambiental.com.ar\\\/info\\\/#organization\"},\"potentialAction\":[{\"@type\":\"SearchAction\",\"target\":{\"@type\":\"EntryPoint\",\"urlTemplate\":\"https:\\\/\\\/patagoniambiental.com.ar\\\/info\\\/?s={search_term_string}\"},\"query-input\":{\"@type\":\"PropertyValueSpecification\",\"valueRequired\":true,\"valueName\":\"search_term_string\"}}],\"inLanguage\":\"es\"},{\"@type\":\"Organization\",\"@id\":\"https:\\\/\\\/patagoniambiental.com.ar\\\/info\\\/#organization\",\"name\":\"Patagonia Ambiental\",\"url\":\"https:\\\/\\\/patagoniambiental.com.ar\\\/info\\\/\",\"logo\":{\"@type\":\"ImageObject\",\"inLanguage\":\"es\",\"@id\":\"https:\\\/\\\/patagoniambiental.com.ar\\\/info\\\/#\\\/schema\\\/logo\\\/image\\\/\",\"url\":\"https:\\\/\\\/patagoniambiental.com.ar\\\/info\\\/wp-content\\\/uploads\\\/2025\\\/05\\\/LOGO-PATAGONIA-AMBIENTAL.png\",\"contentUrl\":\"https:\\\/\\\/patagoniambiental.com.ar\\\/info\\\/wp-content\\\/uploads\\\/2025\\\/05\\\/LOGO-PATAGONIA-AMBIENTAL.png\",\"width\":433,\"height\":250,\"caption\":\"Patagonia Ambiental\"},\"image\":{\"@id\":\"https:\\\/\\\/patagoniambiental.com.ar\\\/info\\\/#\\\/schema\\\/logo\\\/image\\\/\"},\"sameAs\":[\"https:\\\/\\\/www.facebook.com\\\/patagonia.ambiental\",\"https:\\\/\\\/x.com\\\/PatAmb\"]},{\"@type\":\"Person\",\"@id\":\"https:\\\/\\\/patagoniambiental.com.ar\\\/info\\\/#\\\/schema\\\/person\\\/db12bff64bbcbf6a253710bf0ea37b5d\",\"name\":\"Patagonia Ambiental\",\"description\":\"Andr\u00e9s Nievas T\u00e9cnico en manejo ambiental, consultor Ambiental y escritor para medios locales e internacionales sobre temas de geopolitica y medio ambiente.\",\"sameAs\":[\"http:\\\/\\\/www.patagoniambiental.com.ar\",\"https:\\\/\\\/www.facebook.com\\\/share\\\/1C1V8Gv9BX\\\/?mibextid=qi2Omg\",\"@patagoniambiental\",\"https:\\\/\\\/youtube.com\\\/@patagoniaambiental2023?si=BLt58t0wuXquxlYZ\"]}]}<\/script>\n<!-- \/ Yoast SEO Premium plugin. -->","yoast_head_json":{"title":"El Gobierno rionegrino ratific\u00f3 que el nuevo C\u00f3digo de Tierras no pone en riesgo el territorio de pueblos originarios\u00a0\u00a0","robots":{"index":"index","follow":"follow","max-snippet":"max-snippet:-1","max-image-preview":"max-image-preview:large","max-video-preview":"max-video-preview:-1"},"canonical":"https:\/\/patagoniambiental.com.ar\/info\/el-gobierno-rionegrino-ratifico-que-el-nuevo-codigo-de-tierras-no-pone-en-riesgo-el-territorio-de-pueblos-originarios\/","og_locale":"es_ES","og_type":"article","og_title":"El Gobierno rionegrino ratific\u00f3 que el nuevo C\u00f3digo de Tierras no pone en riesgo el territorio de pueblos originarios\u00a0\u00a0","og_description":"Viedma.-Desde la Direcci\u00f3n de Tierras, se asegur\u00f3 que \u201cnunca se tuvo la pol\u00edtica de desalojar alguna comunidad\u201d y se afirm\u00f3 [&hellip;]","og_url":"https:\/\/patagoniambiental.com.ar\/info\/el-gobierno-rionegrino-ratifico-que-el-nuevo-codigo-de-tierras-no-pone-en-riesgo-el-territorio-de-pueblos-originarios\/","og_site_name":"Patagonia Ambiental","article_publisher":"https:\/\/www.facebook.com\/patagonia.ambiental","article_author":"https:\/\/www.facebook.com\/share\/1C1V8Gv9BX\/?mibextid=qi2Omg","article_published_time":"2017-10-02T22:00:29+00:00","og_image":[{"width":678,"height":330,"url":"https:\/\/patagoniambiental.com.ar\/info\/wp-content\/uploads\/2017\/05\/bandera-pueblo-mapuche-1200x800-678x330.jpg","type":"image\/jpeg"}],"author":"Patagonia Ambiental","twitter_card":"summary_large_image","twitter_creator":"@PatAmb","twitter_site":"@PatAmb","schema":{"@context":"https:\/\/schema.org","@graph":[{"@type":"Article","@id":"https:\/\/patagoniambiental.com.ar\/info\/el-gobierno-rionegrino-ratifico-que-el-nuevo-codigo-de-tierras-no-pone-en-riesgo-el-territorio-de-pueblos-originarios\/#article","isPartOf":{"@id":"https:\/\/patagoniambiental.com.ar\/info\/el-gobierno-rionegrino-ratifico-que-el-nuevo-codigo-de-tierras-no-pone-en-riesgo-el-territorio-de-pueblos-originarios\/"},"author":{"name":"Patagonia Ambiental","@id":"https:\/\/patagoniambiental.com.ar\/info\/#\/schema\/person\/db12bff64bbcbf6a253710bf0ea37b5d"},"headline":"El Gobierno rionegrino ratific\u00f3 que el nuevo C\u00f3digo de Tierras no pone en riesgo el territorio de pueblos originarios\u00a0\u00a0","datePublished":"2017-10-02T22:00:29+00:00","mainEntityOfPage":{"@id":"https:\/\/patagoniambiental.com.ar\/info\/el-gobierno-rionegrino-ratifico-que-el-nuevo-codigo-de-tierras-no-pone-en-riesgo-el-territorio-de-pueblos-originarios\/"},"wordCount":376,"commentCount":0,"publisher":{"@id":"https:\/\/patagoniambiental.com.ar\/info\/#organization"},"image":{"@id":"https:\/\/patagoniambiental.com.ar\/info\/el-gobierno-rionegrino-ratifico-que-el-nuevo-codigo-de-tierras-no-pone-en-riesgo-el-territorio-de-pueblos-originarios\/#primaryimage"},"thumbnailUrl":"https:\/\/patagoniambiental.com.ar\/info\/wp-content\/uploads\/2017\/05\/bandera-pueblo-mapuche-1200x800-678x330.jpg","articleSection":["Noticias","Provinciales","R\u00edo Negro"],"inLanguage":"es","potentialAction":[{"@type":"CommentAction","name":"Comment","target":["https:\/\/patagoniambiental.com.ar\/info\/el-gobierno-rionegrino-ratifico-que-el-nuevo-codigo-de-tierras-no-pone-en-riesgo-el-territorio-de-pueblos-originarios\/#respond"]}]},{"@type":"WebPage","@id":"https:\/\/patagoniambiental.com.ar\/info\/el-gobierno-rionegrino-ratifico-que-el-nuevo-codigo-de-tierras-no-pone-en-riesgo-el-territorio-de-pueblos-originarios\/","url":"https:\/\/patagoniambiental.com.ar\/info\/el-gobierno-rionegrino-ratifico-que-el-nuevo-codigo-de-tierras-no-pone-en-riesgo-el-territorio-de-pueblos-originarios\/","name":"El Gobierno rionegrino ratific\u00f3 que el nuevo C\u00f3digo de Tierras no pone en riesgo el territorio de pueblos originarios\u00a0\u00a0","isPartOf":{"@id":"https:\/\/patagoniambiental.com.ar\/info\/#website"},"primaryImageOfPage":{"@id":"https:\/\/patagoniambiental.com.ar\/info\/el-gobierno-rionegrino-ratifico-que-el-nuevo-codigo-de-tierras-no-pone-en-riesgo-el-territorio-de-pueblos-originarios\/#primaryimage"},"image":{"@id":"https:\/\/patagoniambiental.com.ar\/info\/el-gobierno-rionegrino-ratifico-que-el-nuevo-codigo-de-tierras-no-pone-en-riesgo-el-territorio-de-pueblos-originarios\/#primaryimage"},"thumbnailUrl":"https:\/\/patagoniambiental.com.ar\/info\/wp-content\/uploads\/2017\/05\/bandera-pueblo-mapuche-1200x800-678x330.jpg","datePublished":"2017-10-02T22:00:29+00:00","breadcrumb":{"@id":"https:\/\/patagoniambiental.com.ar\/info\/el-gobierno-rionegrino-ratifico-que-el-nuevo-codigo-de-tierras-no-pone-en-riesgo-el-territorio-de-pueblos-originarios\/#breadcrumb"},"inLanguage":"es","potentialAction":[{"@type":"ReadAction","target":["https:\/\/patagoniambiental.com.ar\/info\/el-gobierno-rionegrino-ratifico-que-el-nuevo-codigo-de-tierras-no-pone-en-riesgo-el-territorio-de-pueblos-originarios\/"]}]},{"@type":"ImageObject","inLanguage":"es","@id":"https:\/\/patagoniambiental.com.ar\/info\/el-gobierno-rionegrino-ratifico-que-el-nuevo-codigo-de-tierras-no-pone-en-riesgo-el-territorio-de-pueblos-originarios\/#primaryimage","url":"https:\/\/patagoniambiental.com.ar\/info\/wp-content\/uploads\/2017\/05\/bandera-pueblo-mapuche-1200x800-678x330.jpg","contentUrl":"https:\/\/patagoniambiental.com.ar\/info\/wp-content\/uploads\/2017\/05\/bandera-pueblo-mapuche-1200x800-678x330.jpg","width":678,"height":330},{"@type":"BreadcrumbList","@id":"https:\/\/patagoniambiental.com.ar\/info\/el-gobierno-rionegrino-ratifico-que-el-nuevo-codigo-de-tierras-no-pone-en-riesgo-el-territorio-de-pueblos-originarios\/#breadcrumb","itemListElement":[{"@type":"ListItem","position":1,"name":"Inicio","item":"https:\/\/patagoniambiental.com.ar\/info\/"},{"@type":"ListItem","position":2,"name":"El Gobierno rionegrino ratific\u00f3 que el nuevo C\u00f3digo de Tierras no pone en riesgo el territorio de pueblos originarios\u00a0\u00a0"}]},{"@type":"WebSite","@id":"https:\/\/patagoniambiental.com.ar\/info\/#website","url":"https:\/\/patagoniambiental.com.ar\/info\/","name":"Patagonia Ambiental","description":"Monitoreo y an\u00e1lisis de la situaci\u00f3n geopol\u00edtica en el mundo y su implicancia en la Patagonia","publisher":{"@id":"https:\/\/patagoniambiental.com.ar\/info\/#organization"},"potentialAction":[{"@type":"SearchAction","target":{"@type":"EntryPoint","urlTemplate":"https:\/\/patagoniambiental.com.ar\/info\/?s={search_term_string}"},"query-input":{"@type":"PropertyValueSpecification","valueRequired":true,"valueName":"search_term_string"}}],"inLanguage":"es"},{"@type":"Organization","@id":"https:\/\/patagoniambiental.com.ar\/info\/#organization","name":"Patagonia Ambiental","url":"https:\/\/patagoniambiental.com.ar\/info\/","logo":{"@type":"ImageObject","inLanguage":"es","@id":"https:\/\/patagoniambiental.com.ar\/info\/#\/schema\/logo\/image\/","url":"https:\/\/patagoniambiental.com.ar\/info\/wp-content\/uploads\/2025\/05\/LOGO-PATAGONIA-AMBIENTAL.png","contentUrl":"https:\/\/patagoniambiental.com.ar\/info\/wp-content\/uploads\/2025\/05\/LOGO-PATAGONIA-AMBIENTAL.png","width":433,"height":250,"caption":"Patagonia Ambiental"},"image":{"@id":"https:\/\/patagoniambiental.com.ar\/info\/#\/schema\/logo\/image\/"},"sameAs":["https:\/\/www.facebook.com\/patagonia.ambiental","https:\/\/x.com\/PatAmb"]},{"@type":"Person","@id":"https:\/\/patagoniambiental.com.ar\/info\/#\/schema\/person\/db12bff64bbcbf6a253710bf0ea37b5d","name":"Patagonia Ambiental","description":"Andr\u00e9s Nievas T\u00e9cnico en manejo ambiental, consultor Ambiental y escritor para medios locales e internacionales sobre temas de geopolitica y medio ambiente.","sameAs":["http:\/\/www.patagoniambiental.com.ar","https:\/\/www.facebook.com\/share\/1C1V8Gv9BX\/?mibextid=qi2Omg","@patagoniambiental","https:\/\/youtube.com\/@patagoniaambiental2023?si=BLt58t0wuXquxlYZ"]}]}},"_links":{"self":[{"href":"https:\/\/patagoniambiental.com.ar\/info\/wp-json\/wp\/v2\/posts\/35802","targetHints":{"allow":["GET"]}}],"collection":[{"href":"https:\/\/patagoniambiental.com.ar\/info\/wp-json\/wp\/v2\/posts"}],"about":[{"href":"https:\/\/patagoniambiental.com.ar\/info\/wp-json\/wp\/v2\/types\/post"}],"author":[{"embeddable":true,"href":"https:\/\/patagoniambiental.com.ar\/info\/wp-json\/wp\/v2\/users\/2"}],"replies":[{"embeddable":true,"href":"https:\/\/patagoniambiental.com.ar\/info\/wp-json\/wp\/v2\/comments?post=35802"}],"version-history":[{"count":0,"href":"https:\/\/patagoniambiental.com.ar\/info\/wp-json\/wp\/v2\/posts\/35802\/revisions"}],"wp:featuredmedia":[{"embeddable":true,"href":"https:\/\/patagoniambiental.com.ar\/info\/wp-json\/wp\/v2\/media\/28955"}],"wp:attachment":[{"href":"https:\/\/patagoniambiental.com.ar\/info\/wp-json\/wp\/v2\/media?parent=35802"}],"wp:term":[{"taxonomy":"category","embeddable":true,"href":"https:\/\/patagoniambiental.com.ar\/info\/wp-json\/wp\/v2\/categories?post=35802"},{"taxonomy":"post_tag","embeddable":true,"href":"https:\/\/patagoniambiental.com.ar\/info\/wp-json\/wp\/v2\/tags?post=35802"}],"curies":[{"name":"wp","href":"https:\/\/api.w.org\/{rel}","templated":true}]}}