{"id":35804,"date":"2017-10-02T19:00:45","date_gmt":"2017-10-02T22:00:45","guid":{"rendered":"http:\/\/patagoniambiental.com.ar\/info\/?p=35804"},"modified":"2017-10-02T13:32:39","modified_gmt":"2017-10-02T16:32:39","slug":"en-san-carlos-de-bariloche-carreras-presento-al-nuevo-equipo-del-ministerio-de-turismo-cultura-y-deporte","status":"publish","type":"post","link":"https:\/\/patagoniambiental.com.ar\/info\/en-san-carlos-de-bariloche-carreras-presento-al-nuevo-equipo-del-ministerio-de-turismo-cultura-y-deporte\/","title":{"rendered":"En San Carlos de Bariloche  Carreras present\u00f3 al nuevo equipo del Ministerio de Turismo, Cultura y Deporte"},"content":{"rendered":"<p class=\"x_Predeterminado\"><i>Bariloche.-Para avanzar en los desaf\u00edos de la cartera, la designada ministra de Turismo, Cultura y Deporte, Arabela Carreras, comunic\u00f3 en conferencia de prensa que Daniel Garc\u00eda ser\u00e1 el nuevo Secretario de Turismo y se sumar\u00e1n nuevas \u00e1reas de trabajo.<\/i><!--more--><\/p>\n<p class=\"x_Predeterminado\">\n<p class=\"x_Predeterminado\">Asimismo, anunci\u00f3 la creaci\u00f3n de una subsecretar\u00eda de Turismo que estar\u00e1 a cargo de Joaqu\u00edn Escard\u00f3, \u201cun referente de alt\u00edsimo nivel en materia t\u00e9cnica, un economista muy renombrado por su desempe\u00f1o\u00bb, seg\u00fan se\u00f1al\u00f3 Carreras.<\/p>\n<p class=\"x_Predeterminado\">El presidente de ALTEC, Daniel Sanguinetti, tambi\u00e9n se sumar\u00e1 la cartera como secretario de Coordinaci\u00f3n del Ministerio.<\/p>\n<p class=\"x_Predeterminado\">La futura Ministra afirm\u00f3 que \u201ceste equipo es el que nos va a permitir llevar adelante las pol\u00edticas p\u00fablicas en materia de turismo, mejorar el sector y trabajar en todo aquello que se viene reclamando y que a lo mejor no hemos podido concretar\u201d.<\/p>\n<p class=\"x_Predeterminado\">En relaci\u00f3n a los nuevos desaf\u00edos y composici\u00f3n del equipo de trabajo, integrado por referentes destacados de la actividad privada vinculada al turismo, Arabela Carreras asegur\u00f3 que \u201cllegar a este nivel de acuerdos ha sido producto de un fuerte dialogo sobre el contenido que el Ministerio debe llevar adelante\u201d.<\/p>\n<p class=\"x_Predeterminado\">Entre los nuevos desaf\u00edos Carreras destac\u00f3 el acompa\u00f1amiento permanente al Municipio en la gesti\u00f3n del proyecto ejecutivo del Centro de Convenciones; la redacci\u00f3n y aprobaci\u00f3n de una ley para generar fondos para la infraestructura tur\u00edstica en toda la provincia; garantizar el ingreso permanente de fondos al Ente Mixto de Promoci\u00f3n Tur\u00edstica (EMPROTUR) y trabajar en la adhesi\u00f3n a la Ley Nacional de Turismo para que la actividad del turismo sea considerada una industria generadora de empleo y de recursos, as\u00ed como el permanente trabajo mancomunado con las Comunas para seguir potenciando el desarrollo tur\u00edstico de las distintas regiones de la provincia, tanto las consolidadadas como la costa y monta\u00f1a, como as\u00ed los nuevos destinos emergentes.<\/p>\n<p class=\"x_Predeterminado\">Asimismo, sostuvo que \u201csi nosotros comprendemos al turismo como una industria podremos dialogar con los prestadores, con todo el espectro privado en otros t\u00e9rminos y haremos en conjunto pol\u00edticas p\u00fablicas\u201d.<\/p>\n<p class=\"x_Predeterminado\">En el caso puntual de Bariloche, tambi\u00e9n ratific\u00f3 que desde el Gobierno \u201cvamos\u00a0\u00a0a trabajar junto al Municipio para que los \u00b4low cost\u00b4 mejoren la conectividad en materia de transporte a\u00e9reo en nuestra regi\u00f3n\u201d y \u201cnos vamos a comprometer a generar un incentivo fiscal para que estas empresas puedan venir a R\u00edo Negro, traer m\u00e1s aviones, m\u00e1s vuelos y m\u00e1s conectividad\u201d.<\/p>\n<p class=\"x_Predeterminado\">El saliente presidente de la C\u00e1mara de Turismo de Bariloche, Daniel Garc\u00eda, dijo que \u201cBariloche tiene una oportunidad hist\u00f3rica de avanzar en un mont\u00f3n de proyectos que desde las c\u00e1maras venimos trabajando desde hace much\u00edsimos a\u00f1os liderando estos proyectos y que hoy encontramos compromiso serio de parte del Gobierno Provincial\u201d.<\/p>\n<p>En representaci\u00f3n de San Carlos de Bariloche estuvo el secretario de Turismo, Marcos Barberis, quien sintetiz\u00f3 que \u201cel equipo que est\u00e1 armando Arabela es realmente muy potente. Con la presencia de Daniel Garc\u00eda como secretario de Turismo se suma una pieza muy importante en el engranaje de llevar al turismo como una industria y lo que genera el turismo en la Provincia y en pa\u00eds\u201d.<\/p>\n<p><b><span lang=\"ES-AR\">Fuente: GOBIERNO DE R\u00cdO NEGRO<\/span><\/b><\/p>\n","protected":false},"excerpt":{"rendered":"<p>Bariloche.-Para avanzar en los desaf\u00edos de la cartera, la designada ministra de Turismo, Cultura y Deporte, Arabela Carreras, comunic\u00f3 en [&hellip;]<\/p>\n","protected":false},"author":2,"featured_media":35805,"comment_status":"open","ping_status":"open","sticky":false,"template":"","format":"standard","meta":{"site-sidebar-layout":"default","site-content-layout":"","ast-site-content-layout":"default","site-content-style":"default","site-sidebar-style":"default","ast-global-header-display":"","ast-banner-title-visibility":"","ast-main-header-display":"","ast-hfb-above-header-display":"","ast-hfb-below-header-display":"","ast-hfb-mobile-header-display":"","site-post-title":"","ast-breadcrumbs-content":"","ast-featured-img":"","footer-sml-layout":"","ast-disable-related-posts":"","theme-transparent-header-meta":"","adv-header-id-meta":"","stick-header-meta":"","header-above-stick-meta":"","header-main-stick-meta":"","header-below-stick-meta":"","astra-migrate-meta-layouts":"default","ast-page-background-enabled":"default","ast-page-background-meta":{"desktop":{"background-color":"var(--ast-global-color-5)","background-image":"","background-repeat":"repeat","background-position":"center center","background-size":"auto","background-attachment":"scroll","background-type":"","background-media":"","overlay-type":"","overlay-color":"","overlay-opacity":"","overlay-gradient":""},"tablet":{"background-color":"","background-image":"","background-repeat":"repeat","background-position":"center center","background-size":"auto","background-attachment":"scroll","background-type":"","background-media":"","overlay-type":"","overlay-color":"","overlay-opacity":"","overlay-gradient":""},"mobile":{"background-color":"","background-image":"","background-repeat":"repeat","background-position":"center center","background-size":"auto","background-attachment":"scroll","background-type":"","background-media":"","overlay-type":"","overlay-color":"","overlay-opacity":"","overlay-gradient":""}},"ast-content-background-meta":{"desktop":{"background-color":"var(--ast-global-color-4)","background-image":"","background-repeat":"repeat","background-position":"center center","background-size":"auto","background-attachment":"scroll","background-type":"","background-media":"","overlay-type":"","overlay-color":"","overlay-opacity":"","overlay-gradient":""},"tablet":{"background-color":"var(--ast-global-color-4)","background-image":"","background-repeat":"repeat","background-position":"center center","background-size":"auto","background-attachment":"scroll","background-type":"","background-media":"","overlay-type":"","overlay-color":"","overlay-opacity":"","overlay-gradient":""},"mobile":{"background-color":"var(--ast-global-color-4)","background-image":"","background-repeat":"repeat","background-position":"center center","background-size":"auto","background-attachment":"scroll","background-type":"","background-media":"","overlay-type":"","overlay-color":"","overlay-opacity":"","overlay-gradient":""}},"footnotes":""},"categories":[1,13,14],"tags":[],"class_list":["post-35804","post","type-post","status-publish","format-standard","has-post-thumbnail","hentry","category-noticias","category-provinciales","category-rio-negro"],"yoast_head":"<!-- This site is optimized with the Yoast SEO Premium plugin v23.0 (Yoast SEO v27.5) - https:\/\/yoast.com\/product\/yoast-seo-premium-wordpress\/ -->\n<title>En San Carlos de Bariloche Carreras present\u00f3 al nuevo equipo del Ministerio de Turismo, Cultura y Deporte<\/title>\n<meta name=\"robots\" content=\"index, follow, max-snippet:-1, max-image-preview:large, max-video-preview:-1\" \/>\n<link rel=\"canonical\" href=\"https:\/\/patagoniambiental.com.ar\/info\/en-san-carlos-de-bariloche-carreras-presento-al-nuevo-equipo-del-ministerio-de-turismo-cultura-y-deporte\/\" \/>\n<meta property=\"og:locale\" content=\"es_ES\" \/>\n<meta property=\"og:type\" content=\"article\" \/>\n<meta property=\"og:title\" content=\"En San Carlos de Bariloche Carreras present\u00f3 al nuevo equipo del Ministerio de Turismo, Cultura y Deporte\" \/>\n<meta property=\"og:description\" content=\"Bariloche.-Para avanzar en los desaf\u00edos de la cartera, la designada ministra de Turismo, Cultura y Deporte, Arabela Carreras, comunic\u00f3 en [&hellip;]\" \/>\n<meta property=\"og:url\" content=\"https:\/\/patagoniambiental.com.ar\/info\/en-san-carlos-de-bariloche-carreras-presento-al-nuevo-equipo-del-ministerio-de-turismo-cultura-y-deporte\/\" \/>\n<meta property=\"og:site_name\" content=\"Patagonia Ambiental\" \/>\n<meta property=\"article:publisher\" content=\"https:\/\/www.facebook.com\/patagonia.ambiental\" \/>\n<meta property=\"article:author\" content=\"https:\/\/www.facebook.com\/share\/1C1V8Gv9BX\/?mibextid=qi2Omg\" \/>\n<meta property=\"article:published_time\" content=\"2017-10-02T22:00:45+00:00\" \/>\n<meta property=\"og:image\" content=\"https:\/\/patagoniambiental.com.ar\/info\/wp-content\/uploads\/2017\/10\/22221992_1526073784167580_4857579290199797353_n.jpg\" \/>\n\t<meta property=\"og:image:width\" content=\"960\" \/>\n\t<meta property=\"og:image:height\" content=\"540\" \/>\n\t<meta property=\"og:image:type\" content=\"image\/jpeg\" \/>\n<meta name=\"author\" content=\"Patagonia Ambiental\" \/>\n<meta name=\"twitter:card\" content=\"summary_large_image\" \/>\n<meta name=\"twitter:creator\" content=\"@PatAmb\" \/>\n<meta name=\"twitter:site\" content=\"@PatAmb\" \/>\n<script type=\"application\/ld+json\" class=\"yoast-schema-graph\">{\"@context\":\"https:\\\/\\\/schema.org\",\"@graph\":[{\"@type\":\"Article\",\"@id\":\"https:\\\/\\\/patagoniambiental.com.ar\\\/info\\\/en-san-carlos-de-bariloche-carreras-presento-al-nuevo-equipo-del-ministerio-de-turismo-cultura-y-deporte\\\/#article\",\"isPartOf\":{\"@id\":\"https:\\\/\\\/patagoniambiental.com.ar\\\/info\\\/en-san-carlos-de-bariloche-carreras-presento-al-nuevo-equipo-del-ministerio-de-turismo-cultura-y-deporte\\\/\"},\"author\":{\"name\":\"Patagonia Ambiental\",\"@id\":\"https:\\\/\\\/patagoniambiental.com.ar\\\/info\\\/#\\\/schema\\\/person\\\/db12bff64bbcbf6a253710bf0ea37b5d\"},\"headline\":\"En San Carlos de Bariloche Carreras present\u00f3 al nuevo equipo del Ministerio de Turismo, Cultura y Deporte\",\"datePublished\":\"2017-10-02T22:00:45+00:00\",\"mainEntityOfPage\":{\"@id\":\"https:\\\/\\\/patagoniambiental.com.ar\\\/info\\\/en-san-carlos-de-bariloche-carreras-presento-al-nuevo-equipo-del-ministerio-de-turismo-cultura-y-deporte\\\/\"},\"wordCount\":577,\"commentCount\":0,\"publisher\":{\"@id\":\"https:\\\/\\\/patagoniambiental.com.ar\\\/info\\\/#organization\"},\"image\":{\"@id\":\"https:\\\/\\\/patagoniambiental.com.ar\\\/info\\\/en-san-carlos-de-bariloche-carreras-presento-al-nuevo-equipo-del-ministerio-de-turismo-cultura-y-deporte\\\/#primaryimage\"},\"thumbnailUrl\":\"https:\\\/\\\/patagoniambiental.com.ar\\\/info\\\/wp-content\\\/uploads\\\/2017\\\/10\\\/22221992_1526073784167580_4857579290199797353_n.jpg\",\"articleSection\":[\"Noticias\",\"Provinciales\",\"R\u00edo Negro\"],\"inLanguage\":\"es\",\"potentialAction\":[{\"@type\":\"CommentAction\",\"name\":\"Comment\",\"target\":[\"https:\\\/\\\/patagoniambiental.com.ar\\\/info\\\/en-san-carlos-de-bariloche-carreras-presento-al-nuevo-equipo-del-ministerio-de-turismo-cultura-y-deporte\\\/#respond\"]}]},{\"@type\":\"WebPage\",\"@id\":\"https:\\\/\\\/patagoniambiental.com.ar\\\/info\\\/en-san-carlos-de-bariloche-carreras-presento-al-nuevo-equipo-del-ministerio-de-turismo-cultura-y-deporte\\\/\",\"url\":\"https:\\\/\\\/patagoniambiental.com.ar\\\/info\\\/en-san-carlos-de-bariloche-carreras-presento-al-nuevo-equipo-del-ministerio-de-turismo-cultura-y-deporte\\\/\",\"name\":\"En San Carlos de Bariloche Carreras present\u00f3 al nuevo equipo del Ministerio de Turismo, Cultura y Deporte\",\"isPartOf\":{\"@id\":\"https:\\\/\\\/patagoniambiental.com.ar\\\/info\\\/#website\"},\"primaryImageOfPage\":{\"@id\":\"https:\\\/\\\/patagoniambiental.com.ar\\\/info\\\/en-san-carlos-de-bariloche-carreras-presento-al-nuevo-equipo-del-ministerio-de-turismo-cultura-y-deporte\\\/#primaryimage\"},\"image\":{\"@id\":\"https:\\\/\\\/patagoniambiental.com.ar\\\/info\\\/en-san-carlos-de-bariloche-carreras-presento-al-nuevo-equipo-del-ministerio-de-turismo-cultura-y-deporte\\\/#primaryimage\"},\"thumbnailUrl\":\"https:\\\/\\\/patagoniambiental.com.ar\\\/info\\\/wp-content\\\/uploads\\\/2017\\\/10\\\/22221992_1526073784167580_4857579290199797353_n.jpg\",\"datePublished\":\"2017-10-02T22:00:45+00:00\",\"breadcrumb\":{\"@id\":\"https:\\\/\\\/patagoniambiental.com.ar\\\/info\\\/en-san-carlos-de-bariloche-carreras-presento-al-nuevo-equipo-del-ministerio-de-turismo-cultura-y-deporte\\\/#breadcrumb\"},\"inLanguage\":\"es\",\"potentialAction\":[{\"@type\":\"ReadAction\",\"target\":[\"https:\\\/\\\/patagoniambiental.com.ar\\\/info\\\/en-san-carlos-de-bariloche-carreras-presento-al-nuevo-equipo-del-ministerio-de-turismo-cultura-y-deporte\\\/\"]}]},{\"@type\":\"ImageObject\",\"inLanguage\":\"es\",\"@id\":\"https:\\\/\\\/patagoniambiental.com.ar\\\/info\\\/en-san-carlos-de-bariloche-carreras-presento-al-nuevo-equipo-del-ministerio-de-turismo-cultura-y-deporte\\\/#primaryimage\",\"url\":\"https:\\\/\\\/patagoniambiental.com.ar\\\/info\\\/wp-content\\\/uploads\\\/2017\\\/10\\\/22221992_1526073784167580_4857579290199797353_n.jpg\",\"contentUrl\":\"https:\\\/\\\/patagoniambiental.com.ar\\\/info\\\/wp-content\\\/uploads\\\/2017\\\/10\\\/22221992_1526073784167580_4857579290199797353_n.jpg\",\"width\":960,\"height\":540},{\"@type\":\"BreadcrumbList\",\"@id\":\"https:\\\/\\\/patagoniambiental.com.ar\\\/info\\\/en-san-carlos-de-bariloche-carreras-presento-al-nuevo-equipo-del-ministerio-de-turismo-cultura-y-deporte\\\/#breadcrumb\",\"itemListElement\":[{\"@type\":\"ListItem\",\"position\":1,\"name\":\"Inicio\",\"item\":\"https:\\\/\\\/patagoniambiental.com.ar\\\/info\\\/\"},{\"@type\":\"ListItem\",\"position\":2,\"name\":\"En San Carlos de Bariloche Carreras present\u00f3 al nuevo equipo del Ministerio de Turismo, Cultura y Deporte\"}]},{\"@type\":\"WebSite\",\"@id\":\"https:\\\/\\\/patagoniambiental.com.ar\\\/info\\\/#website\",\"url\":\"https:\\\/\\\/patagoniambiental.com.ar\\\/info\\\/\",\"name\":\"Patagonia Ambiental\",\"description\":\"Monitoreo y an\u00e1lisis de la situaci\u00f3n geopol\u00edtica en el mundo y su implicancia en la Patagonia\",\"publisher\":{\"@id\":\"https:\\\/\\\/patagoniambiental.com.ar\\\/info\\\/#organization\"},\"potentialAction\":[{\"@type\":\"SearchAction\",\"target\":{\"@type\":\"EntryPoint\",\"urlTemplate\":\"https:\\\/\\\/patagoniambiental.com.ar\\\/info\\\/?s={search_term_string}\"},\"query-input\":{\"@type\":\"PropertyValueSpecification\",\"valueRequired\":true,\"valueName\":\"search_term_string\"}}],\"inLanguage\":\"es\"},{\"@type\":\"Organization\",\"@id\":\"https:\\\/\\\/patagoniambiental.com.ar\\\/info\\\/#organization\",\"name\":\"Patagonia Ambiental\",\"url\":\"https:\\\/\\\/patagoniambiental.com.ar\\\/info\\\/\",\"logo\":{\"@type\":\"ImageObject\",\"inLanguage\":\"es\",\"@id\":\"https:\\\/\\\/patagoniambiental.com.ar\\\/info\\\/#\\\/schema\\\/logo\\\/image\\\/\",\"url\":\"https:\\\/\\\/patagoniambiental.com.ar\\\/info\\\/wp-content\\\/uploads\\\/2025\\\/05\\\/LOGO-PATAGONIA-AMBIENTAL.png\",\"contentUrl\":\"https:\\\/\\\/patagoniambiental.com.ar\\\/info\\\/wp-content\\\/uploads\\\/2025\\\/05\\\/LOGO-PATAGONIA-AMBIENTAL.png\",\"width\":433,\"height\":250,\"caption\":\"Patagonia Ambiental\"},\"image\":{\"@id\":\"https:\\\/\\\/patagoniambiental.com.ar\\\/info\\\/#\\\/schema\\\/logo\\\/image\\\/\"},\"sameAs\":[\"https:\\\/\\\/www.facebook.com\\\/patagonia.ambiental\",\"https:\\\/\\\/x.com\\\/PatAmb\"]},{\"@type\":\"Person\",\"@id\":\"https:\\\/\\\/patagoniambiental.com.ar\\\/info\\\/#\\\/schema\\\/person\\\/db12bff64bbcbf6a253710bf0ea37b5d\",\"name\":\"Patagonia Ambiental\",\"description\":\"Andr\u00e9s Nievas T\u00e9cnico en manejo ambiental, consultor Ambiental y escritor para medios locales e internacionales sobre temas de geopolitica y medio ambiente.\",\"sameAs\":[\"http:\\\/\\\/www.patagoniambiental.com.ar\",\"https:\\\/\\\/www.facebook.com\\\/share\\\/1C1V8Gv9BX\\\/?mibextid=qi2Omg\",\"@patagoniambiental\",\"https:\\\/\\\/youtube.com\\\/@patagoniaambiental2023?si=BLt58t0wuXquxlYZ\"]}]}<\/script>\n<!-- \/ Yoast SEO Premium plugin. -->","yoast_head_json":{"title":"En San Carlos de Bariloche Carreras present\u00f3 al nuevo equipo del Ministerio de Turismo, Cultura y Deporte","robots":{"index":"index","follow":"follow","max-snippet":"max-snippet:-1","max-image-preview":"max-image-preview:large","max-video-preview":"max-video-preview:-1"},"canonical":"https:\/\/patagoniambiental.com.ar\/info\/en-san-carlos-de-bariloche-carreras-presento-al-nuevo-equipo-del-ministerio-de-turismo-cultura-y-deporte\/","og_locale":"es_ES","og_type":"article","og_title":"En San Carlos de Bariloche Carreras present\u00f3 al nuevo equipo del Ministerio de Turismo, Cultura y Deporte","og_description":"Bariloche.-Para avanzar en los desaf\u00edos de la cartera, la designada ministra de Turismo, Cultura y Deporte, Arabela Carreras, comunic\u00f3 en [&hellip;]","og_url":"https:\/\/patagoniambiental.com.ar\/info\/en-san-carlos-de-bariloche-carreras-presento-al-nuevo-equipo-del-ministerio-de-turismo-cultura-y-deporte\/","og_site_name":"Patagonia Ambiental","article_publisher":"https:\/\/www.facebook.com\/patagonia.ambiental","article_author":"https:\/\/www.facebook.com\/share\/1C1V8Gv9BX\/?mibextid=qi2Omg","article_published_time":"2017-10-02T22:00:45+00:00","og_image":[{"width":960,"height":540,"url":"https:\/\/patagoniambiental.com.ar\/info\/wp-content\/uploads\/2017\/10\/22221992_1526073784167580_4857579290199797353_n.jpg","type":"image\/jpeg"}],"author":"Patagonia Ambiental","twitter_card":"summary_large_image","twitter_creator":"@PatAmb","twitter_site":"@PatAmb","schema":{"@context":"https:\/\/schema.org","@graph":[{"@type":"Article","@id":"https:\/\/patagoniambiental.com.ar\/info\/en-san-carlos-de-bariloche-carreras-presento-al-nuevo-equipo-del-ministerio-de-turismo-cultura-y-deporte\/#article","isPartOf":{"@id":"https:\/\/patagoniambiental.com.ar\/info\/en-san-carlos-de-bariloche-carreras-presento-al-nuevo-equipo-del-ministerio-de-turismo-cultura-y-deporte\/"},"author":{"name":"Patagonia Ambiental","@id":"https:\/\/patagoniambiental.com.ar\/info\/#\/schema\/person\/db12bff64bbcbf6a253710bf0ea37b5d"},"headline":"En San Carlos de Bariloche Carreras present\u00f3 al nuevo equipo del Ministerio de Turismo, Cultura y Deporte","datePublished":"2017-10-02T22:00:45+00:00","mainEntityOfPage":{"@id":"https:\/\/patagoniambiental.com.ar\/info\/en-san-carlos-de-bariloche-carreras-presento-al-nuevo-equipo-del-ministerio-de-turismo-cultura-y-deporte\/"},"wordCount":577,"commentCount":0,"publisher":{"@id":"https:\/\/patagoniambiental.com.ar\/info\/#organization"},"image":{"@id":"https:\/\/patagoniambiental.com.ar\/info\/en-san-carlos-de-bariloche-carreras-presento-al-nuevo-equipo-del-ministerio-de-turismo-cultura-y-deporte\/#primaryimage"},"thumbnailUrl":"https:\/\/patagoniambiental.com.ar\/info\/wp-content\/uploads\/2017\/10\/22221992_1526073784167580_4857579290199797353_n.jpg","articleSection":["Noticias","Provinciales","R\u00edo Negro"],"inLanguage":"es","potentialAction":[{"@type":"CommentAction","name":"Comment","target":["https:\/\/patagoniambiental.com.ar\/info\/en-san-carlos-de-bariloche-carreras-presento-al-nuevo-equipo-del-ministerio-de-turismo-cultura-y-deporte\/#respond"]}]},{"@type":"WebPage","@id":"https:\/\/patagoniambiental.com.ar\/info\/en-san-carlos-de-bariloche-carreras-presento-al-nuevo-equipo-del-ministerio-de-turismo-cultura-y-deporte\/","url":"https:\/\/patagoniambiental.com.ar\/info\/en-san-carlos-de-bariloche-carreras-presento-al-nuevo-equipo-del-ministerio-de-turismo-cultura-y-deporte\/","name":"En San Carlos de Bariloche Carreras present\u00f3 al nuevo equipo del Ministerio de Turismo, Cultura y Deporte","isPartOf":{"@id":"https:\/\/patagoniambiental.com.ar\/info\/#website"},"primaryImageOfPage":{"@id":"https:\/\/patagoniambiental.com.ar\/info\/en-san-carlos-de-bariloche-carreras-presento-al-nuevo-equipo-del-ministerio-de-turismo-cultura-y-deporte\/#primaryimage"},"image":{"@id":"https:\/\/patagoniambiental.com.ar\/info\/en-san-carlos-de-bariloche-carreras-presento-al-nuevo-equipo-del-ministerio-de-turismo-cultura-y-deporte\/#primaryimage"},"thumbnailUrl":"https:\/\/patagoniambiental.com.ar\/info\/wp-content\/uploads\/2017\/10\/22221992_1526073784167580_4857579290199797353_n.jpg","datePublished":"2017-10-02T22:00:45+00:00","breadcrumb":{"@id":"https:\/\/patagoniambiental.com.ar\/info\/en-san-carlos-de-bariloche-carreras-presento-al-nuevo-equipo-del-ministerio-de-turismo-cultura-y-deporte\/#breadcrumb"},"inLanguage":"es","potentialAction":[{"@type":"ReadAction","target":["https:\/\/patagoniambiental.com.ar\/info\/en-san-carlos-de-bariloche-carreras-presento-al-nuevo-equipo-del-ministerio-de-turismo-cultura-y-deporte\/"]}]},{"@type":"ImageObject","inLanguage":"es","@id":"https:\/\/patagoniambiental.com.ar\/info\/en-san-carlos-de-bariloche-carreras-presento-al-nuevo-equipo-del-ministerio-de-turismo-cultura-y-deporte\/#primaryimage","url":"https:\/\/patagoniambiental.com.ar\/info\/wp-content\/uploads\/2017\/10\/22221992_1526073784167580_4857579290199797353_n.jpg","contentUrl":"https:\/\/patagoniambiental.com.ar\/info\/wp-content\/uploads\/2017\/10\/22221992_1526073784167580_4857579290199797353_n.jpg","width":960,"height":540},{"@type":"BreadcrumbList","@id":"https:\/\/patagoniambiental.com.ar\/info\/en-san-carlos-de-bariloche-carreras-presento-al-nuevo-equipo-del-ministerio-de-turismo-cultura-y-deporte\/#breadcrumb","itemListElement":[{"@type":"ListItem","position":1,"name":"Inicio","item":"https:\/\/patagoniambiental.com.ar\/info\/"},{"@type":"ListItem","position":2,"name":"En San Carlos de Bariloche Carreras present\u00f3 al nuevo equipo del Ministerio de Turismo, Cultura y Deporte"}]},{"@type":"WebSite","@id":"https:\/\/patagoniambiental.com.ar\/info\/#website","url":"https:\/\/patagoniambiental.com.ar\/info\/","name":"Patagonia Ambiental","description":"Monitoreo y an\u00e1lisis de la situaci\u00f3n geopol\u00edtica en el mundo y su implicancia en la Patagonia","publisher":{"@id":"https:\/\/patagoniambiental.com.ar\/info\/#organization"},"potentialAction":[{"@type":"SearchAction","target":{"@type":"EntryPoint","urlTemplate":"https:\/\/patagoniambiental.com.ar\/info\/?s={search_term_string}"},"query-input":{"@type":"PropertyValueSpecification","valueRequired":true,"valueName":"search_term_string"}}],"inLanguage":"es"},{"@type":"Organization","@id":"https:\/\/patagoniambiental.com.ar\/info\/#organization","name":"Patagonia Ambiental","url":"https:\/\/patagoniambiental.com.ar\/info\/","logo":{"@type":"ImageObject","inLanguage":"es","@id":"https:\/\/patagoniambiental.com.ar\/info\/#\/schema\/logo\/image\/","url":"https:\/\/patagoniambiental.com.ar\/info\/wp-content\/uploads\/2025\/05\/LOGO-PATAGONIA-AMBIENTAL.png","contentUrl":"https:\/\/patagoniambiental.com.ar\/info\/wp-content\/uploads\/2025\/05\/LOGO-PATAGONIA-AMBIENTAL.png","width":433,"height":250,"caption":"Patagonia Ambiental"},"image":{"@id":"https:\/\/patagoniambiental.com.ar\/info\/#\/schema\/logo\/image\/"},"sameAs":["https:\/\/www.facebook.com\/patagonia.ambiental","https:\/\/x.com\/PatAmb"]},{"@type":"Person","@id":"https:\/\/patagoniambiental.com.ar\/info\/#\/schema\/person\/db12bff64bbcbf6a253710bf0ea37b5d","name":"Patagonia Ambiental","description":"Andr\u00e9s Nievas T\u00e9cnico en manejo ambiental, consultor Ambiental y escritor para medios locales e internacionales sobre temas de geopolitica y medio ambiente.","sameAs":["http:\/\/www.patagoniambiental.com.ar","https:\/\/www.facebook.com\/share\/1C1V8Gv9BX\/?mibextid=qi2Omg","@patagoniambiental","https:\/\/youtube.com\/@patagoniaambiental2023?si=BLt58t0wuXquxlYZ"]}]}},"_links":{"self":[{"href":"https:\/\/patagoniambiental.com.ar\/info\/wp-json\/wp\/v2\/posts\/35804","targetHints":{"allow":["GET"]}}],"collection":[{"href":"https:\/\/patagoniambiental.com.ar\/info\/wp-json\/wp\/v2\/posts"}],"about":[{"href":"https:\/\/patagoniambiental.com.ar\/info\/wp-json\/wp\/v2\/types\/post"}],"author":[{"embeddable":true,"href":"https:\/\/patagoniambiental.com.ar\/info\/wp-json\/wp\/v2\/users\/2"}],"replies":[{"embeddable":true,"href":"https:\/\/patagoniambiental.com.ar\/info\/wp-json\/wp\/v2\/comments?post=35804"}],"version-history":[{"count":0,"href":"https:\/\/patagoniambiental.com.ar\/info\/wp-json\/wp\/v2\/posts\/35804\/revisions"}],"wp:featuredmedia":[{"embeddable":true,"href":"https:\/\/patagoniambiental.com.ar\/info\/wp-json\/wp\/v2\/media\/35805"}],"wp:attachment":[{"href":"https:\/\/patagoniambiental.com.ar\/info\/wp-json\/wp\/v2\/media?parent=35804"}],"wp:term":[{"taxonomy":"category","embeddable":true,"href":"https:\/\/patagoniambiental.com.ar\/info\/wp-json\/wp\/v2\/categories?post=35804"},{"taxonomy":"post_tag","embeddable":true,"href":"https:\/\/patagoniambiental.com.ar\/info\/wp-json\/wp\/v2\/tags?post=35804"}],"curies":[{"name":"wp","href":"https:\/\/api.w.org\/{rel}","templated":true}]}}