{"id":35874,"date":"2017-10-03T19:00:17","date_gmt":"2017-10-03T22:00:17","guid":{"rendered":"http:\/\/patagoniambiental.com.ar\/info\/?p=35874"},"modified":"2017-10-03T13:44:35","modified_gmt":"2017-10-03T16:44:35","slug":"comenzara-el-monitoreo-y-control-de-plaga-por-la-mosca-de-los-frutos-en-el-partido-de-patagones","status":"publish","type":"post","link":"https:\/\/patagoniambiental.com.ar\/info\/comenzara-el-monitoreo-y-control-de-plaga-por-la-mosca-de-los-frutos-en-el-partido-de-patagones\/","title":{"rendered":"Comenzar\u00e1 el monitoreo y control de plaga por la mosca de los frutos en el Partido de Patagones"},"content":{"rendered":"<p class=\"x_gmail-xxmsonormal\">Patagones.-En el marco del Programa Mosca de los Frutos, implementado por la Comisi\u00f3n de Sanidad Vegetal de la FunBaPa, a partir del lunes 9 de octubre comenzar\u00e1n las acciones de monitoreo y control de la plaga en el partido Patagones.<\/p>\n<p><!--more--><\/p>\n<p class=\"x_gmail-xxmsonormal\">Los trabajos consisten en el trampeo de moscas y muestreo de frutos para determinar la presencia de la plaga, su estado, cantidad y distribuci\u00f3n.\u00a0 A su vez, la liberaci\u00f3n a\u00e9rea de insectos est\u00e9riles, sobre el \u00e1rea urbana como medida preventiva de control.<\/p>\n<p class=\"x_gmail-xxmsonormal\">Adem\u00e1s, como medida preventiva, se realizar\u00e1 control cultural eliminando los frutos que puedan servir de hospederos de mosca, desinfecci\u00f3n de los suelos y aplicaci\u00f3n de Insecticida Cebo. Los cebos utilizados para el control de dicho insecto en los patios de las viviendas o el arbolado p\u00fablico, es un insecticida org\u00e1nico natural (principio activo Spinosad). La aplicaci\u00f3n del cebo en el arbolado p\u00fablico se realiza semanalmente, en horas de la madrugada para evitar incomodar a la poblaci\u00f3n. En aquellos domicilios en que se realicen tratamientos, los mismos solo se hacen previa autorizaci\u00f3n por escrito del propietario.<\/p>\n<p class=\"x_gmail-xxmsonormal\">Todas las tareas se desarrollan en el marco del Programa que a nivel Nacional lidera SENASA, organismo que fija las pautas legales y t\u00e9cnicas de las acciones que se aplican en todo el pa\u00eds, y que en la Patagonia ejecuta la FunBaPa.<\/p>\n<p class=\"x_gmail-xxmsonormal\">Los trabajos se realizan tambi\u00e9n en las localidades del partido de Villarino y de Rio Negro (Viedma, Conesa, R\u00edo Colorado, Catriel, Alto Valle, Catriel), La Pampa (La Adela, 25 de Mayo) y Valle Inferior del R\u00edo Chubut.<\/p>\n<p class=\"x_gmail-xxmsonormal\">Estas acciones son necesarias para mantener el estatus de \u00c1rea Libre de la Plaga \u201cmosca de los frutos\u201d con \u00e9l objeto de comercializar frutas a pa\u00edses con este requisito.<\/p>\n<p class=\"x_gmail-xxmsonormal\">Ante cualquier consulta, queda a disposici\u00f3n los tel\u00e9fonos de la Fundaci\u00f3n en horario de 8 a 16 hs. (02920) 436036 (Viedma) y (0298) 4420909\/08<\/p>\n<p class=\"x_MsoNormal\">\n<div><\/div>\n<p>Fuente:\u00a0<span style=\"font-size: small;\">Direcci\u00f3n de Comunicaci\u00f3n Institucional<\/span><\/p>\n<div class=\"x_gmail-m_-5187006691137778992gmail_signature\">\n<div dir=\"ltr\">\n<div>\n<div dir=\"ltr\">\n<div>\n<div dir=\"ltr\">\n<div>\n<div dir=\"ltr\">\n<div>\n<div dir=\"ltr\">\n<div><b><span style=\"font-size: small;\">MUNICIPALIDAD DE PATAGONES<\/span><\/b><\/div>\n<\/div>\n<\/div>\n<\/div>\n<\/div>\n<\/div>\n<\/div>\n<\/div>\n<\/div>\n<\/div>\n<\/div>\n","protected":false},"excerpt":{"rendered":"<p>Patagones.-En el marco del Programa Mosca de los Frutos, implementado por la Comisi\u00f3n de Sanidad Vegetal de la FunBaPa, a [&hellip;]<\/p>\n","protected":false},"author":2,"featured_media":35875,"comment_status":"open","ping_status":"open","sticky":false,"template":"","format":"standard","meta":{"site-sidebar-layout":"default","site-content-layout":"","ast-site-content-layout":"default","site-content-style":"default","site-sidebar-style":"default","ast-global-header-display":"","ast-banner-title-visibility":"","ast-main-header-display":"","ast-hfb-above-header-display":"","ast-hfb-below-header-display":"","ast-hfb-mobile-header-display":"","site-post-title":"","ast-breadcrumbs-content":"","ast-featured-img":"","footer-sml-layout":"","ast-disable-related-posts":"","theme-transparent-header-meta":"","adv-header-id-meta":"","stick-header-meta":"","header-above-stick-meta":"","header-main-stick-meta":"","header-below-stick-meta":"","astra-migrate-meta-layouts":"default","ast-page-background-enabled":"default","ast-page-background-meta":{"desktop":{"background-color":"var(--ast-global-color-5)","background-image":"","background-repeat":"repeat","background-position":"center center","background-size":"auto","background-attachment":"scroll","background-type":"","background-media":"","overlay-type":"","overlay-color":"","overlay-opacity":"","overlay-gradient":""},"tablet":{"background-color":"","background-image":"","background-repeat":"repeat","background-position":"center center","background-size":"auto","background-attachment":"scroll","background-type":"","background-media":"","overlay-type":"","overlay-color":"","overlay-opacity":"","overlay-gradient":""},"mobile":{"background-color":"","background-image":"","background-repeat":"repeat","background-position":"center center","background-size":"auto","background-attachment":"scroll","background-type":"","background-media":"","overlay-type":"","overlay-color":"","overlay-opacity":"","overlay-gradient":""}},"ast-content-background-meta":{"desktop":{"background-color":"var(--ast-global-color-4)","background-image":"","background-repeat":"repeat","background-position":"center center","background-size":"auto","background-attachment":"scroll","background-type":"","background-media":"","overlay-type":"","overlay-color":"","overlay-opacity":"","overlay-gradient":""},"tablet":{"background-color":"var(--ast-global-color-4)","background-image":"","background-repeat":"repeat","background-position":"center center","background-size":"auto","background-attachment":"scroll","background-type":"","background-media":"","overlay-type":"","overlay-color":"","overlay-opacity":"","overlay-gradient":""},"mobile":{"background-color":"var(--ast-global-color-4)","background-image":"","background-repeat":"repeat","background-position":"center center","background-size":"auto","background-attachment":"scroll","background-type":"","background-media":"","overlay-type":"","overlay-color":"","overlay-opacity":"","overlay-gradient":""}},"footnotes":""},"categories":[16,1],"tags":[],"class_list":["post-35874","post","type-post","status-publish","format-standard","has-post-thumbnail","hentry","category-municipales","category-noticias"],"yoast_head":"<!-- This site is optimized with the Yoast SEO Premium plugin v23.0 (Yoast SEO v27.4) - https:\/\/yoast.com\/product\/yoast-seo-premium-wordpress\/ -->\n<title>Comenzar\u00e1 el monitoreo y control de plaga por la mosca de los frutos en el Partido de Patagones<\/title>\n<meta name=\"robots\" content=\"index, follow, max-snippet:-1, max-image-preview:large, max-video-preview:-1\" \/>\n<link rel=\"canonical\" href=\"https:\/\/patagoniambiental.com.ar\/info\/comenzara-el-monitoreo-y-control-de-plaga-por-la-mosca-de-los-frutos-en-el-partido-de-patagones\/\" \/>\n<meta property=\"og:locale\" content=\"es_ES\" \/>\n<meta property=\"og:type\" content=\"article\" \/>\n<meta property=\"og:title\" content=\"Comenzar\u00e1 el monitoreo y control de plaga por la mosca de los frutos en el Partido de Patagones\" \/>\n<meta property=\"og:description\" content=\"Patagones.-En el marco del Programa Mosca de los Frutos, implementado por la Comisi\u00f3n de Sanidad Vegetal de la FunBaPa, a [&hellip;]\" \/>\n<meta property=\"og:url\" content=\"https:\/\/patagoniambiental.com.ar\/info\/comenzara-el-monitoreo-y-control-de-plaga-por-la-mosca-de-los-frutos-en-el-partido-de-patagones\/\" \/>\n<meta property=\"og:site_name\" content=\"Patagonia Ambiental\" \/>\n<meta property=\"article:publisher\" content=\"https:\/\/www.facebook.com\/patagonia.ambiental\" \/>\n<meta property=\"article:author\" content=\"https:\/\/www.facebook.com\/share\/1C1V8Gv9BX\/?mibextid=qi2Omg\" \/>\n<meta property=\"article:published_time\" content=\"2017-10-03T22:00:17+00:00\" \/>\n<meta property=\"og:image\" content=\"https:\/\/patagoniambiental.com.ar\/info\/wp-content\/uploads\/2017\/10\/ceratitis05.png\" \/>\n\t<meta property=\"og:image:width\" content=\"500\" \/>\n\t<meta property=\"og:image:height\" content=\"402\" \/>\n\t<meta property=\"og:image:type\" content=\"image\/png\" \/>\n<meta name=\"author\" content=\"Patagonia Ambiental\" \/>\n<meta name=\"twitter:card\" content=\"summary_large_image\" \/>\n<meta name=\"twitter:creator\" content=\"@PatAmb\" \/>\n<meta name=\"twitter:site\" content=\"@PatAmb\" \/>\n<script type=\"application\/ld+json\" class=\"yoast-schema-graph\">{\"@context\":\"https:\\\/\\\/schema.org\",\"@graph\":[{\"@type\":\"Article\",\"@id\":\"https:\\\/\\\/patagoniambiental.com.ar\\\/info\\\/comenzara-el-monitoreo-y-control-de-plaga-por-la-mosca-de-los-frutos-en-el-partido-de-patagones\\\/#article\",\"isPartOf\":{\"@id\":\"https:\\\/\\\/patagoniambiental.com.ar\\\/info\\\/comenzara-el-monitoreo-y-control-de-plaga-por-la-mosca-de-los-frutos-en-el-partido-de-patagones\\\/\"},\"author\":{\"name\":\"Patagonia Ambiental\",\"@id\":\"https:\\\/\\\/patagoniambiental.com.ar\\\/info\\\/#\\\/schema\\\/person\\\/db12bff64bbcbf6a253710bf0ea37b5d\"},\"headline\":\"Comenzar\u00e1 el monitoreo y control de plaga por la mosca de los frutos en el Partido de Patagones\",\"datePublished\":\"2017-10-03T22:00:17+00:00\",\"mainEntityOfPage\":{\"@id\":\"https:\\\/\\\/patagoniambiental.com.ar\\\/info\\\/comenzara-el-monitoreo-y-control-de-plaga-por-la-mosca-de-los-frutos-en-el-partido-de-patagones\\\/\"},\"wordCount\":354,\"commentCount\":0,\"publisher\":{\"@id\":\"https:\\\/\\\/patagoniambiental.com.ar\\\/info\\\/#organization\"},\"image\":{\"@id\":\"https:\\\/\\\/patagoniambiental.com.ar\\\/info\\\/comenzara-el-monitoreo-y-control-de-plaga-por-la-mosca-de-los-frutos-en-el-partido-de-patagones\\\/#primaryimage\"},\"thumbnailUrl\":\"https:\\\/\\\/patagoniambiental.com.ar\\\/info\\\/wp-content\\\/uploads\\\/2017\\\/10\\\/ceratitis05.png\",\"articleSection\":[\"Municipales\",\"Noticias\"],\"inLanguage\":\"es\",\"potentialAction\":[{\"@type\":\"CommentAction\",\"name\":\"Comment\",\"target\":[\"https:\\\/\\\/patagoniambiental.com.ar\\\/info\\\/comenzara-el-monitoreo-y-control-de-plaga-por-la-mosca-de-los-frutos-en-el-partido-de-patagones\\\/#respond\"]}]},{\"@type\":\"WebPage\",\"@id\":\"https:\\\/\\\/patagoniambiental.com.ar\\\/info\\\/comenzara-el-monitoreo-y-control-de-plaga-por-la-mosca-de-los-frutos-en-el-partido-de-patagones\\\/\",\"url\":\"https:\\\/\\\/patagoniambiental.com.ar\\\/info\\\/comenzara-el-monitoreo-y-control-de-plaga-por-la-mosca-de-los-frutos-en-el-partido-de-patagones\\\/\",\"name\":\"Comenzar\u00e1 el monitoreo y control de plaga por la mosca de los frutos en el Partido de Patagones\",\"isPartOf\":{\"@id\":\"https:\\\/\\\/patagoniambiental.com.ar\\\/info\\\/#website\"},\"primaryImageOfPage\":{\"@id\":\"https:\\\/\\\/patagoniambiental.com.ar\\\/info\\\/comenzara-el-monitoreo-y-control-de-plaga-por-la-mosca-de-los-frutos-en-el-partido-de-patagones\\\/#primaryimage\"},\"image\":{\"@id\":\"https:\\\/\\\/patagoniambiental.com.ar\\\/info\\\/comenzara-el-monitoreo-y-control-de-plaga-por-la-mosca-de-los-frutos-en-el-partido-de-patagones\\\/#primaryimage\"},\"thumbnailUrl\":\"https:\\\/\\\/patagoniambiental.com.ar\\\/info\\\/wp-content\\\/uploads\\\/2017\\\/10\\\/ceratitis05.png\",\"datePublished\":\"2017-10-03T22:00:17+00:00\",\"breadcrumb\":{\"@id\":\"https:\\\/\\\/patagoniambiental.com.ar\\\/info\\\/comenzara-el-monitoreo-y-control-de-plaga-por-la-mosca-de-los-frutos-en-el-partido-de-patagones\\\/#breadcrumb\"},\"inLanguage\":\"es\",\"potentialAction\":[{\"@type\":\"ReadAction\",\"target\":[\"https:\\\/\\\/patagoniambiental.com.ar\\\/info\\\/comenzara-el-monitoreo-y-control-de-plaga-por-la-mosca-de-los-frutos-en-el-partido-de-patagones\\\/\"]}]},{\"@type\":\"ImageObject\",\"inLanguage\":\"es\",\"@id\":\"https:\\\/\\\/patagoniambiental.com.ar\\\/info\\\/comenzara-el-monitoreo-y-control-de-plaga-por-la-mosca-de-los-frutos-en-el-partido-de-patagones\\\/#primaryimage\",\"url\":\"https:\\\/\\\/patagoniambiental.com.ar\\\/info\\\/wp-content\\\/uploads\\\/2017\\\/10\\\/ceratitis05.png\",\"contentUrl\":\"https:\\\/\\\/patagoniambiental.com.ar\\\/info\\\/wp-content\\\/uploads\\\/2017\\\/10\\\/ceratitis05.png\",\"width\":500,\"height\":402,\"caption\":\"http:\\\/\\\/www.probodelt.com\\\/fotos\\\/ceratitis05.png\"},{\"@type\":\"BreadcrumbList\",\"@id\":\"https:\\\/\\\/patagoniambiental.com.ar\\\/info\\\/comenzara-el-monitoreo-y-control-de-plaga-por-la-mosca-de-los-frutos-en-el-partido-de-patagones\\\/#breadcrumb\",\"itemListElement\":[{\"@type\":\"ListItem\",\"position\":1,\"name\":\"Inicio\",\"item\":\"https:\\\/\\\/patagoniambiental.com.ar\\\/info\\\/\"},{\"@type\":\"ListItem\",\"position\":2,\"name\":\"Comenzar\u00e1 el monitoreo y control de plaga por la mosca de los frutos en el Partido de Patagones\"}]},{\"@type\":\"WebSite\",\"@id\":\"https:\\\/\\\/patagoniambiental.com.ar\\\/info\\\/#website\",\"url\":\"https:\\\/\\\/patagoniambiental.com.ar\\\/info\\\/\",\"name\":\"Patagonia Ambiental\",\"description\":\"Monitoreo y an\u00e1lisis de la situaci\u00f3n geopol\u00edtica en el mundo y su implicancia en la Patagonia\",\"publisher\":{\"@id\":\"https:\\\/\\\/patagoniambiental.com.ar\\\/info\\\/#organization\"},\"potentialAction\":[{\"@type\":\"SearchAction\",\"target\":{\"@type\":\"EntryPoint\",\"urlTemplate\":\"https:\\\/\\\/patagoniambiental.com.ar\\\/info\\\/?s={search_term_string}\"},\"query-input\":{\"@type\":\"PropertyValueSpecification\",\"valueRequired\":true,\"valueName\":\"search_term_string\"}}],\"inLanguage\":\"es\"},{\"@type\":\"Organization\",\"@id\":\"https:\\\/\\\/patagoniambiental.com.ar\\\/info\\\/#organization\",\"name\":\"Patagonia Ambiental\",\"url\":\"https:\\\/\\\/patagoniambiental.com.ar\\\/info\\\/\",\"logo\":{\"@type\":\"ImageObject\",\"inLanguage\":\"es\",\"@id\":\"https:\\\/\\\/patagoniambiental.com.ar\\\/info\\\/#\\\/schema\\\/logo\\\/image\\\/\",\"url\":\"https:\\\/\\\/patagoniambiental.com.ar\\\/info\\\/wp-content\\\/uploads\\\/2025\\\/05\\\/LOGO-PATAGONIA-AMBIENTAL.png\",\"contentUrl\":\"https:\\\/\\\/patagoniambiental.com.ar\\\/info\\\/wp-content\\\/uploads\\\/2025\\\/05\\\/LOGO-PATAGONIA-AMBIENTAL.png\",\"width\":433,\"height\":250,\"caption\":\"Patagonia Ambiental\"},\"image\":{\"@id\":\"https:\\\/\\\/patagoniambiental.com.ar\\\/info\\\/#\\\/schema\\\/logo\\\/image\\\/\"},\"sameAs\":[\"https:\\\/\\\/www.facebook.com\\\/patagonia.ambiental\",\"https:\\\/\\\/x.com\\\/PatAmb\"]},{\"@type\":\"Person\",\"@id\":\"https:\\\/\\\/patagoniambiental.com.ar\\\/info\\\/#\\\/schema\\\/person\\\/db12bff64bbcbf6a253710bf0ea37b5d\",\"name\":\"Patagonia Ambiental\",\"description\":\"Andr\u00e9s Nievas T\u00e9cnico en manejo ambiental, consultor Ambiental y escritor para medios locales e internacionales sobre temas de geopolitica y medio ambiente.\",\"sameAs\":[\"http:\\\/\\\/www.patagoniambiental.com.ar\",\"https:\\\/\\\/www.facebook.com\\\/share\\\/1C1V8Gv9BX\\\/?mibextid=qi2Omg\",\"@patagoniambiental\",\"https:\\\/\\\/youtube.com\\\/@patagoniaambiental2023?si=BLt58t0wuXquxlYZ\"]}]}<\/script>\n<!-- \/ Yoast SEO Premium plugin. -->","yoast_head_json":{"title":"Comenzar\u00e1 el monitoreo y control de plaga por la mosca de los frutos en el Partido de Patagones","robots":{"index":"index","follow":"follow","max-snippet":"max-snippet:-1","max-image-preview":"max-image-preview:large","max-video-preview":"max-video-preview:-1"},"canonical":"https:\/\/patagoniambiental.com.ar\/info\/comenzara-el-monitoreo-y-control-de-plaga-por-la-mosca-de-los-frutos-en-el-partido-de-patagones\/","og_locale":"es_ES","og_type":"article","og_title":"Comenzar\u00e1 el monitoreo y control de plaga por la mosca de los frutos en el Partido de Patagones","og_description":"Patagones.-En el marco del Programa Mosca de los Frutos, implementado por la Comisi\u00f3n de Sanidad Vegetal de la FunBaPa, a [&hellip;]","og_url":"https:\/\/patagoniambiental.com.ar\/info\/comenzara-el-monitoreo-y-control-de-plaga-por-la-mosca-de-los-frutos-en-el-partido-de-patagones\/","og_site_name":"Patagonia Ambiental","article_publisher":"https:\/\/www.facebook.com\/patagonia.ambiental","article_author":"https:\/\/www.facebook.com\/share\/1C1V8Gv9BX\/?mibextid=qi2Omg","article_published_time":"2017-10-03T22:00:17+00:00","og_image":[{"width":500,"height":402,"url":"https:\/\/patagoniambiental.com.ar\/info\/wp-content\/uploads\/2017\/10\/ceratitis05.png","type":"image\/png"}],"author":"Patagonia Ambiental","twitter_card":"summary_large_image","twitter_creator":"@PatAmb","twitter_site":"@PatAmb","schema":{"@context":"https:\/\/schema.org","@graph":[{"@type":"Article","@id":"https:\/\/patagoniambiental.com.ar\/info\/comenzara-el-monitoreo-y-control-de-plaga-por-la-mosca-de-los-frutos-en-el-partido-de-patagones\/#article","isPartOf":{"@id":"https:\/\/patagoniambiental.com.ar\/info\/comenzara-el-monitoreo-y-control-de-plaga-por-la-mosca-de-los-frutos-en-el-partido-de-patagones\/"},"author":{"name":"Patagonia Ambiental","@id":"https:\/\/patagoniambiental.com.ar\/info\/#\/schema\/person\/db12bff64bbcbf6a253710bf0ea37b5d"},"headline":"Comenzar\u00e1 el monitoreo y control de plaga por la mosca de los frutos en el Partido de Patagones","datePublished":"2017-10-03T22:00:17+00:00","mainEntityOfPage":{"@id":"https:\/\/patagoniambiental.com.ar\/info\/comenzara-el-monitoreo-y-control-de-plaga-por-la-mosca-de-los-frutos-en-el-partido-de-patagones\/"},"wordCount":354,"commentCount":0,"publisher":{"@id":"https:\/\/patagoniambiental.com.ar\/info\/#organization"},"image":{"@id":"https:\/\/patagoniambiental.com.ar\/info\/comenzara-el-monitoreo-y-control-de-plaga-por-la-mosca-de-los-frutos-en-el-partido-de-patagones\/#primaryimage"},"thumbnailUrl":"https:\/\/patagoniambiental.com.ar\/info\/wp-content\/uploads\/2017\/10\/ceratitis05.png","articleSection":["Municipales","Noticias"],"inLanguage":"es","potentialAction":[{"@type":"CommentAction","name":"Comment","target":["https:\/\/patagoniambiental.com.ar\/info\/comenzara-el-monitoreo-y-control-de-plaga-por-la-mosca-de-los-frutos-en-el-partido-de-patagones\/#respond"]}]},{"@type":"WebPage","@id":"https:\/\/patagoniambiental.com.ar\/info\/comenzara-el-monitoreo-y-control-de-plaga-por-la-mosca-de-los-frutos-en-el-partido-de-patagones\/","url":"https:\/\/patagoniambiental.com.ar\/info\/comenzara-el-monitoreo-y-control-de-plaga-por-la-mosca-de-los-frutos-en-el-partido-de-patagones\/","name":"Comenzar\u00e1 el monitoreo y control de plaga por la mosca de los frutos en el Partido de Patagones","isPartOf":{"@id":"https:\/\/patagoniambiental.com.ar\/info\/#website"},"primaryImageOfPage":{"@id":"https:\/\/patagoniambiental.com.ar\/info\/comenzara-el-monitoreo-y-control-de-plaga-por-la-mosca-de-los-frutos-en-el-partido-de-patagones\/#primaryimage"},"image":{"@id":"https:\/\/patagoniambiental.com.ar\/info\/comenzara-el-monitoreo-y-control-de-plaga-por-la-mosca-de-los-frutos-en-el-partido-de-patagones\/#primaryimage"},"thumbnailUrl":"https:\/\/patagoniambiental.com.ar\/info\/wp-content\/uploads\/2017\/10\/ceratitis05.png","datePublished":"2017-10-03T22:00:17+00:00","breadcrumb":{"@id":"https:\/\/patagoniambiental.com.ar\/info\/comenzara-el-monitoreo-y-control-de-plaga-por-la-mosca-de-los-frutos-en-el-partido-de-patagones\/#breadcrumb"},"inLanguage":"es","potentialAction":[{"@type":"ReadAction","target":["https:\/\/patagoniambiental.com.ar\/info\/comenzara-el-monitoreo-y-control-de-plaga-por-la-mosca-de-los-frutos-en-el-partido-de-patagones\/"]}]},{"@type":"ImageObject","inLanguage":"es","@id":"https:\/\/patagoniambiental.com.ar\/info\/comenzara-el-monitoreo-y-control-de-plaga-por-la-mosca-de-los-frutos-en-el-partido-de-patagones\/#primaryimage","url":"https:\/\/patagoniambiental.com.ar\/info\/wp-content\/uploads\/2017\/10\/ceratitis05.png","contentUrl":"https:\/\/patagoniambiental.com.ar\/info\/wp-content\/uploads\/2017\/10\/ceratitis05.png","width":500,"height":402,"caption":"http:\/\/www.probodelt.com\/fotos\/ceratitis05.png"},{"@type":"BreadcrumbList","@id":"https:\/\/patagoniambiental.com.ar\/info\/comenzara-el-monitoreo-y-control-de-plaga-por-la-mosca-de-los-frutos-en-el-partido-de-patagones\/#breadcrumb","itemListElement":[{"@type":"ListItem","position":1,"name":"Inicio","item":"https:\/\/patagoniambiental.com.ar\/info\/"},{"@type":"ListItem","position":2,"name":"Comenzar\u00e1 el monitoreo y control de plaga por la mosca de los frutos en el Partido de Patagones"}]},{"@type":"WebSite","@id":"https:\/\/patagoniambiental.com.ar\/info\/#website","url":"https:\/\/patagoniambiental.com.ar\/info\/","name":"Patagonia Ambiental","description":"Monitoreo y an\u00e1lisis de la situaci\u00f3n geopol\u00edtica en el mundo y su implicancia en la Patagonia","publisher":{"@id":"https:\/\/patagoniambiental.com.ar\/info\/#organization"},"potentialAction":[{"@type":"SearchAction","target":{"@type":"EntryPoint","urlTemplate":"https:\/\/patagoniambiental.com.ar\/info\/?s={search_term_string}"},"query-input":{"@type":"PropertyValueSpecification","valueRequired":true,"valueName":"search_term_string"}}],"inLanguage":"es"},{"@type":"Organization","@id":"https:\/\/patagoniambiental.com.ar\/info\/#organization","name":"Patagonia Ambiental","url":"https:\/\/patagoniambiental.com.ar\/info\/","logo":{"@type":"ImageObject","inLanguage":"es","@id":"https:\/\/patagoniambiental.com.ar\/info\/#\/schema\/logo\/image\/","url":"https:\/\/patagoniambiental.com.ar\/info\/wp-content\/uploads\/2025\/05\/LOGO-PATAGONIA-AMBIENTAL.png","contentUrl":"https:\/\/patagoniambiental.com.ar\/info\/wp-content\/uploads\/2025\/05\/LOGO-PATAGONIA-AMBIENTAL.png","width":433,"height":250,"caption":"Patagonia Ambiental"},"image":{"@id":"https:\/\/patagoniambiental.com.ar\/info\/#\/schema\/logo\/image\/"},"sameAs":["https:\/\/www.facebook.com\/patagonia.ambiental","https:\/\/x.com\/PatAmb"]},{"@type":"Person","@id":"https:\/\/patagoniambiental.com.ar\/info\/#\/schema\/person\/db12bff64bbcbf6a253710bf0ea37b5d","name":"Patagonia Ambiental","description":"Andr\u00e9s Nievas T\u00e9cnico en manejo ambiental, consultor Ambiental y escritor para medios locales e internacionales sobre temas de geopolitica y medio ambiente.","sameAs":["http:\/\/www.patagoniambiental.com.ar","https:\/\/www.facebook.com\/share\/1C1V8Gv9BX\/?mibextid=qi2Omg","@patagoniambiental","https:\/\/youtube.com\/@patagoniaambiental2023?si=BLt58t0wuXquxlYZ"]}]}},"_links":{"self":[{"href":"https:\/\/patagoniambiental.com.ar\/info\/wp-json\/wp\/v2\/posts\/35874","targetHints":{"allow":["GET"]}}],"collection":[{"href":"https:\/\/patagoniambiental.com.ar\/info\/wp-json\/wp\/v2\/posts"}],"about":[{"href":"https:\/\/patagoniambiental.com.ar\/info\/wp-json\/wp\/v2\/types\/post"}],"author":[{"embeddable":true,"href":"https:\/\/patagoniambiental.com.ar\/info\/wp-json\/wp\/v2\/users\/2"}],"replies":[{"embeddable":true,"href":"https:\/\/patagoniambiental.com.ar\/info\/wp-json\/wp\/v2\/comments?post=35874"}],"version-history":[{"count":0,"href":"https:\/\/patagoniambiental.com.ar\/info\/wp-json\/wp\/v2\/posts\/35874\/revisions"}],"wp:featuredmedia":[{"embeddable":true,"href":"https:\/\/patagoniambiental.com.ar\/info\/wp-json\/wp\/v2\/media\/35875"}],"wp:attachment":[{"href":"https:\/\/patagoniambiental.com.ar\/info\/wp-json\/wp\/v2\/media?parent=35874"}],"wp:term":[{"taxonomy":"category","embeddable":true,"href":"https:\/\/patagoniambiental.com.ar\/info\/wp-json\/wp\/v2\/categories?post=35874"},{"taxonomy":"post_tag","embeddable":true,"href":"https:\/\/patagoniambiental.com.ar\/info\/wp-json\/wp\/v2\/tags?post=35874"}],"curies":[{"name":"wp","href":"https:\/\/api.w.org\/{rel}","templated":true}]}}