{"id":35901,"date":"2017-10-04T09:00:18","date_gmt":"2017-10-04T12:00:18","guid":{"rendered":"http:\/\/patagoniambiental.com.ar\/info\/?p=35901"},"modified":"2017-10-03T21:22:26","modified_gmt":"2017-10-04T00:22:26","slug":"nuevas-oportunidades-en-argentina-en-el-ano-de-las-energias-renovables","status":"publish","type":"post","link":"https:\/\/patagoniambiental.com.ar\/info\/nuevas-oportunidades-en-argentina-en-el-ano-de-las-energias-renovables\/","title":{"rendered":"Nuevas oportunidades en Argentina en el a\u00f1o de las energ\u00edas renovables"},"content":{"rendered":"<p>La energ\u00eda renovable lleg\u00f3 para quedarse en la Argentina y hasta el jueves 5 de octubre se realizar\u00e1 el segundo Congreso l\u00edder e Internacional de Energ\u00edas Renovables (AIREC). Sobre la transici\u00f3n argentina hacia las nuevas energ\u00edas opin\u00f3 para T\u00e9lam Rosa Eslwood, Directora de Programa de AIREC 2017.<\/p>\n<p>El 2017 es, por decreto, el a\u00f1o nacional de las energ\u00edas renovables en Argentina. Bas\u00e1ndose en la ley 27.191 &#8211; que busca fomentar el uso de energ\u00edas renovables mediante licitaciones p\u00fablicas &#8211; se propone, adem\u00e1s, desarrollar proyectos, aumentar la obtenci\u00f3n de energ\u00edas limpias, y poder alcanzar el 8% de generaci\u00f3n el\u00e9ctrica para 2018 y el 20% del total producido en el pa\u00eds de cara a 2025.<\/p>\n<p>Con estas reglas de juego, se vislumbran m\u00faltiples acuerdos de compra de energ\u00eda limpia que permitir\u00e1n una gran cantidad de inversiones en el pa\u00eds. Con esta ley se exige el funcionamiento de un mercado el\u00e9ctrico transparente que asegure a los usuarios un abastecimiento de energ\u00eda confiable y competitivo.<\/p>\n<p>Este escenario nos abre las puertas para volver a este pa\u00eds y llevar a cabo el segundo Congreso l\u00edder e Internacional de Energ\u00edas Renovables (AIREC). Este a\u00f1o adem\u00e1s ha demostrado un crecimiento acelerado y un entusiasmo en el mercado argentino, en lo que se ha llamado \u00abel a\u00f1o de las energ\u00edas renovables\u00bb.<\/p>\n<p>Argentina tiene un gran potencial en la regi\u00f3n para desarrollar energ\u00edas renovables. Seg\u00fan un relevamiento de la consultora global Ernst &amp;amp;amp; Young, el pa\u00eds se posiciona en alza, junto con las oportunidades de los distintos pa\u00edses de la regi\u00f3n seguido por, M\u00e9xico, Chile y Brasil.<\/p>\n<p>Desde esta perspectiva, un factor que resulta favorable para el desarrollo de las energ\u00edas renovables en el pa\u00eds es que cerca del 70% de su territorio posee vientos cuya velocidad media anual, medida a 50 metros de altura sobre el nivel del suelo, supera los 6 m\/s. La costa atl\u00e1ntica de la Provincia de Buenos Aires tiene vientos similares a los de las costas del B\u00e1ltico y del Mar del Norte, superiores a los 7 m\/s. Asimismo, vastas zonas en la Patagonia media y sur cuentan con velocidades promedio que superan los 9 m\/s y hasta 12 m\/s.<\/p>\n<p>Las energ\u00edas renovables no s\u00f3lo presentan desaf\u00edos, sino que tambi\u00e9n generan oportunidades a nivel laboral. La globalizaci\u00f3n, as\u00ed como el impacto del cambio clim\u00e1tico ofrecen distintas oportunidades de empoderamiento econ\u00f3mico para las mujeres. Este es el caso de las energ\u00edas renovables, sector en el que se calcula que dar\u00e1 empleo a 24 millones de personas en todo el mundo con vistas al 2030.<\/p>\n<p>La participaci\u00f3n de la mujer en el sector energ\u00e9tico contin\u00faa siendo baja, lo cual se demuestra en el informe sobre empleo del World Economic Forum de 2016, que asegura que las mujeres representan \u00fanicamente el 15% de la fuerza laboral energ\u00e9tica. Este dato es un poco m\u00e1s elevado en el caso del sector renovable, compuesto por un 35% de la dotaci\u00f3n total del personal.<\/p>\n<p>Nuestro aporte en este sentido es colaborar con la inserci\u00f3n de la mujer en la industria, y es por eso que este a\u00f1o contaremos con la participaci\u00f3n de m\u00e1s 36 mujeres oradoras, lo que representa un r\u00e9cord en el sector de las energ\u00edas renovables, tanto en la Argentina como en la regi\u00f3n.<\/p>\n<p>Fuente:\u00a0Por Rosa Eslwood\u00a0Directora de Programa de AIREC 2017 para Telam<\/p>\n<div class=\"author clearfix\"><\/div>\n","protected":false},"excerpt":{"rendered":"<p>La energ\u00eda renovable lleg\u00f3 para quedarse en la Argentina y hasta el jueves 5 de octubre se realizar\u00e1 el segundo [&hellip;]<\/p>\n","protected":false},"author":2,"featured_media":0,"comment_status":"open","ping_status":"open","sticky":false,"template":"","format":"standard","meta":{"site-sidebar-layout":"default","site-content-layout":"","ast-site-content-layout":"default","site-content-style":"default","site-sidebar-style":"default","ast-global-header-display":"","ast-banner-title-visibility":"","ast-main-header-display":"","ast-hfb-above-header-display":"","ast-hfb-below-header-display":"","ast-hfb-mobile-header-display":"","site-post-title":"","ast-breadcrumbs-content":"","ast-featured-img":"","footer-sml-layout":"","ast-disable-related-posts":"","theme-transparent-header-meta":"","adv-header-id-meta":"","stick-header-meta":"","header-above-stick-meta":"","header-main-stick-meta":"","header-below-stick-meta":"","astra-migrate-meta-layouts":"default","ast-page-background-enabled":"default","ast-page-background-meta":{"desktop":{"background-color":"var(--ast-global-color-5)","background-image":"","background-repeat":"repeat","background-position":"center center","background-size":"auto","background-attachment":"scroll","background-type":"","background-media":"","overlay-type":"","overlay-color":"","overlay-opacity":"","overlay-gradient":""},"tablet":{"background-color":"","background-image":"","background-repeat":"repeat","background-position":"center center","background-size":"auto","background-attachment":"scroll","background-type":"","background-media":"","overlay-type":"","overlay-color":"","overlay-opacity":"","overlay-gradient":""},"mobile":{"background-color":"","background-image":"","background-repeat":"repeat","background-position":"center center","background-size":"auto","background-attachment":"scroll","background-type":"","background-media":"","overlay-type":"","overlay-color":"","overlay-opacity":"","overlay-gradient":""}},"ast-content-background-meta":{"desktop":{"background-color":"var(--ast-global-color-4)","background-image":"","background-repeat":"repeat","background-position":"center center","background-size":"auto","background-attachment":"scroll","background-type":"","background-media":"","overlay-type":"","overlay-color":"","overlay-opacity":"","overlay-gradient":""},"tablet":{"background-color":"var(--ast-global-color-4)","background-image":"","background-repeat":"repeat","background-position":"center center","background-size":"auto","background-attachment":"scroll","background-type":"","background-media":"","overlay-type":"","overlay-color":"","overlay-opacity":"","overlay-gradient":""},"mobile":{"background-color":"var(--ast-global-color-4)","background-image":"","background-repeat":"repeat","background-position":"center center","background-size":"auto","background-attachment":"scroll","background-type":"","background-media":"","overlay-type":"","overlay-color":"","overlay-opacity":"","overlay-gradient":""}},"footnotes":""},"categories":[1],"tags":[],"class_list":["post-35901","post","type-post","status-publish","format-standard","hentry","category-noticias"],"yoast_head":"<!-- This site is optimized with the Yoast SEO Premium plugin v23.0 (Yoast SEO v27.5) - https:\/\/yoast.com\/product\/yoast-seo-premium-wordpress\/ -->\n<title>Nuevas oportunidades en Argentina en el a\u00f1o de las energ\u00edas renovables<\/title>\n<meta name=\"robots\" content=\"index, follow, max-snippet:-1, max-image-preview:large, max-video-preview:-1\" \/>\n<link rel=\"canonical\" href=\"https:\/\/patagoniambiental.com.ar\/info\/nuevas-oportunidades-en-argentina-en-el-ano-de-las-energias-renovables\/\" \/>\n<meta property=\"og:locale\" content=\"es_ES\" \/>\n<meta property=\"og:type\" content=\"article\" \/>\n<meta property=\"og:title\" content=\"Nuevas oportunidades en Argentina en el a\u00f1o de las energ\u00edas renovables\" \/>\n<meta property=\"og:description\" content=\"La energ\u00eda renovable lleg\u00f3 para quedarse en la Argentina y hasta el jueves 5 de octubre se realizar\u00e1 el segundo [&hellip;]\" \/>\n<meta property=\"og:url\" content=\"https:\/\/patagoniambiental.com.ar\/info\/nuevas-oportunidades-en-argentina-en-el-ano-de-las-energias-renovables\/\" \/>\n<meta property=\"og:site_name\" content=\"Patagonia Ambiental\" \/>\n<meta property=\"article:publisher\" content=\"https:\/\/www.facebook.com\/patagonia.ambiental\" \/>\n<meta property=\"article:author\" content=\"https:\/\/www.facebook.com\/share\/1C1V8Gv9BX\/?mibextid=qi2Omg\" \/>\n<meta property=\"article:published_time\" content=\"2017-10-04T12:00:18+00:00\" \/>\n<meta name=\"author\" content=\"Patagonia Ambiental\" \/>\n<meta name=\"twitter:card\" content=\"summary_large_image\" \/>\n<meta name=\"twitter:creator\" content=\"@PatAmb\" \/>\n<meta name=\"twitter:site\" content=\"@PatAmb\" \/>\n<script type=\"application\/ld+json\" class=\"yoast-schema-graph\">{\"@context\":\"https:\\\/\\\/schema.org\",\"@graph\":[{\"@type\":\"Article\",\"@id\":\"https:\\\/\\\/patagoniambiental.com.ar\\\/info\\\/nuevas-oportunidades-en-argentina-en-el-ano-de-las-energias-renovables\\\/#article\",\"isPartOf\":{\"@id\":\"https:\\\/\\\/patagoniambiental.com.ar\\\/info\\\/nuevas-oportunidades-en-argentina-en-el-ano-de-las-energias-renovables\\\/\"},\"author\":{\"name\":\"Patagonia Ambiental\",\"@id\":\"https:\\\/\\\/patagoniambiental.com.ar\\\/info\\\/#\\\/schema\\\/person\\\/db12bff64bbcbf6a253710bf0ea37b5d\"},\"headline\":\"Nuevas oportunidades en Argentina en el a\u00f1o de las energ\u00edas renovables\",\"datePublished\":\"2017-10-04T12:00:18+00:00\",\"mainEntityOfPage\":{\"@id\":\"https:\\\/\\\/patagoniambiental.com.ar\\\/info\\\/nuevas-oportunidades-en-argentina-en-el-ano-de-las-energias-renovables\\\/\"},\"wordCount\":607,\"commentCount\":0,\"publisher\":{\"@id\":\"https:\\\/\\\/patagoniambiental.com.ar\\\/info\\\/#organization\"},\"articleSection\":[\"Noticias\"],\"inLanguage\":\"es\",\"potentialAction\":[{\"@type\":\"CommentAction\",\"name\":\"Comment\",\"target\":[\"https:\\\/\\\/patagoniambiental.com.ar\\\/info\\\/nuevas-oportunidades-en-argentina-en-el-ano-de-las-energias-renovables\\\/#respond\"]}]},{\"@type\":\"WebPage\",\"@id\":\"https:\\\/\\\/patagoniambiental.com.ar\\\/info\\\/nuevas-oportunidades-en-argentina-en-el-ano-de-las-energias-renovables\\\/\",\"url\":\"https:\\\/\\\/patagoniambiental.com.ar\\\/info\\\/nuevas-oportunidades-en-argentina-en-el-ano-de-las-energias-renovables\\\/\",\"name\":\"Nuevas oportunidades en Argentina en el a\u00f1o de las energ\u00edas renovables\",\"isPartOf\":{\"@id\":\"https:\\\/\\\/patagoniambiental.com.ar\\\/info\\\/#website\"},\"datePublished\":\"2017-10-04T12:00:18+00:00\",\"breadcrumb\":{\"@id\":\"https:\\\/\\\/patagoniambiental.com.ar\\\/info\\\/nuevas-oportunidades-en-argentina-en-el-ano-de-las-energias-renovables\\\/#breadcrumb\"},\"inLanguage\":\"es\",\"potentialAction\":[{\"@type\":\"ReadAction\",\"target\":[\"https:\\\/\\\/patagoniambiental.com.ar\\\/info\\\/nuevas-oportunidades-en-argentina-en-el-ano-de-las-energias-renovables\\\/\"]}]},{\"@type\":\"BreadcrumbList\",\"@id\":\"https:\\\/\\\/patagoniambiental.com.ar\\\/info\\\/nuevas-oportunidades-en-argentina-en-el-ano-de-las-energias-renovables\\\/#breadcrumb\",\"itemListElement\":[{\"@type\":\"ListItem\",\"position\":1,\"name\":\"Inicio\",\"item\":\"https:\\\/\\\/patagoniambiental.com.ar\\\/info\\\/\"},{\"@type\":\"ListItem\",\"position\":2,\"name\":\"Nuevas oportunidades en Argentina en el a\u00f1o de las energ\u00edas renovables\"}]},{\"@type\":\"WebSite\",\"@id\":\"https:\\\/\\\/patagoniambiental.com.ar\\\/info\\\/#website\",\"url\":\"https:\\\/\\\/patagoniambiental.com.ar\\\/info\\\/\",\"name\":\"Patagonia Ambiental\",\"description\":\"Monitoreo y an\u00e1lisis de la situaci\u00f3n geopol\u00edtica en el mundo y su implicancia en la Patagonia\",\"publisher\":{\"@id\":\"https:\\\/\\\/patagoniambiental.com.ar\\\/info\\\/#organization\"},\"potentialAction\":[{\"@type\":\"SearchAction\",\"target\":{\"@type\":\"EntryPoint\",\"urlTemplate\":\"https:\\\/\\\/patagoniambiental.com.ar\\\/info\\\/?s={search_term_string}\"},\"query-input\":{\"@type\":\"PropertyValueSpecification\",\"valueRequired\":true,\"valueName\":\"search_term_string\"}}],\"inLanguage\":\"es\"},{\"@type\":\"Organization\",\"@id\":\"https:\\\/\\\/patagoniambiental.com.ar\\\/info\\\/#organization\",\"name\":\"Patagonia Ambiental\",\"url\":\"https:\\\/\\\/patagoniambiental.com.ar\\\/info\\\/\",\"logo\":{\"@type\":\"ImageObject\",\"inLanguage\":\"es\",\"@id\":\"https:\\\/\\\/patagoniambiental.com.ar\\\/info\\\/#\\\/schema\\\/logo\\\/image\\\/\",\"url\":\"https:\\\/\\\/patagoniambiental.com.ar\\\/info\\\/wp-content\\\/uploads\\\/2025\\\/05\\\/LOGO-PATAGONIA-AMBIENTAL.png\",\"contentUrl\":\"https:\\\/\\\/patagoniambiental.com.ar\\\/info\\\/wp-content\\\/uploads\\\/2025\\\/05\\\/LOGO-PATAGONIA-AMBIENTAL.png\",\"width\":433,\"height\":250,\"caption\":\"Patagonia Ambiental\"},\"image\":{\"@id\":\"https:\\\/\\\/patagoniambiental.com.ar\\\/info\\\/#\\\/schema\\\/logo\\\/image\\\/\"},\"sameAs\":[\"https:\\\/\\\/www.facebook.com\\\/patagonia.ambiental\",\"https:\\\/\\\/x.com\\\/PatAmb\"]},{\"@type\":\"Person\",\"@id\":\"https:\\\/\\\/patagoniambiental.com.ar\\\/info\\\/#\\\/schema\\\/person\\\/db12bff64bbcbf6a253710bf0ea37b5d\",\"name\":\"Patagonia Ambiental\",\"description\":\"Andr\u00e9s Nievas T\u00e9cnico en manejo ambiental, consultor Ambiental y escritor para medios locales e internacionales sobre temas de geopolitica y medio ambiente.\",\"sameAs\":[\"http:\\\/\\\/www.patagoniambiental.com.ar\",\"https:\\\/\\\/www.facebook.com\\\/share\\\/1C1V8Gv9BX\\\/?mibextid=qi2Omg\",\"@patagoniambiental\",\"https:\\\/\\\/youtube.com\\\/@patagoniaambiental2023?si=BLt58t0wuXquxlYZ\"]}]}<\/script>\n<!-- \/ Yoast SEO Premium plugin. -->","yoast_head_json":{"title":"Nuevas oportunidades en Argentina en el a\u00f1o de las energ\u00edas renovables","robots":{"index":"index","follow":"follow","max-snippet":"max-snippet:-1","max-image-preview":"max-image-preview:large","max-video-preview":"max-video-preview:-1"},"canonical":"https:\/\/patagoniambiental.com.ar\/info\/nuevas-oportunidades-en-argentina-en-el-ano-de-las-energias-renovables\/","og_locale":"es_ES","og_type":"article","og_title":"Nuevas oportunidades en Argentina en el a\u00f1o de las energ\u00edas renovables","og_description":"La energ\u00eda renovable lleg\u00f3 para quedarse en la Argentina y hasta el jueves 5 de octubre se realizar\u00e1 el segundo [&hellip;]","og_url":"https:\/\/patagoniambiental.com.ar\/info\/nuevas-oportunidades-en-argentina-en-el-ano-de-las-energias-renovables\/","og_site_name":"Patagonia Ambiental","article_publisher":"https:\/\/www.facebook.com\/patagonia.ambiental","article_author":"https:\/\/www.facebook.com\/share\/1C1V8Gv9BX\/?mibextid=qi2Omg","article_published_time":"2017-10-04T12:00:18+00:00","author":"Patagonia Ambiental","twitter_card":"summary_large_image","twitter_creator":"@PatAmb","twitter_site":"@PatAmb","schema":{"@context":"https:\/\/schema.org","@graph":[{"@type":"Article","@id":"https:\/\/patagoniambiental.com.ar\/info\/nuevas-oportunidades-en-argentina-en-el-ano-de-las-energias-renovables\/#article","isPartOf":{"@id":"https:\/\/patagoniambiental.com.ar\/info\/nuevas-oportunidades-en-argentina-en-el-ano-de-las-energias-renovables\/"},"author":{"name":"Patagonia Ambiental","@id":"https:\/\/patagoniambiental.com.ar\/info\/#\/schema\/person\/db12bff64bbcbf6a253710bf0ea37b5d"},"headline":"Nuevas oportunidades en Argentina en el a\u00f1o de las energ\u00edas renovables","datePublished":"2017-10-04T12:00:18+00:00","mainEntityOfPage":{"@id":"https:\/\/patagoniambiental.com.ar\/info\/nuevas-oportunidades-en-argentina-en-el-ano-de-las-energias-renovables\/"},"wordCount":607,"commentCount":0,"publisher":{"@id":"https:\/\/patagoniambiental.com.ar\/info\/#organization"},"articleSection":["Noticias"],"inLanguage":"es","potentialAction":[{"@type":"CommentAction","name":"Comment","target":["https:\/\/patagoniambiental.com.ar\/info\/nuevas-oportunidades-en-argentina-en-el-ano-de-las-energias-renovables\/#respond"]}]},{"@type":"WebPage","@id":"https:\/\/patagoniambiental.com.ar\/info\/nuevas-oportunidades-en-argentina-en-el-ano-de-las-energias-renovables\/","url":"https:\/\/patagoniambiental.com.ar\/info\/nuevas-oportunidades-en-argentina-en-el-ano-de-las-energias-renovables\/","name":"Nuevas oportunidades en Argentina en el a\u00f1o de las energ\u00edas renovables","isPartOf":{"@id":"https:\/\/patagoniambiental.com.ar\/info\/#website"},"datePublished":"2017-10-04T12:00:18+00:00","breadcrumb":{"@id":"https:\/\/patagoniambiental.com.ar\/info\/nuevas-oportunidades-en-argentina-en-el-ano-de-las-energias-renovables\/#breadcrumb"},"inLanguage":"es","potentialAction":[{"@type":"ReadAction","target":["https:\/\/patagoniambiental.com.ar\/info\/nuevas-oportunidades-en-argentina-en-el-ano-de-las-energias-renovables\/"]}]},{"@type":"BreadcrumbList","@id":"https:\/\/patagoniambiental.com.ar\/info\/nuevas-oportunidades-en-argentina-en-el-ano-de-las-energias-renovables\/#breadcrumb","itemListElement":[{"@type":"ListItem","position":1,"name":"Inicio","item":"https:\/\/patagoniambiental.com.ar\/info\/"},{"@type":"ListItem","position":2,"name":"Nuevas oportunidades en Argentina en el a\u00f1o de las energ\u00edas renovables"}]},{"@type":"WebSite","@id":"https:\/\/patagoniambiental.com.ar\/info\/#website","url":"https:\/\/patagoniambiental.com.ar\/info\/","name":"Patagonia Ambiental","description":"Monitoreo y an\u00e1lisis de la situaci\u00f3n geopol\u00edtica en el mundo y su implicancia en la Patagonia","publisher":{"@id":"https:\/\/patagoniambiental.com.ar\/info\/#organization"},"potentialAction":[{"@type":"SearchAction","target":{"@type":"EntryPoint","urlTemplate":"https:\/\/patagoniambiental.com.ar\/info\/?s={search_term_string}"},"query-input":{"@type":"PropertyValueSpecification","valueRequired":true,"valueName":"search_term_string"}}],"inLanguage":"es"},{"@type":"Organization","@id":"https:\/\/patagoniambiental.com.ar\/info\/#organization","name":"Patagonia Ambiental","url":"https:\/\/patagoniambiental.com.ar\/info\/","logo":{"@type":"ImageObject","inLanguage":"es","@id":"https:\/\/patagoniambiental.com.ar\/info\/#\/schema\/logo\/image\/","url":"https:\/\/patagoniambiental.com.ar\/info\/wp-content\/uploads\/2025\/05\/LOGO-PATAGONIA-AMBIENTAL.png","contentUrl":"https:\/\/patagoniambiental.com.ar\/info\/wp-content\/uploads\/2025\/05\/LOGO-PATAGONIA-AMBIENTAL.png","width":433,"height":250,"caption":"Patagonia Ambiental"},"image":{"@id":"https:\/\/patagoniambiental.com.ar\/info\/#\/schema\/logo\/image\/"},"sameAs":["https:\/\/www.facebook.com\/patagonia.ambiental","https:\/\/x.com\/PatAmb"]},{"@type":"Person","@id":"https:\/\/patagoniambiental.com.ar\/info\/#\/schema\/person\/db12bff64bbcbf6a253710bf0ea37b5d","name":"Patagonia Ambiental","description":"Andr\u00e9s Nievas T\u00e9cnico en manejo ambiental, consultor Ambiental y escritor para medios locales e internacionales sobre temas de geopolitica y medio ambiente.","sameAs":["http:\/\/www.patagoniambiental.com.ar","https:\/\/www.facebook.com\/share\/1C1V8Gv9BX\/?mibextid=qi2Omg","@patagoniambiental","https:\/\/youtube.com\/@patagoniaambiental2023?si=BLt58t0wuXquxlYZ"]}]}},"_links":{"self":[{"href":"https:\/\/patagoniambiental.com.ar\/info\/wp-json\/wp\/v2\/posts\/35901","targetHints":{"allow":["GET"]}}],"collection":[{"href":"https:\/\/patagoniambiental.com.ar\/info\/wp-json\/wp\/v2\/posts"}],"about":[{"href":"https:\/\/patagoniambiental.com.ar\/info\/wp-json\/wp\/v2\/types\/post"}],"author":[{"embeddable":true,"href":"https:\/\/patagoniambiental.com.ar\/info\/wp-json\/wp\/v2\/users\/2"}],"replies":[{"embeddable":true,"href":"https:\/\/patagoniambiental.com.ar\/info\/wp-json\/wp\/v2\/comments?post=35901"}],"version-history":[{"count":0,"href":"https:\/\/patagoniambiental.com.ar\/info\/wp-json\/wp\/v2\/posts\/35901\/revisions"}],"wp:attachment":[{"href":"https:\/\/patagoniambiental.com.ar\/info\/wp-json\/wp\/v2\/media?parent=35901"}],"wp:term":[{"taxonomy":"category","embeddable":true,"href":"https:\/\/patagoniambiental.com.ar\/info\/wp-json\/wp\/v2\/categories?post=35901"},{"taxonomy":"post_tag","embeddable":true,"href":"https:\/\/patagoniambiental.com.ar\/info\/wp-json\/wp\/v2\/tags?post=35901"}],"curies":[{"name":"wp","href":"https:\/\/api.w.org\/{rel}","templated":true}]}}