{"id":35963,"date":"2017-10-05T09:00:44","date_gmt":"2017-10-05T12:00:44","guid":{"rendered":"http:\/\/patagoniambiental.com.ar\/info\/?p=35963"},"modified":"2017-10-04T22:38:10","modified_gmt":"2017-10-05T01:38:10","slug":"economia-verde-la-clave-de-la-competitividad-y-el-desarrollo-economico","status":"publish","type":"post","link":"https:\/\/patagoniambiental.com.ar\/info\/economia-verde-la-clave-de-la-competitividad-y-el-desarrollo-economico\/","title":{"rendered":"Econom\u00eda Verde, la clave de la competitividad y el desarrollo econ\u00f3mico"},"content":{"rendered":"<p>Unos 300 l\u00edderes de opini\u00f3n argentinos ser\u00e1n capacitados en la segunda edici\u00f3n de la Cumbre Econom\u00eda Verde, que se realizar\u00e1 entre ma\u00f1ana jueves y el viernes en la provincia de C\u00f3rdoba. Sobre los beneficios de aplicar la econom\u00eda verde, en t\u00e9rminos financieros, de competitividad y desarrollo econ\u00f3mico, opin\u00f3 para T\u00e9lam Fabi\u00e1n Ruocco, director ejecutivo del Centro de Desarrollo y Asistencia Tecnol\u00f3gica (CEDYAT), quien participar\u00e1 de la Cumbre.<\/p>\n<div class=\"author clearfix\">\u00a0Actualmente, hay una creciente preocupaci\u00f3n por temas ambientales y sociales, no desde una perspectiva de supervivencia de la especie, sino como un valor diferencial para los accionistas de las instituciones financieras que lideran un mercado cada vez m\u00e1s globalizado y con mayores demandas de competitividad.<\/p>\n<p>Las inversiones verdes surgen en 1972 cuando, por primera vez a nivel mundial, se manifiesta la preocupaci\u00f3n por la problem\u00e1tica ambiental global en la Conferencia Mundial y con el informe del Club de Roma \u00abLos l\u00edmites del crecimiento\u00bb. Pero reci\u00e9n en 1992 en la Conferencia de las Naciones Unidas sobre el Medio Ambiente y el Desarrollo, reunida en R\u00edo de Janeiro se reafirm\u00f3 la Declaraci\u00f3n de la Conferencia de las Naciones Unidas sobre el Medio Humano, aprobada en Estocolmo, y tratando de basarse en ella, con el objetivo de establecer una alianza mundial nueva y equitativa mediante la creaci\u00f3n de nuevos niveles de cooperaci\u00f3n entre los Estados, los sectores claves de las sociedades y las personas, procurando alcanzar acuerdos internacionales en los que se respeten los intereses de todos y se proteja la integridad del sistema ambiental y de desarrollo mundial.<\/p>\n<p>El Centro de Desarrollo y Asistencia Tecnol\u00f3gica (CEDyAT) promueve la Econom\u00eda Verde, sobre la cual venimos trabajando en diferentes proyectos vinculados a la noci\u00f3n de finanzas sustentables, donde el impulso de las directrices del sistema financiero con la producci\u00f3n cuidando el ambiente cumplen una funci\u00f3n clave.<\/p>\n<p>El sistema financiero no es ajeno a los beneficios de la econom\u00eda verde, bancos oficiales y privados apuestan a incluir en el an\u00e1lisis crediticio cuestiones de \u00edndole socioambiental. De esta manera, no s\u00f3lo previenen riesgos indirectos de financiaci\u00f3n, reducen el da\u00f1o de imagen y su reputaci\u00f3n con el medio ambiente, mitigan los riesgos de acciones legales por da\u00f1os y perjuicios, protegen el valor de la marca, aseguran que los clientes operen en forma responsable, ampl\u00edan los recaudos tomados como cl\u00e1usulas contractuales, verifican el valor de las garant\u00edas y eval\u00faan el grado de sostenibilidad de los negocios, las empresas y los proyectos financiados. Es por esto que el sector financiero ofrece cr\u00e9ditos y pr\u00e9stamos que incluyen la matriz verde en su planificaci\u00f3n estrat\u00e9gica, bien sabemos que los Bancos no lo hacen por caridad ni por solidaridad sino por rentabilidad para sus accionistas.<\/p>\n<p>Un caso ejemplar es el del Banco de Inversi\u00f3n y Comercio Exterior (BICE) que recientemente inform\u00f3 que otorgar\u00e1 pr\u00e9stamos para financiar empresas con proyectos de energ\u00edas renovables. La nueva l\u00ednea de cr\u00e9ditos brindar\u00e1 pr\u00e9stamos de hasta 200 millones de pesos por proyecto, o su equivalente en d\u00f3lares, con un plazo de 15 a\u00f1os, hasta 2 de gracia y un financiamiento de hasta el 70% de la operaci\u00f3n.<\/p>\n<p>La Argentina no es ajena al movimiento de inversiones verdes a nivel mundial. A fines de 2016 el Banco Europeo de Inversiones (BEI) otorg\u00f3 una l\u00ednea de cr\u00e9dito de 60 millones de euros a la Argentina con el objetivo de fomentar el desarrollo de empresas priorizando la inversi\u00f3n productiva, el uso de energ\u00edas renovables y el comercio exterior. Los fondos est\u00e1n direccionados para ser utilizados en proyectos de reconversi\u00f3n y modernizaci\u00f3n productiva, adquisici\u00f3n de capitales usados y nuevos, realizaci\u00f3n de dise\u00f1os ejecutivos, mapeos, estudios, compra de equipamientos y\/o inversiones en infraestructura para un uso m\u00e1s eficiente de la energ\u00eda, ampliaci\u00f3n de capacidad instalada, desarrollo de nuevos productos y servicios, capital de trabajo, prefinanciaci\u00f3n y pos-financiaci\u00f3n de exportaciones. La iniciativa comprende la realizaci\u00f3n de 200 proyectos de inversi\u00f3n: 100 l\u00edneas de cr\u00e9ditos a PyMEs, 20 l\u00edneas de cr\u00e9dito para financiar proyectos de energ\u00edas renovables y\/o eficiencia energ\u00e9tica, y 80 l\u00edneas de cr\u00e9ditos a empresas que presenten proyectos para fortalecer el perfil exportador de la empresa.<\/p>\n<p>Asimismo, unos d\u00edas atr\u00e1s, el directorio Fondo Verde para el Clima (GCF) aprob\u00f3 el primer cr\u00e9dito a nuestro pa\u00eds, y por el monto total m\u00e1s alto que la entidad ha destinado en el caso de un programa privado que no representa un endeudamiento p\u00fablico, un cr\u00e9dito de US$ 130 millones, que ser\u00e1n destinados a proyectos adjudicados en la licitaci\u00f3n del programa Renovar, lanzado por el Ministerio de Energ\u00eda y Miner\u00eda de la Naci\u00f3n.<\/p>\n<p>En momentos en que las redes sociales y los canales de informaci\u00f3n se multiplican, la Sociedad Civil se ha convertido en protagonista activa, exponiendo y cuestionando diferentes situaciones de contaminaci\u00f3n. Es por esto que las empresas, conscientes del gran riesgo reputacional que corren al financiar actividades que perjudiquen al ambiente, priorizan la competitividad verde y sustentable siendo parte fundamental de cualquier tipo de negocio.<\/p>\n<p>Fuente: Por Fabi\u00e1n Ruocco\u00a0<strong>Director Ejecutivo del Centro de Desarrollo y Asistencia Tecnol\u00f3gica (CEDyAT), quien participar\u00e1 de la Cumbre de Econom\u00eda Verde que se realizar\u00e1 el 5 y 6 de octubre en C\u00f3rdoba. Telam\u00a0<\/strong><\/div>\n","protected":false},"excerpt":{"rendered":"<p>Unos 300 l\u00edderes de opini\u00f3n argentinos ser\u00e1n capacitados en la segunda edici\u00f3n de la Cumbre Econom\u00eda Verde, que se realizar\u00e1 [&hellip;]<\/p>\n","protected":false},"author":2,"featured_media":0,"comment_status":"open","ping_status":"open","sticky":false,"template":"","format":"standard","meta":{"site-sidebar-layout":"default","site-content-layout":"","ast-site-content-layout":"default","site-content-style":"default","site-sidebar-style":"default","ast-global-header-display":"","ast-banner-title-visibility":"","ast-main-header-display":"","ast-hfb-above-header-display":"","ast-hfb-below-header-display":"","ast-hfb-mobile-header-display":"","site-post-title":"","ast-breadcrumbs-content":"","ast-featured-img":"","footer-sml-layout":"","ast-disable-related-posts":"","theme-transparent-header-meta":"","adv-header-id-meta":"","stick-header-meta":"","header-above-stick-meta":"","header-main-stick-meta":"","header-below-stick-meta":"","astra-migrate-meta-layouts":"default","ast-page-background-enabled":"default","ast-page-background-meta":{"desktop":{"background-color":"var(--ast-global-color-5)","background-image":"","background-repeat":"repeat","background-position":"center center","background-size":"auto","background-attachment":"scroll","background-type":"","background-media":"","overlay-type":"","overlay-color":"","overlay-opacity":"","overlay-gradient":""},"tablet":{"background-color":"","background-image":"","background-repeat":"repeat","background-position":"center center","background-size":"auto","background-attachment":"scroll","background-type":"","background-media":"","overlay-type":"","overlay-color":"","overlay-opacity":"","overlay-gradient":""},"mobile":{"background-color":"","background-image":"","background-repeat":"repeat","background-position":"center center","background-size":"auto","background-attachment":"scroll","background-type":"","background-media":"","overlay-type":"","overlay-color":"","overlay-opacity":"","overlay-gradient":""}},"ast-content-background-meta":{"desktop":{"background-color":"var(--ast-global-color-4)","background-image":"","background-repeat":"repeat","background-position":"center center","background-size":"auto","background-attachment":"scroll","background-type":"","background-media":"","overlay-type":"","overlay-color":"","overlay-opacity":"","overlay-gradient":""},"tablet":{"background-color":"var(--ast-global-color-4)","background-image":"","background-repeat":"repeat","background-position":"center center","background-size":"auto","background-attachment":"scroll","background-type":"","background-media":"","overlay-type":"","overlay-color":"","overlay-opacity":"","overlay-gradient":""},"mobile":{"background-color":"var(--ast-global-color-4)","background-image":"","background-repeat":"repeat","background-position":"center center","background-size":"auto","background-attachment":"scroll","background-type":"","background-media":"","overlay-type":"","overlay-color":"","overlay-opacity":"","overlay-gradient":""}},"footnotes":""},"categories":[1],"tags":[],"class_list":["post-35963","post","type-post","status-publish","format-standard","hentry","category-noticias"],"yoast_head":"<!-- This site is optimized with the Yoast SEO Premium plugin v23.0 (Yoast SEO v27.5) - https:\/\/yoast.com\/product\/yoast-seo-premium-wordpress\/ -->\n<title>Econom\u00eda Verde, la clave de la competitividad y el desarrollo econ\u00f3mico<\/title>\n<meta name=\"robots\" content=\"index, follow, max-snippet:-1, max-image-preview:large, max-video-preview:-1\" \/>\n<link rel=\"canonical\" href=\"https:\/\/patagoniambiental.com.ar\/info\/economia-verde-la-clave-de-la-competitividad-y-el-desarrollo-economico\/\" \/>\n<meta property=\"og:locale\" content=\"es_ES\" \/>\n<meta property=\"og:type\" content=\"article\" \/>\n<meta property=\"og:title\" content=\"Econom\u00eda Verde, la clave de la competitividad y el desarrollo econ\u00f3mico\" \/>\n<meta property=\"og:description\" content=\"Unos 300 l\u00edderes de opini\u00f3n argentinos ser\u00e1n capacitados en la segunda edici\u00f3n de la Cumbre Econom\u00eda Verde, que se realizar\u00e1 [&hellip;]\" \/>\n<meta property=\"og:url\" content=\"https:\/\/patagoniambiental.com.ar\/info\/economia-verde-la-clave-de-la-competitividad-y-el-desarrollo-economico\/\" \/>\n<meta property=\"og:site_name\" content=\"Patagonia Ambiental\" \/>\n<meta property=\"article:publisher\" content=\"https:\/\/www.facebook.com\/patagonia.ambiental\" \/>\n<meta property=\"article:author\" content=\"https:\/\/www.facebook.com\/share\/1C1V8Gv9BX\/?mibextid=qi2Omg\" \/>\n<meta property=\"article:published_time\" content=\"2017-10-05T12:00:44+00:00\" \/>\n<meta name=\"author\" content=\"Patagonia Ambiental\" \/>\n<meta name=\"twitter:card\" content=\"summary_large_image\" \/>\n<meta name=\"twitter:creator\" content=\"@PatAmb\" \/>\n<meta name=\"twitter:site\" content=\"@PatAmb\" \/>\n<script type=\"application\/ld+json\" class=\"yoast-schema-graph\">{\"@context\":\"https:\\\/\\\/schema.org\",\"@graph\":[{\"@type\":\"Article\",\"@id\":\"https:\\\/\\\/patagoniambiental.com.ar\\\/info\\\/economia-verde-la-clave-de-la-competitividad-y-el-desarrollo-economico\\\/#article\",\"isPartOf\":{\"@id\":\"https:\\\/\\\/patagoniambiental.com.ar\\\/info\\\/economia-verde-la-clave-de-la-competitividad-y-el-desarrollo-economico\\\/\"},\"author\":{\"name\":\"Patagonia Ambiental\",\"@id\":\"https:\\\/\\\/patagoniambiental.com.ar\\\/info\\\/#\\\/schema\\\/person\\\/db12bff64bbcbf6a253710bf0ea37b5d\"},\"headline\":\"Econom\u00eda Verde, la clave de la competitividad y el desarrollo econ\u00f3mico\",\"datePublished\":\"2017-10-05T12:00:44+00:00\",\"mainEntityOfPage\":{\"@id\":\"https:\\\/\\\/patagoniambiental.com.ar\\\/info\\\/economia-verde-la-clave-de-la-competitividad-y-el-desarrollo-economico\\\/\"},\"wordCount\":936,\"commentCount\":0,\"publisher\":{\"@id\":\"https:\\\/\\\/patagoniambiental.com.ar\\\/info\\\/#organization\"},\"articleSection\":[\"Noticias\"],\"inLanguage\":\"es\",\"potentialAction\":[{\"@type\":\"CommentAction\",\"name\":\"Comment\",\"target\":[\"https:\\\/\\\/patagoniambiental.com.ar\\\/info\\\/economia-verde-la-clave-de-la-competitividad-y-el-desarrollo-economico\\\/#respond\"]}]},{\"@type\":\"WebPage\",\"@id\":\"https:\\\/\\\/patagoniambiental.com.ar\\\/info\\\/economia-verde-la-clave-de-la-competitividad-y-el-desarrollo-economico\\\/\",\"url\":\"https:\\\/\\\/patagoniambiental.com.ar\\\/info\\\/economia-verde-la-clave-de-la-competitividad-y-el-desarrollo-economico\\\/\",\"name\":\"Econom\u00eda Verde, la clave de la competitividad y el desarrollo econ\u00f3mico\",\"isPartOf\":{\"@id\":\"https:\\\/\\\/patagoniambiental.com.ar\\\/info\\\/#website\"},\"datePublished\":\"2017-10-05T12:00:44+00:00\",\"breadcrumb\":{\"@id\":\"https:\\\/\\\/patagoniambiental.com.ar\\\/info\\\/economia-verde-la-clave-de-la-competitividad-y-el-desarrollo-economico\\\/#breadcrumb\"},\"inLanguage\":\"es\",\"potentialAction\":[{\"@type\":\"ReadAction\",\"target\":[\"https:\\\/\\\/patagoniambiental.com.ar\\\/info\\\/economia-verde-la-clave-de-la-competitividad-y-el-desarrollo-economico\\\/\"]}]},{\"@type\":\"BreadcrumbList\",\"@id\":\"https:\\\/\\\/patagoniambiental.com.ar\\\/info\\\/economia-verde-la-clave-de-la-competitividad-y-el-desarrollo-economico\\\/#breadcrumb\",\"itemListElement\":[{\"@type\":\"ListItem\",\"position\":1,\"name\":\"Inicio\",\"item\":\"https:\\\/\\\/patagoniambiental.com.ar\\\/info\\\/\"},{\"@type\":\"ListItem\",\"position\":2,\"name\":\"Econom\u00eda Verde, la clave de la competitividad y el desarrollo econ\u00f3mico\"}]},{\"@type\":\"WebSite\",\"@id\":\"https:\\\/\\\/patagoniambiental.com.ar\\\/info\\\/#website\",\"url\":\"https:\\\/\\\/patagoniambiental.com.ar\\\/info\\\/\",\"name\":\"Patagonia Ambiental\",\"description\":\"Monitoreo y an\u00e1lisis de la situaci\u00f3n geopol\u00edtica en el mundo y su implicancia en la Patagonia\",\"publisher\":{\"@id\":\"https:\\\/\\\/patagoniambiental.com.ar\\\/info\\\/#organization\"},\"potentialAction\":[{\"@type\":\"SearchAction\",\"target\":{\"@type\":\"EntryPoint\",\"urlTemplate\":\"https:\\\/\\\/patagoniambiental.com.ar\\\/info\\\/?s={search_term_string}\"},\"query-input\":{\"@type\":\"PropertyValueSpecification\",\"valueRequired\":true,\"valueName\":\"search_term_string\"}}],\"inLanguage\":\"es\"},{\"@type\":\"Organization\",\"@id\":\"https:\\\/\\\/patagoniambiental.com.ar\\\/info\\\/#organization\",\"name\":\"Patagonia Ambiental\",\"url\":\"https:\\\/\\\/patagoniambiental.com.ar\\\/info\\\/\",\"logo\":{\"@type\":\"ImageObject\",\"inLanguage\":\"es\",\"@id\":\"https:\\\/\\\/patagoniambiental.com.ar\\\/info\\\/#\\\/schema\\\/logo\\\/image\\\/\",\"url\":\"https:\\\/\\\/patagoniambiental.com.ar\\\/info\\\/wp-content\\\/uploads\\\/2025\\\/05\\\/LOGO-PATAGONIA-AMBIENTAL.png\",\"contentUrl\":\"https:\\\/\\\/patagoniambiental.com.ar\\\/info\\\/wp-content\\\/uploads\\\/2025\\\/05\\\/LOGO-PATAGONIA-AMBIENTAL.png\",\"width\":433,\"height\":250,\"caption\":\"Patagonia Ambiental\"},\"image\":{\"@id\":\"https:\\\/\\\/patagoniambiental.com.ar\\\/info\\\/#\\\/schema\\\/logo\\\/image\\\/\"},\"sameAs\":[\"https:\\\/\\\/www.facebook.com\\\/patagonia.ambiental\",\"https:\\\/\\\/x.com\\\/PatAmb\"]},{\"@type\":\"Person\",\"@id\":\"https:\\\/\\\/patagoniambiental.com.ar\\\/info\\\/#\\\/schema\\\/person\\\/db12bff64bbcbf6a253710bf0ea37b5d\",\"name\":\"Patagonia Ambiental\",\"description\":\"Andr\u00e9s Nievas T\u00e9cnico en manejo ambiental, consultor Ambiental y escritor para medios locales e internacionales sobre temas de geopolitica y medio ambiente.\",\"sameAs\":[\"http:\\\/\\\/www.patagoniambiental.com.ar\",\"https:\\\/\\\/www.facebook.com\\\/share\\\/1C1V8Gv9BX\\\/?mibextid=qi2Omg\",\"@patagoniambiental\",\"https:\\\/\\\/youtube.com\\\/@patagoniaambiental2023?si=BLt58t0wuXquxlYZ\"]}]}<\/script>\n<!-- \/ Yoast SEO Premium plugin. -->","yoast_head_json":{"title":"Econom\u00eda Verde, la clave de la competitividad y el desarrollo econ\u00f3mico","robots":{"index":"index","follow":"follow","max-snippet":"max-snippet:-1","max-image-preview":"max-image-preview:large","max-video-preview":"max-video-preview:-1"},"canonical":"https:\/\/patagoniambiental.com.ar\/info\/economia-verde-la-clave-de-la-competitividad-y-el-desarrollo-economico\/","og_locale":"es_ES","og_type":"article","og_title":"Econom\u00eda Verde, la clave de la competitividad y el desarrollo econ\u00f3mico","og_description":"Unos 300 l\u00edderes de opini\u00f3n argentinos ser\u00e1n capacitados en la segunda edici\u00f3n de la Cumbre Econom\u00eda Verde, que se realizar\u00e1 [&hellip;]","og_url":"https:\/\/patagoniambiental.com.ar\/info\/economia-verde-la-clave-de-la-competitividad-y-el-desarrollo-economico\/","og_site_name":"Patagonia Ambiental","article_publisher":"https:\/\/www.facebook.com\/patagonia.ambiental","article_author":"https:\/\/www.facebook.com\/share\/1C1V8Gv9BX\/?mibextid=qi2Omg","article_published_time":"2017-10-05T12:00:44+00:00","author":"Patagonia Ambiental","twitter_card":"summary_large_image","twitter_creator":"@PatAmb","twitter_site":"@PatAmb","schema":{"@context":"https:\/\/schema.org","@graph":[{"@type":"Article","@id":"https:\/\/patagoniambiental.com.ar\/info\/economia-verde-la-clave-de-la-competitividad-y-el-desarrollo-economico\/#article","isPartOf":{"@id":"https:\/\/patagoniambiental.com.ar\/info\/economia-verde-la-clave-de-la-competitividad-y-el-desarrollo-economico\/"},"author":{"name":"Patagonia Ambiental","@id":"https:\/\/patagoniambiental.com.ar\/info\/#\/schema\/person\/db12bff64bbcbf6a253710bf0ea37b5d"},"headline":"Econom\u00eda Verde, la clave de la competitividad y el desarrollo econ\u00f3mico","datePublished":"2017-10-05T12:00:44+00:00","mainEntityOfPage":{"@id":"https:\/\/patagoniambiental.com.ar\/info\/economia-verde-la-clave-de-la-competitividad-y-el-desarrollo-economico\/"},"wordCount":936,"commentCount":0,"publisher":{"@id":"https:\/\/patagoniambiental.com.ar\/info\/#organization"},"articleSection":["Noticias"],"inLanguage":"es","potentialAction":[{"@type":"CommentAction","name":"Comment","target":["https:\/\/patagoniambiental.com.ar\/info\/economia-verde-la-clave-de-la-competitividad-y-el-desarrollo-economico\/#respond"]}]},{"@type":"WebPage","@id":"https:\/\/patagoniambiental.com.ar\/info\/economia-verde-la-clave-de-la-competitividad-y-el-desarrollo-economico\/","url":"https:\/\/patagoniambiental.com.ar\/info\/economia-verde-la-clave-de-la-competitividad-y-el-desarrollo-economico\/","name":"Econom\u00eda Verde, la clave de la competitividad y el desarrollo econ\u00f3mico","isPartOf":{"@id":"https:\/\/patagoniambiental.com.ar\/info\/#website"},"datePublished":"2017-10-05T12:00:44+00:00","breadcrumb":{"@id":"https:\/\/patagoniambiental.com.ar\/info\/economia-verde-la-clave-de-la-competitividad-y-el-desarrollo-economico\/#breadcrumb"},"inLanguage":"es","potentialAction":[{"@type":"ReadAction","target":["https:\/\/patagoniambiental.com.ar\/info\/economia-verde-la-clave-de-la-competitividad-y-el-desarrollo-economico\/"]}]},{"@type":"BreadcrumbList","@id":"https:\/\/patagoniambiental.com.ar\/info\/economia-verde-la-clave-de-la-competitividad-y-el-desarrollo-economico\/#breadcrumb","itemListElement":[{"@type":"ListItem","position":1,"name":"Inicio","item":"https:\/\/patagoniambiental.com.ar\/info\/"},{"@type":"ListItem","position":2,"name":"Econom\u00eda Verde, la clave de la competitividad y el desarrollo econ\u00f3mico"}]},{"@type":"WebSite","@id":"https:\/\/patagoniambiental.com.ar\/info\/#website","url":"https:\/\/patagoniambiental.com.ar\/info\/","name":"Patagonia Ambiental","description":"Monitoreo y an\u00e1lisis de la situaci\u00f3n geopol\u00edtica en el mundo y su implicancia en la Patagonia","publisher":{"@id":"https:\/\/patagoniambiental.com.ar\/info\/#organization"},"potentialAction":[{"@type":"SearchAction","target":{"@type":"EntryPoint","urlTemplate":"https:\/\/patagoniambiental.com.ar\/info\/?s={search_term_string}"},"query-input":{"@type":"PropertyValueSpecification","valueRequired":true,"valueName":"search_term_string"}}],"inLanguage":"es"},{"@type":"Organization","@id":"https:\/\/patagoniambiental.com.ar\/info\/#organization","name":"Patagonia Ambiental","url":"https:\/\/patagoniambiental.com.ar\/info\/","logo":{"@type":"ImageObject","inLanguage":"es","@id":"https:\/\/patagoniambiental.com.ar\/info\/#\/schema\/logo\/image\/","url":"https:\/\/patagoniambiental.com.ar\/info\/wp-content\/uploads\/2025\/05\/LOGO-PATAGONIA-AMBIENTAL.png","contentUrl":"https:\/\/patagoniambiental.com.ar\/info\/wp-content\/uploads\/2025\/05\/LOGO-PATAGONIA-AMBIENTAL.png","width":433,"height":250,"caption":"Patagonia Ambiental"},"image":{"@id":"https:\/\/patagoniambiental.com.ar\/info\/#\/schema\/logo\/image\/"},"sameAs":["https:\/\/www.facebook.com\/patagonia.ambiental","https:\/\/x.com\/PatAmb"]},{"@type":"Person","@id":"https:\/\/patagoniambiental.com.ar\/info\/#\/schema\/person\/db12bff64bbcbf6a253710bf0ea37b5d","name":"Patagonia Ambiental","description":"Andr\u00e9s Nievas T\u00e9cnico en manejo ambiental, consultor Ambiental y escritor para medios locales e internacionales sobre temas de geopolitica y medio ambiente.","sameAs":["http:\/\/www.patagoniambiental.com.ar","https:\/\/www.facebook.com\/share\/1C1V8Gv9BX\/?mibextid=qi2Omg","@patagoniambiental","https:\/\/youtube.com\/@patagoniaambiental2023?si=BLt58t0wuXquxlYZ"]}]}},"_links":{"self":[{"href":"https:\/\/patagoniambiental.com.ar\/info\/wp-json\/wp\/v2\/posts\/35963","targetHints":{"allow":["GET"]}}],"collection":[{"href":"https:\/\/patagoniambiental.com.ar\/info\/wp-json\/wp\/v2\/posts"}],"about":[{"href":"https:\/\/patagoniambiental.com.ar\/info\/wp-json\/wp\/v2\/types\/post"}],"author":[{"embeddable":true,"href":"https:\/\/patagoniambiental.com.ar\/info\/wp-json\/wp\/v2\/users\/2"}],"replies":[{"embeddable":true,"href":"https:\/\/patagoniambiental.com.ar\/info\/wp-json\/wp\/v2\/comments?post=35963"}],"version-history":[{"count":0,"href":"https:\/\/patagoniambiental.com.ar\/info\/wp-json\/wp\/v2\/posts\/35963\/revisions"}],"wp:attachment":[{"href":"https:\/\/patagoniambiental.com.ar\/info\/wp-json\/wp\/v2\/media?parent=35963"}],"wp:term":[{"taxonomy":"category","embeddable":true,"href":"https:\/\/patagoniambiental.com.ar\/info\/wp-json\/wp\/v2\/categories?post=35963"},{"taxonomy":"post_tag","embeddable":true,"href":"https:\/\/patagoniambiental.com.ar\/info\/wp-json\/wp\/v2\/tags?post=35963"}],"curies":[{"name":"wp","href":"https:\/\/api.w.org\/{rel}","templated":true}]}}