{"id":36022,"date":"2017-10-05T19:00:01","date_gmt":"2017-10-05T22:00:01","guid":{"rendered":"http:\/\/patagoniambiental.com.ar\/info\/?p=36022"},"modified":"2017-10-05T13:53:03","modified_gmt":"2017-10-05T16:53:03","slug":"el-gobierno-nacional-invierte-en-viedma-mas-de-112-millones-de-pesos-en-el-programa-girsu","status":"publish","type":"post","link":"https:\/\/patagoniambiental.com.ar\/info\/el-gobierno-nacional-invierte-en-viedma-mas-de-112-millones-de-pesos-en-el-programa-girsu\/","title":{"rendered":"El Gobierno Nacional invierte en Viedma m\u00e1s de 112 millones de pesos en el programa GIRSU"},"content":{"rendered":"<div dir=\"ltr\">\n<p><span style=\"font-family: Arial, sans-serif;\">Viedma.-El Ministerio de Ambiente y Desarrollo Sustentable de la Naci\u00f3n adjudic\u00f3 a la Municipalidad de Viedma la obra del proyecto Gesti\u00f3n Integral de Residuos S\u00f3lidos Urbanos (GIRSU), para la ciudad de Viedma.<\/span><\/p>\n<p><!--more--><\/p>\n<p><span style=\"font-family: Arial, sans-serif;\">Este proyecto tiene por objetivo aumentar la cobertura y eficiencia de la recolecci\u00f3n, mejorar paulatinamente los niveles de recuperaci\u00f3n de materiales para su posterior reciclado, asegurar la adecuada disposici\u00f3n final de los Residuos S\u00f3lidos Urbanos, y eliminar los basurales a cielo abierto y sus riesgos asociados.<\/span><\/p>\n<p>&nbsp;<\/p>\n<p><span style=\"font-family: Arial, sans-serif;\">La inversi\u00f3n consiste en la construcci\u00f3n de un centro de disposici\u00f3n final, una planta de separaci\u00f3n para la gesti\u00f3n de residuos y la remediaci\u00f3n del basural a cielo abierto existente.<\/span><\/p>\n<p><img fetchpriority=\"high\" decoding=\"async\" class=\"alignnone size-medium wp-image-36024\" src=\"https:\/\/patagoniambiental.com.ar\/info\/wp-content\/uploads\/2017\/10\/thumbnail_14171847_10210111712979119_2125258900_n-600x423.jpg\" alt=\"\" width=\"600\" height=\"423\" \/><\/p>\n<p><span style=\"font-family: Arial, sans-serif;\">El proyecto tiene alcance regional el cual podr\u00eda incluir a Carmen de Patagones y San Javier, y en una segunda etapa a otros Municipios rionegrinos, a partir de estrategias comunes de separaci\u00f3n en origen, que permitan alcanzar escalas regionales de manejo y valorizaci\u00f3n de residuos recuperables.<\/span><\/p>\n<p><span style=\"font-family: Arial, sans-serif;\">Estos logros elevan los est\u00e1ndares medioambientales de las comunidades involucradas con mejoras significativas para todos los vecinos en aspectos sociales y econ\u00f3micos.<\/span><\/p>\n<p><span style=\"font-family: Arial, sans-serif;\">Dentro de las inversiones previstas se destacan las obras de infraestructura del Relleno Sanitario, en particular la construcci\u00f3n del modulo disposici\u00f3n final, alambrado ol\u00edmpico, casilla de control de accesos y pesaje, extensi\u00f3n de la red de electricidad, el equipamiento de operaci\u00f3n que incluye bascula, retro excavadora, topadora, camiones, tractor con pala de arrastre, grupo electr\u00f3geno, sistema de lixiviados, etc.<\/span><\/p>\n<p><span style=\"font-family: Arial, sans-serif;\">Las obras de la Planta de Separaci\u00f3n contempla la construcci\u00f3n y cerramiento del predio, extensi\u00f3n de la red de electricidad, caminos internos, b\u00e1scula , oficina de control de acceso y pesaje, grupo electr\u00f3geno, instalaciones donde funcionara la operaci\u00f3n de separaci\u00f3n y el equipamiento asociado que incluye, prensas hidr\u00e1ulicas verticales, maquina chipeadora de restos de poda, cintas de clasificaci\u00f3n, contenedores,etc.<\/span><\/p>\n<p><span style=\"font-family: Arial, sans-serif;\">La importante inversi\u00f3n que realiza el Gobierno Nacional requiere construir acuerdos y estrategias comunes entre el conjunto de Municipios involucrados, que permitan conformar modelos consorciales que establezcan esquema operativos sustentables econ\u00f3mica y financieramente.<\/span><\/p>\n<p><span style=\"font-family: Arial, sans-serif;\">Alcanzar los beneficios medioambientales y sociales propuestas en el manejo integral de los residuos solidos urbanos a nivel regional requieren llevar adelante cambios en los h\u00e1bitos de manejo de los residuos por parte de los vecinos los cuales deben estar acompa\u00f1ados por nuevos esquemas de organizaci\u00f3n de los Municipios involucrados.<\/span><\/p>\n<\/div>\n<p>&nbsp;<\/p>\n<p>Fuente: Municipalidad de Viedma<\/p>\n","protected":false},"excerpt":{"rendered":"<p>Viedma.-El Ministerio de Ambiente y Desarrollo Sustentable de la Naci\u00f3n adjudic\u00f3 a la Municipalidad de Viedma la obra del proyecto [&hellip;]<\/p>\n","protected":false},"author":2,"featured_media":36023,"comment_status":"open","ping_status":"open","sticky":false,"template":"","format":"standard","meta":{"site-sidebar-layout":"default","site-content-layout":"","ast-site-content-layout":"default","site-content-style":"default","site-sidebar-style":"default","ast-global-header-display":"","ast-banner-title-visibility":"","ast-main-header-display":"","ast-hfb-above-header-display":"","ast-hfb-below-header-display":"","ast-hfb-mobile-header-display":"","site-post-title":"","ast-breadcrumbs-content":"","ast-featured-img":"","footer-sml-layout":"","ast-disable-related-posts":"","theme-transparent-header-meta":"","adv-header-id-meta":"","stick-header-meta":"","header-above-stick-meta":"","header-main-stick-meta":"","header-below-stick-meta":"","astra-migrate-meta-layouts":"default","ast-page-background-enabled":"default","ast-page-background-meta":{"desktop":{"background-color":"var(--ast-global-color-5)","background-image":"","background-repeat":"repeat","background-position":"center center","background-size":"auto","background-attachment":"scroll","background-type":"","background-media":"","overlay-type":"","overlay-color":"","overlay-opacity":"","overlay-gradient":""},"tablet":{"background-color":"","background-image":"","background-repeat":"repeat","background-position":"center center","background-size":"auto","background-attachment":"scroll","background-type":"","background-media":"","overlay-type":"","overlay-color":"","overlay-opacity":"","overlay-gradient":""},"mobile":{"background-color":"","background-image":"","background-repeat":"repeat","background-position":"center center","background-size":"auto","background-attachment":"scroll","background-type":"","background-media":"","overlay-type":"","overlay-color":"","overlay-opacity":"","overlay-gradient":""}},"ast-content-background-meta":{"desktop":{"background-color":"var(--ast-global-color-4)","background-image":"","background-repeat":"repeat","background-position":"center center","background-size":"auto","background-attachment":"scroll","background-type":"","background-media":"","overlay-type":"","overlay-color":"","overlay-opacity":"","overlay-gradient":""},"tablet":{"background-color":"var(--ast-global-color-4)","background-image":"","background-repeat":"repeat","background-position":"center center","background-size":"auto","background-attachment":"scroll","background-type":"","background-media":"","overlay-type":"","overlay-color":"","overlay-opacity":"","overlay-gradient":""},"mobile":{"background-color":"var(--ast-global-color-4)","background-image":"","background-repeat":"repeat","background-position":"center center","background-size":"auto","background-attachment":"scroll","background-type":"","background-media":"","overlay-type":"","overlay-color":"","overlay-opacity":"","overlay-gradient":""}},"footnotes":""},"categories":[16,1],"tags":[],"class_list":["post-36022","post","type-post","status-publish","format-standard","has-post-thumbnail","hentry","category-municipales","category-noticias"],"yoast_head":"<!-- This site is optimized with the Yoast SEO Premium plugin v23.0 (Yoast SEO v27.4) - https:\/\/yoast.com\/product\/yoast-seo-premium-wordpress\/ -->\n<title>El Gobierno Nacional invierte en Viedma m\u00e1s de 112 millones de pesos en el programa GIRSU<\/title>\n<meta name=\"robots\" content=\"index, follow, max-snippet:-1, max-image-preview:large, max-video-preview:-1\" \/>\n<link rel=\"canonical\" href=\"https:\/\/patagoniambiental.com.ar\/info\/el-gobierno-nacional-invierte-en-viedma-mas-de-112-millones-de-pesos-en-el-programa-girsu\/\" \/>\n<meta property=\"og:locale\" content=\"es_ES\" \/>\n<meta property=\"og:type\" content=\"article\" \/>\n<meta property=\"og:title\" content=\"El Gobierno Nacional invierte en Viedma m\u00e1s de 112 millones de pesos en el programa GIRSU\" \/>\n<meta property=\"og:description\" content=\"Viedma.-El Ministerio de Ambiente y Desarrollo Sustentable de la Naci\u00f3n adjudic\u00f3 a la Municipalidad de Viedma la obra del proyecto [&hellip;]\" \/>\n<meta property=\"og:url\" content=\"https:\/\/patagoniambiental.com.ar\/info\/el-gobierno-nacional-invierte-en-viedma-mas-de-112-millones-de-pesos-en-el-programa-girsu\/\" \/>\n<meta property=\"og:site_name\" content=\"Patagonia Ambiental\" \/>\n<meta property=\"article:publisher\" content=\"https:\/\/www.facebook.com\/patagonia.ambiental\" \/>\n<meta property=\"article:author\" content=\"https:\/\/www.facebook.com\/share\/1C1V8Gv9BX\/?mibextid=qi2Omg\" \/>\n<meta property=\"article:published_time\" content=\"2017-10-05T22:00:01+00:00\" \/>\n<meta property=\"og:image\" content=\"https:\/\/patagoniambiental.com.ar\/info\/wp-content\/uploads\/2017\/10\/thumbnail_14163745_10210111723019370_44958700_o.jpg\" \/>\n\t<meta property=\"og:image:width\" content=\"1033\" \/>\n\t<meta property=\"og:image:height\" content=\"589\" \/>\n\t<meta property=\"og:image:type\" content=\"image\/jpeg\" \/>\n<meta name=\"author\" content=\"Patagonia Ambiental\" \/>\n<meta name=\"twitter:card\" content=\"summary_large_image\" \/>\n<meta name=\"twitter:creator\" content=\"@PatAmb\" \/>\n<meta name=\"twitter:site\" content=\"@PatAmb\" \/>\n<script type=\"application\/ld+json\" class=\"yoast-schema-graph\">{\"@context\":\"https:\\\/\\\/schema.org\",\"@graph\":[{\"@type\":\"Article\",\"@id\":\"https:\\\/\\\/patagoniambiental.com.ar\\\/info\\\/el-gobierno-nacional-invierte-en-viedma-mas-de-112-millones-de-pesos-en-el-programa-girsu\\\/#article\",\"isPartOf\":{\"@id\":\"https:\\\/\\\/patagoniambiental.com.ar\\\/info\\\/el-gobierno-nacional-invierte-en-viedma-mas-de-112-millones-de-pesos-en-el-programa-girsu\\\/\"},\"author\":{\"name\":\"Patagonia Ambiental\",\"@id\":\"https:\\\/\\\/patagoniambiental.com.ar\\\/info\\\/#\\\/schema\\\/person\\\/db12bff64bbcbf6a253710bf0ea37b5d\"},\"headline\":\"El Gobierno Nacional invierte en Viedma m\u00e1s de 112 millones de pesos en el programa GIRSU\",\"datePublished\":\"2017-10-05T22:00:01+00:00\",\"mainEntityOfPage\":{\"@id\":\"https:\\\/\\\/patagoniambiental.com.ar\\\/info\\\/el-gobierno-nacional-invierte-en-viedma-mas-de-112-millones-de-pesos-en-el-programa-girsu\\\/\"},\"wordCount\":438,\"commentCount\":0,\"publisher\":{\"@id\":\"https:\\\/\\\/patagoniambiental.com.ar\\\/info\\\/#organization\"},\"image\":{\"@id\":\"https:\\\/\\\/patagoniambiental.com.ar\\\/info\\\/el-gobierno-nacional-invierte-en-viedma-mas-de-112-millones-de-pesos-en-el-programa-girsu\\\/#primaryimage\"},\"thumbnailUrl\":\"https:\\\/\\\/patagoniambiental.com.ar\\\/info\\\/wp-content\\\/uploads\\\/2017\\\/10\\\/thumbnail_14163745_10210111723019370_44958700_o.jpg\",\"articleSection\":[\"Municipales\",\"Noticias\"],\"inLanguage\":\"es\",\"potentialAction\":[{\"@type\":\"CommentAction\",\"name\":\"Comment\",\"target\":[\"https:\\\/\\\/patagoniambiental.com.ar\\\/info\\\/el-gobierno-nacional-invierte-en-viedma-mas-de-112-millones-de-pesos-en-el-programa-girsu\\\/#respond\"]}]},{\"@type\":\"WebPage\",\"@id\":\"https:\\\/\\\/patagoniambiental.com.ar\\\/info\\\/el-gobierno-nacional-invierte-en-viedma-mas-de-112-millones-de-pesos-en-el-programa-girsu\\\/\",\"url\":\"https:\\\/\\\/patagoniambiental.com.ar\\\/info\\\/el-gobierno-nacional-invierte-en-viedma-mas-de-112-millones-de-pesos-en-el-programa-girsu\\\/\",\"name\":\"El Gobierno Nacional invierte en Viedma m\u00e1s de 112 millones de pesos en el programa GIRSU\",\"isPartOf\":{\"@id\":\"https:\\\/\\\/patagoniambiental.com.ar\\\/info\\\/#website\"},\"primaryImageOfPage\":{\"@id\":\"https:\\\/\\\/patagoniambiental.com.ar\\\/info\\\/el-gobierno-nacional-invierte-en-viedma-mas-de-112-millones-de-pesos-en-el-programa-girsu\\\/#primaryimage\"},\"image\":{\"@id\":\"https:\\\/\\\/patagoniambiental.com.ar\\\/info\\\/el-gobierno-nacional-invierte-en-viedma-mas-de-112-millones-de-pesos-en-el-programa-girsu\\\/#primaryimage\"},\"thumbnailUrl\":\"https:\\\/\\\/patagoniambiental.com.ar\\\/info\\\/wp-content\\\/uploads\\\/2017\\\/10\\\/thumbnail_14163745_10210111723019370_44958700_o.jpg\",\"datePublished\":\"2017-10-05T22:00:01+00:00\",\"breadcrumb\":{\"@id\":\"https:\\\/\\\/patagoniambiental.com.ar\\\/info\\\/el-gobierno-nacional-invierte-en-viedma-mas-de-112-millones-de-pesos-en-el-programa-girsu\\\/#breadcrumb\"},\"inLanguage\":\"es\",\"potentialAction\":[{\"@type\":\"ReadAction\",\"target\":[\"https:\\\/\\\/patagoniambiental.com.ar\\\/info\\\/el-gobierno-nacional-invierte-en-viedma-mas-de-112-millones-de-pesos-en-el-programa-girsu\\\/\"]}]},{\"@type\":\"ImageObject\",\"inLanguage\":\"es\",\"@id\":\"https:\\\/\\\/patagoniambiental.com.ar\\\/info\\\/el-gobierno-nacional-invierte-en-viedma-mas-de-112-millones-de-pesos-en-el-programa-girsu\\\/#primaryimage\",\"url\":\"https:\\\/\\\/patagoniambiental.com.ar\\\/info\\\/wp-content\\\/uploads\\\/2017\\\/10\\\/thumbnail_14163745_10210111723019370_44958700_o.jpg\",\"contentUrl\":\"https:\\\/\\\/patagoniambiental.com.ar\\\/info\\\/wp-content\\\/uploads\\\/2017\\\/10\\\/thumbnail_14163745_10210111723019370_44958700_o.jpg\",\"width\":1033,\"height\":589},{\"@type\":\"BreadcrumbList\",\"@id\":\"https:\\\/\\\/patagoniambiental.com.ar\\\/info\\\/el-gobierno-nacional-invierte-en-viedma-mas-de-112-millones-de-pesos-en-el-programa-girsu\\\/#breadcrumb\",\"itemListElement\":[{\"@type\":\"ListItem\",\"position\":1,\"name\":\"Inicio\",\"item\":\"https:\\\/\\\/patagoniambiental.com.ar\\\/info\\\/\"},{\"@type\":\"ListItem\",\"position\":2,\"name\":\"El Gobierno Nacional invierte en Viedma m\u00e1s de 112 millones de pesos en el programa GIRSU\"}]},{\"@type\":\"WebSite\",\"@id\":\"https:\\\/\\\/patagoniambiental.com.ar\\\/info\\\/#website\",\"url\":\"https:\\\/\\\/patagoniambiental.com.ar\\\/info\\\/\",\"name\":\"Patagonia Ambiental\",\"description\":\"Monitoreo y an\u00e1lisis de la situaci\u00f3n geopol\u00edtica en el mundo y su implicancia en la Patagonia\",\"publisher\":{\"@id\":\"https:\\\/\\\/patagoniambiental.com.ar\\\/info\\\/#organization\"},\"potentialAction\":[{\"@type\":\"SearchAction\",\"target\":{\"@type\":\"EntryPoint\",\"urlTemplate\":\"https:\\\/\\\/patagoniambiental.com.ar\\\/info\\\/?s={search_term_string}\"},\"query-input\":{\"@type\":\"PropertyValueSpecification\",\"valueRequired\":true,\"valueName\":\"search_term_string\"}}],\"inLanguage\":\"es\"},{\"@type\":\"Organization\",\"@id\":\"https:\\\/\\\/patagoniambiental.com.ar\\\/info\\\/#organization\",\"name\":\"Patagonia Ambiental\",\"url\":\"https:\\\/\\\/patagoniambiental.com.ar\\\/info\\\/\",\"logo\":{\"@type\":\"ImageObject\",\"inLanguage\":\"es\",\"@id\":\"https:\\\/\\\/patagoniambiental.com.ar\\\/info\\\/#\\\/schema\\\/logo\\\/image\\\/\",\"url\":\"https:\\\/\\\/patagoniambiental.com.ar\\\/info\\\/wp-content\\\/uploads\\\/2025\\\/05\\\/LOGO-PATAGONIA-AMBIENTAL.png\",\"contentUrl\":\"https:\\\/\\\/patagoniambiental.com.ar\\\/info\\\/wp-content\\\/uploads\\\/2025\\\/05\\\/LOGO-PATAGONIA-AMBIENTAL.png\",\"width\":433,\"height\":250,\"caption\":\"Patagonia Ambiental\"},\"image\":{\"@id\":\"https:\\\/\\\/patagoniambiental.com.ar\\\/info\\\/#\\\/schema\\\/logo\\\/image\\\/\"},\"sameAs\":[\"https:\\\/\\\/www.facebook.com\\\/patagonia.ambiental\",\"https:\\\/\\\/x.com\\\/PatAmb\"]},{\"@type\":\"Person\",\"@id\":\"https:\\\/\\\/patagoniambiental.com.ar\\\/info\\\/#\\\/schema\\\/person\\\/db12bff64bbcbf6a253710bf0ea37b5d\",\"name\":\"Patagonia Ambiental\",\"description\":\"Andr\u00e9s Nievas T\u00e9cnico en manejo ambiental, consultor Ambiental y escritor para medios locales e internacionales sobre temas de geopolitica y medio ambiente.\",\"sameAs\":[\"http:\\\/\\\/www.patagoniambiental.com.ar\",\"https:\\\/\\\/www.facebook.com\\\/share\\\/1C1V8Gv9BX\\\/?mibextid=qi2Omg\",\"@patagoniambiental\",\"https:\\\/\\\/youtube.com\\\/@patagoniaambiental2023?si=BLt58t0wuXquxlYZ\"]}]}<\/script>\n<!-- \/ Yoast SEO Premium plugin. -->","yoast_head_json":{"title":"El Gobierno Nacional invierte en Viedma m\u00e1s de 112 millones de pesos en el programa GIRSU","robots":{"index":"index","follow":"follow","max-snippet":"max-snippet:-1","max-image-preview":"max-image-preview:large","max-video-preview":"max-video-preview:-1"},"canonical":"https:\/\/patagoniambiental.com.ar\/info\/el-gobierno-nacional-invierte-en-viedma-mas-de-112-millones-de-pesos-en-el-programa-girsu\/","og_locale":"es_ES","og_type":"article","og_title":"El Gobierno Nacional invierte en Viedma m\u00e1s de 112 millones de pesos en el programa GIRSU","og_description":"Viedma.-El Ministerio de Ambiente y Desarrollo Sustentable de la Naci\u00f3n adjudic\u00f3 a la Municipalidad de Viedma la obra del proyecto [&hellip;]","og_url":"https:\/\/patagoniambiental.com.ar\/info\/el-gobierno-nacional-invierte-en-viedma-mas-de-112-millones-de-pesos-en-el-programa-girsu\/","og_site_name":"Patagonia Ambiental","article_publisher":"https:\/\/www.facebook.com\/patagonia.ambiental","article_author":"https:\/\/www.facebook.com\/share\/1C1V8Gv9BX\/?mibextid=qi2Omg","article_published_time":"2017-10-05T22:00:01+00:00","og_image":[{"width":1033,"height":589,"url":"https:\/\/patagoniambiental.com.ar\/info\/wp-content\/uploads\/2017\/10\/thumbnail_14163745_10210111723019370_44958700_o.jpg","type":"image\/jpeg"}],"author":"Patagonia Ambiental","twitter_card":"summary_large_image","twitter_creator":"@PatAmb","twitter_site":"@PatAmb","schema":{"@context":"https:\/\/schema.org","@graph":[{"@type":"Article","@id":"https:\/\/patagoniambiental.com.ar\/info\/el-gobierno-nacional-invierte-en-viedma-mas-de-112-millones-de-pesos-en-el-programa-girsu\/#article","isPartOf":{"@id":"https:\/\/patagoniambiental.com.ar\/info\/el-gobierno-nacional-invierte-en-viedma-mas-de-112-millones-de-pesos-en-el-programa-girsu\/"},"author":{"name":"Patagonia Ambiental","@id":"https:\/\/patagoniambiental.com.ar\/info\/#\/schema\/person\/db12bff64bbcbf6a253710bf0ea37b5d"},"headline":"El Gobierno Nacional invierte en Viedma m\u00e1s de 112 millones de pesos en el programa GIRSU","datePublished":"2017-10-05T22:00:01+00:00","mainEntityOfPage":{"@id":"https:\/\/patagoniambiental.com.ar\/info\/el-gobierno-nacional-invierte-en-viedma-mas-de-112-millones-de-pesos-en-el-programa-girsu\/"},"wordCount":438,"commentCount":0,"publisher":{"@id":"https:\/\/patagoniambiental.com.ar\/info\/#organization"},"image":{"@id":"https:\/\/patagoniambiental.com.ar\/info\/el-gobierno-nacional-invierte-en-viedma-mas-de-112-millones-de-pesos-en-el-programa-girsu\/#primaryimage"},"thumbnailUrl":"https:\/\/patagoniambiental.com.ar\/info\/wp-content\/uploads\/2017\/10\/thumbnail_14163745_10210111723019370_44958700_o.jpg","articleSection":["Municipales","Noticias"],"inLanguage":"es","potentialAction":[{"@type":"CommentAction","name":"Comment","target":["https:\/\/patagoniambiental.com.ar\/info\/el-gobierno-nacional-invierte-en-viedma-mas-de-112-millones-de-pesos-en-el-programa-girsu\/#respond"]}]},{"@type":"WebPage","@id":"https:\/\/patagoniambiental.com.ar\/info\/el-gobierno-nacional-invierte-en-viedma-mas-de-112-millones-de-pesos-en-el-programa-girsu\/","url":"https:\/\/patagoniambiental.com.ar\/info\/el-gobierno-nacional-invierte-en-viedma-mas-de-112-millones-de-pesos-en-el-programa-girsu\/","name":"El Gobierno Nacional invierte en Viedma m\u00e1s de 112 millones de pesos en el programa GIRSU","isPartOf":{"@id":"https:\/\/patagoniambiental.com.ar\/info\/#website"},"primaryImageOfPage":{"@id":"https:\/\/patagoniambiental.com.ar\/info\/el-gobierno-nacional-invierte-en-viedma-mas-de-112-millones-de-pesos-en-el-programa-girsu\/#primaryimage"},"image":{"@id":"https:\/\/patagoniambiental.com.ar\/info\/el-gobierno-nacional-invierte-en-viedma-mas-de-112-millones-de-pesos-en-el-programa-girsu\/#primaryimage"},"thumbnailUrl":"https:\/\/patagoniambiental.com.ar\/info\/wp-content\/uploads\/2017\/10\/thumbnail_14163745_10210111723019370_44958700_o.jpg","datePublished":"2017-10-05T22:00:01+00:00","breadcrumb":{"@id":"https:\/\/patagoniambiental.com.ar\/info\/el-gobierno-nacional-invierte-en-viedma-mas-de-112-millones-de-pesos-en-el-programa-girsu\/#breadcrumb"},"inLanguage":"es","potentialAction":[{"@type":"ReadAction","target":["https:\/\/patagoniambiental.com.ar\/info\/el-gobierno-nacional-invierte-en-viedma-mas-de-112-millones-de-pesos-en-el-programa-girsu\/"]}]},{"@type":"ImageObject","inLanguage":"es","@id":"https:\/\/patagoniambiental.com.ar\/info\/el-gobierno-nacional-invierte-en-viedma-mas-de-112-millones-de-pesos-en-el-programa-girsu\/#primaryimage","url":"https:\/\/patagoniambiental.com.ar\/info\/wp-content\/uploads\/2017\/10\/thumbnail_14163745_10210111723019370_44958700_o.jpg","contentUrl":"https:\/\/patagoniambiental.com.ar\/info\/wp-content\/uploads\/2017\/10\/thumbnail_14163745_10210111723019370_44958700_o.jpg","width":1033,"height":589},{"@type":"BreadcrumbList","@id":"https:\/\/patagoniambiental.com.ar\/info\/el-gobierno-nacional-invierte-en-viedma-mas-de-112-millones-de-pesos-en-el-programa-girsu\/#breadcrumb","itemListElement":[{"@type":"ListItem","position":1,"name":"Inicio","item":"https:\/\/patagoniambiental.com.ar\/info\/"},{"@type":"ListItem","position":2,"name":"El Gobierno Nacional invierte en Viedma m\u00e1s de 112 millones de pesos en el programa GIRSU"}]},{"@type":"WebSite","@id":"https:\/\/patagoniambiental.com.ar\/info\/#website","url":"https:\/\/patagoniambiental.com.ar\/info\/","name":"Patagonia Ambiental","description":"Monitoreo y an\u00e1lisis de la situaci\u00f3n geopol\u00edtica en el mundo y su implicancia en la Patagonia","publisher":{"@id":"https:\/\/patagoniambiental.com.ar\/info\/#organization"},"potentialAction":[{"@type":"SearchAction","target":{"@type":"EntryPoint","urlTemplate":"https:\/\/patagoniambiental.com.ar\/info\/?s={search_term_string}"},"query-input":{"@type":"PropertyValueSpecification","valueRequired":true,"valueName":"search_term_string"}}],"inLanguage":"es"},{"@type":"Organization","@id":"https:\/\/patagoniambiental.com.ar\/info\/#organization","name":"Patagonia Ambiental","url":"https:\/\/patagoniambiental.com.ar\/info\/","logo":{"@type":"ImageObject","inLanguage":"es","@id":"https:\/\/patagoniambiental.com.ar\/info\/#\/schema\/logo\/image\/","url":"https:\/\/patagoniambiental.com.ar\/info\/wp-content\/uploads\/2025\/05\/LOGO-PATAGONIA-AMBIENTAL.png","contentUrl":"https:\/\/patagoniambiental.com.ar\/info\/wp-content\/uploads\/2025\/05\/LOGO-PATAGONIA-AMBIENTAL.png","width":433,"height":250,"caption":"Patagonia Ambiental"},"image":{"@id":"https:\/\/patagoniambiental.com.ar\/info\/#\/schema\/logo\/image\/"},"sameAs":["https:\/\/www.facebook.com\/patagonia.ambiental","https:\/\/x.com\/PatAmb"]},{"@type":"Person","@id":"https:\/\/patagoniambiental.com.ar\/info\/#\/schema\/person\/db12bff64bbcbf6a253710bf0ea37b5d","name":"Patagonia Ambiental","description":"Andr\u00e9s Nievas T\u00e9cnico en manejo ambiental, consultor Ambiental y escritor para medios locales e internacionales sobre temas de geopolitica y medio ambiente.","sameAs":["http:\/\/www.patagoniambiental.com.ar","https:\/\/www.facebook.com\/share\/1C1V8Gv9BX\/?mibextid=qi2Omg","@patagoniambiental","https:\/\/youtube.com\/@patagoniaambiental2023?si=BLt58t0wuXquxlYZ"]}]}},"_links":{"self":[{"href":"https:\/\/patagoniambiental.com.ar\/info\/wp-json\/wp\/v2\/posts\/36022","targetHints":{"allow":["GET"]}}],"collection":[{"href":"https:\/\/patagoniambiental.com.ar\/info\/wp-json\/wp\/v2\/posts"}],"about":[{"href":"https:\/\/patagoniambiental.com.ar\/info\/wp-json\/wp\/v2\/types\/post"}],"author":[{"embeddable":true,"href":"https:\/\/patagoniambiental.com.ar\/info\/wp-json\/wp\/v2\/users\/2"}],"replies":[{"embeddable":true,"href":"https:\/\/patagoniambiental.com.ar\/info\/wp-json\/wp\/v2\/comments?post=36022"}],"version-history":[{"count":0,"href":"https:\/\/patagoniambiental.com.ar\/info\/wp-json\/wp\/v2\/posts\/36022\/revisions"}],"wp:featuredmedia":[{"embeddable":true,"href":"https:\/\/patagoniambiental.com.ar\/info\/wp-json\/wp\/v2\/media\/36023"}],"wp:attachment":[{"href":"https:\/\/patagoniambiental.com.ar\/info\/wp-json\/wp\/v2\/media?parent=36022"}],"wp:term":[{"taxonomy":"category","embeddable":true,"href":"https:\/\/patagoniambiental.com.ar\/info\/wp-json\/wp\/v2\/categories?post=36022"},{"taxonomy":"post_tag","embeddable":true,"href":"https:\/\/patagoniambiental.com.ar\/info\/wp-json\/wp\/v2\/tags?post=36022"}],"curies":[{"name":"wp","href":"https:\/\/api.w.org\/{rel}","templated":true}]}}