{"id":36071,"date":"2017-10-06T19:00:02","date_gmt":"2017-10-06T22:00:02","guid":{"rendered":"http:\/\/patagoniambiental.com.ar\/info\/?p=36071"},"modified":"2017-10-06T09:55:16","modified_gmt":"2017-10-06T12:55:16","slug":"en-la-ciudad-de-neuquen-se-podra-ver-la-contaminacion-del-rio-en-tiempo-real","status":"publish","type":"post","link":"https:\/\/patagoniambiental.com.ar\/info\/en-la-ciudad-de-neuquen-se-podra-ver-la-contaminacion-del-rio-en-tiempo-real\/","title":{"rendered":"En la ciudad de Neuqu\u00e9n se podr\u00e1 ver la contaminaci\u00f3n del r\u00edo en tiempo real"},"content":{"rendered":"<article id=\"article-post\" class=\"cat-rojo\">\n<header>\n<div class=\"row\">\n<div class=\"col-xs-12\">\n<p class=\"title\">Neuqu\u00e9n.-La Municipalidad instalar\u00e1 equipos de medici\u00f3n con resultados que se publicar\u00e1n en internet.<\/p>\n<p><!--more--><\/p>\n<\/div>\n<\/div>\n<\/header>\n<div class=\"head-image thumb-wrap relative\">\n<div id=\"content-gallery\">\n<div id=\"fotogaleria-Object_3184_1797\" class=\"gallery\">\n<div class=\"col2\">\n<div class=\"image itemGallery classid493914\"><a title=\"En la Muni presentaron el equipo con el que medir\u00e1n la contaminaci\u00f3n de los r\u00edos.\" href=\"https:\/\/media.lmneuquen.com\/adjuntos\/195\/imagenes\/002\/730\/0002730930.jpg\"><img fetchpriority=\"high\" decoding=\"async\" title=\"En la Muni presentaron el equipo con el que medir\u00e1n la contaminaci\u00f3n de los r\u00edos.\" src=\"https:\/\/media.lmneuquen.com\/adjuntos\/195\/imagenes\/002\/730\/0002730930.jpg\" alt=\"En la Muni presentaron el equipo con el que medir\u00e1n la contaminaci\u00f3n de los r\u00edos.\" width=\"770\" height=\"433\" \/><\/a><\/p>\n<div class=\"gallery-header\"><\/div>\n<div class=\"pieFoto\"><span class=\"epiinterior\">En la Muni presentaron el equipo con el que medir\u00e1n la contaminaci\u00f3n de los r\u00edos.<\/span><span class=\"copyinterior\">Sebasti\u00e1n Fari\u00f1a Petersen<\/span><\/div>\n<\/div>\n<\/div>\n<div class=\"clearfix\"><\/div>\n<\/div>\n<\/div>\n<\/div>\n<div class=\"cuerpo\">\n<p><strong>Sof\u00eda Sandoval<\/strong><\/p>\n<p><strong>ssandoval@lmneuquen.com.ar<\/strong><\/p>\n<div class=\"teads-inread\">\n<div>\n<div class=\"teads-ui-components-label\">PUBLICIDAD<\/div>\n<div id=\"teads0\" class=\"teads-player\"><\/div>\n<\/div>\n<\/div>\n<p>Este verano, el\u00a0<a class=\"agrupador\" href=\"https:\/\/www.lmneuquen.com\/URL_AGRUPADOR_195\/municipio-a505\" rel=\"505\">Municipio<\/a>\u00a0empezar\u00e1 a publicar en tiempo real la contaminaci\u00f3n del r\u00edo en los balnearios. En diciembre instalar\u00e1 un primer equipo piloto sobre el balneario municipal, que medir\u00e1 la temperatura, la acidez y el ox\u00edgeno del agua de manera permanente. Los datos se difundir\u00e1n a trav\u00e9s de internet, para que est\u00e9n al alcance de todos los vecinos.\u00a0<strong>Neuqu\u00e9n ser\u00e1 la primera ciudad del pa\u00eds en usar esta tecnolog\u00eda ambiental.<\/strong><\/p>\n<\/div>\n<\/article>\n<p>&nbsp;<\/p>\n<article id=\"article-post\" class=\"cat-rojo\">\n<div class=\"cuerpo\">\n<p>El objetivo es llegar en el mediano plazo a una red de cuatro puntos de medici\u00f3n de los r\u00edos Limay y Neuqu\u00e9n, para saber de inmediato si hay alguna alteraci\u00f3n qu\u00edmica. Para ese monitoreo, el Municipio contrat\u00f3 a la empresa porte\u00f1a Rack2, representante en Argentina de la firma espa\u00f1ola Libelium, fabricante de los sensores.<\/p>\n<p>El anuncio se hizo en una conferencia encabezada por el intendente\u00a0<strong>Horacio Quiroga<\/strong>\u00a0en el Palacio Municipal. El monitoreo del agua forma parte de un plan m\u00e1s amplio, para medir desde el uso del transporte escolar hasta los ruidos molestos.<\/p>\n<p><strong>Rub\u00e9n Etcheverry<\/strong>, secretario de Modernizaci\u00f3n, explic\u00f3 que los sensores detectar\u00e1n la contaminaci\u00f3n cloacal \u00abde manera indirecta\u00bb. O sea, no mostrar\u00e1n la cantidad de bacterias por mililitro, sino par\u00e1metros f\u00edsico-qu\u00edmicos del agua. Si los valores exceden el nivel esperable, se activar\u00e1 una alarma.<\/p>\n<p>Dijo que el primer equipo estar\u00e1 en el balneario municipal, el m\u00e1s afectado por la contaminaci\u00f3n cloacal. Aclar\u00f3 que, antes de instalarlo, tendr\u00e1n \u00ab<strong>que solicitar autorizaci\u00f3n a Recursos H\u00eddricos y la AIC<\/strong>\u00ab. Esta tecnolog\u00eda se usa en otros pa\u00edses, pero en Argentina ser\u00e1 la primera vez que se haga un control del agua \u201ccontinuo y en l\u00ednea\u201d, acot\u00f3. Agreg\u00f3 que resolvieron invertir en este sistema porque en un sondeo sobre las principales preocupaciones de los vecinos la contaminaci\u00f3n de los r\u00edos fue lejos el tema que m\u00e1s se mencion\u00f3.<\/p>\n<p><strong>Marcelo Silvestri<\/strong>, gerente de Rack2, cont\u00f3 que ya est\u00e1n usando estos aparatos en el sur de la provincia de Buenos Aires para medir crecidas y prevenir inundaciones. La misma tecnolog\u00eda sirve para detectar incendios forestales, part\u00edculas en suspensi\u00f3n o amenazas en cultivos. No se especific\u00f3 cu\u00e1nto pagar\u00e1 el Municipio por los equipos y el software asociado, que se comprar\u00e1n de manera gradual.<\/p>\n<p><strong>Medir\u00e1n otros par\u00e1metros<\/strong><\/p>\n<p>Etcheverry anunci\u00f3 que prev\u00e9n contratar los mismos equipos de monitoreo del agua para medir la calidad del suelo, el aire y los ruidos molestos dentro de la ciudad. Dijo que esa red de recolecci\u00f3n de datos se ir\u00e1 aplicando \u201ca medida que el presupuesto lo permita\u201d.<\/p>\n<p><strong>EN TRES PASOS<\/strong><\/p>\n<p><em><strong>As\u00ed funciona la vigilancia de los r\u00edos que se viene<\/strong><\/em><\/p>\n<p><strong>1-<\/strong>\u00a0En dos meses, instalar\u00e1n el equipo piloto en el balneario municipal. Tiene el tama\u00f1o de una caja de galletitas, con una antena, celda de energ\u00eda solar y tres extensiones con sensores. Se pone en el agua y capta y env\u00eda informaci\u00f3n por se\u00f1al inal\u00e1mbrica.<\/p>\n<p><strong>2-<\/strong>\u00a0Los sensores medir\u00e1n la temperatura del agua, acidez (pH), oxidaci\u00f3n (potencial redox), ox\u00edgeno disuelto y conductividad. Los datos se transmitir\u00e1n en tiempo real por se\u00f1al de celular o wifi.<\/p>\n<p><strong>3-<\/strong>\u00a0El Municipio bajar\u00e1 los datos a un celular o computadora. Con un software espec\u00edfico, los trasladar\u00e1 a un gr\u00e1fico en una web disponible para el p\u00fablico. De a poco, sumar\u00e1n otros equipos de medici\u00f3n en el Gatica, el arroyo Dur\u00e1n y el r\u00edo Neuqu\u00e9n.<\/p>\n<p>Fuente: La Ma\u00f1ana Neuqu\u00e9n<\/p>\n<\/div>\n<\/article>\n","protected":false},"excerpt":{"rendered":"<p>Neuqu\u00e9n.-La Municipalidad instalar\u00e1 equipos de medici\u00f3n con resultados que se publicar\u00e1n en internet.<\/p>\n","protected":false},"author":2,"featured_media":36072,"comment_status":"open","ping_status":"open","sticky":false,"template":"","format":"standard","meta":{"site-sidebar-layout":"default","site-content-layout":"","ast-site-content-layout":"default","site-content-style":"default","site-sidebar-style":"default","ast-global-header-display":"","ast-banner-title-visibility":"","ast-main-header-display":"","ast-hfb-above-header-display":"","ast-hfb-below-header-display":"","ast-hfb-mobile-header-display":"","site-post-title":"","ast-breadcrumbs-content":"","ast-featured-img":"","footer-sml-layout":"","ast-disable-related-posts":"","theme-transparent-header-meta":"","adv-header-id-meta":"","stick-header-meta":"","header-above-stick-meta":"","header-main-stick-meta":"","header-below-stick-meta":"","astra-migrate-meta-layouts":"default","ast-page-background-enabled":"default","ast-page-background-meta":{"desktop":{"background-color":"var(--ast-global-color-5)","background-image":"","background-repeat":"repeat","background-position":"center center","background-size":"auto","background-attachment":"scroll","background-type":"","background-media":"","overlay-type":"","overlay-color":"","overlay-opacity":"","overlay-gradient":""},"tablet":{"background-color":"","background-image":"","background-repeat":"repeat","background-position":"center center","background-size":"auto","background-attachment":"scroll","background-type":"","background-media":"","overlay-type":"","overlay-color":"","overlay-opacity":"","overlay-gradient":""},"mobile":{"background-color":"","background-image":"","background-repeat":"repeat","background-position":"center center","background-size":"auto","background-attachment":"scroll","background-type":"","background-media":"","overlay-type":"","overlay-color":"","overlay-opacity":"","overlay-gradient":""}},"ast-content-background-meta":{"desktop":{"background-color":"var(--ast-global-color-4)","background-image":"","background-repeat":"repeat","background-position":"center center","background-size":"auto","background-attachment":"scroll","background-type":"","background-media":"","overlay-type":"","overlay-color":"","overlay-opacity":"","overlay-gradient":""},"tablet":{"background-color":"var(--ast-global-color-4)","background-image":"","background-repeat":"repeat","background-position":"center center","background-size":"auto","background-attachment":"scroll","background-type":"","background-media":"","overlay-type":"","overlay-color":"","overlay-opacity":"","overlay-gradient":""},"mobile":{"background-color":"var(--ast-global-color-4)","background-image":"","background-repeat":"repeat","background-position":"center center","background-size":"auto","background-attachment":"scroll","background-type":"","background-media":"","overlay-type":"","overlay-color":"","overlay-opacity":"","overlay-gradient":""}},"footnotes":""},"categories":[16,1],"tags":[],"class_list":["post-36071","post","type-post","status-publish","format-standard","has-post-thumbnail","hentry","category-municipales","category-noticias"],"yoast_head":"<!-- This site is optimized with the Yoast SEO Premium plugin v23.0 (Yoast SEO v27.4) - https:\/\/yoast.com\/product\/yoast-seo-premium-wordpress\/ -->\n<title>En la ciudad de Neuqu\u00e9n se podr\u00e1 ver la contaminaci\u00f3n del r\u00edo en tiempo real<\/title>\n<meta name=\"robots\" content=\"index, follow, max-snippet:-1, max-image-preview:large, max-video-preview:-1\" \/>\n<link rel=\"canonical\" href=\"https:\/\/patagoniambiental.com.ar\/info\/en-la-ciudad-de-neuquen-se-podra-ver-la-contaminacion-del-rio-en-tiempo-real\/\" \/>\n<meta property=\"og:locale\" content=\"es_ES\" \/>\n<meta property=\"og:type\" content=\"article\" \/>\n<meta property=\"og:title\" content=\"En la ciudad de Neuqu\u00e9n se podr\u00e1 ver la contaminaci\u00f3n del r\u00edo en tiempo real\" \/>\n<meta property=\"og:description\" content=\"Neuqu\u00e9n.-La Municipalidad instalar\u00e1 equipos de medici\u00f3n con resultados que se publicar\u00e1n en internet.\" \/>\n<meta property=\"og:url\" content=\"https:\/\/patagoniambiental.com.ar\/info\/en-la-ciudad-de-neuquen-se-podra-ver-la-contaminacion-del-rio-en-tiempo-real\/\" \/>\n<meta property=\"og:site_name\" content=\"Patagonia Ambiental\" \/>\n<meta property=\"article:publisher\" content=\"https:\/\/www.facebook.com\/patagonia.ambiental\" \/>\n<meta property=\"article:author\" content=\"https:\/\/www.facebook.com\/share\/1C1V8Gv9BX\/?mibextid=qi2Omg\" \/>\n<meta property=\"article:published_time\" content=\"2017-10-06T22:00:02+00:00\" \/>\n<meta property=\"og:image\" content=\"https:\/\/patagoniambiental.com.ar\/info\/wp-content\/uploads\/2017\/10\/0002730930.jpg\" \/>\n\t<meta property=\"og:image:width\" content=\"770\" \/>\n\t<meta property=\"og:image:height\" content=\"433\" \/>\n\t<meta property=\"og:image:type\" content=\"image\/jpeg\" \/>\n<meta name=\"author\" content=\"Patagonia Ambiental\" \/>\n<meta name=\"twitter:card\" content=\"summary_large_image\" \/>\n<meta name=\"twitter:creator\" content=\"@PatAmb\" \/>\n<meta name=\"twitter:site\" content=\"@PatAmb\" \/>\n<script type=\"application\/ld+json\" class=\"yoast-schema-graph\">{\"@context\":\"https:\\\/\\\/schema.org\",\"@graph\":[{\"@type\":\"Article\",\"@id\":\"https:\\\/\\\/patagoniambiental.com.ar\\\/info\\\/en-la-ciudad-de-neuquen-se-podra-ver-la-contaminacion-del-rio-en-tiempo-real\\\/#article\",\"isPartOf\":{\"@id\":\"https:\\\/\\\/patagoniambiental.com.ar\\\/info\\\/en-la-ciudad-de-neuquen-se-podra-ver-la-contaminacion-del-rio-en-tiempo-real\\\/\"},\"author\":{\"name\":\"Patagonia Ambiental\",\"@id\":\"https:\\\/\\\/patagoniambiental.com.ar\\\/info\\\/#\\\/schema\\\/person\\\/db12bff64bbcbf6a253710bf0ea37b5d\"},\"headline\":\"En la ciudad de Neuqu\u00e9n se podr\u00e1 ver la contaminaci\u00f3n del r\u00edo en tiempo real\",\"datePublished\":\"2017-10-06T22:00:02+00:00\",\"mainEntityOfPage\":{\"@id\":\"https:\\\/\\\/patagoniambiental.com.ar\\\/info\\\/en-la-ciudad-de-neuquen-se-podra-ver-la-contaminacion-del-rio-en-tiempo-real\\\/\"},\"wordCount\":680,\"commentCount\":0,\"publisher\":{\"@id\":\"https:\\\/\\\/patagoniambiental.com.ar\\\/info\\\/#organization\"},\"image\":{\"@id\":\"https:\\\/\\\/patagoniambiental.com.ar\\\/info\\\/en-la-ciudad-de-neuquen-se-podra-ver-la-contaminacion-del-rio-en-tiempo-real\\\/#primaryimage\"},\"thumbnailUrl\":\"https:\\\/\\\/patagoniambiental.com.ar\\\/info\\\/wp-content\\\/uploads\\\/2017\\\/10\\\/0002730930.jpg\",\"articleSection\":[\"Municipales\",\"Noticias\"],\"inLanguage\":\"es\",\"potentialAction\":[{\"@type\":\"CommentAction\",\"name\":\"Comment\",\"target\":[\"https:\\\/\\\/patagoniambiental.com.ar\\\/info\\\/en-la-ciudad-de-neuquen-se-podra-ver-la-contaminacion-del-rio-en-tiempo-real\\\/#respond\"]}]},{\"@type\":\"WebPage\",\"@id\":\"https:\\\/\\\/patagoniambiental.com.ar\\\/info\\\/en-la-ciudad-de-neuquen-se-podra-ver-la-contaminacion-del-rio-en-tiempo-real\\\/\",\"url\":\"https:\\\/\\\/patagoniambiental.com.ar\\\/info\\\/en-la-ciudad-de-neuquen-se-podra-ver-la-contaminacion-del-rio-en-tiempo-real\\\/\",\"name\":\"En la ciudad de Neuqu\u00e9n se podr\u00e1 ver la contaminaci\u00f3n del r\u00edo en tiempo real\",\"isPartOf\":{\"@id\":\"https:\\\/\\\/patagoniambiental.com.ar\\\/info\\\/#website\"},\"primaryImageOfPage\":{\"@id\":\"https:\\\/\\\/patagoniambiental.com.ar\\\/info\\\/en-la-ciudad-de-neuquen-se-podra-ver-la-contaminacion-del-rio-en-tiempo-real\\\/#primaryimage\"},\"image\":{\"@id\":\"https:\\\/\\\/patagoniambiental.com.ar\\\/info\\\/en-la-ciudad-de-neuquen-se-podra-ver-la-contaminacion-del-rio-en-tiempo-real\\\/#primaryimage\"},\"thumbnailUrl\":\"https:\\\/\\\/patagoniambiental.com.ar\\\/info\\\/wp-content\\\/uploads\\\/2017\\\/10\\\/0002730930.jpg\",\"datePublished\":\"2017-10-06T22:00:02+00:00\",\"breadcrumb\":{\"@id\":\"https:\\\/\\\/patagoniambiental.com.ar\\\/info\\\/en-la-ciudad-de-neuquen-se-podra-ver-la-contaminacion-del-rio-en-tiempo-real\\\/#breadcrumb\"},\"inLanguage\":\"es\",\"potentialAction\":[{\"@type\":\"ReadAction\",\"target\":[\"https:\\\/\\\/patagoniambiental.com.ar\\\/info\\\/en-la-ciudad-de-neuquen-se-podra-ver-la-contaminacion-del-rio-en-tiempo-real\\\/\"]}]},{\"@type\":\"ImageObject\",\"inLanguage\":\"es\",\"@id\":\"https:\\\/\\\/patagoniambiental.com.ar\\\/info\\\/en-la-ciudad-de-neuquen-se-podra-ver-la-contaminacion-del-rio-en-tiempo-real\\\/#primaryimage\",\"url\":\"https:\\\/\\\/patagoniambiental.com.ar\\\/info\\\/wp-content\\\/uploads\\\/2017\\\/10\\\/0002730930.jpg\",\"contentUrl\":\"https:\\\/\\\/patagoniambiental.com.ar\\\/info\\\/wp-content\\\/uploads\\\/2017\\\/10\\\/0002730930.jpg\",\"width\":770,\"height\":433},{\"@type\":\"BreadcrumbList\",\"@id\":\"https:\\\/\\\/patagoniambiental.com.ar\\\/info\\\/en-la-ciudad-de-neuquen-se-podra-ver-la-contaminacion-del-rio-en-tiempo-real\\\/#breadcrumb\",\"itemListElement\":[{\"@type\":\"ListItem\",\"position\":1,\"name\":\"Inicio\",\"item\":\"https:\\\/\\\/patagoniambiental.com.ar\\\/info\\\/\"},{\"@type\":\"ListItem\",\"position\":2,\"name\":\"En la ciudad de Neuqu\u00e9n se podr\u00e1 ver la contaminaci\u00f3n del r\u00edo en tiempo real\"}]},{\"@type\":\"WebSite\",\"@id\":\"https:\\\/\\\/patagoniambiental.com.ar\\\/info\\\/#website\",\"url\":\"https:\\\/\\\/patagoniambiental.com.ar\\\/info\\\/\",\"name\":\"Patagonia Ambiental\",\"description\":\"Monitoreo y an\u00e1lisis de la situaci\u00f3n geopol\u00edtica en el mundo y su implicancia en la Patagonia\",\"publisher\":{\"@id\":\"https:\\\/\\\/patagoniambiental.com.ar\\\/info\\\/#organization\"},\"potentialAction\":[{\"@type\":\"SearchAction\",\"target\":{\"@type\":\"EntryPoint\",\"urlTemplate\":\"https:\\\/\\\/patagoniambiental.com.ar\\\/info\\\/?s={search_term_string}\"},\"query-input\":{\"@type\":\"PropertyValueSpecification\",\"valueRequired\":true,\"valueName\":\"search_term_string\"}}],\"inLanguage\":\"es\"},{\"@type\":\"Organization\",\"@id\":\"https:\\\/\\\/patagoniambiental.com.ar\\\/info\\\/#organization\",\"name\":\"Patagonia Ambiental\",\"url\":\"https:\\\/\\\/patagoniambiental.com.ar\\\/info\\\/\",\"logo\":{\"@type\":\"ImageObject\",\"inLanguage\":\"es\",\"@id\":\"https:\\\/\\\/patagoniambiental.com.ar\\\/info\\\/#\\\/schema\\\/logo\\\/image\\\/\",\"url\":\"https:\\\/\\\/patagoniambiental.com.ar\\\/info\\\/wp-content\\\/uploads\\\/2025\\\/05\\\/LOGO-PATAGONIA-AMBIENTAL.png\",\"contentUrl\":\"https:\\\/\\\/patagoniambiental.com.ar\\\/info\\\/wp-content\\\/uploads\\\/2025\\\/05\\\/LOGO-PATAGONIA-AMBIENTAL.png\",\"width\":433,\"height\":250,\"caption\":\"Patagonia Ambiental\"},\"image\":{\"@id\":\"https:\\\/\\\/patagoniambiental.com.ar\\\/info\\\/#\\\/schema\\\/logo\\\/image\\\/\"},\"sameAs\":[\"https:\\\/\\\/www.facebook.com\\\/patagonia.ambiental\",\"https:\\\/\\\/x.com\\\/PatAmb\"]},{\"@type\":\"Person\",\"@id\":\"https:\\\/\\\/patagoniambiental.com.ar\\\/info\\\/#\\\/schema\\\/person\\\/db12bff64bbcbf6a253710bf0ea37b5d\",\"name\":\"Patagonia Ambiental\",\"description\":\"Andr\u00e9s Nievas T\u00e9cnico en manejo ambiental, consultor Ambiental y escritor para medios locales e internacionales sobre temas de geopolitica y medio ambiente.\",\"sameAs\":[\"http:\\\/\\\/www.patagoniambiental.com.ar\",\"https:\\\/\\\/www.facebook.com\\\/share\\\/1C1V8Gv9BX\\\/?mibextid=qi2Omg\",\"@patagoniambiental\",\"https:\\\/\\\/youtube.com\\\/@patagoniaambiental2023?si=BLt58t0wuXquxlYZ\"]}]}<\/script>\n<!-- \/ Yoast SEO Premium plugin. -->","yoast_head_json":{"title":"En la ciudad de Neuqu\u00e9n se podr\u00e1 ver la contaminaci\u00f3n del r\u00edo en tiempo real","robots":{"index":"index","follow":"follow","max-snippet":"max-snippet:-1","max-image-preview":"max-image-preview:large","max-video-preview":"max-video-preview:-1"},"canonical":"https:\/\/patagoniambiental.com.ar\/info\/en-la-ciudad-de-neuquen-se-podra-ver-la-contaminacion-del-rio-en-tiempo-real\/","og_locale":"es_ES","og_type":"article","og_title":"En la ciudad de Neuqu\u00e9n se podr\u00e1 ver la contaminaci\u00f3n del r\u00edo en tiempo real","og_description":"Neuqu\u00e9n.-La Municipalidad instalar\u00e1 equipos de medici\u00f3n con resultados que se publicar\u00e1n en internet.","og_url":"https:\/\/patagoniambiental.com.ar\/info\/en-la-ciudad-de-neuquen-se-podra-ver-la-contaminacion-del-rio-en-tiempo-real\/","og_site_name":"Patagonia Ambiental","article_publisher":"https:\/\/www.facebook.com\/patagonia.ambiental","article_author":"https:\/\/www.facebook.com\/share\/1C1V8Gv9BX\/?mibextid=qi2Omg","article_published_time":"2017-10-06T22:00:02+00:00","og_image":[{"width":770,"height":433,"url":"https:\/\/patagoniambiental.com.ar\/info\/wp-content\/uploads\/2017\/10\/0002730930.jpg","type":"image\/jpeg"}],"author":"Patagonia Ambiental","twitter_card":"summary_large_image","twitter_creator":"@PatAmb","twitter_site":"@PatAmb","schema":{"@context":"https:\/\/schema.org","@graph":[{"@type":"Article","@id":"https:\/\/patagoniambiental.com.ar\/info\/en-la-ciudad-de-neuquen-se-podra-ver-la-contaminacion-del-rio-en-tiempo-real\/#article","isPartOf":{"@id":"https:\/\/patagoniambiental.com.ar\/info\/en-la-ciudad-de-neuquen-se-podra-ver-la-contaminacion-del-rio-en-tiempo-real\/"},"author":{"name":"Patagonia Ambiental","@id":"https:\/\/patagoniambiental.com.ar\/info\/#\/schema\/person\/db12bff64bbcbf6a253710bf0ea37b5d"},"headline":"En la ciudad de Neuqu\u00e9n se podr\u00e1 ver la contaminaci\u00f3n del r\u00edo en tiempo real","datePublished":"2017-10-06T22:00:02+00:00","mainEntityOfPage":{"@id":"https:\/\/patagoniambiental.com.ar\/info\/en-la-ciudad-de-neuquen-se-podra-ver-la-contaminacion-del-rio-en-tiempo-real\/"},"wordCount":680,"commentCount":0,"publisher":{"@id":"https:\/\/patagoniambiental.com.ar\/info\/#organization"},"image":{"@id":"https:\/\/patagoniambiental.com.ar\/info\/en-la-ciudad-de-neuquen-se-podra-ver-la-contaminacion-del-rio-en-tiempo-real\/#primaryimage"},"thumbnailUrl":"https:\/\/patagoniambiental.com.ar\/info\/wp-content\/uploads\/2017\/10\/0002730930.jpg","articleSection":["Municipales","Noticias"],"inLanguage":"es","potentialAction":[{"@type":"CommentAction","name":"Comment","target":["https:\/\/patagoniambiental.com.ar\/info\/en-la-ciudad-de-neuquen-se-podra-ver-la-contaminacion-del-rio-en-tiempo-real\/#respond"]}]},{"@type":"WebPage","@id":"https:\/\/patagoniambiental.com.ar\/info\/en-la-ciudad-de-neuquen-se-podra-ver-la-contaminacion-del-rio-en-tiempo-real\/","url":"https:\/\/patagoniambiental.com.ar\/info\/en-la-ciudad-de-neuquen-se-podra-ver-la-contaminacion-del-rio-en-tiempo-real\/","name":"En la ciudad de Neuqu\u00e9n se podr\u00e1 ver la contaminaci\u00f3n del r\u00edo en tiempo real","isPartOf":{"@id":"https:\/\/patagoniambiental.com.ar\/info\/#website"},"primaryImageOfPage":{"@id":"https:\/\/patagoniambiental.com.ar\/info\/en-la-ciudad-de-neuquen-se-podra-ver-la-contaminacion-del-rio-en-tiempo-real\/#primaryimage"},"image":{"@id":"https:\/\/patagoniambiental.com.ar\/info\/en-la-ciudad-de-neuquen-se-podra-ver-la-contaminacion-del-rio-en-tiempo-real\/#primaryimage"},"thumbnailUrl":"https:\/\/patagoniambiental.com.ar\/info\/wp-content\/uploads\/2017\/10\/0002730930.jpg","datePublished":"2017-10-06T22:00:02+00:00","breadcrumb":{"@id":"https:\/\/patagoniambiental.com.ar\/info\/en-la-ciudad-de-neuquen-se-podra-ver-la-contaminacion-del-rio-en-tiempo-real\/#breadcrumb"},"inLanguage":"es","potentialAction":[{"@type":"ReadAction","target":["https:\/\/patagoniambiental.com.ar\/info\/en-la-ciudad-de-neuquen-se-podra-ver-la-contaminacion-del-rio-en-tiempo-real\/"]}]},{"@type":"ImageObject","inLanguage":"es","@id":"https:\/\/patagoniambiental.com.ar\/info\/en-la-ciudad-de-neuquen-se-podra-ver-la-contaminacion-del-rio-en-tiempo-real\/#primaryimage","url":"https:\/\/patagoniambiental.com.ar\/info\/wp-content\/uploads\/2017\/10\/0002730930.jpg","contentUrl":"https:\/\/patagoniambiental.com.ar\/info\/wp-content\/uploads\/2017\/10\/0002730930.jpg","width":770,"height":433},{"@type":"BreadcrumbList","@id":"https:\/\/patagoniambiental.com.ar\/info\/en-la-ciudad-de-neuquen-se-podra-ver-la-contaminacion-del-rio-en-tiempo-real\/#breadcrumb","itemListElement":[{"@type":"ListItem","position":1,"name":"Inicio","item":"https:\/\/patagoniambiental.com.ar\/info\/"},{"@type":"ListItem","position":2,"name":"En la ciudad de Neuqu\u00e9n se podr\u00e1 ver la contaminaci\u00f3n del r\u00edo en tiempo real"}]},{"@type":"WebSite","@id":"https:\/\/patagoniambiental.com.ar\/info\/#website","url":"https:\/\/patagoniambiental.com.ar\/info\/","name":"Patagonia Ambiental","description":"Monitoreo y an\u00e1lisis de la situaci\u00f3n geopol\u00edtica en el mundo y su implicancia en la Patagonia","publisher":{"@id":"https:\/\/patagoniambiental.com.ar\/info\/#organization"},"potentialAction":[{"@type":"SearchAction","target":{"@type":"EntryPoint","urlTemplate":"https:\/\/patagoniambiental.com.ar\/info\/?s={search_term_string}"},"query-input":{"@type":"PropertyValueSpecification","valueRequired":true,"valueName":"search_term_string"}}],"inLanguage":"es"},{"@type":"Organization","@id":"https:\/\/patagoniambiental.com.ar\/info\/#organization","name":"Patagonia Ambiental","url":"https:\/\/patagoniambiental.com.ar\/info\/","logo":{"@type":"ImageObject","inLanguage":"es","@id":"https:\/\/patagoniambiental.com.ar\/info\/#\/schema\/logo\/image\/","url":"https:\/\/patagoniambiental.com.ar\/info\/wp-content\/uploads\/2025\/05\/LOGO-PATAGONIA-AMBIENTAL.png","contentUrl":"https:\/\/patagoniambiental.com.ar\/info\/wp-content\/uploads\/2025\/05\/LOGO-PATAGONIA-AMBIENTAL.png","width":433,"height":250,"caption":"Patagonia Ambiental"},"image":{"@id":"https:\/\/patagoniambiental.com.ar\/info\/#\/schema\/logo\/image\/"},"sameAs":["https:\/\/www.facebook.com\/patagonia.ambiental","https:\/\/x.com\/PatAmb"]},{"@type":"Person","@id":"https:\/\/patagoniambiental.com.ar\/info\/#\/schema\/person\/db12bff64bbcbf6a253710bf0ea37b5d","name":"Patagonia Ambiental","description":"Andr\u00e9s Nievas T\u00e9cnico en manejo ambiental, consultor Ambiental y escritor para medios locales e internacionales sobre temas de geopolitica y medio ambiente.","sameAs":["http:\/\/www.patagoniambiental.com.ar","https:\/\/www.facebook.com\/share\/1C1V8Gv9BX\/?mibextid=qi2Omg","@patagoniambiental","https:\/\/youtube.com\/@patagoniaambiental2023?si=BLt58t0wuXquxlYZ"]}]}},"_links":{"self":[{"href":"https:\/\/patagoniambiental.com.ar\/info\/wp-json\/wp\/v2\/posts\/36071","targetHints":{"allow":["GET"]}}],"collection":[{"href":"https:\/\/patagoniambiental.com.ar\/info\/wp-json\/wp\/v2\/posts"}],"about":[{"href":"https:\/\/patagoniambiental.com.ar\/info\/wp-json\/wp\/v2\/types\/post"}],"author":[{"embeddable":true,"href":"https:\/\/patagoniambiental.com.ar\/info\/wp-json\/wp\/v2\/users\/2"}],"replies":[{"embeddable":true,"href":"https:\/\/patagoniambiental.com.ar\/info\/wp-json\/wp\/v2\/comments?post=36071"}],"version-history":[{"count":0,"href":"https:\/\/patagoniambiental.com.ar\/info\/wp-json\/wp\/v2\/posts\/36071\/revisions"}],"wp:featuredmedia":[{"embeddable":true,"href":"https:\/\/patagoniambiental.com.ar\/info\/wp-json\/wp\/v2\/media\/36072"}],"wp:attachment":[{"href":"https:\/\/patagoniambiental.com.ar\/info\/wp-json\/wp\/v2\/media?parent=36071"}],"wp:term":[{"taxonomy":"category","embeddable":true,"href":"https:\/\/patagoniambiental.com.ar\/info\/wp-json\/wp\/v2\/categories?post=36071"},{"taxonomy":"post_tag","embeddable":true,"href":"https:\/\/patagoniambiental.com.ar\/info\/wp-json\/wp\/v2\/tags?post=36071"}],"curies":[{"name":"wp","href":"https:\/\/api.w.org\/{rel}","templated":true}]}}