{"id":36080,"date":"2017-10-06T09:00:44","date_gmt":"2017-10-06T12:00:44","guid":{"rendered":"http:\/\/patagoniambiental.com.ar\/info\/?p=36080"},"modified":"2017-10-06T10:19:17","modified_gmt":"2017-10-06T13:19:17","slug":"no-avanza-la-causa-por-el-incendio-del-refugio-neumeyer","status":"publish","type":"post","link":"https:\/\/patagoniambiental.com.ar\/info\/no-avanza-la-causa-por-el-incendio-del-refugio-neumeyer\/","title":{"rendered":"No avanza la causa por el incendio del refugio Neumeyer"},"content":{"rendered":"<div id=\"p_p_id_contentviewerportlet_WAR_newsportlet_INSTANCE_7b46250c2ded4bb09ceadd10f25cd300_\" class=\"portlet-boundary portlet-boundary_contentviewerportlet_WAR_newsportlet_  portlet-static portlet-static-end content-viewer-portlet \">\n<div class=\"td-portlet\">\n<section id=\"portlet_contentviewerportlet_WAR_newsportlet_INSTANCE_7b46250c2ded4bb09ceadd10f25cd300\" class=\"portlet\">\n<div class=\"portlet-content\">\n<div class=\" portlet-content-container\">\n<div class=\"portlet-body\">\n<div class=\"last td-viewer full-access\">\n<div class=\"template-90\">\n<div class=\"left-block\">\n<p class=\"location font-2-ebold fs16\"><a href=\"http:\/\/www.rionegro.com.ar\/tag\/-\/meta\/bariloche\">BARILOCHE.-<\/a>A tres a\u00f1os del siniestro que se adjudic\u00f3 la RAM, todav\u00eda no se logr\u00f3 identificar a los autores. Los querellantes tienen pocas expectativas de que la investigaci\u00f3n prospere.<br \/>\n<!--more--><\/p>\n<div class=\"block-author\">\n<div class=\"block\">\n<figure class=\"img-author\">\n<div><img decoding=\"async\" class=\" lazyloaded\" src=\"data:;base64,<svg xmlns='http:\/\/www.w3.org\/2000\/svg' viewBox='0 0 55 55'\/>\u00bb srcset=\u00bb\/\/www.rionegro.com.ar\/documents\/1\/0\/55&#215;55\/0c0\/0d0\/none\/12350\/LCXF\/image_content_7093768_20160426133911.png 55w\u00bb alt=\u00bbImage\u00bb width=\u00bb55&#8243; height=\u00bb55&#8243; data-srcset=\u00bb\/\/www.rionegro.com.ar\/documents\/1\/0\/55&#215;55\/0c0\/0d0\/none\/12350\/LCXF\/image_content_7093768_20160426133911.png 55w\u00bb \/><\/div>\n<\/figure>\n<\/div>\n<div class=\"info-author\">\n<div class=\"byline font-1-bold fs12\"><a href=\"http:\/\/www.rionegro.com.ar\/tag\/-\/meta\/jorge-villalobos\">JORGE VILLALOBOS<\/a><\/div>\n<div class=\"byline email font-1 fs12\"><\/div>\n<\/div>\n<\/div>\n<div class=\"datefrom font-2 fs10\">05 OCT 2017 &#8211; 17:38<\/div>\n<\/div>\n<div class=\"cl\"><\/div>\n<\/div>\n<\/div>\n<\/div>\n<\/div>\n<\/div>\n<\/section>\n<\/div>\n<\/div>\n<p>&nbsp;<\/p>\n<div id=\"p_p_id_relatedviewerportlet_WAR_newsportlet_INSTANCE_2caf61592e674fbebb4407f508589526_\" class=\"portlet-boundary portlet-boundary_relatedviewerportlet_WAR_newsportlet_  portlet-static portlet-static-end related-viewer-portlet advanced-91\"><\/div>\n<div id=\"p_p_id_contentviewerportlet_WAR_newsportlet_INSTANCE_821e1339b7ea435c95f10c94a28dac2f_\" class=\"portlet-boundary portlet-boundary_contentviewerportlet_WAR_newsportlet_  portlet-static portlet-static-end content-viewer-portlet \"><a id=\"p_contentviewerportlet_WAR_newsportlet_INSTANCE_821e1339b7ea435c95f10c94a28dac2f\"><\/a><\/p>\n<div class=\"td-portlet\">\n<section id=\"portlet_contentviewerportlet_WAR_newsportlet_INSTANCE_821e1339b7ea435c95f10c94a28dac2f\" class=\"portlet\">\n<div class=\"portlet-content\">\n<div class=\" portlet-content-container\">\n<div class=\"portlet-body\">\n<div class=\"last td-viewer full-access\">\n<div class=\"template-92\">\n<div class=\"left-block\">\n<div class=\"bx-wrapper\">\n<div class=\"bx-viewport\">\n<div class=\"multimediaMacroWrapper bxMultimedia3667951\">\n<div class=\"contentMedia art-gallery\">\n<figure class=\"cutlineShow\">\n<div><img decoding=\"async\" class=\" lazyloaded\" title=\"Lo que dej\u00f3 el fuego. As\u00ed qued\u00f3 el refugio, a 1.320 msnm. Construido en 1971, permanec\u00eda abierto todo el a\u00f1o. - DeBariloche - Diario Rio Negro - rionegro.com.ar\" src=\"data:;base64,<svg xmlns='http:\/\/www.w3.org\/2000\/svg' viewBox='0 0 660 370'\/>\u00bb srcset=\u00bb\/\/www.rionegro.com.ar\/documents\/1\/0\/660&#215;437\/0c34\/660d370\/none\/12350\/CHLM\/image_content_8904436_20171005173824.jpg 660w\u00bb alt=\u00bbLo que dej\u00f3 el fuego. As\u00ed qued\u00f3 el refugio, a 1.320 msnm. Construido en 1971, permanec\u00eda abierto todo el a\u00f1o. &#8211; DeBariloche &#8211; Diario Rio Negro &#8211; rionegro.com.ar\u00bb width=\u00bb660&#8243; height=\u00bb370&#8243; data-srcset=\u00bb\/\/www.rionegro.com.ar\/documents\/1\/0\/660&#215;437\/0c34\/660d370\/none\/12350\/CHLM\/image_content_8904436_20171005173824.jpg 660w\u00bb \/><\/div>\n<\/figure>\n<div class=\"cutline\">Lo que dej\u00f3 el fuego. As\u00ed qued\u00f3 el refugio, a 1.320 msnm. Construido en 1971, permanec\u00eda abierto todo el a\u00f1o.<span class=\"byline-image\">\u00a0(Foto: Archivo)<\/span><\/div>\n<\/div>\n<div class=\"contentMedia art-gallery\">\n<figure class=\"cutlineShow\">\n<div><img decoding=\"async\" class=\" lazyloaded\" title=\"Tres domos fueron instalados en el predio, para que los turistas puedan seguir visitando el lugar. - DeBariloche - Diario Rio Negro - rionegro.com.ar\" src=\"data:;base64,<svg xmlns='http:\/\/www.w3.org\/2000\/svg' viewBox='0 0 660 370'\/>\u00bb srcset=\u00bb\/\/www.rionegro.com.ar\/documents\/1\/0\/660&#215;404\/0c17\/660d370\/none\/12350\/CHMM\/image_content_8904418_20171005173828.jpg 660w\u00bb alt=\u00bbTres domos fueron instalados en el predio, para que los turistas puedan seguir visitando el lugar. &#8211; DeBariloche &#8211; Diario Rio Negro &#8211; rionegro.com.ar\u00bb width=\u00bb660&#8243; height=\u00bb370&#8243; data-srcset=\u00bb\/\/www.rionegro.com.ar\/documents\/1\/0\/660&#215;404\/0c17\/660d370\/none\/12350\/CHMM\/image_content_8904418_20171005173828.jpg 660w\u00bb \/><\/div>\n<\/figure>\n<div class=\"cutline\">Tres domos fueron instalados en el predio, para que los turistas puedan seguir visitando el lugar.<\/div>\n<\/div>\n<div class=\"contentMedia art-gallery\">\n<figure class=\"cutlineShow\">\n<div><img decoding=\"async\" class=\" lazyloaded\" title=\"Los trabajos de limpieza luego del ataque incendiario. - DeBariloche - Diario Rio Negro - rionegro.com.ar\" src=\"data:;base64,<svg xmlns='http:\/\/www.w3.org\/2000\/svg' viewBox='0 0 660 370'\/>\u00bb srcset=\u00bb\/\/www.rionegro.com.ar\/documents\/1\/0\/660&#215;428\/0c29\/660d370\/none\/12350\/IHPX\/image_content_8904412_20171005173828.jpg 660w\u00bb alt=\u00bbLos trabajos de limpieza luego del ataque incendiario. &#8211; DeBariloche &#8211; Diario Rio Negro &#8211; rionegro.com.ar\u00bb width=\u00bb660&#8243; height=\u00bb370&#8243; data-srcset=\u00bb\/\/www.rionegro.com.ar\/documents\/1\/0\/660&#215;428\/0c29\/660d370\/none\/12350\/IHPX\/image_content_8904412_20171005173828.jpg 660w\u00bb \/><\/div>\n<\/figure>\n<div class=\"cutline\">Los trabajos de limpieza luego del ataque incendiario.<\/div>\n<\/div>\n<\/div>\n<\/div>\n<div class=\"bx-controls bx-has-controls-direction\"><\/div>\n<\/div>\n<div class=\"separator\"><\/div>\n<\/div>\n<div class=\"cl\"><\/div>\n<\/div>\n<\/div>\n<\/div>\n<\/div>\n<\/div>\n<\/section>\n<\/div>\n<\/div>\n<div id=\"p_p_id_contentviewerportlet_WAR_newsportlet_INSTANCE_0f2d66605d7b40469655d939c2744082_\" class=\"portlet-boundary portlet-boundary_contentviewerportlet_WAR_newsportlet_  portlet-static portlet-static-end content-viewer-portlet advanced-93\"><a id=\"p_contentviewerportlet_WAR_newsportlet_INSTANCE_0f2d66605d7b40469655d939c2744082\"><\/a><\/p>\n<div class=\"td-portlet\">\n<section id=\"portlet_contentviewerportlet_WAR_newsportlet_INSTANCE_0f2d66605d7b40469655d939c2744082\" class=\"portlet\">\n<div class=\"portlet-content\">\n<div class=\" portlet-content-container\">\n<div class=\"portlet-body\">\n<div class=\"last td-viewer full-access\">\n<div class=\"template-93\">\n<div class=\"left-block\">\n<div class=\"title font-1-bold fs12\">Comparte esta noticia<\/div>\n<div class=\"addthis_toolbox addthis_default_style  addthis_32x32_style\"><\/div>\n<\/div>\n<div class=\"right-block hidden-xs\">\n<div class=\"subtitle font-2 fs10\">IMPRIMI LA VERSION SOLO TEXTO<\/div>\n<div class=\"addthis_toolbox addthis_default_style  addthis_32x32_style\"><\/div>\n<\/div>\n<div class=\"cl\"><\/div>\n<\/div>\n<\/div>\n<\/div>\n<\/div>\n<\/div>\n<\/section>\n<\/div>\n<\/div>\n<div id=\"p_p_id_adcontainerportlet_WAR_advertisementportlet_INSTANCE_fddb95e90ebe45b7ada7510b591772fb_\" class=\"portlet-boundary portlet-boundary_adcontainerportlet_WAR_advertisementportlet_  portlet-static portlet-static-end adcontainer-portlet ad-border\"><\/div>\n<div id=\"p_p_id_contentviewerportlet_WAR_newsportlet_INSTANCE_2da676f355cc46a1b3f3c447b66ecce2_\" class=\"portlet-boundary portlet-boundary_contentviewerportlet_WAR_newsportlet_  portlet-static portlet-static-end content-viewer-portlet \"><a id=\"p_contentviewerportlet_WAR_newsportlet_INSTANCE_2da676f355cc46a1b3f3c447b66ecce2\"><\/a><\/p>\n<div class=\"td-portlet\">\n<section id=\"portlet_contentviewerportlet_WAR_newsportlet_INSTANCE_2da676f355cc46a1b3f3c447b66ecce2\" class=\"portlet\">\n<div class=\"portlet-content\">\n<div class=\" portlet-content-container\">\n<div class=\"portlet-body\">\n<div class=\"last td-viewer full-access\">\n<div class=\"template-94\">\n<div class=\"left-block\">\n<div class=\"text font-4 fs16 resizable\">\n<div class=\"paragraph\">\n<p>El refugio Neumeyer, ubicado en el coraz\u00f3n del Challhuaco, a unos 18 kil\u00f3metros de Bariloche, estuvo en pie durante unos 43 a\u00f1os.<\/p>\n<p>Se transform\u00f3 en un \u00edcono del senderismo y una cita obligada de los amantes de las actividades de monta\u00f1a hasta la madrugada del 12 de octubre de 2014. Un grupo de encapuchados sorprendi\u00f3 a los refugieros, que fueron amenazados y expulsados del complejo tras ser amenazados con armas de fuego. Despu\u00e9s los encapuchados incendiaron el refugio y una m\u00e1quina retroexcavadora.<\/p>\n<p>Cuando se marcharon dejaron volantes, con un mensaje preciso, que se dispersaron por el bosque. \u201cFuera wingka capitalista del Wallmapu, fuera represas de Kintuante y el Puel Willimapul, fuera petroleras, mineras, latifundistas, todo el territorio libre y recuperado para nuestro pueblo\u201d, consignaron en el volante que firm\u00f3 el \u201cMovimiento Mapuche Aut\u00f3nomo Puel Mapu\u201d.<\/p>\n<p>El caso gener\u00f3 un fuerte repudio en la sociedad de Bariloche. Hubo expresiones de dolor por la p\u00e9rdida de un espacio hist\u00f3rico. El intendente del Parque Nacional Nahuel Huapi, Dami\u00e1n Mujica, prometi\u00f3 entonces encontrar a los culpables.<\/p>\n<p><b>Reivindicaci\u00f3n<\/b><\/p>\n<p>Un mes despu\u00e9s se difundi\u00f3 un comunicado, con la firma de la Resistencia Ancestral Mapuche, que reivindic\u00f3 el incendio en el refugio y otras acciones en la regi\u00f3n. El nombre de Facundo Jones Huala comenz\u00f3 a sonar en ese momento vinculado a la RAM.<\/p>\n<p>Jones Huala hab\u00eda sido detenido en Chile imputado como presunto coautor de un incendio de la casa de los cuidadores de un fundo Pisu Pisu\u00e9, que ocurri\u00f3 el 9 de enero de 2013, en R\u00edo Bueno, Regi\u00f3n de los R\u00edos.<\/p>\n<p>La Justicia le concedi\u00f3 el arresto domiciliario nocturno, pero Jones Huala incumpli\u00f3 y se fug\u00f3 a finales de septiembre del 2014.<\/p>\n<p>Pasaron tres a\u00f1os de aquel episodio y la investigaci\u00f3n que hab\u00eda iniciado el entonces fiscal federal Jorge Bagur Creta, con el juez federal de Bariloche Le\u00f3nidas Moldes, no tuvo ning\u00fan avance. Tres a\u00f1os despu\u00e9s todav\u00eda no se pudo identificar a los autores del ataque incendiario, informaron fuentes que conocen la causa, cuyo expediente tiene la car\u00e1tula: \u201cN.N. Sobre estrago o incendio\u201d.<\/p>\n<p><b>Pocas expectativas<\/b><\/p>\n<p>Parques Nacionales y el Club Andino Bariloche (CAB) se constituyeron en querellantes para tratar de impulsar la investigaci\u00f3n, pero pudieron empujar poco. Las fuentes aseguraron que la causa sigue activa. Pero tienen pocas expectativas de que pueda prosperar.<\/p>\n<p>Recordaron que en el inicio de la investigaci\u00f3n recibieron los testimonios de los refugieros, que sufrieron las amenazas y observaron el ataque de los encapuchados. Pero no pudieron aportar datos para identificarlos.<\/p>\n<p>Los investigadores s\u00f3lo pudieron identificar a una mujer que imprimi\u00f3 los volantes que hallaron tras el incendio del refugio Neumeyer. Establecieron que la mujer imprimi\u00f3 el material en un c\u00e9ntrico comercio del rubro de impresiones y fotocopias a partir de las filmaciones de las c\u00e1maras de seguridad. Adem\u00e1s, las fuentes indicaron que se pidieron informes de cruzamientos de llamadas entre algunos sospechosos.<\/p>\n<p>Por eso, desde el juzgado federal ordenaron un allanamiento en un domicilio de integrantes de la comunidad mapuche del barrio Virgen Misionera. Gendarmes del Escuadr\u00f3n 34 Bariloche allanaron la tarde del 21 de octubre de 2014 una vivienda. El procedimiento finaliz\u00f3 con disturbios y denuncias cruzadas.<\/p>\n<p>Las fuentes recordaron que el fiscal imput\u00f3 a la mujer, pero no pudieron establecer su presunta vinculaci\u00f3n con el incendio del refugio de monta\u00f1a. Por eso, el juez federal Gustavo Villanueva dict\u00f3 a principios de marzo pasado la falta de m\u00e9rito para la mujer, cuya identidad las fuentes no revelaron.<\/p>\n<p><b>Querellantes<\/b><\/p>\n<p>Para esa misma fecha, la fiscal\u00eda solicit\u00f3 unificar las querellas. Fuentes de Parques Nacionales aseguraron que pidieron mantenerse como querellantes aut\u00f3nomos, aunque todav\u00eda no fueron notificados de la resoluci\u00f3n de Villanueva, que subroga el Juzgado Federal de Bariloche por la ausencia de Moldes, que asumi\u00f3 a mediados de noviembre del 2014 como integrante del Consejo de la Magistratura de la Naci\u00f3n en representaci\u00f3n de los jueces federales.<\/p>\n<p>Las fuentes dijeron que se ordenaron medidas de prueba, pero desconocen si se hicieron.<\/p>\n<p>\u201cDeBariloche\u201d intent\u00f3 comunicarse con Villanueva, pero no fue posible el contacto. Tampoco hubo informaci\u00f3n desde el Juzgado Federal de Bariloche sobre el caso.<\/p>\n<p>\u201cEs una causa que no va a tener destino, porque no van a poder determinar a los autores del incendio\u201d, opin\u00f3 una fuente vinculada al Club Andino Bariloche, que tuvo contacto directo con el expediente.<\/p>\n<\/div>\n<div class=\"microformat_headline ant-text\"><b>La proclama de la RAM<\/b><\/div>\n<div class=\"paragraph\">\n<p>\u201cNos adjudicamos, de manera digna y responsable, la \u00faltima operaci\u00f3n p\u00fablica ejecutada por Weichafe de la RAM en el valle del Challwako, la cual obedece a una visi\u00f3n estrat\u00e9gica del conflicto\u201d, indicaron en un comunicado (sin ninguna firma de alguna persona) difundido el 11 de noviembre de 2014.<\/p>\n<p>\u201cEs un mensaje para todo Nuestro Pueblo Mapuche, comunidades, organizaciones, los enemigos winka capitalistas, sus empresas y Estado opresor, ya que el refugio Neumeyer representa intereses de la burgues\u00eda y el fascismo local a trav\u00e9s del Club Andino Bariloche coludido con parques nacionales, a la vez que el lugar colinda con la zona de inversi\u00f3n petrolera de la cuenca del \u00d1iriwau\u201d, se\u00f1alaron en el comunicado.<\/p>\n<p>En la proclama se adjudicaron adem\u00e1s la quema de plantaciones de pinos de la multinacional Benetton en el noroeste de Chubut, que ocurri\u00f3 en diciembre del 2013.<\/p>\n<p>\u201cAdem\u00e1s de barricadas coordinadas en la precordillera con motivo de los conflictos en la zona y en apoyo a los presos pol\u00edticos de Pilmaiken, y una excepci\u00f3n a la lucha rural como el ataque al consulado chileno en Bariloche y la catedral cat\u00f3lica. Entre otras acciones de distinto grado algunas ya conocidas en diferentes contextos\u201d, indicaron en el comunicado con el sello de la RAM.<\/p>\n<p>\u201cLa denominada Resistencia Ancestral Mapuche (RAM) act\u00faa como un brazo operativo de Comunidades del Puel Willi Mapu que mantiene ocupado el Estado argentino, nos pertenece pero no todos nuestros militantes son parte de ella en forma t\u00e1ctica&#8230;\u201d, aclararon.<\/p>\n<\/div>\n<div class=\"microformat_headline ant-text\"><b>Del edificio de madera a los domos<\/b><\/div>\n<div class=\"microformat_list_text ant-microformat_headline\">El refugio Neumeyer estaba ubicado a 18 km de Bariloche. Hab\u00eda sido inaugurado el 19 de diciembre de 1971 por el espa\u00f1ol Manolo Puente Blanco y desde la d\u00e9cada de 1980 permanec\u00eda abierto todo el a\u00f1o.<\/div>\n<div class=\"microformat_list_text ant-microformat_list_text\">Estaba emplazado a 1.320 metros sobre el nivel del mar, depend\u00eda del Club Andino Bariloche (CAB) y se llamaba Juan Javier Neumeyer, en homenaje a su fundador.<\/div>\n<div class=\"microformat_list_text ant-microformat_list_text\">El edificio original se construy\u00f3 con hormig\u00f3n simple y madera. Ten\u00eda comedor, cocina, ba\u00f1os y pieza para el refugiero en planta baja y dos dormitorios bajo el techo. Pero el incendio destruy\u00f3 el emblem\u00e1tico lugar y arrebat\u00f3 parte de la historia del monta\u00f1ismo de Bariloche.<\/div>\n<div class=\"microformat_list_text ant-microformat_list_text\">En octubre del 2014 los encargados del predio instalaron tres domos como un intento de volver a transformar el lugar en sitio de visita de turistas y residentes.<\/div>\n<div class=\"microformat_headline ant-microformat_list_text\">\u00bfCu\u00e1ndo ocurri\u00f3?<\/div>\n<div class=\"microformat_highlight_text ant-microformat_headline\">12\/10\/2014<\/div>\n<div class=\"microformat_text ant-microformat_highlight_text\">En la madrugada, un grupo de encapuchados amenaz\u00f3 a los refugieros con armas de fuego e incendi\u00f3 la construcci\u00f3n.<\/div>\n<div class=\"highlight_text ant-microformat_text\">El emblem\u00e1tico refugio, dependiente del Club Andino Bariloche, era parte de la historia del monta\u00f1ismo en este lado de la cordillera.<\/div>\n<\/div>\n<div>Fuente: Diario Rio Negro<\/div>\n<\/div>\n<\/div>\n<\/div>\n<\/div>\n<\/div>\n<\/div>\n<\/section>\n<\/div>\n<\/div>\n","protected":false},"excerpt":{"rendered":"<p>BARILOCHE.-A tres a\u00f1os del siniestro que se adjudic\u00f3 la RAM, todav\u00eda no se logr\u00f3 identificar a los autores. Los querellantes [&hellip;]<\/p>\n","protected":false},"author":2,"featured_media":36081,"comment_status":"open","ping_status":"open","sticky":false,"template":"","format":"standard","meta":{"site-sidebar-layout":"default","site-content-layout":"","ast-site-content-layout":"default","site-content-style":"default","site-sidebar-style":"default","ast-global-header-display":"","ast-banner-title-visibility":"","ast-main-header-display":"","ast-hfb-above-header-display":"","ast-hfb-below-header-display":"","ast-hfb-mobile-header-display":"","site-post-title":"","ast-breadcrumbs-content":"","ast-featured-img":"","footer-sml-layout":"","ast-disable-related-posts":"","theme-transparent-header-meta":"","adv-header-id-meta":"","stick-header-meta":"","header-above-stick-meta":"","header-main-stick-meta":"","header-below-stick-meta":"","astra-migrate-meta-layouts":"default","ast-page-background-enabled":"default","ast-page-background-meta":{"desktop":{"background-color":"var(--ast-global-color-5)","background-image":"","background-repeat":"repeat","background-position":"center center","background-size":"auto","background-attachment":"scroll","background-type":"","background-media":"","overlay-type":"","overlay-color":"","overlay-opacity":"","overlay-gradient":""},"tablet":{"background-color":"","background-image":"","background-repeat":"repeat","background-position":"center center","background-size":"auto","background-attachment":"scroll","background-type":"","background-media":"","overlay-type":"","overlay-color":"","overlay-opacity":"","overlay-gradient":""},"mobile":{"background-color":"","background-image":"","background-repeat":"repeat","background-position":"center center","background-size":"auto","background-attachment":"scroll","background-type":"","background-media":"","overlay-type":"","overlay-color":"","overlay-opacity":"","overlay-gradient":""}},"ast-content-background-meta":{"desktop":{"background-color":"var(--ast-global-color-4)","background-image":"","background-repeat":"repeat","background-position":"center center","background-size":"auto","background-attachment":"scroll","background-type":"","background-media":"","overlay-type":"","overlay-color":"","overlay-opacity":"","overlay-gradient":""},"tablet":{"background-color":"var(--ast-global-color-4)","background-image":"","background-repeat":"repeat","background-position":"center center","background-size":"auto","background-attachment":"scroll","background-type":"","background-media":"","overlay-type":"","overlay-color":"","overlay-opacity":"","overlay-gradient":""},"mobile":{"background-color":"var(--ast-global-color-4)","background-image":"","background-repeat":"repeat","background-position":"center center","background-size":"auto","background-attachment":"scroll","background-type":"","background-media":"","overlay-type":"","overlay-color":"","overlay-opacity":"","overlay-gradient":""}},"footnotes":""},"categories":[1,13,14],"tags":[],"class_list":["post-36080","post","type-post","status-publish","format-standard","has-post-thumbnail","hentry","category-noticias","category-provinciales","category-rio-negro"],"yoast_head":"<!-- This site is optimized with the Yoast SEO Premium plugin v23.0 (Yoast SEO v27.5) - https:\/\/yoast.com\/product\/yoast-seo-premium-wordpress\/ -->\n<title>No avanza la causa por el incendio del refugio Neumeyer<\/title>\n<meta name=\"robots\" content=\"index, follow, max-snippet:-1, max-image-preview:large, max-video-preview:-1\" \/>\n<link rel=\"canonical\" href=\"https:\/\/patagoniambiental.com.ar\/info\/no-avanza-la-causa-por-el-incendio-del-refugio-neumeyer\/\" \/>\n<meta property=\"og:locale\" content=\"es_ES\" \/>\n<meta property=\"og:type\" content=\"article\" \/>\n<meta property=\"og:title\" content=\"No avanza la causa por el incendio del refugio Neumeyer\" \/>\n<meta property=\"og:description\" content=\"BARILOCHE.-A tres a\u00f1os del siniestro que se adjudic\u00f3 la RAM, todav\u00eda no se logr\u00f3 identificar a los autores. Los querellantes [&hellip;]\" \/>\n<meta property=\"og:url\" content=\"https:\/\/patagoniambiental.com.ar\/info\/no-avanza-la-causa-por-el-incendio-del-refugio-neumeyer\/\" \/>\n<meta property=\"og:site_name\" content=\"Patagonia Ambiental\" \/>\n<meta property=\"article:publisher\" content=\"https:\/\/www.facebook.com\/patagonia.ambiental\" \/>\n<meta property=\"article:author\" content=\"https:\/\/www.facebook.com\/share\/1C1V8Gv9BX\/?mibextid=qi2Omg\" \/>\n<meta property=\"article:published_time\" content=\"2017-10-06T12:00:44+00:00\" \/>\n<meta property=\"article:modified_time\" content=\"2017-10-06T13:19:17+00:00\" \/>\n<meta property=\"og:image\" content=\"https:\/\/patagoniambiental.com.ar\/info\/wp-content\/uploads\/2017\/10\/image_content_8904436_20171005173824.jpg\" \/>\n\t<meta property=\"og:image:width\" content=\"660\" \/>\n\t<meta property=\"og:image:height\" content=\"370\" \/>\n\t<meta property=\"og:image:type\" content=\"image\/jpeg\" \/>\n<meta name=\"author\" content=\"Patagonia Ambiental\" \/>\n<meta name=\"twitter:card\" content=\"summary_large_image\" \/>\n<meta name=\"twitter:creator\" content=\"@PatAmb\" \/>\n<meta name=\"twitter:site\" content=\"@PatAmb\" \/>\n<script type=\"application\/ld+json\" class=\"yoast-schema-graph\">{\"@context\":\"https:\\\/\\\/schema.org\",\"@graph\":[{\"@type\":\"Article\",\"@id\":\"https:\\\/\\\/patagoniambiental.com.ar\\\/info\\\/no-avanza-la-causa-por-el-incendio-del-refugio-neumeyer\\\/#article\",\"isPartOf\":{\"@id\":\"https:\\\/\\\/patagoniambiental.com.ar\\\/info\\\/no-avanza-la-causa-por-el-incendio-del-refugio-neumeyer\\\/\"},\"author\":{\"name\":\"Patagonia Ambiental\",\"@id\":\"https:\\\/\\\/patagoniambiental.com.ar\\\/info\\\/#\\\/schema\\\/person\\\/db12bff64bbcbf6a253710bf0ea37b5d\"},\"headline\":\"No avanza la causa por el incendio del refugio Neumeyer\",\"datePublished\":\"2017-10-06T12:00:44+00:00\",\"dateModified\":\"2017-10-06T13:19:17+00:00\",\"mainEntityOfPage\":{\"@id\":\"https:\\\/\\\/patagoniambiental.com.ar\\\/info\\\/no-avanza-la-causa-por-el-incendio-del-refugio-neumeyer\\\/\"},\"wordCount\":1301,\"commentCount\":0,\"publisher\":{\"@id\":\"https:\\\/\\\/patagoniambiental.com.ar\\\/info\\\/#organization\"},\"image\":{\"@id\":\"https:\\\/\\\/patagoniambiental.com.ar\\\/info\\\/no-avanza-la-causa-por-el-incendio-del-refugio-neumeyer\\\/#primaryimage\"},\"thumbnailUrl\":\"https:\\\/\\\/patagoniambiental.com.ar\\\/info\\\/wp-content\\\/uploads\\\/2017\\\/10\\\/image_content_8904436_20171005173824.jpg\",\"articleSection\":[\"Noticias\",\"Provinciales\",\"R\u00edo Negro\"],\"inLanguage\":\"es\",\"potentialAction\":[{\"@type\":\"CommentAction\",\"name\":\"Comment\",\"target\":[\"https:\\\/\\\/patagoniambiental.com.ar\\\/info\\\/no-avanza-la-causa-por-el-incendio-del-refugio-neumeyer\\\/#respond\"]}]},{\"@type\":\"WebPage\",\"@id\":\"https:\\\/\\\/patagoniambiental.com.ar\\\/info\\\/no-avanza-la-causa-por-el-incendio-del-refugio-neumeyer\\\/\",\"url\":\"https:\\\/\\\/patagoniambiental.com.ar\\\/info\\\/no-avanza-la-causa-por-el-incendio-del-refugio-neumeyer\\\/\",\"name\":\"No avanza la causa por el incendio del refugio Neumeyer\",\"isPartOf\":{\"@id\":\"https:\\\/\\\/patagoniambiental.com.ar\\\/info\\\/#website\"},\"primaryImageOfPage\":{\"@id\":\"https:\\\/\\\/patagoniambiental.com.ar\\\/info\\\/no-avanza-la-causa-por-el-incendio-del-refugio-neumeyer\\\/#primaryimage\"},\"image\":{\"@id\":\"https:\\\/\\\/patagoniambiental.com.ar\\\/info\\\/no-avanza-la-causa-por-el-incendio-del-refugio-neumeyer\\\/#primaryimage\"},\"thumbnailUrl\":\"https:\\\/\\\/patagoniambiental.com.ar\\\/info\\\/wp-content\\\/uploads\\\/2017\\\/10\\\/image_content_8904436_20171005173824.jpg\",\"datePublished\":\"2017-10-06T12:00:44+00:00\",\"dateModified\":\"2017-10-06T13:19:17+00:00\",\"breadcrumb\":{\"@id\":\"https:\\\/\\\/patagoniambiental.com.ar\\\/info\\\/no-avanza-la-causa-por-el-incendio-del-refugio-neumeyer\\\/#breadcrumb\"},\"inLanguage\":\"es\",\"potentialAction\":[{\"@type\":\"ReadAction\",\"target\":[\"https:\\\/\\\/patagoniambiental.com.ar\\\/info\\\/no-avanza-la-causa-por-el-incendio-del-refugio-neumeyer\\\/\"]}]},{\"@type\":\"ImageObject\",\"inLanguage\":\"es\",\"@id\":\"https:\\\/\\\/patagoniambiental.com.ar\\\/info\\\/no-avanza-la-causa-por-el-incendio-del-refugio-neumeyer\\\/#primaryimage\",\"url\":\"https:\\\/\\\/patagoniambiental.com.ar\\\/info\\\/wp-content\\\/uploads\\\/2017\\\/10\\\/image_content_8904436_20171005173824.jpg\",\"contentUrl\":\"https:\\\/\\\/patagoniambiental.com.ar\\\/info\\\/wp-content\\\/uploads\\\/2017\\\/10\\\/image_content_8904436_20171005173824.jpg\",\"width\":660,\"height\":370},{\"@type\":\"BreadcrumbList\",\"@id\":\"https:\\\/\\\/patagoniambiental.com.ar\\\/info\\\/no-avanza-la-causa-por-el-incendio-del-refugio-neumeyer\\\/#breadcrumb\",\"itemListElement\":[{\"@type\":\"ListItem\",\"position\":1,\"name\":\"Inicio\",\"item\":\"https:\\\/\\\/patagoniambiental.com.ar\\\/info\\\/\"},{\"@type\":\"ListItem\",\"position\":2,\"name\":\"No avanza la causa por el incendio del refugio Neumeyer\"}]},{\"@type\":\"WebSite\",\"@id\":\"https:\\\/\\\/patagoniambiental.com.ar\\\/info\\\/#website\",\"url\":\"https:\\\/\\\/patagoniambiental.com.ar\\\/info\\\/\",\"name\":\"Patagonia Ambiental\",\"description\":\"Monitoreo y an\u00e1lisis de la situaci\u00f3n geopol\u00edtica en el mundo y su implicancia en la Patagonia\",\"publisher\":{\"@id\":\"https:\\\/\\\/patagoniambiental.com.ar\\\/info\\\/#organization\"},\"potentialAction\":[{\"@type\":\"SearchAction\",\"target\":{\"@type\":\"EntryPoint\",\"urlTemplate\":\"https:\\\/\\\/patagoniambiental.com.ar\\\/info\\\/?s={search_term_string}\"},\"query-input\":{\"@type\":\"PropertyValueSpecification\",\"valueRequired\":true,\"valueName\":\"search_term_string\"}}],\"inLanguage\":\"es\"},{\"@type\":\"Organization\",\"@id\":\"https:\\\/\\\/patagoniambiental.com.ar\\\/info\\\/#organization\",\"name\":\"Patagonia Ambiental\",\"url\":\"https:\\\/\\\/patagoniambiental.com.ar\\\/info\\\/\",\"logo\":{\"@type\":\"ImageObject\",\"inLanguage\":\"es\",\"@id\":\"https:\\\/\\\/patagoniambiental.com.ar\\\/info\\\/#\\\/schema\\\/logo\\\/image\\\/\",\"url\":\"https:\\\/\\\/patagoniambiental.com.ar\\\/info\\\/wp-content\\\/uploads\\\/2025\\\/05\\\/LOGO-PATAGONIA-AMBIENTAL.png\",\"contentUrl\":\"https:\\\/\\\/patagoniambiental.com.ar\\\/info\\\/wp-content\\\/uploads\\\/2025\\\/05\\\/LOGO-PATAGONIA-AMBIENTAL.png\",\"width\":433,\"height\":250,\"caption\":\"Patagonia Ambiental\"},\"image\":{\"@id\":\"https:\\\/\\\/patagoniambiental.com.ar\\\/info\\\/#\\\/schema\\\/logo\\\/image\\\/\"},\"sameAs\":[\"https:\\\/\\\/www.facebook.com\\\/patagonia.ambiental\",\"https:\\\/\\\/x.com\\\/PatAmb\"]},{\"@type\":\"Person\",\"@id\":\"https:\\\/\\\/patagoniambiental.com.ar\\\/info\\\/#\\\/schema\\\/person\\\/db12bff64bbcbf6a253710bf0ea37b5d\",\"name\":\"Patagonia Ambiental\",\"description\":\"Andr\u00e9s Nievas T\u00e9cnico en manejo ambiental, consultor Ambiental y escritor para medios locales e internacionales sobre temas de geopolitica y medio ambiente.\",\"sameAs\":[\"http:\\\/\\\/www.patagoniambiental.com.ar\",\"https:\\\/\\\/www.facebook.com\\\/share\\\/1C1V8Gv9BX\\\/?mibextid=qi2Omg\",\"@patagoniambiental\",\"https:\\\/\\\/youtube.com\\\/@patagoniaambiental2023?si=BLt58t0wuXquxlYZ\"]}]}<\/script>\n<!-- \/ Yoast SEO Premium plugin. -->","yoast_head_json":{"title":"No avanza la causa por el incendio del refugio Neumeyer","robots":{"index":"index","follow":"follow","max-snippet":"max-snippet:-1","max-image-preview":"max-image-preview:large","max-video-preview":"max-video-preview:-1"},"canonical":"https:\/\/patagoniambiental.com.ar\/info\/no-avanza-la-causa-por-el-incendio-del-refugio-neumeyer\/","og_locale":"es_ES","og_type":"article","og_title":"No avanza la causa por el incendio del refugio Neumeyer","og_description":"BARILOCHE.-A tres a\u00f1os del siniestro que se adjudic\u00f3 la RAM, todav\u00eda no se logr\u00f3 identificar a los autores. Los querellantes [&hellip;]","og_url":"https:\/\/patagoniambiental.com.ar\/info\/no-avanza-la-causa-por-el-incendio-del-refugio-neumeyer\/","og_site_name":"Patagonia Ambiental","article_publisher":"https:\/\/www.facebook.com\/patagonia.ambiental","article_author":"https:\/\/www.facebook.com\/share\/1C1V8Gv9BX\/?mibextid=qi2Omg","article_published_time":"2017-10-06T12:00:44+00:00","article_modified_time":"2017-10-06T13:19:17+00:00","og_image":[{"width":660,"height":370,"url":"https:\/\/patagoniambiental.com.ar\/info\/wp-content\/uploads\/2017\/10\/image_content_8904436_20171005173824.jpg","type":"image\/jpeg"}],"author":"Patagonia Ambiental","twitter_card":"summary_large_image","twitter_creator":"@PatAmb","twitter_site":"@PatAmb","schema":{"@context":"https:\/\/schema.org","@graph":[{"@type":"Article","@id":"https:\/\/patagoniambiental.com.ar\/info\/no-avanza-la-causa-por-el-incendio-del-refugio-neumeyer\/#article","isPartOf":{"@id":"https:\/\/patagoniambiental.com.ar\/info\/no-avanza-la-causa-por-el-incendio-del-refugio-neumeyer\/"},"author":{"name":"Patagonia Ambiental","@id":"https:\/\/patagoniambiental.com.ar\/info\/#\/schema\/person\/db12bff64bbcbf6a253710bf0ea37b5d"},"headline":"No avanza la causa por el incendio del refugio Neumeyer","datePublished":"2017-10-06T12:00:44+00:00","dateModified":"2017-10-06T13:19:17+00:00","mainEntityOfPage":{"@id":"https:\/\/patagoniambiental.com.ar\/info\/no-avanza-la-causa-por-el-incendio-del-refugio-neumeyer\/"},"wordCount":1301,"commentCount":0,"publisher":{"@id":"https:\/\/patagoniambiental.com.ar\/info\/#organization"},"image":{"@id":"https:\/\/patagoniambiental.com.ar\/info\/no-avanza-la-causa-por-el-incendio-del-refugio-neumeyer\/#primaryimage"},"thumbnailUrl":"https:\/\/patagoniambiental.com.ar\/info\/wp-content\/uploads\/2017\/10\/image_content_8904436_20171005173824.jpg","articleSection":["Noticias","Provinciales","R\u00edo Negro"],"inLanguage":"es","potentialAction":[{"@type":"CommentAction","name":"Comment","target":["https:\/\/patagoniambiental.com.ar\/info\/no-avanza-la-causa-por-el-incendio-del-refugio-neumeyer\/#respond"]}]},{"@type":"WebPage","@id":"https:\/\/patagoniambiental.com.ar\/info\/no-avanza-la-causa-por-el-incendio-del-refugio-neumeyer\/","url":"https:\/\/patagoniambiental.com.ar\/info\/no-avanza-la-causa-por-el-incendio-del-refugio-neumeyer\/","name":"No avanza la causa por el incendio del refugio Neumeyer","isPartOf":{"@id":"https:\/\/patagoniambiental.com.ar\/info\/#website"},"primaryImageOfPage":{"@id":"https:\/\/patagoniambiental.com.ar\/info\/no-avanza-la-causa-por-el-incendio-del-refugio-neumeyer\/#primaryimage"},"image":{"@id":"https:\/\/patagoniambiental.com.ar\/info\/no-avanza-la-causa-por-el-incendio-del-refugio-neumeyer\/#primaryimage"},"thumbnailUrl":"https:\/\/patagoniambiental.com.ar\/info\/wp-content\/uploads\/2017\/10\/image_content_8904436_20171005173824.jpg","datePublished":"2017-10-06T12:00:44+00:00","dateModified":"2017-10-06T13:19:17+00:00","breadcrumb":{"@id":"https:\/\/patagoniambiental.com.ar\/info\/no-avanza-la-causa-por-el-incendio-del-refugio-neumeyer\/#breadcrumb"},"inLanguage":"es","potentialAction":[{"@type":"ReadAction","target":["https:\/\/patagoniambiental.com.ar\/info\/no-avanza-la-causa-por-el-incendio-del-refugio-neumeyer\/"]}]},{"@type":"ImageObject","inLanguage":"es","@id":"https:\/\/patagoniambiental.com.ar\/info\/no-avanza-la-causa-por-el-incendio-del-refugio-neumeyer\/#primaryimage","url":"https:\/\/patagoniambiental.com.ar\/info\/wp-content\/uploads\/2017\/10\/image_content_8904436_20171005173824.jpg","contentUrl":"https:\/\/patagoniambiental.com.ar\/info\/wp-content\/uploads\/2017\/10\/image_content_8904436_20171005173824.jpg","width":660,"height":370},{"@type":"BreadcrumbList","@id":"https:\/\/patagoniambiental.com.ar\/info\/no-avanza-la-causa-por-el-incendio-del-refugio-neumeyer\/#breadcrumb","itemListElement":[{"@type":"ListItem","position":1,"name":"Inicio","item":"https:\/\/patagoniambiental.com.ar\/info\/"},{"@type":"ListItem","position":2,"name":"No avanza la causa por el incendio del refugio Neumeyer"}]},{"@type":"WebSite","@id":"https:\/\/patagoniambiental.com.ar\/info\/#website","url":"https:\/\/patagoniambiental.com.ar\/info\/","name":"Patagonia Ambiental","description":"Monitoreo y an\u00e1lisis de la situaci\u00f3n geopol\u00edtica en el mundo y su implicancia en la Patagonia","publisher":{"@id":"https:\/\/patagoniambiental.com.ar\/info\/#organization"},"potentialAction":[{"@type":"SearchAction","target":{"@type":"EntryPoint","urlTemplate":"https:\/\/patagoniambiental.com.ar\/info\/?s={search_term_string}"},"query-input":{"@type":"PropertyValueSpecification","valueRequired":true,"valueName":"search_term_string"}}],"inLanguage":"es"},{"@type":"Organization","@id":"https:\/\/patagoniambiental.com.ar\/info\/#organization","name":"Patagonia Ambiental","url":"https:\/\/patagoniambiental.com.ar\/info\/","logo":{"@type":"ImageObject","inLanguage":"es","@id":"https:\/\/patagoniambiental.com.ar\/info\/#\/schema\/logo\/image\/","url":"https:\/\/patagoniambiental.com.ar\/info\/wp-content\/uploads\/2025\/05\/LOGO-PATAGONIA-AMBIENTAL.png","contentUrl":"https:\/\/patagoniambiental.com.ar\/info\/wp-content\/uploads\/2025\/05\/LOGO-PATAGONIA-AMBIENTAL.png","width":433,"height":250,"caption":"Patagonia Ambiental"},"image":{"@id":"https:\/\/patagoniambiental.com.ar\/info\/#\/schema\/logo\/image\/"},"sameAs":["https:\/\/www.facebook.com\/patagonia.ambiental","https:\/\/x.com\/PatAmb"]},{"@type":"Person","@id":"https:\/\/patagoniambiental.com.ar\/info\/#\/schema\/person\/db12bff64bbcbf6a253710bf0ea37b5d","name":"Patagonia Ambiental","description":"Andr\u00e9s Nievas T\u00e9cnico en manejo ambiental, consultor Ambiental y escritor para medios locales e internacionales sobre temas de geopolitica y medio ambiente.","sameAs":["http:\/\/www.patagoniambiental.com.ar","https:\/\/www.facebook.com\/share\/1C1V8Gv9BX\/?mibextid=qi2Omg","@patagoniambiental","https:\/\/youtube.com\/@patagoniaambiental2023?si=BLt58t0wuXquxlYZ"]}]}},"_links":{"self":[{"href":"https:\/\/patagoniambiental.com.ar\/info\/wp-json\/wp\/v2\/posts\/36080","targetHints":{"allow":["GET"]}}],"collection":[{"href":"https:\/\/patagoniambiental.com.ar\/info\/wp-json\/wp\/v2\/posts"}],"about":[{"href":"https:\/\/patagoniambiental.com.ar\/info\/wp-json\/wp\/v2\/types\/post"}],"author":[{"embeddable":true,"href":"https:\/\/patagoniambiental.com.ar\/info\/wp-json\/wp\/v2\/users\/2"}],"replies":[{"embeddable":true,"href":"https:\/\/patagoniambiental.com.ar\/info\/wp-json\/wp\/v2\/comments?post=36080"}],"version-history":[{"count":0,"href":"https:\/\/patagoniambiental.com.ar\/info\/wp-json\/wp\/v2\/posts\/36080\/revisions"}],"wp:featuredmedia":[{"embeddable":true,"href":"https:\/\/patagoniambiental.com.ar\/info\/wp-json\/wp\/v2\/media\/36081"}],"wp:attachment":[{"href":"https:\/\/patagoniambiental.com.ar\/info\/wp-json\/wp\/v2\/media?parent=36080"}],"wp:term":[{"taxonomy":"category","embeddable":true,"href":"https:\/\/patagoniambiental.com.ar\/info\/wp-json\/wp\/v2\/categories?post=36080"},{"taxonomy":"post_tag","embeddable":true,"href":"https:\/\/patagoniambiental.com.ar\/info\/wp-json\/wp\/v2\/tags?post=36080"}],"curies":[{"name":"wp","href":"https:\/\/api.w.org\/{rel}","templated":true}]}}