{"id":36089,"date":"2017-10-06T19:00:05","date_gmt":"2017-10-06T22:00:05","guid":{"rendered":"http:\/\/patagoniambiental.com.ar\/info\/?p=36089"},"modified":"2017-10-06T13:34:12","modified_gmt":"2017-10-06T16:34:12","slug":"intensas-tareas-de-las-cuadrillas-municipales-tras-el-temporal-de-viento-en-viedma","status":"publish","type":"post","link":"https:\/\/patagoniambiental.com.ar\/info\/intensas-tareas-de-las-cuadrillas-municipales-tras-el-temporal-de-viento-en-viedma\/","title":{"rendered":"Intensas tareas de las cuadrillas municipales tras el temporal de viento en Viedma"},"content":{"rendered":"<div dir=\"ltr\">\n<p class=\"x_MsoNormal\">Viedma.-La Subsecretar\u00eda de Servicios P\u00fablicos de la Municipalidad de Viedma realiza tareas de mantenimiento y reparaci\u00f3n del alumbrado p\u00fablico, tras el temporal de viento que se registr\u00f3 en la ciudad los d\u00edas mi\u00e9rcoles y jueves de esta semana, que dej\u00f3 a varios vecinos con sus veredas y calles a oscuras.<!--more--><\/p>\n<p class=\"x_MsoNormal\">Un importante sector, comprendido por las calles Col\u00f3n y Saavedra desde Cont\u00edn hasta Periodistas Argentinos, result\u00f3 afectado por los cortes. El \u00e1rea municipal intervino en el arbolado con el despeje de l\u00edneas y ya repar\u00f3 el inconveniente.<\/p>\n<p class=\"x_MsoNormal\">Una situaci\u00f3n similar se registr\u00f3 en toda la zona aleda\u00f1a al Casino, que incluye la avenida Cagliero y las calles Mutualismo y Carvajal. All\u00ed tambi\u00e9n se procedi\u00f3 al despeje de l\u00edneas para rehabilitar el servicio de alumbrado p\u00fablico inmediatamente.<\/p>\n<p class=\"x_MsoNormal\">Adem\u00e1s, se contin\u00faa con un relevamiento general en toda la ciudad con los inspectores del \u00e1rea para determinar cu\u00e1ntas y cu\u00e1les son las farolas afectadas.<\/p>\n<p class=\"x_MsoNormal\">Los vientos hacen que, al moverse bruscamente las ramas de los \u00e1rboles, los cables se tocan, provocando cortocircuitos.<\/p>\n<p class=\"x_MsoNormal\">Producto del temporal tambi\u00e9n se averi\u00f3 el sem\u00e1foro ubicado en la esquina de Ituzaing\u00f3 y Zatti. All\u00ed, se debi\u00f3 retirar una de las columnas por inestabilidad en su base. Las restantes se encuentran con sus cabezales en amarillo intermitente. Se estima que en una semana, se colocar\u00e1 la restante y se rehabilitar\u00e1 el servicio.<\/p>\n<p class=\"x_MsoNormal\">Otro de los sem\u00e1foros que registr\u00f3 inconvenientes fue el inaugurado en Bouchard y Ruta 1. El viento gir\u00f3 dos columnas. La Municipalidad intervino con la utilizaci\u00f3n de una gr\u00faa, para enderezarlas.<\/p>\n<p class=\"x_MsoNormal\">Por otra parte, el \u00e1rea de Espacios Verdes coordina acciones con la empresa EDERSA para identificar los sectores donde se requiere la inmediata intervenci\u00f3n, con el despeje de ramas.<\/p>\n<p class=\"x_MsoNormal\">Adem\u00e1s, se proceder\u00e1 al mantenimiento de los grandes eucaliptus ubicados sobre el boulevard Ituzaing\u00f3, que presentan mayor riesgo de desprendimientos.<\/p>\n<p class=\"x_MsoNormal\">Servicios P\u00fablicos inform\u00f3 que se trabaja en la reparaci\u00f3n del alumbrado sobre la avenida H\u00e9roes de Malvinas, que conduce al puente Ferrocarretero. El corte se produjo producto de un accidente automovil\u00edstico que golpe\u00f3 una de las columnas.<\/p>\n<\/div>\n<p>&nbsp;<\/p>\n<p>Fuente: Municipalidad de Viedma<\/p>\n","protected":false},"excerpt":{"rendered":"<p>Viedma.-La Subsecretar\u00eda de Servicios P\u00fablicos de la Municipalidad de Viedma realiza tareas de mantenimiento y reparaci\u00f3n del alumbrado p\u00fablico, tras [&hellip;]<\/p>\n","protected":false},"author":2,"featured_media":36090,"comment_status":"open","ping_status":"open","sticky":false,"template":"","format":"standard","meta":{"site-sidebar-layout":"default","site-content-layout":"","ast-site-content-layout":"default","site-content-style":"default","site-sidebar-style":"default","ast-global-header-display":"","ast-banner-title-visibility":"","ast-main-header-display":"","ast-hfb-above-header-display":"","ast-hfb-below-header-display":"","ast-hfb-mobile-header-display":"","site-post-title":"","ast-breadcrumbs-content":"","ast-featured-img":"","footer-sml-layout":"","ast-disable-related-posts":"","theme-transparent-header-meta":"","adv-header-id-meta":"","stick-header-meta":"","header-above-stick-meta":"","header-main-stick-meta":"","header-below-stick-meta":"","astra-migrate-meta-layouts":"default","ast-page-background-enabled":"default","ast-page-background-meta":{"desktop":{"background-color":"var(--ast-global-color-5)","background-image":"","background-repeat":"repeat","background-position":"center center","background-size":"auto","background-attachment":"scroll","background-type":"","background-media":"","overlay-type":"","overlay-color":"","overlay-opacity":"","overlay-gradient":""},"tablet":{"background-color":"","background-image":"","background-repeat":"repeat","background-position":"center center","background-size":"auto","background-attachment":"scroll","background-type":"","background-media":"","overlay-type":"","overlay-color":"","overlay-opacity":"","overlay-gradient":""},"mobile":{"background-color":"","background-image":"","background-repeat":"repeat","background-position":"center center","background-size":"auto","background-attachment":"scroll","background-type":"","background-media":"","overlay-type":"","overlay-color":"","overlay-opacity":"","overlay-gradient":""}},"ast-content-background-meta":{"desktop":{"background-color":"var(--ast-global-color-4)","background-image":"","background-repeat":"repeat","background-position":"center center","background-size":"auto","background-attachment":"scroll","background-type":"","background-media":"","overlay-type":"","overlay-color":"","overlay-opacity":"","overlay-gradient":""},"tablet":{"background-color":"var(--ast-global-color-4)","background-image":"","background-repeat":"repeat","background-position":"center center","background-size":"auto","background-attachment":"scroll","background-type":"","background-media":"","overlay-type":"","overlay-color":"","overlay-opacity":"","overlay-gradient":""},"mobile":{"background-color":"var(--ast-global-color-4)","background-image":"","background-repeat":"repeat","background-position":"center center","background-size":"auto","background-attachment":"scroll","background-type":"","background-media":"","overlay-type":"","overlay-color":"","overlay-opacity":"","overlay-gradient":""}},"footnotes":""},"categories":[16,1],"tags":[],"class_list":["post-36089","post","type-post","status-publish","format-standard","has-post-thumbnail","hentry","category-municipales","category-noticias"],"yoast_head":"<!-- This site is optimized with the Yoast SEO Premium plugin v23.0 (Yoast SEO v27.4) - https:\/\/yoast.com\/product\/yoast-seo-premium-wordpress\/ -->\n<title>Intensas tareas de las cuadrillas municipales tras el temporal de viento en Viedma<\/title>\n<meta name=\"robots\" content=\"index, follow, max-snippet:-1, max-image-preview:large, max-video-preview:-1\" \/>\n<link rel=\"canonical\" href=\"https:\/\/patagoniambiental.com.ar\/info\/intensas-tareas-de-las-cuadrillas-municipales-tras-el-temporal-de-viento-en-viedma\/\" \/>\n<meta property=\"og:locale\" content=\"es_ES\" \/>\n<meta property=\"og:type\" content=\"article\" \/>\n<meta property=\"og:title\" content=\"Intensas tareas de las cuadrillas municipales tras el temporal de viento en Viedma\" \/>\n<meta property=\"og:description\" content=\"Viedma.-La Subsecretar\u00eda de Servicios P\u00fablicos de la Municipalidad de Viedma realiza tareas de mantenimiento y reparaci\u00f3n del alumbrado p\u00fablico, tras [&hellip;]\" \/>\n<meta property=\"og:url\" content=\"https:\/\/patagoniambiental.com.ar\/info\/intensas-tareas-de-las-cuadrillas-municipales-tras-el-temporal-de-viento-en-viedma\/\" \/>\n<meta property=\"og:site_name\" content=\"Patagonia Ambiental\" \/>\n<meta property=\"article:publisher\" content=\"https:\/\/www.facebook.com\/patagonia.ambiental\" \/>\n<meta property=\"article:author\" content=\"https:\/\/www.facebook.com\/share\/1C1V8Gv9BX\/?mibextid=qi2Omg\" \/>\n<meta property=\"article:published_time\" content=\"2017-10-06T22:00:05+00:00\" \/>\n<meta property=\"og:image\" content=\"https:\/\/patagoniambiental.com.ar\/info\/wp-content\/uploads\/2017\/10\/Luminarias.jpeg\" \/>\n\t<meta property=\"og:image:width\" content=\"720\" \/>\n\t<meta property=\"og:image:height\" content=\"1173\" \/>\n\t<meta property=\"og:image:type\" content=\"image\/jpeg\" \/>\n<meta name=\"author\" content=\"Patagonia Ambiental\" \/>\n<meta name=\"twitter:card\" content=\"summary_large_image\" \/>\n<meta name=\"twitter:creator\" content=\"@PatAmb\" \/>\n<meta name=\"twitter:site\" content=\"@PatAmb\" \/>\n<script type=\"application\/ld+json\" class=\"yoast-schema-graph\">{\"@context\":\"https:\\\/\\\/schema.org\",\"@graph\":[{\"@type\":\"Article\",\"@id\":\"https:\\\/\\\/patagoniambiental.com.ar\\\/info\\\/intensas-tareas-de-las-cuadrillas-municipales-tras-el-temporal-de-viento-en-viedma\\\/#article\",\"isPartOf\":{\"@id\":\"https:\\\/\\\/patagoniambiental.com.ar\\\/info\\\/intensas-tareas-de-las-cuadrillas-municipales-tras-el-temporal-de-viento-en-viedma\\\/\"},\"author\":{\"name\":\"Patagonia Ambiental\",\"@id\":\"https:\\\/\\\/patagoniambiental.com.ar\\\/info\\\/#\\\/schema\\\/person\\\/db12bff64bbcbf6a253710bf0ea37b5d\"},\"headline\":\"Intensas tareas de las cuadrillas municipales tras el temporal de viento en Viedma\",\"datePublished\":\"2017-10-06T22:00:05+00:00\",\"mainEntityOfPage\":{\"@id\":\"https:\\\/\\\/patagoniambiental.com.ar\\\/info\\\/intensas-tareas-de-las-cuadrillas-municipales-tras-el-temporal-de-viento-en-viedma\\\/\"},\"wordCount\":387,\"commentCount\":0,\"publisher\":{\"@id\":\"https:\\\/\\\/patagoniambiental.com.ar\\\/info\\\/#organization\"},\"image\":{\"@id\":\"https:\\\/\\\/patagoniambiental.com.ar\\\/info\\\/intensas-tareas-de-las-cuadrillas-municipales-tras-el-temporal-de-viento-en-viedma\\\/#primaryimage\"},\"thumbnailUrl\":\"https:\\\/\\\/patagoniambiental.com.ar\\\/info\\\/wp-content\\\/uploads\\\/2017\\\/10\\\/Luminarias.jpeg\",\"articleSection\":[\"Municipales\",\"Noticias\"],\"inLanguage\":\"es\",\"potentialAction\":[{\"@type\":\"CommentAction\",\"name\":\"Comment\",\"target\":[\"https:\\\/\\\/patagoniambiental.com.ar\\\/info\\\/intensas-tareas-de-las-cuadrillas-municipales-tras-el-temporal-de-viento-en-viedma\\\/#respond\"]}]},{\"@type\":\"WebPage\",\"@id\":\"https:\\\/\\\/patagoniambiental.com.ar\\\/info\\\/intensas-tareas-de-las-cuadrillas-municipales-tras-el-temporal-de-viento-en-viedma\\\/\",\"url\":\"https:\\\/\\\/patagoniambiental.com.ar\\\/info\\\/intensas-tareas-de-las-cuadrillas-municipales-tras-el-temporal-de-viento-en-viedma\\\/\",\"name\":\"Intensas tareas de las cuadrillas municipales tras el temporal de viento en Viedma\",\"isPartOf\":{\"@id\":\"https:\\\/\\\/patagoniambiental.com.ar\\\/info\\\/#website\"},\"primaryImageOfPage\":{\"@id\":\"https:\\\/\\\/patagoniambiental.com.ar\\\/info\\\/intensas-tareas-de-las-cuadrillas-municipales-tras-el-temporal-de-viento-en-viedma\\\/#primaryimage\"},\"image\":{\"@id\":\"https:\\\/\\\/patagoniambiental.com.ar\\\/info\\\/intensas-tareas-de-las-cuadrillas-municipales-tras-el-temporal-de-viento-en-viedma\\\/#primaryimage\"},\"thumbnailUrl\":\"https:\\\/\\\/patagoniambiental.com.ar\\\/info\\\/wp-content\\\/uploads\\\/2017\\\/10\\\/Luminarias.jpeg\",\"datePublished\":\"2017-10-06T22:00:05+00:00\",\"breadcrumb\":{\"@id\":\"https:\\\/\\\/patagoniambiental.com.ar\\\/info\\\/intensas-tareas-de-las-cuadrillas-municipales-tras-el-temporal-de-viento-en-viedma\\\/#breadcrumb\"},\"inLanguage\":\"es\",\"potentialAction\":[{\"@type\":\"ReadAction\",\"target\":[\"https:\\\/\\\/patagoniambiental.com.ar\\\/info\\\/intensas-tareas-de-las-cuadrillas-municipales-tras-el-temporal-de-viento-en-viedma\\\/\"]}]},{\"@type\":\"ImageObject\",\"inLanguage\":\"es\",\"@id\":\"https:\\\/\\\/patagoniambiental.com.ar\\\/info\\\/intensas-tareas-de-las-cuadrillas-municipales-tras-el-temporal-de-viento-en-viedma\\\/#primaryimage\",\"url\":\"https:\\\/\\\/patagoniambiental.com.ar\\\/info\\\/wp-content\\\/uploads\\\/2017\\\/10\\\/Luminarias.jpeg\",\"contentUrl\":\"https:\\\/\\\/patagoniambiental.com.ar\\\/info\\\/wp-content\\\/uploads\\\/2017\\\/10\\\/Luminarias.jpeg\",\"width\":368,\"height\":600},{\"@type\":\"BreadcrumbList\",\"@id\":\"https:\\\/\\\/patagoniambiental.com.ar\\\/info\\\/intensas-tareas-de-las-cuadrillas-municipales-tras-el-temporal-de-viento-en-viedma\\\/#breadcrumb\",\"itemListElement\":[{\"@type\":\"ListItem\",\"position\":1,\"name\":\"Inicio\",\"item\":\"https:\\\/\\\/patagoniambiental.com.ar\\\/info\\\/\"},{\"@type\":\"ListItem\",\"position\":2,\"name\":\"Intensas tareas de las cuadrillas municipales tras el temporal de viento en Viedma\"}]},{\"@type\":\"WebSite\",\"@id\":\"https:\\\/\\\/patagoniambiental.com.ar\\\/info\\\/#website\",\"url\":\"https:\\\/\\\/patagoniambiental.com.ar\\\/info\\\/\",\"name\":\"Patagonia Ambiental\",\"description\":\"Monitoreo y an\u00e1lisis de la situaci\u00f3n geopol\u00edtica en el mundo y su implicancia en la Patagonia\",\"publisher\":{\"@id\":\"https:\\\/\\\/patagoniambiental.com.ar\\\/info\\\/#organization\"},\"potentialAction\":[{\"@type\":\"SearchAction\",\"target\":{\"@type\":\"EntryPoint\",\"urlTemplate\":\"https:\\\/\\\/patagoniambiental.com.ar\\\/info\\\/?s={search_term_string}\"},\"query-input\":{\"@type\":\"PropertyValueSpecification\",\"valueRequired\":true,\"valueName\":\"search_term_string\"}}],\"inLanguage\":\"es\"},{\"@type\":\"Organization\",\"@id\":\"https:\\\/\\\/patagoniambiental.com.ar\\\/info\\\/#organization\",\"name\":\"Patagonia Ambiental\",\"url\":\"https:\\\/\\\/patagoniambiental.com.ar\\\/info\\\/\",\"logo\":{\"@type\":\"ImageObject\",\"inLanguage\":\"es\",\"@id\":\"https:\\\/\\\/patagoniambiental.com.ar\\\/info\\\/#\\\/schema\\\/logo\\\/image\\\/\",\"url\":\"https:\\\/\\\/patagoniambiental.com.ar\\\/info\\\/wp-content\\\/uploads\\\/2025\\\/05\\\/LOGO-PATAGONIA-AMBIENTAL.png\",\"contentUrl\":\"https:\\\/\\\/patagoniambiental.com.ar\\\/info\\\/wp-content\\\/uploads\\\/2025\\\/05\\\/LOGO-PATAGONIA-AMBIENTAL.png\",\"width\":433,\"height\":250,\"caption\":\"Patagonia Ambiental\"},\"image\":{\"@id\":\"https:\\\/\\\/patagoniambiental.com.ar\\\/info\\\/#\\\/schema\\\/logo\\\/image\\\/\"},\"sameAs\":[\"https:\\\/\\\/www.facebook.com\\\/patagonia.ambiental\",\"https:\\\/\\\/x.com\\\/PatAmb\"]},{\"@type\":\"Person\",\"@id\":\"https:\\\/\\\/patagoniambiental.com.ar\\\/info\\\/#\\\/schema\\\/person\\\/db12bff64bbcbf6a253710bf0ea37b5d\",\"name\":\"Patagonia Ambiental\",\"description\":\"Andr\u00e9s Nievas T\u00e9cnico en manejo ambiental, consultor Ambiental y escritor para medios locales e internacionales sobre temas de geopolitica y medio ambiente.\",\"sameAs\":[\"http:\\\/\\\/www.patagoniambiental.com.ar\",\"https:\\\/\\\/www.facebook.com\\\/share\\\/1C1V8Gv9BX\\\/?mibextid=qi2Omg\",\"@patagoniambiental\",\"https:\\\/\\\/youtube.com\\\/@patagoniaambiental2023?si=BLt58t0wuXquxlYZ\"]}]}<\/script>\n<!-- \/ Yoast SEO Premium plugin. -->","yoast_head_json":{"title":"Intensas tareas de las cuadrillas municipales tras el temporal de viento en Viedma","robots":{"index":"index","follow":"follow","max-snippet":"max-snippet:-1","max-image-preview":"max-image-preview:large","max-video-preview":"max-video-preview:-1"},"canonical":"https:\/\/patagoniambiental.com.ar\/info\/intensas-tareas-de-las-cuadrillas-municipales-tras-el-temporal-de-viento-en-viedma\/","og_locale":"es_ES","og_type":"article","og_title":"Intensas tareas de las cuadrillas municipales tras el temporal de viento en Viedma","og_description":"Viedma.-La Subsecretar\u00eda de Servicios P\u00fablicos de la Municipalidad de Viedma realiza tareas de mantenimiento y reparaci\u00f3n del alumbrado p\u00fablico, tras [&hellip;]","og_url":"https:\/\/patagoniambiental.com.ar\/info\/intensas-tareas-de-las-cuadrillas-municipales-tras-el-temporal-de-viento-en-viedma\/","og_site_name":"Patagonia Ambiental","article_publisher":"https:\/\/www.facebook.com\/patagonia.ambiental","article_author":"https:\/\/www.facebook.com\/share\/1C1V8Gv9BX\/?mibextid=qi2Omg","article_published_time":"2017-10-06T22:00:05+00:00","og_image":[{"width":720,"height":1173,"url":"https:\/\/patagoniambiental.com.ar\/info\/wp-content\/uploads\/2017\/10\/Luminarias.jpeg","type":"image\/jpeg"}],"author":"Patagonia Ambiental","twitter_card":"summary_large_image","twitter_creator":"@PatAmb","twitter_site":"@PatAmb","schema":{"@context":"https:\/\/schema.org","@graph":[{"@type":"Article","@id":"https:\/\/patagoniambiental.com.ar\/info\/intensas-tareas-de-las-cuadrillas-municipales-tras-el-temporal-de-viento-en-viedma\/#article","isPartOf":{"@id":"https:\/\/patagoniambiental.com.ar\/info\/intensas-tareas-de-las-cuadrillas-municipales-tras-el-temporal-de-viento-en-viedma\/"},"author":{"name":"Patagonia Ambiental","@id":"https:\/\/patagoniambiental.com.ar\/info\/#\/schema\/person\/db12bff64bbcbf6a253710bf0ea37b5d"},"headline":"Intensas tareas de las cuadrillas municipales tras el temporal de viento en Viedma","datePublished":"2017-10-06T22:00:05+00:00","mainEntityOfPage":{"@id":"https:\/\/patagoniambiental.com.ar\/info\/intensas-tareas-de-las-cuadrillas-municipales-tras-el-temporal-de-viento-en-viedma\/"},"wordCount":387,"commentCount":0,"publisher":{"@id":"https:\/\/patagoniambiental.com.ar\/info\/#organization"},"image":{"@id":"https:\/\/patagoniambiental.com.ar\/info\/intensas-tareas-de-las-cuadrillas-municipales-tras-el-temporal-de-viento-en-viedma\/#primaryimage"},"thumbnailUrl":"https:\/\/patagoniambiental.com.ar\/info\/wp-content\/uploads\/2017\/10\/Luminarias.jpeg","articleSection":["Municipales","Noticias"],"inLanguage":"es","potentialAction":[{"@type":"CommentAction","name":"Comment","target":["https:\/\/patagoniambiental.com.ar\/info\/intensas-tareas-de-las-cuadrillas-municipales-tras-el-temporal-de-viento-en-viedma\/#respond"]}]},{"@type":"WebPage","@id":"https:\/\/patagoniambiental.com.ar\/info\/intensas-tareas-de-las-cuadrillas-municipales-tras-el-temporal-de-viento-en-viedma\/","url":"https:\/\/patagoniambiental.com.ar\/info\/intensas-tareas-de-las-cuadrillas-municipales-tras-el-temporal-de-viento-en-viedma\/","name":"Intensas tareas de las cuadrillas municipales tras el temporal de viento en Viedma","isPartOf":{"@id":"https:\/\/patagoniambiental.com.ar\/info\/#website"},"primaryImageOfPage":{"@id":"https:\/\/patagoniambiental.com.ar\/info\/intensas-tareas-de-las-cuadrillas-municipales-tras-el-temporal-de-viento-en-viedma\/#primaryimage"},"image":{"@id":"https:\/\/patagoniambiental.com.ar\/info\/intensas-tareas-de-las-cuadrillas-municipales-tras-el-temporal-de-viento-en-viedma\/#primaryimage"},"thumbnailUrl":"https:\/\/patagoniambiental.com.ar\/info\/wp-content\/uploads\/2017\/10\/Luminarias.jpeg","datePublished":"2017-10-06T22:00:05+00:00","breadcrumb":{"@id":"https:\/\/patagoniambiental.com.ar\/info\/intensas-tareas-de-las-cuadrillas-municipales-tras-el-temporal-de-viento-en-viedma\/#breadcrumb"},"inLanguage":"es","potentialAction":[{"@type":"ReadAction","target":["https:\/\/patagoniambiental.com.ar\/info\/intensas-tareas-de-las-cuadrillas-municipales-tras-el-temporal-de-viento-en-viedma\/"]}]},{"@type":"ImageObject","inLanguage":"es","@id":"https:\/\/patagoniambiental.com.ar\/info\/intensas-tareas-de-las-cuadrillas-municipales-tras-el-temporal-de-viento-en-viedma\/#primaryimage","url":"https:\/\/patagoniambiental.com.ar\/info\/wp-content\/uploads\/2017\/10\/Luminarias.jpeg","contentUrl":"https:\/\/patagoniambiental.com.ar\/info\/wp-content\/uploads\/2017\/10\/Luminarias.jpeg","width":368,"height":600},{"@type":"BreadcrumbList","@id":"https:\/\/patagoniambiental.com.ar\/info\/intensas-tareas-de-las-cuadrillas-municipales-tras-el-temporal-de-viento-en-viedma\/#breadcrumb","itemListElement":[{"@type":"ListItem","position":1,"name":"Inicio","item":"https:\/\/patagoniambiental.com.ar\/info\/"},{"@type":"ListItem","position":2,"name":"Intensas tareas de las cuadrillas municipales tras el temporal de viento en Viedma"}]},{"@type":"WebSite","@id":"https:\/\/patagoniambiental.com.ar\/info\/#website","url":"https:\/\/patagoniambiental.com.ar\/info\/","name":"Patagonia Ambiental","description":"Monitoreo y an\u00e1lisis de la situaci\u00f3n geopol\u00edtica en el mundo y su implicancia en la Patagonia","publisher":{"@id":"https:\/\/patagoniambiental.com.ar\/info\/#organization"},"potentialAction":[{"@type":"SearchAction","target":{"@type":"EntryPoint","urlTemplate":"https:\/\/patagoniambiental.com.ar\/info\/?s={search_term_string}"},"query-input":{"@type":"PropertyValueSpecification","valueRequired":true,"valueName":"search_term_string"}}],"inLanguage":"es"},{"@type":"Organization","@id":"https:\/\/patagoniambiental.com.ar\/info\/#organization","name":"Patagonia Ambiental","url":"https:\/\/patagoniambiental.com.ar\/info\/","logo":{"@type":"ImageObject","inLanguage":"es","@id":"https:\/\/patagoniambiental.com.ar\/info\/#\/schema\/logo\/image\/","url":"https:\/\/patagoniambiental.com.ar\/info\/wp-content\/uploads\/2025\/05\/LOGO-PATAGONIA-AMBIENTAL.png","contentUrl":"https:\/\/patagoniambiental.com.ar\/info\/wp-content\/uploads\/2025\/05\/LOGO-PATAGONIA-AMBIENTAL.png","width":433,"height":250,"caption":"Patagonia Ambiental"},"image":{"@id":"https:\/\/patagoniambiental.com.ar\/info\/#\/schema\/logo\/image\/"},"sameAs":["https:\/\/www.facebook.com\/patagonia.ambiental","https:\/\/x.com\/PatAmb"]},{"@type":"Person","@id":"https:\/\/patagoniambiental.com.ar\/info\/#\/schema\/person\/db12bff64bbcbf6a253710bf0ea37b5d","name":"Patagonia Ambiental","description":"Andr\u00e9s Nievas T\u00e9cnico en manejo ambiental, consultor Ambiental y escritor para medios locales e internacionales sobre temas de geopolitica y medio ambiente.","sameAs":["http:\/\/www.patagoniambiental.com.ar","https:\/\/www.facebook.com\/share\/1C1V8Gv9BX\/?mibextid=qi2Omg","@patagoniambiental","https:\/\/youtube.com\/@patagoniaambiental2023?si=BLt58t0wuXquxlYZ"]}]}},"_links":{"self":[{"href":"https:\/\/patagoniambiental.com.ar\/info\/wp-json\/wp\/v2\/posts\/36089","targetHints":{"allow":["GET"]}}],"collection":[{"href":"https:\/\/patagoniambiental.com.ar\/info\/wp-json\/wp\/v2\/posts"}],"about":[{"href":"https:\/\/patagoniambiental.com.ar\/info\/wp-json\/wp\/v2\/types\/post"}],"author":[{"embeddable":true,"href":"https:\/\/patagoniambiental.com.ar\/info\/wp-json\/wp\/v2\/users\/2"}],"replies":[{"embeddable":true,"href":"https:\/\/patagoniambiental.com.ar\/info\/wp-json\/wp\/v2\/comments?post=36089"}],"version-history":[{"count":0,"href":"https:\/\/patagoniambiental.com.ar\/info\/wp-json\/wp\/v2\/posts\/36089\/revisions"}],"wp:featuredmedia":[{"embeddable":true,"href":"https:\/\/patagoniambiental.com.ar\/info\/wp-json\/wp\/v2\/media\/36090"}],"wp:attachment":[{"href":"https:\/\/patagoniambiental.com.ar\/info\/wp-json\/wp\/v2\/media?parent=36089"}],"wp:term":[{"taxonomy":"category","embeddable":true,"href":"https:\/\/patagoniambiental.com.ar\/info\/wp-json\/wp\/v2\/categories?post=36089"},{"taxonomy":"post_tag","embeddable":true,"href":"https:\/\/patagoniambiental.com.ar\/info\/wp-json\/wp\/v2\/tags?post=36089"}],"curies":[{"name":"wp","href":"https:\/\/api.w.org\/{rel}","templated":true}]}}