{"id":36136,"date":"2017-10-07T19:00:59","date_gmt":"2017-10-07T22:00:59","guid":{"rendered":"http:\/\/patagoniambiental.com.ar\/info\/?p=36136"},"modified":"2017-10-07T12:10:49","modified_gmt":"2017-10-07T15:10:49","slug":"vestas-cerro-contrato-para-instalar-sus-equipos-en-el-parque-eolico-la-banderita","status":"publish","type":"post","link":"https:\/\/patagoniambiental.com.ar\/info\/vestas-cerro-contrato-para-instalar-sus-equipos-en-el-parque-eolico-la-banderita\/","title":{"rendered":"Vestas cerr\u00f3 contrato para instalar sus equipos en el parque e\u00f3lico \u201cLa Banderita\u201d"},"content":{"rendered":"<div>General Acha.-Vestas se ha atribuido un contrato de 40 MW que fue adjudicado como parte de la subasta argentina RenovAr 1.5. Con este nuevo proyecto, Vestas ha firmado ya cerca de 700 MW en Argentina en los \u00faltimos doce meses.<\/div>\n<p><!--more--><\/p>\n<div><\/div>\n<div>Parques E\u00f3licos Vientos del Sur S.A., filial del Grupo Frali S.A. ha realizado un pedido a Vestas para el suministro e instalaci\u00f3n de once aerogeneradores tipo V136-3.45 MW para el parque e\u00f3lico La Banderita, que se situar\u00e1 en la ciudad de General Acha, provincial de La Pampa, Argentina.<\/div>\n<div><\/div>\n<div>La entrega de las turbinas se llevar\u00e1 a cabo durante el tercer trimestre de 2018, mientras que la puesta en marcha de las mismas se espera que tenga lugar durante el primer trimestre de 2019.<\/div>\n<div><\/div>\n<div>La Banderita ser\u00e1 el primer parque e\u00f3lico a gran escala instalado en La Pampa, lo que subraya una vez m\u00e1s la versatilidad de la plataforma de 4 MW de Vestas, la cual optimiza la producci\u00f3n energ\u00e9tica en cualquier tipo de emplazamiento y condici\u00f3n de viento.<\/div>\n<div><\/div>\n<div>Como se\u00f1ala el Presidente de Vestas Mediterranean, Marco Graziano: \u201cAgradecemos la fuerte apuesta de Argentina para el desarrollo de la industria e\u00f3lica del pa\u00eds y estamos encantados de haber tomado parte en este proceso desde el principio.<\/div>\n<div><\/div>\n<div>En menos de un a\u00f1o, Vestas ha consolidado su liderazgo en el pa\u00eds con m\u00e1s de 700 MW. Casi la mitad de estos pedidos proceden de las dos \u00faltimas subastas de RenovAr, demostrando nuestras habilidades y fortalezas cuando se trata de subastas. Este nuevo \u00e9xito subraya claramente la confianza de nuestros clientes y la fiabilidad de nuestras soluciones, personal y experiencia\u201d.<\/div>\n<div><\/div>\n<div>Vestas ha contribuido a la transici\u00f3n de Argentina hacia las energ\u00edas renovables poniendo a disposici\u00f3n de sus clientes todas las capacidades de la empresa, experiencia y soluciones financieras.<\/div>\n<div><\/div>\n<div>Ofrecer a sus clientes una completa gama de prestaciones y servicios a lo largo de toda la cadena de valor ha sido vital para obtener pedidos fruto de las dos \u00faltimas subastas energ\u00e9ticas celebradas en Argentina. Con este nuevo pedido, Vestas consolida su posici\u00f3n de liderazgo en Argentina con cerca del 45 % de la cuota de mercado.<\/div>\n<div><\/div>\n<div>\u201cEste es el resultado de una firme colaboraci\u00f3n con nuestros clientes en las subastas, tanto para RenovAr 1.0 como para RenovAr 1.5, ambas celebradas en 2016, en las que estuvimos disponibles para darles soporte a la hora de presentar proyectos a paso firme y constante\u201d, subraya Andr\u00e9s Gismondi, Director de Vestas Argentina.<\/div>\n<div><\/div>\n<div><\/div>\n<div>Fuente:\u00a0<a href=\"https:\/\/www.energiaestrategica.com\/vestas-cerro-contrato-instalar-equipos-parque-eolico-la-banderita\/\">https:\/\/www.energiaestrategica.com\/<\/a><\/div>\n","protected":false},"excerpt":{"rendered":"<p>General Acha.-Vestas se ha atribuido un contrato de 40 MW que fue adjudicado como parte de la subasta argentina RenovAr [&hellip;]<\/p>\n","protected":false},"author":2,"featured_media":32830,"comment_status":"open","ping_status":"open","sticky":false,"template":"","format":"standard","meta":{"site-sidebar-layout":"default","site-content-layout":"","ast-site-content-layout":"default","site-content-style":"default","site-sidebar-style":"default","ast-global-header-display":"","ast-banner-title-visibility":"","ast-main-header-display":"","ast-hfb-above-header-display":"","ast-hfb-below-header-display":"","ast-hfb-mobile-header-display":"","site-post-title":"","ast-breadcrumbs-content":"","ast-featured-img":"","footer-sml-layout":"","ast-disable-related-posts":"","theme-transparent-header-meta":"","adv-header-id-meta":"","stick-header-meta":"","header-above-stick-meta":"","header-main-stick-meta":"","header-below-stick-meta":"","astra-migrate-meta-layouts":"default","ast-page-background-enabled":"default","ast-page-background-meta":{"desktop":{"background-color":"var(--ast-global-color-5)","background-image":"","background-repeat":"repeat","background-position":"center center","background-size":"auto","background-attachment":"scroll","background-type":"","background-media":"","overlay-type":"","overlay-color":"","overlay-opacity":"","overlay-gradient":""},"tablet":{"background-color":"","background-image":"","background-repeat":"repeat","background-position":"center center","background-size":"auto","background-attachment":"scroll","background-type":"","background-media":"","overlay-type":"","overlay-color":"","overlay-opacity":"","overlay-gradient":""},"mobile":{"background-color":"","background-image":"","background-repeat":"repeat","background-position":"center center","background-size":"auto","background-attachment":"scroll","background-type":"","background-media":"","overlay-type":"","overlay-color":"","overlay-opacity":"","overlay-gradient":""}},"ast-content-background-meta":{"desktop":{"background-color":"var(--ast-global-color-4)","background-image":"","background-repeat":"repeat","background-position":"center center","background-size":"auto","background-attachment":"scroll","background-type":"","background-media":"","overlay-type":"","overlay-color":"","overlay-opacity":"","overlay-gradient":""},"tablet":{"background-color":"var(--ast-global-color-4)","background-image":"","background-repeat":"repeat","background-position":"center center","background-size":"auto","background-attachment":"scroll","background-type":"","background-media":"","overlay-type":"","overlay-color":"","overlay-opacity":"","overlay-gradient":""},"mobile":{"background-color":"var(--ast-global-color-4)","background-image":"","background-repeat":"repeat","background-position":"center center","background-size":"auto","background-attachment":"scroll","background-type":"","background-media":"","overlay-type":"","overlay-color":"","overlay-opacity":"","overlay-gradient":""}},"footnotes":""},"categories":[59,1,13],"tags":[],"class_list":["post-36136","post","type-post","status-publish","format-standard","has-post-thumbnail","hentry","category-la-pampa","category-noticias","category-provinciales"],"yoast_head":"<!-- This site is optimized with the Yoast SEO Premium plugin v23.0 (Yoast SEO v27.5) - https:\/\/yoast.com\/product\/yoast-seo-premium-wordpress\/ -->\n<title>Vestas cerr\u00f3 contrato para instalar sus equipos en el parque e\u00f3lico \u201cLa Banderita\u201d<\/title>\n<meta name=\"robots\" content=\"index, follow, max-snippet:-1, max-image-preview:large, max-video-preview:-1\" \/>\n<link rel=\"canonical\" href=\"https:\/\/patagoniambiental.com.ar\/info\/vestas-cerro-contrato-para-instalar-sus-equipos-en-el-parque-eolico-la-banderita\/\" \/>\n<meta property=\"og:locale\" content=\"es_ES\" \/>\n<meta property=\"og:type\" content=\"article\" \/>\n<meta property=\"og:title\" content=\"Vestas cerr\u00f3 contrato para instalar sus equipos en el parque e\u00f3lico \u201cLa Banderita\u201d\" \/>\n<meta property=\"og:description\" content=\"General Acha.-Vestas se ha atribuido un contrato de 40 MW que fue adjudicado como parte de la subasta argentina RenovAr [&hellip;]\" \/>\n<meta property=\"og:url\" content=\"https:\/\/patagoniambiental.com.ar\/info\/vestas-cerro-contrato-para-instalar-sus-equipos-en-el-parque-eolico-la-banderita\/\" \/>\n<meta property=\"og:site_name\" content=\"Patagonia Ambiental\" \/>\n<meta property=\"article:publisher\" content=\"https:\/\/www.facebook.com\/patagonia.ambiental\" \/>\n<meta property=\"article:author\" content=\"https:\/\/www.facebook.com\/share\/1C1V8Gv9BX\/?mibextid=qi2Omg\" \/>\n<meta property=\"article:published_time\" content=\"2017-10-07T22:00:59+00:00\" \/>\n<meta property=\"og:image\" content=\"https:\/\/patagoniambiental.com.ar\/info\/wp-content\/uploads\/2017\/08\/energias-renovables-google.gif\" \/>\n\t<meta property=\"og:image:width\" content=\"624\" \/>\n\t<meta property=\"og:image:height\" content=\"352\" \/>\n\t<meta property=\"og:image:type\" content=\"image\/gif\" \/>\n<meta name=\"author\" content=\"Patagonia Ambiental\" \/>\n<meta name=\"twitter:card\" content=\"summary_large_image\" \/>\n<meta name=\"twitter:creator\" content=\"@PatAmb\" \/>\n<meta name=\"twitter:site\" content=\"@PatAmb\" \/>\n<script type=\"application\/ld+json\" class=\"yoast-schema-graph\">{\"@context\":\"https:\\\/\\\/schema.org\",\"@graph\":[{\"@type\":\"Article\",\"@id\":\"https:\\\/\\\/patagoniambiental.com.ar\\\/info\\\/vestas-cerro-contrato-para-instalar-sus-equipos-en-el-parque-eolico-la-banderita\\\/#article\",\"isPartOf\":{\"@id\":\"https:\\\/\\\/patagoniambiental.com.ar\\\/info\\\/vestas-cerro-contrato-para-instalar-sus-equipos-en-el-parque-eolico-la-banderita\\\/\"},\"author\":{\"name\":\"Patagonia Ambiental\",\"@id\":\"https:\\\/\\\/patagoniambiental.com.ar\\\/info\\\/#\\\/schema\\\/person\\\/db12bff64bbcbf6a253710bf0ea37b5d\"},\"headline\":\"Vestas cerr\u00f3 contrato para instalar sus equipos en el parque e\u00f3lico \u201cLa Banderita\u201d\",\"datePublished\":\"2017-10-07T22:00:59+00:00\",\"mainEntityOfPage\":{\"@id\":\"https:\\\/\\\/patagoniambiental.com.ar\\\/info\\\/vestas-cerro-contrato-para-instalar-sus-equipos-en-el-parque-eolico-la-banderita\\\/\"},\"wordCount\":436,\"commentCount\":0,\"publisher\":{\"@id\":\"https:\\\/\\\/patagoniambiental.com.ar\\\/info\\\/#organization\"},\"image\":{\"@id\":\"https:\\\/\\\/patagoniambiental.com.ar\\\/info\\\/vestas-cerro-contrato-para-instalar-sus-equipos-en-el-parque-eolico-la-banderita\\\/#primaryimage\"},\"thumbnailUrl\":\"https:\\\/\\\/patagoniambiental.com.ar\\\/info\\\/wp-content\\\/uploads\\\/2017\\\/08\\\/energias-renovables-google.gif\",\"articleSection\":[\"La Pampa\",\"Noticias\",\"Provinciales\"],\"inLanguage\":\"es\",\"potentialAction\":[{\"@type\":\"CommentAction\",\"name\":\"Comment\",\"target\":[\"https:\\\/\\\/patagoniambiental.com.ar\\\/info\\\/vestas-cerro-contrato-para-instalar-sus-equipos-en-el-parque-eolico-la-banderita\\\/#respond\"]}]},{\"@type\":\"WebPage\",\"@id\":\"https:\\\/\\\/patagoniambiental.com.ar\\\/info\\\/vestas-cerro-contrato-para-instalar-sus-equipos-en-el-parque-eolico-la-banderita\\\/\",\"url\":\"https:\\\/\\\/patagoniambiental.com.ar\\\/info\\\/vestas-cerro-contrato-para-instalar-sus-equipos-en-el-parque-eolico-la-banderita\\\/\",\"name\":\"Vestas cerr\u00f3 contrato para instalar sus equipos en el parque e\u00f3lico \u201cLa Banderita\u201d\",\"isPartOf\":{\"@id\":\"https:\\\/\\\/patagoniambiental.com.ar\\\/info\\\/#website\"},\"primaryImageOfPage\":{\"@id\":\"https:\\\/\\\/patagoniambiental.com.ar\\\/info\\\/vestas-cerro-contrato-para-instalar-sus-equipos-en-el-parque-eolico-la-banderita\\\/#primaryimage\"},\"image\":{\"@id\":\"https:\\\/\\\/patagoniambiental.com.ar\\\/info\\\/vestas-cerro-contrato-para-instalar-sus-equipos-en-el-parque-eolico-la-banderita\\\/#primaryimage\"},\"thumbnailUrl\":\"https:\\\/\\\/patagoniambiental.com.ar\\\/info\\\/wp-content\\\/uploads\\\/2017\\\/08\\\/energias-renovables-google.gif\",\"datePublished\":\"2017-10-07T22:00:59+00:00\",\"breadcrumb\":{\"@id\":\"https:\\\/\\\/patagoniambiental.com.ar\\\/info\\\/vestas-cerro-contrato-para-instalar-sus-equipos-en-el-parque-eolico-la-banderita\\\/#breadcrumb\"},\"inLanguage\":\"es\",\"potentialAction\":[{\"@type\":\"ReadAction\",\"target\":[\"https:\\\/\\\/patagoniambiental.com.ar\\\/info\\\/vestas-cerro-contrato-para-instalar-sus-equipos-en-el-parque-eolico-la-banderita\\\/\"]}]},{\"@type\":\"ImageObject\",\"inLanguage\":\"es\",\"@id\":\"https:\\\/\\\/patagoniambiental.com.ar\\\/info\\\/vestas-cerro-contrato-para-instalar-sus-equipos-en-el-parque-eolico-la-banderita\\\/#primaryimage\",\"url\":\"https:\\\/\\\/patagoniambiental.com.ar\\\/info\\\/wp-content\\\/uploads\\\/2017\\\/08\\\/energias-renovables-google.gif\",\"contentUrl\":\"https:\\\/\\\/patagoniambiental.com.ar\\\/info\\\/wp-content\\\/uploads\\\/2017\\\/08\\\/energias-renovables-google.gif\",\"width\":624,\"height\":352},{\"@type\":\"BreadcrumbList\",\"@id\":\"https:\\\/\\\/patagoniambiental.com.ar\\\/info\\\/vestas-cerro-contrato-para-instalar-sus-equipos-en-el-parque-eolico-la-banderita\\\/#breadcrumb\",\"itemListElement\":[{\"@type\":\"ListItem\",\"position\":1,\"name\":\"Inicio\",\"item\":\"https:\\\/\\\/patagoniambiental.com.ar\\\/info\\\/\"},{\"@type\":\"ListItem\",\"position\":2,\"name\":\"Vestas cerr\u00f3 contrato para instalar sus equipos en el parque e\u00f3lico \u201cLa Banderita\u201d\"}]},{\"@type\":\"WebSite\",\"@id\":\"https:\\\/\\\/patagoniambiental.com.ar\\\/info\\\/#website\",\"url\":\"https:\\\/\\\/patagoniambiental.com.ar\\\/info\\\/\",\"name\":\"Patagonia Ambiental\",\"description\":\"Monitoreo y an\u00e1lisis de la situaci\u00f3n geopol\u00edtica en el mundo y su implicancia en la Patagonia\",\"publisher\":{\"@id\":\"https:\\\/\\\/patagoniambiental.com.ar\\\/info\\\/#organization\"},\"potentialAction\":[{\"@type\":\"SearchAction\",\"target\":{\"@type\":\"EntryPoint\",\"urlTemplate\":\"https:\\\/\\\/patagoniambiental.com.ar\\\/info\\\/?s={search_term_string}\"},\"query-input\":{\"@type\":\"PropertyValueSpecification\",\"valueRequired\":true,\"valueName\":\"search_term_string\"}}],\"inLanguage\":\"es\"},{\"@type\":\"Organization\",\"@id\":\"https:\\\/\\\/patagoniambiental.com.ar\\\/info\\\/#organization\",\"name\":\"Patagonia Ambiental\",\"url\":\"https:\\\/\\\/patagoniambiental.com.ar\\\/info\\\/\",\"logo\":{\"@type\":\"ImageObject\",\"inLanguage\":\"es\",\"@id\":\"https:\\\/\\\/patagoniambiental.com.ar\\\/info\\\/#\\\/schema\\\/logo\\\/image\\\/\",\"url\":\"https:\\\/\\\/patagoniambiental.com.ar\\\/info\\\/wp-content\\\/uploads\\\/2025\\\/05\\\/LOGO-PATAGONIA-AMBIENTAL.png\",\"contentUrl\":\"https:\\\/\\\/patagoniambiental.com.ar\\\/info\\\/wp-content\\\/uploads\\\/2025\\\/05\\\/LOGO-PATAGONIA-AMBIENTAL.png\",\"width\":433,\"height\":250,\"caption\":\"Patagonia Ambiental\"},\"image\":{\"@id\":\"https:\\\/\\\/patagoniambiental.com.ar\\\/info\\\/#\\\/schema\\\/logo\\\/image\\\/\"},\"sameAs\":[\"https:\\\/\\\/www.facebook.com\\\/patagonia.ambiental\",\"https:\\\/\\\/x.com\\\/PatAmb\"]},{\"@type\":\"Person\",\"@id\":\"https:\\\/\\\/patagoniambiental.com.ar\\\/info\\\/#\\\/schema\\\/person\\\/db12bff64bbcbf6a253710bf0ea37b5d\",\"name\":\"Patagonia Ambiental\",\"description\":\"Andr\u00e9s Nievas T\u00e9cnico en manejo ambiental, consultor Ambiental y escritor para medios locales e internacionales sobre temas de geopolitica y medio ambiente.\",\"sameAs\":[\"http:\\\/\\\/www.patagoniambiental.com.ar\",\"https:\\\/\\\/www.facebook.com\\\/share\\\/1C1V8Gv9BX\\\/?mibextid=qi2Omg\",\"@patagoniambiental\",\"https:\\\/\\\/youtube.com\\\/@patagoniaambiental2023?si=BLt58t0wuXquxlYZ\"]}]}<\/script>\n<!-- \/ Yoast SEO Premium plugin. -->","yoast_head_json":{"title":"Vestas cerr\u00f3 contrato para instalar sus equipos en el parque e\u00f3lico \u201cLa Banderita\u201d","robots":{"index":"index","follow":"follow","max-snippet":"max-snippet:-1","max-image-preview":"max-image-preview:large","max-video-preview":"max-video-preview:-1"},"canonical":"https:\/\/patagoniambiental.com.ar\/info\/vestas-cerro-contrato-para-instalar-sus-equipos-en-el-parque-eolico-la-banderita\/","og_locale":"es_ES","og_type":"article","og_title":"Vestas cerr\u00f3 contrato para instalar sus equipos en el parque e\u00f3lico \u201cLa Banderita\u201d","og_description":"General Acha.-Vestas se ha atribuido un contrato de 40 MW que fue adjudicado como parte de la subasta argentina RenovAr [&hellip;]","og_url":"https:\/\/patagoniambiental.com.ar\/info\/vestas-cerro-contrato-para-instalar-sus-equipos-en-el-parque-eolico-la-banderita\/","og_site_name":"Patagonia Ambiental","article_publisher":"https:\/\/www.facebook.com\/patagonia.ambiental","article_author":"https:\/\/www.facebook.com\/share\/1C1V8Gv9BX\/?mibextid=qi2Omg","article_published_time":"2017-10-07T22:00:59+00:00","og_image":[{"width":624,"height":352,"url":"https:\/\/patagoniambiental.com.ar\/info\/wp-content\/uploads\/2017\/08\/energias-renovables-google.gif","type":"image\/gif"}],"author":"Patagonia Ambiental","twitter_card":"summary_large_image","twitter_creator":"@PatAmb","twitter_site":"@PatAmb","schema":{"@context":"https:\/\/schema.org","@graph":[{"@type":"Article","@id":"https:\/\/patagoniambiental.com.ar\/info\/vestas-cerro-contrato-para-instalar-sus-equipos-en-el-parque-eolico-la-banderita\/#article","isPartOf":{"@id":"https:\/\/patagoniambiental.com.ar\/info\/vestas-cerro-contrato-para-instalar-sus-equipos-en-el-parque-eolico-la-banderita\/"},"author":{"name":"Patagonia Ambiental","@id":"https:\/\/patagoniambiental.com.ar\/info\/#\/schema\/person\/db12bff64bbcbf6a253710bf0ea37b5d"},"headline":"Vestas cerr\u00f3 contrato para instalar sus equipos en el parque e\u00f3lico \u201cLa Banderita\u201d","datePublished":"2017-10-07T22:00:59+00:00","mainEntityOfPage":{"@id":"https:\/\/patagoniambiental.com.ar\/info\/vestas-cerro-contrato-para-instalar-sus-equipos-en-el-parque-eolico-la-banderita\/"},"wordCount":436,"commentCount":0,"publisher":{"@id":"https:\/\/patagoniambiental.com.ar\/info\/#organization"},"image":{"@id":"https:\/\/patagoniambiental.com.ar\/info\/vestas-cerro-contrato-para-instalar-sus-equipos-en-el-parque-eolico-la-banderita\/#primaryimage"},"thumbnailUrl":"https:\/\/patagoniambiental.com.ar\/info\/wp-content\/uploads\/2017\/08\/energias-renovables-google.gif","articleSection":["La Pampa","Noticias","Provinciales"],"inLanguage":"es","potentialAction":[{"@type":"CommentAction","name":"Comment","target":["https:\/\/patagoniambiental.com.ar\/info\/vestas-cerro-contrato-para-instalar-sus-equipos-en-el-parque-eolico-la-banderita\/#respond"]}]},{"@type":"WebPage","@id":"https:\/\/patagoniambiental.com.ar\/info\/vestas-cerro-contrato-para-instalar-sus-equipos-en-el-parque-eolico-la-banderita\/","url":"https:\/\/patagoniambiental.com.ar\/info\/vestas-cerro-contrato-para-instalar-sus-equipos-en-el-parque-eolico-la-banderita\/","name":"Vestas cerr\u00f3 contrato para instalar sus equipos en el parque e\u00f3lico \u201cLa Banderita\u201d","isPartOf":{"@id":"https:\/\/patagoniambiental.com.ar\/info\/#website"},"primaryImageOfPage":{"@id":"https:\/\/patagoniambiental.com.ar\/info\/vestas-cerro-contrato-para-instalar-sus-equipos-en-el-parque-eolico-la-banderita\/#primaryimage"},"image":{"@id":"https:\/\/patagoniambiental.com.ar\/info\/vestas-cerro-contrato-para-instalar-sus-equipos-en-el-parque-eolico-la-banderita\/#primaryimage"},"thumbnailUrl":"https:\/\/patagoniambiental.com.ar\/info\/wp-content\/uploads\/2017\/08\/energias-renovables-google.gif","datePublished":"2017-10-07T22:00:59+00:00","breadcrumb":{"@id":"https:\/\/patagoniambiental.com.ar\/info\/vestas-cerro-contrato-para-instalar-sus-equipos-en-el-parque-eolico-la-banderita\/#breadcrumb"},"inLanguage":"es","potentialAction":[{"@type":"ReadAction","target":["https:\/\/patagoniambiental.com.ar\/info\/vestas-cerro-contrato-para-instalar-sus-equipos-en-el-parque-eolico-la-banderita\/"]}]},{"@type":"ImageObject","inLanguage":"es","@id":"https:\/\/patagoniambiental.com.ar\/info\/vestas-cerro-contrato-para-instalar-sus-equipos-en-el-parque-eolico-la-banderita\/#primaryimage","url":"https:\/\/patagoniambiental.com.ar\/info\/wp-content\/uploads\/2017\/08\/energias-renovables-google.gif","contentUrl":"https:\/\/patagoniambiental.com.ar\/info\/wp-content\/uploads\/2017\/08\/energias-renovables-google.gif","width":624,"height":352},{"@type":"BreadcrumbList","@id":"https:\/\/patagoniambiental.com.ar\/info\/vestas-cerro-contrato-para-instalar-sus-equipos-en-el-parque-eolico-la-banderita\/#breadcrumb","itemListElement":[{"@type":"ListItem","position":1,"name":"Inicio","item":"https:\/\/patagoniambiental.com.ar\/info\/"},{"@type":"ListItem","position":2,"name":"Vestas cerr\u00f3 contrato para instalar sus equipos en el parque e\u00f3lico \u201cLa Banderita\u201d"}]},{"@type":"WebSite","@id":"https:\/\/patagoniambiental.com.ar\/info\/#website","url":"https:\/\/patagoniambiental.com.ar\/info\/","name":"Patagonia Ambiental","description":"Monitoreo y an\u00e1lisis de la situaci\u00f3n geopol\u00edtica en el mundo y su implicancia en la Patagonia","publisher":{"@id":"https:\/\/patagoniambiental.com.ar\/info\/#organization"},"potentialAction":[{"@type":"SearchAction","target":{"@type":"EntryPoint","urlTemplate":"https:\/\/patagoniambiental.com.ar\/info\/?s={search_term_string}"},"query-input":{"@type":"PropertyValueSpecification","valueRequired":true,"valueName":"search_term_string"}}],"inLanguage":"es"},{"@type":"Organization","@id":"https:\/\/patagoniambiental.com.ar\/info\/#organization","name":"Patagonia Ambiental","url":"https:\/\/patagoniambiental.com.ar\/info\/","logo":{"@type":"ImageObject","inLanguage":"es","@id":"https:\/\/patagoniambiental.com.ar\/info\/#\/schema\/logo\/image\/","url":"https:\/\/patagoniambiental.com.ar\/info\/wp-content\/uploads\/2025\/05\/LOGO-PATAGONIA-AMBIENTAL.png","contentUrl":"https:\/\/patagoniambiental.com.ar\/info\/wp-content\/uploads\/2025\/05\/LOGO-PATAGONIA-AMBIENTAL.png","width":433,"height":250,"caption":"Patagonia Ambiental"},"image":{"@id":"https:\/\/patagoniambiental.com.ar\/info\/#\/schema\/logo\/image\/"},"sameAs":["https:\/\/www.facebook.com\/patagonia.ambiental","https:\/\/x.com\/PatAmb"]},{"@type":"Person","@id":"https:\/\/patagoniambiental.com.ar\/info\/#\/schema\/person\/db12bff64bbcbf6a253710bf0ea37b5d","name":"Patagonia Ambiental","description":"Andr\u00e9s Nievas T\u00e9cnico en manejo ambiental, consultor Ambiental y escritor para medios locales e internacionales sobre temas de geopolitica y medio ambiente.","sameAs":["http:\/\/www.patagoniambiental.com.ar","https:\/\/www.facebook.com\/share\/1C1V8Gv9BX\/?mibextid=qi2Omg","@patagoniambiental","https:\/\/youtube.com\/@patagoniaambiental2023?si=BLt58t0wuXquxlYZ"]}]}},"_links":{"self":[{"href":"https:\/\/patagoniambiental.com.ar\/info\/wp-json\/wp\/v2\/posts\/36136","targetHints":{"allow":["GET"]}}],"collection":[{"href":"https:\/\/patagoniambiental.com.ar\/info\/wp-json\/wp\/v2\/posts"}],"about":[{"href":"https:\/\/patagoniambiental.com.ar\/info\/wp-json\/wp\/v2\/types\/post"}],"author":[{"embeddable":true,"href":"https:\/\/patagoniambiental.com.ar\/info\/wp-json\/wp\/v2\/users\/2"}],"replies":[{"embeddable":true,"href":"https:\/\/patagoniambiental.com.ar\/info\/wp-json\/wp\/v2\/comments?post=36136"}],"version-history":[{"count":0,"href":"https:\/\/patagoniambiental.com.ar\/info\/wp-json\/wp\/v2\/posts\/36136\/revisions"}],"wp:featuredmedia":[{"embeddable":true,"href":"https:\/\/patagoniambiental.com.ar\/info\/wp-json\/wp\/v2\/media\/32830"}],"wp:attachment":[{"href":"https:\/\/patagoniambiental.com.ar\/info\/wp-json\/wp\/v2\/media?parent=36136"}],"wp:term":[{"taxonomy":"category","embeddable":true,"href":"https:\/\/patagoniambiental.com.ar\/info\/wp-json\/wp\/v2\/categories?post=36136"},{"taxonomy":"post_tag","embeddable":true,"href":"https:\/\/patagoniambiental.com.ar\/info\/wp-json\/wp\/v2\/tags?post=36136"}],"curies":[{"name":"wp","href":"https:\/\/api.w.org\/{rel}","templated":true}]}}