{"id":36159,"date":"2017-10-09T09:00:02","date_gmt":"2017-10-09T12:00:02","guid":{"rendered":"http:\/\/patagoniambiental.com.ar\/info\/?p=36159"},"modified":"2017-10-08T20:36:15","modified_gmt":"2017-10-08T23:36:15","slug":"rio-negro-el-museo-tello-vuelve-reconvertido-para-el-rescate-de-la-identidad-rionegrina","status":"publish","type":"post","link":"https:\/\/patagoniambiental.com.ar\/info\/rio-negro-el-museo-tello-vuelve-reconvertido-para-el-rescate-de-la-identidad-rionegrina\/","title":{"rendered":"R\u00edo Negro: El Museo Tello vuelve reconvertido para el rescate de la identidad rionegrina"},"content":{"rendered":"<div>R\u00cdO NEGRO.- La Provincia de R\u00edo Negro reabrir\u00e1 el pr\u00f3ximo viernes una de las instituciones m\u00e1s importantes en materia museol\u00f3gica.<\/div>\n<div>\n<p>Permitir\u00e1 que miles de ciudadanos disfruten, investiguen y divulguen la historia a trav\u00e9s del contacto directo con distintos objetos de inter\u00e9s cultural, hist\u00f3rico y tur\u00edstico.<\/p>\n<p>La ministra de Turismo, Cultura y Deportes, Arabela Carreras, destac\u00f3 el trabajo de la Secretar\u00eda de Cultura a cargo de Ariel \u00c1valos y el compromiso del Gobernador Weretilneck con este gran aporte a la vida cultural de la capital de la Provincia con una gran riqueza hist\u00f3rica.<\/p>\n<p>\u201cPara la capital el Museo Tello es un s\u00edmbolo, pr\u00e1cticamente el Documento de Identidad de Viedma, y su reapertura al p\u00fablico cobra una significativa importancia. Por eso tambi\u00e9n quiero destacar el esfuerzo de todos los que trabajan en el museo, ya que este logro no podr\u00eda hacerse sin ese fundamental aporte que ellos hacen\u201d, ponder\u00f3 Carreras.<\/p>\n<p>Un viejo libro que atesora conocimientos de alto valor patrimonial es lo primero que se expondr\u00e1 en la reapertura del Museo Hist\u00f3rico Regional Gobernador Eugenio Tello, instituci\u00f3n que desde su creaci\u00f3n en 1971 salvaguard\u00f3 la historia de Viedma y de la zona con libros antiguos, documentos, f\u00f3siles, piezas milenarias y creaciones precolombinas.<\/p>\n<p>Con una de las colecciones arqueol\u00f3gicas m\u00e1s relevantes de la Provincia y una importante hemeroteca, el museo abrir\u00e1 sus puertas el 13 de octubre en calle San Mart\u00edn 360 de Viedma. Albergar\u00e1 la Biblioteca Hist\u00f3rica y el Registro de Patrimonio Arqueol\u00f3gico y Paleontol\u00f3gico.<\/p>\n<p>Esta nueva etapa del Museo Tello estar\u00e1 marcada por la revalorizaci\u00f3n de la identidad del pueblo desde sus diferentes vertientes, la originaria y las de diferentes colectividades que han hecho de Viedma y la zona un lugar cosmopolita desde pr\u00e1cticamente su fundaci\u00f3n. En esa direcci\u00f3n, el personal del museo elabor\u00f3 una serie de muestras en las que todas las piezas ser\u00e1n exhibidas por turnos, siguiendo un claro sentido tem\u00e1tico.<\/p>\n<p>En la inauguraci\u00f3n se exhibir\u00e1 el libro Hablan los hijos de Mart\u00edn Fierro de Rufino Mar\u00edn. La pieza fue escrita en 1933 y recopila una serie de once entrevistas con internos de la colonia penal de principios de siglo. Posteriormente fue recopilada en un libro en Buenos Aires despu\u00e9s de haberse publicado todas esas entrevistas en el m\u00edtico diario Cr\u00edtica, el de mayor circulaci\u00f3n de la Argentina en ese entonces.<\/p>\n<p>\u201cEste libro es la \u00faltima pieza rescatada en la mudanza realizada del anterior edificio del Museo y nos pareci\u00f3 que, a modo simb\u00f3lico, era importante ponerlo en valor en una muestra simbolizando que despu\u00e9s del tiempo transcurrido en que no hubo apertura al p\u00fablico la historia sigui\u00f3 estando presente para darnos identidad\u201d, destac\u00f3 Gabriela Costanzo, directora de Patrimonio Cultural de la Secretar\u00eda de Cultura de la Provincia.<\/p>\n<p>Costanzo inform\u00f3 que esta nueva etapa del Museo Tello ser\u00e1 diferente a la anterior ya que se trabajar\u00e1 para que sea un museo vivo, donde adem\u00e1s de la exhibici\u00f3n de piezas tambi\u00e9n sea un lugar de estudio, de debate y de movilizaci\u00f3n cultural.<\/p>\n<\/div>\n<p>Fuente: Gobierno de R\u00edo Negro<\/p>\n","protected":false},"excerpt":{"rendered":"<p>R\u00cdO NEGRO.- La Provincia de R\u00edo Negro reabrir\u00e1 el pr\u00f3ximo viernes una de las instituciones m\u00e1s importantes en materia museol\u00f3gica. [&hellip;]<\/p>\n","protected":false},"author":2,"featured_media":36160,"comment_status":"open","ping_status":"open","sticky":false,"template":"","format":"standard","meta":{"site-sidebar-layout":"default","site-content-layout":"","ast-site-content-layout":"default","site-content-style":"default","site-sidebar-style":"default","ast-global-header-display":"","ast-banner-title-visibility":"","ast-main-header-display":"","ast-hfb-above-header-display":"","ast-hfb-below-header-display":"","ast-hfb-mobile-header-display":"","site-post-title":"","ast-breadcrumbs-content":"","ast-featured-img":"","footer-sml-layout":"","ast-disable-related-posts":"","theme-transparent-header-meta":"","adv-header-id-meta":"","stick-header-meta":"","header-above-stick-meta":"","header-main-stick-meta":"","header-below-stick-meta":"","astra-migrate-meta-layouts":"default","ast-page-background-enabled":"default","ast-page-background-meta":{"desktop":{"background-color":"var(--ast-global-color-5)","background-image":"","background-repeat":"repeat","background-position":"center center","background-size":"auto","background-attachment":"scroll","background-type":"","background-media":"","overlay-type":"","overlay-color":"","overlay-opacity":"","overlay-gradient":""},"tablet":{"background-color":"","background-image":"","background-repeat":"repeat","background-position":"center center","background-size":"auto","background-attachment":"scroll","background-type":"","background-media":"","overlay-type":"","overlay-color":"","overlay-opacity":"","overlay-gradient":""},"mobile":{"background-color":"","background-image":"","background-repeat":"repeat","background-position":"center center","background-size":"auto","background-attachment":"scroll","background-type":"","background-media":"","overlay-type":"","overlay-color":"","overlay-opacity":"","overlay-gradient":""}},"ast-content-background-meta":{"desktop":{"background-color":"var(--ast-global-color-4)","background-image":"","background-repeat":"repeat","background-position":"center center","background-size":"auto","background-attachment":"scroll","background-type":"","background-media":"","overlay-type":"","overlay-color":"","overlay-opacity":"","overlay-gradient":""},"tablet":{"background-color":"var(--ast-global-color-4)","background-image":"","background-repeat":"repeat","background-position":"center center","background-size":"auto","background-attachment":"scroll","background-type":"","background-media":"","overlay-type":"","overlay-color":"","overlay-opacity":"","overlay-gradient":""},"mobile":{"background-color":"var(--ast-global-color-4)","background-image":"","background-repeat":"repeat","background-position":"center center","background-size":"auto","background-attachment":"scroll","background-type":"","background-media":"","overlay-type":"","overlay-color":"","overlay-opacity":"","overlay-gradient":""}},"footnotes":""},"categories":[1,14],"tags":[],"class_list":["post-36159","post","type-post","status-publish","format-standard","has-post-thumbnail","hentry","category-noticias","category-rio-negro"],"yoast_head":"<!-- This site is optimized with the Yoast SEO Premium plugin v23.0 (Yoast SEO v27.5) - https:\/\/yoast.com\/product\/yoast-seo-premium-wordpress\/ -->\n<title>R\u00edo Negro: El Museo Tello vuelve reconvertido para el rescate de la identidad rionegrina<\/title>\n<meta name=\"robots\" content=\"index, follow, max-snippet:-1, max-image-preview:large, max-video-preview:-1\" \/>\n<link rel=\"canonical\" href=\"https:\/\/patagoniambiental.com.ar\/info\/rio-negro-el-museo-tello-vuelve-reconvertido-para-el-rescate-de-la-identidad-rionegrina\/\" \/>\n<meta property=\"og:locale\" content=\"es_ES\" \/>\n<meta property=\"og:type\" content=\"article\" \/>\n<meta property=\"og:title\" content=\"R\u00edo Negro: El Museo Tello vuelve reconvertido para el rescate de la identidad rionegrina\" \/>\n<meta property=\"og:description\" content=\"R\u00cdO NEGRO.- La Provincia de R\u00edo Negro reabrir\u00e1 el pr\u00f3ximo viernes una de las instituciones m\u00e1s importantes en materia museol\u00f3gica. [&hellip;]\" \/>\n<meta property=\"og:url\" content=\"https:\/\/patagoniambiental.com.ar\/info\/rio-negro-el-museo-tello-vuelve-reconvertido-para-el-rescate-de-la-identidad-rionegrina\/\" \/>\n<meta property=\"og:site_name\" content=\"Patagonia Ambiental\" \/>\n<meta property=\"article:publisher\" content=\"https:\/\/www.facebook.com\/patagonia.ambiental\" \/>\n<meta property=\"article:author\" content=\"https:\/\/www.facebook.com\/share\/1C1V8Gv9BX\/?mibextid=qi2Omg\" \/>\n<meta property=\"article:published_time\" content=\"2017-10-09T12:00:02+00:00\" \/>\n<meta property=\"og:image\" content=\"https:\/\/patagoniambiental.com.ar\/info\/wp-content\/uploads\/2017\/10\/Museo-Tello.jpg\" \/>\n\t<meta property=\"og:image:width\" content=\"600\" \/>\n\t<meta property=\"og:image:height\" content=\"370\" \/>\n\t<meta property=\"og:image:type\" content=\"image\/jpeg\" \/>\n<meta name=\"author\" content=\"Patagonia Ambiental\" \/>\n<meta name=\"twitter:card\" content=\"summary_large_image\" \/>\n<meta name=\"twitter:creator\" content=\"@PatAmb\" \/>\n<meta name=\"twitter:site\" content=\"@PatAmb\" \/>\n<script type=\"application\/ld+json\" class=\"yoast-schema-graph\">{\"@context\":\"https:\\\/\\\/schema.org\",\"@graph\":[{\"@type\":\"Article\",\"@id\":\"https:\\\/\\\/patagoniambiental.com.ar\\\/info\\\/rio-negro-el-museo-tello-vuelve-reconvertido-para-el-rescate-de-la-identidad-rionegrina\\\/#article\",\"isPartOf\":{\"@id\":\"https:\\\/\\\/patagoniambiental.com.ar\\\/info\\\/rio-negro-el-museo-tello-vuelve-reconvertido-para-el-rescate-de-la-identidad-rionegrina\\\/\"},\"author\":{\"name\":\"Patagonia Ambiental\",\"@id\":\"https:\\\/\\\/patagoniambiental.com.ar\\\/info\\\/#\\\/schema\\\/person\\\/db12bff64bbcbf6a253710bf0ea37b5d\"},\"headline\":\"R\u00edo Negro: El Museo Tello vuelve reconvertido para el rescate de la identidad rionegrina\",\"datePublished\":\"2017-10-09T12:00:02+00:00\",\"mainEntityOfPage\":{\"@id\":\"https:\\\/\\\/patagoniambiental.com.ar\\\/info\\\/rio-negro-el-museo-tello-vuelve-reconvertido-para-el-rescate-de-la-identidad-rionegrina\\\/\"},\"wordCount\":557,\"commentCount\":0,\"publisher\":{\"@id\":\"https:\\\/\\\/patagoniambiental.com.ar\\\/info\\\/#organization\"},\"image\":{\"@id\":\"https:\\\/\\\/patagoniambiental.com.ar\\\/info\\\/rio-negro-el-museo-tello-vuelve-reconvertido-para-el-rescate-de-la-identidad-rionegrina\\\/#primaryimage\"},\"thumbnailUrl\":\"https:\\\/\\\/patagoniambiental.com.ar\\\/info\\\/wp-content\\\/uploads\\\/2017\\\/10\\\/Museo-Tello.jpg\",\"articleSection\":[\"Noticias\",\"R\u00edo Negro\"],\"inLanguage\":\"es\",\"potentialAction\":[{\"@type\":\"CommentAction\",\"name\":\"Comment\",\"target\":[\"https:\\\/\\\/patagoniambiental.com.ar\\\/info\\\/rio-negro-el-museo-tello-vuelve-reconvertido-para-el-rescate-de-la-identidad-rionegrina\\\/#respond\"]}]},{\"@type\":\"WebPage\",\"@id\":\"https:\\\/\\\/patagoniambiental.com.ar\\\/info\\\/rio-negro-el-museo-tello-vuelve-reconvertido-para-el-rescate-de-la-identidad-rionegrina\\\/\",\"url\":\"https:\\\/\\\/patagoniambiental.com.ar\\\/info\\\/rio-negro-el-museo-tello-vuelve-reconvertido-para-el-rescate-de-la-identidad-rionegrina\\\/\",\"name\":\"R\u00edo Negro: El Museo Tello vuelve reconvertido para el rescate de la identidad rionegrina\",\"isPartOf\":{\"@id\":\"https:\\\/\\\/patagoniambiental.com.ar\\\/info\\\/#website\"},\"primaryImageOfPage\":{\"@id\":\"https:\\\/\\\/patagoniambiental.com.ar\\\/info\\\/rio-negro-el-museo-tello-vuelve-reconvertido-para-el-rescate-de-la-identidad-rionegrina\\\/#primaryimage\"},\"image\":{\"@id\":\"https:\\\/\\\/patagoniambiental.com.ar\\\/info\\\/rio-negro-el-museo-tello-vuelve-reconvertido-para-el-rescate-de-la-identidad-rionegrina\\\/#primaryimage\"},\"thumbnailUrl\":\"https:\\\/\\\/patagoniambiental.com.ar\\\/info\\\/wp-content\\\/uploads\\\/2017\\\/10\\\/Museo-Tello.jpg\",\"datePublished\":\"2017-10-09T12:00:02+00:00\",\"breadcrumb\":{\"@id\":\"https:\\\/\\\/patagoniambiental.com.ar\\\/info\\\/rio-negro-el-museo-tello-vuelve-reconvertido-para-el-rescate-de-la-identidad-rionegrina\\\/#breadcrumb\"},\"inLanguage\":\"es\",\"potentialAction\":[{\"@type\":\"ReadAction\",\"target\":[\"https:\\\/\\\/patagoniambiental.com.ar\\\/info\\\/rio-negro-el-museo-tello-vuelve-reconvertido-para-el-rescate-de-la-identidad-rionegrina\\\/\"]}]},{\"@type\":\"ImageObject\",\"inLanguage\":\"es\",\"@id\":\"https:\\\/\\\/patagoniambiental.com.ar\\\/info\\\/rio-negro-el-museo-tello-vuelve-reconvertido-para-el-rescate-de-la-identidad-rionegrina\\\/#primaryimage\",\"url\":\"https:\\\/\\\/patagoniambiental.com.ar\\\/info\\\/wp-content\\\/uploads\\\/2017\\\/10\\\/Museo-Tello.jpg\",\"contentUrl\":\"https:\\\/\\\/patagoniambiental.com.ar\\\/info\\\/wp-content\\\/uploads\\\/2017\\\/10\\\/Museo-Tello.jpg\",\"width\":600,\"height\":370},{\"@type\":\"BreadcrumbList\",\"@id\":\"https:\\\/\\\/patagoniambiental.com.ar\\\/info\\\/rio-negro-el-museo-tello-vuelve-reconvertido-para-el-rescate-de-la-identidad-rionegrina\\\/#breadcrumb\",\"itemListElement\":[{\"@type\":\"ListItem\",\"position\":1,\"name\":\"Inicio\",\"item\":\"https:\\\/\\\/patagoniambiental.com.ar\\\/info\\\/\"},{\"@type\":\"ListItem\",\"position\":2,\"name\":\"R\u00edo Negro: El Museo Tello vuelve reconvertido para el rescate de la identidad rionegrina\"}]},{\"@type\":\"WebSite\",\"@id\":\"https:\\\/\\\/patagoniambiental.com.ar\\\/info\\\/#website\",\"url\":\"https:\\\/\\\/patagoniambiental.com.ar\\\/info\\\/\",\"name\":\"Patagonia Ambiental\",\"description\":\"Monitoreo y an\u00e1lisis de la situaci\u00f3n geopol\u00edtica en el mundo y su implicancia en la Patagonia\",\"publisher\":{\"@id\":\"https:\\\/\\\/patagoniambiental.com.ar\\\/info\\\/#organization\"},\"potentialAction\":[{\"@type\":\"SearchAction\",\"target\":{\"@type\":\"EntryPoint\",\"urlTemplate\":\"https:\\\/\\\/patagoniambiental.com.ar\\\/info\\\/?s={search_term_string}\"},\"query-input\":{\"@type\":\"PropertyValueSpecification\",\"valueRequired\":true,\"valueName\":\"search_term_string\"}}],\"inLanguage\":\"es\"},{\"@type\":\"Organization\",\"@id\":\"https:\\\/\\\/patagoniambiental.com.ar\\\/info\\\/#organization\",\"name\":\"Patagonia Ambiental\",\"url\":\"https:\\\/\\\/patagoniambiental.com.ar\\\/info\\\/\",\"logo\":{\"@type\":\"ImageObject\",\"inLanguage\":\"es\",\"@id\":\"https:\\\/\\\/patagoniambiental.com.ar\\\/info\\\/#\\\/schema\\\/logo\\\/image\\\/\",\"url\":\"https:\\\/\\\/patagoniambiental.com.ar\\\/info\\\/wp-content\\\/uploads\\\/2025\\\/05\\\/LOGO-PATAGONIA-AMBIENTAL.png\",\"contentUrl\":\"https:\\\/\\\/patagoniambiental.com.ar\\\/info\\\/wp-content\\\/uploads\\\/2025\\\/05\\\/LOGO-PATAGONIA-AMBIENTAL.png\",\"width\":433,\"height\":250,\"caption\":\"Patagonia Ambiental\"},\"image\":{\"@id\":\"https:\\\/\\\/patagoniambiental.com.ar\\\/info\\\/#\\\/schema\\\/logo\\\/image\\\/\"},\"sameAs\":[\"https:\\\/\\\/www.facebook.com\\\/patagonia.ambiental\",\"https:\\\/\\\/x.com\\\/PatAmb\"]},{\"@type\":\"Person\",\"@id\":\"https:\\\/\\\/patagoniambiental.com.ar\\\/info\\\/#\\\/schema\\\/person\\\/db12bff64bbcbf6a253710bf0ea37b5d\",\"name\":\"Patagonia Ambiental\",\"description\":\"Andr\u00e9s Nievas T\u00e9cnico en manejo ambiental, consultor Ambiental y escritor para medios locales e internacionales sobre temas de geopolitica y medio ambiente.\",\"sameAs\":[\"http:\\\/\\\/www.patagoniambiental.com.ar\",\"https:\\\/\\\/www.facebook.com\\\/share\\\/1C1V8Gv9BX\\\/?mibextid=qi2Omg\",\"@patagoniambiental\",\"https:\\\/\\\/youtube.com\\\/@patagoniaambiental2023?si=BLt58t0wuXquxlYZ\"]}]}<\/script>\n<!-- \/ Yoast SEO Premium plugin. -->","yoast_head_json":{"title":"R\u00edo Negro: El Museo Tello vuelve reconvertido para el rescate de la identidad rionegrina","robots":{"index":"index","follow":"follow","max-snippet":"max-snippet:-1","max-image-preview":"max-image-preview:large","max-video-preview":"max-video-preview:-1"},"canonical":"https:\/\/patagoniambiental.com.ar\/info\/rio-negro-el-museo-tello-vuelve-reconvertido-para-el-rescate-de-la-identidad-rionegrina\/","og_locale":"es_ES","og_type":"article","og_title":"R\u00edo Negro: El Museo Tello vuelve reconvertido para el rescate de la identidad rionegrina","og_description":"R\u00cdO NEGRO.- La Provincia de R\u00edo Negro reabrir\u00e1 el pr\u00f3ximo viernes una de las instituciones m\u00e1s importantes en materia museol\u00f3gica. [&hellip;]","og_url":"https:\/\/patagoniambiental.com.ar\/info\/rio-negro-el-museo-tello-vuelve-reconvertido-para-el-rescate-de-la-identidad-rionegrina\/","og_site_name":"Patagonia Ambiental","article_publisher":"https:\/\/www.facebook.com\/patagonia.ambiental","article_author":"https:\/\/www.facebook.com\/share\/1C1V8Gv9BX\/?mibextid=qi2Omg","article_published_time":"2017-10-09T12:00:02+00:00","og_image":[{"width":600,"height":370,"url":"https:\/\/patagoniambiental.com.ar\/info\/wp-content\/uploads\/2017\/10\/Museo-Tello.jpg","type":"image\/jpeg"}],"author":"Patagonia Ambiental","twitter_card":"summary_large_image","twitter_creator":"@PatAmb","twitter_site":"@PatAmb","schema":{"@context":"https:\/\/schema.org","@graph":[{"@type":"Article","@id":"https:\/\/patagoniambiental.com.ar\/info\/rio-negro-el-museo-tello-vuelve-reconvertido-para-el-rescate-de-la-identidad-rionegrina\/#article","isPartOf":{"@id":"https:\/\/patagoniambiental.com.ar\/info\/rio-negro-el-museo-tello-vuelve-reconvertido-para-el-rescate-de-la-identidad-rionegrina\/"},"author":{"name":"Patagonia Ambiental","@id":"https:\/\/patagoniambiental.com.ar\/info\/#\/schema\/person\/db12bff64bbcbf6a253710bf0ea37b5d"},"headline":"R\u00edo Negro: El Museo Tello vuelve reconvertido para el rescate de la identidad rionegrina","datePublished":"2017-10-09T12:00:02+00:00","mainEntityOfPage":{"@id":"https:\/\/patagoniambiental.com.ar\/info\/rio-negro-el-museo-tello-vuelve-reconvertido-para-el-rescate-de-la-identidad-rionegrina\/"},"wordCount":557,"commentCount":0,"publisher":{"@id":"https:\/\/patagoniambiental.com.ar\/info\/#organization"},"image":{"@id":"https:\/\/patagoniambiental.com.ar\/info\/rio-negro-el-museo-tello-vuelve-reconvertido-para-el-rescate-de-la-identidad-rionegrina\/#primaryimage"},"thumbnailUrl":"https:\/\/patagoniambiental.com.ar\/info\/wp-content\/uploads\/2017\/10\/Museo-Tello.jpg","articleSection":["Noticias","R\u00edo Negro"],"inLanguage":"es","potentialAction":[{"@type":"CommentAction","name":"Comment","target":["https:\/\/patagoniambiental.com.ar\/info\/rio-negro-el-museo-tello-vuelve-reconvertido-para-el-rescate-de-la-identidad-rionegrina\/#respond"]}]},{"@type":"WebPage","@id":"https:\/\/patagoniambiental.com.ar\/info\/rio-negro-el-museo-tello-vuelve-reconvertido-para-el-rescate-de-la-identidad-rionegrina\/","url":"https:\/\/patagoniambiental.com.ar\/info\/rio-negro-el-museo-tello-vuelve-reconvertido-para-el-rescate-de-la-identidad-rionegrina\/","name":"R\u00edo Negro: El Museo Tello vuelve reconvertido para el rescate de la identidad rionegrina","isPartOf":{"@id":"https:\/\/patagoniambiental.com.ar\/info\/#website"},"primaryImageOfPage":{"@id":"https:\/\/patagoniambiental.com.ar\/info\/rio-negro-el-museo-tello-vuelve-reconvertido-para-el-rescate-de-la-identidad-rionegrina\/#primaryimage"},"image":{"@id":"https:\/\/patagoniambiental.com.ar\/info\/rio-negro-el-museo-tello-vuelve-reconvertido-para-el-rescate-de-la-identidad-rionegrina\/#primaryimage"},"thumbnailUrl":"https:\/\/patagoniambiental.com.ar\/info\/wp-content\/uploads\/2017\/10\/Museo-Tello.jpg","datePublished":"2017-10-09T12:00:02+00:00","breadcrumb":{"@id":"https:\/\/patagoniambiental.com.ar\/info\/rio-negro-el-museo-tello-vuelve-reconvertido-para-el-rescate-de-la-identidad-rionegrina\/#breadcrumb"},"inLanguage":"es","potentialAction":[{"@type":"ReadAction","target":["https:\/\/patagoniambiental.com.ar\/info\/rio-negro-el-museo-tello-vuelve-reconvertido-para-el-rescate-de-la-identidad-rionegrina\/"]}]},{"@type":"ImageObject","inLanguage":"es","@id":"https:\/\/patagoniambiental.com.ar\/info\/rio-negro-el-museo-tello-vuelve-reconvertido-para-el-rescate-de-la-identidad-rionegrina\/#primaryimage","url":"https:\/\/patagoniambiental.com.ar\/info\/wp-content\/uploads\/2017\/10\/Museo-Tello.jpg","contentUrl":"https:\/\/patagoniambiental.com.ar\/info\/wp-content\/uploads\/2017\/10\/Museo-Tello.jpg","width":600,"height":370},{"@type":"BreadcrumbList","@id":"https:\/\/patagoniambiental.com.ar\/info\/rio-negro-el-museo-tello-vuelve-reconvertido-para-el-rescate-de-la-identidad-rionegrina\/#breadcrumb","itemListElement":[{"@type":"ListItem","position":1,"name":"Inicio","item":"https:\/\/patagoniambiental.com.ar\/info\/"},{"@type":"ListItem","position":2,"name":"R\u00edo Negro: El Museo Tello vuelve reconvertido para el rescate de la identidad rionegrina"}]},{"@type":"WebSite","@id":"https:\/\/patagoniambiental.com.ar\/info\/#website","url":"https:\/\/patagoniambiental.com.ar\/info\/","name":"Patagonia Ambiental","description":"Monitoreo y an\u00e1lisis de la situaci\u00f3n geopol\u00edtica en el mundo y su implicancia en la Patagonia","publisher":{"@id":"https:\/\/patagoniambiental.com.ar\/info\/#organization"},"potentialAction":[{"@type":"SearchAction","target":{"@type":"EntryPoint","urlTemplate":"https:\/\/patagoniambiental.com.ar\/info\/?s={search_term_string}"},"query-input":{"@type":"PropertyValueSpecification","valueRequired":true,"valueName":"search_term_string"}}],"inLanguage":"es"},{"@type":"Organization","@id":"https:\/\/patagoniambiental.com.ar\/info\/#organization","name":"Patagonia Ambiental","url":"https:\/\/patagoniambiental.com.ar\/info\/","logo":{"@type":"ImageObject","inLanguage":"es","@id":"https:\/\/patagoniambiental.com.ar\/info\/#\/schema\/logo\/image\/","url":"https:\/\/patagoniambiental.com.ar\/info\/wp-content\/uploads\/2025\/05\/LOGO-PATAGONIA-AMBIENTAL.png","contentUrl":"https:\/\/patagoniambiental.com.ar\/info\/wp-content\/uploads\/2025\/05\/LOGO-PATAGONIA-AMBIENTAL.png","width":433,"height":250,"caption":"Patagonia Ambiental"},"image":{"@id":"https:\/\/patagoniambiental.com.ar\/info\/#\/schema\/logo\/image\/"},"sameAs":["https:\/\/www.facebook.com\/patagonia.ambiental","https:\/\/x.com\/PatAmb"]},{"@type":"Person","@id":"https:\/\/patagoniambiental.com.ar\/info\/#\/schema\/person\/db12bff64bbcbf6a253710bf0ea37b5d","name":"Patagonia Ambiental","description":"Andr\u00e9s Nievas T\u00e9cnico en manejo ambiental, consultor Ambiental y escritor para medios locales e internacionales sobre temas de geopolitica y medio ambiente.","sameAs":["http:\/\/www.patagoniambiental.com.ar","https:\/\/www.facebook.com\/share\/1C1V8Gv9BX\/?mibextid=qi2Omg","@patagoniambiental","https:\/\/youtube.com\/@patagoniaambiental2023?si=BLt58t0wuXquxlYZ"]}]}},"_links":{"self":[{"href":"https:\/\/patagoniambiental.com.ar\/info\/wp-json\/wp\/v2\/posts\/36159","targetHints":{"allow":["GET"]}}],"collection":[{"href":"https:\/\/patagoniambiental.com.ar\/info\/wp-json\/wp\/v2\/posts"}],"about":[{"href":"https:\/\/patagoniambiental.com.ar\/info\/wp-json\/wp\/v2\/types\/post"}],"author":[{"embeddable":true,"href":"https:\/\/patagoniambiental.com.ar\/info\/wp-json\/wp\/v2\/users\/2"}],"replies":[{"embeddable":true,"href":"https:\/\/patagoniambiental.com.ar\/info\/wp-json\/wp\/v2\/comments?post=36159"}],"version-history":[{"count":0,"href":"https:\/\/patagoniambiental.com.ar\/info\/wp-json\/wp\/v2\/posts\/36159\/revisions"}],"wp:featuredmedia":[{"embeddable":true,"href":"https:\/\/patagoniambiental.com.ar\/info\/wp-json\/wp\/v2\/media\/36160"}],"wp:attachment":[{"href":"https:\/\/patagoniambiental.com.ar\/info\/wp-json\/wp\/v2\/media?parent=36159"}],"wp:term":[{"taxonomy":"category","embeddable":true,"href":"https:\/\/patagoniambiental.com.ar\/info\/wp-json\/wp\/v2\/categories?post=36159"},{"taxonomy":"post_tag","embeddable":true,"href":"https:\/\/patagoniambiental.com.ar\/info\/wp-json\/wp\/v2\/tags?post=36159"}],"curies":[{"name":"wp","href":"https:\/\/api.w.org\/{rel}","templated":true}]}}