{"id":36162,"date":"2017-10-09T09:00:30","date_gmt":"2017-10-09T12:00:30","guid":{"rendered":"http:\/\/patagoniambiental.com.ar\/info\/?p=36162"},"modified":"2017-10-08T20:39:54","modified_gmt":"2017-10-08T23:39:54","slug":"arroyo-ventana-la-fuerza-de-un-pueblo-que-renacio-tras-la-inundacion","status":"publish","type":"post","link":"https:\/\/patagoniambiental.com.ar\/info\/arroyo-ventana-la-fuerza-de-un-pueblo-que-renacio-tras-la-inundacion\/","title":{"rendered":"Arroyo Ventana: la fuerza de un pueblo que renaci\u00f3 tras la inundaci\u00f3n"},"content":{"rendered":"<div>ARROYO VENTANA.-\u00a0Resistir y luchar para volver a resurgir. Hoy el pueblo celebra un nuevo renacer. Las emociones invaden a cada habitante de este Arroyo Ventana que est\u00e1 m\u00e1s vivo que nunca. Hoy el sue\u00f1o se hizo realidad.<\/div>\n<div>\n<p>Resistir, a pesar de todo, fue un poco la frase que cada habitante de Arroyo Ventana se puso en la cabeza para salvar su vida y salir adelante luego de aquella madrugada del 8 de abril de 2014 cuando un aluvi\u00f3n arras\u00f3 con el pueblo.<\/p>\n<p>Resistir ante la tempestad, a pesar del hambre, del fr\u00edo y del miedo. A pesar del riesgo de perder la vida. Resistir y luchar para volver a resurgir.<\/p>\n<p>Y esa pelea fue tan grande que hoy Arroyo Ventana celebra un nuevo renacer. Con la ayuda del Gobierno provincial que desde un primer momento se hizo presente en el pueblo y desde varios organismos trabaj\u00f3 para levantar a Arroyo; del esfuerzo casi sobrehumano del Comisionado, Carlos El Hossen para comandar la lucha; de la solidaridad de los pobladores de ciudades vecinas que se pusieron a disposici\u00f3n siempre, y especialmente, de la fuerza de cada habitante del pueblo, el 8 de octubre de 2017 ser\u00e1 recordado por siempre.<\/p>\n<p>El gobernador Alberto Weretilneck, este domingo acompa\u00f1\u00f3 a la comunidad en la reinauguraci\u00f3n del nuevo poblado, que fue relocalizado a unos 400 metros del antiguo lugar.<\/p>\n<p>Junto al Comisionado El Hossen, al vicegobernador, Pedro Pesatti; a diferentes autoridades provinciales y a todos los vecinos, hoy se celebraron las nuevas obras, entre las que se destac\u00f3 la entrega de nuevas viviendas en el marco del programa Habitar R\u00edo Negro y de otras casas construidas por la Comisi\u00f3n de Fomento con la ayuda del Gobierno y de los vecinos de Sierra Grande que colaboraron con 120 mil pesos.<\/p>\n<p>&nbsp;<\/p>\n<p><strong><em>La furia de la naturaleza<\/em><\/strong><\/p>\n<p>&nbsp;<\/p>\n<p>El 8 de abril de 2014 el agua destruy\u00f3 casi la totalidad de las viviendas y los vecinos salvaron su vida trep\u00e1ndose a los techos y \u00e1rboles. Perdieron casi todo. El aluvi\u00f3n se llev\u00f3 la escuela, deterior\u00f3 edificios p\u00fablicos, destruy\u00f3 m\u00e1s de 15 kil\u00f3metros de ca\u00f1er\u00eda del\u00a0 acueducto que lleva agua a Sierra Grande y Playas Doradas, rompi\u00f3 la cancha de f\u00fatbol y dej\u00f3 sin uso al Sal\u00f3n de Usos M\u00faltiples. Dej\u00f3 un saldo desolador.<\/p>\n<p>Esa noche y en medio de una oscuridad total, todo un pueblo fue preso de la fuerza de la naturaleza. Cada persona debi\u00f3 refugiarse donde pudo. Sobre una mesa como cont\u00f3 Eduardo Qui\u00f1alaf, un hombre mayor que seg\u00fan sus propias palabras se salv\u00f3 de milagro; dentro de un auto o sobre un tamarisco; tambi\u00e9n arriba de un \u00e1rbol, mientras el agua barr\u00eda con todo a su paso. Pero si hay algo que los propios habitantes rescatan es que no se perdi\u00f3 a nadie. Se habla de milagro, \u201cf\u00edjate que la iglesia se mantuvo de pie\u201d, sostuvo la directora de la escuela en ese momento, Mar\u00eda del Carmen Carante; \u201cFue una nueva oportunidad de dios\u201d, afirm\u00f3 Eduardo. Milagro o como cada uno lo quiera llamar, la fuerza del pueblo pudo m\u00e1s.<\/p>\n<p>&nbsp;<\/p>\n<p><strong><em>Un nuevo renacer<\/em><\/strong><\/p>\n<p>&nbsp;<\/p>\n<p>Por eso gracias a la fortaleza de la gente, hoy Arroyo Ventana, el primer escal\u00f3n a la Meseta de Somuncura, celebr\u00f3 su renacer. \u201cNo fue tarea nada f\u00e1cil reconstruir el pueblo, parec\u00eda imposible, pero con ganas, esfuerzo y el acompa\u00f1amiento de los vecinos se pudo. Le quiero dar un agradecimiento especial a los vecinos de Sierra Grande, al Comisionado de Arroyo Los Berros, y al gobernador Alberto Weretilneck y a su equipo que se port\u00f3 de maravilla; ese apoyo incondicional nos dio fuerzas para seguir adelante y que Ventana se vea mucho mejor\u201d, afirm\u00f3 el Comisionado.<\/p>\n<p>Por una decisi\u00f3n del Gobierno provincial que invirti\u00f3 m\u00e1s de 18 millones de pesos y gracias al trabajo y acompa\u00f1amiento de su Comisi\u00f3n de Fomento y a los vecinos de Sierra Grande, se determin\u00f3 la relocalizaci\u00f3n del centro urbano de la localidad en un sector m\u00e1s alto. \u201cMe siento m\u00e1s tranquila porque estamos en un lugar m\u00e1s alto y seguro, con casas mejor elaboradas, m\u00e1s c\u00f3modas y tratamos de seguir adelante con el pueblo y seguir mejorando\u201d, enfatiz\u00f3 Silvia Torres, la enfermera de Arroyo.<\/p>\n<p>Entre las obras, se reconstruyeron los 15 kil\u00f3metros del acueducto y el a\u00f1o pasado el Gobierno inaugur\u00f3 la nueva escuela, el nuevo tendido el\u00e9ctrico y de iluminaci\u00f3n y present\u00f3 el Plan Garraf\u00f3n Social. \u201cLo principal era que los chicos tengan clases y cuando lleg\u00f3 la nueva maestra fue una alegr\u00eda inmensa para sacar a nuestros hijos de la tristeza, as\u00ed que cuando se anunci\u00f3 la nueva escuela ellos estaban felices\u201d, resalt\u00f3 Julieta Saavedra, quien hoy es personal del establecimiento.<\/p>\n<p>\u201cYo estaba feliz con la escuela nueva porque sin ella ten\u00edamos que habernos mudado a Sierra (Grande) y me gusta m\u00e1s vivir ac\u00e1\u201d, enfatiz\u00f3 su hijo de 10 a\u00f1os, Ezequiel.<\/p>\n<p>Tambi\u00e9n se relocaliz\u00f3 la nueva cancha de f\u00fatbol y se construy\u00f3 el nuevo Sal\u00f3n de Usos M\u00faltiples, ambas obras inauguradas hoy. \u201cCon la canchita me puse contento de que \u00edbamos a poder jugar de nuevo a la pelota y no hacerlo con las piedras\u201d, afirm\u00f3 Ezequiel.<\/p>\n<p>Adem\u00e1s, se equiparon viviendas con garrafones de gas y el Gobierno Provincial construy\u00f3 nuevas casas, seis de las cuales se entregaron en el marco del programa Habitar RN, una de ellas adaptada para personas con discapacidad. La familia beneficiaria es la de Mar\u00eda Ang\u00e9lica Airbaizar: \u201cLa vivienda nueva significa mucho para nosotros como familia, no s\u00f3lo por mi hija Natalia que tiene una discapacidad, sino porque mi esposo tras un accidente tambi\u00e9n qued\u00f3 discapacitado\u201d, sostuvo Mar\u00eda. \u201cEste sue\u00f1o parec\u00eda inalcanzable pero hoy lo vemos levantarse de nuevo, como el ave f\u00e9nix\u201d, agreg\u00f3 emocionada sobre la reconstrucci\u00f3n del pueblo.<\/p>\n<p>Fabi\u00e1n El Hossen, tambi\u00e9n beneficiario de una casa, marc\u00f3: \u201cTengo una alegr\u00eda inmensa porque una casa es todo y m\u00e1s con una familia. Estoy muy agradecido\u201d.<\/p>\n<p>A Estelino Liempi, un vecino de 74 a\u00f1os, quien fue el \u00faltimo en aparecer tras el aluvi\u00f3n, el Comisionado le construy\u00f3 un nuevo hogar: \u201cLa gente hizo todo por m\u00ed, fueron muy buenas personas y me ayudaron un mont\u00f3n; yo me quer\u00eda quedar en mi casa, pero me dec\u00edan que no pod\u00eda y me convencieron para venir y vivir en una casa muy linda, me emociona todo lo que hicieron\u201d.<\/p>\n<p>Eduardo, a quien le van a levantar una nueva casa, sostuvo emocionado: \u201cTuve un sue\u00f1o, que Dios iba a hacer algo nuevo en este lugar y yo no sab\u00eda si iba a alcanzar a verlo,\u00a0 y se hizo mucho y lo estoy viviendo, es la mejor alegr\u00eda que tengo\u201d.<\/p>\n<p>&nbsp;<\/p>\n<p><strong><em>\u201cEste es el R\u00edo Negro de todos\u201d<\/em><\/strong><\/p>\n<p>&nbsp;<\/p>\n<p>La emoci\u00f3n se apoder\u00f3 de cada persona que form\u00f3 parte de la reinauguraci\u00f3n de Arroyo Ventana. El Gobernador Weretilneck invit\u00f3 a varios vecinos a relatar lo vivido esa noche, como Aldo Perdomo que pas\u00f3 36 horas arriba de un cami\u00f3n junto a su se\u00f1ora; o como la directora Mar\u00eda del Carmen Carante que le agradeci\u00f3 a la vida por estar y como Silvia, la enfermera, quien quebrada por el llanto no tuvo m\u00e1s que palabras de agradecimiento.<\/p>\n<p>El miedo fue quiz\u00e1s lo m\u00e1s duro que les toc\u00f3 atravesar a los vecinos. Por eso el Mandatario afirm\u00f3: \u201cLa noticia m\u00e1s importante es que a pesar de la tragedia hoy est\u00e9n aqu\u00ed; si hay algo que marca el d\u00eda de hoy es que no van a tener m\u00e1s miedo, nunca m\u00e1s. Estamos para que puedan vivir en paz y con tranquilidad. Por eso quiero felicitar a Carlos (El Hossen) que ha sido un verdadero l\u00edder, se puso la tarea al hombro. Se ha ganado un lugar en la historia del cielo\u201d. Adem\u00e1s agreg\u00f3: \u201cTambi\u00e9n quiero agradecer a todos los que ese d\u00eda trabajaron muy fuerte, que se pusieron las tareas al hombro y muchos de los cuales arriesgaron su vida\u201d.<\/p>\n<p>Y adem\u00e1s de las obras que el Gobierno provincial llev\u00f3 adelante, Weretilneck anunci\u00f3 la construcci\u00f3n del Centro C\u00edvico: \u201cQueremos que Arroyo tenga todo lo que tenga que tener y por eso asumimos el compromiso de empezar en los pr\u00f3ximos d\u00edas la construcci\u00f3n del Centro C\u00edvico, el lugar donde va a estar el Destacamento Policial, el Centro de Atenci\u00f3n Primaria de la Salud, y la Comisi\u00f3n de Fomento\u201d.<\/p>\n<p>\u201cEste es el R\u00edo Negro de las ciudades inmensas y de los poblados m\u00e1s peque\u00f1os; de la justicia, de la integraci\u00f3n, donde no hay olvidados, donde nos sentimos iguales, el R\u00edo Negro de todos, el R\u00edo Negro que tanto so\u00f1amos\u201d, finaliz\u00f3 Weretilneck.<\/p>\n<p>Del acto formaron parte los ministros de Gobierno, Luis Di Gi\u00e1como; de Obras y Servicios P\u00fablicos, Carlos Valeri; de Agricultura, Ganader\u00eda y Pesca, Alberto Diomedi;\u00a0 el director de Comisiones de Fomento, Yamel Mohana; dem\u00e1s autoridades provinciales, Prefectura; Gendarmer\u00eda Nacional y Polic\u00eda de R\u00edo Negro.<\/p>\n<p>Fuente: Gobierno de R\u00edo Negro<\/p>\n<\/div>\n","protected":false},"excerpt":{"rendered":"<p>ARROYO VENTANA.-\u00a0Resistir y luchar para volver a resurgir. Hoy el pueblo celebra un nuevo renacer. Las emociones invaden a cada [&hellip;]<\/p>\n","protected":false},"author":2,"featured_media":36163,"comment_status":"open","ping_status":"open","sticky":false,"template":"","format":"standard","meta":{"site-sidebar-layout":"default","site-content-layout":"","ast-site-content-layout":"default","site-content-style":"default","site-sidebar-style":"default","ast-global-header-display":"","ast-banner-title-visibility":"","ast-main-header-display":"","ast-hfb-above-header-display":"","ast-hfb-below-header-display":"","ast-hfb-mobile-header-display":"","site-post-title":"","ast-breadcrumbs-content":"","ast-featured-img":"","footer-sml-layout":"","ast-disable-related-posts":"","theme-transparent-header-meta":"","adv-header-id-meta":"","stick-header-meta":"","header-above-stick-meta":"","header-main-stick-meta":"","header-below-stick-meta":"","astra-migrate-meta-layouts":"default","ast-page-background-enabled":"default","ast-page-background-meta":{"desktop":{"background-color":"var(--ast-global-color-5)","background-image":"","background-repeat":"repeat","background-position":"center center","background-size":"auto","background-attachment":"scroll","background-type":"","background-media":"","overlay-type":"","overlay-color":"","overlay-opacity":"","overlay-gradient":""},"tablet":{"background-color":"","background-image":"","background-repeat":"repeat","background-position":"center center","background-size":"auto","background-attachment":"scroll","background-type":"","background-media":"","overlay-type":"","overlay-color":"","overlay-opacity":"","overlay-gradient":""},"mobile":{"background-color":"","background-image":"","background-repeat":"repeat","background-position":"center center","background-size":"auto","background-attachment":"scroll","background-type":"","background-media":"","overlay-type":"","overlay-color":"","overlay-opacity":"","overlay-gradient":""}},"ast-content-background-meta":{"desktop":{"background-color":"var(--ast-global-color-4)","background-image":"","background-repeat":"repeat","background-position":"center center","background-size":"auto","background-attachment":"scroll","background-type":"","background-media":"","overlay-type":"","overlay-color":"","overlay-opacity":"","overlay-gradient":""},"tablet":{"background-color":"var(--ast-global-color-4)","background-image":"","background-repeat":"repeat","background-position":"center center","background-size":"auto","background-attachment":"scroll","background-type":"","background-media":"","overlay-type":"","overlay-color":"","overlay-opacity":"","overlay-gradient":""},"mobile":{"background-color":"var(--ast-global-color-4)","background-image":"","background-repeat":"repeat","background-position":"center center","background-size":"auto","background-attachment":"scroll","background-type":"","background-media":"","overlay-type":"","overlay-color":"","overlay-opacity":"","overlay-gradient":""}},"footnotes":""},"categories":[1,14],"tags":[],"class_list":["post-36162","post","type-post","status-publish","format-standard","has-post-thumbnail","hentry","category-noticias","category-rio-negro"],"yoast_head":"<!-- This site is optimized with the Yoast SEO Premium plugin v23.0 (Yoast SEO v27.5) - https:\/\/yoast.com\/product\/yoast-seo-premium-wordpress\/ -->\n<title>Arroyo Ventana: la fuerza de un pueblo que renaci\u00f3 tras la inundaci\u00f3n<\/title>\n<meta name=\"robots\" content=\"index, follow, max-snippet:-1, max-image-preview:large, max-video-preview:-1\" \/>\n<link rel=\"canonical\" href=\"https:\/\/patagoniambiental.com.ar\/info\/arroyo-ventana-la-fuerza-de-un-pueblo-que-renacio-tras-la-inundacion\/\" \/>\n<meta property=\"og:locale\" content=\"es_ES\" \/>\n<meta property=\"og:type\" content=\"article\" \/>\n<meta property=\"og:title\" content=\"Arroyo Ventana: la fuerza de un pueblo que renaci\u00f3 tras la inundaci\u00f3n\" \/>\n<meta property=\"og:description\" content=\"ARROYO VENTANA.-\u00a0Resistir y luchar para volver a resurgir. Hoy el pueblo celebra un nuevo renacer. Las emociones invaden a cada [&hellip;]\" \/>\n<meta property=\"og:url\" content=\"https:\/\/patagoniambiental.com.ar\/info\/arroyo-ventana-la-fuerza-de-un-pueblo-que-renacio-tras-la-inundacion\/\" \/>\n<meta property=\"og:site_name\" content=\"Patagonia Ambiental\" \/>\n<meta property=\"article:publisher\" content=\"https:\/\/www.facebook.com\/patagonia.ambiental\" \/>\n<meta property=\"article:author\" content=\"https:\/\/www.facebook.com\/share\/1C1V8Gv9BX\/?mibextid=qi2Omg\" \/>\n<meta property=\"article:published_time\" content=\"2017-10-09T12:00:30+00:00\" \/>\n<meta property=\"og:image\" content=\"https:\/\/patagoniambiental.com.ar\/info\/wp-content\/uploads\/2017\/10\/arroyo-ventana.jpg\" \/>\n\t<meta property=\"og:image:width\" content=\"650\" \/>\n\t<meta property=\"og:image:height\" content=\"365\" \/>\n\t<meta property=\"og:image:type\" content=\"image\/jpeg\" \/>\n<meta name=\"author\" content=\"Patagonia Ambiental\" \/>\n<meta name=\"twitter:card\" content=\"summary_large_image\" \/>\n<meta name=\"twitter:creator\" content=\"@PatAmb\" \/>\n<meta name=\"twitter:site\" content=\"@PatAmb\" \/>\n<script type=\"application\/ld+json\" class=\"yoast-schema-graph\">{\"@context\":\"https:\\\/\\\/schema.org\",\"@graph\":[{\"@type\":\"Article\",\"@id\":\"https:\\\/\\\/patagoniambiental.com.ar\\\/info\\\/arroyo-ventana-la-fuerza-de-un-pueblo-que-renacio-tras-la-inundacion\\\/#article\",\"isPartOf\":{\"@id\":\"https:\\\/\\\/patagoniambiental.com.ar\\\/info\\\/arroyo-ventana-la-fuerza-de-un-pueblo-que-renacio-tras-la-inundacion\\\/\"},\"author\":{\"name\":\"Patagonia Ambiental\",\"@id\":\"https:\\\/\\\/patagoniambiental.com.ar\\\/info\\\/#\\\/schema\\\/person\\\/db12bff64bbcbf6a253710bf0ea37b5d\"},\"headline\":\"Arroyo Ventana: la fuerza de un pueblo que renaci\u00f3 tras la inundaci\u00f3n\",\"datePublished\":\"2017-10-09T12:00:30+00:00\",\"mainEntityOfPage\":{\"@id\":\"https:\\\/\\\/patagoniambiental.com.ar\\\/info\\\/arroyo-ventana-la-fuerza-de-un-pueblo-que-renacio-tras-la-inundacion\\\/\"},\"wordCount\":1572,\"commentCount\":0,\"publisher\":{\"@id\":\"https:\\\/\\\/patagoniambiental.com.ar\\\/info\\\/#organization\"},\"image\":{\"@id\":\"https:\\\/\\\/patagoniambiental.com.ar\\\/info\\\/arroyo-ventana-la-fuerza-de-un-pueblo-que-renacio-tras-la-inundacion\\\/#primaryimage\"},\"thumbnailUrl\":\"https:\\\/\\\/patagoniambiental.com.ar\\\/info\\\/wp-content\\\/uploads\\\/2017\\\/10\\\/arroyo-ventana.jpg\",\"articleSection\":[\"Noticias\",\"R\u00edo Negro\"],\"inLanguage\":\"es\",\"potentialAction\":[{\"@type\":\"CommentAction\",\"name\":\"Comment\",\"target\":[\"https:\\\/\\\/patagoniambiental.com.ar\\\/info\\\/arroyo-ventana-la-fuerza-de-un-pueblo-que-renacio-tras-la-inundacion\\\/#respond\"]}]},{\"@type\":\"WebPage\",\"@id\":\"https:\\\/\\\/patagoniambiental.com.ar\\\/info\\\/arroyo-ventana-la-fuerza-de-un-pueblo-que-renacio-tras-la-inundacion\\\/\",\"url\":\"https:\\\/\\\/patagoniambiental.com.ar\\\/info\\\/arroyo-ventana-la-fuerza-de-un-pueblo-que-renacio-tras-la-inundacion\\\/\",\"name\":\"Arroyo Ventana: la fuerza de un pueblo que renaci\u00f3 tras la inundaci\u00f3n\",\"isPartOf\":{\"@id\":\"https:\\\/\\\/patagoniambiental.com.ar\\\/info\\\/#website\"},\"primaryImageOfPage\":{\"@id\":\"https:\\\/\\\/patagoniambiental.com.ar\\\/info\\\/arroyo-ventana-la-fuerza-de-un-pueblo-que-renacio-tras-la-inundacion\\\/#primaryimage\"},\"image\":{\"@id\":\"https:\\\/\\\/patagoniambiental.com.ar\\\/info\\\/arroyo-ventana-la-fuerza-de-un-pueblo-que-renacio-tras-la-inundacion\\\/#primaryimage\"},\"thumbnailUrl\":\"https:\\\/\\\/patagoniambiental.com.ar\\\/info\\\/wp-content\\\/uploads\\\/2017\\\/10\\\/arroyo-ventana.jpg\",\"datePublished\":\"2017-10-09T12:00:30+00:00\",\"breadcrumb\":{\"@id\":\"https:\\\/\\\/patagoniambiental.com.ar\\\/info\\\/arroyo-ventana-la-fuerza-de-un-pueblo-que-renacio-tras-la-inundacion\\\/#breadcrumb\"},\"inLanguage\":\"es\",\"potentialAction\":[{\"@type\":\"ReadAction\",\"target\":[\"https:\\\/\\\/patagoniambiental.com.ar\\\/info\\\/arroyo-ventana-la-fuerza-de-un-pueblo-que-renacio-tras-la-inundacion\\\/\"]}]},{\"@type\":\"ImageObject\",\"inLanguage\":\"es\",\"@id\":\"https:\\\/\\\/patagoniambiental.com.ar\\\/info\\\/arroyo-ventana-la-fuerza-de-un-pueblo-que-renacio-tras-la-inundacion\\\/#primaryimage\",\"url\":\"https:\\\/\\\/patagoniambiental.com.ar\\\/info\\\/wp-content\\\/uploads\\\/2017\\\/10\\\/arroyo-ventana.jpg\",\"contentUrl\":\"https:\\\/\\\/patagoniambiental.com.ar\\\/info\\\/wp-content\\\/uploads\\\/2017\\\/10\\\/arroyo-ventana.jpg\",\"width\":650,\"height\":365,\"caption\":\"Arroyo Ventana,resurgir de las ruinas despu\u00e9s de la inundaci\u00f3n.foto Mart\u00edn Brunella\"},{\"@type\":\"BreadcrumbList\",\"@id\":\"https:\\\/\\\/patagoniambiental.com.ar\\\/info\\\/arroyo-ventana-la-fuerza-de-un-pueblo-que-renacio-tras-la-inundacion\\\/#breadcrumb\",\"itemListElement\":[{\"@type\":\"ListItem\",\"position\":1,\"name\":\"Inicio\",\"item\":\"https:\\\/\\\/patagoniambiental.com.ar\\\/info\\\/\"},{\"@type\":\"ListItem\",\"position\":2,\"name\":\"Arroyo Ventana: la fuerza de un pueblo que renaci\u00f3 tras la inundaci\u00f3n\"}]},{\"@type\":\"WebSite\",\"@id\":\"https:\\\/\\\/patagoniambiental.com.ar\\\/info\\\/#website\",\"url\":\"https:\\\/\\\/patagoniambiental.com.ar\\\/info\\\/\",\"name\":\"Patagonia Ambiental\",\"description\":\"Monitoreo y an\u00e1lisis de la situaci\u00f3n geopol\u00edtica en el mundo y su implicancia en la Patagonia\",\"publisher\":{\"@id\":\"https:\\\/\\\/patagoniambiental.com.ar\\\/info\\\/#organization\"},\"potentialAction\":[{\"@type\":\"SearchAction\",\"target\":{\"@type\":\"EntryPoint\",\"urlTemplate\":\"https:\\\/\\\/patagoniambiental.com.ar\\\/info\\\/?s={search_term_string}\"},\"query-input\":{\"@type\":\"PropertyValueSpecification\",\"valueRequired\":true,\"valueName\":\"search_term_string\"}}],\"inLanguage\":\"es\"},{\"@type\":\"Organization\",\"@id\":\"https:\\\/\\\/patagoniambiental.com.ar\\\/info\\\/#organization\",\"name\":\"Patagonia Ambiental\",\"url\":\"https:\\\/\\\/patagoniambiental.com.ar\\\/info\\\/\",\"logo\":{\"@type\":\"ImageObject\",\"inLanguage\":\"es\",\"@id\":\"https:\\\/\\\/patagoniambiental.com.ar\\\/info\\\/#\\\/schema\\\/logo\\\/image\\\/\",\"url\":\"https:\\\/\\\/patagoniambiental.com.ar\\\/info\\\/wp-content\\\/uploads\\\/2025\\\/05\\\/LOGO-PATAGONIA-AMBIENTAL.png\",\"contentUrl\":\"https:\\\/\\\/patagoniambiental.com.ar\\\/info\\\/wp-content\\\/uploads\\\/2025\\\/05\\\/LOGO-PATAGONIA-AMBIENTAL.png\",\"width\":433,\"height\":250,\"caption\":\"Patagonia Ambiental\"},\"image\":{\"@id\":\"https:\\\/\\\/patagoniambiental.com.ar\\\/info\\\/#\\\/schema\\\/logo\\\/image\\\/\"},\"sameAs\":[\"https:\\\/\\\/www.facebook.com\\\/patagonia.ambiental\",\"https:\\\/\\\/x.com\\\/PatAmb\"]},{\"@type\":\"Person\",\"@id\":\"https:\\\/\\\/patagoniambiental.com.ar\\\/info\\\/#\\\/schema\\\/person\\\/db12bff64bbcbf6a253710bf0ea37b5d\",\"name\":\"Patagonia Ambiental\",\"description\":\"Andr\u00e9s Nievas T\u00e9cnico en manejo ambiental, consultor Ambiental y escritor para medios locales e internacionales sobre temas de geopolitica y medio ambiente.\",\"sameAs\":[\"http:\\\/\\\/www.patagoniambiental.com.ar\",\"https:\\\/\\\/www.facebook.com\\\/share\\\/1C1V8Gv9BX\\\/?mibextid=qi2Omg\",\"@patagoniambiental\",\"https:\\\/\\\/youtube.com\\\/@patagoniaambiental2023?si=BLt58t0wuXquxlYZ\"]}]}<\/script>\n<!-- \/ Yoast SEO Premium plugin. -->","yoast_head_json":{"title":"Arroyo Ventana: la fuerza de un pueblo que renaci\u00f3 tras la inundaci\u00f3n","robots":{"index":"index","follow":"follow","max-snippet":"max-snippet:-1","max-image-preview":"max-image-preview:large","max-video-preview":"max-video-preview:-1"},"canonical":"https:\/\/patagoniambiental.com.ar\/info\/arroyo-ventana-la-fuerza-de-un-pueblo-que-renacio-tras-la-inundacion\/","og_locale":"es_ES","og_type":"article","og_title":"Arroyo Ventana: la fuerza de un pueblo que renaci\u00f3 tras la inundaci\u00f3n","og_description":"ARROYO VENTANA.-\u00a0Resistir y luchar para volver a resurgir. Hoy el pueblo celebra un nuevo renacer. Las emociones invaden a cada [&hellip;]","og_url":"https:\/\/patagoniambiental.com.ar\/info\/arroyo-ventana-la-fuerza-de-un-pueblo-que-renacio-tras-la-inundacion\/","og_site_name":"Patagonia Ambiental","article_publisher":"https:\/\/www.facebook.com\/patagonia.ambiental","article_author":"https:\/\/www.facebook.com\/share\/1C1V8Gv9BX\/?mibextid=qi2Omg","article_published_time":"2017-10-09T12:00:30+00:00","og_image":[{"width":650,"height":365,"url":"https:\/\/patagoniambiental.com.ar\/info\/wp-content\/uploads\/2017\/10\/arroyo-ventana.jpg","type":"image\/jpeg"}],"author":"Patagonia Ambiental","twitter_card":"summary_large_image","twitter_creator":"@PatAmb","twitter_site":"@PatAmb","schema":{"@context":"https:\/\/schema.org","@graph":[{"@type":"Article","@id":"https:\/\/patagoniambiental.com.ar\/info\/arroyo-ventana-la-fuerza-de-un-pueblo-que-renacio-tras-la-inundacion\/#article","isPartOf":{"@id":"https:\/\/patagoniambiental.com.ar\/info\/arroyo-ventana-la-fuerza-de-un-pueblo-que-renacio-tras-la-inundacion\/"},"author":{"name":"Patagonia Ambiental","@id":"https:\/\/patagoniambiental.com.ar\/info\/#\/schema\/person\/db12bff64bbcbf6a253710bf0ea37b5d"},"headline":"Arroyo Ventana: la fuerza de un pueblo que renaci\u00f3 tras la inundaci\u00f3n","datePublished":"2017-10-09T12:00:30+00:00","mainEntityOfPage":{"@id":"https:\/\/patagoniambiental.com.ar\/info\/arroyo-ventana-la-fuerza-de-un-pueblo-que-renacio-tras-la-inundacion\/"},"wordCount":1572,"commentCount":0,"publisher":{"@id":"https:\/\/patagoniambiental.com.ar\/info\/#organization"},"image":{"@id":"https:\/\/patagoniambiental.com.ar\/info\/arroyo-ventana-la-fuerza-de-un-pueblo-que-renacio-tras-la-inundacion\/#primaryimage"},"thumbnailUrl":"https:\/\/patagoniambiental.com.ar\/info\/wp-content\/uploads\/2017\/10\/arroyo-ventana.jpg","articleSection":["Noticias","R\u00edo Negro"],"inLanguage":"es","potentialAction":[{"@type":"CommentAction","name":"Comment","target":["https:\/\/patagoniambiental.com.ar\/info\/arroyo-ventana-la-fuerza-de-un-pueblo-que-renacio-tras-la-inundacion\/#respond"]}]},{"@type":"WebPage","@id":"https:\/\/patagoniambiental.com.ar\/info\/arroyo-ventana-la-fuerza-de-un-pueblo-que-renacio-tras-la-inundacion\/","url":"https:\/\/patagoniambiental.com.ar\/info\/arroyo-ventana-la-fuerza-de-un-pueblo-que-renacio-tras-la-inundacion\/","name":"Arroyo Ventana: la fuerza de un pueblo que renaci\u00f3 tras la inundaci\u00f3n","isPartOf":{"@id":"https:\/\/patagoniambiental.com.ar\/info\/#website"},"primaryImageOfPage":{"@id":"https:\/\/patagoniambiental.com.ar\/info\/arroyo-ventana-la-fuerza-de-un-pueblo-que-renacio-tras-la-inundacion\/#primaryimage"},"image":{"@id":"https:\/\/patagoniambiental.com.ar\/info\/arroyo-ventana-la-fuerza-de-un-pueblo-que-renacio-tras-la-inundacion\/#primaryimage"},"thumbnailUrl":"https:\/\/patagoniambiental.com.ar\/info\/wp-content\/uploads\/2017\/10\/arroyo-ventana.jpg","datePublished":"2017-10-09T12:00:30+00:00","breadcrumb":{"@id":"https:\/\/patagoniambiental.com.ar\/info\/arroyo-ventana-la-fuerza-de-un-pueblo-que-renacio-tras-la-inundacion\/#breadcrumb"},"inLanguage":"es","potentialAction":[{"@type":"ReadAction","target":["https:\/\/patagoniambiental.com.ar\/info\/arroyo-ventana-la-fuerza-de-un-pueblo-que-renacio-tras-la-inundacion\/"]}]},{"@type":"ImageObject","inLanguage":"es","@id":"https:\/\/patagoniambiental.com.ar\/info\/arroyo-ventana-la-fuerza-de-un-pueblo-que-renacio-tras-la-inundacion\/#primaryimage","url":"https:\/\/patagoniambiental.com.ar\/info\/wp-content\/uploads\/2017\/10\/arroyo-ventana.jpg","contentUrl":"https:\/\/patagoniambiental.com.ar\/info\/wp-content\/uploads\/2017\/10\/arroyo-ventana.jpg","width":650,"height":365,"caption":"Arroyo Ventana,resurgir de las ruinas despu\u00e9s de la inundaci\u00f3n.foto Mart\u00edn Brunella"},{"@type":"BreadcrumbList","@id":"https:\/\/patagoniambiental.com.ar\/info\/arroyo-ventana-la-fuerza-de-un-pueblo-que-renacio-tras-la-inundacion\/#breadcrumb","itemListElement":[{"@type":"ListItem","position":1,"name":"Inicio","item":"https:\/\/patagoniambiental.com.ar\/info\/"},{"@type":"ListItem","position":2,"name":"Arroyo Ventana: la fuerza de un pueblo que renaci\u00f3 tras la inundaci\u00f3n"}]},{"@type":"WebSite","@id":"https:\/\/patagoniambiental.com.ar\/info\/#website","url":"https:\/\/patagoniambiental.com.ar\/info\/","name":"Patagonia Ambiental","description":"Monitoreo y an\u00e1lisis de la situaci\u00f3n geopol\u00edtica en el mundo y su implicancia en la Patagonia","publisher":{"@id":"https:\/\/patagoniambiental.com.ar\/info\/#organization"},"potentialAction":[{"@type":"SearchAction","target":{"@type":"EntryPoint","urlTemplate":"https:\/\/patagoniambiental.com.ar\/info\/?s={search_term_string}"},"query-input":{"@type":"PropertyValueSpecification","valueRequired":true,"valueName":"search_term_string"}}],"inLanguage":"es"},{"@type":"Organization","@id":"https:\/\/patagoniambiental.com.ar\/info\/#organization","name":"Patagonia Ambiental","url":"https:\/\/patagoniambiental.com.ar\/info\/","logo":{"@type":"ImageObject","inLanguage":"es","@id":"https:\/\/patagoniambiental.com.ar\/info\/#\/schema\/logo\/image\/","url":"https:\/\/patagoniambiental.com.ar\/info\/wp-content\/uploads\/2025\/05\/LOGO-PATAGONIA-AMBIENTAL.png","contentUrl":"https:\/\/patagoniambiental.com.ar\/info\/wp-content\/uploads\/2025\/05\/LOGO-PATAGONIA-AMBIENTAL.png","width":433,"height":250,"caption":"Patagonia Ambiental"},"image":{"@id":"https:\/\/patagoniambiental.com.ar\/info\/#\/schema\/logo\/image\/"},"sameAs":["https:\/\/www.facebook.com\/patagonia.ambiental","https:\/\/x.com\/PatAmb"]},{"@type":"Person","@id":"https:\/\/patagoniambiental.com.ar\/info\/#\/schema\/person\/db12bff64bbcbf6a253710bf0ea37b5d","name":"Patagonia Ambiental","description":"Andr\u00e9s Nievas T\u00e9cnico en manejo ambiental, consultor Ambiental y escritor para medios locales e internacionales sobre temas de geopolitica y medio ambiente.","sameAs":["http:\/\/www.patagoniambiental.com.ar","https:\/\/www.facebook.com\/share\/1C1V8Gv9BX\/?mibextid=qi2Omg","@patagoniambiental","https:\/\/youtube.com\/@patagoniaambiental2023?si=BLt58t0wuXquxlYZ"]}]}},"_links":{"self":[{"href":"https:\/\/patagoniambiental.com.ar\/info\/wp-json\/wp\/v2\/posts\/36162","targetHints":{"allow":["GET"]}}],"collection":[{"href":"https:\/\/patagoniambiental.com.ar\/info\/wp-json\/wp\/v2\/posts"}],"about":[{"href":"https:\/\/patagoniambiental.com.ar\/info\/wp-json\/wp\/v2\/types\/post"}],"author":[{"embeddable":true,"href":"https:\/\/patagoniambiental.com.ar\/info\/wp-json\/wp\/v2\/users\/2"}],"replies":[{"embeddable":true,"href":"https:\/\/patagoniambiental.com.ar\/info\/wp-json\/wp\/v2\/comments?post=36162"}],"version-history":[{"count":0,"href":"https:\/\/patagoniambiental.com.ar\/info\/wp-json\/wp\/v2\/posts\/36162\/revisions"}],"wp:featuredmedia":[{"embeddable":true,"href":"https:\/\/patagoniambiental.com.ar\/info\/wp-json\/wp\/v2\/media\/36163"}],"wp:attachment":[{"href":"https:\/\/patagoniambiental.com.ar\/info\/wp-json\/wp\/v2\/media?parent=36162"}],"wp:term":[{"taxonomy":"category","embeddable":true,"href":"https:\/\/patagoniambiental.com.ar\/info\/wp-json\/wp\/v2\/categories?post=36162"},{"taxonomy":"post_tag","embeddable":true,"href":"https:\/\/patagoniambiental.com.ar\/info\/wp-json\/wp\/v2\/tags?post=36162"}],"curies":[{"name":"wp","href":"https:\/\/api.w.org\/{rel}","templated":true}]}}