{"id":36213,"date":"2017-10-10T19:00:52","date_gmt":"2017-10-10T22:00:52","guid":{"rendered":"http:\/\/patagoniambiental.com.ar\/info\/?p=36213"},"modified":"2017-10-09T10:39:15","modified_gmt":"2017-10-09T13:39:15","slug":"cronograma-de-esterilizaciones-de-canes-y-felinos-en-bariloche","status":"publish","type":"post","link":"https:\/\/patagoniambiental.com.ar\/info\/cronograma-de-esterilizaciones-de-canes-y-felinos-en-bariloche\/","title":{"rendered":"Cronograma de esterilizaciones de canes y felinos\u00a0en Bariloche"},"content":{"rendered":"<div dir=\"ltr\"><i>San Carlos de Bariloche.-El Departamento de Veterinaria y Zoonosis de la Municipalidad informa que se estar\u00e1 realizando la campa\u00f1a de esterilizaci\u00f3n canina y felina gratuita en el barrio Nuestras Malvinas en Tierra del Fuego y Jos\u00e9 Obrero (Gotitas de Esfuerzo).<\/i><\/div>\n<p><!--more--><\/p>\n<div dir=\"ltr\"><\/div>\n<div dir=\"ltr\"><\/div>\n<div dir=\"ltr\">Canes: Mi\u00e9rcoles 11 y jueves 12 machos y hembras, de m\u00e1s de 6 meses de edad. A partir de las 8 de la ma\u00f1ana, sin turno, por orden de llegada y hasta completar el cupo de 20 canes por ma\u00f1ana. Se recuerda llevarlos con 10 hs de ayuno total (ni alimento ni agua), con collar, correa, bozal o soguita, manta y bolsa por si hace sus necesidades.<\/div>\n<div dir=\"ltr\"><\/div>\n<div dir=\"ltr\">Felinos: Viernes 13, machos y hembras, de m\u00e1s de 6 meses de edad y 2 kg de peso. A partir de las 8 de la ma\u00f1ana, sin turno, por orden de llegada y hasta completar el cupo de 30 felinos por ma\u00f1ana. Tambi\u00e9n se recuerda llevarlos con 10 hs de ayuno total (ni alimento ni agua), contenidos en un canil, caja o bolso y una manta.<\/div>\n<div dir=\"ltr\"><\/div>\n<div dir=\"ltr\">Por otra parte Protenencia Bariloche comunica que su Quir\u00f3fano M\u00f3vil estar\u00e1 realizando esterilizaciones gratuitas en Colonia Suiza, Goye 4078. Ma\u00f1ana 10 de octubre para caninos, sin turno por orden de llegada a partir de las 9 de la ma\u00f1ana.<\/div>\n<div dir=\"ltr\"><\/div>\n<div dir=\"ltr\">Luego del 12 al 27 de octubre se trasladar\u00e1 al barrio 150 Viviendas Calfu Curea, en el SUM de la Calle 3 y \u00d1ire, con turno previo llamando al tel. 154-412027 de lunes a viernes de 9 a 15 hs.<\/div>\n<div dir=\"ltr\"><\/div>\n<div dir=\"ltr\">Fuente: Municipalidad de San Carlos de Bariloche<\/div>\n","protected":false},"excerpt":{"rendered":"<p>San Carlos de Bariloche.-El Departamento de Veterinaria y Zoonosis de la Municipalidad informa que se estar\u00e1 realizando la campa\u00f1a de [&hellip;]<\/p>\n","protected":false},"author":2,"featured_media":36214,"comment_status":"open","ping_status":"open","sticky":false,"template":"","format":"standard","meta":{"site-sidebar-layout":"default","site-content-layout":"","ast-site-content-layout":"default","site-content-style":"default","site-sidebar-style":"default","ast-global-header-display":"","ast-banner-title-visibility":"","ast-main-header-display":"","ast-hfb-above-header-display":"","ast-hfb-below-header-display":"","ast-hfb-mobile-header-display":"","site-post-title":"","ast-breadcrumbs-content":"","ast-featured-img":"","footer-sml-layout":"","ast-disable-related-posts":"","theme-transparent-header-meta":"","adv-header-id-meta":"","stick-header-meta":"","header-above-stick-meta":"","header-main-stick-meta":"","header-below-stick-meta":"","astra-migrate-meta-layouts":"default","ast-page-background-enabled":"default","ast-page-background-meta":{"desktop":{"background-color":"var(--ast-global-color-5)","background-image":"","background-repeat":"repeat","background-position":"center center","background-size":"auto","background-attachment":"scroll","background-type":"","background-media":"","overlay-type":"","overlay-color":"","overlay-opacity":"","overlay-gradient":""},"tablet":{"background-color":"","background-image":"","background-repeat":"repeat","background-position":"center center","background-size":"auto","background-attachment":"scroll","background-type":"","background-media":"","overlay-type":"","overlay-color":"","overlay-opacity":"","overlay-gradient":""},"mobile":{"background-color":"","background-image":"","background-repeat":"repeat","background-position":"center center","background-size":"auto","background-attachment":"scroll","background-type":"","background-media":"","overlay-type":"","overlay-color":"","overlay-opacity":"","overlay-gradient":""}},"ast-content-background-meta":{"desktop":{"background-color":"var(--ast-global-color-4)","background-image":"","background-repeat":"repeat","background-position":"center center","background-size":"auto","background-attachment":"scroll","background-type":"","background-media":"","overlay-type":"","overlay-color":"","overlay-opacity":"","overlay-gradient":""},"tablet":{"background-color":"var(--ast-global-color-4)","background-image":"","background-repeat":"repeat","background-position":"center center","background-size":"auto","background-attachment":"scroll","background-type":"","background-media":"","overlay-type":"","overlay-color":"","overlay-opacity":"","overlay-gradient":""},"mobile":{"background-color":"var(--ast-global-color-4)","background-image":"","background-repeat":"repeat","background-position":"center center","background-size":"auto","background-attachment":"scroll","background-type":"","background-media":"","overlay-type":"","overlay-color":"","overlay-opacity":"","overlay-gradient":""}},"footnotes":""},"categories":[16,1],"tags":[],"class_list":["post-36213","post","type-post","status-publish","format-standard","has-post-thumbnail","hentry","category-municipales","category-noticias"],"yoast_head":"<!-- This site is optimized with the Yoast SEO Premium plugin v23.0 (Yoast SEO v27.4) - https:\/\/yoast.com\/product\/yoast-seo-premium-wordpress\/ -->\n<title>Cronograma de esterilizaciones de canes y felinos\u00a0en Bariloche<\/title>\n<meta name=\"robots\" content=\"index, follow, max-snippet:-1, max-image-preview:large, max-video-preview:-1\" \/>\n<link rel=\"canonical\" href=\"https:\/\/patagoniambiental.com.ar\/info\/cronograma-de-esterilizaciones-de-canes-y-felinos-en-bariloche\/\" \/>\n<meta property=\"og:locale\" content=\"es_ES\" \/>\n<meta property=\"og:type\" content=\"article\" \/>\n<meta property=\"og:title\" content=\"Cronograma de esterilizaciones de canes y felinos\u00a0en Bariloche\" \/>\n<meta property=\"og:description\" content=\"San Carlos de Bariloche.-El Departamento de Veterinaria y Zoonosis de la Municipalidad informa que se estar\u00e1 realizando la campa\u00f1a de [&hellip;]\" \/>\n<meta property=\"og:url\" content=\"https:\/\/patagoniambiental.com.ar\/info\/cronograma-de-esterilizaciones-de-canes-y-felinos-en-bariloche\/\" \/>\n<meta property=\"og:site_name\" content=\"Patagonia Ambiental\" \/>\n<meta property=\"article:publisher\" content=\"https:\/\/www.facebook.com\/patagonia.ambiental\" \/>\n<meta property=\"article:author\" content=\"https:\/\/www.facebook.com\/share\/1C1V8Gv9BX\/?mibextid=qi2Omg\" \/>\n<meta property=\"article:published_time\" content=\"2017-10-10T22:00:52+00:00\" \/>\n<meta property=\"og:image\" content=\"https:\/\/patagoniambiental.com.ar\/info\/wp-content\/uploads\/2017\/10\/thumbnail_castracion-barrial-Malvinas.jpg\" \/>\n\t<meta property=\"og:image:width\" content=\"1280\" \/>\n\t<meta property=\"og:image:height\" content=\"791\" \/>\n\t<meta property=\"og:image:type\" content=\"image\/jpeg\" \/>\n<meta name=\"author\" content=\"Patagonia Ambiental\" \/>\n<meta name=\"twitter:card\" content=\"summary_large_image\" \/>\n<meta name=\"twitter:creator\" content=\"@PatAmb\" \/>\n<meta name=\"twitter:site\" content=\"@PatAmb\" \/>\n<script type=\"application\/ld+json\" class=\"yoast-schema-graph\">{\"@context\":\"https:\\\/\\\/schema.org\",\"@graph\":[{\"@type\":\"Article\",\"@id\":\"https:\\\/\\\/patagoniambiental.com.ar\\\/info\\\/cronograma-de-esterilizaciones-de-canes-y-felinos-en-bariloche\\\/#article\",\"isPartOf\":{\"@id\":\"https:\\\/\\\/patagoniambiental.com.ar\\\/info\\\/cronograma-de-esterilizaciones-de-canes-y-felinos-en-bariloche\\\/\"},\"author\":{\"name\":\"Patagonia Ambiental\",\"@id\":\"https:\\\/\\\/patagoniambiental.com.ar\\\/info\\\/#\\\/schema\\\/person\\\/db12bff64bbcbf6a253710bf0ea37b5d\"},\"headline\":\"Cronograma de esterilizaciones de canes y felinos\u00a0en Bariloche\",\"datePublished\":\"2017-10-10T22:00:52+00:00\",\"mainEntityOfPage\":{\"@id\":\"https:\\\/\\\/patagoniambiental.com.ar\\\/info\\\/cronograma-de-esterilizaciones-de-canes-y-felinos-en-bariloche\\\/\"},\"wordCount\":262,\"commentCount\":0,\"publisher\":{\"@id\":\"https:\\\/\\\/patagoniambiental.com.ar\\\/info\\\/#organization\"},\"image\":{\"@id\":\"https:\\\/\\\/patagoniambiental.com.ar\\\/info\\\/cronograma-de-esterilizaciones-de-canes-y-felinos-en-bariloche\\\/#primaryimage\"},\"thumbnailUrl\":\"https:\\\/\\\/patagoniambiental.com.ar\\\/info\\\/wp-content\\\/uploads\\\/2017\\\/10\\\/thumbnail_castracion-barrial-Malvinas.jpg\",\"articleSection\":[\"Municipales\",\"Noticias\"],\"inLanguage\":\"es\",\"potentialAction\":[{\"@type\":\"CommentAction\",\"name\":\"Comment\",\"target\":[\"https:\\\/\\\/patagoniambiental.com.ar\\\/info\\\/cronograma-de-esterilizaciones-de-canes-y-felinos-en-bariloche\\\/#respond\"]}]},{\"@type\":\"WebPage\",\"@id\":\"https:\\\/\\\/patagoniambiental.com.ar\\\/info\\\/cronograma-de-esterilizaciones-de-canes-y-felinos-en-bariloche\\\/\",\"url\":\"https:\\\/\\\/patagoniambiental.com.ar\\\/info\\\/cronograma-de-esterilizaciones-de-canes-y-felinos-en-bariloche\\\/\",\"name\":\"Cronograma de esterilizaciones de canes y felinos\u00a0en Bariloche\",\"isPartOf\":{\"@id\":\"https:\\\/\\\/patagoniambiental.com.ar\\\/info\\\/#website\"},\"primaryImageOfPage\":{\"@id\":\"https:\\\/\\\/patagoniambiental.com.ar\\\/info\\\/cronograma-de-esterilizaciones-de-canes-y-felinos-en-bariloche\\\/#primaryimage\"},\"image\":{\"@id\":\"https:\\\/\\\/patagoniambiental.com.ar\\\/info\\\/cronograma-de-esterilizaciones-de-canes-y-felinos-en-bariloche\\\/#primaryimage\"},\"thumbnailUrl\":\"https:\\\/\\\/patagoniambiental.com.ar\\\/info\\\/wp-content\\\/uploads\\\/2017\\\/10\\\/thumbnail_castracion-barrial-Malvinas.jpg\",\"datePublished\":\"2017-10-10T22:00:52+00:00\",\"breadcrumb\":{\"@id\":\"https:\\\/\\\/patagoniambiental.com.ar\\\/info\\\/cronograma-de-esterilizaciones-de-canes-y-felinos-en-bariloche\\\/#breadcrumb\"},\"inLanguage\":\"es\",\"potentialAction\":[{\"@type\":\"ReadAction\",\"target\":[\"https:\\\/\\\/patagoniambiental.com.ar\\\/info\\\/cronograma-de-esterilizaciones-de-canes-y-felinos-en-bariloche\\\/\"]}]},{\"@type\":\"ImageObject\",\"inLanguage\":\"es\",\"@id\":\"https:\\\/\\\/patagoniambiental.com.ar\\\/info\\\/cronograma-de-esterilizaciones-de-canes-y-felinos-en-bariloche\\\/#primaryimage\",\"url\":\"https:\\\/\\\/patagoniambiental.com.ar\\\/info\\\/wp-content\\\/uploads\\\/2017\\\/10\\\/thumbnail_castracion-barrial-Malvinas.jpg\",\"contentUrl\":\"https:\\\/\\\/patagoniambiental.com.ar\\\/info\\\/wp-content\\\/uploads\\\/2017\\\/10\\\/thumbnail_castracion-barrial-Malvinas.jpg\",\"width\":971,\"height\":600},{\"@type\":\"BreadcrumbList\",\"@id\":\"https:\\\/\\\/patagoniambiental.com.ar\\\/info\\\/cronograma-de-esterilizaciones-de-canes-y-felinos-en-bariloche\\\/#breadcrumb\",\"itemListElement\":[{\"@type\":\"ListItem\",\"position\":1,\"name\":\"Inicio\",\"item\":\"https:\\\/\\\/patagoniambiental.com.ar\\\/info\\\/\"},{\"@type\":\"ListItem\",\"position\":2,\"name\":\"Cronograma de esterilizaciones de canes y felinos\u00a0en Bariloche\"}]},{\"@type\":\"WebSite\",\"@id\":\"https:\\\/\\\/patagoniambiental.com.ar\\\/info\\\/#website\",\"url\":\"https:\\\/\\\/patagoniambiental.com.ar\\\/info\\\/\",\"name\":\"Patagonia Ambiental\",\"description\":\"Monitoreo y an\u00e1lisis de la situaci\u00f3n geopol\u00edtica en el mundo y su implicancia en la Patagonia\",\"publisher\":{\"@id\":\"https:\\\/\\\/patagoniambiental.com.ar\\\/info\\\/#organization\"},\"potentialAction\":[{\"@type\":\"SearchAction\",\"target\":{\"@type\":\"EntryPoint\",\"urlTemplate\":\"https:\\\/\\\/patagoniambiental.com.ar\\\/info\\\/?s={search_term_string}\"},\"query-input\":{\"@type\":\"PropertyValueSpecification\",\"valueRequired\":true,\"valueName\":\"search_term_string\"}}],\"inLanguage\":\"es\"},{\"@type\":\"Organization\",\"@id\":\"https:\\\/\\\/patagoniambiental.com.ar\\\/info\\\/#organization\",\"name\":\"Patagonia Ambiental\",\"url\":\"https:\\\/\\\/patagoniambiental.com.ar\\\/info\\\/\",\"logo\":{\"@type\":\"ImageObject\",\"inLanguage\":\"es\",\"@id\":\"https:\\\/\\\/patagoniambiental.com.ar\\\/info\\\/#\\\/schema\\\/logo\\\/image\\\/\",\"url\":\"https:\\\/\\\/patagoniambiental.com.ar\\\/info\\\/wp-content\\\/uploads\\\/2025\\\/05\\\/LOGO-PATAGONIA-AMBIENTAL.png\",\"contentUrl\":\"https:\\\/\\\/patagoniambiental.com.ar\\\/info\\\/wp-content\\\/uploads\\\/2025\\\/05\\\/LOGO-PATAGONIA-AMBIENTAL.png\",\"width\":433,\"height\":250,\"caption\":\"Patagonia Ambiental\"},\"image\":{\"@id\":\"https:\\\/\\\/patagoniambiental.com.ar\\\/info\\\/#\\\/schema\\\/logo\\\/image\\\/\"},\"sameAs\":[\"https:\\\/\\\/www.facebook.com\\\/patagonia.ambiental\",\"https:\\\/\\\/x.com\\\/PatAmb\"]},{\"@type\":\"Person\",\"@id\":\"https:\\\/\\\/patagoniambiental.com.ar\\\/info\\\/#\\\/schema\\\/person\\\/db12bff64bbcbf6a253710bf0ea37b5d\",\"name\":\"Patagonia Ambiental\",\"description\":\"Andr\u00e9s Nievas T\u00e9cnico en manejo ambiental, consultor Ambiental y escritor para medios locales e internacionales sobre temas de geopolitica y medio ambiente.\",\"sameAs\":[\"http:\\\/\\\/www.patagoniambiental.com.ar\",\"https:\\\/\\\/www.facebook.com\\\/share\\\/1C1V8Gv9BX\\\/?mibextid=qi2Omg\",\"@patagoniambiental\",\"https:\\\/\\\/youtube.com\\\/@patagoniaambiental2023?si=BLt58t0wuXquxlYZ\"]}]}<\/script>\n<!-- \/ Yoast SEO Premium plugin. -->","yoast_head_json":{"title":"Cronograma de esterilizaciones de canes y felinos\u00a0en Bariloche","robots":{"index":"index","follow":"follow","max-snippet":"max-snippet:-1","max-image-preview":"max-image-preview:large","max-video-preview":"max-video-preview:-1"},"canonical":"https:\/\/patagoniambiental.com.ar\/info\/cronograma-de-esterilizaciones-de-canes-y-felinos-en-bariloche\/","og_locale":"es_ES","og_type":"article","og_title":"Cronograma de esterilizaciones de canes y felinos\u00a0en Bariloche","og_description":"San Carlos de Bariloche.-El Departamento de Veterinaria y Zoonosis de la Municipalidad informa que se estar\u00e1 realizando la campa\u00f1a de [&hellip;]","og_url":"https:\/\/patagoniambiental.com.ar\/info\/cronograma-de-esterilizaciones-de-canes-y-felinos-en-bariloche\/","og_site_name":"Patagonia Ambiental","article_publisher":"https:\/\/www.facebook.com\/patagonia.ambiental","article_author":"https:\/\/www.facebook.com\/share\/1C1V8Gv9BX\/?mibextid=qi2Omg","article_published_time":"2017-10-10T22:00:52+00:00","og_image":[{"width":1280,"height":791,"url":"https:\/\/patagoniambiental.com.ar\/info\/wp-content\/uploads\/2017\/10\/thumbnail_castracion-barrial-Malvinas.jpg","type":"image\/jpeg"}],"author":"Patagonia Ambiental","twitter_card":"summary_large_image","twitter_creator":"@PatAmb","twitter_site":"@PatAmb","schema":{"@context":"https:\/\/schema.org","@graph":[{"@type":"Article","@id":"https:\/\/patagoniambiental.com.ar\/info\/cronograma-de-esterilizaciones-de-canes-y-felinos-en-bariloche\/#article","isPartOf":{"@id":"https:\/\/patagoniambiental.com.ar\/info\/cronograma-de-esterilizaciones-de-canes-y-felinos-en-bariloche\/"},"author":{"name":"Patagonia Ambiental","@id":"https:\/\/patagoniambiental.com.ar\/info\/#\/schema\/person\/db12bff64bbcbf6a253710bf0ea37b5d"},"headline":"Cronograma de esterilizaciones de canes y felinos\u00a0en Bariloche","datePublished":"2017-10-10T22:00:52+00:00","mainEntityOfPage":{"@id":"https:\/\/patagoniambiental.com.ar\/info\/cronograma-de-esterilizaciones-de-canes-y-felinos-en-bariloche\/"},"wordCount":262,"commentCount":0,"publisher":{"@id":"https:\/\/patagoniambiental.com.ar\/info\/#organization"},"image":{"@id":"https:\/\/patagoniambiental.com.ar\/info\/cronograma-de-esterilizaciones-de-canes-y-felinos-en-bariloche\/#primaryimage"},"thumbnailUrl":"https:\/\/patagoniambiental.com.ar\/info\/wp-content\/uploads\/2017\/10\/thumbnail_castracion-barrial-Malvinas.jpg","articleSection":["Municipales","Noticias"],"inLanguage":"es","potentialAction":[{"@type":"CommentAction","name":"Comment","target":["https:\/\/patagoniambiental.com.ar\/info\/cronograma-de-esterilizaciones-de-canes-y-felinos-en-bariloche\/#respond"]}]},{"@type":"WebPage","@id":"https:\/\/patagoniambiental.com.ar\/info\/cronograma-de-esterilizaciones-de-canes-y-felinos-en-bariloche\/","url":"https:\/\/patagoniambiental.com.ar\/info\/cronograma-de-esterilizaciones-de-canes-y-felinos-en-bariloche\/","name":"Cronograma de esterilizaciones de canes y felinos\u00a0en Bariloche","isPartOf":{"@id":"https:\/\/patagoniambiental.com.ar\/info\/#website"},"primaryImageOfPage":{"@id":"https:\/\/patagoniambiental.com.ar\/info\/cronograma-de-esterilizaciones-de-canes-y-felinos-en-bariloche\/#primaryimage"},"image":{"@id":"https:\/\/patagoniambiental.com.ar\/info\/cronograma-de-esterilizaciones-de-canes-y-felinos-en-bariloche\/#primaryimage"},"thumbnailUrl":"https:\/\/patagoniambiental.com.ar\/info\/wp-content\/uploads\/2017\/10\/thumbnail_castracion-barrial-Malvinas.jpg","datePublished":"2017-10-10T22:00:52+00:00","breadcrumb":{"@id":"https:\/\/patagoniambiental.com.ar\/info\/cronograma-de-esterilizaciones-de-canes-y-felinos-en-bariloche\/#breadcrumb"},"inLanguage":"es","potentialAction":[{"@type":"ReadAction","target":["https:\/\/patagoniambiental.com.ar\/info\/cronograma-de-esterilizaciones-de-canes-y-felinos-en-bariloche\/"]}]},{"@type":"ImageObject","inLanguage":"es","@id":"https:\/\/patagoniambiental.com.ar\/info\/cronograma-de-esterilizaciones-de-canes-y-felinos-en-bariloche\/#primaryimage","url":"https:\/\/patagoniambiental.com.ar\/info\/wp-content\/uploads\/2017\/10\/thumbnail_castracion-barrial-Malvinas.jpg","contentUrl":"https:\/\/patagoniambiental.com.ar\/info\/wp-content\/uploads\/2017\/10\/thumbnail_castracion-barrial-Malvinas.jpg","width":971,"height":600},{"@type":"BreadcrumbList","@id":"https:\/\/patagoniambiental.com.ar\/info\/cronograma-de-esterilizaciones-de-canes-y-felinos-en-bariloche\/#breadcrumb","itemListElement":[{"@type":"ListItem","position":1,"name":"Inicio","item":"https:\/\/patagoniambiental.com.ar\/info\/"},{"@type":"ListItem","position":2,"name":"Cronograma de esterilizaciones de canes y felinos\u00a0en Bariloche"}]},{"@type":"WebSite","@id":"https:\/\/patagoniambiental.com.ar\/info\/#website","url":"https:\/\/patagoniambiental.com.ar\/info\/","name":"Patagonia Ambiental","description":"Monitoreo y an\u00e1lisis de la situaci\u00f3n geopol\u00edtica en el mundo y su implicancia en la Patagonia","publisher":{"@id":"https:\/\/patagoniambiental.com.ar\/info\/#organization"},"potentialAction":[{"@type":"SearchAction","target":{"@type":"EntryPoint","urlTemplate":"https:\/\/patagoniambiental.com.ar\/info\/?s={search_term_string}"},"query-input":{"@type":"PropertyValueSpecification","valueRequired":true,"valueName":"search_term_string"}}],"inLanguage":"es"},{"@type":"Organization","@id":"https:\/\/patagoniambiental.com.ar\/info\/#organization","name":"Patagonia Ambiental","url":"https:\/\/patagoniambiental.com.ar\/info\/","logo":{"@type":"ImageObject","inLanguage":"es","@id":"https:\/\/patagoniambiental.com.ar\/info\/#\/schema\/logo\/image\/","url":"https:\/\/patagoniambiental.com.ar\/info\/wp-content\/uploads\/2025\/05\/LOGO-PATAGONIA-AMBIENTAL.png","contentUrl":"https:\/\/patagoniambiental.com.ar\/info\/wp-content\/uploads\/2025\/05\/LOGO-PATAGONIA-AMBIENTAL.png","width":433,"height":250,"caption":"Patagonia Ambiental"},"image":{"@id":"https:\/\/patagoniambiental.com.ar\/info\/#\/schema\/logo\/image\/"},"sameAs":["https:\/\/www.facebook.com\/patagonia.ambiental","https:\/\/x.com\/PatAmb"]},{"@type":"Person","@id":"https:\/\/patagoniambiental.com.ar\/info\/#\/schema\/person\/db12bff64bbcbf6a253710bf0ea37b5d","name":"Patagonia Ambiental","description":"Andr\u00e9s Nievas T\u00e9cnico en manejo ambiental, consultor Ambiental y escritor para medios locales e internacionales sobre temas de geopolitica y medio ambiente.","sameAs":["http:\/\/www.patagoniambiental.com.ar","https:\/\/www.facebook.com\/share\/1C1V8Gv9BX\/?mibextid=qi2Omg","@patagoniambiental","https:\/\/youtube.com\/@patagoniaambiental2023?si=BLt58t0wuXquxlYZ"]}]}},"_links":{"self":[{"href":"https:\/\/patagoniambiental.com.ar\/info\/wp-json\/wp\/v2\/posts\/36213","targetHints":{"allow":["GET"]}}],"collection":[{"href":"https:\/\/patagoniambiental.com.ar\/info\/wp-json\/wp\/v2\/posts"}],"about":[{"href":"https:\/\/patagoniambiental.com.ar\/info\/wp-json\/wp\/v2\/types\/post"}],"author":[{"embeddable":true,"href":"https:\/\/patagoniambiental.com.ar\/info\/wp-json\/wp\/v2\/users\/2"}],"replies":[{"embeddable":true,"href":"https:\/\/patagoniambiental.com.ar\/info\/wp-json\/wp\/v2\/comments?post=36213"}],"version-history":[{"count":0,"href":"https:\/\/patagoniambiental.com.ar\/info\/wp-json\/wp\/v2\/posts\/36213\/revisions"}],"wp:featuredmedia":[{"embeddable":true,"href":"https:\/\/patagoniambiental.com.ar\/info\/wp-json\/wp\/v2\/media\/36214"}],"wp:attachment":[{"href":"https:\/\/patagoniambiental.com.ar\/info\/wp-json\/wp\/v2\/media?parent=36213"}],"wp:term":[{"taxonomy":"category","embeddable":true,"href":"https:\/\/patagoniambiental.com.ar\/info\/wp-json\/wp\/v2\/categories?post=36213"},{"taxonomy":"post_tag","embeddable":true,"href":"https:\/\/patagoniambiental.com.ar\/info\/wp-json\/wp\/v2\/tags?post=36213"}],"curies":[{"name":"wp","href":"https:\/\/api.w.org\/{rel}","templated":true}]}}