{"id":36243,"date":"2017-10-09T19:00:03","date_gmt":"2017-10-09T22:00:03","guid":{"rendered":"http:\/\/patagoniambiental.com.ar\/info\/?p=36243"},"modified":"2017-10-09T16:09:44","modified_gmt":"2017-10-09T19:09:44","slug":"en-viedma-y-patagones-consideraciones-del-dpa-sobre-los-estudios-realizados-por-prefectura-naval-argentina-en-el-rio-negro","status":"publish","type":"post","link":"https:\/\/patagoniambiental.com.ar\/info\/en-viedma-y-patagones-consideraciones-del-dpa-sobre-los-estudios-realizados-por-prefectura-naval-argentina-en-el-rio-negro\/","title":{"rendered":"En Viedma y Patagones: Consideraciones del DPA sobre los estudios realizados por Prefectura Naval Argentina en el r\u00edo Negro"},"content":{"rendered":"<p class=\"x_MsoNormal\"><i>Viedma\/Patagones.-Dada la informaci\u00f3n difundida por Prefectura Naval Argentina sobre la calidad del agua del r\u00edo en la zona del Valle Inferior, el Departamento Provincial de Aguas (DPA) realiz\u00f3 un an\u00e1lisis y la interpretaci\u00f3n t\u00e9cnica del mismo.<\/i><\/p>\n<p class=\"x_MsoNormal\"><!--more--><\/p>\n<p class=\"x_MsoNormal\">Los datos fueron extra\u00eddos parcialmente de un informe que integra el expediente de investigaci\u00f3n llevado adelante en el Juzgado Federal de Viedma, que oportunamente solicit\u00f3 la realizaci\u00f3n de un relevamiento puntual en una \u00fanica fecha, a la PNA a trav\u00e9s de su Departamento Cient\u00edfico Pericial.<\/p>\n<p class=\"x_MsoNormal\">El trabajo realizado, consisti\u00f3 en la toma de muestras desde una embarcaci\u00f3n, el d\u00eda 6 de febrero pasado en ocho sitios distribuidos\u00a0\u00a0entre ambas m\u00e1rgenes en el tramo del r\u00edo comprendido desde la planta potabilizadora de Viedma en el barrio San Mart\u00edn de Viedma, hasta el puente ferrocarretero.<\/p>\n<p class=\"x_MsoNormal\">El tramo del curso del r\u00edo\u00a0\u00a0evaluado y sus resultados, representan el impacto antr\u00f3pico de las dos ciudades de la Comarca Viedma-Patagones al momento del muestreo, el cual fue realizado posterior a la ocurrencia de una lluvia de 20 mm. Este hecho tiene gran significancia,\u00a0\u00a0dado que alteran los valores normales de los par\u00e1metros indicadores por los escurrimientos del suelo hacia los cuerpos h\u00eddricos, especialmente en \u00e1reas urbanizadas d\u00f3nde ocurren lavados de pavimentos y descargas a trav\u00e9s de colectores pluviales.<\/p>\n<p class=\"x_MsoNormal\">En relaci\u00f3n al estudio, desde el DPA se observ\u00f3 que la mayor\u00eda de los sitios muestreados coinciden con los monitoreados por AIC y DPA en el programa de emergencias h\u00eddricas, que se ejecuta en situaciones especiales como temporadas de bajos caudales para la vigilancia de la calidad del agua de toda la cuenca y se viene desarrollando interrumpidamente, con frecuencia mensual desde agosto de 2016.<\/p>\n<p class=\"x_MsoNormal\">En este estudio, se trabaja con la medici\u00f3n de par\u00e1metros fisicoqu\u00edmicos in situ y la determinaci\u00f3n de la calidad bacteriol\u00f3gica a trav\u00e9s de la medici\u00f3n del indicador Escherichia coli, el cual se considera el de mejor correspondencia para evaluar la de contaminaci\u00f3n fecal. En nuestra zona, los muestreos se realizan embarcados con la colaboraci\u00f3n de la Subprefectura de Carmen de Patagones.<\/p>\n<p class=\"x_MsoNormal\">En cuanto a los resultados de E. coli hallados son en general bajos en todas las muestras\u00a0\u00a0considerando en el an\u00e1lisis, la situaci\u00f3n en la que se ha realizado el muestreo de PNA con lluvias en d\u00edas previos. En este sentido se destaca que los mayores niveles pueden relacionarse con \u00e1reas de descargas de pluviales como en zona de \u201cEl Malec\u00f3n\u201d en Patagones y el pluvial ubicado debajo del puente ferrocarretero de Viedma por el que drena una amplia zona del este de la ciudad, o zonas de amplio drenaje urbano.<\/p>\n<p class=\"x_MsoNormal\">En este punto, cabe aclarar que el indicador de contaminaci\u00f3n est\u00e1 presente en humanos y animales, por lo que su detecci\u00f3n es probable tanto en \u00e1reas naturales como urbanas teniendo su origen en la fauna silvestre como animales dom\u00e9sticos.<\/p>\n<p class=\"x_MsoNormal\">El informe concluye,\u00a0\u00a0con la evaluaci\u00f3n de los resultados contrastados con la norma canadiense para aguas recreativas, lo que llama la atenci\u00f3n dado que la normativa es aplicable \u00fanicamente para \u00e1reas donde se hallan los balnearios, siguiendo una metodolog\u00eda espec\u00edfica de determinaci\u00f3n como cinco muestreos en un per\u00edodo de 30 d\u00edas o el remuestreo cuando se encuentren valores superiores para determinar afectaciones en la calidad del agua transitorias o permanentes. Asimismo,\u00a0\u00a0la norma es aplicable para el indicador Escherichia coli, no recomendando su empleo con bacterias del grupo coliformes fecales.<\/p>\n<p class=\"x_MsoNormal\">Por lo anterior,\u00a0\u00a0los resultados de la situaci\u00f3n que se ha evaluado en el mencionado estudio, son acordes y normales para el tramo del r\u00edo que se evalu\u00f3. Los valores pueden fluctuar en los rangos hallados, correspondi\u00e9ndose con impactos y afectaciones de corto plazo, del ambiente urbano que se encuentra a orillas del r\u00edo.<\/p>\n<p class=\"x_MsoNormal\">Pr\u00f3ximamente, se comenzar\u00e1n a evaluar el estado de los balnearios locales para determinar su aptitud de uso en la pr\u00f3xima temporada.<\/p>\n<p><b><span lang=\"ES-AR\">Fuente: GOBIERNO DE R\u00cdO NEGRO<\/span><\/b><\/p>\n","protected":false},"excerpt":{"rendered":"<p>Viedma\/Patagones.-Dada la informaci\u00f3n difundida por Prefectura Naval Argentina sobre la calidad del agua del r\u00edo en la zona del Valle [&hellip;]<\/p>\n","protected":false},"author":2,"featured_media":36244,"comment_status":"open","ping_status":"open","sticky":false,"template":"","format":"standard","meta":{"site-sidebar-layout":"default","site-content-layout":"","ast-site-content-layout":"default","site-content-style":"default","site-sidebar-style":"default","ast-global-header-display":"","ast-banner-title-visibility":"","ast-main-header-display":"","ast-hfb-above-header-display":"","ast-hfb-below-header-display":"","ast-hfb-mobile-header-display":"","site-post-title":"","ast-breadcrumbs-content":"","ast-featured-img":"","footer-sml-layout":"","ast-disable-related-posts":"","theme-transparent-header-meta":"","adv-header-id-meta":"","stick-header-meta":"","header-above-stick-meta":"","header-main-stick-meta":"","header-below-stick-meta":"","astra-migrate-meta-layouts":"default","ast-page-background-enabled":"default","ast-page-background-meta":{"desktop":{"background-color":"var(--ast-global-color-5)","background-image":"","background-repeat":"repeat","background-position":"center center","background-size":"auto","background-attachment":"scroll","background-type":"","background-media":"","overlay-type":"","overlay-color":"","overlay-opacity":"","overlay-gradient":""},"tablet":{"background-color":"","background-image":"","background-repeat":"repeat","background-position":"center center","background-size":"auto","background-attachment":"scroll","background-type":"","background-media":"","overlay-type":"","overlay-color":"","overlay-opacity":"","overlay-gradient":""},"mobile":{"background-color":"","background-image":"","background-repeat":"repeat","background-position":"center center","background-size":"auto","background-attachment":"scroll","background-type":"","background-media":"","overlay-type":"","overlay-color":"","overlay-opacity":"","overlay-gradient":""}},"ast-content-background-meta":{"desktop":{"background-color":"var(--ast-global-color-4)","background-image":"","background-repeat":"repeat","background-position":"center center","background-size":"auto","background-attachment":"scroll","background-type":"","background-media":"","overlay-type":"","overlay-color":"","overlay-opacity":"","overlay-gradient":""},"tablet":{"background-color":"var(--ast-global-color-4)","background-image":"","background-repeat":"repeat","background-position":"center center","background-size":"auto","background-attachment":"scroll","background-type":"","background-media":"","overlay-type":"","overlay-color":"","overlay-opacity":"","overlay-gradient":""},"mobile":{"background-color":"var(--ast-global-color-4)","background-image":"","background-repeat":"repeat","background-position":"center center","background-size":"auto","background-attachment":"scroll","background-type":"","background-media":"","overlay-type":"","overlay-color":"","overlay-opacity":"","overlay-gradient":""}},"footnotes":""},"categories":[1,13,14],"tags":[],"class_list":["post-36243","post","type-post","status-publish","format-standard","has-post-thumbnail","hentry","category-noticias","category-provinciales","category-rio-negro"],"yoast_head":"<!-- This site is optimized with the Yoast SEO Premium plugin v23.0 (Yoast SEO v27.5) - https:\/\/yoast.com\/product\/yoast-seo-premium-wordpress\/ -->\n<title>En Viedma y Patagones: Consideraciones del DPA sobre los estudios realizados por Prefectura Naval Argentina en el r\u00edo Negro<\/title>\n<meta name=\"robots\" content=\"index, follow, max-snippet:-1, max-image-preview:large, max-video-preview:-1\" \/>\n<link rel=\"canonical\" href=\"https:\/\/patagoniambiental.com.ar\/info\/en-viedma-y-patagones-consideraciones-del-dpa-sobre-los-estudios-realizados-por-prefectura-naval-argentina-en-el-rio-negro\/\" \/>\n<meta property=\"og:locale\" content=\"es_ES\" \/>\n<meta property=\"og:type\" content=\"article\" \/>\n<meta property=\"og:title\" content=\"En Viedma y Patagones: Consideraciones del DPA sobre los estudios realizados por Prefectura Naval Argentina en el r\u00edo Negro\" \/>\n<meta property=\"og:description\" content=\"Viedma\/Patagones.-Dada la informaci\u00f3n difundida por Prefectura Naval Argentina sobre la calidad del agua del r\u00edo en la zona del Valle [&hellip;]\" \/>\n<meta property=\"og:url\" content=\"https:\/\/patagoniambiental.com.ar\/info\/en-viedma-y-patagones-consideraciones-del-dpa-sobre-los-estudios-realizados-por-prefectura-naval-argentina-en-el-rio-negro\/\" \/>\n<meta property=\"og:site_name\" content=\"Patagonia Ambiental\" \/>\n<meta property=\"article:publisher\" content=\"https:\/\/www.facebook.com\/patagonia.ambiental\" \/>\n<meta property=\"article:author\" content=\"https:\/\/www.facebook.com\/share\/1C1V8Gv9BX\/?mibextid=qi2Omg\" \/>\n<meta property=\"article:published_time\" content=\"2017-10-09T22:00:03+00:00\" \/>\n<meta property=\"og:image\" content=\"https:\/\/patagoniambiental.com.ar\/info\/wp-content\/uploads\/2017\/10\/00030989.jpg\" \/>\n\t<meta property=\"og:image:width\" content=\"924\" \/>\n\t<meta property=\"og:image:height\" content=\"616\" \/>\n\t<meta property=\"og:image:type\" content=\"image\/jpeg\" \/>\n<meta name=\"author\" content=\"Patagonia Ambiental\" \/>\n<meta name=\"twitter:card\" content=\"summary_large_image\" \/>\n<meta name=\"twitter:creator\" content=\"@PatAmb\" \/>\n<meta name=\"twitter:site\" content=\"@PatAmb\" \/>\n<script type=\"application\/ld+json\" class=\"yoast-schema-graph\">{\"@context\":\"https:\\\/\\\/schema.org\",\"@graph\":[{\"@type\":\"Article\",\"@id\":\"https:\\\/\\\/patagoniambiental.com.ar\\\/info\\\/en-viedma-y-patagones-consideraciones-del-dpa-sobre-los-estudios-realizados-por-prefectura-naval-argentina-en-el-rio-negro\\\/#article\",\"isPartOf\":{\"@id\":\"https:\\\/\\\/patagoniambiental.com.ar\\\/info\\\/en-viedma-y-patagones-consideraciones-del-dpa-sobre-los-estudios-realizados-por-prefectura-naval-argentina-en-el-rio-negro\\\/\"},\"author\":{\"name\":\"Patagonia Ambiental\",\"@id\":\"https:\\\/\\\/patagoniambiental.com.ar\\\/info\\\/#\\\/schema\\\/person\\\/db12bff64bbcbf6a253710bf0ea37b5d\"},\"headline\":\"En Viedma y Patagones: Consideraciones del DPA sobre los estudios realizados por Prefectura Naval Argentina en el r\u00edo Negro\",\"datePublished\":\"2017-10-09T22:00:03+00:00\",\"mainEntityOfPage\":{\"@id\":\"https:\\\/\\\/patagoniambiental.com.ar\\\/info\\\/en-viedma-y-patagones-consideraciones-del-dpa-sobre-los-estudios-realizados-por-prefectura-naval-argentina-en-el-rio-negro\\\/\"},\"wordCount\":708,\"commentCount\":0,\"publisher\":{\"@id\":\"https:\\\/\\\/patagoniambiental.com.ar\\\/info\\\/#organization\"},\"image\":{\"@id\":\"https:\\\/\\\/patagoniambiental.com.ar\\\/info\\\/en-viedma-y-patagones-consideraciones-del-dpa-sobre-los-estudios-realizados-por-prefectura-naval-argentina-en-el-rio-negro\\\/#primaryimage\"},\"thumbnailUrl\":\"https:\\\/\\\/patagoniambiental.com.ar\\\/info\\\/wp-content\\\/uploads\\\/2017\\\/10\\\/00030989.jpg\",\"articleSection\":[\"Noticias\",\"Provinciales\",\"R\u00edo Negro\"],\"inLanguage\":\"es\",\"potentialAction\":[{\"@type\":\"CommentAction\",\"name\":\"Comment\",\"target\":[\"https:\\\/\\\/patagoniambiental.com.ar\\\/info\\\/en-viedma-y-patagones-consideraciones-del-dpa-sobre-los-estudios-realizados-por-prefectura-naval-argentina-en-el-rio-negro\\\/#respond\"]}]},{\"@type\":\"WebPage\",\"@id\":\"https:\\\/\\\/patagoniambiental.com.ar\\\/info\\\/en-viedma-y-patagones-consideraciones-del-dpa-sobre-los-estudios-realizados-por-prefectura-naval-argentina-en-el-rio-negro\\\/\",\"url\":\"https:\\\/\\\/patagoniambiental.com.ar\\\/info\\\/en-viedma-y-patagones-consideraciones-del-dpa-sobre-los-estudios-realizados-por-prefectura-naval-argentina-en-el-rio-negro\\\/\",\"name\":\"En Viedma y Patagones: Consideraciones del DPA sobre los estudios realizados por Prefectura Naval Argentina en el r\u00edo Negro\",\"isPartOf\":{\"@id\":\"https:\\\/\\\/patagoniambiental.com.ar\\\/info\\\/#website\"},\"primaryImageOfPage\":{\"@id\":\"https:\\\/\\\/patagoniambiental.com.ar\\\/info\\\/en-viedma-y-patagones-consideraciones-del-dpa-sobre-los-estudios-realizados-por-prefectura-naval-argentina-en-el-rio-negro\\\/#primaryimage\"},\"image\":{\"@id\":\"https:\\\/\\\/patagoniambiental.com.ar\\\/info\\\/en-viedma-y-patagones-consideraciones-del-dpa-sobre-los-estudios-realizados-por-prefectura-naval-argentina-en-el-rio-negro\\\/#primaryimage\"},\"thumbnailUrl\":\"https:\\\/\\\/patagoniambiental.com.ar\\\/info\\\/wp-content\\\/uploads\\\/2017\\\/10\\\/00030989.jpg\",\"datePublished\":\"2017-10-09T22:00:03+00:00\",\"breadcrumb\":{\"@id\":\"https:\\\/\\\/patagoniambiental.com.ar\\\/info\\\/en-viedma-y-patagones-consideraciones-del-dpa-sobre-los-estudios-realizados-por-prefectura-naval-argentina-en-el-rio-negro\\\/#breadcrumb\"},\"inLanguage\":\"es\",\"potentialAction\":[{\"@type\":\"ReadAction\",\"target\":[\"https:\\\/\\\/patagoniambiental.com.ar\\\/info\\\/en-viedma-y-patagones-consideraciones-del-dpa-sobre-los-estudios-realizados-por-prefectura-naval-argentina-en-el-rio-negro\\\/\"]}]},{\"@type\":\"ImageObject\",\"inLanguage\":\"es\",\"@id\":\"https:\\\/\\\/patagoniambiental.com.ar\\\/info\\\/en-viedma-y-patagones-consideraciones-del-dpa-sobre-los-estudios-realizados-por-prefectura-naval-argentina-en-el-rio-negro\\\/#primaryimage\",\"url\":\"https:\\\/\\\/patagoniambiental.com.ar\\\/info\\\/wp-content\\\/uploads\\\/2017\\\/10\\\/00030989.jpg\",\"contentUrl\":\"https:\\\/\\\/patagoniambiental.com.ar\\\/info\\\/wp-content\\\/uploads\\\/2017\\\/10\\\/00030989.jpg\",\"width\":900,\"height\":600},{\"@type\":\"BreadcrumbList\",\"@id\":\"https:\\\/\\\/patagoniambiental.com.ar\\\/info\\\/en-viedma-y-patagones-consideraciones-del-dpa-sobre-los-estudios-realizados-por-prefectura-naval-argentina-en-el-rio-negro\\\/#breadcrumb\",\"itemListElement\":[{\"@type\":\"ListItem\",\"position\":1,\"name\":\"Inicio\",\"item\":\"https:\\\/\\\/patagoniambiental.com.ar\\\/info\\\/\"},{\"@type\":\"ListItem\",\"position\":2,\"name\":\"En Viedma y Patagones: Consideraciones del DPA sobre los estudios realizados por Prefectura Naval Argentina en el r\u00edo Negro\"}]},{\"@type\":\"WebSite\",\"@id\":\"https:\\\/\\\/patagoniambiental.com.ar\\\/info\\\/#website\",\"url\":\"https:\\\/\\\/patagoniambiental.com.ar\\\/info\\\/\",\"name\":\"Patagonia Ambiental\",\"description\":\"Monitoreo y an\u00e1lisis de la situaci\u00f3n geopol\u00edtica en el mundo y su implicancia en la Patagonia\",\"publisher\":{\"@id\":\"https:\\\/\\\/patagoniambiental.com.ar\\\/info\\\/#organization\"},\"potentialAction\":[{\"@type\":\"SearchAction\",\"target\":{\"@type\":\"EntryPoint\",\"urlTemplate\":\"https:\\\/\\\/patagoniambiental.com.ar\\\/info\\\/?s={search_term_string}\"},\"query-input\":{\"@type\":\"PropertyValueSpecification\",\"valueRequired\":true,\"valueName\":\"search_term_string\"}}],\"inLanguage\":\"es\"},{\"@type\":\"Organization\",\"@id\":\"https:\\\/\\\/patagoniambiental.com.ar\\\/info\\\/#organization\",\"name\":\"Patagonia Ambiental\",\"url\":\"https:\\\/\\\/patagoniambiental.com.ar\\\/info\\\/\",\"logo\":{\"@type\":\"ImageObject\",\"inLanguage\":\"es\",\"@id\":\"https:\\\/\\\/patagoniambiental.com.ar\\\/info\\\/#\\\/schema\\\/logo\\\/image\\\/\",\"url\":\"https:\\\/\\\/patagoniambiental.com.ar\\\/info\\\/wp-content\\\/uploads\\\/2025\\\/05\\\/LOGO-PATAGONIA-AMBIENTAL.png\",\"contentUrl\":\"https:\\\/\\\/patagoniambiental.com.ar\\\/info\\\/wp-content\\\/uploads\\\/2025\\\/05\\\/LOGO-PATAGONIA-AMBIENTAL.png\",\"width\":433,\"height\":250,\"caption\":\"Patagonia Ambiental\"},\"image\":{\"@id\":\"https:\\\/\\\/patagoniambiental.com.ar\\\/info\\\/#\\\/schema\\\/logo\\\/image\\\/\"},\"sameAs\":[\"https:\\\/\\\/www.facebook.com\\\/patagonia.ambiental\",\"https:\\\/\\\/x.com\\\/PatAmb\"]},{\"@type\":\"Person\",\"@id\":\"https:\\\/\\\/patagoniambiental.com.ar\\\/info\\\/#\\\/schema\\\/person\\\/db12bff64bbcbf6a253710bf0ea37b5d\",\"name\":\"Patagonia Ambiental\",\"description\":\"Andr\u00e9s Nievas T\u00e9cnico en manejo ambiental, consultor Ambiental y escritor para medios locales e internacionales sobre temas de geopolitica y medio ambiente.\",\"sameAs\":[\"http:\\\/\\\/www.patagoniambiental.com.ar\",\"https:\\\/\\\/www.facebook.com\\\/share\\\/1C1V8Gv9BX\\\/?mibextid=qi2Omg\",\"@patagoniambiental\",\"https:\\\/\\\/youtube.com\\\/@patagoniaambiental2023?si=BLt58t0wuXquxlYZ\"]}]}<\/script>\n<!-- \/ Yoast SEO Premium plugin. -->","yoast_head_json":{"title":"En Viedma y Patagones: Consideraciones del DPA sobre los estudios realizados por Prefectura Naval Argentina en el r\u00edo Negro","robots":{"index":"index","follow":"follow","max-snippet":"max-snippet:-1","max-image-preview":"max-image-preview:large","max-video-preview":"max-video-preview:-1"},"canonical":"https:\/\/patagoniambiental.com.ar\/info\/en-viedma-y-patagones-consideraciones-del-dpa-sobre-los-estudios-realizados-por-prefectura-naval-argentina-en-el-rio-negro\/","og_locale":"es_ES","og_type":"article","og_title":"En Viedma y Patagones: Consideraciones del DPA sobre los estudios realizados por Prefectura Naval Argentina en el r\u00edo Negro","og_description":"Viedma\/Patagones.-Dada la informaci\u00f3n difundida por Prefectura Naval Argentina sobre la calidad del agua del r\u00edo en la zona del Valle [&hellip;]","og_url":"https:\/\/patagoniambiental.com.ar\/info\/en-viedma-y-patagones-consideraciones-del-dpa-sobre-los-estudios-realizados-por-prefectura-naval-argentina-en-el-rio-negro\/","og_site_name":"Patagonia Ambiental","article_publisher":"https:\/\/www.facebook.com\/patagonia.ambiental","article_author":"https:\/\/www.facebook.com\/share\/1C1V8Gv9BX\/?mibextid=qi2Omg","article_published_time":"2017-10-09T22:00:03+00:00","og_image":[{"width":924,"height":616,"url":"https:\/\/patagoniambiental.com.ar\/info\/wp-content\/uploads\/2017\/10\/00030989.jpg","type":"image\/jpeg"}],"author":"Patagonia Ambiental","twitter_card":"summary_large_image","twitter_creator":"@PatAmb","twitter_site":"@PatAmb","schema":{"@context":"https:\/\/schema.org","@graph":[{"@type":"Article","@id":"https:\/\/patagoniambiental.com.ar\/info\/en-viedma-y-patagones-consideraciones-del-dpa-sobre-los-estudios-realizados-por-prefectura-naval-argentina-en-el-rio-negro\/#article","isPartOf":{"@id":"https:\/\/patagoniambiental.com.ar\/info\/en-viedma-y-patagones-consideraciones-del-dpa-sobre-los-estudios-realizados-por-prefectura-naval-argentina-en-el-rio-negro\/"},"author":{"name":"Patagonia Ambiental","@id":"https:\/\/patagoniambiental.com.ar\/info\/#\/schema\/person\/db12bff64bbcbf6a253710bf0ea37b5d"},"headline":"En Viedma y Patagones: Consideraciones del DPA sobre los estudios realizados por Prefectura Naval Argentina en el r\u00edo Negro","datePublished":"2017-10-09T22:00:03+00:00","mainEntityOfPage":{"@id":"https:\/\/patagoniambiental.com.ar\/info\/en-viedma-y-patagones-consideraciones-del-dpa-sobre-los-estudios-realizados-por-prefectura-naval-argentina-en-el-rio-negro\/"},"wordCount":708,"commentCount":0,"publisher":{"@id":"https:\/\/patagoniambiental.com.ar\/info\/#organization"},"image":{"@id":"https:\/\/patagoniambiental.com.ar\/info\/en-viedma-y-patagones-consideraciones-del-dpa-sobre-los-estudios-realizados-por-prefectura-naval-argentina-en-el-rio-negro\/#primaryimage"},"thumbnailUrl":"https:\/\/patagoniambiental.com.ar\/info\/wp-content\/uploads\/2017\/10\/00030989.jpg","articleSection":["Noticias","Provinciales","R\u00edo Negro"],"inLanguage":"es","potentialAction":[{"@type":"CommentAction","name":"Comment","target":["https:\/\/patagoniambiental.com.ar\/info\/en-viedma-y-patagones-consideraciones-del-dpa-sobre-los-estudios-realizados-por-prefectura-naval-argentina-en-el-rio-negro\/#respond"]}]},{"@type":"WebPage","@id":"https:\/\/patagoniambiental.com.ar\/info\/en-viedma-y-patagones-consideraciones-del-dpa-sobre-los-estudios-realizados-por-prefectura-naval-argentina-en-el-rio-negro\/","url":"https:\/\/patagoniambiental.com.ar\/info\/en-viedma-y-patagones-consideraciones-del-dpa-sobre-los-estudios-realizados-por-prefectura-naval-argentina-en-el-rio-negro\/","name":"En Viedma y Patagones: Consideraciones del DPA sobre los estudios realizados por Prefectura Naval Argentina en el r\u00edo Negro","isPartOf":{"@id":"https:\/\/patagoniambiental.com.ar\/info\/#website"},"primaryImageOfPage":{"@id":"https:\/\/patagoniambiental.com.ar\/info\/en-viedma-y-patagones-consideraciones-del-dpa-sobre-los-estudios-realizados-por-prefectura-naval-argentina-en-el-rio-negro\/#primaryimage"},"image":{"@id":"https:\/\/patagoniambiental.com.ar\/info\/en-viedma-y-patagones-consideraciones-del-dpa-sobre-los-estudios-realizados-por-prefectura-naval-argentina-en-el-rio-negro\/#primaryimage"},"thumbnailUrl":"https:\/\/patagoniambiental.com.ar\/info\/wp-content\/uploads\/2017\/10\/00030989.jpg","datePublished":"2017-10-09T22:00:03+00:00","breadcrumb":{"@id":"https:\/\/patagoniambiental.com.ar\/info\/en-viedma-y-patagones-consideraciones-del-dpa-sobre-los-estudios-realizados-por-prefectura-naval-argentina-en-el-rio-negro\/#breadcrumb"},"inLanguage":"es","potentialAction":[{"@type":"ReadAction","target":["https:\/\/patagoniambiental.com.ar\/info\/en-viedma-y-patagones-consideraciones-del-dpa-sobre-los-estudios-realizados-por-prefectura-naval-argentina-en-el-rio-negro\/"]}]},{"@type":"ImageObject","inLanguage":"es","@id":"https:\/\/patagoniambiental.com.ar\/info\/en-viedma-y-patagones-consideraciones-del-dpa-sobre-los-estudios-realizados-por-prefectura-naval-argentina-en-el-rio-negro\/#primaryimage","url":"https:\/\/patagoniambiental.com.ar\/info\/wp-content\/uploads\/2017\/10\/00030989.jpg","contentUrl":"https:\/\/patagoniambiental.com.ar\/info\/wp-content\/uploads\/2017\/10\/00030989.jpg","width":900,"height":600},{"@type":"BreadcrumbList","@id":"https:\/\/patagoniambiental.com.ar\/info\/en-viedma-y-patagones-consideraciones-del-dpa-sobre-los-estudios-realizados-por-prefectura-naval-argentina-en-el-rio-negro\/#breadcrumb","itemListElement":[{"@type":"ListItem","position":1,"name":"Inicio","item":"https:\/\/patagoniambiental.com.ar\/info\/"},{"@type":"ListItem","position":2,"name":"En Viedma y Patagones: Consideraciones del DPA sobre los estudios realizados por Prefectura Naval Argentina en el r\u00edo Negro"}]},{"@type":"WebSite","@id":"https:\/\/patagoniambiental.com.ar\/info\/#website","url":"https:\/\/patagoniambiental.com.ar\/info\/","name":"Patagonia Ambiental","description":"Monitoreo y an\u00e1lisis de la situaci\u00f3n geopol\u00edtica en el mundo y su implicancia en la Patagonia","publisher":{"@id":"https:\/\/patagoniambiental.com.ar\/info\/#organization"},"potentialAction":[{"@type":"SearchAction","target":{"@type":"EntryPoint","urlTemplate":"https:\/\/patagoniambiental.com.ar\/info\/?s={search_term_string}"},"query-input":{"@type":"PropertyValueSpecification","valueRequired":true,"valueName":"search_term_string"}}],"inLanguage":"es"},{"@type":"Organization","@id":"https:\/\/patagoniambiental.com.ar\/info\/#organization","name":"Patagonia Ambiental","url":"https:\/\/patagoniambiental.com.ar\/info\/","logo":{"@type":"ImageObject","inLanguage":"es","@id":"https:\/\/patagoniambiental.com.ar\/info\/#\/schema\/logo\/image\/","url":"https:\/\/patagoniambiental.com.ar\/info\/wp-content\/uploads\/2025\/05\/LOGO-PATAGONIA-AMBIENTAL.png","contentUrl":"https:\/\/patagoniambiental.com.ar\/info\/wp-content\/uploads\/2025\/05\/LOGO-PATAGONIA-AMBIENTAL.png","width":433,"height":250,"caption":"Patagonia Ambiental"},"image":{"@id":"https:\/\/patagoniambiental.com.ar\/info\/#\/schema\/logo\/image\/"},"sameAs":["https:\/\/www.facebook.com\/patagonia.ambiental","https:\/\/x.com\/PatAmb"]},{"@type":"Person","@id":"https:\/\/patagoniambiental.com.ar\/info\/#\/schema\/person\/db12bff64bbcbf6a253710bf0ea37b5d","name":"Patagonia Ambiental","description":"Andr\u00e9s Nievas T\u00e9cnico en manejo ambiental, consultor Ambiental y escritor para medios locales e internacionales sobre temas de geopolitica y medio ambiente.","sameAs":["http:\/\/www.patagoniambiental.com.ar","https:\/\/www.facebook.com\/share\/1C1V8Gv9BX\/?mibextid=qi2Omg","@patagoniambiental","https:\/\/youtube.com\/@patagoniaambiental2023?si=BLt58t0wuXquxlYZ"]}]}},"_links":{"self":[{"href":"https:\/\/patagoniambiental.com.ar\/info\/wp-json\/wp\/v2\/posts\/36243","targetHints":{"allow":["GET"]}}],"collection":[{"href":"https:\/\/patagoniambiental.com.ar\/info\/wp-json\/wp\/v2\/posts"}],"about":[{"href":"https:\/\/patagoniambiental.com.ar\/info\/wp-json\/wp\/v2\/types\/post"}],"author":[{"embeddable":true,"href":"https:\/\/patagoniambiental.com.ar\/info\/wp-json\/wp\/v2\/users\/2"}],"replies":[{"embeddable":true,"href":"https:\/\/patagoniambiental.com.ar\/info\/wp-json\/wp\/v2\/comments?post=36243"}],"version-history":[{"count":0,"href":"https:\/\/patagoniambiental.com.ar\/info\/wp-json\/wp\/v2\/posts\/36243\/revisions"}],"wp:featuredmedia":[{"embeddable":true,"href":"https:\/\/patagoniambiental.com.ar\/info\/wp-json\/wp\/v2\/media\/36244"}],"wp:attachment":[{"href":"https:\/\/patagoniambiental.com.ar\/info\/wp-json\/wp\/v2\/media?parent=36243"}],"wp:term":[{"taxonomy":"category","embeddable":true,"href":"https:\/\/patagoniambiental.com.ar\/info\/wp-json\/wp\/v2\/categories?post=36243"},{"taxonomy":"post_tag","embeddable":true,"href":"https:\/\/patagoniambiental.com.ar\/info\/wp-json\/wp\/v2\/tags?post=36243"}],"curies":[{"name":"wp","href":"https:\/\/api.w.org\/{rel}","templated":true}]}}