{"id":36261,"date":"2017-10-10T09:00:13","date_gmt":"2017-10-10T12:00:13","guid":{"rendered":"http:\/\/patagoniambiental.com.ar\/info\/?p=36261"},"modified":"2017-10-09T20:15:40","modified_gmt":"2017-10-09T23:15:40","slug":"acondicionan-espacios-publicos-y-recreativos-en-diversos-barrios-de-rawson","status":"publish","type":"post","link":"https:\/\/patagoniambiental.com.ar\/info\/acondicionan-espacios-publicos-y-recreativos-en-diversos-barrios-de-rawson\/","title":{"rendered":"Acondicionan espacios p\u00fablicos y recreativos en diversos barrios de Rawson"},"content":{"rendered":"<p>RAWSON.- En el marco de los trabajos permanentes de la Municipalidad de Rawson para mantener en condiciones distintos sectores de la ciudad, una cuadrilla de la Secretar\u00eda de Obras y Servicios P\u00fablicos realiz\u00f3 el viernes una serie de tareas que incluyeron barrido de calles, levantamiento de ramas, cartones, escombros, chapas, vidrios, objetos en desuso, y desmalezamiento en el \u00c1rea 11, a la vera del R\u00edo Chubut.<br \/>\nApostando a la recuperaci\u00f3n del uso de los espacios p\u00fablicos, m\u00e1s de 20 trabajadores de barrido y forestaci\u00f3n desarrollaron intensas tareas de acondicionamiento y limpieza. Dichos trabajos fueron ejecutados en la pasarela que conecta el Barrio Hunt con el Barrio San Ram\u00f3n e incluyeron el barrido de los cordones cuneta y el desmalezamiento para acondicionar el paseo costero.<br \/>\nEn ese sentido desde la Secretar\u00eda de Obra Publicas se insiste con el pedido a los vecinos de que tengan precauci\u00f3n y cuidado en no tirar basura a la vera del r\u00edo, ya que en esta oportunidad se encontraron hasta escombros, y en horas de la tarde a\u00fan continuaban los trabajos sobre la calle Espa\u00f1a. Asimismo, se planifica concluir con el acondicionamiento del sector este lunes, para luego seguir con la limpieza en el Centro de la ciudad.<\/p>\n<p><strong>Forestaci\u00f3n<\/strong><\/p>\n<p>Durante la \u00faltima semana se realizaron trabajos de embellecimiento y parquizaci\u00f3n de la rotonda de acceso al Puente N\u00e9stor Kirchner. Dicha forestaci\u00f3n es llevada a cabo por personal dependiente de la Secretar\u00eda de Obras y Servicios P\u00fablicos, y las especies plantadas las provee el Vivero Municipal.<br \/>\nAl respecto, el director general de Obras P\u00fablicas, Dar\u00edo Moraga, sostuvo que \u201ccontinuamos con las tareas de limpieza y embellecimiento de la ciudad\u201d y dijo que en este caso es \u201cun trabajo conjunto con la Secretar\u00eda de Producci\u00f3n y Medio Ambiente quien nos provee de distintas especies, ya que cuenta con entre 1.000 y 1.500 \u00e1rboles y plantas en el Vivero\u201d.<br \/>\nEn este sentido, explic\u00f3 que \u201cdesde la gesti\u00f3n municipal venimos desarrollando un intenso trabajo para que la ciudad est\u00e9 m\u00e1s linda y generar as\u00ed un mayor sentido de pertenencia de los vecinos hacia los distintos espacios p\u00fablicos. Porque eso indefectiblemente va a impactar en el cuidado de los mismos\u201d.<br \/>\n\u201cNecesitamos el compromiso comunitario de los vecinos para fomentar nuevos h\u00e1bitos de limpieza y, sobre todo, de mantenimiento, con actos peque\u00f1os, como recoger el envoltorio de las galletitas cuando vamos a tomar mate a una plaza o a la playa. Estamos convencidos de que esto no solo va a promover un ambiente sustentable, sino que adem\u00e1s va a mejorar considerablemente la calidad de vida de los ciudadanos de Rawson\u201d, dijo el funcionario.<\/p>\n<div class=\"sharedaddy sd-sharing-enabled\">\u00a0Fuente:\u00a0http:\/\/www.eldiariodemadryn.com\/2017\/10\/acondicionan-espacios-publicos-y-recreativos-en-diversos-barrios\/<\/div>\n","protected":false},"excerpt":{"rendered":"<p>RAWSON.- En el marco de los trabajos permanentes de la Municipalidad de Rawson para mantener en condiciones distintos sectores de [&hellip;]<\/p>\n","protected":false},"author":2,"featured_media":36262,"comment_status":"open","ping_status":"open","sticky":false,"template":"","format":"standard","meta":{"site-sidebar-layout":"default","site-content-layout":"","ast-site-content-layout":"default","site-content-style":"default","site-sidebar-style":"default","ast-global-header-display":"","ast-banner-title-visibility":"","ast-main-header-display":"","ast-hfb-above-header-display":"","ast-hfb-below-header-display":"","ast-hfb-mobile-header-display":"","site-post-title":"","ast-breadcrumbs-content":"","ast-featured-img":"","footer-sml-layout":"","ast-disable-related-posts":"","theme-transparent-header-meta":"","adv-header-id-meta":"","stick-header-meta":"","header-above-stick-meta":"","header-main-stick-meta":"","header-below-stick-meta":"","astra-migrate-meta-layouts":"default","ast-page-background-enabled":"default","ast-page-background-meta":{"desktop":{"background-color":"var(--ast-global-color-5)","background-image":"","background-repeat":"repeat","background-position":"center center","background-size":"auto","background-attachment":"scroll","background-type":"","background-media":"","overlay-type":"","overlay-color":"","overlay-opacity":"","overlay-gradient":""},"tablet":{"background-color":"","background-image":"","background-repeat":"repeat","background-position":"center center","background-size":"auto","background-attachment":"scroll","background-type":"","background-media":"","overlay-type":"","overlay-color":"","overlay-opacity":"","overlay-gradient":""},"mobile":{"background-color":"","background-image":"","background-repeat":"repeat","background-position":"center center","background-size":"auto","background-attachment":"scroll","background-type":"","background-media":"","overlay-type":"","overlay-color":"","overlay-opacity":"","overlay-gradient":""}},"ast-content-background-meta":{"desktop":{"background-color":"var(--ast-global-color-4)","background-image":"","background-repeat":"repeat","background-position":"center center","background-size":"auto","background-attachment":"scroll","background-type":"","background-media":"","overlay-type":"","overlay-color":"","overlay-opacity":"","overlay-gradient":""},"tablet":{"background-color":"var(--ast-global-color-4)","background-image":"","background-repeat":"repeat","background-position":"center center","background-size":"auto","background-attachment":"scroll","background-type":"","background-media":"","overlay-type":"","overlay-color":"","overlay-opacity":"","overlay-gradient":""},"mobile":{"background-color":"var(--ast-global-color-4)","background-image":"","background-repeat":"repeat","background-position":"center center","background-size":"auto","background-attachment":"scroll","background-type":"","background-media":"","overlay-type":"","overlay-color":"","overlay-opacity":"","overlay-gradient":""}},"footnotes":""},"categories":[16,1],"tags":[],"class_list":["post-36261","post","type-post","status-publish","format-standard","has-post-thumbnail","hentry","category-municipales","category-noticias"],"yoast_head":"<!-- This site is optimized with the Yoast SEO Premium plugin v23.0 (Yoast SEO v27.4) - https:\/\/yoast.com\/product\/yoast-seo-premium-wordpress\/ -->\n<title>Acondicionan espacios p\u00fablicos y recreativos en diversos barrios de Rawson<\/title>\n<meta name=\"robots\" content=\"index, follow, max-snippet:-1, max-image-preview:large, max-video-preview:-1\" \/>\n<link rel=\"canonical\" href=\"https:\/\/patagoniambiental.com.ar\/info\/acondicionan-espacios-publicos-y-recreativos-en-diversos-barrios-de-rawson\/\" \/>\n<meta property=\"og:locale\" content=\"es_ES\" \/>\n<meta property=\"og:type\" content=\"article\" \/>\n<meta property=\"og:title\" content=\"Acondicionan espacios p\u00fablicos y recreativos en diversos barrios de Rawson\" \/>\n<meta property=\"og:description\" content=\"RAWSON.- En el marco de los trabajos permanentes de la Municipalidad de Rawson para mantener en condiciones distintos sectores de [&hellip;]\" \/>\n<meta property=\"og:url\" content=\"https:\/\/patagoniambiental.com.ar\/info\/acondicionan-espacios-publicos-y-recreativos-en-diversos-barrios-de-rawson\/\" \/>\n<meta property=\"og:site_name\" content=\"Patagonia Ambiental\" \/>\n<meta property=\"article:publisher\" content=\"https:\/\/www.facebook.com\/patagonia.ambiental\" \/>\n<meta property=\"article:author\" content=\"https:\/\/www.facebook.com\/share\/1C1V8Gv9BX\/?mibextid=qi2Omg\" \/>\n<meta property=\"article:published_time\" content=\"2017-10-10T12:00:13+00:00\" \/>\n<meta property=\"og:image\" content=\"https:\/\/patagoniambiental.com.ar\/info\/wp-content\/uploads\/2017\/10\/limpieza-parques.jpg\" \/>\n\t<meta property=\"og:image:width\" content=\"400\" \/>\n\t<meta property=\"og:image:height\" content=\"225\" \/>\n\t<meta property=\"og:image:type\" content=\"image\/jpeg\" \/>\n<meta name=\"author\" content=\"Patagonia Ambiental\" \/>\n<meta name=\"twitter:card\" content=\"summary_large_image\" \/>\n<meta name=\"twitter:creator\" content=\"@PatAmb\" \/>\n<meta name=\"twitter:site\" content=\"@PatAmb\" \/>\n<script type=\"application\/ld+json\" class=\"yoast-schema-graph\">{\"@context\":\"https:\\\/\\\/schema.org\",\"@graph\":[{\"@type\":\"Article\",\"@id\":\"https:\\\/\\\/patagoniambiental.com.ar\\\/info\\\/acondicionan-espacios-publicos-y-recreativos-en-diversos-barrios-de-rawson\\\/#article\",\"isPartOf\":{\"@id\":\"https:\\\/\\\/patagoniambiental.com.ar\\\/info\\\/acondicionan-espacios-publicos-y-recreativos-en-diversos-barrios-de-rawson\\\/\"},\"author\":{\"name\":\"Patagonia Ambiental\",\"@id\":\"https:\\\/\\\/patagoniambiental.com.ar\\\/info\\\/#\\\/schema\\\/person\\\/db12bff64bbcbf6a253710bf0ea37b5d\"},\"headline\":\"Acondicionan espacios p\u00fablicos y recreativos en diversos barrios de Rawson\",\"datePublished\":\"2017-10-10T12:00:13+00:00\",\"mainEntityOfPage\":{\"@id\":\"https:\\\/\\\/patagoniambiental.com.ar\\\/info\\\/acondicionan-espacios-publicos-y-recreativos-en-diversos-barrios-de-rawson\\\/\"},\"wordCount\":474,\"commentCount\":0,\"publisher\":{\"@id\":\"https:\\\/\\\/patagoniambiental.com.ar\\\/info\\\/#organization\"},\"image\":{\"@id\":\"https:\\\/\\\/patagoniambiental.com.ar\\\/info\\\/acondicionan-espacios-publicos-y-recreativos-en-diversos-barrios-de-rawson\\\/#primaryimage\"},\"thumbnailUrl\":\"https:\\\/\\\/patagoniambiental.com.ar\\\/info\\\/wp-content\\\/uploads\\\/2017\\\/10\\\/limpieza-parques.jpg\",\"articleSection\":[\"Municipales\",\"Noticias\"],\"inLanguage\":\"es\",\"potentialAction\":[{\"@type\":\"CommentAction\",\"name\":\"Comment\",\"target\":[\"https:\\\/\\\/patagoniambiental.com.ar\\\/info\\\/acondicionan-espacios-publicos-y-recreativos-en-diversos-barrios-de-rawson\\\/#respond\"]}]},{\"@type\":\"WebPage\",\"@id\":\"https:\\\/\\\/patagoniambiental.com.ar\\\/info\\\/acondicionan-espacios-publicos-y-recreativos-en-diversos-barrios-de-rawson\\\/\",\"url\":\"https:\\\/\\\/patagoniambiental.com.ar\\\/info\\\/acondicionan-espacios-publicos-y-recreativos-en-diversos-barrios-de-rawson\\\/\",\"name\":\"Acondicionan espacios p\u00fablicos y recreativos en diversos barrios de Rawson\",\"isPartOf\":{\"@id\":\"https:\\\/\\\/patagoniambiental.com.ar\\\/info\\\/#website\"},\"primaryImageOfPage\":{\"@id\":\"https:\\\/\\\/patagoniambiental.com.ar\\\/info\\\/acondicionan-espacios-publicos-y-recreativos-en-diversos-barrios-de-rawson\\\/#primaryimage\"},\"image\":{\"@id\":\"https:\\\/\\\/patagoniambiental.com.ar\\\/info\\\/acondicionan-espacios-publicos-y-recreativos-en-diversos-barrios-de-rawson\\\/#primaryimage\"},\"thumbnailUrl\":\"https:\\\/\\\/patagoniambiental.com.ar\\\/info\\\/wp-content\\\/uploads\\\/2017\\\/10\\\/limpieza-parques.jpg\",\"datePublished\":\"2017-10-10T12:00:13+00:00\",\"breadcrumb\":{\"@id\":\"https:\\\/\\\/patagoniambiental.com.ar\\\/info\\\/acondicionan-espacios-publicos-y-recreativos-en-diversos-barrios-de-rawson\\\/#breadcrumb\"},\"inLanguage\":\"es\",\"potentialAction\":[{\"@type\":\"ReadAction\",\"target\":[\"https:\\\/\\\/patagoniambiental.com.ar\\\/info\\\/acondicionan-espacios-publicos-y-recreativos-en-diversos-barrios-de-rawson\\\/\"]}]},{\"@type\":\"ImageObject\",\"inLanguage\":\"es\",\"@id\":\"https:\\\/\\\/patagoniambiental.com.ar\\\/info\\\/acondicionan-espacios-publicos-y-recreativos-en-diversos-barrios-de-rawson\\\/#primaryimage\",\"url\":\"https:\\\/\\\/patagoniambiental.com.ar\\\/info\\\/wp-content\\\/uploads\\\/2017\\\/10\\\/limpieza-parques.jpg\",\"contentUrl\":\"https:\\\/\\\/patagoniambiental.com.ar\\\/info\\\/wp-content\\\/uploads\\\/2017\\\/10\\\/limpieza-parques.jpg\",\"width\":400,\"height\":225},{\"@type\":\"BreadcrumbList\",\"@id\":\"https:\\\/\\\/patagoniambiental.com.ar\\\/info\\\/acondicionan-espacios-publicos-y-recreativos-en-diversos-barrios-de-rawson\\\/#breadcrumb\",\"itemListElement\":[{\"@type\":\"ListItem\",\"position\":1,\"name\":\"Inicio\",\"item\":\"https:\\\/\\\/patagoniambiental.com.ar\\\/info\\\/\"},{\"@type\":\"ListItem\",\"position\":2,\"name\":\"Acondicionan espacios p\u00fablicos y recreativos en diversos barrios de Rawson\"}]},{\"@type\":\"WebSite\",\"@id\":\"https:\\\/\\\/patagoniambiental.com.ar\\\/info\\\/#website\",\"url\":\"https:\\\/\\\/patagoniambiental.com.ar\\\/info\\\/\",\"name\":\"Patagonia Ambiental\",\"description\":\"Monitoreo y an\u00e1lisis de la situaci\u00f3n geopol\u00edtica en el mundo y su implicancia en la Patagonia\",\"publisher\":{\"@id\":\"https:\\\/\\\/patagoniambiental.com.ar\\\/info\\\/#organization\"},\"potentialAction\":[{\"@type\":\"SearchAction\",\"target\":{\"@type\":\"EntryPoint\",\"urlTemplate\":\"https:\\\/\\\/patagoniambiental.com.ar\\\/info\\\/?s={search_term_string}\"},\"query-input\":{\"@type\":\"PropertyValueSpecification\",\"valueRequired\":true,\"valueName\":\"search_term_string\"}}],\"inLanguage\":\"es\"},{\"@type\":\"Organization\",\"@id\":\"https:\\\/\\\/patagoniambiental.com.ar\\\/info\\\/#organization\",\"name\":\"Patagonia Ambiental\",\"url\":\"https:\\\/\\\/patagoniambiental.com.ar\\\/info\\\/\",\"logo\":{\"@type\":\"ImageObject\",\"inLanguage\":\"es\",\"@id\":\"https:\\\/\\\/patagoniambiental.com.ar\\\/info\\\/#\\\/schema\\\/logo\\\/image\\\/\",\"url\":\"https:\\\/\\\/patagoniambiental.com.ar\\\/info\\\/wp-content\\\/uploads\\\/2025\\\/05\\\/LOGO-PATAGONIA-AMBIENTAL.png\",\"contentUrl\":\"https:\\\/\\\/patagoniambiental.com.ar\\\/info\\\/wp-content\\\/uploads\\\/2025\\\/05\\\/LOGO-PATAGONIA-AMBIENTAL.png\",\"width\":433,\"height\":250,\"caption\":\"Patagonia Ambiental\"},\"image\":{\"@id\":\"https:\\\/\\\/patagoniambiental.com.ar\\\/info\\\/#\\\/schema\\\/logo\\\/image\\\/\"},\"sameAs\":[\"https:\\\/\\\/www.facebook.com\\\/patagonia.ambiental\",\"https:\\\/\\\/x.com\\\/PatAmb\"]},{\"@type\":\"Person\",\"@id\":\"https:\\\/\\\/patagoniambiental.com.ar\\\/info\\\/#\\\/schema\\\/person\\\/db12bff64bbcbf6a253710bf0ea37b5d\",\"name\":\"Patagonia Ambiental\",\"description\":\"Andr\u00e9s Nievas T\u00e9cnico en manejo ambiental, consultor Ambiental y escritor para medios locales e internacionales sobre temas de geopolitica y medio ambiente.\",\"sameAs\":[\"http:\\\/\\\/www.patagoniambiental.com.ar\",\"https:\\\/\\\/www.facebook.com\\\/share\\\/1C1V8Gv9BX\\\/?mibextid=qi2Omg\",\"@patagoniambiental\",\"https:\\\/\\\/youtube.com\\\/@patagoniaambiental2023?si=BLt58t0wuXquxlYZ\"]}]}<\/script>\n<!-- \/ Yoast SEO Premium plugin. -->","yoast_head_json":{"title":"Acondicionan espacios p\u00fablicos y recreativos en diversos barrios de Rawson","robots":{"index":"index","follow":"follow","max-snippet":"max-snippet:-1","max-image-preview":"max-image-preview:large","max-video-preview":"max-video-preview:-1"},"canonical":"https:\/\/patagoniambiental.com.ar\/info\/acondicionan-espacios-publicos-y-recreativos-en-diversos-barrios-de-rawson\/","og_locale":"es_ES","og_type":"article","og_title":"Acondicionan espacios p\u00fablicos y recreativos en diversos barrios de Rawson","og_description":"RAWSON.- En el marco de los trabajos permanentes de la Municipalidad de Rawson para mantener en condiciones distintos sectores de [&hellip;]","og_url":"https:\/\/patagoniambiental.com.ar\/info\/acondicionan-espacios-publicos-y-recreativos-en-diversos-barrios-de-rawson\/","og_site_name":"Patagonia Ambiental","article_publisher":"https:\/\/www.facebook.com\/patagonia.ambiental","article_author":"https:\/\/www.facebook.com\/share\/1C1V8Gv9BX\/?mibextid=qi2Omg","article_published_time":"2017-10-10T12:00:13+00:00","og_image":[{"width":400,"height":225,"url":"https:\/\/patagoniambiental.com.ar\/info\/wp-content\/uploads\/2017\/10\/limpieza-parques.jpg","type":"image\/jpeg"}],"author":"Patagonia Ambiental","twitter_card":"summary_large_image","twitter_creator":"@PatAmb","twitter_site":"@PatAmb","schema":{"@context":"https:\/\/schema.org","@graph":[{"@type":"Article","@id":"https:\/\/patagoniambiental.com.ar\/info\/acondicionan-espacios-publicos-y-recreativos-en-diversos-barrios-de-rawson\/#article","isPartOf":{"@id":"https:\/\/patagoniambiental.com.ar\/info\/acondicionan-espacios-publicos-y-recreativos-en-diversos-barrios-de-rawson\/"},"author":{"name":"Patagonia Ambiental","@id":"https:\/\/patagoniambiental.com.ar\/info\/#\/schema\/person\/db12bff64bbcbf6a253710bf0ea37b5d"},"headline":"Acondicionan espacios p\u00fablicos y recreativos en diversos barrios de Rawson","datePublished":"2017-10-10T12:00:13+00:00","mainEntityOfPage":{"@id":"https:\/\/patagoniambiental.com.ar\/info\/acondicionan-espacios-publicos-y-recreativos-en-diversos-barrios-de-rawson\/"},"wordCount":474,"commentCount":0,"publisher":{"@id":"https:\/\/patagoniambiental.com.ar\/info\/#organization"},"image":{"@id":"https:\/\/patagoniambiental.com.ar\/info\/acondicionan-espacios-publicos-y-recreativos-en-diversos-barrios-de-rawson\/#primaryimage"},"thumbnailUrl":"https:\/\/patagoniambiental.com.ar\/info\/wp-content\/uploads\/2017\/10\/limpieza-parques.jpg","articleSection":["Municipales","Noticias"],"inLanguage":"es","potentialAction":[{"@type":"CommentAction","name":"Comment","target":["https:\/\/patagoniambiental.com.ar\/info\/acondicionan-espacios-publicos-y-recreativos-en-diversos-barrios-de-rawson\/#respond"]}]},{"@type":"WebPage","@id":"https:\/\/patagoniambiental.com.ar\/info\/acondicionan-espacios-publicos-y-recreativos-en-diversos-barrios-de-rawson\/","url":"https:\/\/patagoniambiental.com.ar\/info\/acondicionan-espacios-publicos-y-recreativos-en-diversos-barrios-de-rawson\/","name":"Acondicionan espacios p\u00fablicos y recreativos en diversos barrios de Rawson","isPartOf":{"@id":"https:\/\/patagoniambiental.com.ar\/info\/#website"},"primaryImageOfPage":{"@id":"https:\/\/patagoniambiental.com.ar\/info\/acondicionan-espacios-publicos-y-recreativos-en-diversos-barrios-de-rawson\/#primaryimage"},"image":{"@id":"https:\/\/patagoniambiental.com.ar\/info\/acondicionan-espacios-publicos-y-recreativos-en-diversos-barrios-de-rawson\/#primaryimage"},"thumbnailUrl":"https:\/\/patagoniambiental.com.ar\/info\/wp-content\/uploads\/2017\/10\/limpieza-parques.jpg","datePublished":"2017-10-10T12:00:13+00:00","breadcrumb":{"@id":"https:\/\/patagoniambiental.com.ar\/info\/acondicionan-espacios-publicos-y-recreativos-en-diversos-barrios-de-rawson\/#breadcrumb"},"inLanguage":"es","potentialAction":[{"@type":"ReadAction","target":["https:\/\/patagoniambiental.com.ar\/info\/acondicionan-espacios-publicos-y-recreativos-en-diversos-barrios-de-rawson\/"]}]},{"@type":"ImageObject","inLanguage":"es","@id":"https:\/\/patagoniambiental.com.ar\/info\/acondicionan-espacios-publicos-y-recreativos-en-diversos-barrios-de-rawson\/#primaryimage","url":"https:\/\/patagoniambiental.com.ar\/info\/wp-content\/uploads\/2017\/10\/limpieza-parques.jpg","contentUrl":"https:\/\/patagoniambiental.com.ar\/info\/wp-content\/uploads\/2017\/10\/limpieza-parques.jpg","width":400,"height":225},{"@type":"BreadcrumbList","@id":"https:\/\/patagoniambiental.com.ar\/info\/acondicionan-espacios-publicos-y-recreativos-en-diversos-barrios-de-rawson\/#breadcrumb","itemListElement":[{"@type":"ListItem","position":1,"name":"Inicio","item":"https:\/\/patagoniambiental.com.ar\/info\/"},{"@type":"ListItem","position":2,"name":"Acondicionan espacios p\u00fablicos y recreativos en diversos barrios de Rawson"}]},{"@type":"WebSite","@id":"https:\/\/patagoniambiental.com.ar\/info\/#website","url":"https:\/\/patagoniambiental.com.ar\/info\/","name":"Patagonia Ambiental","description":"Monitoreo y an\u00e1lisis de la situaci\u00f3n geopol\u00edtica en el mundo y su implicancia en la Patagonia","publisher":{"@id":"https:\/\/patagoniambiental.com.ar\/info\/#organization"},"potentialAction":[{"@type":"SearchAction","target":{"@type":"EntryPoint","urlTemplate":"https:\/\/patagoniambiental.com.ar\/info\/?s={search_term_string}"},"query-input":{"@type":"PropertyValueSpecification","valueRequired":true,"valueName":"search_term_string"}}],"inLanguage":"es"},{"@type":"Organization","@id":"https:\/\/patagoniambiental.com.ar\/info\/#organization","name":"Patagonia Ambiental","url":"https:\/\/patagoniambiental.com.ar\/info\/","logo":{"@type":"ImageObject","inLanguage":"es","@id":"https:\/\/patagoniambiental.com.ar\/info\/#\/schema\/logo\/image\/","url":"https:\/\/patagoniambiental.com.ar\/info\/wp-content\/uploads\/2025\/05\/LOGO-PATAGONIA-AMBIENTAL.png","contentUrl":"https:\/\/patagoniambiental.com.ar\/info\/wp-content\/uploads\/2025\/05\/LOGO-PATAGONIA-AMBIENTAL.png","width":433,"height":250,"caption":"Patagonia Ambiental"},"image":{"@id":"https:\/\/patagoniambiental.com.ar\/info\/#\/schema\/logo\/image\/"},"sameAs":["https:\/\/www.facebook.com\/patagonia.ambiental","https:\/\/x.com\/PatAmb"]},{"@type":"Person","@id":"https:\/\/patagoniambiental.com.ar\/info\/#\/schema\/person\/db12bff64bbcbf6a253710bf0ea37b5d","name":"Patagonia Ambiental","description":"Andr\u00e9s Nievas T\u00e9cnico en manejo ambiental, consultor Ambiental y escritor para medios locales e internacionales sobre temas de geopolitica y medio ambiente.","sameAs":["http:\/\/www.patagoniambiental.com.ar","https:\/\/www.facebook.com\/share\/1C1V8Gv9BX\/?mibextid=qi2Omg","@patagoniambiental","https:\/\/youtube.com\/@patagoniaambiental2023?si=BLt58t0wuXquxlYZ"]}]}},"_links":{"self":[{"href":"https:\/\/patagoniambiental.com.ar\/info\/wp-json\/wp\/v2\/posts\/36261","targetHints":{"allow":["GET"]}}],"collection":[{"href":"https:\/\/patagoniambiental.com.ar\/info\/wp-json\/wp\/v2\/posts"}],"about":[{"href":"https:\/\/patagoniambiental.com.ar\/info\/wp-json\/wp\/v2\/types\/post"}],"author":[{"embeddable":true,"href":"https:\/\/patagoniambiental.com.ar\/info\/wp-json\/wp\/v2\/users\/2"}],"replies":[{"embeddable":true,"href":"https:\/\/patagoniambiental.com.ar\/info\/wp-json\/wp\/v2\/comments?post=36261"}],"version-history":[{"count":0,"href":"https:\/\/patagoniambiental.com.ar\/info\/wp-json\/wp\/v2\/posts\/36261\/revisions"}],"wp:featuredmedia":[{"embeddable":true,"href":"https:\/\/patagoniambiental.com.ar\/info\/wp-json\/wp\/v2\/media\/36262"}],"wp:attachment":[{"href":"https:\/\/patagoniambiental.com.ar\/info\/wp-json\/wp\/v2\/media?parent=36261"}],"wp:term":[{"taxonomy":"category","embeddable":true,"href":"https:\/\/patagoniambiental.com.ar\/info\/wp-json\/wp\/v2\/categories?post=36261"},{"taxonomy":"post_tag","embeddable":true,"href":"https:\/\/patagoniambiental.com.ar\/info\/wp-json\/wp\/v2\/tags?post=36261"}],"curies":[{"name":"wp","href":"https:\/\/api.w.org\/{rel}","templated":true}]}}