{"id":36279,"date":"2017-10-10T09:00:45","date_gmt":"2017-10-10T12:00:45","guid":{"rendered":"http:\/\/patagoniambiental.com.ar\/info\/?p=36279"},"modified":"2017-10-09T20:42:19","modified_gmt":"2017-10-09T23:42:19","slug":"mas-de-mil-voluntarios-limpiaran-los-fondos-marinos-del-litoral-espanol","status":"publish","type":"post","link":"https:\/\/patagoniambiental.com.ar\/info\/mas-de-mil-voluntarios-limpiaran-los-fondos-marinos-del-litoral-espanol\/","title":{"rendered":"M\u00e1s de mil voluntarios limpiar\u00e1n los fondos marinos del litoral espa\u00f1ol"},"content":{"rendered":"<p class=\"entradilla\">M\u00e1s de mil voluntarios, la mayor\u00eda buceadores, se han inscrito ya en la III Gran Limpieza Nacional de Fondos Marinos, que tendr\u00e1 lugar el pr\u00f3ximo fin de semana en treinta puntos del litoral espa\u00f1ol.<\/p>\n<p class=\"txt\">Los submarinistas y voluntarios en tierra de la Red de Vigilantes Marinos retirar\u00e1n un a\u00f1o m\u00e1s la basura marina que se acumula en las costas, seg\u00fan ha informado esta organizaci\u00f3n en un comunicado.<\/p>\n<p class=\"txt\"><em>\u201cLos residuos s\u00f3lidos que llegan a los mares y oc\u00e9anos ocasionan la muerte de m\u00e1s de un mill\u00f3n de aves y cien mil tortugas y mam\u00edferos anualmente<\/em>\u201c, ha se\u00f1alado la Red de Vigilantes Marinos.<\/p>\n<div id=\"attachment_96012\" class=\"wp-caption alignright\">\n<p class=\"wp-caption-text\">\n<\/div>\n<p class=\"txt\">El pasado a\u00f1o los submarinistas que participaron en esta limpieza retiraron\u00a0<strong>m\u00e1s de 10 toneladas<\/strong>de basuras del mar y este a\u00f1o ya est\u00e1n preparando sus actuaciones en diversos puntos del litoral espa\u00f1ol.<\/p>\n<p class=\"txt\">Los residuos m\u00e1s encontrados en los fondos marinos son\u00a0<em>\u201clatas, botellas, art\u00edculos de pesca y micropl\u00e1sticos\u201d<\/em>, seg\u00fan ha explicado a EFE el coordinador de esta Red, Antonio M\u00e1rquez, quien a\u00f1ade que tambi\u00e9n se han llegado a encontrar bajo el agua numerosas ruedas de neum\u00e1tico, carritos de la compra y \u201c<em>hasta un todoterreno se retir\u00f3 del mar en una ocasi\u00f3n en Melilla<\/em>\u201c.<\/p>\n<p class=\"txt\">Este a\u00f1o, se han involucrado en la actividad clubes de buceo de Andaluc\u00eda, Asturias, Canarias, Castilla-Le\u00f3n, Galicia, Murcia y Ceuta y Melilla, con uno o varios puntos de limpieza en cada localidad.<\/p>\n<p class=\"txt\">La acci\u00f3n pretende, de un lado, retirar los residuos nocivos para el medio ambiente y, de otro, recopilar datos sobre la ubicaci\u00f3n y categor\u00edas de los mismos \u201c<em>que sirva para dise\u00f1ar planes de actuaci\u00f3n contra este problema ambiental\u201d.<\/em><\/p>\n<p class=\"txt\">Con la ayuda de \u201cMarnoba\u201d, una aplicaci\u00f3n para m\u00f3viles gratuita, los buceadores, ba\u00f1istas, pescadores y ciudadanos en general podr\u00e1n registrar datos sobre basuras encontradas en nuestras costas.<\/p>\n<h2 class=\"txt\">Sensibilizaci\u00f3n y participaci\u00f3n de los m\u00e1s j\u00f3venes<\/h2>\n<p class=\"txt\">Adem\u00e1s, la limpieza se apoyar\u00e1 de un fomento de la educaci\u00f3n ambiental, a trav\u00e9s de talleres de concienciaci\u00f3n \u201c<em>en buena parte de los enclaves donde tienen lugar las actuaciones<\/em>\u201d y de charlas en centros escolares, donde se ense\u00f1ar\u00e1n las fotos y v\u00eddeos que se realicen durante las limpiezas.<\/p>\n<div id=\"attachment_96014\" class=\"wp-caption aligncenter\"><a href=\"http:\/\/www.efeverde.com\/wp-content\/uploads\/2017\/10\/Cudillero2.jpg\"><img fetchpriority=\"high\" decoding=\"async\" class=\" wp-image-96014\" src=\"http:\/\/www.efeverde.com\/wp-content\/uploads\/2017\/10\/Cudillero2.jpg\" alt=\"\" width=\"572\" height=\"381\" \/><\/a><\/p>\n<p class=\"wp-caption-text\">Una silla hallada en el fondo del mar. Foto cedida por la Red de Vigilantes Marinos<\/p>\n<\/div>\n<p class=\"txt\">Otro de los objetivos de la Red, de acuerdo con su organizaci\u00f3n, es el de fomentar el voluntariado joven, con la figura del \u201cPequevoluntario\u201d: ni\u00f1os y ni\u00f1as que participan en las playas mientras los buceadores retiran basuras de los fondos marinos.<\/p>\n<p class=\"txt\">La Red, una iniciativa de la ONG Oce\u00e1nidas, est\u00e1 compuesta mayoritariamente por submarinistas que, de forma voluntaria, se involucran en la acci\u00f3n de conservaci\u00f3n del medio marino, ya que \u201c<em>al fin y al cabo, es el medio en que se mueven, sea profesionalmente o por afici\u00f3n, y por tanto quieren que sea un entorno saludable y limpio\u201d<\/em>, ha argumentado M\u00e1rquez.<\/p>\n<p class=\"txt\">Fuente: Efeverde<\/p>\n<div><\/div>\n","protected":false},"excerpt":{"rendered":"<p>M\u00e1s de mil voluntarios, la mayor\u00eda buceadores, se han inscrito ya en la III Gran Limpieza Nacional de Fondos Marinos, [&hellip;]<\/p>\n","protected":false},"author":2,"featured_media":36280,"comment_status":"open","ping_status":"open","sticky":false,"template":"","format":"standard","meta":{"site-sidebar-layout":"default","site-content-layout":"","ast-site-content-layout":"default","site-content-style":"default","site-sidebar-style":"default","ast-global-header-display":"","ast-banner-title-visibility":"","ast-main-header-display":"","ast-hfb-above-header-display":"","ast-hfb-below-header-display":"","ast-hfb-mobile-header-display":"","site-post-title":"","ast-breadcrumbs-content":"","ast-featured-img":"","footer-sml-layout":"","ast-disable-related-posts":"","theme-transparent-header-meta":"","adv-header-id-meta":"","stick-header-meta":"","header-above-stick-meta":"","header-main-stick-meta":"","header-below-stick-meta":"","astra-migrate-meta-layouts":"default","ast-page-background-enabled":"default","ast-page-background-meta":{"desktop":{"background-color":"var(--ast-global-color-5)","background-image":"","background-repeat":"repeat","background-position":"center center","background-size":"auto","background-attachment":"scroll","background-type":"","background-media":"","overlay-type":"","overlay-color":"","overlay-opacity":"","overlay-gradient":""},"tablet":{"background-color":"","background-image":"","background-repeat":"repeat","background-position":"center center","background-size":"auto","background-attachment":"scroll","background-type":"","background-media":"","overlay-type":"","overlay-color":"","overlay-opacity":"","overlay-gradient":""},"mobile":{"background-color":"","background-image":"","background-repeat":"repeat","background-position":"center center","background-size":"auto","background-attachment":"scroll","background-type":"","background-media":"","overlay-type":"","overlay-color":"","overlay-opacity":"","overlay-gradient":""}},"ast-content-background-meta":{"desktop":{"background-color":"var(--ast-global-color-4)","background-image":"","background-repeat":"repeat","background-position":"center center","background-size":"auto","background-attachment":"scroll","background-type":"","background-media":"","overlay-type":"","overlay-color":"","overlay-opacity":"","overlay-gradient":""},"tablet":{"background-color":"var(--ast-global-color-4)","background-image":"","background-repeat":"repeat","background-position":"center center","background-size":"auto","background-attachment":"scroll","background-type":"","background-media":"","overlay-type":"","overlay-color":"","overlay-opacity":"","overlay-gradient":""},"mobile":{"background-color":"var(--ast-global-color-4)","background-image":"","background-repeat":"repeat","background-position":"center center","background-size":"auto","background-attachment":"scroll","background-type":"","background-media":"","overlay-type":"","overlay-color":"","overlay-opacity":"","overlay-gradient":""}},"footnotes":""},"categories":[23,1],"tags":[],"class_list":["post-36279","post","type-post","status-publish","format-standard","has-post-thumbnail","hentry","category-internacionales","category-noticias"],"yoast_head":"<!-- This site is optimized with the Yoast SEO Premium plugin v23.0 (Yoast SEO v27.4) - https:\/\/yoast.com\/product\/yoast-seo-premium-wordpress\/ -->\n<title>M\u00e1s de mil voluntarios limpiar\u00e1n los fondos marinos del litoral espa\u00f1ol<\/title>\n<meta name=\"robots\" content=\"index, follow, max-snippet:-1, max-image-preview:large, max-video-preview:-1\" \/>\n<link rel=\"canonical\" href=\"https:\/\/patagoniambiental.com.ar\/info\/mas-de-mil-voluntarios-limpiaran-los-fondos-marinos-del-litoral-espanol\/\" \/>\n<meta property=\"og:locale\" content=\"es_ES\" \/>\n<meta property=\"og:type\" content=\"article\" \/>\n<meta property=\"og:title\" content=\"M\u00e1s de mil voluntarios limpiar\u00e1n los fondos marinos del litoral espa\u00f1ol\" \/>\n<meta property=\"og:description\" content=\"M\u00e1s de mil voluntarios, la mayor\u00eda buceadores, se han inscrito ya en la III Gran Limpieza Nacional de Fondos Marinos, [&hellip;]\" \/>\n<meta property=\"og:url\" content=\"https:\/\/patagoniambiental.com.ar\/info\/mas-de-mil-voluntarios-limpiaran-los-fondos-marinos-del-litoral-espanol\/\" \/>\n<meta property=\"og:site_name\" content=\"Patagonia Ambiental\" \/>\n<meta property=\"article:publisher\" content=\"https:\/\/www.facebook.com\/patagonia.ambiental\" \/>\n<meta property=\"article:author\" content=\"https:\/\/www.facebook.com\/share\/1C1V8Gv9BX\/?mibextid=qi2Omg\" \/>\n<meta property=\"article:published_time\" content=\"2017-10-10T12:00:45+00:00\" \/>\n<meta property=\"og:image\" content=\"https:\/\/patagoniambiental.com.ar\/info\/wp-content\/uploads\/2017\/10\/Torre-del-Mar-13-768x1156.jpg\" \/>\n\t<meta property=\"og:image:width\" content=\"768\" \/>\n\t<meta property=\"og:image:height\" content=\"1156\" \/>\n\t<meta property=\"og:image:type\" content=\"image\/jpeg\" \/>\n<meta name=\"author\" content=\"Patagonia Ambiental\" \/>\n<meta name=\"twitter:card\" content=\"summary_large_image\" \/>\n<meta name=\"twitter:creator\" content=\"@PatAmb\" \/>\n<meta name=\"twitter:site\" content=\"@PatAmb\" \/>\n<script type=\"application\/ld+json\" class=\"yoast-schema-graph\">{\"@context\":\"https:\\\/\\\/schema.org\",\"@graph\":[{\"@type\":\"Article\",\"@id\":\"https:\\\/\\\/patagoniambiental.com.ar\\\/info\\\/mas-de-mil-voluntarios-limpiaran-los-fondos-marinos-del-litoral-espanol\\\/#article\",\"isPartOf\":{\"@id\":\"https:\\\/\\\/patagoniambiental.com.ar\\\/info\\\/mas-de-mil-voluntarios-limpiaran-los-fondos-marinos-del-litoral-espanol\\\/\"},\"author\":{\"name\":\"Patagonia Ambiental\",\"@id\":\"https:\\\/\\\/patagoniambiental.com.ar\\\/info\\\/#\\\/schema\\\/person\\\/db12bff64bbcbf6a253710bf0ea37b5d\"},\"headline\":\"M\u00e1s de mil voluntarios limpiar\u00e1n los fondos marinos del litoral espa\u00f1ol\",\"datePublished\":\"2017-10-10T12:00:45+00:00\",\"mainEntityOfPage\":{\"@id\":\"https:\\\/\\\/patagoniambiental.com.ar\\\/info\\\/mas-de-mil-voluntarios-limpiaran-los-fondos-marinos-del-litoral-espanol\\\/\"},\"wordCount\":538,\"commentCount\":0,\"publisher\":{\"@id\":\"https:\\\/\\\/patagoniambiental.com.ar\\\/info\\\/#organization\"},\"image\":{\"@id\":\"https:\\\/\\\/patagoniambiental.com.ar\\\/info\\\/mas-de-mil-voluntarios-limpiaran-los-fondos-marinos-del-litoral-espanol\\\/#primaryimage\"},\"thumbnailUrl\":\"https:\\\/\\\/patagoniambiental.com.ar\\\/info\\\/wp-content\\\/uploads\\\/2017\\\/10\\\/Torre-del-Mar-13-768x1156.jpg\",\"articleSection\":[\"Internacionales\",\"Noticias\"],\"inLanguage\":\"es\",\"potentialAction\":[{\"@type\":\"CommentAction\",\"name\":\"Comment\",\"target\":[\"https:\\\/\\\/patagoniambiental.com.ar\\\/info\\\/mas-de-mil-voluntarios-limpiaran-los-fondos-marinos-del-litoral-espanol\\\/#respond\"]}]},{\"@type\":\"WebPage\",\"@id\":\"https:\\\/\\\/patagoniambiental.com.ar\\\/info\\\/mas-de-mil-voluntarios-limpiaran-los-fondos-marinos-del-litoral-espanol\\\/\",\"url\":\"https:\\\/\\\/patagoniambiental.com.ar\\\/info\\\/mas-de-mil-voluntarios-limpiaran-los-fondos-marinos-del-litoral-espanol\\\/\",\"name\":\"M\u00e1s de mil voluntarios limpiar\u00e1n los fondos marinos del litoral espa\u00f1ol\",\"isPartOf\":{\"@id\":\"https:\\\/\\\/patagoniambiental.com.ar\\\/info\\\/#website\"},\"primaryImageOfPage\":{\"@id\":\"https:\\\/\\\/patagoniambiental.com.ar\\\/info\\\/mas-de-mil-voluntarios-limpiaran-los-fondos-marinos-del-litoral-espanol\\\/#primaryimage\"},\"image\":{\"@id\":\"https:\\\/\\\/patagoniambiental.com.ar\\\/info\\\/mas-de-mil-voluntarios-limpiaran-los-fondos-marinos-del-litoral-espanol\\\/#primaryimage\"},\"thumbnailUrl\":\"https:\\\/\\\/patagoniambiental.com.ar\\\/info\\\/wp-content\\\/uploads\\\/2017\\\/10\\\/Torre-del-Mar-13-768x1156.jpg\",\"datePublished\":\"2017-10-10T12:00:45+00:00\",\"breadcrumb\":{\"@id\":\"https:\\\/\\\/patagoniambiental.com.ar\\\/info\\\/mas-de-mil-voluntarios-limpiaran-los-fondos-marinos-del-litoral-espanol\\\/#breadcrumb\"},\"inLanguage\":\"es\",\"potentialAction\":[{\"@type\":\"ReadAction\",\"target\":[\"https:\\\/\\\/patagoniambiental.com.ar\\\/info\\\/mas-de-mil-voluntarios-limpiaran-los-fondos-marinos-del-litoral-espanol\\\/\"]}]},{\"@type\":\"ImageObject\",\"inLanguage\":\"es\",\"@id\":\"https:\\\/\\\/patagoniambiental.com.ar\\\/info\\\/mas-de-mil-voluntarios-limpiaran-los-fondos-marinos-del-litoral-espanol\\\/#primaryimage\",\"url\":\"https:\\\/\\\/patagoniambiental.com.ar\\\/info\\\/wp-content\\\/uploads\\\/2017\\\/10\\\/Torre-del-Mar-13-768x1156.jpg\",\"contentUrl\":\"https:\\\/\\\/patagoniambiental.com.ar\\\/info\\\/wp-content\\\/uploads\\\/2017\\\/10\\\/Torre-del-Mar-13-768x1156.jpg\",\"width\":399,\"height\":600},{\"@type\":\"BreadcrumbList\",\"@id\":\"https:\\\/\\\/patagoniambiental.com.ar\\\/info\\\/mas-de-mil-voluntarios-limpiaran-los-fondos-marinos-del-litoral-espanol\\\/#breadcrumb\",\"itemListElement\":[{\"@type\":\"ListItem\",\"position\":1,\"name\":\"Inicio\",\"item\":\"https:\\\/\\\/patagoniambiental.com.ar\\\/info\\\/\"},{\"@type\":\"ListItem\",\"position\":2,\"name\":\"M\u00e1s de mil voluntarios limpiar\u00e1n los fondos marinos del litoral espa\u00f1ol\"}]},{\"@type\":\"WebSite\",\"@id\":\"https:\\\/\\\/patagoniambiental.com.ar\\\/info\\\/#website\",\"url\":\"https:\\\/\\\/patagoniambiental.com.ar\\\/info\\\/\",\"name\":\"Patagonia Ambiental\",\"description\":\"Monitoreo y an\u00e1lisis de la situaci\u00f3n geopol\u00edtica en el mundo y su implicancia en la Patagonia\",\"publisher\":{\"@id\":\"https:\\\/\\\/patagoniambiental.com.ar\\\/info\\\/#organization\"},\"potentialAction\":[{\"@type\":\"SearchAction\",\"target\":{\"@type\":\"EntryPoint\",\"urlTemplate\":\"https:\\\/\\\/patagoniambiental.com.ar\\\/info\\\/?s={search_term_string}\"},\"query-input\":{\"@type\":\"PropertyValueSpecification\",\"valueRequired\":true,\"valueName\":\"search_term_string\"}}],\"inLanguage\":\"es\"},{\"@type\":\"Organization\",\"@id\":\"https:\\\/\\\/patagoniambiental.com.ar\\\/info\\\/#organization\",\"name\":\"Patagonia Ambiental\",\"url\":\"https:\\\/\\\/patagoniambiental.com.ar\\\/info\\\/\",\"logo\":{\"@type\":\"ImageObject\",\"inLanguage\":\"es\",\"@id\":\"https:\\\/\\\/patagoniambiental.com.ar\\\/info\\\/#\\\/schema\\\/logo\\\/image\\\/\",\"url\":\"https:\\\/\\\/patagoniambiental.com.ar\\\/info\\\/wp-content\\\/uploads\\\/2025\\\/05\\\/LOGO-PATAGONIA-AMBIENTAL.png\",\"contentUrl\":\"https:\\\/\\\/patagoniambiental.com.ar\\\/info\\\/wp-content\\\/uploads\\\/2025\\\/05\\\/LOGO-PATAGONIA-AMBIENTAL.png\",\"width\":433,\"height\":250,\"caption\":\"Patagonia Ambiental\"},\"image\":{\"@id\":\"https:\\\/\\\/patagoniambiental.com.ar\\\/info\\\/#\\\/schema\\\/logo\\\/image\\\/\"},\"sameAs\":[\"https:\\\/\\\/www.facebook.com\\\/patagonia.ambiental\",\"https:\\\/\\\/x.com\\\/PatAmb\"]},{\"@type\":\"Person\",\"@id\":\"https:\\\/\\\/patagoniambiental.com.ar\\\/info\\\/#\\\/schema\\\/person\\\/db12bff64bbcbf6a253710bf0ea37b5d\",\"name\":\"Patagonia Ambiental\",\"description\":\"Andr\u00e9s Nievas T\u00e9cnico en manejo ambiental, consultor Ambiental y escritor para medios locales e internacionales sobre temas de geopolitica y medio ambiente.\",\"sameAs\":[\"http:\\\/\\\/www.patagoniambiental.com.ar\",\"https:\\\/\\\/www.facebook.com\\\/share\\\/1C1V8Gv9BX\\\/?mibextid=qi2Omg\",\"@patagoniambiental\",\"https:\\\/\\\/youtube.com\\\/@patagoniaambiental2023?si=BLt58t0wuXquxlYZ\"]}]}<\/script>\n<!-- \/ Yoast SEO Premium plugin. -->","yoast_head_json":{"title":"M\u00e1s de mil voluntarios limpiar\u00e1n los fondos marinos del litoral espa\u00f1ol","robots":{"index":"index","follow":"follow","max-snippet":"max-snippet:-1","max-image-preview":"max-image-preview:large","max-video-preview":"max-video-preview:-1"},"canonical":"https:\/\/patagoniambiental.com.ar\/info\/mas-de-mil-voluntarios-limpiaran-los-fondos-marinos-del-litoral-espanol\/","og_locale":"es_ES","og_type":"article","og_title":"M\u00e1s de mil voluntarios limpiar\u00e1n los fondos marinos del litoral espa\u00f1ol","og_description":"M\u00e1s de mil voluntarios, la mayor\u00eda buceadores, se han inscrito ya en la III Gran Limpieza Nacional de Fondos Marinos, [&hellip;]","og_url":"https:\/\/patagoniambiental.com.ar\/info\/mas-de-mil-voluntarios-limpiaran-los-fondos-marinos-del-litoral-espanol\/","og_site_name":"Patagonia Ambiental","article_publisher":"https:\/\/www.facebook.com\/patagonia.ambiental","article_author":"https:\/\/www.facebook.com\/share\/1C1V8Gv9BX\/?mibextid=qi2Omg","article_published_time":"2017-10-10T12:00:45+00:00","og_image":[{"width":768,"height":1156,"url":"https:\/\/patagoniambiental.com.ar\/info\/wp-content\/uploads\/2017\/10\/Torre-del-Mar-13-768x1156.jpg","type":"image\/jpeg"}],"author":"Patagonia Ambiental","twitter_card":"summary_large_image","twitter_creator":"@PatAmb","twitter_site":"@PatAmb","schema":{"@context":"https:\/\/schema.org","@graph":[{"@type":"Article","@id":"https:\/\/patagoniambiental.com.ar\/info\/mas-de-mil-voluntarios-limpiaran-los-fondos-marinos-del-litoral-espanol\/#article","isPartOf":{"@id":"https:\/\/patagoniambiental.com.ar\/info\/mas-de-mil-voluntarios-limpiaran-los-fondos-marinos-del-litoral-espanol\/"},"author":{"name":"Patagonia Ambiental","@id":"https:\/\/patagoniambiental.com.ar\/info\/#\/schema\/person\/db12bff64bbcbf6a253710bf0ea37b5d"},"headline":"M\u00e1s de mil voluntarios limpiar\u00e1n los fondos marinos del litoral espa\u00f1ol","datePublished":"2017-10-10T12:00:45+00:00","mainEntityOfPage":{"@id":"https:\/\/patagoniambiental.com.ar\/info\/mas-de-mil-voluntarios-limpiaran-los-fondos-marinos-del-litoral-espanol\/"},"wordCount":538,"commentCount":0,"publisher":{"@id":"https:\/\/patagoniambiental.com.ar\/info\/#organization"},"image":{"@id":"https:\/\/patagoniambiental.com.ar\/info\/mas-de-mil-voluntarios-limpiaran-los-fondos-marinos-del-litoral-espanol\/#primaryimage"},"thumbnailUrl":"https:\/\/patagoniambiental.com.ar\/info\/wp-content\/uploads\/2017\/10\/Torre-del-Mar-13-768x1156.jpg","articleSection":["Internacionales","Noticias"],"inLanguage":"es","potentialAction":[{"@type":"CommentAction","name":"Comment","target":["https:\/\/patagoniambiental.com.ar\/info\/mas-de-mil-voluntarios-limpiaran-los-fondos-marinos-del-litoral-espanol\/#respond"]}]},{"@type":"WebPage","@id":"https:\/\/patagoniambiental.com.ar\/info\/mas-de-mil-voluntarios-limpiaran-los-fondos-marinos-del-litoral-espanol\/","url":"https:\/\/patagoniambiental.com.ar\/info\/mas-de-mil-voluntarios-limpiaran-los-fondos-marinos-del-litoral-espanol\/","name":"M\u00e1s de mil voluntarios limpiar\u00e1n los fondos marinos del litoral espa\u00f1ol","isPartOf":{"@id":"https:\/\/patagoniambiental.com.ar\/info\/#website"},"primaryImageOfPage":{"@id":"https:\/\/patagoniambiental.com.ar\/info\/mas-de-mil-voluntarios-limpiaran-los-fondos-marinos-del-litoral-espanol\/#primaryimage"},"image":{"@id":"https:\/\/patagoniambiental.com.ar\/info\/mas-de-mil-voluntarios-limpiaran-los-fondos-marinos-del-litoral-espanol\/#primaryimage"},"thumbnailUrl":"https:\/\/patagoniambiental.com.ar\/info\/wp-content\/uploads\/2017\/10\/Torre-del-Mar-13-768x1156.jpg","datePublished":"2017-10-10T12:00:45+00:00","breadcrumb":{"@id":"https:\/\/patagoniambiental.com.ar\/info\/mas-de-mil-voluntarios-limpiaran-los-fondos-marinos-del-litoral-espanol\/#breadcrumb"},"inLanguage":"es","potentialAction":[{"@type":"ReadAction","target":["https:\/\/patagoniambiental.com.ar\/info\/mas-de-mil-voluntarios-limpiaran-los-fondos-marinos-del-litoral-espanol\/"]}]},{"@type":"ImageObject","inLanguage":"es","@id":"https:\/\/patagoniambiental.com.ar\/info\/mas-de-mil-voluntarios-limpiaran-los-fondos-marinos-del-litoral-espanol\/#primaryimage","url":"https:\/\/patagoniambiental.com.ar\/info\/wp-content\/uploads\/2017\/10\/Torre-del-Mar-13-768x1156.jpg","contentUrl":"https:\/\/patagoniambiental.com.ar\/info\/wp-content\/uploads\/2017\/10\/Torre-del-Mar-13-768x1156.jpg","width":399,"height":600},{"@type":"BreadcrumbList","@id":"https:\/\/patagoniambiental.com.ar\/info\/mas-de-mil-voluntarios-limpiaran-los-fondos-marinos-del-litoral-espanol\/#breadcrumb","itemListElement":[{"@type":"ListItem","position":1,"name":"Inicio","item":"https:\/\/patagoniambiental.com.ar\/info\/"},{"@type":"ListItem","position":2,"name":"M\u00e1s de mil voluntarios limpiar\u00e1n los fondos marinos del litoral espa\u00f1ol"}]},{"@type":"WebSite","@id":"https:\/\/patagoniambiental.com.ar\/info\/#website","url":"https:\/\/patagoniambiental.com.ar\/info\/","name":"Patagonia Ambiental","description":"Monitoreo y an\u00e1lisis de la situaci\u00f3n geopol\u00edtica en el mundo y su implicancia en la Patagonia","publisher":{"@id":"https:\/\/patagoniambiental.com.ar\/info\/#organization"},"potentialAction":[{"@type":"SearchAction","target":{"@type":"EntryPoint","urlTemplate":"https:\/\/patagoniambiental.com.ar\/info\/?s={search_term_string}"},"query-input":{"@type":"PropertyValueSpecification","valueRequired":true,"valueName":"search_term_string"}}],"inLanguage":"es"},{"@type":"Organization","@id":"https:\/\/patagoniambiental.com.ar\/info\/#organization","name":"Patagonia Ambiental","url":"https:\/\/patagoniambiental.com.ar\/info\/","logo":{"@type":"ImageObject","inLanguage":"es","@id":"https:\/\/patagoniambiental.com.ar\/info\/#\/schema\/logo\/image\/","url":"https:\/\/patagoniambiental.com.ar\/info\/wp-content\/uploads\/2025\/05\/LOGO-PATAGONIA-AMBIENTAL.png","contentUrl":"https:\/\/patagoniambiental.com.ar\/info\/wp-content\/uploads\/2025\/05\/LOGO-PATAGONIA-AMBIENTAL.png","width":433,"height":250,"caption":"Patagonia Ambiental"},"image":{"@id":"https:\/\/patagoniambiental.com.ar\/info\/#\/schema\/logo\/image\/"},"sameAs":["https:\/\/www.facebook.com\/patagonia.ambiental","https:\/\/x.com\/PatAmb"]},{"@type":"Person","@id":"https:\/\/patagoniambiental.com.ar\/info\/#\/schema\/person\/db12bff64bbcbf6a253710bf0ea37b5d","name":"Patagonia Ambiental","description":"Andr\u00e9s Nievas T\u00e9cnico en manejo ambiental, consultor Ambiental y escritor para medios locales e internacionales sobre temas de geopolitica y medio ambiente.","sameAs":["http:\/\/www.patagoniambiental.com.ar","https:\/\/www.facebook.com\/share\/1C1V8Gv9BX\/?mibextid=qi2Omg","@patagoniambiental","https:\/\/youtube.com\/@patagoniaambiental2023?si=BLt58t0wuXquxlYZ"]}]}},"_links":{"self":[{"href":"https:\/\/patagoniambiental.com.ar\/info\/wp-json\/wp\/v2\/posts\/36279","targetHints":{"allow":["GET"]}}],"collection":[{"href":"https:\/\/patagoniambiental.com.ar\/info\/wp-json\/wp\/v2\/posts"}],"about":[{"href":"https:\/\/patagoniambiental.com.ar\/info\/wp-json\/wp\/v2\/types\/post"}],"author":[{"embeddable":true,"href":"https:\/\/patagoniambiental.com.ar\/info\/wp-json\/wp\/v2\/users\/2"}],"replies":[{"embeddable":true,"href":"https:\/\/patagoniambiental.com.ar\/info\/wp-json\/wp\/v2\/comments?post=36279"}],"version-history":[{"count":0,"href":"https:\/\/patagoniambiental.com.ar\/info\/wp-json\/wp\/v2\/posts\/36279\/revisions"}],"wp:featuredmedia":[{"embeddable":true,"href":"https:\/\/patagoniambiental.com.ar\/info\/wp-json\/wp\/v2\/media\/36280"}],"wp:attachment":[{"href":"https:\/\/patagoniambiental.com.ar\/info\/wp-json\/wp\/v2\/media?parent=36279"}],"wp:term":[{"taxonomy":"category","embeddable":true,"href":"https:\/\/patagoniambiental.com.ar\/info\/wp-json\/wp\/v2\/categories?post=36279"},{"taxonomy":"post_tag","embeddable":true,"href":"https:\/\/patagoniambiental.com.ar\/info\/wp-json\/wp\/v2\/tags?post=36279"}],"curies":[{"name":"wp","href":"https:\/\/api.w.org\/{rel}","templated":true}]}}