{"id":36282,"date":"2017-10-10T09:00:39","date_gmt":"2017-10-10T12:00:39","guid":{"rendered":"http:\/\/patagoniambiental.com.ar\/info\/?p=36282"},"modified":"2017-10-10T09:24:55","modified_gmt":"2017-10-10T12:24:55","slug":"a-proposito-de-la-operacion-huracan-y-del-caso-iglesias-pinera-declara-que-comunidades-mapuche-tendrian-financiamiento-extranjero","status":"publish","type":"post","link":"https:\/\/patagoniambiental.com.ar\/info\/a-proposito-de-la-operacion-huracan-y-del-caso-iglesias-pinera-declara-que-comunidades-mapuche-tendrian-financiamiento-extranjero\/","title":{"rendered":"A prop\u00f3sito de la \u00abOperaci\u00f3n Hurac\u00e1n\u00bb y del \u00abCaso Iglesias\u00bb  Pi\u00f1era declara que comunidades mapuche tendr\u00edan financiamiento extranjero"},"content":{"rendered":"<div class=\"container\"><\/div>\n<div id=\"content\" class=\"container\">\n<div class=\"region region-content\">\n<div id=\"block-system-main\" class=\"block block-system\">\n<div class=\"content\">\n<div id=\"articulo\" class=\"panel-display burr-flipped clearfix radix-burr-flipped\">\n<div class=\"container-fluid\">\n<div class=\"row\">\n<div class=\"col-md-8 radix-layouts-content panel-panel\">\n<div class=\"panel-panel-inner\">\n<div class=\"panel-pane pane-block pane-dfp-au-leaderboard-01 leaderboard-ad pane-dfp\">\n<div class=\"pane-content\">\n<div id=\"dfp-ad-au_leaderboard_01-wrapper\" class=\"dfp-tag-wrapper\">\n<div id=\"dfp-ad-au_leaderboard_01\" class=\"dfp-tag-wrapper\" data-google-query-id=\"CL7kh8mF5tYCFVQOkQodtAwC1A\">\n<div>Chile.-A pesar de los cuestionamientos a la \u00abOperaci\u00f3n Hurac\u00e1n\u00bb y a las pruebas del \u00abCaso Iglesias\u00bb, el expresidente y actual candidato por Chile Vamos, declar\u00f3 que los comuneros mapuche presos ser\u00edan parte de una organizaci\u00f3n terrorista con financiamiento extranjero.<\/div>\n<div id=\"google_ads_iframe_306296355\/au_leaderboard_01_0__container__\"><!--more--><\/div>\n<\/div>\n<\/div>\n<\/div>\n<\/div>\n<div class=\"panel-pane pane-block pane-block-9 pane-block separator clearfix\"><\/div>\n<div class=\"panel-pane pane-entity-view pane-node\">\n<div class=\"pane-content\">\n<article class=\"node node-articulo clearfix\">\n<div class=\"content\">\n<div id=\"flexslider-1\" class=\"flexslider flexslider-processed\">\n<ul class=\"slides\">\n<li><img decoding=\"async\" title=\"\" src=\"http:\/\/www.diarioeldia.cl\/sites\/default\/files\/styles\/flexslider_full\/public\/102017\/pinera.jpg?itok=m3YkDrJq\" alt=\"\" \/><\/li>\n<\/ul>\n<\/div>\n<div class=\"submitted\"><small>Por\u00a0<a class=\"username\" title=\"Ver perfil del usuario.\" xml:lang=\"\" href=\"http:\/\/www.diarioeldia.cl\/usuario\/efe-noticias\">Efe noticias<\/a>\u00a0el Dom, 08\/10\/2017 &#8211; 12:23<\/small><\/div>\n<div class=\"field field-name-field-credito-foto field-type-text field-label-inline clearfix\">\n<div class=\"field-label\">Cr\u00e9dito fotograf\u00eda:<\/div>\n<div class=\"field-items\">\n<div class=\"field-item even\">El D\u00eda<\/div>\n<\/div>\n<\/div>\n<div class=\"field field-name-field-bajada field-type-text-long field-label-hidden lead\"><\/div>\n<div class=\"field field-name-body field-type-text-with-summary field-label-hidden\">\n<div class=\"field-items\">\n<div class=\"field-item even\">\n<p>El candidato\u00a0a la presidencia de Chile, Sebasti\u00e1n Pi\u00f1era, afirm\u00f3 hoy que los grupos mapuches que llevan a cabo ataques incendiarios en el sur del pa\u00eds reciben financiamiento del extranjero y tienen lazos con \u00aborganizaciones terroristas del mundo\u00bb.<\/p>\n<p>En una entrevista con CNN Chile emitida este s\u00e1bado, el expresidente (2010-2014) subray\u00f3 que no se debe confundir \u00abterrorismo con mapuches\u00bb y responsabiliz\u00f3 de la violencia a peque\u00f1os grupos de las comunidades.<\/p>\n<div class=\"separator clearfix\"><\/div>\n<p>\u00abUn grupo muy peque\u00f1o que est\u00e1 financiado desde el exterior, tiene lazos con muchas organizaciones terroristas del mundo\u00bb, dijo Pi\u00f1era, candidato de la coalici\u00f3n derechista Chile Vamos en las elecciones del 19 de noviembre.<\/p>\n<p>Pi\u00f1era no dud\u00f3 en calificar como terrorismo los hechos violentos que ocurren en el marco del llamado conflicto mapuche, como la quema de camiones y ataques incendiarios contra empresas forestales y fincas, en los que han muerto varios comuneros, polic\u00edas y agricultores.<\/p>\n<p>\u00abC\u00f3mo no va a ser terrorismo un grupo de personas capaz de quemar iglesias con gente adentro, quemar vivo al matrimonio Luchsinher Mackay, destruir las cosechas, los galpones, la maquinaria y camiones\u00bb, dijo el candidato, favorito en las encuestas para vencer en las elecciones presidenciales 2017.<\/p>\n<p>Ocho dirigentes e integrantes de grupos radicales mapuches acusados de incendiar decenas de camiones e iglesias permanecen actualmente en prisi\u00f3n preventiva tras su detenci\u00f3n el pasado 23 de septiembre en la \u00abOperaci\u00f3n Hurac\u00e1n\u00bb, un vasto operativo que se extendi\u00f3 en tres regiones del sur de Chile.<\/p>\n<\/div>\n<\/div>\n<\/div>\n<\/div>\n<\/article>\n<\/div>\n<\/div>\n<\/div>\n<\/div>\n<\/div>\n<\/div>\n<\/div>\n<\/div>\n<\/div>\n<\/div>\n<\/div>\n<p>Fuente:\u00a0http:\/\/www.diarioeldia.cl\/politica\/pinera-declara-que-comunidades-mapuche-tendrian-financiamiento-extranjero<\/p>\n","protected":false},"excerpt":{"rendered":"<p>Chile.-A pesar de los cuestionamientos a la \u00abOperaci\u00f3n Hurac\u00e1n\u00bb y a las pruebas del \u00abCaso Iglesias\u00bb, el expresidente y actual [&hellip;]<\/p>\n","protected":false},"author":2,"featured_media":36283,"comment_status":"open","ping_status":"open","sticky":false,"template":"","format":"standard","meta":{"site-sidebar-layout":"default","site-content-layout":"","ast-site-content-layout":"default","site-content-style":"default","site-sidebar-style":"default","ast-global-header-display":"","ast-banner-title-visibility":"","ast-main-header-display":"","ast-hfb-above-header-display":"","ast-hfb-below-header-display":"","ast-hfb-mobile-header-display":"","site-post-title":"","ast-breadcrumbs-content":"","ast-featured-img":"","footer-sml-layout":"","ast-disable-related-posts":"","theme-transparent-header-meta":"","adv-header-id-meta":"","stick-header-meta":"","header-above-stick-meta":"","header-main-stick-meta":"","header-below-stick-meta":"","astra-migrate-meta-layouts":"default","ast-page-background-enabled":"default","ast-page-background-meta":{"desktop":{"background-color":"var(--ast-global-color-5)","background-image":"","background-repeat":"repeat","background-position":"center center","background-size":"auto","background-attachment":"scroll","background-type":"","background-media":"","overlay-type":"","overlay-color":"","overlay-opacity":"","overlay-gradient":""},"tablet":{"background-color":"","background-image":"","background-repeat":"repeat","background-position":"center center","background-size":"auto","background-attachment":"scroll","background-type":"","background-media":"","overlay-type":"","overlay-color":"","overlay-opacity":"","overlay-gradient":""},"mobile":{"background-color":"","background-image":"","background-repeat":"repeat","background-position":"center center","background-size":"auto","background-attachment":"scroll","background-type":"","background-media":"","overlay-type":"","overlay-color":"","overlay-opacity":"","overlay-gradient":""}},"ast-content-background-meta":{"desktop":{"background-color":"var(--ast-global-color-4)","background-image":"","background-repeat":"repeat","background-position":"center center","background-size":"auto","background-attachment":"scroll","background-type":"","background-media":"","overlay-type":"","overlay-color":"","overlay-opacity":"","overlay-gradient":""},"tablet":{"background-color":"var(--ast-global-color-4)","background-image":"","background-repeat":"repeat","background-position":"center center","background-size":"auto","background-attachment":"scroll","background-type":"","background-media":"","overlay-type":"","overlay-color":"","overlay-opacity":"","overlay-gradient":""},"mobile":{"background-color":"var(--ast-global-color-4)","background-image":"","background-repeat":"repeat","background-position":"center center","background-size":"auto","background-attachment":"scroll","background-type":"","background-media":"","overlay-type":"","overlay-color":"","overlay-opacity":"","overlay-gradient":""}},"footnotes":""},"categories":[23,1],"tags":[],"class_list":["post-36282","post","type-post","status-publish","format-standard","has-post-thumbnail","hentry","category-internacionales","category-noticias"],"yoast_head":"<!-- This site is optimized with the Yoast SEO Premium plugin v23.0 (Yoast SEO v27.4) - https:\/\/yoast.com\/product\/yoast-seo-premium-wordpress\/ -->\n<title>A prop\u00f3sito de la &quot;Operaci\u00f3n Hurac\u00e1n&quot; y del &quot;Caso Iglesias&quot; Pi\u00f1era declara que comunidades mapuche tendr\u00edan financiamiento extranjero<\/title>\n<meta name=\"robots\" content=\"index, follow, max-snippet:-1, max-image-preview:large, max-video-preview:-1\" \/>\n<link rel=\"canonical\" href=\"https:\/\/patagoniambiental.com.ar\/info\/a-proposito-de-la-operacion-huracan-y-del-caso-iglesias-pinera-declara-que-comunidades-mapuche-tendrian-financiamiento-extranjero\/\" \/>\n<meta property=\"og:locale\" content=\"es_ES\" \/>\n<meta property=\"og:type\" content=\"article\" \/>\n<meta property=\"og:title\" content=\"A prop\u00f3sito de la &quot;Operaci\u00f3n Hurac\u00e1n&quot; y del &quot;Caso Iglesias&quot; Pi\u00f1era declara que comunidades mapuche tendr\u00edan financiamiento extranjero\" \/>\n<meta property=\"og:description\" content=\"Chile.-A pesar de los cuestionamientos a la \u00abOperaci\u00f3n Hurac\u00e1n\u00bb y a las pruebas del \u00abCaso Iglesias\u00bb, el expresidente y actual [&hellip;]\" \/>\n<meta property=\"og:url\" content=\"https:\/\/patagoniambiental.com.ar\/info\/a-proposito-de-la-operacion-huracan-y-del-caso-iglesias-pinera-declara-que-comunidades-mapuche-tendrian-financiamiento-extranjero\/\" \/>\n<meta property=\"og:site_name\" content=\"Patagonia Ambiental\" \/>\n<meta property=\"article:publisher\" content=\"https:\/\/www.facebook.com\/patagonia.ambiental\" \/>\n<meta property=\"article:author\" content=\"https:\/\/www.facebook.com\/share\/1C1V8Gv9BX\/?mibextid=qi2Omg\" \/>\n<meta property=\"article:published_time\" content=\"2017-10-10T12:00:39+00:00\" \/>\n<meta property=\"article:modified_time\" content=\"2017-10-10T12:24:55+00:00\" \/>\n<meta property=\"og:image\" content=\"https:\/\/patagoniambiental.com.ar\/info\/wp-content\/uploads\/2017\/10\/pinera.jpg\" \/>\n\t<meta property=\"og:image:width\" content=\"768\" \/>\n\t<meta property=\"og:image:height\" content=\"466\" \/>\n\t<meta property=\"og:image:type\" content=\"image\/jpeg\" \/>\n<meta name=\"author\" content=\"Patagonia Ambiental\" \/>\n<meta name=\"twitter:card\" content=\"summary_large_image\" \/>\n<meta name=\"twitter:creator\" content=\"@PatAmb\" \/>\n<meta name=\"twitter:site\" content=\"@PatAmb\" \/>\n<script type=\"application\/ld+json\" class=\"yoast-schema-graph\">{\"@context\":\"https:\\\/\\\/schema.org\",\"@graph\":[{\"@type\":\"Article\",\"@id\":\"https:\\\/\\\/patagoniambiental.com.ar\\\/info\\\/a-proposito-de-la-operacion-huracan-y-del-caso-iglesias-pinera-declara-que-comunidades-mapuche-tendrian-financiamiento-extranjero\\\/#article\",\"isPartOf\":{\"@id\":\"https:\\\/\\\/patagoniambiental.com.ar\\\/info\\\/a-proposito-de-la-operacion-huracan-y-del-caso-iglesias-pinera-declara-que-comunidades-mapuche-tendrian-financiamiento-extranjero\\\/\"},\"author\":{\"name\":\"Patagonia Ambiental\",\"@id\":\"https:\\\/\\\/patagoniambiental.com.ar\\\/info\\\/#\\\/schema\\\/person\\\/db12bff64bbcbf6a253710bf0ea37b5d\"},\"headline\":\"A prop\u00f3sito de la \u00abOperaci\u00f3n Hurac\u00e1n\u00bb y del \u00abCaso Iglesias\u00bb Pi\u00f1era declara que comunidades mapuche tendr\u00edan financiamiento extranjero\",\"datePublished\":\"2017-10-10T12:00:39+00:00\",\"dateModified\":\"2017-10-10T12:24:55+00:00\",\"mainEntityOfPage\":{\"@id\":\"https:\\\/\\\/patagoniambiental.com.ar\\\/info\\\/a-proposito-de-la-operacion-huracan-y-del-caso-iglesias-pinera-declara-que-comunidades-mapuche-tendrian-financiamiento-extranjero\\\/\"},\"wordCount\":337,\"commentCount\":0,\"publisher\":{\"@id\":\"https:\\\/\\\/patagoniambiental.com.ar\\\/info\\\/#organization\"},\"image\":{\"@id\":\"https:\\\/\\\/patagoniambiental.com.ar\\\/info\\\/a-proposito-de-la-operacion-huracan-y-del-caso-iglesias-pinera-declara-que-comunidades-mapuche-tendrian-financiamiento-extranjero\\\/#primaryimage\"},\"thumbnailUrl\":\"https:\\\/\\\/patagoniambiental.com.ar\\\/info\\\/wp-content\\\/uploads\\\/2017\\\/10\\\/pinera.jpg\",\"articleSection\":[\"Internacionales\",\"Noticias\"],\"inLanguage\":\"es\",\"potentialAction\":[{\"@type\":\"CommentAction\",\"name\":\"Comment\",\"target\":[\"https:\\\/\\\/patagoniambiental.com.ar\\\/info\\\/a-proposito-de-la-operacion-huracan-y-del-caso-iglesias-pinera-declara-que-comunidades-mapuche-tendrian-financiamiento-extranjero\\\/#respond\"]}]},{\"@type\":\"WebPage\",\"@id\":\"https:\\\/\\\/patagoniambiental.com.ar\\\/info\\\/a-proposito-de-la-operacion-huracan-y-del-caso-iglesias-pinera-declara-que-comunidades-mapuche-tendrian-financiamiento-extranjero\\\/\",\"url\":\"https:\\\/\\\/patagoniambiental.com.ar\\\/info\\\/a-proposito-de-la-operacion-huracan-y-del-caso-iglesias-pinera-declara-que-comunidades-mapuche-tendrian-financiamiento-extranjero\\\/\",\"name\":\"A prop\u00f3sito de la \\\"Operaci\u00f3n Hurac\u00e1n\\\" y del \\\"Caso Iglesias\\\" Pi\u00f1era declara que comunidades mapuche tendr\u00edan financiamiento extranjero\",\"isPartOf\":{\"@id\":\"https:\\\/\\\/patagoniambiental.com.ar\\\/info\\\/#website\"},\"primaryImageOfPage\":{\"@id\":\"https:\\\/\\\/patagoniambiental.com.ar\\\/info\\\/a-proposito-de-la-operacion-huracan-y-del-caso-iglesias-pinera-declara-que-comunidades-mapuche-tendrian-financiamiento-extranjero\\\/#primaryimage\"},\"image\":{\"@id\":\"https:\\\/\\\/patagoniambiental.com.ar\\\/info\\\/a-proposito-de-la-operacion-huracan-y-del-caso-iglesias-pinera-declara-que-comunidades-mapuche-tendrian-financiamiento-extranjero\\\/#primaryimage\"},\"thumbnailUrl\":\"https:\\\/\\\/patagoniambiental.com.ar\\\/info\\\/wp-content\\\/uploads\\\/2017\\\/10\\\/pinera.jpg\",\"datePublished\":\"2017-10-10T12:00:39+00:00\",\"dateModified\":\"2017-10-10T12:24:55+00:00\",\"breadcrumb\":{\"@id\":\"https:\\\/\\\/patagoniambiental.com.ar\\\/info\\\/a-proposito-de-la-operacion-huracan-y-del-caso-iglesias-pinera-declara-que-comunidades-mapuche-tendrian-financiamiento-extranjero\\\/#breadcrumb\"},\"inLanguage\":\"es\",\"potentialAction\":[{\"@type\":\"ReadAction\",\"target\":[\"https:\\\/\\\/patagoniambiental.com.ar\\\/info\\\/a-proposito-de-la-operacion-huracan-y-del-caso-iglesias-pinera-declara-que-comunidades-mapuche-tendrian-financiamiento-extranjero\\\/\"]}]},{\"@type\":\"ImageObject\",\"inLanguage\":\"es\",\"@id\":\"https:\\\/\\\/patagoniambiental.com.ar\\\/info\\\/a-proposito-de-la-operacion-huracan-y-del-caso-iglesias-pinera-declara-que-comunidades-mapuche-tendrian-financiamiento-extranjero\\\/#primaryimage\",\"url\":\"https:\\\/\\\/patagoniambiental.com.ar\\\/info\\\/wp-content\\\/uploads\\\/2017\\\/10\\\/pinera.jpg\",\"contentUrl\":\"https:\\\/\\\/patagoniambiental.com.ar\\\/info\\\/wp-content\\\/uploads\\\/2017\\\/10\\\/pinera.jpg\",\"width\":768,\"height\":466},{\"@type\":\"BreadcrumbList\",\"@id\":\"https:\\\/\\\/patagoniambiental.com.ar\\\/info\\\/a-proposito-de-la-operacion-huracan-y-del-caso-iglesias-pinera-declara-que-comunidades-mapuche-tendrian-financiamiento-extranjero\\\/#breadcrumb\",\"itemListElement\":[{\"@type\":\"ListItem\",\"position\":1,\"name\":\"Inicio\",\"item\":\"https:\\\/\\\/patagoniambiental.com.ar\\\/info\\\/\"},{\"@type\":\"ListItem\",\"position\":2,\"name\":\"A prop\u00f3sito de la \u00abOperaci\u00f3n Hurac\u00e1n\u00bb y del \u00abCaso Iglesias\u00bb Pi\u00f1era declara que comunidades mapuche tendr\u00edan financiamiento extranjero\"}]},{\"@type\":\"WebSite\",\"@id\":\"https:\\\/\\\/patagoniambiental.com.ar\\\/info\\\/#website\",\"url\":\"https:\\\/\\\/patagoniambiental.com.ar\\\/info\\\/\",\"name\":\"Patagonia Ambiental\",\"description\":\"Monitoreo y an\u00e1lisis de la situaci\u00f3n geopol\u00edtica en el mundo y su implicancia en la Patagonia\",\"publisher\":{\"@id\":\"https:\\\/\\\/patagoniambiental.com.ar\\\/info\\\/#organization\"},\"potentialAction\":[{\"@type\":\"SearchAction\",\"target\":{\"@type\":\"EntryPoint\",\"urlTemplate\":\"https:\\\/\\\/patagoniambiental.com.ar\\\/info\\\/?s={search_term_string}\"},\"query-input\":{\"@type\":\"PropertyValueSpecification\",\"valueRequired\":true,\"valueName\":\"search_term_string\"}}],\"inLanguage\":\"es\"},{\"@type\":\"Organization\",\"@id\":\"https:\\\/\\\/patagoniambiental.com.ar\\\/info\\\/#organization\",\"name\":\"Patagonia Ambiental\",\"url\":\"https:\\\/\\\/patagoniambiental.com.ar\\\/info\\\/\",\"logo\":{\"@type\":\"ImageObject\",\"inLanguage\":\"es\",\"@id\":\"https:\\\/\\\/patagoniambiental.com.ar\\\/info\\\/#\\\/schema\\\/logo\\\/image\\\/\",\"url\":\"https:\\\/\\\/patagoniambiental.com.ar\\\/info\\\/wp-content\\\/uploads\\\/2025\\\/05\\\/LOGO-PATAGONIA-AMBIENTAL.png\",\"contentUrl\":\"https:\\\/\\\/patagoniambiental.com.ar\\\/info\\\/wp-content\\\/uploads\\\/2025\\\/05\\\/LOGO-PATAGONIA-AMBIENTAL.png\",\"width\":433,\"height\":250,\"caption\":\"Patagonia Ambiental\"},\"image\":{\"@id\":\"https:\\\/\\\/patagoniambiental.com.ar\\\/info\\\/#\\\/schema\\\/logo\\\/image\\\/\"},\"sameAs\":[\"https:\\\/\\\/www.facebook.com\\\/patagonia.ambiental\",\"https:\\\/\\\/x.com\\\/PatAmb\"]},{\"@type\":\"Person\",\"@id\":\"https:\\\/\\\/patagoniambiental.com.ar\\\/info\\\/#\\\/schema\\\/person\\\/db12bff64bbcbf6a253710bf0ea37b5d\",\"name\":\"Patagonia Ambiental\",\"description\":\"Andr\u00e9s Nievas T\u00e9cnico en manejo ambiental, consultor Ambiental y escritor para medios locales e internacionales sobre temas de geopolitica y medio ambiente.\",\"sameAs\":[\"http:\\\/\\\/www.patagoniambiental.com.ar\",\"https:\\\/\\\/www.facebook.com\\\/share\\\/1C1V8Gv9BX\\\/?mibextid=qi2Omg\",\"@patagoniambiental\",\"https:\\\/\\\/youtube.com\\\/@patagoniaambiental2023?si=BLt58t0wuXquxlYZ\"]}]}<\/script>\n<!-- \/ Yoast SEO Premium plugin. -->","yoast_head_json":{"title":"A prop\u00f3sito de la \"Operaci\u00f3n Hurac\u00e1n\" y del \"Caso Iglesias\" Pi\u00f1era declara que comunidades mapuche tendr\u00edan financiamiento extranjero","robots":{"index":"index","follow":"follow","max-snippet":"max-snippet:-1","max-image-preview":"max-image-preview:large","max-video-preview":"max-video-preview:-1"},"canonical":"https:\/\/patagoniambiental.com.ar\/info\/a-proposito-de-la-operacion-huracan-y-del-caso-iglesias-pinera-declara-que-comunidades-mapuche-tendrian-financiamiento-extranjero\/","og_locale":"es_ES","og_type":"article","og_title":"A prop\u00f3sito de la \"Operaci\u00f3n Hurac\u00e1n\" y del \"Caso Iglesias\" Pi\u00f1era declara que comunidades mapuche tendr\u00edan financiamiento extranjero","og_description":"Chile.-A pesar de los cuestionamientos a la \u00abOperaci\u00f3n Hurac\u00e1n\u00bb y a las pruebas del \u00abCaso Iglesias\u00bb, el expresidente y actual [&hellip;]","og_url":"https:\/\/patagoniambiental.com.ar\/info\/a-proposito-de-la-operacion-huracan-y-del-caso-iglesias-pinera-declara-que-comunidades-mapuche-tendrian-financiamiento-extranjero\/","og_site_name":"Patagonia Ambiental","article_publisher":"https:\/\/www.facebook.com\/patagonia.ambiental","article_author":"https:\/\/www.facebook.com\/share\/1C1V8Gv9BX\/?mibextid=qi2Omg","article_published_time":"2017-10-10T12:00:39+00:00","article_modified_time":"2017-10-10T12:24:55+00:00","og_image":[{"width":768,"height":466,"url":"https:\/\/patagoniambiental.com.ar\/info\/wp-content\/uploads\/2017\/10\/pinera.jpg","type":"image\/jpeg"}],"author":"Patagonia Ambiental","twitter_card":"summary_large_image","twitter_creator":"@PatAmb","twitter_site":"@PatAmb","schema":{"@context":"https:\/\/schema.org","@graph":[{"@type":"Article","@id":"https:\/\/patagoniambiental.com.ar\/info\/a-proposito-de-la-operacion-huracan-y-del-caso-iglesias-pinera-declara-que-comunidades-mapuche-tendrian-financiamiento-extranjero\/#article","isPartOf":{"@id":"https:\/\/patagoniambiental.com.ar\/info\/a-proposito-de-la-operacion-huracan-y-del-caso-iglesias-pinera-declara-que-comunidades-mapuche-tendrian-financiamiento-extranjero\/"},"author":{"name":"Patagonia Ambiental","@id":"https:\/\/patagoniambiental.com.ar\/info\/#\/schema\/person\/db12bff64bbcbf6a253710bf0ea37b5d"},"headline":"A prop\u00f3sito de la \u00abOperaci\u00f3n Hurac\u00e1n\u00bb y del \u00abCaso Iglesias\u00bb Pi\u00f1era declara que comunidades mapuche tendr\u00edan financiamiento extranjero","datePublished":"2017-10-10T12:00:39+00:00","dateModified":"2017-10-10T12:24:55+00:00","mainEntityOfPage":{"@id":"https:\/\/patagoniambiental.com.ar\/info\/a-proposito-de-la-operacion-huracan-y-del-caso-iglesias-pinera-declara-que-comunidades-mapuche-tendrian-financiamiento-extranjero\/"},"wordCount":337,"commentCount":0,"publisher":{"@id":"https:\/\/patagoniambiental.com.ar\/info\/#organization"},"image":{"@id":"https:\/\/patagoniambiental.com.ar\/info\/a-proposito-de-la-operacion-huracan-y-del-caso-iglesias-pinera-declara-que-comunidades-mapuche-tendrian-financiamiento-extranjero\/#primaryimage"},"thumbnailUrl":"https:\/\/patagoniambiental.com.ar\/info\/wp-content\/uploads\/2017\/10\/pinera.jpg","articleSection":["Internacionales","Noticias"],"inLanguage":"es","potentialAction":[{"@type":"CommentAction","name":"Comment","target":["https:\/\/patagoniambiental.com.ar\/info\/a-proposito-de-la-operacion-huracan-y-del-caso-iglesias-pinera-declara-que-comunidades-mapuche-tendrian-financiamiento-extranjero\/#respond"]}]},{"@type":"WebPage","@id":"https:\/\/patagoniambiental.com.ar\/info\/a-proposito-de-la-operacion-huracan-y-del-caso-iglesias-pinera-declara-que-comunidades-mapuche-tendrian-financiamiento-extranjero\/","url":"https:\/\/patagoniambiental.com.ar\/info\/a-proposito-de-la-operacion-huracan-y-del-caso-iglesias-pinera-declara-que-comunidades-mapuche-tendrian-financiamiento-extranjero\/","name":"A prop\u00f3sito de la \"Operaci\u00f3n Hurac\u00e1n\" y del \"Caso Iglesias\" Pi\u00f1era declara que comunidades mapuche tendr\u00edan financiamiento extranjero","isPartOf":{"@id":"https:\/\/patagoniambiental.com.ar\/info\/#website"},"primaryImageOfPage":{"@id":"https:\/\/patagoniambiental.com.ar\/info\/a-proposito-de-la-operacion-huracan-y-del-caso-iglesias-pinera-declara-que-comunidades-mapuche-tendrian-financiamiento-extranjero\/#primaryimage"},"image":{"@id":"https:\/\/patagoniambiental.com.ar\/info\/a-proposito-de-la-operacion-huracan-y-del-caso-iglesias-pinera-declara-que-comunidades-mapuche-tendrian-financiamiento-extranjero\/#primaryimage"},"thumbnailUrl":"https:\/\/patagoniambiental.com.ar\/info\/wp-content\/uploads\/2017\/10\/pinera.jpg","datePublished":"2017-10-10T12:00:39+00:00","dateModified":"2017-10-10T12:24:55+00:00","breadcrumb":{"@id":"https:\/\/patagoniambiental.com.ar\/info\/a-proposito-de-la-operacion-huracan-y-del-caso-iglesias-pinera-declara-que-comunidades-mapuche-tendrian-financiamiento-extranjero\/#breadcrumb"},"inLanguage":"es","potentialAction":[{"@type":"ReadAction","target":["https:\/\/patagoniambiental.com.ar\/info\/a-proposito-de-la-operacion-huracan-y-del-caso-iglesias-pinera-declara-que-comunidades-mapuche-tendrian-financiamiento-extranjero\/"]}]},{"@type":"ImageObject","inLanguage":"es","@id":"https:\/\/patagoniambiental.com.ar\/info\/a-proposito-de-la-operacion-huracan-y-del-caso-iglesias-pinera-declara-que-comunidades-mapuche-tendrian-financiamiento-extranjero\/#primaryimage","url":"https:\/\/patagoniambiental.com.ar\/info\/wp-content\/uploads\/2017\/10\/pinera.jpg","contentUrl":"https:\/\/patagoniambiental.com.ar\/info\/wp-content\/uploads\/2017\/10\/pinera.jpg","width":768,"height":466},{"@type":"BreadcrumbList","@id":"https:\/\/patagoniambiental.com.ar\/info\/a-proposito-de-la-operacion-huracan-y-del-caso-iglesias-pinera-declara-que-comunidades-mapuche-tendrian-financiamiento-extranjero\/#breadcrumb","itemListElement":[{"@type":"ListItem","position":1,"name":"Inicio","item":"https:\/\/patagoniambiental.com.ar\/info\/"},{"@type":"ListItem","position":2,"name":"A prop\u00f3sito de la \u00abOperaci\u00f3n Hurac\u00e1n\u00bb y del \u00abCaso Iglesias\u00bb Pi\u00f1era declara que comunidades mapuche tendr\u00edan financiamiento extranjero"}]},{"@type":"WebSite","@id":"https:\/\/patagoniambiental.com.ar\/info\/#website","url":"https:\/\/patagoniambiental.com.ar\/info\/","name":"Patagonia Ambiental","description":"Monitoreo y an\u00e1lisis de la situaci\u00f3n geopol\u00edtica en el mundo y su implicancia en la Patagonia","publisher":{"@id":"https:\/\/patagoniambiental.com.ar\/info\/#organization"},"potentialAction":[{"@type":"SearchAction","target":{"@type":"EntryPoint","urlTemplate":"https:\/\/patagoniambiental.com.ar\/info\/?s={search_term_string}"},"query-input":{"@type":"PropertyValueSpecification","valueRequired":true,"valueName":"search_term_string"}}],"inLanguage":"es"},{"@type":"Organization","@id":"https:\/\/patagoniambiental.com.ar\/info\/#organization","name":"Patagonia Ambiental","url":"https:\/\/patagoniambiental.com.ar\/info\/","logo":{"@type":"ImageObject","inLanguage":"es","@id":"https:\/\/patagoniambiental.com.ar\/info\/#\/schema\/logo\/image\/","url":"https:\/\/patagoniambiental.com.ar\/info\/wp-content\/uploads\/2025\/05\/LOGO-PATAGONIA-AMBIENTAL.png","contentUrl":"https:\/\/patagoniambiental.com.ar\/info\/wp-content\/uploads\/2025\/05\/LOGO-PATAGONIA-AMBIENTAL.png","width":433,"height":250,"caption":"Patagonia Ambiental"},"image":{"@id":"https:\/\/patagoniambiental.com.ar\/info\/#\/schema\/logo\/image\/"},"sameAs":["https:\/\/www.facebook.com\/patagonia.ambiental","https:\/\/x.com\/PatAmb"]},{"@type":"Person","@id":"https:\/\/patagoniambiental.com.ar\/info\/#\/schema\/person\/db12bff64bbcbf6a253710bf0ea37b5d","name":"Patagonia Ambiental","description":"Andr\u00e9s Nievas T\u00e9cnico en manejo ambiental, consultor Ambiental y escritor para medios locales e internacionales sobre temas de geopolitica y medio ambiente.","sameAs":["http:\/\/www.patagoniambiental.com.ar","https:\/\/www.facebook.com\/share\/1C1V8Gv9BX\/?mibextid=qi2Omg","@patagoniambiental","https:\/\/youtube.com\/@patagoniaambiental2023?si=BLt58t0wuXquxlYZ"]}]}},"_links":{"self":[{"href":"https:\/\/patagoniambiental.com.ar\/info\/wp-json\/wp\/v2\/posts\/36282","targetHints":{"allow":["GET"]}}],"collection":[{"href":"https:\/\/patagoniambiental.com.ar\/info\/wp-json\/wp\/v2\/posts"}],"about":[{"href":"https:\/\/patagoniambiental.com.ar\/info\/wp-json\/wp\/v2\/types\/post"}],"author":[{"embeddable":true,"href":"https:\/\/patagoniambiental.com.ar\/info\/wp-json\/wp\/v2\/users\/2"}],"replies":[{"embeddable":true,"href":"https:\/\/patagoniambiental.com.ar\/info\/wp-json\/wp\/v2\/comments?post=36282"}],"version-history":[{"count":0,"href":"https:\/\/patagoniambiental.com.ar\/info\/wp-json\/wp\/v2\/posts\/36282\/revisions"}],"wp:featuredmedia":[{"embeddable":true,"href":"https:\/\/patagoniambiental.com.ar\/info\/wp-json\/wp\/v2\/media\/36283"}],"wp:attachment":[{"href":"https:\/\/patagoniambiental.com.ar\/info\/wp-json\/wp\/v2\/media?parent=36282"}],"wp:term":[{"taxonomy":"category","embeddable":true,"href":"https:\/\/patagoniambiental.com.ar\/info\/wp-json\/wp\/v2\/categories?post=36282"},{"taxonomy":"post_tag","embeddable":true,"href":"https:\/\/patagoniambiental.com.ar\/info\/wp-json\/wp\/v2\/tags?post=36282"}],"curies":[{"name":"wp","href":"https:\/\/api.w.org\/{rel}","templated":true}]}}