{"id":36303,"date":"2017-10-10T19:00:34","date_gmt":"2017-10-10T22:00:34","guid":{"rendered":"http:\/\/patagoniambiental.com.ar\/info\/?p=36303"},"modified":"2017-10-10T11:21:56","modified_gmt":"2017-10-10T14:21:56","slug":"el-objetivo-es-avanzar-en-la-concientizacion-ambiental-proyectan-la-instalacion-de-dos-puntos-limpios-en-la-ciudad-de-rawson","status":"publish","type":"post","link":"https:\/\/patagoniambiental.com.ar\/info\/el-objetivo-es-avanzar-en-la-concientizacion-ambiental-proyectan-la-instalacion-de-dos-puntos-limpios-en-la-ciudad-de-rawson\/","title":{"rendered":"EL OBJETIVO ES AVANZAR EN LA CONCIENTIZACI\u00d3N AMBIENTAL  Proyectan la instalaci\u00f3n de dos puntos limpios en la ciudad de Rawson"},"content":{"rendered":"<div class=\"the-content-meta\"><i class=\"fa fa-calendar\"><\/i>Rawson.-En el marco de la segunda etapa del programa de Desarrollo de \u00c1reas Metropolitanas del Interior (DAMI) que depende del Ministerio del Interior de la Naci\u00f3n y que cuenta con financiamiento del Banco Interamericano de Desarrollo (BID), la Municipalidad de Rawson trabaja en el desarrollo de dos puntos limpios, con el objetivo de avanzar en la concientizaci\u00f3n ambiental relacionada con los residuos s\u00f3lidos urbanos.<\/div>\n<p><!--more--><\/p>\n<div class=\"post-content\">\n<p>\u201cEstamos trabajando dentro del GIRSU en el programa DAMI 2, una ampliaci\u00f3n del financiamiento del DAMI, con financiamiento internacional y una parte que ponen los municipios\u201d, indic\u00f3 Ana Amato, secretaria de Producci\u00f3n y Medio Ambiente de la Municipalidad que agreg\u00f3 que en este marco: \u201cEstamos desarrollando dos puntos limpios, que ser\u00edan dos grandes lugares donde la gente puede llevar la basura y la basura se clasifica\u201d.<br \/>\nLa funcionaria explic\u00f3 que los puntos limpios dan \u201cposibilidades de que la basura se pueda reutilizar. Y que el cart\u00f3n o el vidrio, por ejemplo, puedan generar mano de obra en la ciudad o se pueda desarrollar alguna peque\u00f1a industria. Creemos que es posible, que se puede avanzar todos los d\u00edas un poco sin abandonar los objetivos\u201d.<br \/>\nLa funcionaria consider\u00f3 que en los \u00faltimos a\u00f1os \u201cen Rawson se ha generado un cambio en lo ambiental\u201d y puso como ejemplo \u201cla prohibici\u00f3n que hemos hecho del enterramiento de residuos pesqueros, que a lo mejor no era pensada como posible un tiempo atr\u00e1s. Pero se logr\u00f3 porque hay una conciencia comunitaria de que el ambiente es un bien que hay que proteger\u201d.<br \/>\nAmato aludi\u00f3 as\u00ed a las medidas tomadas para que los desechos de langostinos no sean enterrados en el ejido municipal sino que -por medio de un acuerdo entre la Municipalidad, la Provincia y las empresas pesqueras- se trasladen a la planta de la empresa Harinas Patag\u00f3nicas en Puerto Madryn que se reactiv\u00f3 y que ya comenz\u00f3 a procesar los residuos para generar harina y otros productos como aceite.<\/p>\n<p>Fuente: El Diario de Madryn<\/p>\n<\/div>\n","protected":false},"excerpt":{"rendered":"<p>Rawson.-En el marco de la segunda etapa del programa de Desarrollo de \u00c1reas Metropolitanas del Interior (DAMI) que depende del [&hellip;]<\/p>\n","protected":false},"author":2,"featured_media":36304,"comment_status":"open","ping_status":"open","sticky":false,"template":"","format":"standard","meta":{"site-sidebar-layout":"default","site-content-layout":"","ast-site-content-layout":"default","site-content-style":"default","site-sidebar-style":"default","ast-global-header-display":"","ast-banner-title-visibility":"","ast-main-header-display":"","ast-hfb-above-header-display":"","ast-hfb-below-header-display":"","ast-hfb-mobile-header-display":"","site-post-title":"","ast-breadcrumbs-content":"","ast-featured-img":"","footer-sml-layout":"","ast-disable-related-posts":"","theme-transparent-header-meta":"","adv-header-id-meta":"","stick-header-meta":"","header-above-stick-meta":"","header-main-stick-meta":"","header-below-stick-meta":"","astra-migrate-meta-layouts":"default","ast-page-background-enabled":"default","ast-page-background-meta":{"desktop":{"background-color":"var(--ast-global-color-5)","background-image":"","background-repeat":"repeat","background-position":"center center","background-size":"auto","background-attachment":"scroll","background-type":"","background-media":"","overlay-type":"","overlay-color":"","overlay-opacity":"","overlay-gradient":""},"tablet":{"background-color":"","background-image":"","background-repeat":"repeat","background-position":"center center","background-size":"auto","background-attachment":"scroll","background-type":"","background-media":"","overlay-type":"","overlay-color":"","overlay-opacity":"","overlay-gradient":""},"mobile":{"background-color":"","background-image":"","background-repeat":"repeat","background-position":"center center","background-size":"auto","background-attachment":"scroll","background-type":"","background-media":"","overlay-type":"","overlay-color":"","overlay-opacity":"","overlay-gradient":""}},"ast-content-background-meta":{"desktop":{"background-color":"var(--ast-global-color-4)","background-image":"","background-repeat":"repeat","background-position":"center center","background-size":"auto","background-attachment":"scroll","background-type":"","background-media":"","overlay-type":"","overlay-color":"","overlay-opacity":"","overlay-gradient":""},"tablet":{"background-color":"var(--ast-global-color-4)","background-image":"","background-repeat":"repeat","background-position":"center center","background-size":"auto","background-attachment":"scroll","background-type":"","background-media":"","overlay-type":"","overlay-color":"","overlay-opacity":"","overlay-gradient":""},"mobile":{"background-color":"var(--ast-global-color-4)","background-image":"","background-repeat":"repeat","background-position":"center center","background-size":"auto","background-attachment":"scroll","background-type":"","background-media":"","overlay-type":"","overlay-color":"","overlay-opacity":"","overlay-gradient":""}},"footnotes":""},"categories":[16,1],"tags":[],"class_list":["post-36303","post","type-post","status-publish","format-standard","has-post-thumbnail","hentry","category-municipales","category-noticias"],"yoast_head":"<!-- This site is optimized with the Yoast SEO Premium plugin v23.0 (Yoast SEO v27.4) - https:\/\/yoast.com\/product\/yoast-seo-premium-wordpress\/ -->\n<title>EL OBJETIVO ES AVANZAR EN LA CONCIENTIZACI\u00d3N AMBIENTAL Proyectan la instalaci\u00f3n de dos puntos limpios en la ciudad de Rawson<\/title>\n<meta name=\"robots\" content=\"index, follow, max-snippet:-1, max-image-preview:large, max-video-preview:-1\" \/>\n<link rel=\"canonical\" href=\"https:\/\/patagoniambiental.com.ar\/info\/el-objetivo-es-avanzar-en-la-concientizacion-ambiental-proyectan-la-instalacion-de-dos-puntos-limpios-en-la-ciudad-de-rawson\/\" \/>\n<meta property=\"og:locale\" content=\"es_ES\" \/>\n<meta property=\"og:type\" content=\"article\" \/>\n<meta property=\"og:title\" content=\"EL OBJETIVO ES AVANZAR EN LA CONCIENTIZACI\u00d3N AMBIENTAL Proyectan la instalaci\u00f3n de dos puntos limpios en la ciudad de Rawson\" \/>\n<meta property=\"og:description\" content=\"Rawson.-En el marco de la segunda etapa del programa de Desarrollo de \u00c1reas Metropolitanas del Interior (DAMI) que depende del [&hellip;]\" \/>\n<meta property=\"og:url\" content=\"https:\/\/patagoniambiental.com.ar\/info\/el-objetivo-es-avanzar-en-la-concientizacion-ambiental-proyectan-la-instalacion-de-dos-puntos-limpios-en-la-ciudad-de-rawson\/\" \/>\n<meta property=\"og:site_name\" content=\"Patagonia Ambiental\" \/>\n<meta property=\"article:publisher\" content=\"https:\/\/www.facebook.com\/patagonia.ambiental\" \/>\n<meta property=\"article:author\" content=\"https:\/\/www.facebook.com\/share\/1C1V8Gv9BX\/?mibextid=qi2Omg\" \/>\n<meta property=\"article:published_time\" content=\"2017-10-10T22:00:34+00:00\" \/>\n<meta property=\"og:image\" content=\"https:\/\/patagoniambiental.com.ar\/info\/wp-content\/uploads\/2017\/10\/rawson1_.jpg\" \/>\n\t<meta property=\"og:image:width\" content=\"500\" \/>\n\t<meta property=\"og:image:height\" content=\"333\" \/>\n\t<meta property=\"og:image:type\" content=\"image\/jpeg\" \/>\n<meta name=\"author\" content=\"Patagonia Ambiental\" \/>\n<meta name=\"twitter:card\" content=\"summary_large_image\" \/>\n<meta name=\"twitter:creator\" content=\"@PatAmb\" \/>\n<meta name=\"twitter:site\" content=\"@PatAmb\" \/>\n<script type=\"application\/ld+json\" class=\"yoast-schema-graph\">{\"@context\":\"https:\\\/\\\/schema.org\",\"@graph\":[{\"@type\":\"Article\",\"@id\":\"https:\\\/\\\/patagoniambiental.com.ar\\\/info\\\/el-objetivo-es-avanzar-en-la-concientizacion-ambiental-proyectan-la-instalacion-de-dos-puntos-limpios-en-la-ciudad-de-rawson\\\/#article\",\"isPartOf\":{\"@id\":\"https:\\\/\\\/patagoniambiental.com.ar\\\/info\\\/el-objetivo-es-avanzar-en-la-concientizacion-ambiental-proyectan-la-instalacion-de-dos-puntos-limpios-en-la-ciudad-de-rawson\\\/\"},\"author\":{\"name\":\"Patagonia Ambiental\",\"@id\":\"https:\\\/\\\/patagoniambiental.com.ar\\\/info\\\/#\\\/schema\\\/person\\\/db12bff64bbcbf6a253710bf0ea37b5d\"},\"headline\":\"EL OBJETIVO ES AVANZAR EN LA CONCIENTIZACI\u00d3N AMBIENTAL Proyectan la instalaci\u00f3n de dos puntos limpios en la ciudad de Rawson\",\"datePublished\":\"2017-10-10T22:00:34+00:00\",\"mainEntityOfPage\":{\"@id\":\"https:\\\/\\\/patagoniambiental.com.ar\\\/info\\\/el-objetivo-es-avanzar-en-la-concientizacion-ambiental-proyectan-la-instalacion-de-dos-puntos-limpios-en-la-ciudad-de-rawson\\\/\"},\"wordCount\":358,\"commentCount\":0,\"publisher\":{\"@id\":\"https:\\\/\\\/patagoniambiental.com.ar\\\/info\\\/#organization\"},\"image\":{\"@id\":\"https:\\\/\\\/patagoniambiental.com.ar\\\/info\\\/el-objetivo-es-avanzar-en-la-concientizacion-ambiental-proyectan-la-instalacion-de-dos-puntos-limpios-en-la-ciudad-de-rawson\\\/#primaryimage\"},\"thumbnailUrl\":\"https:\\\/\\\/patagoniambiental.com.ar\\\/info\\\/wp-content\\\/uploads\\\/2017\\\/10\\\/rawson1_.jpg\",\"articleSection\":[\"Municipales\",\"Noticias\"],\"inLanguage\":\"es\",\"potentialAction\":[{\"@type\":\"CommentAction\",\"name\":\"Comment\",\"target\":[\"https:\\\/\\\/patagoniambiental.com.ar\\\/info\\\/el-objetivo-es-avanzar-en-la-concientizacion-ambiental-proyectan-la-instalacion-de-dos-puntos-limpios-en-la-ciudad-de-rawson\\\/#respond\"]}]},{\"@type\":\"WebPage\",\"@id\":\"https:\\\/\\\/patagoniambiental.com.ar\\\/info\\\/el-objetivo-es-avanzar-en-la-concientizacion-ambiental-proyectan-la-instalacion-de-dos-puntos-limpios-en-la-ciudad-de-rawson\\\/\",\"url\":\"https:\\\/\\\/patagoniambiental.com.ar\\\/info\\\/el-objetivo-es-avanzar-en-la-concientizacion-ambiental-proyectan-la-instalacion-de-dos-puntos-limpios-en-la-ciudad-de-rawson\\\/\",\"name\":\"EL OBJETIVO ES AVANZAR EN LA CONCIENTIZACI\u00d3N AMBIENTAL Proyectan la instalaci\u00f3n de dos puntos limpios en la ciudad de Rawson\",\"isPartOf\":{\"@id\":\"https:\\\/\\\/patagoniambiental.com.ar\\\/info\\\/#website\"},\"primaryImageOfPage\":{\"@id\":\"https:\\\/\\\/patagoniambiental.com.ar\\\/info\\\/el-objetivo-es-avanzar-en-la-concientizacion-ambiental-proyectan-la-instalacion-de-dos-puntos-limpios-en-la-ciudad-de-rawson\\\/#primaryimage\"},\"image\":{\"@id\":\"https:\\\/\\\/patagoniambiental.com.ar\\\/info\\\/el-objetivo-es-avanzar-en-la-concientizacion-ambiental-proyectan-la-instalacion-de-dos-puntos-limpios-en-la-ciudad-de-rawson\\\/#primaryimage\"},\"thumbnailUrl\":\"https:\\\/\\\/patagoniambiental.com.ar\\\/info\\\/wp-content\\\/uploads\\\/2017\\\/10\\\/rawson1_.jpg\",\"datePublished\":\"2017-10-10T22:00:34+00:00\",\"breadcrumb\":{\"@id\":\"https:\\\/\\\/patagoniambiental.com.ar\\\/info\\\/el-objetivo-es-avanzar-en-la-concientizacion-ambiental-proyectan-la-instalacion-de-dos-puntos-limpios-en-la-ciudad-de-rawson\\\/#breadcrumb\"},\"inLanguage\":\"es\",\"potentialAction\":[{\"@type\":\"ReadAction\",\"target\":[\"https:\\\/\\\/patagoniambiental.com.ar\\\/info\\\/el-objetivo-es-avanzar-en-la-concientizacion-ambiental-proyectan-la-instalacion-de-dos-puntos-limpios-en-la-ciudad-de-rawson\\\/\"]}]},{\"@type\":\"ImageObject\",\"inLanguage\":\"es\",\"@id\":\"https:\\\/\\\/patagoniambiental.com.ar\\\/info\\\/el-objetivo-es-avanzar-en-la-concientizacion-ambiental-proyectan-la-instalacion-de-dos-puntos-limpios-en-la-ciudad-de-rawson\\\/#primaryimage\",\"url\":\"https:\\\/\\\/patagoniambiental.com.ar\\\/info\\\/wp-content\\\/uploads\\\/2017\\\/10\\\/rawson1_.jpg\",\"contentUrl\":\"https:\\\/\\\/patagoniambiental.com.ar\\\/info\\\/wp-content\\\/uploads\\\/2017\\\/10\\\/rawson1_.jpg\",\"width\":500,\"height\":333,\"caption\":\"http:\\\/\\\/deviajeporargentina.net\\\/wp-content\\\/uploads\\\/rawson1_.jpg\"},{\"@type\":\"BreadcrumbList\",\"@id\":\"https:\\\/\\\/patagoniambiental.com.ar\\\/info\\\/el-objetivo-es-avanzar-en-la-concientizacion-ambiental-proyectan-la-instalacion-de-dos-puntos-limpios-en-la-ciudad-de-rawson\\\/#breadcrumb\",\"itemListElement\":[{\"@type\":\"ListItem\",\"position\":1,\"name\":\"Inicio\",\"item\":\"https:\\\/\\\/patagoniambiental.com.ar\\\/info\\\/\"},{\"@type\":\"ListItem\",\"position\":2,\"name\":\"EL OBJETIVO ES AVANZAR EN LA CONCIENTIZACI\u00d3N AMBIENTAL Proyectan la instalaci\u00f3n de dos puntos limpios en la ciudad de Rawson\"}]},{\"@type\":\"WebSite\",\"@id\":\"https:\\\/\\\/patagoniambiental.com.ar\\\/info\\\/#website\",\"url\":\"https:\\\/\\\/patagoniambiental.com.ar\\\/info\\\/\",\"name\":\"Patagonia Ambiental\",\"description\":\"Monitoreo y an\u00e1lisis de la situaci\u00f3n geopol\u00edtica en el mundo y su implicancia en la Patagonia\",\"publisher\":{\"@id\":\"https:\\\/\\\/patagoniambiental.com.ar\\\/info\\\/#organization\"},\"potentialAction\":[{\"@type\":\"SearchAction\",\"target\":{\"@type\":\"EntryPoint\",\"urlTemplate\":\"https:\\\/\\\/patagoniambiental.com.ar\\\/info\\\/?s={search_term_string}\"},\"query-input\":{\"@type\":\"PropertyValueSpecification\",\"valueRequired\":true,\"valueName\":\"search_term_string\"}}],\"inLanguage\":\"es\"},{\"@type\":\"Organization\",\"@id\":\"https:\\\/\\\/patagoniambiental.com.ar\\\/info\\\/#organization\",\"name\":\"Patagonia Ambiental\",\"url\":\"https:\\\/\\\/patagoniambiental.com.ar\\\/info\\\/\",\"logo\":{\"@type\":\"ImageObject\",\"inLanguage\":\"es\",\"@id\":\"https:\\\/\\\/patagoniambiental.com.ar\\\/info\\\/#\\\/schema\\\/logo\\\/image\\\/\",\"url\":\"https:\\\/\\\/patagoniambiental.com.ar\\\/info\\\/wp-content\\\/uploads\\\/2025\\\/05\\\/LOGO-PATAGONIA-AMBIENTAL.png\",\"contentUrl\":\"https:\\\/\\\/patagoniambiental.com.ar\\\/info\\\/wp-content\\\/uploads\\\/2025\\\/05\\\/LOGO-PATAGONIA-AMBIENTAL.png\",\"width\":433,\"height\":250,\"caption\":\"Patagonia Ambiental\"},\"image\":{\"@id\":\"https:\\\/\\\/patagoniambiental.com.ar\\\/info\\\/#\\\/schema\\\/logo\\\/image\\\/\"},\"sameAs\":[\"https:\\\/\\\/www.facebook.com\\\/patagonia.ambiental\",\"https:\\\/\\\/x.com\\\/PatAmb\"]},{\"@type\":\"Person\",\"@id\":\"https:\\\/\\\/patagoniambiental.com.ar\\\/info\\\/#\\\/schema\\\/person\\\/db12bff64bbcbf6a253710bf0ea37b5d\",\"name\":\"Patagonia Ambiental\",\"description\":\"Andr\u00e9s Nievas T\u00e9cnico en manejo ambiental, consultor Ambiental y escritor para medios locales e internacionales sobre temas de geopolitica y medio ambiente.\",\"sameAs\":[\"http:\\\/\\\/www.patagoniambiental.com.ar\",\"https:\\\/\\\/www.facebook.com\\\/share\\\/1C1V8Gv9BX\\\/?mibextid=qi2Omg\",\"@patagoniambiental\",\"https:\\\/\\\/youtube.com\\\/@patagoniaambiental2023?si=BLt58t0wuXquxlYZ\"]}]}<\/script>\n<!-- \/ Yoast SEO Premium plugin. -->","yoast_head_json":{"title":"EL OBJETIVO ES AVANZAR EN LA CONCIENTIZACI\u00d3N AMBIENTAL Proyectan la instalaci\u00f3n de dos puntos limpios en la ciudad de Rawson","robots":{"index":"index","follow":"follow","max-snippet":"max-snippet:-1","max-image-preview":"max-image-preview:large","max-video-preview":"max-video-preview:-1"},"canonical":"https:\/\/patagoniambiental.com.ar\/info\/el-objetivo-es-avanzar-en-la-concientizacion-ambiental-proyectan-la-instalacion-de-dos-puntos-limpios-en-la-ciudad-de-rawson\/","og_locale":"es_ES","og_type":"article","og_title":"EL OBJETIVO ES AVANZAR EN LA CONCIENTIZACI\u00d3N AMBIENTAL Proyectan la instalaci\u00f3n de dos puntos limpios en la ciudad de Rawson","og_description":"Rawson.-En el marco de la segunda etapa del programa de Desarrollo de \u00c1reas Metropolitanas del Interior (DAMI) que depende del [&hellip;]","og_url":"https:\/\/patagoniambiental.com.ar\/info\/el-objetivo-es-avanzar-en-la-concientizacion-ambiental-proyectan-la-instalacion-de-dos-puntos-limpios-en-la-ciudad-de-rawson\/","og_site_name":"Patagonia Ambiental","article_publisher":"https:\/\/www.facebook.com\/patagonia.ambiental","article_author":"https:\/\/www.facebook.com\/share\/1C1V8Gv9BX\/?mibextid=qi2Omg","article_published_time":"2017-10-10T22:00:34+00:00","og_image":[{"width":500,"height":333,"url":"https:\/\/patagoniambiental.com.ar\/info\/wp-content\/uploads\/2017\/10\/rawson1_.jpg","type":"image\/jpeg"}],"author":"Patagonia Ambiental","twitter_card":"summary_large_image","twitter_creator":"@PatAmb","twitter_site":"@PatAmb","schema":{"@context":"https:\/\/schema.org","@graph":[{"@type":"Article","@id":"https:\/\/patagoniambiental.com.ar\/info\/el-objetivo-es-avanzar-en-la-concientizacion-ambiental-proyectan-la-instalacion-de-dos-puntos-limpios-en-la-ciudad-de-rawson\/#article","isPartOf":{"@id":"https:\/\/patagoniambiental.com.ar\/info\/el-objetivo-es-avanzar-en-la-concientizacion-ambiental-proyectan-la-instalacion-de-dos-puntos-limpios-en-la-ciudad-de-rawson\/"},"author":{"name":"Patagonia Ambiental","@id":"https:\/\/patagoniambiental.com.ar\/info\/#\/schema\/person\/db12bff64bbcbf6a253710bf0ea37b5d"},"headline":"EL OBJETIVO ES AVANZAR EN LA CONCIENTIZACI\u00d3N AMBIENTAL Proyectan la instalaci\u00f3n de dos puntos limpios en la ciudad de Rawson","datePublished":"2017-10-10T22:00:34+00:00","mainEntityOfPage":{"@id":"https:\/\/patagoniambiental.com.ar\/info\/el-objetivo-es-avanzar-en-la-concientizacion-ambiental-proyectan-la-instalacion-de-dos-puntos-limpios-en-la-ciudad-de-rawson\/"},"wordCount":358,"commentCount":0,"publisher":{"@id":"https:\/\/patagoniambiental.com.ar\/info\/#organization"},"image":{"@id":"https:\/\/patagoniambiental.com.ar\/info\/el-objetivo-es-avanzar-en-la-concientizacion-ambiental-proyectan-la-instalacion-de-dos-puntos-limpios-en-la-ciudad-de-rawson\/#primaryimage"},"thumbnailUrl":"https:\/\/patagoniambiental.com.ar\/info\/wp-content\/uploads\/2017\/10\/rawson1_.jpg","articleSection":["Municipales","Noticias"],"inLanguage":"es","potentialAction":[{"@type":"CommentAction","name":"Comment","target":["https:\/\/patagoniambiental.com.ar\/info\/el-objetivo-es-avanzar-en-la-concientizacion-ambiental-proyectan-la-instalacion-de-dos-puntos-limpios-en-la-ciudad-de-rawson\/#respond"]}]},{"@type":"WebPage","@id":"https:\/\/patagoniambiental.com.ar\/info\/el-objetivo-es-avanzar-en-la-concientizacion-ambiental-proyectan-la-instalacion-de-dos-puntos-limpios-en-la-ciudad-de-rawson\/","url":"https:\/\/patagoniambiental.com.ar\/info\/el-objetivo-es-avanzar-en-la-concientizacion-ambiental-proyectan-la-instalacion-de-dos-puntos-limpios-en-la-ciudad-de-rawson\/","name":"EL OBJETIVO ES AVANZAR EN LA CONCIENTIZACI\u00d3N AMBIENTAL Proyectan la instalaci\u00f3n de dos puntos limpios en la ciudad de Rawson","isPartOf":{"@id":"https:\/\/patagoniambiental.com.ar\/info\/#website"},"primaryImageOfPage":{"@id":"https:\/\/patagoniambiental.com.ar\/info\/el-objetivo-es-avanzar-en-la-concientizacion-ambiental-proyectan-la-instalacion-de-dos-puntos-limpios-en-la-ciudad-de-rawson\/#primaryimage"},"image":{"@id":"https:\/\/patagoniambiental.com.ar\/info\/el-objetivo-es-avanzar-en-la-concientizacion-ambiental-proyectan-la-instalacion-de-dos-puntos-limpios-en-la-ciudad-de-rawson\/#primaryimage"},"thumbnailUrl":"https:\/\/patagoniambiental.com.ar\/info\/wp-content\/uploads\/2017\/10\/rawson1_.jpg","datePublished":"2017-10-10T22:00:34+00:00","breadcrumb":{"@id":"https:\/\/patagoniambiental.com.ar\/info\/el-objetivo-es-avanzar-en-la-concientizacion-ambiental-proyectan-la-instalacion-de-dos-puntos-limpios-en-la-ciudad-de-rawson\/#breadcrumb"},"inLanguage":"es","potentialAction":[{"@type":"ReadAction","target":["https:\/\/patagoniambiental.com.ar\/info\/el-objetivo-es-avanzar-en-la-concientizacion-ambiental-proyectan-la-instalacion-de-dos-puntos-limpios-en-la-ciudad-de-rawson\/"]}]},{"@type":"ImageObject","inLanguage":"es","@id":"https:\/\/patagoniambiental.com.ar\/info\/el-objetivo-es-avanzar-en-la-concientizacion-ambiental-proyectan-la-instalacion-de-dos-puntos-limpios-en-la-ciudad-de-rawson\/#primaryimage","url":"https:\/\/patagoniambiental.com.ar\/info\/wp-content\/uploads\/2017\/10\/rawson1_.jpg","contentUrl":"https:\/\/patagoniambiental.com.ar\/info\/wp-content\/uploads\/2017\/10\/rawson1_.jpg","width":500,"height":333,"caption":"http:\/\/deviajeporargentina.net\/wp-content\/uploads\/rawson1_.jpg"},{"@type":"BreadcrumbList","@id":"https:\/\/patagoniambiental.com.ar\/info\/el-objetivo-es-avanzar-en-la-concientizacion-ambiental-proyectan-la-instalacion-de-dos-puntos-limpios-en-la-ciudad-de-rawson\/#breadcrumb","itemListElement":[{"@type":"ListItem","position":1,"name":"Inicio","item":"https:\/\/patagoniambiental.com.ar\/info\/"},{"@type":"ListItem","position":2,"name":"EL OBJETIVO ES AVANZAR EN LA CONCIENTIZACI\u00d3N AMBIENTAL Proyectan la instalaci\u00f3n de dos puntos limpios en la ciudad de Rawson"}]},{"@type":"WebSite","@id":"https:\/\/patagoniambiental.com.ar\/info\/#website","url":"https:\/\/patagoniambiental.com.ar\/info\/","name":"Patagonia Ambiental","description":"Monitoreo y an\u00e1lisis de la situaci\u00f3n geopol\u00edtica en el mundo y su implicancia en la Patagonia","publisher":{"@id":"https:\/\/patagoniambiental.com.ar\/info\/#organization"},"potentialAction":[{"@type":"SearchAction","target":{"@type":"EntryPoint","urlTemplate":"https:\/\/patagoniambiental.com.ar\/info\/?s={search_term_string}"},"query-input":{"@type":"PropertyValueSpecification","valueRequired":true,"valueName":"search_term_string"}}],"inLanguage":"es"},{"@type":"Organization","@id":"https:\/\/patagoniambiental.com.ar\/info\/#organization","name":"Patagonia Ambiental","url":"https:\/\/patagoniambiental.com.ar\/info\/","logo":{"@type":"ImageObject","inLanguage":"es","@id":"https:\/\/patagoniambiental.com.ar\/info\/#\/schema\/logo\/image\/","url":"https:\/\/patagoniambiental.com.ar\/info\/wp-content\/uploads\/2025\/05\/LOGO-PATAGONIA-AMBIENTAL.png","contentUrl":"https:\/\/patagoniambiental.com.ar\/info\/wp-content\/uploads\/2025\/05\/LOGO-PATAGONIA-AMBIENTAL.png","width":433,"height":250,"caption":"Patagonia Ambiental"},"image":{"@id":"https:\/\/patagoniambiental.com.ar\/info\/#\/schema\/logo\/image\/"},"sameAs":["https:\/\/www.facebook.com\/patagonia.ambiental","https:\/\/x.com\/PatAmb"]},{"@type":"Person","@id":"https:\/\/patagoniambiental.com.ar\/info\/#\/schema\/person\/db12bff64bbcbf6a253710bf0ea37b5d","name":"Patagonia Ambiental","description":"Andr\u00e9s Nievas T\u00e9cnico en manejo ambiental, consultor Ambiental y escritor para medios locales e internacionales sobre temas de geopolitica y medio ambiente.","sameAs":["http:\/\/www.patagoniambiental.com.ar","https:\/\/www.facebook.com\/share\/1C1V8Gv9BX\/?mibextid=qi2Omg","@patagoniambiental","https:\/\/youtube.com\/@patagoniaambiental2023?si=BLt58t0wuXquxlYZ"]}]}},"_links":{"self":[{"href":"https:\/\/patagoniambiental.com.ar\/info\/wp-json\/wp\/v2\/posts\/36303","targetHints":{"allow":["GET"]}}],"collection":[{"href":"https:\/\/patagoniambiental.com.ar\/info\/wp-json\/wp\/v2\/posts"}],"about":[{"href":"https:\/\/patagoniambiental.com.ar\/info\/wp-json\/wp\/v2\/types\/post"}],"author":[{"embeddable":true,"href":"https:\/\/patagoniambiental.com.ar\/info\/wp-json\/wp\/v2\/users\/2"}],"replies":[{"embeddable":true,"href":"https:\/\/patagoniambiental.com.ar\/info\/wp-json\/wp\/v2\/comments?post=36303"}],"version-history":[{"count":0,"href":"https:\/\/patagoniambiental.com.ar\/info\/wp-json\/wp\/v2\/posts\/36303\/revisions"}],"wp:featuredmedia":[{"embeddable":true,"href":"https:\/\/patagoniambiental.com.ar\/info\/wp-json\/wp\/v2\/media\/36304"}],"wp:attachment":[{"href":"https:\/\/patagoniambiental.com.ar\/info\/wp-json\/wp\/v2\/media?parent=36303"}],"wp:term":[{"taxonomy":"category","embeddable":true,"href":"https:\/\/patagoniambiental.com.ar\/info\/wp-json\/wp\/v2\/categories?post=36303"},{"taxonomy":"post_tag","embeddable":true,"href":"https:\/\/patagoniambiental.com.ar\/info\/wp-json\/wp\/v2\/tags?post=36303"}],"curies":[{"name":"wp","href":"https:\/\/api.w.org\/{rel}","templated":true}]}}