{"id":36316,"date":"2017-10-10T19:00:57","date_gmt":"2017-10-10T22:00:57","guid":{"rendered":"http:\/\/patagoniambiental.com.ar\/info\/?p=36316"},"modified":"2017-10-10T16:27:15","modified_gmt":"2017-10-10T19:27:15","slug":"fauna-silvestre-rescatan-pinguino-empetrolado-y-lo-trasladan-a-san-antonio-oeste-para-su-recuperacion","status":"publish","type":"post","link":"https:\/\/patagoniambiental.com.ar\/info\/fauna-silvestre-rescatan-pinguino-empetrolado-y-lo-trasladan-a-san-antonio-oeste-para-su-recuperacion\/","title":{"rendered":"Fauna Silvestre Rescatan ping\u00fcino empetrolado y lo trasladan a San Antonio Oeste para su recuperaci\u00f3n"},"content":{"rendered":"<div class=\"x_gmail_quote\">\n<div dir=\"ltr\">\n<div class=\"x_m_287645596371529975gmail_signature\">\n<div dir=\"ltr\">\n<div id=\"x_m_287645596371529975gmail-m_-5845286877626439822yui_3_16_0_ym19_1_1507659299429_9660\" class=\"x_m_287645596371529975gmail-m_-5845286877626439822yahoo_quoted\">\n<div id=\"x_m_287645596371529975gmail-m_-5845286877626439822yui_3_16_0_ym19_1_1507659299429_9659\">\n<div id=\"x_m_287645596371529975gmail-m_-5845286877626439822yui_3_16_0_ym19_1_1507659299429_9658\">\n<div id=\"x_m_287645596371529975gmail-m_-5845286877626439822yui_3_16_0_ym19_1_1507659299429_9733\" class=\"x_m_287645596371529975gmail-m_-5845286877626439822y_msg_container\">\n<div id=\"x_m_287645596371529975gmail-m_-5845286877626439822yiv1135329188\">\n<div id=\"x_m_287645596371529975gmail-m_-5845286877626439822yui_3_16_0_ym19_1_1507659299429_9735\">\n<div id=\"x_m_287645596371529975gmail-m_-5845286877626439822yui_3_16_0_ym19_1_1507659299429_9734\">\n<div id=\"x_m_287645596371529975gmail-m_-5845286877626439822yiv1135329188yui_3_16_0_ym19_1_1507659299429_7932\"><\/div>\n<div id=\"x_m_287645596371529975gmail-m_-5845286877626439822yiv1135329188yui_3_16_0_ym19_1_1507659299429_7935\"><span id=\"x_m_287645596371529975gmail-m_-5845286877626439822yiv1135329188yui_3_16_0_ym19_1_1507659299429_7939\"><span id=\"x_m_287645596371529975gmail-m_-5845286877626439822yiv1135329188yui_3_16_0_ym19_1_1507659299429_7940\"><b>Viedma.-<\/b><i>El hecho ocurri\u00f3 el pasado domingo en la zona de la desembocadura del r\u00edo Negro.<\/i><\/span><\/span><span id=\"x_m_287645596371529975gmail-m_-5845286877626439822yiv1135329188yui_3_16_0_ym19_1_1507659299429_7942\"><br \/>\n<!--more--><\/span><\/div>\n<div id=\"x_m_287645596371529975gmail-m_-5845286877626439822yiv1135329188yui_3_16_0_ym19_1_1507659299429_7943\"><span id=\"x_m_287645596371529975gmail-m_-5845286877626439822yiv1135329188yui_3_16_0_ym19_1_1507659299429_7944\">Se trata de un penacho amarillo (Eudyptes chrysocome), que fue asistido inmediatamente por t\u00e9cnicos del \u00c1rea de Fauna de la Secretar\u00eda de Ambiente y Desarrollo Sustentable, y trasladado a San Antonio Oeste para su rehabilitaci\u00f3n y posterior liberaci\u00f3n.<\/span><\/div>\n<div id=\"x_m_287645596371529975gmail-m_-5845286877626439822yiv1135329188yui_3_16_0_ym19_1_1507659299429_7945\"><span id=\"x_m_287645596371529975gmail-m_-5845286877626439822yiv1135329188yui_3_16_0_ym19_1_1507659299429_7946\">Si bien tiene presencia regular desde las costas de la provincia de Buenos Aires hasta el Pasaje de Drake, actualmente esta especie de ping\u00fcino est\u00e1 catalogada bajo la categor\u00eda vulnerable de la Uni\u00f3n Internacional de Conservaci\u00f3n de la Naturaleza (UICN), debido a la r\u00e1pida disminuci\u00f3n del n\u00famero de sus ejemplares a lo largo de los \u00faltimos a\u00f1os. El tama\u00f1o poblacional estimado es de alrededor de 1.000.000 de individuos.<\/span><\/div>\n<div id=\"x_m_287645596371529975gmail-m_-5845286877626439822yiv1135329188yui_3_16_0_ym19_1_1507659299429_7947\"><span id=\"x_m_287645596371529975gmail-m_-5845286877626439822yiv1135329188yui_3_16_0_ym19_1_1507659299429_7948\">Se alimentan de crust\u00e1ceos, peces y calamares, generalmente a profundidades que no superan los 30 metros.<\/span><\/div>\n<\/div>\n<\/div>\n<\/div>\n<\/div>\n<\/div>\n<\/div>\n<\/div>\n<div><span id=\"x_m_287645596371529975gmail-m_-5845286877626439822yiv1135329188yui_3_16_0_ym19_1_1507659299429_7950\">Se solicita a la poblaci\u00f3n que ante la presencia de animales en este estado, comunicarse de manera urgente con personal id\u00f3neo, y no intervenir por manos propias.<\/span><span id=\"x_m_287645596371529975gmail-m_-5845286877626439822yiv1135329188yui_3_16_0_ym19_1_1507659299429_7951\">\u00a0<\/span><\/div>\n<\/div>\n<div dir=\"ltr\">\n<div><\/div>\n<\/div>\n<div dir=\"ltr\">\n<div>\u200b<\/div>\n<p><b><span lang=\"ES-AR\">Fuente:\u00a0<\/span><\/b><span lang=\"ES-AR\"><a href=\"http:\/\/www.rionegro.gov.ar\/\" target=\"_blank\" rel=\"noopener noreferrer\">www.rionegro.gov.ar<\/a><\/span><\/p>\n<\/div>\n<\/div>\n<\/div>\n<\/div>\n<p>&nbsp;<\/p>\n<div class=\"x_gmail_signature\">\n<div dir=\"ltr\">\n<p><span lang=\"ES-AR\">\u00a0<\/span><\/p>\n<p><span lang=\"ES-AR\">&#8212;&#8212;&#8212;&#8212;&#8212;-<\/span><\/p>\n<\/div>\n<\/div>\n","protected":false},"excerpt":{"rendered":"<p>Viedma.-El hecho ocurri\u00f3 el pasado domingo en la zona de la desembocadura del r\u00edo Negro.<\/p>\n","protected":false},"author":2,"featured_media":36317,"comment_status":"open","ping_status":"open","sticky":false,"template":"","format":"standard","meta":{"site-sidebar-layout":"default","site-content-layout":"","ast-site-content-layout":"default","site-content-style":"default","site-sidebar-style":"default","ast-global-header-display":"","ast-banner-title-visibility":"","ast-main-header-display":"","ast-hfb-above-header-display":"","ast-hfb-below-header-display":"","ast-hfb-mobile-header-display":"","site-post-title":"","ast-breadcrumbs-content":"","ast-featured-img":"","footer-sml-layout":"","ast-disable-related-posts":"","theme-transparent-header-meta":"","adv-header-id-meta":"","stick-header-meta":"","header-above-stick-meta":"","header-main-stick-meta":"","header-below-stick-meta":"","astra-migrate-meta-layouts":"default","ast-page-background-enabled":"default","ast-page-background-meta":{"desktop":{"background-color":"var(--ast-global-color-5)","background-image":"","background-repeat":"repeat","background-position":"center center","background-size":"auto","background-attachment":"scroll","background-type":"","background-media":"","overlay-type":"","overlay-color":"","overlay-opacity":"","overlay-gradient":""},"tablet":{"background-color":"","background-image":"","background-repeat":"repeat","background-position":"center center","background-size":"auto","background-attachment":"scroll","background-type":"","background-media":"","overlay-type":"","overlay-color":"","overlay-opacity":"","overlay-gradient":""},"mobile":{"background-color":"","background-image":"","background-repeat":"repeat","background-position":"center center","background-size":"auto","background-attachment":"scroll","background-type":"","background-media":"","overlay-type":"","overlay-color":"","overlay-opacity":"","overlay-gradient":""}},"ast-content-background-meta":{"desktop":{"background-color":"var(--ast-global-color-4)","background-image":"","background-repeat":"repeat","background-position":"center center","background-size":"auto","background-attachment":"scroll","background-type":"","background-media":"","overlay-type":"","overlay-color":"","overlay-opacity":"","overlay-gradient":""},"tablet":{"background-color":"var(--ast-global-color-4)","background-image":"","background-repeat":"repeat","background-position":"center center","background-size":"auto","background-attachment":"scroll","background-type":"","background-media":"","overlay-type":"","overlay-color":"","overlay-opacity":"","overlay-gradient":""},"mobile":{"background-color":"var(--ast-global-color-4)","background-image":"","background-repeat":"repeat","background-position":"center center","background-size":"auto","background-attachment":"scroll","background-type":"","background-media":"","overlay-type":"","overlay-color":"","overlay-opacity":"","overlay-gradient":""}},"footnotes":""},"categories":[1,13,14],"tags":[],"class_list":["post-36316","post","type-post","status-publish","format-standard","has-post-thumbnail","hentry","category-noticias","category-provinciales","category-rio-negro"],"yoast_head":"<!-- This site is optimized with the Yoast SEO Premium plugin v23.0 (Yoast SEO v27.5) - https:\/\/yoast.com\/product\/yoast-seo-premium-wordpress\/ -->\n<title>Fauna Silvestre Rescatan ping\u00fcino empetrolado y lo trasladan a San Antonio Oeste para su recuperaci\u00f3n<\/title>\n<meta name=\"robots\" content=\"index, follow, max-snippet:-1, max-image-preview:large, max-video-preview:-1\" \/>\n<link rel=\"canonical\" href=\"https:\/\/patagoniambiental.com.ar\/info\/fauna-silvestre-rescatan-pinguino-empetrolado-y-lo-trasladan-a-san-antonio-oeste-para-su-recuperacion\/\" \/>\n<meta property=\"og:locale\" content=\"es_ES\" \/>\n<meta property=\"og:type\" content=\"article\" \/>\n<meta property=\"og:title\" content=\"Fauna Silvestre Rescatan ping\u00fcino empetrolado y lo trasladan a San Antonio Oeste para su recuperaci\u00f3n\" \/>\n<meta property=\"og:description\" content=\"Viedma.-El hecho ocurri\u00f3 el pasado domingo en la zona de la desembocadura del r\u00edo Negro.\" \/>\n<meta property=\"og:url\" content=\"https:\/\/patagoniambiental.com.ar\/info\/fauna-silvestre-rescatan-pinguino-empetrolado-y-lo-trasladan-a-san-antonio-oeste-para-su-recuperacion\/\" \/>\n<meta property=\"og:site_name\" content=\"Patagonia Ambiental\" \/>\n<meta property=\"article:publisher\" content=\"https:\/\/www.facebook.com\/patagonia.ambiental\" \/>\n<meta property=\"article:author\" content=\"https:\/\/www.facebook.com\/share\/1C1V8Gv9BX\/?mibextid=qi2Omg\" \/>\n<meta property=\"article:published_time\" content=\"2017-10-10T22:00:57+00:00\" \/>\n<meta property=\"og:image\" content=\"https:\/\/patagoniambiental.com.ar\/info\/wp-content\/uploads\/2017\/10\/Pinguinos-empetrolados-1.jpg\" \/>\n\t<meta property=\"og:image:width\" content=\"600\" \/>\n\t<meta property=\"og:image:height\" content=\"400\" \/>\n\t<meta property=\"og:image:type\" content=\"image\/jpeg\" \/>\n<meta name=\"author\" content=\"Patagonia Ambiental\" \/>\n<meta name=\"twitter:card\" content=\"summary_large_image\" \/>\n<meta name=\"twitter:creator\" content=\"@PatAmb\" \/>\n<meta name=\"twitter:site\" content=\"@PatAmb\" \/>\n<script type=\"application\/ld+json\" class=\"yoast-schema-graph\">{\"@context\":\"https:\\\/\\\/schema.org\",\"@graph\":[{\"@type\":\"Article\",\"@id\":\"https:\\\/\\\/patagoniambiental.com.ar\\\/info\\\/fauna-silvestre-rescatan-pinguino-empetrolado-y-lo-trasladan-a-san-antonio-oeste-para-su-recuperacion\\\/#article\",\"isPartOf\":{\"@id\":\"https:\\\/\\\/patagoniambiental.com.ar\\\/info\\\/fauna-silvestre-rescatan-pinguino-empetrolado-y-lo-trasladan-a-san-antonio-oeste-para-su-recuperacion\\\/\"},\"author\":{\"name\":\"Patagonia Ambiental\",\"@id\":\"https:\\\/\\\/patagoniambiental.com.ar\\\/info\\\/#\\\/schema\\\/person\\\/db12bff64bbcbf6a253710bf0ea37b5d\"},\"headline\":\"Fauna Silvestre Rescatan ping\u00fcino empetrolado y lo trasladan a San Antonio Oeste para su recuperaci\u00f3n\",\"datePublished\":\"2017-10-10T22:00:57+00:00\",\"mainEntityOfPage\":{\"@id\":\"https:\\\/\\\/patagoniambiental.com.ar\\\/info\\\/fauna-silvestre-rescatan-pinguino-empetrolado-y-lo-trasladan-a-san-antonio-oeste-para-su-recuperacion\\\/\"},\"wordCount\":205,\"commentCount\":0,\"publisher\":{\"@id\":\"https:\\\/\\\/patagoniambiental.com.ar\\\/info\\\/#organization\"},\"image\":{\"@id\":\"https:\\\/\\\/patagoniambiental.com.ar\\\/info\\\/fauna-silvestre-rescatan-pinguino-empetrolado-y-lo-trasladan-a-san-antonio-oeste-para-su-recuperacion\\\/#primaryimage\"},\"thumbnailUrl\":\"https:\\\/\\\/patagoniambiental.com.ar\\\/info\\\/wp-content\\\/uploads\\\/2017\\\/10\\\/Pinguinos-empetrolados-1.jpg\",\"articleSection\":[\"Noticias\",\"Provinciales\",\"R\u00edo Negro\"],\"inLanguage\":\"es\",\"potentialAction\":[{\"@type\":\"CommentAction\",\"name\":\"Comment\",\"target\":[\"https:\\\/\\\/patagoniambiental.com.ar\\\/info\\\/fauna-silvestre-rescatan-pinguino-empetrolado-y-lo-trasladan-a-san-antonio-oeste-para-su-recuperacion\\\/#respond\"]}]},{\"@type\":\"WebPage\",\"@id\":\"https:\\\/\\\/patagoniambiental.com.ar\\\/info\\\/fauna-silvestre-rescatan-pinguino-empetrolado-y-lo-trasladan-a-san-antonio-oeste-para-su-recuperacion\\\/\",\"url\":\"https:\\\/\\\/patagoniambiental.com.ar\\\/info\\\/fauna-silvestre-rescatan-pinguino-empetrolado-y-lo-trasladan-a-san-antonio-oeste-para-su-recuperacion\\\/\",\"name\":\"Fauna Silvestre Rescatan ping\u00fcino empetrolado y lo trasladan a San Antonio Oeste para su recuperaci\u00f3n\",\"isPartOf\":{\"@id\":\"https:\\\/\\\/patagoniambiental.com.ar\\\/info\\\/#website\"},\"primaryImageOfPage\":{\"@id\":\"https:\\\/\\\/patagoniambiental.com.ar\\\/info\\\/fauna-silvestre-rescatan-pinguino-empetrolado-y-lo-trasladan-a-san-antonio-oeste-para-su-recuperacion\\\/#primaryimage\"},\"image\":{\"@id\":\"https:\\\/\\\/patagoniambiental.com.ar\\\/info\\\/fauna-silvestre-rescatan-pinguino-empetrolado-y-lo-trasladan-a-san-antonio-oeste-para-su-recuperacion\\\/#primaryimage\"},\"thumbnailUrl\":\"https:\\\/\\\/patagoniambiental.com.ar\\\/info\\\/wp-content\\\/uploads\\\/2017\\\/10\\\/Pinguinos-empetrolados-1.jpg\",\"datePublished\":\"2017-10-10T22:00:57+00:00\",\"breadcrumb\":{\"@id\":\"https:\\\/\\\/patagoniambiental.com.ar\\\/info\\\/fauna-silvestre-rescatan-pinguino-empetrolado-y-lo-trasladan-a-san-antonio-oeste-para-su-recuperacion\\\/#breadcrumb\"},\"inLanguage\":\"es\",\"potentialAction\":[{\"@type\":\"ReadAction\",\"target\":[\"https:\\\/\\\/patagoniambiental.com.ar\\\/info\\\/fauna-silvestre-rescatan-pinguino-empetrolado-y-lo-trasladan-a-san-antonio-oeste-para-su-recuperacion\\\/\"]}]},{\"@type\":\"ImageObject\",\"inLanguage\":\"es\",\"@id\":\"https:\\\/\\\/patagoniambiental.com.ar\\\/info\\\/fauna-silvestre-rescatan-pinguino-empetrolado-y-lo-trasladan-a-san-antonio-oeste-para-su-recuperacion\\\/#primaryimage\",\"url\":\"https:\\\/\\\/patagoniambiental.com.ar\\\/info\\\/wp-content\\\/uploads\\\/2017\\\/10\\\/Pinguinos-empetrolados-1.jpg\",\"contentUrl\":\"https:\\\/\\\/patagoniambiental.com.ar\\\/info\\\/wp-content\\\/uploads\\\/2017\\\/10\\\/Pinguinos-empetrolados-1.jpg\",\"width\":600,\"height\":400,\"caption\":\"foto archivo\"},{\"@type\":\"BreadcrumbList\",\"@id\":\"https:\\\/\\\/patagoniambiental.com.ar\\\/info\\\/fauna-silvestre-rescatan-pinguino-empetrolado-y-lo-trasladan-a-san-antonio-oeste-para-su-recuperacion\\\/#breadcrumb\",\"itemListElement\":[{\"@type\":\"ListItem\",\"position\":1,\"name\":\"Inicio\",\"item\":\"https:\\\/\\\/patagoniambiental.com.ar\\\/info\\\/\"},{\"@type\":\"ListItem\",\"position\":2,\"name\":\"Fauna Silvestre Rescatan ping\u00fcino empetrolado y lo trasladan a San Antonio Oeste para su recuperaci\u00f3n\"}]},{\"@type\":\"WebSite\",\"@id\":\"https:\\\/\\\/patagoniambiental.com.ar\\\/info\\\/#website\",\"url\":\"https:\\\/\\\/patagoniambiental.com.ar\\\/info\\\/\",\"name\":\"Patagonia Ambiental\",\"description\":\"Monitoreo y an\u00e1lisis de la situaci\u00f3n geopol\u00edtica en el mundo y su implicancia en la Patagonia\",\"publisher\":{\"@id\":\"https:\\\/\\\/patagoniambiental.com.ar\\\/info\\\/#organization\"},\"potentialAction\":[{\"@type\":\"SearchAction\",\"target\":{\"@type\":\"EntryPoint\",\"urlTemplate\":\"https:\\\/\\\/patagoniambiental.com.ar\\\/info\\\/?s={search_term_string}\"},\"query-input\":{\"@type\":\"PropertyValueSpecification\",\"valueRequired\":true,\"valueName\":\"search_term_string\"}}],\"inLanguage\":\"es\"},{\"@type\":\"Organization\",\"@id\":\"https:\\\/\\\/patagoniambiental.com.ar\\\/info\\\/#organization\",\"name\":\"Patagonia Ambiental\",\"url\":\"https:\\\/\\\/patagoniambiental.com.ar\\\/info\\\/\",\"logo\":{\"@type\":\"ImageObject\",\"inLanguage\":\"es\",\"@id\":\"https:\\\/\\\/patagoniambiental.com.ar\\\/info\\\/#\\\/schema\\\/logo\\\/image\\\/\",\"url\":\"https:\\\/\\\/patagoniambiental.com.ar\\\/info\\\/wp-content\\\/uploads\\\/2025\\\/05\\\/LOGO-PATAGONIA-AMBIENTAL.png\",\"contentUrl\":\"https:\\\/\\\/patagoniambiental.com.ar\\\/info\\\/wp-content\\\/uploads\\\/2025\\\/05\\\/LOGO-PATAGONIA-AMBIENTAL.png\",\"width\":433,\"height\":250,\"caption\":\"Patagonia Ambiental\"},\"image\":{\"@id\":\"https:\\\/\\\/patagoniambiental.com.ar\\\/info\\\/#\\\/schema\\\/logo\\\/image\\\/\"},\"sameAs\":[\"https:\\\/\\\/www.facebook.com\\\/patagonia.ambiental\",\"https:\\\/\\\/x.com\\\/PatAmb\"]},{\"@type\":\"Person\",\"@id\":\"https:\\\/\\\/patagoniambiental.com.ar\\\/info\\\/#\\\/schema\\\/person\\\/db12bff64bbcbf6a253710bf0ea37b5d\",\"name\":\"Patagonia Ambiental\",\"description\":\"Andr\u00e9s Nievas T\u00e9cnico en manejo ambiental, consultor Ambiental y escritor para medios locales e internacionales sobre temas de geopolitica y medio ambiente.\",\"sameAs\":[\"http:\\\/\\\/www.patagoniambiental.com.ar\",\"https:\\\/\\\/www.facebook.com\\\/share\\\/1C1V8Gv9BX\\\/?mibextid=qi2Omg\",\"@patagoniambiental\",\"https:\\\/\\\/youtube.com\\\/@patagoniaambiental2023?si=BLt58t0wuXquxlYZ\"]}]}<\/script>\n<!-- \/ Yoast SEO Premium plugin. -->","yoast_head_json":{"title":"Fauna Silvestre Rescatan ping\u00fcino empetrolado y lo trasladan a San Antonio Oeste para su recuperaci\u00f3n","robots":{"index":"index","follow":"follow","max-snippet":"max-snippet:-1","max-image-preview":"max-image-preview:large","max-video-preview":"max-video-preview:-1"},"canonical":"https:\/\/patagoniambiental.com.ar\/info\/fauna-silvestre-rescatan-pinguino-empetrolado-y-lo-trasladan-a-san-antonio-oeste-para-su-recuperacion\/","og_locale":"es_ES","og_type":"article","og_title":"Fauna Silvestre Rescatan ping\u00fcino empetrolado y lo trasladan a San Antonio Oeste para su recuperaci\u00f3n","og_description":"Viedma.-El hecho ocurri\u00f3 el pasado domingo en la zona de la desembocadura del r\u00edo Negro.","og_url":"https:\/\/patagoniambiental.com.ar\/info\/fauna-silvestre-rescatan-pinguino-empetrolado-y-lo-trasladan-a-san-antonio-oeste-para-su-recuperacion\/","og_site_name":"Patagonia Ambiental","article_publisher":"https:\/\/www.facebook.com\/patagonia.ambiental","article_author":"https:\/\/www.facebook.com\/share\/1C1V8Gv9BX\/?mibextid=qi2Omg","article_published_time":"2017-10-10T22:00:57+00:00","og_image":[{"width":600,"height":400,"url":"https:\/\/patagoniambiental.com.ar\/info\/wp-content\/uploads\/2017\/10\/Pinguinos-empetrolados-1.jpg","type":"image\/jpeg"}],"author":"Patagonia Ambiental","twitter_card":"summary_large_image","twitter_creator":"@PatAmb","twitter_site":"@PatAmb","schema":{"@context":"https:\/\/schema.org","@graph":[{"@type":"Article","@id":"https:\/\/patagoniambiental.com.ar\/info\/fauna-silvestre-rescatan-pinguino-empetrolado-y-lo-trasladan-a-san-antonio-oeste-para-su-recuperacion\/#article","isPartOf":{"@id":"https:\/\/patagoniambiental.com.ar\/info\/fauna-silvestre-rescatan-pinguino-empetrolado-y-lo-trasladan-a-san-antonio-oeste-para-su-recuperacion\/"},"author":{"name":"Patagonia Ambiental","@id":"https:\/\/patagoniambiental.com.ar\/info\/#\/schema\/person\/db12bff64bbcbf6a253710bf0ea37b5d"},"headline":"Fauna Silvestre Rescatan ping\u00fcino empetrolado y lo trasladan a San Antonio Oeste para su recuperaci\u00f3n","datePublished":"2017-10-10T22:00:57+00:00","mainEntityOfPage":{"@id":"https:\/\/patagoniambiental.com.ar\/info\/fauna-silvestre-rescatan-pinguino-empetrolado-y-lo-trasladan-a-san-antonio-oeste-para-su-recuperacion\/"},"wordCount":205,"commentCount":0,"publisher":{"@id":"https:\/\/patagoniambiental.com.ar\/info\/#organization"},"image":{"@id":"https:\/\/patagoniambiental.com.ar\/info\/fauna-silvestre-rescatan-pinguino-empetrolado-y-lo-trasladan-a-san-antonio-oeste-para-su-recuperacion\/#primaryimage"},"thumbnailUrl":"https:\/\/patagoniambiental.com.ar\/info\/wp-content\/uploads\/2017\/10\/Pinguinos-empetrolados-1.jpg","articleSection":["Noticias","Provinciales","R\u00edo Negro"],"inLanguage":"es","potentialAction":[{"@type":"CommentAction","name":"Comment","target":["https:\/\/patagoniambiental.com.ar\/info\/fauna-silvestre-rescatan-pinguino-empetrolado-y-lo-trasladan-a-san-antonio-oeste-para-su-recuperacion\/#respond"]}]},{"@type":"WebPage","@id":"https:\/\/patagoniambiental.com.ar\/info\/fauna-silvestre-rescatan-pinguino-empetrolado-y-lo-trasladan-a-san-antonio-oeste-para-su-recuperacion\/","url":"https:\/\/patagoniambiental.com.ar\/info\/fauna-silvestre-rescatan-pinguino-empetrolado-y-lo-trasladan-a-san-antonio-oeste-para-su-recuperacion\/","name":"Fauna Silvestre Rescatan ping\u00fcino empetrolado y lo trasladan a San Antonio Oeste para su recuperaci\u00f3n","isPartOf":{"@id":"https:\/\/patagoniambiental.com.ar\/info\/#website"},"primaryImageOfPage":{"@id":"https:\/\/patagoniambiental.com.ar\/info\/fauna-silvestre-rescatan-pinguino-empetrolado-y-lo-trasladan-a-san-antonio-oeste-para-su-recuperacion\/#primaryimage"},"image":{"@id":"https:\/\/patagoniambiental.com.ar\/info\/fauna-silvestre-rescatan-pinguino-empetrolado-y-lo-trasladan-a-san-antonio-oeste-para-su-recuperacion\/#primaryimage"},"thumbnailUrl":"https:\/\/patagoniambiental.com.ar\/info\/wp-content\/uploads\/2017\/10\/Pinguinos-empetrolados-1.jpg","datePublished":"2017-10-10T22:00:57+00:00","breadcrumb":{"@id":"https:\/\/patagoniambiental.com.ar\/info\/fauna-silvestre-rescatan-pinguino-empetrolado-y-lo-trasladan-a-san-antonio-oeste-para-su-recuperacion\/#breadcrumb"},"inLanguage":"es","potentialAction":[{"@type":"ReadAction","target":["https:\/\/patagoniambiental.com.ar\/info\/fauna-silvestre-rescatan-pinguino-empetrolado-y-lo-trasladan-a-san-antonio-oeste-para-su-recuperacion\/"]}]},{"@type":"ImageObject","inLanguage":"es","@id":"https:\/\/patagoniambiental.com.ar\/info\/fauna-silvestre-rescatan-pinguino-empetrolado-y-lo-trasladan-a-san-antonio-oeste-para-su-recuperacion\/#primaryimage","url":"https:\/\/patagoniambiental.com.ar\/info\/wp-content\/uploads\/2017\/10\/Pinguinos-empetrolados-1.jpg","contentUrl":"https:\/\/patagoniambiental.com.ar\/info\/wp-content\/uploads\/2017\/10\/Pinguinos-empetrolados-1.jpg","width":600,"height":400,"caption":"foto archivo"},{"@type":"BreadcrumbList","@id":"https:\/\/patagoniambiental.com.ar\/info\/fauna-silvestre-rescatan-pinguino-empetrolado-y-lo-trasladan-a-san-antonio-oeste-para-su-recuperacion\/#breadcrumb","itemListElement":[{"@type":"ListItem","position":1,"name":"Inicio","item":"https:\/\/patagoniambiental.com.ar\/info\/"},{"@type":"ListItem","position":2,"name":"Fauna Silvestre Rescatan ping\u00fcino empetrolado y lo trasladan a San Antonio Oeste para su recuperaci\u00f3n"}]},{"@type":"WebSite","@id":"https:\/\/patagoniambiental.com.ar\/info\/#website","url":"https:\/\/patagoniambiental.com.ar\/info\/","name":"Patagonia Ambiental","description":"Monitoreo y an\u00e1lisis de la situaci\u00f3n geopol\u00edtica en el mundo y su implicancia en la Patagonia","publisher":{"@id":"https:\/\/patagoniambiental.com.ar\/info\/#organization"},"potentialAction":[{"@type":"SearchAction","target":{"@type":"EntryPoint","urlTemplate":"https:\/\/patagoniambiental.com.ar\/info\/?s={search_term_string}"},"query-input":{"@type":"PropertyValueSpecification","valueRequired":true,"valueName":"search_term_string"}}],"inLanguage":"es"},{"@type":"Organization","@id":"https:\/\/patagoniambiental.com.ar\/info\/#organization","name":"Patagonia Ambiental","url":"https:\/\/patagoniambiental.com.ar\/info\/","logo":{"@type":"ImageObject","inLanguage":"es","@id":"https:\/\/patagoniambiental.com.ar\/info\/#\/schema\/logo\/image\/","url":"https:\/\/patagoniambiental.com.ar\/info\/wp-content\/uploads\/2025\/05\/LOGO-PATAGONIA-AMBIENTAL.png","contentUrl":"https:\/\/patagoniambiental.com.ar\/info\/wp-content\/uploads\/2025\/05\/LOGO-PATAGONIA-AMBIENTAL.png","width":433,"height":250,"caption":"Patagonia Ambiental"},"image":{"@id":"https:\/\/patagoniambiental.com.ar\/info\/#\/schema\/logo\/image\/"},"sameAs":["https:\/\/www.facebook.com\/patagonia.ambiental","https:\/\/x.com\/PatAmb"]},{"@type":"Person","@id":"https:\/\/patagoniambiental.com.ar\/info\/#\/schema\/person\/db12bff64bbcbf6a253710bf0ea37b5d","name":"Patagonia Ambiental","description":"Andr\u00e9s Nievas T\u00e9cnico en manejo ambiental, consultor Ambiental y escritor para medios locales e internacionales sobre temas de geopolitica y medio ambiente.","sameAs":["http:\/\/www.patagoniambiental.com.ar","https:\/\/www.facebook.com\/share\/1C1V8Gv9BX\/?mibextid=qi2Omg","@patagoniambiental","https:\/\/youtube.com\/@patagoniaambiental2023?si=BLt58t0wuXquxlYZ"]}]}},"_links":{"self":[{"href":"https:\/\/patagoniambiental.com.ar\/info\/wp-json\/wp\/v2\/posts\/36316","targetHints":{"allow":["GET"]}}],"collection":[{"href":"https:\/\/patagoniambiental.com.ar\/info\/wp-json\/wp\/v2\/posts"}],"about":[{"href":"https:\/\/patagoniambiental.com.ar\/info\/wp-json\/wp\/v2\/types\/post"}],"author":[{"embeddable":true,"href":"https:\/\/patagoniambiental.com.ar\/info\/wp-json\/wp\/v2\/users\/2"}],"replies":[{"embeddable":true,"href":"https:\/\/patagoniambiental.com.ar\/info\/wp-json\/wp\/v2\/comments?post=36316"}],"version-history":[{"count":0,"href":"https:\/\/patagoniambiental.com.ar\/info\/wp-json\/wp\/v2\/posts\/36316\/revisions"}],"wp:featuredmedia":[{"embeddable":true,"href":"https:\/\/patagoniambiental.com.ar\/info\/wp-json\/wp\/v2\/media\/36317"}],"wp:attachment":[{"href":"https:\/\/patagoniambiental.com.ar\/info\/wp-json\/wp\/v2\/media?parent=36316"}],"wp:term":[{"taxonomy":"category","embeddable":true,"href":"https:\/\/patagoniambiental.com.ar\/info\/wp-json\/wp\/v2\/categories?post=36316"},{"taxonomy":"post_tag","embeddable":true,"href":"https:\/\/patagoniambiental.com.ar\/info\/wp-json\/wp\/v2\/tags?post=36316"}],"curies":[{"name":"wp","href":"https:\/\/api.w.org\/{rel}","templated":true}]}}