{"id":36388,"date":"2017-10-12T09:00:02","date_gmt":"2017-10-12T12:00:02","guid":{"rendered":"http:\/\/patagoniambiental.com.ar\/info\/?p=36388"},"modified":"2017-10-11T20:28:59","modified_gmt":"2017-10-11T23:28:59","slug":"el-esfuerzo-de-la-gente-junto-a-un-estado-presente-hicieron-posible-esta-gran-obra","status":"publish","type":"post","link":"https:\/\/patagoniambiental.com.ar\/info\/el-esfuerzo-de-la-gente-junto-a-un-estado-presente-hicieron-posible-esta-gran-obra\/","title":{"rendered":"\u201cEl esfuerzo de la gente junto a un Estado presente hicieron posible esta gran obra\u00bb"},"content":{"rendered":"<p>Arroyo Ventana.-La legisladora de JSRN, Roxana Fern\u00e1ndez, particip\u00f3 junto al gobernador de la provincia de R\u00edo Negro, Alberto Weretilneck, de la inauguraci\u00f3n del nuevo emplazamiento de Arroyo Ventana, luego de haber sido\u00a0 arrasado por una catr\u00e1strofe clim\u00e1tica que produjo una fuerte crecida del propio arroyo.<\/p>\n<p>\u201cFue una jornada muy emocionante que vivimos junto al pueblo y estamos\u00a0 orgullosos de haberlo hecho posible\u201d, declar\u00f3 Fern\u00e1ndez.<\/p>\n<p>Participaron del acto el vicegobernador, Pedro Pesatti, autoridades del ejecutivo provincial, legisladores y comisionados de fomento, entre otros.<\/p>\n<p>El evento fue \u201cuna verdadera fiesta popular\u201d, coment\u00f3 la parlamentaria y detall\u00f3 que \u201cse inauguraron 22 viviendas, un SUM comunitario y hasta una cancha de f\u00fatbol, con un mini torneo y el aliento de todo el pueblo\u201d. \u201cTambi\u00e9n hubo un almuerzo para todas y todos los presentes, un desfile con la banda de la polic\u00eda de R\u00edo Negro y, ca\u00edda la tarde, continuamos con m\u00fasica popular junto a cantantes, humoristas y payadores\u201d .<\/p>\n<p>La legisladora explic\u00f3 que \u201ceste pueblo sufri\u00f3 un gran temporal que lo destruy\u00f3 por completo\u201d, y record\u00f3 que, \u201cfue all\u00ed cuando el gobernador se reuni\u00f3 con su comunidad y tomaron la decisi\u00f3n conjunta de relocalizarla. Es decir que, gracias a la fortaleza de su gente y por la acci\u00f3n de un Estado presente, estamos refundando el pueblo de Arroyo Ventana\u201d.<\/p>\n<p>Agreg\u00f3 adem\u00e1s que \u201ces importante tambi\u00e9n reconocer la valent\u00eda de sus vecinos durante el temporal, el trabajo de nuestra polic\u00eda, de defensa civil, del personal de salud, la colaboraci\u00f3n y la solidaridad de los habitantes de Sierra Grande y el compromiso del gobernador para poder estar hoy aqu\u00ed dando inicio a esta inmensa obra que hace unos a\u00f1os parec\u00eda imposible\u201d.<\/p>\n<p>Por \u00faltimo, Fern\u00e1ndez se\u00f1al\u00f3 que \u201cestas son las grandes obras en la que queremos avanzar y profundizar, que van desde las ciudades m\u00e1s grandes a los parajes m\u00e1s peque\u00f1os\u201d. \u201cPorque creemos que gobernar tiene que ver con resolver los problemas de nuestra gente, y por ese camino vamos, con la dedicaci\u00f3n y el compromiso con que llevamos adelante la gesti\u00f3n\u201d, finaliz\u00f3 la parlamentaria.<\/p>\n<p>&nbsp;<\/p>\n<p>Fuente:\u00a0<b>\u00c1rea de Comunicaci\u00f3n y Prensa<br \/>\nBloque de Legisladores<br \/>\nJuntos\u00a0Somos R\u00edo Negro<\/b><\/p>\n","protected":false},"excerpt":{"rendered":"<p>Arroyo Ventana.-La legisladora de JSRN, Roxana Fern\u00e1ndez, particip\u00f3 junto al gobernador de la provincia de R\u00edo Negro, Alberto Weretilneck, de [&hellip;]<\/p>\n","protected":false},"author":2,"featured_media":36389,"comment_status":"open","ping_status":"open","sticky":false,"template":"","format":"standard","meta":{"site-sidebar-layout":"default","site-content-layout":"","ast-site-content-layout":"default","site-content-style":"default","site-sidebar-style":"default","ast-global-header-display":"","ast-banner-title-visibility":"","ast-main-header-display":"","ast-hfb-above-header-display":"","ast-hfb-below-header-display":"","ast-hfb-mobile-header-display":"","site-post-title":"","ast-breadcrumbs-content":"","ast-featured-img":"","footer-sml-layout":"","ast-disable-related-posts":"","theme-transparent-header-meta":"","adv-header-id-meta":"","stick-header-meta":"","header-above-stick-meta":"","header-main-stick-meta":"","header-below-stick-meta":"","astra-migrate-meta-layouts":"default","ast-page-background-enabled":"default","ast-page-background-meta":{"desktop":{"background-color":"var(--ast-global-color-5)","background-image":"","background-repeat":"repeat","background-position":"center center","background-size":"auto","background-attachment":"scroll","background-type":"","background-media":"","overlay-type":"","overlay-color":"","overlay-opacity":"","overlay-gradient":""},"tablet":{"background-color":"","background-image":"","background-repeat":"repeat","background-position":"center center","background-size":"auto","background-attachment":"scroll","background-type":"","background-media":"","overlay-type":"","overlay-color":"","overlay-opacity":"","overlay-gradient":""},"mobile":{"background-color":"","background-image":"","background-repeat":"repeat","background-position":"center center","background-size":"auto","background-attachment":"scroll","background-type":"","background-media":"","overlay-type":"","overlay-color":"","overlay-opacity":"","overlay-gradient":""}},"ast-content-background-meta":{"desktop":{"background-color":"var(--ast-global-color-4)","background-image":"","background-repeat":"repeat","background-position":"center center","background-size":"auto","background-attachment":"scroll","background-type":"","background-media":"","overlay-type":"","overlay-color":"","overlay-opacity":"","overlay-gradient":""},"tablet":{"background-color":"var(--ast-global-color-4)","background-image":"","background-repeat":"repeat","background-position":"center center","background-size":"auto","background-attachment":"scroll","background-type":"","background-media":"","overlay-type":"","overlay-color":"","overlay-opacity":"","overlay-gradient":""},"mobile":{"background-color":"var(--ast-global-color-4)","background-image":"","background-repeat":"repeat","background-position":"center center","background-size":"auto","background-attachment":"scroll","background-type":"","background-media":"","overlay-type":"","overlay-color":"","overlay-opacity":"","overlay-gradient":""}},"footnotes":""},"categories":[1,14],"tags":[],"class_list":["post-36388","post","type-post","status-publish","format-standard","has-post-thumbnail","hentry","category-noticias","category-rio-negro"],"yoast_head":"<!-- This site is optimized with the Yoast SEO Premium plugin v23.0 (Yoast SEO v27.5) - https:\/\/yoast.com\/product\/yoast-seo-premium-wordpress\/ -->\n<title>\u201cEl esfuerzo de la gente junto a un Estado presente hicieron posible esta gran obra&quot;<\/title>\n<meta name=\"robots\" content=\"index, follow, max-snippet:-1, max-image-preview:large, max-video-preview:-1\" \/>\n<link rel=\"canonical\" href=\"https:\/\/patagoniambiental.com.ar\/info\/el-esfuerzo-de-la-gente-junto-a-un-estado-presente-hicieron-posible-esta-gran-obra\/\" \/>\n<meta property=\"og:locale\" content=\"es_ES\" \/>\n<meta property=\"og:type\" content=\"article\" \/>\n<meta property=\"og:title\" content=\"\u201cEl esfuerzo de la gente junto a un Estado presente hicieron posible esta gran obra&quot;\" \/>\n<meta property=\"og:description\" content=\"Arroyo Ventana.-La legisladora de JSRN, Roxana Fern\u00e1ndez, particip\u00f3 junto al gobernador de la provincia de R\u00edo Negro, Alberto Weretilneck, de [&hellip;]\" \/>\n<meta property=\"og:url\" content=\"https:\/\/patagoniambiental.com.ar\/info\/el-esfuerzo-de-la-gente-junto-a-un-estado-presente-hicieron-posible-esta-gran-obra\/\" \/>\n<meta property=\"og:site_name\" content=\"Patagonia Ambiental\" \/>\n<meta property=\"article:publisher\" content=\"https:\/\/www.facebook.com\/patagonia.ambiental\" \/>\n<meta property=\"article:author\" content=\"https:\/\/www.facebook.com\/share\/1C1V8Gv9BX\/?mibextid=qi2Omg\" \/>\n<meta property=\"article:published_time\" content=\"2017-10-12T12:00:02+00:00\" \/>\n<meta property=\"og:image\" content=\"https:\/\/patagoniambiental.com.ar\/info\/wp-content\/uploads\/2017\/10\/Arroyo-Ventana-1-320x320.jpg\" \/>\n\t<meta property=\"og:image:width\" content=\"320\" \/>\n\t<meta property=\"og:image:height\" content=\"320\" \/>\n\t<meta property=\"og:image:type\" content=\"image\/jpeg\" \/>\n<meta name=\"author\" content=\"Patagonia Ambiental\" \/>\n<meta name=\"twitter:card\" content=\"summary_large_image\" \/>\n<meta name=\"twitter:creator\" content=\"@PatAmb\" \/>\n<meta name=\"twitter:site\" content=\"@PatAmb\" \/>\n<script type=\"application\/ld+json\" class=\"yoast-schema-graph\">{\"@context\":\"https:\\\/\\\/schema.org\",\"@graph\":[{\"@type\":\"Article\",\"@id\":\"https:\\\/\\\/patagoniambiental.com.ar\\\/info\\\/el-esfuerzo-de-la-gente-junto-a-un-estado-presente-hicieron-posible-esta-gran-obra\\\/#article\",\"isPartOf\":{\"@id\":\"https:\\\/\\\/patagoniambiental.com.ar\\\/info\\\/el-esfuerzo-de-la-gente-junto-a-un-estado-presente-hicieron-posible-esta-gran-obra\\\/\"},\"author\":{\"name\":\"Patagonia Ambiental\",\"@id\":\"https:\\\/\\\/patagoniambiental.com.ar\\\/info\\\/#\\\/schema\\\/person\\\/db12bff64bbcbf6a253710bf0ea37b5d\"},\"headline\":\"\u201cEl esfuerzo de la gente junto a un Estado presente hicieron posible esta gran obra\u00bb\",\"datePublished\":\"2017-10-12T12:00:02+00:00\",\"mainEntityOfPage\":{\"@id\":\"https:\\\/\\\/patagoniambiental.com.ar\\\/info\\\/el-esfuerzo-de-la-gente-junto-a-un-estado-presente-hicieron-posible-esta-gran-obra\\\/\"},\"wordCount\":396,\"commentCount\":0,\"publisher\":{\"@id\":\"https:\\\/\\\/patagoniambiental.com.ar\\\/info\\\/#organization\"},\"image\":{\"@id\":\"https:\\\/\\\/patagoniambiental.com.ar\\\/info\\\/el-esfuerzo-de-la-gente-junto-a-un-estado-presente-hicieron-posible-esta-gran-obra\\\/#primaryimage\"},\"thumbnailUrl\":\"https:\\\/\\\/patagoniambiental.com.ar\\\/info\\\/wp-content\\\/uploads\\\/2017\\\/10\\\/Arroyo-Ventana-1-320x320.jpg\",\"articleSection\":[\"Noticias\",\"R\u00edo Negro\"],\"inLanguage\":\"es\",\"potentialAction\":[{\"@type\":\"CommentAction\",\"name\":\"Comment\",\"target\":[\"https:\\\/\\\/patagoniambiental.com.ar\\\/info\\\/el-esfuerzo-de-la-gente-junto-a-un-estado-presente-hicieron-posible-esta-gran-obra\\\/#respond\"]}]},{\"@type\":\"WebPage\",\"@id\":\"https:\\\/\\\/patagoniambiental.com.ar\\\/info\\\/el-esfuerzo-de-la-gente-junto-a-un-estado-presente-hicieron-posible-esta-gran-obra\\\/\",\"url\":\"https:\\\/\\\/patagoniambiental.com.ar\\\/info\\\/el-esfuerzo-de-la-gente-junto-a-un-estado-presente-hicieron-posible-esta-gran-obra\\\/\",\"name\":\"\u201cEl esfuerzo de la gente junto a un Estado presente hicieron posible esta gran obra\\\"\",\"isPartOf\":{\"@id\":\"https:\\\/\\\/patagoniambiental.com.ar\\\/info\\\/#website\"},\"primaryImageOfPage\":{\"@id\":\"https:\\\/\\\/patagoniambiental.com.ar\\\/info\\\/el-esfuerzo-de-la-gente-junto-a-un-estado-presente-hicieron-posible-esta-gran-obra\\\/#primaryimage\"},\"image\":{\"@id\":\"https:\\\/\\\/patagoniambiental.com.ar\\\/info\\\/el-esfuerzo-de-la-gente-junto-a-un-estado-presente-hicieron-posible-esta-gran-obra\\\/#primaryimage\"},\"thumbnailUrl\":\"https:\\\/\\\/patagoniambiental.com.ar\\\/info\\\/wp-content\\\/uploads\\\/2017\\\/10\\\/Arroyo-Ventana-1-320x320.jpg\",\"datePublished\":\"2017-10-12T12:00:02+00:00\",\"breadcrumb\":{\"@id\":\"https:\\\/\\\/patagoniambiental.com.ar\\\/info\\\/el-esfuerzo-de-la-gente-junto-a-un-estado-presente-hicieron-posible-esta-gran-obra\\\/#breadcrumb\"},\"inLanguage\":\"es\",\"potentialAction\":[{\"@type\":\"ReadAction\",\"target\":[\"https:\\\/\\\/patagoniambiental.com.ar\\\/info\\\/el-esfuerzo-de-la-gente-junto-a-un-estado-presente-hicieron-posible-esta-gran-obra\\\/\"]}]},{\"@type\":\"ImageObject\",\"inLanguage\":\"es\",\"@id\":\"https:\\\/\\\/patagoniambiental.com.ar\\\/info\\\/el-esfuerzo-de-la-gente-junto-a-un-estado-presente-hicieron-posible-esta-gran-obra\\\/#primaryimage\",\"url\":\"https:\\\/\\\/patagoniambiental.com.ar\\\/info\\\/wp-content\\\/uploads\\\/2017\\\/10\\\/Arroyo-Ventana-1-320x320.jpg\",\"contentUrl\":\"https:\\\/\\\/patagoniambiental.com.ar\\\/info\\\/wp-content\\\/uploads\\\/2017\\\/10\\\/Arroyo-Ventana-1-320x320.jpg\",\"width\":320,\"height\":320},{\"@type\":\"BreadcrumbList\",\"@id\":\"https:\\\/\\\/patagoniambiental.com.ar\\\/info\\\/el-esfuerzo-de-la-gente-junto-a-un-estado-presente-hicieron-posible-esta-gran-obra\\\/#breadcrumb\",\"itemListElement\":[{\"@type\":\"ListItem\",\"position\":1,\"name\":\"Inicio\",\"item\":\"https:\\\/\\\/patagoniambiental.com.ar\\\/info\\\/\"},{\"@type\":\"ListItem\",\"position\":2,\"name\":\"\u201cEl esfuerzo de la gente junto a un Estado presente hicieron posible esta gran obra\u00bb\"}]},{\"@type\":\"WebSite\",\"@id\":\"https:\\\/\\\/patagoniambiental.com.ar\\\/info\\\/#website\",\"url\":\"https:\\\/\\\/patagoniambiental.com.ar\\\/info\\\/\",\"name\":\"Patagonia Ambiental\",\"description\":\"Monitoreo y an\u00e1lisis de la situaci\u00f3n geopol\u00edtica en el mundo y su implicancia en la Patagonia\",\"publisher\":{\"@id\":\"https:\\\/\\\/patagoniambiental.com.ar\\\/info\\\/#organization\"},\"potentialAction\":[{\"@type\":\"SearchAction\",\"target\":{\"@type\":\"EntryPoint\",\"urlTemplate\":\"https:\\\/\\\/patagoniambiental.com.ar\\\/info\\\/?s={search_term_string}\"},\"query-input\":{\"@type\":\"PropertyValueSpecification\",\"valueRequired\":true,\"valueName\":\"search_term_string\"}}],\"inLanguage\":\"es\"},{\"@type\":\"Organization\",\"@id\":\"https:\\\/\\\/patagoniambiental.com.ar\\\/info\\\/#organization\",\"name\":\"Patagonia Ambiental\",\"url\":\"https:\\\/\\\/patagoniambiental.com.ar\\\/info\\\/\",\"logo\":{\"@type\":\"ImageObject\",\"inLanguage\":\"es\",\"@id\":\"https:\\\/\\\/patagoniambiental.com.ar\\\/info\\\/#\\\/schema\\\/logo\\\/image\\\/\",\"url\":\"https:\\\/\\\/patagoniambiental.com.ar\\\/info\\\/wp-content\\\/uploads\\\/2025\\\/05\\\/LOGO-PATAGONIA-AMBIENTAL.png\",\"contentUrl\":\"https:\\\/\\\/patagoniambiental.com.ar\\\/info\\\/wp-content\\\/uploads\\\/2025\\\/05\\\/LOGO-PATAGONIA-AMBIENTAL.png\",\"width\":433,\"height\":250,\"caption\":\"Patagonia Ambiental\"},\"image\":{\"@id\":\"https:\\\/\\\/patagoniambiental.com.ar\\\/info\\\/#\\\/schema\\\/logo\\\/image\\\/\"},\"sameAs\":[\"https:\\\/\\\/www.facebook.com\\\/patagonia.ambiental\",\"https:\\\/\\\/x.com\\\/PatAmb\"]},{\"@type\":\"Person\",\"@id\":\"https:\\\/\\\/patagoniambiental.com.ar\\\/info\\\/#\\\/schema\\\/person\\\/db12bff64bbcbf6a253710bf0ea37b5d\",\"name\":\"Patagonia Ambiental\",\"description\":\"Andr\u00e9s Nievas T\u00e9cnico en manejo ambiental, consultor Ambiental y escritor para medios locales e internacionales sobre temas de geopolitica y medio ambiente.\",\"sameAs\":[\"http:\\\/\\\/www.patagoniambiental.com.ar\",\"https:\\\/\\\/www.facebook.com\\\/share\\\/1C1V8Gv9BX\\\/?mibextid=qi2Omg\",\"@patagoniambiental\",\"https:\\\/\\\/youtube.com\\\/@patagoniaambiental2023?si=BLt58t0wuXquxlYZ\"]}]}<\/script>\n<!-- \/ Yoast SEO Premium plugin. -->","yoast_head_json":{"title":"\u201cEl esfuerzo de la gente junto a un Estado presente hicieron posible esta gran obra\"","robots":{"index":"index","follow":"follow","max-snippet":"max-snippet:-1","max-image-preview":"max-image-preview:large","max-video-preview":"max-video-preview:-1"},"canonical":"https:\/\/patagoniambiental.com.ar\/info\/el-esfuerzo-de-la-gente-junto-a-un-estado-presente-hicieron-posible-esta-gran-obra\/","og_locale":"es_ES","og_type":"article","og_title":"\u201cEl esfuerzo de la gente junto a un Estado presente hicieron posible esta gran obra\"","og_description":"Arroyo Ventana.-La legisladora de JSRN, Roxana Fern\u00e1ndez, particip\u00f3 junto al gobernador de la provincia de R\u00edo Negro, Alberto Weretilneck, de [&hellip;]","og_url":"https:\/\/patagoniambiental.com.ar\/info\/el-esfuerzo-de-la-gente-junto-a-un-estado-presente-hicieron-posible-esta-gran-obra\/","og_site_name":"Patagonia Ambiental","article_publisher":"https:\/\/www.facebook.com\/patagonia.ambiental","article_author":"https:\/\/www.facebook.com\/share\/1C1V8Gv9BX\/?mibextid=qi2Omg","article_published_time":"2017-10-12T12:00:02+00:00","og_image":[{"width":320,"height":320,"url":"https:\/\/patagoniambiental.com.ar\/info\/wp-content\/uploads\/2017\/10\/Arroyo-Ventana-1-320x320.jpg","type":"image\/jpeg"}],"author":"Patagonia Ambiental","twitter_card":"summary_large_image","twitter_creator":"@PatAmb","twitter_site":"@PatAmb","schema":{"@context":"https:\/\/schema.org","@graph":[{"@type":"Article","@id":"https:\/\/patagoniambiental.com.ar\/info\/el-esfuerzo-de-la-gente-junto-a-un-estado-presente-hicieron-posible-esta-gran-obra\/#article","isPartOf":{"@id":"https:\/\/patagoniambiental.com.ar\/info\/el-esfuerzo-de-la-gente-junto-a-un-estado-presente-hicieron-posible-esta-gran-obra\/"},"author":{"name":"Patagonia Ambiental","@id":"https:\/\/patagoniambiental.com.ar\/info\/#\/schema\/person\/db12bff64bbcbf6a253710bf0ea37b5d"},"headline":"\u201cEl esfuerzo de la gente junto a un Estado presente hicieron posible esta gran obra\u00bb","datePublished":"2017-10-12T12:00:02+00:00","mainEntityOfPage":{"@id":"https:\/\/patagoniambiental.com.ar\/info\/el-esfuerzo-de-la-gente-junto-a-un-estado-presente-hicieron-posible-esta-gran-obra\/"},"wordCount":396,"commentCount":0,"publisher":{"@id":"https:\/\/patagoniambiental.com.ar\/info\/#organization"},"image":{"@id":"https:\/\/patagoniambiental.com.ar\/info\/el-esfuerzo-de-la-gente-junto-a-un-estado-presente-hicieron-posible-esta-gran-obra\/#primaryimage"},"thumbnailUrl":"https:\/\/patagoniambiental.com.ar\/info\/wp-content\/uploads\/2017\/10\/Arroyo-Ventana-1-320x320.jpg","articleSection":["Noticias","R\u00edo Negro"],"inLanguage":"es","potentialAction":[{"@type":"CommentAction","name":"Comment","target":["https:\/\/patagoniambiental.com.ar\/info\/el-esfuerzo-de-la-gente-junto-a-un-estado-presente-hicieron-posible-esta-gran-obra\/#respond"]}]},{"@type":"WebPage","@id":"https:\/\/patagoniambiental.com.ar\/info\/el-esfuerzo-de-la-gente-junto-a-un-estado-presente-hicieron-posible-esta-gran-obra\/","url":"https:\/\/patagoniambiental.com.ar\/info\/el-esfuerzo-de-la-gente-junto-a-un-estado-presente-hicieron-posible-esta-gran-obra\/","name":"\u201cEl esfuerzo de la gente junto a un Estado presente hicieron posible esta gran obra\"","isPartOf":{"@id":"https:\/\/patagoniambiental.com.ar\/info\/#website"},"primaryImageOfPage":{"@id":"https:\/\/patagoniambiental.com.ar\/info\/el-esfuerzo-de-la-gente-junto-a-un-estado-presente-hicieron-posible-esta-gran-obra\/#primaryimage"},"image":{"@id":"https:\/\/patagoniambiental.com.ar\/info\/el-esfuerzo-de-la-gente-junto-a-un-estado-presente-hicieron-posible-esta-gran-obra\/#primaryimage"},"thumbnailUrl":"https:\/\/patagoniambiental.com.ar\/info\/wp-content\/uploads\/2017\/10\/Arroyo-Ventana-1-320x320.jpg","datePublished":"2017-10-12T12:00:02+00:00","breadcrumb":{"@id":"https:\/\/patagoniambiental.com.ar\/info\/el-esfuerzo-de-la-gente-junto-a-un-estado-presente-hicieron-posible-esta-gran-obra\/#breadcrumb"},"inLanguage":"es","potentialAction":[{"@type":"ReadAction","target":["https:\/\/patagoniambiental.com.ar\/info\/el-esfuerzo-de-la-gente-junto-a-un-estado-presente-hicieron-posible-esta-gran-obra\/"]}]},{"@type":"ImageObject","inLanguage":"es","@id":"https:\/\/patagoniambiental.com.ar\/info\/el-esfuerzo-de-la-gente-junto-a-un-estado-presente-hicieron-posible-esta-gran-obra\/#primaryimage","url":"https:\/\/patagoniambiental.com.ar\/info\/wp-content\/uploads\/2017\/10\/Arroyo-Ventana-1-320x320.jpg","contentUrl":"https:\/\/patagoniambiental.com.ar\/info\/wp-content\/uploads\/2017\/10\/Arroyo-Ventana-1-320x320.jpg","width":320,"height":320},{"@type":"BreadcrumbList","@id":"https:\/\/patagoniambiental.com.ar\/info\/el-esfuerzo-de-la-gente-junto-a-un-estado-presente-hicieron-posible-esta-gran-obra\/#breadcrumb","itemListElement":[{"@type":"ListItem","position":1,"name":"Inicio","item":"https:\/\/patagoniambiental.com.ar\/info\/"},{"@type":"ListItem","position":2,"name":"\u201cEl esfuerzo de la gente junto a un Estado presente hicieron posible esta gran obra\u00bb"}]},{"@type":"WebSite","@id":"https:\/\/patagoniambiental.com.ar\/info\/#website","url":"https:\/\/patagoniambiental.com.ar\/info\/","name":"Patagonia Ambiental","description":"Monitoreo y an\u00e1lisis de la situaci\u00f3n geopol\u00edtica en el mundo y su implicancia en la Patagonia","publisher":{"@id":"https:\/\/patagoniambiental.com.ar\/info\/#organization"},"potentialAction":[{"@type":"SearchAction","target":{"@type":"EntryPoint","urlTemplate":"https:\/\/patagoniambiental.com.ar\/info\/?s={search_term_string}"},"query-input":{"@type":"PropertyValueSpecification","valueRequired":true,"valueName":"search_term_string"}}],"inLanguage":"es"},{"@type":"Organization","@id":"https:\/\/patagoniambiental.com.ar\/info\/#organization","name":"Patagonia Ambiental","url":"https:\/\/patagoniambiental.com.ar\/info\/","logo":{"@type":"ImageObject","inLanguage":"es","@id":"https:\/\/patagoniambiental.com.ar\/info\/#\/schema\/logo\/image\/","url":"https:\/\/patagoniambiental.com.ar\/info\/wp-content\/uploads\/2025\/05\/LOGO-PATAGONIA-AMBIENTAL.png","contentUrl":"https:\/\/patagoniambiental.com.ar\/info\/wp-content\/uploads\/2025\/05\/LOGO-PATAGONIA-AMBIENTAL.png","width":433,"height":250,"caption":"Patagonia Ambiental"},"image":{"@id":"https:\/\/patagoniambiental.com.ar\/info\/#\/schema\/logo\/image\/"},"sameAs":["https:\/\/www.facebook.com\/patagonia.ambiental","https:\/\/x.com\/PatAmb"]},{"@type":"Person","@id":"https:\/\/patagoniambiental.com.ar\/info\/#\/schema\/person\/db12bff64bbcbf6a253710bf0ea37b5d","name":"Patagonia Ambiental","description":"Andr\u00e9s Nievas T\u00e9cnico en manejo ambiental, consultor Ambiental y escritor para medios locales e internacionales sobre temas de geopolitica y medio ambiente.","sameAs":["http:\/\/www.patagoniambiental.com.ar","https:\/\/www.facebook.com\/share\/1C1V8Gv9BX\/?mibextid=qi2Omg","@patagoniambiental","https:\/\/youtube.com\/@patagoniaambiental2023?si=BLt58t0wuXquxlYZ"]}]}},"_links":{"self":[{"href":"https:\/\/patagoniambiental.com.ar\/info\/wp-json\/wp\/v2\/posts\/36388","targetHints":{"allow":["GET"]}}],"collection":[{"href":"https:\/\/patagoniambiental.com.ar\/info\/wp-json\/wp\/v2\/posts"}],"about":[{"href":"https:\/\/patagoniambiental.com.ar\/info\/wp-json\/wp\/v2\/types\/post"}],"author":[{"embeddable":true,"href":"https:\/\/patagoniambiental.com.ar\/info\/wp-json\/wp\/v2\/users\/2"}],"replies":[{"embeddable":true,"href":"https:\/\/patagoniambiental.com.ar\/info\/wp-json\/wp\/v2\/comments?post=36388"}],"version-history":[{"count":0,"href":"https:\/\/patagoniambiental.com.ar\/info\/wp-json\/wp\/v2\/posts\/36388\/revisions"}],"wp:featuredmedia":[{"embeddable":true,"href":"https:\/\/patagoniambiental.com.ar\/info\/wp-json\/wp\/v2\/media\/36389"}],"wp:attachment":[{"href":"https:\/\/patagoniambiental.com.ar\/info\/wp-json\/wp\/v2\/media?parent=36388"}],"wp:term":[{"taxonomy":"category","embeddable":true,"href":"https:\/\/patagoniambiental.com.ar\/info\/wp-json\/wp\/v2\/categories?post=36388"},{"taxonomy":"post_tag","embeddable":true,"href":"https:\/\/patagoniambiental.com.ar\/info\/wp-json\/wp\/v2\/tags?post=36388"}],"curies":[{"name":"wp","href":"https:\/\/api.w.org\/{rel}","templated":true}]}}