{"id":36407,"date":"2017-10-12T19:00:59","date_gmt":"2017-10-12T22:00:59","guid":{"rendered":"http:\/\/patagoniambiental.com.ar\/info\/?p=36407"},"modified":"2017-10-12T17:16:33","modified_gmt":"2017-10-12T20:16:33","slug":"el-acuerdo-sera-elevado-a-la-legislatura-el-gobierno-provincial-suscribio-un-nuevo-acuerdo-petrolero-por-385-000-000","status":"publish","type":"post","link":"https:\/\/patagoniambiental.com.ar\/info\/el-acuerdo-sera-elevado-a-la-legislatura-el-gobierno-provincial-suscribio-un-nuevo-acuerdo-petrolero-por-385-000-000\/","title":{"rendered":"El acuerdo ser\u00e1 elevado a la Legislatura  El Gobierno Provincial suscribi\u00f3 un nuevo acuerdo petrolero por $385.000.000"},"content":{"rendered":"<p class=\"x_MsoNormal\"><i>Viedma.-El Gobierno de R\u00edo Negro alcanz\u00f3 un nuevo acuerdo de renegociaci\u00f3n para la extensi\u00f3n de la concesi\u00f3n de explotaci\u00f3n del \u00e1rea hidrocarbur\u00edfera Puesto Flores \u2013 Estancia Vieja, con la empresa President Petroleum SA, quien recientemente adquiri\u00f3 el bloque de su anterior concesionaria, Chevron Argentina SRL.<\/i><\/p>\n<p class=\"x_MsoNormal\"><!--more--><\/p>\n<p class=\"x_MsoNormal\">El acuerdo alcanzado por la Secretar\u00eda de Energ\u00eda ser\u00e1 ahora elevado por el Gobernador a la Legislatura provincial para su an\u00e1lisis y consideraci\u00f3n y, previa audiencia p\u00fablica, deber\u00e1 tratarse su ratificaci\u00f3n, en el marco del proceso participativo dispuesto por la Ley N\u00b0 4818.<\/p>\n<p class=\"x_MsoNormal\">Las inversiones que esta compa\u00f1\u00eda se comprometi\u00f3 a efectuar en la pr\u00f3xima d\u00e9cada superan los $7.735.000.000, lo que incluye compromisos exploratorios y los gastos estimados para la explotaci\u00f3n de los yacimientos<\/p>\n<p class=\"x_MsoNormal\">Para acceder a la pr\u00f3rroga, President Petroleum deber\u00e1 pagar a la provincia $385.000.000 en concepto de bonos y aportes. Vale recordar que el 14% del Bono Fijo se coparticipar\u00e1 en forma directa a los municipios y comisiones de fomento rionegrinos.<\/p>\n<p class=\"x_MsoNormal\">Al igual que en los anteriores acuerdos suscriptos por la Provincia, la empresa deber\u00e1 abonar un Aporte Complementario mensual del 3% sobre su producci\u00f3n de petr\u00f3leo y gas, que se suma al 12% que actualmente transfiere por regal\u00edas.<\/p>\n<p class=\"x_MsoNormal\">A su vez, como rasgo distintivo en este caso, se convino incorporar la participaci\u00f3n en el \u00e1rea de un 10% en los derechos y obligaciones a la empresa petrolera estatal EDHIPSA.<\/p>\n<p class=\"x_MsoNormal\">Considerando los distintos rubros del acuerdo (inversiones, gastos, bonos, aportes, c\u00e1nones, regal\u00edas, impuestos y participaci\u00f3n de la empresa provincial), R\u00edo Negro tendr\u00eda un impacto econ\u00f3mico directo superior a los $8.225.000.000, m\u00e1s all\u00e1 del indirecto que se espera por la mano de obra y servicios locales que la nueva concesionaria estar\u00e1 obligada a contratar.<\/p>\n<p class=\"x_MsoNormal\">\u201cPuesto Flores \u2013 Estancia Vieja\u201d es un \u00e1rea de explotaci\u00f3n con actividad intensiva desde 1989, inicialmente operada por Occidental Petroleum Corporation (Oxy).<\/p>\n<p class=\"x_MsoNormal\">La concesi\u00f3n a Chevron le fue otorgada en 1992 por 25 a\u00f1os. Posee una superficie total de 174,5 Km2, con 59 pozos perforados y 45 en extracci\u00f3n efectiva. Los \u00faltimos datos de producci\u00f3n, registrados en agosto pasado fueron de 217 m3\/d\u00eda de petr\u00f3leo y 4,61 Mm3\/d\u00eda de gas.<\/p>\n<p><b><span lang=\"ES-AR\">Fuente: GOBIERNO DE R\u00cdO NEGRO<\/span><\/b><span lang=\"ES-AR\"><br \/>\nSecretar\u00eda de Medios<\/span><\/p>\n","protected":false},"excerpt":{"rendered":"<p>Viedma.-El Gobierno de R\u00edo Negro alcanz\u00f3 un nuevo acuerdo de renegociaci\u00f3n para la extensi\u00f3n de la concesi\u00f3n de explotaci\u00f3n del [&hellip;]<\/p>\n","protected":false},"author":2,"featured_media":36408,"comment_status":"open","ping_status":"open","sticky":false,"template":"","format":"standard","meta":{"site-sidebar-layout":"default","site-content-layout":"","ast-site-content-layout":"default","site-content-style":"default","site-sidebar-style":"default","ast-global-header-display":"","ast-banner-title-visibility":"","ast-main-header-display":"","ast-hfb-above-header-display":"","ast-hfb-below-header-display":"","ast-hfb-mobile-header-display":"","site-post-title":"","ast-breadcrumbs-content":"","ast-featured-img":"","footer-sml-layout":"","ast-disable-related-posts":"","theme-transparent-header-meta":"","adv-header-id-meta":"","stick-header-meta":"","header-above-stick-meta":"","header-main-stick-meta":"","header-below-stick-meta":"","astra-migrate-meta-layouts":"default","ast-page-background-enabled":"default","ast-page-background-meta":{"desktop":{"background-color":"var(--ast-global-color-5)","background-image":"","background-repeat":"repeat","background-position":"center center","background-size":"auto","background-attachment":"scroll","background-type":"","background-media":"","overlay-type":"","overlay-color":"","overlay-opacity":"","overlay-gradient":""},"tablet":{"background-color":"","background-image":"","background-repeat":"repeat","background-position":"center center","background-size":"auto","background-attachment":"scroll","background-type":"","background-media":"","overlay-type":"","overlay-color":"","overlay-opacity":"","overlay-gradient":""},"mobile":{"background-color":"","background-image":"","background-repeat":"repeat","background-position":"center center","background-size":"auto","background-attachment":"scroll","background-type":"","background-media":"","overlay-type":"","overlay-color":"","overlay-opacity":"","overlay-gradient":""}},"ast-content-background-meta":{"desktop":{"background-color":"var(--ast-global-color-4)","background-image":"","background-repeat":"repeat","background-position":"center center","background-size":"auto","background-attachment":"scroll","background-type":"","background-media":"","overlay-type":"","overlay-color":"","overlay-opacity":"","overlay-gradient":""},"tablet":{"background-color":"var(--ast-global-color-4)","background-image":"","background-repeat":"repeat","background-position":"center center","background-size":"auto","background-attachment":"scroll","background-type":"","background-media":"","overlay-type":"","overlay-color":"","overlay-opacity":"","overlay-gradient":""},"mobile":{"background-color":"var(--ast-global-color-4)","background-image":"","background-repeat":"repeat","background-position":"center center","background-size":"auto","background-attachment":"scroll","background-type":"","background-media":"","overlay-type":"","overlay-color":"","overlay-opacity":"","overlay-gradient":""}},"footnotes":""},"categories":[1,13,14],"tags":[],"class_list":["post-36407","post","type-post","status-publish","format-standard","has-post-thumbnail","hentry","category-noticias","category-provinciales","category-rio-negro"],"yoast_head":"<!-- This site is optimized with the Yoast SEO Premium plugin v23.0 (Yoast SEO v27.5) - https:\/\/yoast.com\/product\/yoast-seo-premium-wordpress\/ -->\n<title>El acuerdo ser\u00e1 elevado a la Legislatura El Gobierno Provincial suscribi\u00f3 un nuevo acuerdo petrolero por $385.000.000<\/title>\n<meta name=\"robots\" content=\"index, follow, max-snippet:-1, max-image-preview:large, max-video-preview:-1\" \/>\n<link rel=\"canonical\" href=\"https:\/\/patagoniambiental.com.ar\/info\/el-acuerdo-sera-elevado-a-la-legislatura-el-gobierno-provincial-suscribio-un-nuevo-acuerdo-petrolero-por-385-000-000\/\" \/>\n<meta property=\"og:locale\" content=\"es_ES\" \/>\n<meta property=\"og:type\" content=\"article\" \/>\n<meta property=\"og:title\" content=\"El acuerdo ser\u00e1 elevado a la Legislatura El Gobierno Provincial suscribi\u00f3 un nuevo acuerdo petrolero por $385.000.000\" \/>\n<meta property=\"og:description\" content=\"Viedma.-El Gobierno de R\u00edo Negro alcanz\u00f3 un nuevo acuerdo de renegociaci\u00f3n para la extensi\u00f3n de la concesi\u00f3n de explotaci\u00f3n del [&hellip;]\" \/>\n<meta property=\"og:url\" content=\"https:\/\/patagoniambiental.com.ar\/info\/el-acuerdo-sera-elevado-a-la-legislatura-el-gobierno-provincial-suscribio-un-nuevo-acuerdo-petrolero-por-385-000-000\/\" \/>\n<meta property=\"og:site_name\" content=\"Patagonia Ambiental\" \/>\n<meta property=\"article:publisher\" content=\"https:\/\/www.facebook.com\/patagonia.ambiental\" \/>\n<meta property=\"article:author\" content=\"https:\/\/www.facebook.com\/share\/1C1V8Gv9BX\/?mibextid=qi2Omg\" \/>\n<meta property=\"article:published_time\" content=\"2017-10-12T22:00:59+00:00\" \/>\n<meta property=\"og:image\" content=\"https:\/\/patagoniambiental.com.ar\/info\/wp-content\/uploads\/2017\/10\/00031090.jpg\" \/>\n\t<meta property=\"og:image:width\" content=\"924\" \/>\n\t<meta property=\"og:image:height\" content=\"616\" \/>\n\t<meta property=\"og:image:type\" content=\"image\/jpeg\" \/>\n<meta name=\"author\" content=\"Patagonia Ambiental\" \/>\n<meta name=\"twitter:card\" content=\"summary_large_image\" \/>\n<meta name=\"twitter:creator\" content=\"@PatAmb\" \/>\n<meta name=\"twitter:site\" content=\"@PatAmb\" \/>\n<script type=\"application\/ld+json\" class=\"yoast-schema-graph\">{\"@context\":\"https:\\\/\\\/schema.org\",\"@graph\":[{\"@type\":\"Article\",\"@id\":\"https:\\\/\\\/patagoniambiental.com.ar\\\/info\\\/el-acuerdo-sera-elevado-a-la-legislatura-el-gobierno-provincial-suscribio-un-nuevo-acuerdo-petrolero-por-385-000-000\\\/#article\",\"isPartOf\":{\"@id\":\"https:\\\/\\\/patagoniambiental.com.ar\\\/info\\\/el-acuerdo-sera-elevado-a-la-legislatura-el-gobierno-provincial-suscribio-un-nuevo-acuerdo-petrolero-por-385-000-000\\\/\"},\"author\":{\"name\":\"Patagonia Ambiental\",\"@id\":\"https:\\\/\\\/patagoniambiental.com.ar\\\/info\\\/#\\\/schema\\\/person\\\/db12bff64bbcbf6a253710bf0ea37b5d\"},\"headline\":\"El acuerdo ser\u00e1 elevado a la Legislatura El Gobierno Provincial suscribi\u00f3 un nuevo acuerdo petrolero por $385.000.000\",\"datePublished\":\"2017-10-12T22:00:59+00:00\",\"mainEntityOfPage\":{\"@id\":\"https:\\\/\\\/patagoniambiental.com.ar\\\/info\\\/el-acuerdo-sera-elevado-a-la-legislatura-el-gobierno-provincial-suscribio-un-nuevo-acuerdo-petrolero-por-385-000-000\\\/\"},\"wordCount\":398,\"commentCount\":0,\"publisher\":{\"@id\":\"https:\\\/\\\/patagoniambiental.com.ar\\\/info\\\/#organization\"},\"image\":{\"@id\":\"https:\\\/\\\/patagoniambiental.com.ar\\\/info\\\/el-acuerdo-sera-elevado-a-la-legislatura-el-gobierno-provincial-suscribio-un-nuevo-acuerdo-petrolero-por-385-000-000\\\/#primaryimage\"},\"thumbnailUrl\":\"https:\\\/\\\/patagoniambiental.com.ar\\\/info\\\/wp-content\\\/uploads\\\/2017\\\/10\\\/00031090.jpg\",\"articleSection\":[\"Noticias\",\"Provinciales\",\"R\u00edo Negro\"],\"inLanguage\":\"es\",\"potentialAction\":[{\"@type\":\"CommentAction\",\"name\":\"Comment\",\"target\":[\"https:\\\/\\\/patagoniambiental.com.ar\\\/info\\\/el-acuerdo-sera-elevado-a-la-legislatura-el-gobierno-provincial-suscribio-un-nuevo-acuerdo-petrolero-por-385-000-000\\\/#respond\"]}]},{\"@type\":\"WebPage\",\"@id\":\"https:\\\/\\\/patagoniambiental.com.ar\\\/info\\\/el-acuerdo-sera-elevado-a-la-legislatura-el-gobierno-provincial-suscribio-un-nuevo-acuerdo-petrolero-por-385-000-000\\\/\",\"url\":\"https:\\\/\\\/patagoniambiental.com.ar\\\/info\\\/el-acuerdo-sera-elevado-a-la-legislatura-el-gobierno-provincial-suscribio-un-nuevo-acuerdo-petrolero-por-385-000-000\\\/\",\"name\":\"El acuerdo ser\u00e1 elevado a la Legislatura El Gobierno Provincial suscribi\u00f3 un nuevo acuerdo petrolero por $385.000.000\",\"isPartOf\":{\"@id\":\"https:\\\/\\\/patagoniambiental.com.ar\\\/info\\\/#website\"},\"primaryImageOfPage\":{\"@id\":\"https:\\\/\\\/patagoniambiental.com.ar\\\/info\\\/el-acuerdo-sera-elevado-a-la-legislatura-el-gobierno-provincial-suscribio-un-nuevo-acuerdo-petrolero-por-385-000-000\\\/#primaryimage\"},\"image\":{\"@id\":\"https:\\\/\\\/patagoniambiental.com.ar\\\/info\\\/el-acuerdo-sera-elevado-a-la-legislatura-el-gobierno-provincial-suscribio-un-nuevo-acuerdo-petrolero-por-385-000-000\\\/#primaryimage\"},\"thumbnailUrl\":\"https:\\\/\\\/patagoniambiental.com.ar\\\/info\\\/wp-content\\\/uploads\\\/2017\\\/10\\\/00031090.jpg\",\"datePublished\":\"2017-10-12T22:00:59+00:00\",\"breadcrumb\":{\"@id\":\"https:\\\/\\\/patagoniambiental.com.ar\\\/info\\\/el-acuerdo-sera-elevado-a-la-legislatura-el-gobierno-provincial-suscribio-un-nuevo-acuerdo-petrolero-por-385-000-000\\\/#breadcrumb\"},\"inLanguage\":\"es\",\"potentialAction\":[{\"@type\":\"ReadAction\",\"target\":[\"https:\\\/\\\/patagoniambiental.com.ar\\\/info\\\/el-acuerdo-sera-elevado-a-la-legislatura-el-gobierno-provincial-suscribio-un-nuevo-acuerdo-petrolero-por-385-000-000\\\/\"]}]},{\"@type\":\"ImageObject\",\"inLanguage\":\"es\",\"@id\":\"https:\\\/\\\/patagoniambiental.com.ar\\\/info\\\/el-acuerdo-sera-elevado-a-la-legislatura-el-gobierno-provincial-suscribio-un-nuevo-acuerdo-petrolero-por-385-000-000\\\/#primaryimage\",\"url\":\"https:\\\/\\\/patagoniambiental.com.ar\\\/info\\\/wp-content\\\/uploads\\\/2017\\\/10\\\/00031090.jpg\",\"contentUrl\":\"https:\\\/\\\/patagoniambiental.com.ar\\\/info\\\/wp-content\\\/uploads\\\/2017\\\/10\\\/00031090.jpg\",\"width\":900,\"height\":600},{\"@type\":\"BreadcrumbList\",\"@id\":\"https:\\\/\\\/patagoniambiental.com.ar\\\/info\\\/el-acuerdo-sera-elevado-a-la-legislatura-el-gobierno-provincial-suscribio-un-nuevo-acuerdo-petrolero-por-385-000-000\\\/#breadcrumb\",\"itemListElement\":[{\"@type\":\"ListItem\",\"position\":1,\"name\":\"Inicio\",\"item\":\"https:\\\/\\\/patagoniambiental.com.ar\\\/info\\\/\"},{\"@type\":\"ListItem\",\"position\":2,\"name\":\"El acuerdo ser\u00e1 elevado a la Legislatura El Gobierno Provincial suscribi\u00f3 un nuevo acuerdo petrolero por $385.000.000\"}]},{\"@type\":\"WebSite\",\"@id\":\"https:\\\/\\\/patagoniambiental.com.ar\\\/info\\\/#website\",\"url\":\"https:\\\/\\\/patagoniambiental.com.ar\\\/info\\\/\",\"name\":\"Patagonia Ambiental\",\"description\":\"Monitoreo y an\u00e1lisis de la situaci\u00f3n geopol\u00edtica en el mundo y su implicancia en la Patagonia\",\"publisher\":{\"@id\":\"https:\\\/\\\/patagoniambiental.com.ar\\\/info\\\/#organization\"},\"potentialAction\":[{\"@type\":\"SearchAction\",\"target\":{\"@type\":\"EntryPoint\",\"urlTemplate\":\"https:\\\/\\\/patagoniambiental.com.ar\\\/info\\\/?s={search_term_string}\"},\"query-input\":{\"@type\":\"PropertyValueSpecification\",\"valueRequired\":true,\"valueName\":\"search_term_string\"}}],\"inLanguage\":\"es\"},{\"@type\":\"Organization\",\"@id\":\"https:\\\/\\\/patagoniambiental.com.ar\\\/info\\\/#organization\",\"name\":\"Patagonia Ambiental\",\"url\":\"https:\\\/\\\/patagoniambiental.com.ar\\\/info\\\/\",\"logo\":{\"@type\":\"ImageObject\",\"inLanguage\":\"es\",\"@id\":\"https:\\\/\\\/patagoniambiental.com.ar\\\/info\\\/#\\\/schema\\\/logo\\\/image\\\/\",\"url\":\"https:\\\/\\\/patagoniambiental.com.ar\\\/info\\\/wp-content\\\/uploads\\\/2025\\\/05\\\/LOGO-PATAGONIA-AMBIENTAL.png\",\"contentUrl\":\"https:\\\/\\\/patagoniambiental.com.ar\\\/info\\\/wp-content\\\/uploads\\\/2025\\\/05\\\/LOGO-PATAGONIA-AMBIENTAL.png\",\"width\":433,\"height\":250,\"caption\":\"Patagonia Ambiental\"},\"image\":{\"@id\":\"https:\\\/\\\/patagoniambiental.com.ar\\\/info\\\/#\\\/schema\\\/logo\\\/image\\\/\"},\"sameAs\":[\"https:\\\/\\\/www.facebook.com\\\/patagonia.ambiental\",\"https:\\\/\\\/x.com\\\/PatAmb\"]},{\"@type\":\"Person\",\"@id\":\"https:\\\/\\\/patagoniambiental.com.ar\\\/info\\\/#\\\/schema\\\/person\\\/db12bff64bbcbf6a253710bf0ea37b5d\",\"name\":\"Patagonia Ambiental\",\"description\":\"Andr\u00e9s Nievas T\u00e9cnico en manejo ambiental, consultor Ambiental y escritor para medios locales e internacionales sobre temas de geopolitica y medio ambiente.\",\"sameAs\":[\"http:\\\/\\\/www.patagoniambiental.com.ar\",\"https:\\\/\\\/www.facebook.com\\\/share\\\/1C1V8Gv9BX\\\/?mibextid=qi2Omg\",\"@patagoniambiental\",\"https:\\\/\\\/youtube.com\\\/@patagoniaambiental2023?si=BLt58t0wuXquxlYZ\"]}]}<\/script>\n<!-- \/ Yoast SEO Premium plugin. -->","yoast_head_json":{"title":"El acuerdo ser\u00e1 elevado a la Legislatura El Gobierno Provincial suscribi\u00f3 un nuevo acuerdo petrolero por $385.000.000","robots":{"index":"index","follow":"follow","max-snippet":"max-snippet:-1","max-image-preview":"max-image-preview:large","max-video-preview":"max-video-preview:-1"},"canonical":"https:\/\/patagoniambiental.com.ar\/info\/el-acuerdo-sera-elevado-a-la-legislatura-el-gobierno-provincial-suscribio-un-nuevo-acuerdo-petrolero-por-385-000-000\/","og_locale":"es_ES","og_type":"article","og_title":"El acuerdo ser\u00e1 elevado a la Legislatura El Gobierno Provincial suscribi\u00f3 un nuevo acuerdo petrolero por $385.000.000","og_description":"Viedma.-El Gobierno de R\u00edo Negro alcanz\u00f3 un nuevo acuerdo de renegociaci\u00f3n para la extensi\u00f3n de la concesi\u00f3n de explotaci\u00f3n del [&hellip;]","og_url":"https:\/\/patagoniambiental.com.ar\/info\/el-acuerdo-sera-elevado-a-la-legislatura-el-gobierno-provincial-suscribio-un-nuevo-acuerdo-petrolero-por-385-000-000\/","og_site_name":"Patagonia Ambiental","article_publisher":"https:\/\/www.facebook.com\/patagonia.ambiental","article_author":"https:\/\/www.facebook.com\/share\/1C1V8Gv9BX\/?mibextid=qi2Omg","article_published_time":"2017-10-12T22:00:59+00:00","og_image":[{"width":924,"height":616,"url":"https:\/\/patagoniambiental.com.ar\/info\/wp-content\/uploads\/2017\/10\/00031090.jpg","type":"image\/jpeg"}],"author":"Patagonia Ambiental","twitter_card":"summary_large_image","twitter_creator":"@PatAmb","twitter_site":"@PatAmb","schema":{"@context":"https:\/\/schema.org","@graph":[{"@type":"Article","@id":"https:\/\/patagoniambiental.com.ar\/info\/el-acuerdo-sera-elevado-a-la-legislatura-el-gobierno-provincial-suscribio-un-nuevo-acuerdo-petrolero-por-385-000-000\/#article","isPartOf":{"@id":"https:\/\/patagoniambiental.com.ar\/info\/el-acuerdo-sera-elevado-a-la-legislatura-el-gobierno-provincial-suscribio-un-nuevo-acuerdo-petrolero-por-385-000-000\/"},"author":{"name":"Patagonia Ambiental","@id":"https:\/\/patagoniambiental.com.ar\/info\/#\/schema\/person\/db12bff64bbcbf6a253710bf0ea37b5d"},"headline":"El acuerdo ser\u00e1 elevado a la Legislatura El Gobierno Provincial suscribi\u00f3 un nuevo acuerdo petrolero por $385.000.000","datePublished":"2017-10-12T22:00:59+00:00","mainEntityOfPage":{"@id":"https:\/\/patagoniambiental.com.ar\/info\/el-acuerdo-sera-elevado-a-la-legislatura-el-gobierno-provincial-suscribio-un-nuevo-acuerdo-petrolero-por-385-000-000\/"},"wordCount":398,"commentCount":0,"publisher":{"@id":"https:\/\/patagoniambiental.com.ar\/info\/#organization"},"image":{"@id":"https:\/\/patagoniambiental.com.ar\/info\/el-acuerdo-sera-elevado-a-la-legislatura-el-gobierno-provincial-suscribio-un-nuevo-acuerdo-petrolero-por-385-000-000\/#primaryimage"},"thumbnailUrl":"https:\/\/patagoniambiental.com.ar\/info\/wp-content\/uploads\/2017\/10\/00031090.jpg","articleSection":["Noticias","Provinciales","R\u00edo Negro"],"inLanguage":"es","potentialAction":[{"@type":"CommentAction","name":"Comment","target":["https:\/\/patagoniambiental.com.ar\/info\/el-acuerdo-sera-elevado-a-la-legislatura-el-gobierno-provincial-suscribio-un-nuevo-acuerdo-petrolero-por-385-000-000\/#respond"]}]},{"@type":"WebPage","@id":"https:\/\/patagoniambiental.com.ar\/info\/el-acuerdo-sera-elevado-a-la-legislatura-el-gobierno-provincial-suscribio-un-nuevo-acuerdo-petrolero-por-385-000-000\/","url":"https:\/\/patagoniambiental.com.ar\/info\/el-acuerdo-sera-elevado-a-la-legislatura-el-gobierno-provincial-suscribio-un-nuevo-acuerdo-petrolero-por-385-000-000\/","name":"El acuerdo ser\u00e1 elevado a la Legislatura El Gobierno Provincial suscribi\u00f3 un nuevo acuerdo petrolero por $385.000.000","isPartOf":{"@id":"https:\/\/patagoniambiental.com.ar\/info\/#website"},"primaryImageOfPage":{"@id":"https:\/\/patagoniambiental.com.ar\/info\/el-acuerdo-sera-elevado-a-la-legislatura-el-gobierno-provincial-suscribio-un-nuevo-acuerdo-petrolero-por-385-000-000\/#primaryimage"},"image":{"@id":"https:\/\/patagoniambiental.com.ar\/info\/el-acuerdo-sera-elevado-a-la-legislatura-el-gobierno-provincial-suscribio-un-nuevo-acuerdo-petrolero-por-385-000-000\/#primaryimage"},"thumbnailUrl":"https:\/\/patagoniambiental.com.ar\/info\/wp-content\/uploads\/2017\/10\/00031090.jpg","datePublished":"2017-10-12T22:00:59+00:00","breadcrumb":{"@id":"https:\/\/patagoniambiental.com.ar\/info\/el-acuerdo-sera-elevado-a-la-legislatura-el-gobierno-provincial-suscribio-un-nuevo-acuerdo-petrolero-por-385-000-000\/#breadcrumb"},"inLanguage":"es","potentialAction":[{"@type":"ReadAction","target":["https:\/\/patagoniambiental.com.ar\/info\/el-acuerdo-sera-elevado-a-la-legislatura-el-gobierno-provincial-suscribio-un-nuevo-acuerdo-petrolero-por-385-000-000\/"]}]},{"@type":"ImageObject","inLanguage":"es","@id":"https:\/\/patagoniambiental.com.ar\/info\/el-acuerdo-sera-elevado-a-la-legislatura-el-gobierno-provincial-suscribio-un-nuevo-acuerdo-petrolero-por-385-000-000\/#primaryimage","url":"https:\/\/patagoniambiental.com.ar\/info\/wp-content\/uploads\/2017\/10\/00031090.jpg","contentUrl":"https:\/\/patagoniambiental.com.ar\/info\/wp-content\/uploads\/2017\/10\/00031090.jpg","width":900,"height":600},{"@type":"BreadcrumbList","@id":"https:\/\/patagoniambiental.com.ar\/info\/el-acuerdo-sera-elevado-a-la-legislatura-el-gobierno-provincial-suscribio-un-nuevo-acuerdo-petrolero-por-385-000-000\/#breadcrumb","itemListElement":[{"@type":"ListItem","position":1,"name":"Inicio","item":"https:\/\/patagoniambiental.com.ar\/info\/"},{"@type":"ListItem","position":2,"name":"El acuerdo ser\u00e1 elevado a la Legislatura El Gobierno Provincial suscribi\u00f3 un nuevo acuerdo petrolero por $385.000.000"}]},{"@type":"WebSite","@id":"https:\/\/patagoniambiental.com.ar\/info\/#website","url":"https:\/\/patagoniambiental.com.ar\/info\/","name":"Patagonia Ambiental","description":"Monitoreo y an\u00e1lisis de la situaci\u00f3n geopol\u00edtica en el mundo y su implicancia en la Patagonia","publisher":{"@id":"https:\/\/patagoniambiental.com.ar\/info\/#organization"},"potentialAction":[{"@type":"SearchAction","target":{"@type":"EntryPoint","urlTemplate":"https:\/\/patagoniambiental.com.ar\/info\/?s={search_term_string}"},"query-input":{"@type":"PropertyValueSpecification","valueRequired":true,"valueName":"search_term_string"}}],"inLanguage":"es"},{"@type":"Organization","@id":"https:\/\/patagoniambiental.com.ar\/info\/#organization","name":"Patagonia Ambiental","url":"https:\/\/patagoniambiental.com.ar\/info\/","logo":{"@type":"ImageObject","inLanguage":"es","@id":"https:\/\/patagoniambiental.com.ar\/info\/#\/schema\/logo\/image\/","url":"https:\/\/patagoniambiental.com.ar\/info\/wp-content\/uploads\/2025\/05\/LOGO-PATAGONIA-AMBIENTAL.png","contentUrl":"https:\/\/patagoniambiental.com.ar\/info\/wp-content\/uploads\/2025\/05\/LOGO-PATAGONIA-AMBIENTAL.png","width":433,"height":250,"caption":"Patagonia Ambiental"},"image":{"@id":"https:\/\/patagoniambiental.com.ar\/info\/#\/schema\/logo\/image\/"},"sameAs":["https:\/\/www.facebook.com\/patagonia.ambiental","https:\/\/x.com\/PatAmb"]},{"@type":"Person","@id":"https:\/\/patagoniambiental.com.ar\/info\/#\/schema\/person\/db12bff64bbcbf6a253710bf0ea37b5d","name":"Patagonia Ambiental","description":"Andr\u00e9s Nievas T\u00e9cnico en manejo ambiental, consultor Ambiental y escritor para medios locales e internacionales sobre temas de geopolitica y medio ambiente.","sameAs":["http:\/\/www.patagoniambiental.com.ar","https:\/\/www.facebook.com\/share\/1C1V8Gv9BX\/?mibextid=qi2Omg","@patagoniambiental","https:\/\/youtube.com\/@patagoniaambiental2023?si=BLt58t0wuXquxlYZ"]}]}},"_links":{"self":[{"href":"https:\/\/patagoniambiental.com.ar\/info\/wp-json\/wp\/v2\/posts\/36407","targetHints":{"allow":["GET"]}}],"collection":[{"href":"https:\/\/patagoniambiental.com.ar\/info\/wp-json\/wp\/v2\/posts"}],"about":[{"href":"https:\/\/patagoniambiental.com.ar\/info\/wp-json\/wp\/v2\/types\/post"}],"author":[{"embeddable":true,"href":"https:\/\/patagoniambiental.com.ar\/info\/wp-json\/wp\/v2\/users\/2"}],"replies":[{"embeddable":true,"href":"https:\/\/patagoniambiental.com.ar\/info\/wp-json\/wp\/v2\/comments?post=36407"}],"version-history":[{"count":0,"href":"https:\/\/patagoniambiental.com.ar\/info\/wp-json\/wp\/v2\/posts\/36407\/revisions"}],"wp:featuredmedia":[{"embeddable":true,"href":"https:\/\/patagoniambiental.com.ar\/info\/wp-json\/wp\/v2\/media\/36408"}],"wp:attachment":[{"href":"https:\/\/patagoniambiental.com.ar\/info\/wp-json\/wp\/v2\/media?parent=36407"}],"wp:term":[{"taxonomy":"category","embeddable":true,"href":"https:\/\/patagoniambiental.com.ar\/info\/wp-json\/wp\/v2\/categories?post=36407"},{"taxonomy":"post_tag","embeddable":true,"href":"https:\/\/patagoniambiental.com.ar\/info\/wp-json\/wp\/v2\/tags?post=36407"}],"curies":[{"name":"wp","href":"https:\/\/api.w.org\/{rel}","templated":true}]}}