{"id":36425,"date":"2017-10-13T19:00:10","date_gmt":"2017-10-13T22:00:10","guid":{"rendered":"http:\/\/patagoniambiental.com.ar\/info\/?p=36425"},"modified":"2017-10-12T18:40:08","modified_gmt":"2017-10-12T21:40:08","slug":"comision-de-ddhh-del-parlasur-preocupada-por-desaparicion-de-joven-manifestante-argentino","status":"publish","type":"post","link":"https:\/\/patagoniambiental.com.ar\/info\/comision-de-ddhh-del-parlasur-preocupada-por-desaparicion-de-joven-manifestante-argentino\/","title":{"rendered":"Comisi\u00f3n de DDHH del Parlasur preocupada por desaparici\u00f3n de joven manifestante argentino"},"content":{"rendered":"<div class=\"ng-binding\" data-links-target=\"_blank\">Montevideo (Mesa Am\u00e9ricas), 9 oct (Sputnik).- La Comisi\u00f3n de Derechos Humanos del Parlamento del Mercosur (Parlasur), reunida en la capital uruguaya, emiti\u00f3 este lunes un comunicado expresando preocupaci\u00f3n por la desaparici\u00f3n del argentino Santiago Maldonado en el marco de una represi\u00f3n de la Gendarmer\u00eda contra una comunidad mapuche en la provincia de Chubut (sur).<\/div>\n<div class=\"ng-binding\" data-links-target=\"_blank\"><!--more--><\/p>\n<p>\u00abDe manera un\u00e1nime hemos trabajado un comunicado todos los miembros de la Comisi\u00f3n de Ciudadan\u00eda y Derechos Humanos del Parlasur en el que manifestamos nuestro repudio y nuestra preocupaci\u00f3n\u00bb por la desaparici\u00f3n de Maldonado, dijo a Sputnik la presidenta de la Comisi\u00f3n, Cecilia Britto, quien particip\u00f3 en Montevideo de una sesi\u00f3n del Parlasur.<\/p>\n<p>Los parlamentarios tambi\u00e9n llamaron a \u00abefectuar los m\u00e1ximos esfuerzos para que todos los organismos e instituciones del Estado (argentino) se pongan en marcha para que Maldonado aparezca con vida\u00bb.<\/p>\n<p>El texto indica que \u00abla desaparici\u00f3n de Santiago es un acto de desaparici\u00f3n, que para un Estado de derecho es de una gravedad institucional intolerable\u00bb.<\/p>\n<p>\u00abTambi\u00e9n hicimos hincapi\u00e9 en una declaraci\u00f3n de Naciones Unidas, la oficina de Latinoam\u00e9rica, a cargo de (Amerigo) Incalcaterra, que exhort\u00f3 al Estado argentino a llevar adelante su m\u00e1ximo esfuerzo en esta cuesti\u00f3n por lo tanto la Comisi\u00f3n no pod\u00eda estar ajena a un tema tan trascendente\u00bb, dijo Britto diputada del Mercado Com\u00fan del Sur (Mercosur) por la provincia argentina de Misiones (noroeste).<\/p>\n<p>El Mercosur est\u00e1 integrado por Argentina, Uruguay, Paraguay, Brasil y Venezuela (actualmente suspendido).<\/p>\n<p>Dos meses despu\u00e9s de la desaparici\u00f3n de Santiago Maldonado, que se cumplieron el 1 de octubre, la Oficina para Am\u00e9rica del Sur del Alto Comisionado de las Naciones Unidas para los Derechos Humanos emiti\u00f3 un comunicado el 3 de este mes en el que indica que \u00aburge al Estado a redoblar sus esfuerzos de investigaci\u00f3n para esclarecer lo ocurrido con el joven y dar con su paradero\u00bb.<\/p>\n<p>\u00abInsto al Estado argentino a adoptar todas las medidas necesarias para investigar y sancionar a los responsables por la desaparici\u00f3n de Santiago Maldonado\u00bb, declar\u00f3 Incalcaterra, seg\u00fan el comunicado.<\/p>\n<p>Lo \u00faltimo que se sabe de Maldonado es que se hab\u00eda sumado a una protesta de la comunidad mapuche Lof en Resistencia el 1 de agosto, en el departamento chubutense de Cushamen, cuando la Gendarmer\u00eda (polic\u00eda de fronteras) intervino por una orden judicial del juez Guido Otranto y desaloj\u00f3 un corte de carretera.<\/p>\n<p>En un operativo posterior, y perseguidos por la fuerza federal, la comunidad ingres\u00f3 en unas tierras adquiridas por la empresa italiana Benetton, que los mapuches reclaman propias por ser ancestrales.<\/p>\n<p>Desde entonces se desconoce el paradero del joven, un artesano de 28 a\u00f1os, oriundo de la provincia de Buenos Aires. Fuente: Agencia Sputnik<\/p><\/div>\n<p>&nbsp;<\/p>\n","protected":false},"excerpt":{"rendered":"<p>Montevideo (Mesa Am\u00e9ricas), 9 oct (Sputnik).- La Comisi\u00f3n de Derechos Humanos del Parlamento del Mercosur (Parlasur), reunida en la capital [&hellip;]<\/p>\n","protected":false},"author":2,"featured_media":36426,"comment_status":"open","ping_status":"open","sticky":false,"template":"","format":"standard","meta":{"site-sidebar-layout":"default","site-content-layout":"","ast-site-content-layout":"default","site-content-style":"default","site-sidebar-style":"default","ast-global-header-display":"","ast-banner-title-visibility":"","ast-main-header-display":"","ast-hfb-above-header-display":"","ast-hfb-below-header-display":"","ast-hfb-mobile-header-display":"","site-post-title":"","ast-breadcrumbs-content":"","ast-featured-img":"","footer-sml-layout":"","ast-disable-related-posts":"","theme-transparent-header-meta":"","adv-header-id-meta":"","stick-header-meta":"","header-above-stick-meta":"","header-main-stick-meta":"","header-below-stick-meta":"","astra-migrate-meta-layouts":"default","ast-page-background-enabled":"default","ast-page-background-meta":{"desktop":{"background-color":"var(--ast-global-color-5)","background-image":"","background-repeat":"repeat","background-position":"center center","background-size":"auto","background-attachment":"scroll","background-type":"","background-media":"","overlay-type":"","overlay-color":"","overlay-opacity":"","overlay-gradient":""},"tablet":{"background-color":"","background-image":"","background-repeat":"repeat","background-position":"center center","background-size":"auto","background-attachment":"scroll","background-type":"","background-media":"","overlay-type":"","overlay-color":"","overlay-opacity":"","overlay-gradient":""},"mobile":{"background-color":"","background-image":"","background-repeat":"repeat","background-position":"center center","background-size":"auto","background-attachment":"scroll","background-type":"","background-media":"","overlay-type":"","overlay-color":"","overlay-opacity":"","overlay-gradient":""}},"ast-content-background-meta":{"desktop":{"background-color":"var(--ast-global-color-4)","background-image":"","background-repeat":"repeat","background-position":"center center","background-size":"auto","background-attachment":"scroll","background-type":"","background-media":"","overlay-type":"","overlay-color":"","overlay-opacity":"","overlay-gradient":""},"tablet":{"background-color":"var(--ast-global-color-4)","background-image":"","background-repeat":"repeat","background-position":"center center","background-size":"auto","background-attachment":"scroll","background-type":"","background-media":"","overlay-type":"","overlay-color":"","overlay-opacity":"","overlay-gradient":""},"mobile":{"background-color":"var(--ast-global-color-4)","background-image":"","background-repeat":"repeat","background-position":"center center","background-size":"auto","background-attachment":"scroll","background-type":"","background-media":"","overlay-type":"","overlay-color":"","overlay-opacity":"","overlay-gradient":""}},"footnotes":""},"categories":[23,1],"tags":[],"class_list":["post-36425","post","type-post","status-publish","format-standard","has-post-thumbnail","hentry","category-internacionales","category-noticias"],"yoast_head":"<!-- This site is optimized with the Yoast SEO Premium plugin v23.0 (Yoast SEO v27.4) - https:\/\/yoast.com\/product\/yoast-seo-premium-wordpress\/ -->\n<title>Comisi\u00f3n de DDHH del Parlasur preocupada por desaparici\u00f3n de joven manifestante argentino<\/title>\n<meta name=\"robots\" content=\"index, follow, max-snippet:-1, max-image-preview:large, max-video-preview:-1\" \/>\n<link rel=\"canonical\" href=\"https:\/\/patagoniambiental.com.ar\/info\/comision-de-ddhh-del-parlasur-preocupada-por-desaparicion-de-joven-manifestante-argentino\/\" \/>\n<meta property=\"og:locale\" content=\"es_ES\" \/>\n<meta property=\"og:type\" content=\"article\" \/>\n<meta property=\"og:title\" content=\"Comisi\u00f3n de DDHH del Parlasur preocupada por desaparici\u00f3n de joven manifestante argentino\" \/>\n<meta property=\"og:description\" content=\"Montevideo (Mesa Am\u00e9ricas), 9 oct (Sputnik).- La Comisi\u00f3n de Derechos Humanos del Parlamento del Mercosur (Parlasur), reunida en la capital [&hellip;]\" \/>\n<meta property=\"og:url\" content=\"https:\/\/patagoniambiental.com.ar\/info\/comision-de-ddhh-del-parlasur-preocupada-por-desaparicion-de-joven-manifestante-argentino\/\" \/>\n<meta property=\"og:site_name\" content=\"Patagonia Ambiental\" \/>\n<meta property=\"article:publisher\" content=\"https:\/\/www.facebook.com\/patagonia.ambiental\" \/>\n<meta property=\"article:author\" content=\"https:\/\/www.facebook.com\/share\/1C1V8Gv9BX\/?mibextid=qi2Omg\" \/>\n<meta property=\"article:published_time\" content=\"2017-10-13T22:00:10+00:00\" \/>\n<meta property=\"og:image\" content=\"https:\/\/patagoniambiental.com.ar\/info\/wp-content\/uploads\/2017\/10\/final-web.jpeg\" \/>\n\t<meta property=\"og:image:width\" content=\"1280\" \/>\n\t<meta property=\"og:image:height\" content=\"853\" \/>\n\t<meta property=\"og:image:type\" content=\"image\/jpeg\" \/>\n<meta name=\"author\" content=\"Patagonia Ambiental\" \/>\n<meta name=\"twitter:card\" content=\"summary_large_image\" \/>\n<meta name=\"twitter:creator\" content=\"@PatAmb\" \/>\n<meta name=\"twitter:site\" content=\"@PatAmb\" \/>\n<script type=\"application\/ld+json\" class=\"yoast-schema-graph\">{\"@context\":\"https:\\\/\\\/schema.org\",\"@graph\":[{\"@type\":\"Article\",\"@id\":\"https:\\\/\\\/patagoniambiental.com.ar\\\/info\\\/comision-de-ddhh-del-parlasur-preocupada-por-desaparicion-de-joven-manifestante-argentino\\\/#article\",\"isPartOf\":{\"@id\":\"https:\\\/\\\/patagoniambiental.com.ar\\\/info\\\/comision-de-ddhh-del-parlasur-preocupada-por-desaparicion-de-joven-manifestante-argentino\\\/\"},\"author\":{\"name\":\"Patagonia Ambiental\",\"@id\":\"https:\\\/\\\/patagoniambiental.com.ar\\\/info\\\/#\\\/schema\\\/person\\\/db12bff64bbcbf6a253710bf0ea37b5d\"},\"headline\":\"Comisi\u00f3n de DDHH del Parlasur preocupada por desaparici\u00f3n de joven manifestante argentino\",\"datePublished\":\"2017-10-13T22:00:10+00:00\",\"mainEntityOfPage\":{\"@id\":\"https:\\\/\\\/patagoniambiental.com.ar\\\/info\\\/comision-de-ddhh-del-parlasur-preocupada-por-desaparicion-de-joven-manifestante-argentino\\\/\"},\"wordCount\":483,\"commentCount\":0,\"publisher\":{\"@id\":\"https:\\\/\\\/patagoniambiental.com.ar\\\/info\\\/#organization\"},\"image\":{\"@id\":\"https:\\\/\\\/patagoniambiental.com.ar\\\/info\\\/comision-de-ddhh-del-parlasur-preocupada-por-desaparicion-de-joven-manifestante-argentino\\\/#primaryimage\"},\"thumbnailUrl\":\"https:\\\/\\\/patagoniambiental.com.ar\\\/info\\\/wp-content\\\/uploads\\\/2017\\\/10\\\/final-web.jpeg\",\"articleSection\":[\"Internacionales\",\"Noticias\"],\"inLanguage\":\"es\",\"potentialAction\":[{\"@type\":\"CommentAction\",\"name\":\"Comment\",\"target\":[\"https:\\\/\\\/patagoniambiental.com.ar\\\/info\\\/comision-de-ddhh-del-parlasur-preocupada-por-desaparicion-de-joven-manifestante-argentino\\\/#respond\"]}]},{\"@type\":\"WebPage\",\"@id\":\"https:\\\/\\\/patagoniambiental.com.ar\\\/info\\\/comision-de-ddhh-del-parlasur-preocupada-por-desaparicion-de-joven-manifestante-argentino\\\/\",\"url\":\"https:\\\/\\\/patagoniambiental.com.ar\\\/info\\\/comision-de-ddhh-del-parlasur-preocupada-por-desaparicion-de-joven-manifestante-argentino\\\/\",\"name\":\"Comisi\u00f3n de DDHH del Parlasur preocupada por desaparici\u00f3n de joven manifestante argentino\",\"isPartOf\":{\"@id\":\"https:\\\/\\\/patagoniambiental.com.ar\\\/info\\\/#website\"},\"primaryImageOfPage\":{\"@id\":\"https:\\\/\\\/patagoniambiental.com.ar\\\/info\\\/comision-de-ddhh-del-parlasur-preocupada-por-desaparicion-de-joven-manifestante-argentino\\\/#primaryimage\"},\"image\":{\"@id\":\"https:\\\/\\\/patagoniambiental.com.ar\\\/info\\\/comision-de-ddhh-del-parlasur-preocupada-por-desaparicion-de-joven-manifestante-argentino\\\/#primaryimage\"},\"thumbnailUrl\":\"https:\\\/\\\/patagoniambiental.com.ar\\\/info\\\/wp-content\\\/uploads\\\/2017\\\/10\\\/final-web.jpeg\",\"datePublished\":\"2017-10-13T22:00:10+00:00\",\"breadcrumb\":{\"@id\":\"https:\\\/\\\/patagoniambiental.com.ar\\\/info\\\/comision-de-ddhh-del-parlasur-preocupada-por-desaparicion-de-joven-manifestante-argentino\\\/#breadcrumb\"},\"inLanguage\":\"es\",\"potentialAction\":[{\"@type\":\"ReadAction\",\"target\":[\"https:\\\/\\\/patagoniambiental.com.ar\\\/info\\\/comision-de-ddhh-del-parlasur-preocupada-por-desaparicion-de-joven-manifestante-argentino\\\/\"]}]},{\"@type\":\"ImageObject\",\"inLanguage\":\"es\",\"@id\":\"https:\\\/\\\/patagoniambiental.com.ar\\\/info\\\/comision-de-ddhh-del-parlasur-preocupada-por-desaparicion-de-joven-manifestante-argentino\\\/#primaryimage\",\"url\":\"https:\\\/\\\/patagoniambiental.com.ar\\\/info\\\/wp-content\\\/uploads\\\/2017\\\/10\\\/final-web.jpeg\",\"contentUrl\":\"https:\\\/\\\/patagoniambiental.com.ar\\\/info\\\/wp-content\\\/uploads\\\/2017\\\/10\\\/final-web.jpeg\",\"width\":900,\"height\":600},{\"@type\":\"BreadcrumbList\",\"@id\":\"https:\\\/\\\/patagoniambiental.com.ar\\\/info\\\/comision-de-ddhh-del-parlasur-preocupada-por-desaparicion-de-joven-manifestante-argentino\\\/#breadcrumb\",\"itemListElement\":[{\"@type\":\"ListItem\",\"position\":1,\"name\":\"Inicio\",\"item\":\"https:\\\/\\\/patagoniambiental.com.ar\\\/info\\\/\"},{\"@type\":\"ListItem\",\"position\":2,\"name\":\"Comisi\u00f3n de DDHH del Parlasur preocupada por desaparici\u00f3n de joven manifestante argentino\"}]},{\"@type\":\"WebSite\",\"@id\":\"https:\\\/\\\/patagoniambiental.com.ar\\\/info\\\/#website\",\"url\":\"https:\\\/\\\/patagoniambiental.com.ar\\\/info\\\/\",\"name\":\"Patagonia Ambiental\",\"description\":\"Monitoreo y an\u00e1lisis de la situaci\u00f3n geopol\u00edtica en el mundo y su implicancia en la Patagonia\",\"publisher\":{\"@id\":\"https:\\\/\\\/patagoniambiental.com.ar\\\/info\\\/#organization\"},\"potentialAction\":[{\"@type\":\"SearchAction\",\"target\":{\"@type\":\"EntryPoint\",\"urlTemplate\":\"https:\\\/\\\/patagoniambiental.com.ar\\\/info\\\/?s={search_term_string}\"},\"query-input\":{\"@type\":\"PropertyValueSpecification\",\"valueRequired\":true,\"valueName\":\"search_term_string\"}}],\"inLanguage\":\"es\"},{\"@type\":\"Organization\",\"@id\":\"https:\\\/\\\/patagoniambiental.com.ar\\\/info\\\/#organization\",\"name\":\"Patagonia Ambiental\",\"url\":\"https:\\\/\\\/patagoniambiental.com.ar\\\/info\\\/\",\"logo\":{\"@type\":\"ImageObject\",\"inLanguage\":\"es\",\"@id\":\"https:\\\/\\\/patagoniambiental.com.ar\\\/info\\\/#\\\/schema\\\/logo\\\/image\\\/\",\"url\":\"https:\\\/\\\/patagoniambiental.com.ar\\\/info\\\/wp-content\\\/uploads\\\/2025\\\/05\\\/LOGO-PATAGONIA-AMBIENTAL.png\",\"contentUrl\":\"https:\\\/\\\/patagoniambiental.com.ar\\\/info\\\/wp-content\\\/uploads\\\/2025\\\/05\\\/LOGO-PATAGONIA-AMBIENTAL.png\",\"width\":433,\"height\":250,\"caption\":\"Patagonia Ambiental\"},\"image\":{\"@id\":\"https:\\\/\\\/patagoniambiental.com.ar\\\/info\\\/#\\\/schema\\\/logo\\\/image\\\/\"},\"sameAs\":[\"https:\\\/\\\/www.facebook.com\\\/patagonia.ambiental\",\"https:\\\/\\\/x.com\\\/PatAmb\"]},{\"@type\":\"Person\",\"@id\":\"https:\\\/\\\/patagoniambiental.com.ar\\\/info\\\/#\\\/schema\\\/person\\\/db12bff64bbcbf6a253710bf0ea37b5d\",\"name\":\"Patagonia Ambiental\",\"description\":\"Andr\u00e9s Nievas T\u00e9cnico en manejo ambiental, consultor Ambiental y escritor para medios locales e internacionales sobre temas de geopolitica y medio ambiente.\",\"sameAs\":[\"http:\\\/\\\/www.patagoniambiental.com.ar\",\"https:\\\/\\\/www.facebook.com\\\/share\\\/1C1V8Gv9BX\\\/?mibextid=qi2Omg\",\"@patagoniambiental\",\"https:\\\/\\\/youtube.com\\\/@patagoniaambiental2023?si=BLt58t0wuXquxlYZ\"]}]}<\/script>\n<!-- \/ Yoast SEO Premium plugin. -->","yoast_head_json":{"title":"Comisi\u00f3n de DDHH del Parlasur preocupada por desaparici\u00f3n de joven manifestante argentino","robots":{"index":"index","follow":"follow","max-snippet":"max-snippet:-1","max-image-preview":"max-image-preview:large","max-video-preview":"max-video-preview:-1"},"canonical":"https:\/\/patagoniambiental.com.ar\/info\/comision-de-ddhh-del-parlasur-preocupada-por-desaparicion-de-joven-manifestante-argentino\/","og_locale":"es_ES","og_type":"article","og_title":"Comisi\u00f3n de DDHH del Parlasur preocupada por desaparici\u00f3n de joven manifestante argentino","og_description":"Montevideo (Mesa Am\u00e9ricas), 9 oct (Sputnik).- La Comisi\u00f3n de Derechos Humanos del Parlamento del Mercosur (Parlasur), reunida en la capital [&hellip;]","og_url":"https:\/\/patagoniambiental.com.ar\/info\/comision-de-ddhh-del-parlasur-preocupada-por-desaparicion-de-joven-manifestante-argentino\/","og_site_name":"Patagonia Ambiental","article_publisher":"https:\/\/www.facebook.com\/patagonia.ambiental","article_author":"https:\/\/www.facebook.com\/share\/1C1V8Gv9BX\/?mibextid=qi2Omg","article_published_time":"2017-10-13T22:00:10+00:00","og_image":[{"width":1280,"height":853,"url":"https:\/\/patagoniambiental.com.ar\/info\/wp-content\/uploads\/2017\/10\/final-web.jpeg","type":"image\/jpeg"}],"author":"Patagonia Ambiental","twitter_card":"summary_large_image","twitter_creator":"@PatAmb","twitter_site":"@PatAmb","schema":{"@context":"https:\/\/schema.org","@graph":[{"@type":"Article","@id":"https:\/\/patagoniambiental.com.ar\/info\/comision-de-ddhh-del-parlasur-preocupada-por-desaparicion-de-joven-manifestante-argentino\/#article","isPartOf":{"@id":"https:\/\/patagoniambiental.com.ar\/info\/comision-de-ddhh-del-parlasur-preocupada-por-desaparicion-de-joven-manifestante-argentino\/"},"author":{"name":"Patagonia Ambiental","@id":"https:\/\/patagoniambiental.com.ar\/info\/#\/schema\/person\/db12bff64bbcbf6a253710bf0ea37b5d"},"headline":"Comisi\u00f3n de DDHH del Parlasur preocupada por desaparici\u00f3n de joven manifestante argentino","datePublished":"2017-10-13T22:00:10+00:00","mainEntityOfPage":{"@id":"https:\/\/patagoniambiental.com.ar\/info\/comision-de-ddhh-del-parlasur-preocupada-por-desaparicion-de-joven-manifestante-argentino\/"},"wordCount":483,"commentCount":0,"publisher":{"@id":"https:\/\/patagoniambiental.com.ar\/info\/#organization"},"image":{"@id":"https:\/\/patagoniambiental.com.ar\/info\/comision-de-ddhh-del-parlasur-preocupada-por-desaparicion-de-joven-manifestante-argentino\/#primaryimage"},"thumbnailUrl":"https:\/\/patagoniambiental.com.ar\/info\/wp-content\/uploads\/2017\/10\/final-web.jpeg","articleSection":["Internacionales","Noticias"],"inLanguage":"es","potentialAction":[{"@type":"CommentAction","name":"Comment","target":["https:\/\/patagoniambiental.com.ar\/info\/comision-de-ddhh-del-parlasur-preocupada-por-desaparicion-de-joven-manifestante-argentino\/#respond"]}]},{"@type":"WebPage","@id":"https:\/\/patagoniambiental.com.ar\/info\/comision-de-ddhh-del-parlasur-preocupada-por-desaparicion-de-joven-manifestante-argentino\/","url":"https:\/\/patagoniambiental.com.ar\/info\/comision-de-ddhh-del-parlasur-preocupada-por-desaparicion-de-joven-manifestante-argentino\/","name":"Comisi\u00f3n de DDHH del Parlasur preocupada por desaparici\u00f3n de joven manifestante argentino","isPartOf":{"@id":"https:\/\/patagoniambiental.com.ar\/info\/#website"},"primaryImageOfPage":{"@id":"https:\/\/patagoniambiental.com.ar\/info\/comision-de-ddhh-del-parlasur-preocupada-por-desaparicion-de-joven-manifestante-argentino\/#primaryimage"},"image":{"@id":"https:\/\/patagoniambiental.com.ar\/info\/comision-de-ddhh-del-parlasur-preocupada-por-desaparicion-de-joven-manifestante-argentino\/#primaryimage"},"thumbnailUrl":"https:\/\/patagoniambiental.com.ar\/info\/wp-content\/uploads\/2017\/10\/final-web.jpeg","datePublished":"2017-10-13T22:00:10+00:00","breadcrumb":{"@id":"https:\/\/patagoniambiental.com.ar\/info\/comision-de-ddhh-del-parlasur-preocupada-por-desaparicion-de-joven-manifestante-argentino\/#breadcrumb"},"inLanguage":"es","potentialAction":[{"@type":"ReadAction","target":["https:\/\/patagoniambiental.com.ar\/info\/comision-de-ddhh-del-parlasur-preocupada-por-desaparicion-de-joven-manifestante-argentino\/"]}]},{"@type":"ImageObject","inLanguage":"es","@id":"https:\/\/patagoniambiental.com.ar\/info\/comision-de-ddhh-del-parlasur-preocupada-por-desaparicion-de-joven-manifestante-argentino\/#primaryimage","url":"https:\/\/patagoniambiental.com.ar\/info\/wp-content\/uploads\/2017\/10\/final-web.jpeg","contentUrl":"https:\/\/patagoniambiental.com.ar\/info\/wp-content\/uploads\/2017\/10\/final-web.jpeg","width":900,"height":600},{"@type":"BreadcrumbList","@id":"https:\/\/patagoniambiental.com.ar\/info\/comision-de-ddhh-del-parlasur-preocupada-por-desaparicion-de-joven-manifestante-argentino\/#breadcrumb","itemListElement":[{"@type":"ListItem","position":1,"name":"Inicio","item":"https:\/\/patagoniambiental.com.ar\/info\/"},{"@type":"ListItem","position":2,"name":"Comisi\u00f3n de DDHH del Parlasur preocupada por desaparici\u00f3n de joven manifestante argentino"}]},{"@type":"WebSite","@id":"https:\/\/patagoniambiental.com.ar\/info\/#website","url":"https:\/\/patagoniambiental.com.ar\/info\/","name":"Patagonia Ambiental","description":"Monitoreo y an\u00e1lisis de la situaci\u00f3n geopol\u00edtica en el mundo y su implicancia en la Patagonia","publisher":{"@id":"https:\/\/patagoniambiental.com.ar\/info\/#organization"},"potentialAction":[{"@type":"SearchAction","target":{"@type":"EntryPoint","urlTemplate":"https:\/\/patagoniambiental.com.ar\/info\/?s={search_term_string}"},"query-input":{"@type":"PropertyValueSpecification","valueRequired":true,"valueName":"search_term_string"}}],"inLanguage":"es"},{"@type":"Organization","@id":"https:\/\/patagoniambiental.com.ar\/info\/#organization","name":"Patagonia Ambiental","url":"https:\/\/patagoniambiental.com.ar\/info\/","logo":{"@type":"ImageObject","inLanguage":"es","@id":"https:\/\/patagoniambiental.com.ar\/info\/#\/schema\/logo\/image\/","url":"https:\/\/patagoniambiental.com.ar\/info\/wp-content\/uploads\/2025\/05\/LOGO-PATAGONIA-AMBIENTAL.png","contentUrl":"https:\/\/patagoniambiental.com.ar\/info\/wp-content\/uploads\/2025\/05\/LOGO-PATAGONIA-AMBIENTAL.png","width":433,"height":250,"caption":"Patagonia Ambiental"},"image":{"@id":"https:\/\/patagoniambiental.com.ar\/info\/#\/schema\/logo\/image\/"},"sameAs":["https:\/\/www.facebook.com\/patagonia.ambiental","https:\/\/x.com\/PatAmb"]},{"@type":"Person","@id":"https:\/\/patagoniambiental.com.ar\/info\/#\/schema\/person\/db12bff64bbcbf6a253710bf0ea37b5d","name":"Patagonia Ambiental","description":"Andr\u00e9s Nievas T\u00e9cnico en manejo ambiental, consultor Ambiental y escritor para medios locales e internacionales sobre temas de geopolitica y medio ambiente.","sameAs":["http:\/\/www.patagoniambiental.com.ar","https:\/\/www.facebook.com\/share\/1C1V8Gv9BX\/?mibextid=qi2Omg","@patagoniambiental","https:\/\/youtube.com\/@patagoniaambiental2023?si=BLt58t0wuXquxlYZ"]}]}},"_links":{"self":[{"href":"https:\/\/patagoniambiental.com.ar\/info\/wp-json\/wp\/v2\/posts\/36425","targetHints":{"allow":["GET"]}}],"collection":[{"href":"https:\/\/patagoniambiental.com.ar\/info\/wp-json\/wp\/v2\/posts"}],"about":[{"href":"https:\/\/patagoniambiental.com.ar\/info\/wp-json\/wp\/v2\/types\/post"}],"author":[{"embeddable":true,"href":"https:\/\/patagoniambiental.com.ar\/info\/wp-json\/wp\/v2\/users\/2"}],"replies":[{"embeddable":true,"href":"https:\/\/patagoniambiental.com.ar\/info\/wp-json\/wp\/v2\/comments?post=36425"}],"version-history":[{"count":0,"href":"https:\/\/patagoniambiental.com.ar\/info\/wp-json\/wp\/v2\/posts\/36425\/revisions"}],"wp:featuredmedia":[{"embeddable":true,"href":"https:\/\/patagoniambiental.com.ar\/info\/wp-json\/wp\/v2\/media\/36426"}],"wp:attachment":[{"href":"https:\/\/patagoniambiental.com.ar\/info\/wp-json\/wp\/v2\/media?parent=36425"}],"wp:term":[{"taxonomy":"category","embeddable":true,"href":"https:\/\/patagoniambiental.com.ar\/info\/wp-json\/wp\/v2\/categories?post=36425"},{"taxonomy":"post_tag","embeddable":true,"href":"https:\/\/patagoniambiental.com.ar\/info\/wp-json\/wp\/v2\/tags?post=36425"}],"curies":[{"name":"wp","href":"https:\/\/api.w.org\/{rel}","templated":true}]}}