{"id":36458,"date":"2017-10-13T09:00:09","date_gmt":"2017-10-13T12:00:09","guid":{"rendered":"http:\/\/patagoniambiental.com.ar\/info\/?p=36458"},"modified":"2017-10-12T21:47:36","modified_gmt":"2017-10-13T00:47:36","slug":"puerto-deseado-analizaron-el-ph-de-la-laguna-de-prefectura-y-realizaran-tareas-de-saneamiento","status":"publish","type":"post","link":"https:\/\/patagoniambiental.com.ar\/info\/puerto-deseado-analizaron-el-ph-de-la-laguna-de-prefectura-y-realizaran-tareas-de-saneamiento\/","title":{"rendered":"Puerto Deseado: Analizaron el pH de la Laguna de Prefectura y realizar\u00e1n tareas de saneamiento"},"content":{"rendered":"<p>PUERTO DESEADO.- El medidor port\u00e1til mide los par\u00e1metros de calidad del agua a trav\u00e9s dos canales de entrada destinados a mediciones simult\u00e1neas de pH, conductividad y ox\u00edgeno disuelto. D\u00e9bora de Monte, Directora de Ambiente de la Municipalidad de Puerto Deseado confirm\u00f3 que los an\u00e1lisis dieron una baja en el pH \u201calgo que puede ser normal debido a la temperatura que est\u00e1 en aumento y que provoca una mayor generaci\u00f3n de micro algas\u201d.<\/p>\n<p>El objetivo de este an\u00e1lisis es consensuar con Prefectura tareas de limpieza para poder darle una mayor utilidad, para ello se ha acordado empezar con tareas de saneamiento en pos de reducir los posibles problemas ambientales que posea la laguna.<\/p>\n<p>Por otra parte, el Intendente Gustavo Gonz\u00e1lez y Jos\u00e9 P\u00e9rez coincidieron en seguir aprovechando este aparato de \u00faltima tecnolog\u00eda, como lo es el multipar\u00e1metrico port\u00e1til, que con una calibraci\u00f3n guiada garantizan la precisi\u00f3n en los resultados.<\/p>\n<p>Fuente: Tiempo Sur<\/p>\n","protected":false},"excerpt":{"rendered":"<p>PUERTO DESEADO.- El medidor port\u00e1til mide los par\u00e1metros de calidad del agua a trav\u00e9s dos canales de entrada destinados a [&hellip;]<\/p>\n","protected":false},"author":2,"featured_media":36459,"comment_status":"open","ping_status":"open","sticky":false,"template":"","format":"standard","meta":{"site-sidebar-layout":"default","site-content-layout":"","ast-site-content-layout":"default","site-content-style":"default","site-sidebar-style":"default","ast-global-header-display":"","ast-banner-title-visibility":"","ast-main-header-display":"","ast-hfb-above-header-display":"","ast-hfb-below-header-display":"","ast-hfb-mobile-header-display":"","site-post-title":"","ast-breadcrumbs-content":"","ast-featured-img":"","footer-sml-layout":"","ast-disable-related-posts":"","theme-transparent-header-meta":"","adv-header-id-meta":"","stick-header-meta":"","header-above-stick-meta":"","header-main-stick-meta":"","header-below-stick-meta":"","astra-migrate-meta-layouts":"default","ast-page-background-enabled":"default","ast-page-background-meta":{"desktop":{"background-color":"var(--ast-global-color-5)","background-image":"","background-repeat":"repeat","background-position":"center center","background-size":"auto","background-attachment":"scroll","background-type":"","background-media":"","overlay-type":"","overlay-color":"","overlay-opacity":"","overlay-gradient":""},"tablet":{"background-color":"","background-image":"","background-repeat":"repeat","background-position":"center center","background-size":"auto","background-attachment":"scroll","background-type":"","background-media":"","overlay-type":"","overlay-color":"","overlay-opacity":"","overlay-gradient":""},"mobile":{"background-color":"","background-image":"","background-repeat":"repeat","background-position":"center center","background-size":"auto","background-attachment":"scroll","background-type":"","background-media":"","overlay-type":"","overlay-color":"","overlay-opacity":"","overlay-gradient":""}},"ast-content-background-meta":{"desktop":{"background-color":"var(--ast-global-color-4)","background-image":"","background-repeat":"repeat","background-position":"center center","background-size":"auto","background-attachment":"scroll","background-type":"","background-media":"","overlay-type":"","overlay-color":"","overlay-opacity":"","overlay-gradient":""},"tablet":{"background-color":"var(--ast-global-color-4)","background-image":"","background-repeat":"repeat","background-position":"center center","background-size":"auto","background-attachment":"scroll","background-type":"","background-media":"","overlay-type":"","overlay-color":"","overlay-opacity":"","overlay-gradient":""},"mobile":{"background-color":"var(--ast-global-color-4)","background-image":"","background-repeat":"repeat","background-position":"center center","background-size":"auto","background-attachment":"scroll","background-type":"","background-media":"","overlay-type":"","overlay-color":"","overlay-opacity":"","overlay-gradient":""}},"footnotes":""},"categories":[46,1],"tags":[],"class_list":["post-36458","post","type-post","status-publish","format-standard","has-post-thumbnail","hentry","category-municipios","category-noticias"],"yoast_head":"<!-- This site is optimized with the Yoast SEO Premium plugin v23.0 (Yoast SEO v27.5) - https:\/\/yoast.com\/product\/yoast-seo-premium-wordpress\/ -->\n<title>Puerto Deseado: Analizaron el pH de la Laguna de Prefectura y realizar\u00e1n tareas de saneamiento<\/title>\n<meta name=\"robots\" content=\"index, follow, max-snippet:-1, max-image-preview:large, max-video-preview:-1\" \/>\n<link rel=\"canonical\" href=\"https:\/\/patagoniambiental.com.ar\/info\/puerto-deseado-analizaron-el-ph-de-la-laguna-de-prefectura-y-realizaran-tareas-de-saneamiento\/\" \/>\n<meta property=\"og:locale\" content=\"es_ES\" \/>\n<meta property=\"og:type\" content=\"article\" \/>\n<meta property=\"og:title\" content=\"Puerto Deseado: Analizaron el pH de la Laguna de Prefectura y realizar\u00e1n tareas de saneamiento\" \/>\n<meta property=\"og:description\" content=\"PUERTO DESEADO.- El medidor port\u00e1til mide los par\u00e1metros de calidad del agua a trav\u00e9s dos canales de entrada destinados a [&hellip;]\" \/>\n<meta property=\"og:url\" content=\"https:\/\/patagoniambiental.com.ar\/info\/puerto-deseado-analizaron-el-ph-de-la-laguna-de-prefectura-y-realizaran-tareas-de-saneamiento\/\" \/>\n<meta property=\"og:site_name\" content=\"Patagonia Ambiental\" \/>\n<meta property=\"article:publisher\" content=\"https:\/\/www.facebook.com\/patagonia.ambiental\" \/>\n<meta property=\"article:author\" content=\"https:\/\/www.facebook.com\/share\/1C1V8Gv9BX\/?mibextid=qi2Omg\" \/>\n<meta property=\"article:published_time\" content=\"2017-10-13T12:00:09+00:00\" \/>\n<meta property=\"og:image\" content=\"https:\/\/patagoniambiental.com.ar\/info\/wp-content\/uploads\/2017\/10\/laguna2.jpg\" \/>\n\t<meta property=\"og:image:width\" content=\"555\" \/>\n\t<meta property=\"og:image:height\" content=\"328\" \/>\n\t<meta property=\"og:image:type\" content=\"image\/jpeg\" \/>\n<meta name=\"author\" content=\"Patagonia Ambiental\" \/>\n<meta name=\"twitter:card\" content=\"summary_large_image\" \/>\n<meta name=\"twitter:creator\" content=\"@PatAmb\" \/>\n<meta name=\"twitter:site\" content=\"@PatAmb\" \/>\n<script type=\"application\/ld+json\" class=\"yoast-schema-graph\">{\"@context\":\"https:\\\/\\\/schema.org\",\"@graph\":[{\"@type\":\"Article\",\"@id\":\"https:\\\/\\\/patagoniambiental.com.ar\\\/info\\\/puerto-deseado-analizaron-el-ph-de-la-laguna-de-prefectura-y-realizaran-tareas-de-saneamiento\\\/#article\",\"isPartOf\":{\"@id\":\"https:\\\/\\\/patagoniambiental.com.ar\\\/info\\\/puerto-deseado-analizaron-el-ph-de-la-laguna-de-prefectura-y-realizaran-tareas-de-saneamiento\\\/\"},\"author\":{\"name\":\"Patagonia Ambiental\",\"@id\":\"https:\\\/\\\/patagoniambiental.com.ar\\\/info\\\/#\\\/schema\\\/person\\\/db12bff64bbcbf6a253710bf0ea37b5d\"},\"headline\":\"Puerto Deseado: Analizaron el pH de la Laguna de Prefectura y realizar\u00e1n tareas de saneamiento\",\"datePublished\":\"2017-10-13T12:00:09+00:00\",\"mainEntityOfPage\":{\"@id\":\"https:\\\/\\\/patagoniambiental.com.ar\\\/info\\\/puerto-deseado-analizaron-el-ph-de-la-laguna-de-prefectura-y-realizaran-tareas-de-saneamiento\\\/\"},\"wordCount\":184,\"commentCount\":0,\"publisher\":{\"@id\":\"https:\\\/\\\/patagoniambiental.com.ar\\\/info\\\/#organization\"},\"image\":{\"@id\":\"https:\\\/\\\/patagoniambiental.com.ar\\\/info\\\/puerto-deseado-analizaron-el-ph-de-la-laguna-de-prefectura-y-realizaran-tareas-de-saneamiento\\\/#primaryimage\"},\"thumbnailUrl\":\"https:\\\/\\\/patagoniambiental.com.ar\\\/info\\\/wp-content\\\/uploads\\\/2017\\\/10\\\/laguna2.jpg\",\"articleSection\":[\"Municipios\",\"Noticias\"],\"inLanguage\":\"es\",\"potentialAction\":[{\"@type\":\"CommentAction\",\"name\":\"Comment\",\"target\":[\"https:\\\/\\\/patagoniambiental.com.ar\\\/info\\\/puerto-deseado-analizaron-el-ph-de-la-laguna-de-prefectura-y-realizaran-tareas-de-saneamiento\\\/#respond\"]}]},{\"@type\":\"WebPage\",\"@id\":\"https:\\\/\\\/patagoniambiental.com.ar\\\/info\\\/puerto-deseado-analizaron-el-ph-de-la-laguna-de-prefectura-y-realizaran-tareas-de-saneamiento\\\/\",\"url\":\"https:\\\/\\\/patagoniambiental.com.ar\\\/info\\\/puerto-deseado-analizaron-el-ph-de-la-laguna-de-prefectura-y-realizaran-tareas-de-saneamiento\\\/\",\"name\":\"Puerto Deseado: Analizaron el pH de la Laguna de Prefectura y realizar\u00e1n tareas de saneamiento\",\"isPartOf\":{\"@id\":\"https:\\\/\\\/patagoniambiental.com.ar\\\/info\\\/#website\"},\"primaryImageOfPage\":{\"@id\":\"https:\\\/\\\/patagoniambiental.com.ar\\\/info\\\/puerto-deseado-analizaron-el-ph-de-la-laguna-de-prefectura-y-realizaran-tareas-de-saneamiento\\\/#primaryimage\"},\"image\":{\"@id\":\"https:\\\/\\\/patagoniambiental.com.ar\\\/info\\\/puerto-deseado-analizaron-el-ph-de-la-laguna-de-prefectura-y-realizaran-tareas-de-saneamiento\\\/#primaryimage\"},\"thumbnailUrl\":\"https:\\\/\\\/patagoniambiental.com.ar\\\/info\\\/wp-content\\\/uploads\\\/2017\\\/10\\\/laguna2.jpg\",\"datePublished\":\"2017-10-13T12:00:09+00:00\",\"breadcrumb\":{\"@id\":\"https:\\\/\\\/patagoniambiental.com.ar\\\/info\\\/puerto-deseado-analizaron-el-ph-de-la-laguna-de-prefectura-y-realizaran-tareas-de-saneamiento\\\/#breadcrumb\"},\"inLanguage\":\"es\",\"potentialAction\":[{\"@type\":\"ReadAction\",\"target\":[\"https:\\\/\\\/patagoniambiental.com.ar\\\/info\\\/puerto-deseado-analizaron-el-ph-de-la-laguna-de-prefectura-y-realizaran-tareas-de-saneamiento\\\/\"]}]},{\"@type\":\"ImageObject\",\"inLanguage\":\"es\",\"@id\":\"https:\\\/\\\/patagoniambiental.com.ar\\\/info\\\/puerto-deseado-analizaron-el-ph-de-la-laguna-de-prefectura-y-realizaran-tareas-de-saneamiento\\\/#primaryimage\",\"url\":\"https:\\\/\\\/patagoniambiental.com.ar\\\/info\\\/wp-content\\\/uploads\\\/2017\\\/10\\\/laguna2.jpg\",\"contentUrl\":\"https:\\\/\\\/patagoniambiental.com.ar\\\/info\\\/wp-content\\\/uploads\\\/2017\\\/10\\\/laguna2.jpg\",\"width\":555,\"height\":328},{\"@type\":\"BreadcrumbList\",\"@id\":\"https:\\\/\\\/patagoniambiental.com.ar\\\/info\\\/puerto-deseado-analizaron-el-ph-de-la-laguna-de-prefectura-y-realizaran-tareas-de-saneamiento\\\/#breadcrumb\",\"itemListElement\":[{\"@type\":\"ListItem\",\"position\":1,\"name\":\"Inicio\",\"item\":\"https:\\\/\\\/patagoniambiental.com.ar\\\/info\\\/\"},{\"@type\":\"ListItem\",\"position\":2,\"name\":\"Puerto Deseado: Analizaron el pH de la Laguna de Prefectura y realizar\u00e1n tareas de saneamiento\"}]},{\"@type\":\"WebSite\",\"@id\":\"https:\\\/\\\/patagoniambiental.com.ar\\\/info\\\/#website\",\"url\":\"https:\\\/\\\/patagoniambiental.com.ar\\\/info\\\/\",\"name\":\"Patagonia Ambiental\",\"description\":\"Monitoreo y an\u00e1lisis de la situaci\u00f3n geopol\u00edtica en el mundo y su implicancia en la Patagonia\",\"publisher\":{\"@id\":\"https:\\\/\\\/patagoniambiental.com.ar\\\/info\\\/#organization\"},\"potentialAction\":[{\"@type\":\"SearchAction\",\"target\":{\"@type\":\"EntryPoint\",\"urlTemplate\":\"https:\\\/\\\/patagoniambiental.com.ar\\\/info\\\/?s={search_term_string}\"},\"query-input\":{\"@type\":\"PropertyValueSpecification\",\"valueRequired\":true,\"valueName\":\"search_term_string\"}}],\"inLanguage\":\"es\"},{\"@type\":\"Organization\",\"@id\":\"https:\\\/\\\/patagoniambiental.com.ar\\\/info\\\/#organization\",\"name\":\"Patagonia Ambiental\",\"url\":\"https:\\\/\\\/patagoniambiental.com.ar\\\/info\\\/\",\"logo\":{\"@type\":\"ImageObject\",\"inLanguage\":\"es\",\"@id\":\"https:\\\/\\\/patagoniambiental.com.ar\\\/info\\\/#\\\/schema\\\/logo\\\/image\\\/\",\"url\":\"https:\\\/\\\/patagoniambiental.com.ar\\\/info\\\/wp-content\\\/uploads\\\/2025\\\/05\\\/LOGO-PATAGONIA-AMBIENTAL.png\",\"contentUrl\":\"https:\\\/\\\/patagoniambiental.com.ar\\\/info\\\/wp-content\\\/uploads\\\/2025\\\/05\\\/LOGO-PATAGONIA-AMBIENTAL.png\",\"width\":433,\"height\":250,\"caption\":\"Patagonia Ambiental\"},\"image\":{\"@id\":\"https:\\\/\\\/patagoniambiental.com.ar\\\/info\\\/#\\\/schema\\\/logo\\\/image\\\/\"},\"sameAs\":[\"https:\\\/\\\/www.facebook.com\\\/patagonia.ambiental\",\"https:\\\/\\\/x.com\\\/PatAmb\"]},{\"@type\":\"Person\",\"@id\":\"https:\\\/\\\/patagoniambiental.com.ar\\\/info\\\/#\\\/schema\\\/person\\\/db12bff64bbcbf6a253710bf0ea37b5d\",\"name\":\"Patagonia Ambiental\",\"description\":\"Andr\u00e9s Nievas T\u00e9cnico en manejo ambiental, consultor Ambiental y escritor para medios locales e internacionales sobre temas de geopolitica y medio ambiente.\",\"sameAs\":[\"http:\\\/\\\/www.patagoniambiental.com.ar\",\"https:\\\/\\\/www.facebook.com\\\/share\\\/1C1V8Gv9BX\\\/?mibextid=qi2Omg\",\"@patagoniambiental\",\"https:\\\/\\\/youtube.com\\\/@patagoniaambiental2023?si=BLt58t0wuXquxlYZ\"]}]}<\/script>\n<!-- \/ Yoast SEO Premium plugin. -->","yoast_head_json":{"title":"Puerto Deseado: Analizaron el pH de la Laguna de Prefectura y realizar\u00e1n tareas de saneamiento","robots":{"index":"index","follow":"follow","max-snippet":"max-snippet:-1","max-image-preview":"max-image-preview:large","max-video-preview":"max-video-preview:-1"},"canonical":"https:\/\/patagoniambiental.com.ar\/info\/puerto-deseado-analizaron-el-ph-de-la-laguna-de-prefectura-y-realizaran-tareas-de-saneamiento\/","og_locale":"es_ES","og_type":"article","og_title":"Puerto Deseado: Analizaron el pH de la Laguna de Prefectura y realizar\u00e1n tareas de saneamiento","og_description":"PUERTO DESEADO.- El medidor port\u00e1til mide los par\u00e1metros de calidad del agua a trav\u00e9s dos canales de entrada destinados a [&hellip;]","og_url":"https:\/\/patagoniambiental.com.ar\/info\/puerto-deseado-analizaron-el-ph-de-la-laguna-de-prefectura-y-realizaran-tareas-de-saneamiento\/","og_site_name":"Patagonia Ambiental","article_publisher":"https:\/\/www.facebook.com\/patagonia.ambiental","article_author":"https:\/\/www.facebook.com\/share\/1C1V8Gv9BX\/?mibextid=qi2Omg","article_published_time":"2017-10-13T12:00:09+00:00","og_image":[{"width":555,"height":328,"url":"https:\/\/patagoniambiental.com.ar\/info\/wp-content\/uploads\/2017\/10\/laguna2.jpg","type":"image\/jpeg"}],"author":"Patagonia Ambiental","twitter_card":"summary_large_image","twitter_creator":"@PatAmb","twitter_site":"@PatAmb","schema":{"@context":"https:\/\/schema.org","@graph":[{"@type":"Article","@id":"https:\/\/patagoniambiental.com.ar\/info\/puerto-deseado-analizaron-el-ph-de-la-laguna-de-prefectura-y-realizaran-tareas-de-saneamiento\/#article","isPartOf":{"@id":"https:\/\/patagoniambiental.com.ar\/info\/puerto-deseado-analizaron-el-ph-de-la-laguna-de-prefectura-y-realizaran-tareas-de-saneamiento\/"},"author":{"name":"Patagonia Ambiental","@id":"https:\/\/patagoniambiental.com.ar\/info\/#\/schema\/person\/db12bff64bbcbf6a253710bf0ea37b5d"},"headline":"Puerto Deseado: Analizaron el pH de la Laguna de Prefectura y realizar\u00e1n tareas de saneamiento","datePublished":"2017-10-13T12:00:09+00:00","mainEntityOfPage":{"@id":"https:\/\/patagoniambiental.com.ar\/info\/puerto-deseado-analizaron-el-ph-de-la-laguna-de-prefectura-y-realizaran-tareas-de-saneamiento\/"},"wordCount":184,"commentCount":0,"publisher":{"@id":"https:\/\/patagoniambiental.com.ar\/info\/#organization"},"image":{"@id":"https:\/\/patagoniambiental.com.ar\/info\/puerto-deseado-analizaron-el-ph-de-la-laguna-de-prefectura-y-realizaran-tareas-de-saneamiento\/#primaryimage"},"thumbnailUrl":"https:\/\/patagoniambiental.com.ar\/info\/wp-content\/uploads\/2017\/10\/laguna2.jpg","articleSection":["Municipios","Noticias"],"inLanguage":"es","potentialAction":[{"@type":"CommentAction","name":"Comment","target":["https:\/\/patagoniambiental.com.ar\/info\/puerto-deseado-analizaron-el-ph-de-la-laguna-de-prefectura-y-realizaran-tareas-de-saneamiento\/#respond"]}]},{"@type":"WebPage","@id":"https:\/\/patagoniambiental.com.ar\/info\/puerto-deseado-analizaron-el-ph-de-la-laguna-de-prefectura-y-realizaran-tareas-de-saneamiento\/","url":"https:\/\/patagoniambiental.com.ar\/info\/puerto-deseado-analizaron-el-ph-de-la-laguna-de-prefectura-y-realizaran-tareas-de-saneamiento\/","name":"Puerto Deseado: Analizaron el pH de la Laguna de Prefectura y realizar\u00e1n tareas de saneamiento","isPartOf":{"@id":"https:\/\/patagoniambiental.com.ar\/info\/#website"},"primaryImageOfPage":{"@id":"https:\/\/patagoniambiental.com.ar\/info\/puerto-deseado-analizaron-el-ph-de-la-laguna-de-prefectura-y-realizaran-tareas-de-saneamiento\/#primaryimage"},"image":{"@id":"https:\/\/patagoniambiental.com.ar\/info\/puerto-deseado-analizaron-el-ph-de-la-laguna-de-prefectura-y-realizaran-tareas-de-saneamiento\/#primaryimage"},"thumbnailUrl":"https:\/\/patagoniambiental.com.ar\/info\/wp-content\/uploads\/2017\/10\/laguna2.jpg","datePublished":"2017-10-13T12:00:09+00:00","breadcrumb":{"@id":"https:\/\/patagoniambiental.com.ar\/info\/puerto-deseado-analizaron-el-ph-de-la-laguna-de-prefectura-y-realizaran-tareas-de-saneamiento\/#breadcrumb"},"inLanguage":"es","potentialAction":[{"@type":"ReadAction","target":["https:\/\/patagoniambiental.com.ar\/info\/puerto-deseado-analizaron-el-ph-de-la-laguna-de-prefectura-y-realizaran-tareas-de-saneamiento\/"]}]},{"@type":"ImageObject","inLanguage":"es","@id":"https:\/\/patagoniambiental.com.ar\/info\/puerto-deseado-analizaron-el-ph-de-la-laguna-de-prefectura-y-realizaran-tareas-de-saneamiento\/#primaryimage","url":"https:\/\/patagoniambiental.com.ar\/info\/wp-content\/uploads\/2017\/10\/laguna2.jpg","contentUrl":"https:\/\/patagoniambiental.com.ar\/info\/wp-content\/uploads\/2017\/10\/laguna2.jpg","width":555,"height":328},{"@type":"BreadcrumbList","@id":"https:\/\/patagoniambiental.com.ar\/info\/puerto-deseado-analizaron-el-ph-de-la-laguna-de-prefectura-y-realizaran-tareas-de-saneamiento\/#breadcrumb","itemListElement":[{"@type":"ListItem","position":1,"name":"Inicio","item":"https:\/\/patagoniambiental.com.ar\/info\/"},{"@type":"ListItem","position":2,"name":"Puerto Deseado: Analizaron el pH de la Laguna de Prefectura y realizar\u00e1n tareas de saneamiento"}]},{"@type":"WebSite","@id":"https:\/\/patagoniambiental.com.ar\/info\/#website","url":"https:\/\/patagoniambiental.com.ar\/info\/","name":"Patagonia Ambiental","description":"Monitoreo y an\u00e1lisis de la situaci\u00f3n geopol\u00edtica en el mundo y su implicancia en la Patagonia","publisher":{"@id":"https:\/\/patagoniambiental.com.ar\/info\/#organization"},"potentialAction":[{"@type":"SearchAction","target":{"@type":"EntryPoint","urlTemplate":"https:\/\/patagoniambiental.com.ar\/info\/?s={search_term_string}"},"query-input":{"@type":"PropertyValueSpecification","valueRequired":true,"valueName":"search_term_string"}}],"inLanguage":"es"},{"@type":"Organization","@id":"https:\/\/patagoniambiental.com.ar\/info\/#organization","name":"Patagonia Ambiental","url":"https:\/\/patagoniambiental.com.ar\/info\/","logo":{"@type":"ImageObject","inLanguage":"es","@id":"https:\/\/patagoniambiental.com.ar\/info\/#\/schema\/logo\/image\/","url":"https:\/\/patagoniambiental.com.ar\/info\/wp-content\/uploads\/2025\/05\/LOGO-PATAGONIA-AMBIENTAL.png","contentUrl":"https:\/\/patagoniambiental.com.ar\/info\/wp-content\/uploads\/2025\/05\/LOGO-PATAGONIA-AMBIENTAL.png","width":433,"height":250,"caption":"Patagonia Ambiental"},"image":{"@id":"https:\/\/patagoniambiental.com.ar\/info\/#\/schema\/logo\/image\/"},"sameAs":["https:\/\/www.facebook.com\/patagonia.ambiental","https:\/\/x.com\/PatAmb"]},{"@type":"Person","@id":"https:\/\/patagoniambiental.com.ar\/info\/#\/schema\/person\/db12bff64bbcbf6a253710bf0ea37b5d","name":"Patagonia Ambiental","description":"Andr\u00e9s Nievas T\u00e9cnico en manejo ambiental, consultor Ambiental y escritor para medios locales e internacionales sobre temas de geopolitica y medio ambiente.","sameAs":["http:\/\/www.patagoniambiental.com.ar","https:\/\/www.facebook.com\/share\/1C1V8Gv9BX\/?mibextid=qi2Omg","@patagoniambiental","https:\/\/youtube.com\/@patagoniaambiental2023?si=BLt58t0wuXquxlYZ"]}]}},"_links":{"self":[{"href":"https:\/\/patagoniambiental.com.ar\/info\/wp-json\/wp\/v2\/posts\/36458","targetHints":{"allow":["GET"]}}],"collection":[{"href":"https:\/\/patagoniambiental.com.ar\/info\/wp-json\/wp\/v2\/posts"}],"about":[{"href":"https:\/\/patagoniambiental.com.ar\/info\/wp-json\/wp\/v2\/types\/post"}],"author":[{"embeddable":true,"href":"https:\/\/patagoniambiental.com.ar\/info\/wp-json\/wp\/v2\/users\/2"}],"replies":[{"embeddable":true,"href":"https:\/\/patagoniambiental.com.ar\/info\/wp-json\/wp\/v2\/comments?post=36458"}],"version-history":[{"count":0,"href":"https:\/\/patagoniambiental.com.ar\/info\/wp-json\/wp\/v2\/posts\/36458\/revisions"}],"wp:featuredmedia":[{"embeddable":true,"href":"https:\/\/patagoniambiental.com.ar\/info\/wp-json\/wp\/v2\/media\/36459"}],"wp:attachment":[{"href":"https:\/\/patagoniambiental.com.ar\/info\/wp-json\/wp\/v2\/media?parent=36458"}],"wp:term":[{"taxonomy":"category","embeddable":true,"href":"https:\/\/patagoniambiental.com.ar\/info\/wp-json\/wp\/v2\/categories?post=36458"},{"taxonomy":"post_tag","embeddable":true,"href":"https:\/\/patagoniambiental.com.ar\/info\/wp-json\/wp\/v2\/tags?post=36458"}],"curies":[{"name":"wp","href":"https:\/\/api.w.org\/{rel}","templated":true}]}}