{"id":36495,"date":"2017-10-14T10:11:19","date_gmt":"2017-10-14T13:11:19","guid":{"rendered":"http:\/\/patagoniambiental.com.ar\/info\/?p=36495"},"modified":"2017-10-14T10:11:19","modified_gmt":"2017-10-14T13:11:19","slug":"bariloche-gennuso-recorrio-zonas-de-la-costanera-que-se-proyectan-recuperar-para-este-verano","status":"publish","type":"post","link":"https:\/\/patagoniambiental.com.ar\/info\/bariloche-gennuso-recorrio-zonas-de-la-costanera-que-se-proyectan-recuperar-para-este-verano\/","title":{"rendered":"Bariloche: Gennuso recorri\u00f3 zonas de la costanera que se proyectan recuperar para este verano"},"content":{"rendered":"<div dir=\"ltr\">BARILOCHE.-\u00a0<i>Esta semana comenzaron las tareas para recuperar una zona relegada de la ciudad, y que busca convertirse en un lugar de encuentro para todos los barilochenses. El intendente Gustavo Gennuso visit\u00f3 las distintas zonas acompa\u00f1ado por Andr\u00e9s Rodriguez, coordinador de infraestructura deportiva, social y cultural.<\/i><\/div>\n<div dir=\"ltr\"><\/div>\n<div dir=\"ltr\">La recuperaci\u00f3n de la costa del lago ha sido siempre una demanda hist\u00f3rica de los vecinos de Bariloche. A partir de un dise\u00f1o de la Subsecretar\u00eda de Planeamiento municipal se iniciaron las tareas de recuperaci\u00f3n, de la parte de la costanera c\u00e9ntrica, con miras a finalizar una primera etapa para la pr\u00f3xima temporada veraniega.<\/div>\n<div dir=\"ltr\"><\/div>\n<div dir=\"ltr\">El jueves (12\/10) por la tarde, el intendente Gustavo Gennuso junto a Andr\u00e9s Rodriguez recorrieron las tareas que se iniciaron esta semana, y que son financiadas con fondos de la Ecotasa. La zona involucrada es desde el Puerto San Carlos hasta el predio del Club Caza y Pesca.<\/div>\n<div dir=\"ltr\"><\/div>\n<div dir=\"ltr\">Con maquinaria pesada se est\u00e1 realizando una primera limpieza de material de escombros, sin afectar a la vegetaci\u00f3n ni piedras que se encuentran de forma natural. Adem\u00e1s, se est\u00e1n relevando las condiciones de los pluviales y bajadas de agua que llegan al lago, y desmalezando para el despeje de sendas y lugares determinados para el esparcimiento.<\/div>\n<div dir=\"ltr\"><\/div>\n<div dir=\"ltr\">Se llev\u00f3 a cabo un intenso operativo de limpieza de residuos que se encontraban arrojados, lo que significaron alrededor de 6 metros c\u00fabicos de basura entre pl\u00e1sticos, vidrios, botellas, entre otros residuos.<\/div>\n<div dir=\"ltr\"><\/div>\n<div dir=\"ltr\">Durante el recorrido tambi\u00e9n observaron el estado de la extensa vereda sobre la Avda Costanera, la cual se planea reparar en toda su extensi\u00f3n; como as\u00ed tambi\u00e9n la colocaci\u00f3n de luminaria para toda esa zona. Adem\u00e1s, Rodriguez puso al tanto al intendente sobre la futura construcci\u00f3n de ba\u00f1os p\u00fablicos en la zona donde se encuentra la pileta, y se proyecta el skate park.<\/div>\n<div dir=\"ltr\"><\/div>\n<div dir=\"ltr\">Se prev\u00e9 que para el verano, esta primera etapa est\u00e9 finalizada y sea utilizada como lugar de encuentro y disfrute de los barilochenses. camino enruqpiado camonos costero veredas arregladas de la parte alta.<\/div>\n<div dir=\"ltr\"><\/div>\n<div dir=\"ltr\">Fuente: Municipio Bariloche<\/div>\n","protected":false},"excerpt":{"rendered":"<p>BARILOCHE.-\u00a0Esta semana comenzaron las tareas para recuperar una zona relegada de la ciudad, y que busca convertirse en un lugar [&hellip;]<\/p>\n","protected":false},"author":2,"featured_media":36496,"comment_status":"open","ping_status":"open","sticky":false,"template":"","format":"standard","meta":{"site-sidebar-layout":"default","site-content-layout":"","ast-site-content-layout":"default","site-content-style":"default","site-sidebar-style":"default","ast-global-header-display":"","ast-banner-title-visibility":"","ast-main-header-display":"","ast-hfb-above-header-display":"","ast-hfb-below-header-display":"","ast-hfb-mobile-header-display":"","site-post-title":"","ast-breadcrumbs-content":"","ast-featured-img":"","footer-sml-layout":"","ast-disable-related-posts":"","theme-transparent-header-meta":"","adv-header-id-meta":"","stick-header-meta":"","header-above-stick-meta":"","header-main-stick-meta":"","header-below-stick-meta":"","astra-migrate-meta-layouts":"default","ast-page-background-enabled":"default","ast-page-background-meta":{"desktop":{"background-color":"var(--ast-global-color-5)","background-image":"","background-repeat":"repeat","background-position":"center center","background-size":"auto","background-attachment":"scroll","background-type":"","background-media":"","overlay-type":"","overlay-color":"","overlay-opacity":"","overlay-gradient":""},"tablet":{"background-color":"","background-image":"","background-repeat":"repeat","background-position":"center center","background-size":"auto","background-attachment":"scroll","background-type":"","background-media":"","overlay-type":"","overlay-color":"","overlay-opacity":"","overlay-gradient":""},"mobile":{"background-color":"","background-image":"","background-repeat":"repeat","background-position":"center center","background-size":"auto","background-attachment":"scroll","background-type":"","background-media":"","overlay-type":"","overlay-color":"","overlay-opacity":"","overlay-gradient":""}},"ast-content-background-meta":{"desktop":{"background-color":"var(--ast-global-color-4)","background-image":"","background-repeat":"repeat","background-position":"center center","background-size":"auto","background-attachment":"scroll","background-type":"","background-media":"","overlay-type":"","overlay-color":"","overlay-opacity":"","overlay-gradient":""},"tablet":{"background-color":"var(--ast-global-color-4)","background-image":"","background-repeat":"repeat","background-position":"center center","background-size":"auto","background-attachment":"scroll","background-type":"","background-media":"","overlay-type":"","overlay-color":"","overlay-opacity":"","overlay-gradient":""},"mobile":{"background-color":"var(--ast-global-color-4)","background-image":"","background-repeat":"repeat","background-position":"center center","background-size":"auto","background-attachment":"scroll","background-type":"","background-media":"","overlay-type":"","overlay-color":"","overlay-opacity":"","overlay-gradient":""}},"footnotes":""},"categories":[46,1],"tags":[],"class_list":["post-36495","post","type-post","status-publish","format-standard","has-post-thumbnail","hentry","category-municipios","category-noticias"],"yoast_head":"<!-- This site is optimized with the Yoast SEO Premium plugin v23.0 (Yoast SEO v27.5) - https:\/\/yoast.com\/product\/yoast-seo-premium-wordpress\/ -->\n<title>Bariloche: Gennuso recorri\u00f3 zonas de la costanera que se proyectan recuperar para este verano<\/title>\n<meta name=\"robots\" content=\"index, follow, max-snippet:-1, max-image-preview:large, max-video-preview:-1\" \/>\n<link rel=\"canonical\" href=\"https:\/\/patagoniambiental.com.ar\/info\/bariloche-gennuso-recorrio-zonas-de-la-costanera-que-se-proyectan-recuperar-para-este-verano\/\" \/>\n<meta property=\"og:locale\" content=\"es_ES\" \/>\n<meta property=\"og:type\" content=\"article\" \/>\n<meta property=\"og:title\" content=\"Bariloche: Gennuso recorri\u00f3 zonas de la costanera que se proyectan recuperar para este verano\" \/>\n<meta property=\"og:description\" content=\"BARILOCHE.-\u00a0Esta semana comenzaron las tareas para recuperar una zona relegada de la ciudad, y que busca convertirse en un lugar [&hellip;]\" \/>\n<meta property=\"og:url\" content=\"https:\/\/patagoniambiental.com.ar\/info\/bariloche-gennuso-recorrio-zonas-de-la-costanera-que-se-proyectan-recuperar-para-este-verano\/\" \/>\n<meta property=\"og:site_name\" content=\"Patagonia Ambiental\" \/>\n<meta property=\"article:publisher\" content=\"https:\/\/www.facebook.com\/patagonia.ambiental\" \/>\n<meta property=\"article:author\" content=\"https:\/\/www.facebook.com\/share\/1C1V8Gv9BX\/?mibextid=qi2Omg\" \/>\n<meta property=\"article:published_time\" content=\"2017-10-14T13:11:19+00:00\" \/>\n<meta property=\"og:image\" content=\"https:\/\/patagoniambiental.com.ar\/info\/wp-content\/uploads\/2017\/10\/costanera15.jpg\" \/>\n\t<meta property=\"og:image:width\" content=\"1024\" \/>\n\t<meta property=\"og:image:height\" content=\"683\" \/>\n\t<meta property=\"og:image:type\" content=\"image\/jpeg\" \/>\n<meta name=\"author\" content=\"Patagonia Ambiental\" \/>\n<meta name=\"twitter:card\" content=\"summary_large_image\" \/>\n<meta name=\"twitter:creator\" content=\"@PatAmb\" \/>\n<meta name=\"twitter:site\" content=\"@PatAmb\" \/>\n<script type=\"application\/ld+json\" class=\"yoast-schema-graph\">{\"@context\":\"https:\\\/\\\/schema.org\",\"@graph\":[{\"@type\":\"Article\",\"@id\":\"https:\\\/\\\/patagoniambiental.com.ar\\\/info\\\/bariloche-gennuso-recorrio-zonas-de-la-costanera-que-se-proyectan-recuperar-para-este-verano\\\/#article\",\"isPartOf\":{\"@id\":\"https:\\\/\\\/patagoniambiental.com.ar\\\/info\\\/bariloche-gennuso-recorrio-zonas-de-la-costanera-que-se-proyectan-recuperar-para-este-verano\\\/\"},\"author\":{\"name\":\"Patagonia Ambiental\",\"@id\":\"https:\\\/\\\/patagoniambiental.com.ar\\\/info\\\/#\\\/schema\\\/person\\\/db12bff64bbcbf6a253710bf0ea37b5d\"},\"headline\":\"Bariloche: Gennuso recorri\u00f3 zonas de la costanera que se proyectan recuperar para este verano\",\"datePublished\":\"2017-10-14T13:11:19+00:00\",\"mainEntityOfPage\":{\"@id\":\"https:\\\/\\\/patagoniambiental.com.ar\\\/info\\\/bariloche-gennuso-recorrio-zonas-de-la-costanera-que-se-proyectan-recuperar-para-este-verano\\\/\"},\"wordCount\":371,\"commentCount\":0,\"publisher\":{\"@id\":\"https:\\\/\\\/patagoniambiental.com.ar\\\/info\\\/#organization\"},\"image\":{\"@id\":\"https:\\\/\\\/patagoniambiental.com.ar\\\/info\\\/bariloche-gennuso-recorrio-zonas-de-la-costanera-que-se-proyectan-recuperar-para-este-verano\\\/#primaryimage\"},\"thumbnailUrl\":\"https:\\\/\\\/patagoniambiental.com.ar\\\/info\\\/wp-content\\\/uploads\\\/2017\\\/10\\\/costanera15.jpg\",\"articleSection\":[\"Municipios\",\"Noticias\"],\"inLanguage\":\"es\",\"potentialAction\":[{\"@type\":\"CommentAction\",\"name\":\"Comment\",\"target\":[\"https:\\\/\\\/patagoniambiental.com.ar\\\/info\\\/bariloche-gennuso-recorrio-zonas-de-la-costanera-que-se-proyectan-recuperar-para-este-verano\\\/#respond\"]}]},{\"@type\":\"WebPage\",\"@id\":\"https:\\\/\\\/patagoniambiental.com.ar\\\/info\\\/bariloche-gennuso-recorrio-zonas-de-la-costanera-que-se-proyectan-recuperar-para-este-verano\\\/\",\"url\":\"https:\\\/\\\/patagoniambiental.com.ar\\\/info\\\/bariloche-gennuso-recorrio-zonas-de-la-costanera-que-se-proyectan-recuperar-para-este-verano\\\/\",\"name\":\"Bariloche: Gennuso recorri\u00f3 zonas de la costanera que se proyectan recuperar para este verano\",\"isPartOf\":{\"@id\":\"https:\\\/\\\/patagoniambiental.com.ar\\\/info\\\/#website\"},\"primaryImageOfPage\":{\"@id\":\"https:\\\/\\\/patagoniambiental.com.ar\\\/info\\\/bariloche-gennuso-recorrio-zonas-de-la-costanera-que-se-proyectan-recuperar-para-este-verano\\\/#primaryimage\"},\"image\":{\"@id\":\"https:\\\/\\\/patagoniambiental.com.ar\\\/info\\\/bariloche-gennuso-recorrio-zonas-de-la-costanera-que-se-proyectan-recuperar-para-este-verano\\\/#primaryimage\"},\"thumbnailUrl\":\"https:\\\/\\\/patagoniambiental.com.ar\\\/info\\\/wp-content\\\/uploads\\\/2017\\\/10\\\/costanera15.jpg\",\"datePublished\":\"2017-10-14T13:11:19+00:00\",\"breadcrumb\":{\"@id\":\"https:\\\/\\\/patagoniambiental.com.ar\\\/info\\\/bariloche-gennuso-recorrio-zonas-de-la-costanera-que-se-proyectan-recuperar-para-este-verano\\\/#breadcrumb\"},\"inLanguage\":\"es\",\"potentialAction\":[{\"@type\":\"ReadAction\",\"target\":[\"https:\\\/\\\/patagoniambiental.com.ar\\\/info\\\/bariloche-gennuso-recorrio-zonas-de-la-costanera-que-se-proyectan-recuperar-para-este-verano\\\/\"]}]},{\"@type\":\"ImageObject\",\"inLanguage\":\"es\",\"@id\":\"https:\\\/\\\/patagoniambiental.com.ar\\\/info\\\/bariloche-gennuso-recorrio-zonas-de-la-costanera-que-se-proyectan-recuperar-para-este-verano\\\/#primaryimage\",\"url\":\"https:\\\/\\\/patagoniambiental.com.ar\\\/info\\\/wp-content\\\/uploads\\\/2017\\\/10\\\/costanera15.jpg\",\"contentUrl\":\"https:\\\/\\\/patagoniambiental.com.ar\\\/info\\\/wp-content\\\/uploads\\\/2017\\\/10\\\/costanera15.jpg\",\"width\":900,\"height\":600},{\"@type\":\"BreadcrumbList\",\"@id\":\"https:\\\/\\\/patagoniambiental.com.ar\\\/info\\\/bariloche-gennuso-recorrio-zonas-de-la-costanera-que-se-proyectan-recuperar-para-este-verano\\\/#breadcrumb\",\"itemListElement\":[{\"@type\":\"ListItem\",\"position\":1,\"name\":\"Inicio\",\"item\":\"https:\\\/\\\/patagoniambiental.com.ar\\\/info\\\/\"},{\"@type\":\"ListItem\",\"position\":2,\"name\":\"Bariloche: Gennuso recorri\u00f3 zonas de la costanera que se proyectan recuperar para este verano\"}]},{\"@type\":\"WebSite\",\"@id\":\"https:\\\/\\\/patagoniambiental.com.ar\\\/info\\\/#website\",\"url\":\"https:\\\/\\\/patagoniambiental.com.ar\\\/info\\\/\",\"name\":\"Patagonia Ambiental\",\"description\":\"Monitoreo y an\u00e1lisis de la situaci\u00f3n geopol\u00edtica en el mundo y su implicancia en la Patagonia\",\"publisher\":{\"@id\":\"https:\\\/\\\/patagoniambiental.com.ar\\\/info\\\/#organization\"},\"potentialAction\":[{\"@type\":\"SearchAction\",\"target\":{\"@type\":\"EntryPoint\",\"urlTemplate\":\"https:\\\/\\\/patagoniambiental.com.ar\\\/info\\\/?s={search_term_string}\"},\"query-input\":{\"@type\":\"PropertyValueSpecification\",\"valueRequired\":true,\"valueName\":\"search_term_string\"}}],\"inLanguage\":\"es\"},{\"@type\":\"Organization\",\"@id\":\"https:\\\/\\\/patagoniambiental.com.ar\\\/info\\\/#organization\",\"name\":\"Patagonia Ambiental\",\"url\":\"https:\\\/\\\/patagoniambiental.com.ar\\\/info\\\/\",\"logo\":{\"@type\":\"ImageObject\",\"inLanguage\":\"es\",\"@id\":\"https:\\\/\\\/patagoniambiental.com.ar\\\/info\\\/#\\\/schema\\\/logo\\\/image\\\/\",\"url\":\"https:\\\/\\\/patagoniambiental.com.ar\\\/info\\\/wp-content\\\/uploads\\\/2025\\\/05\\\/LOGO-PATAGONIA-AMBIENTAL.png\",\"contentUrl\":\"https:\\\/\\\/patagoniambiental.com.ar\\\/info\\\/wp-content\\\/uploads\\\/2025\\\/05\\\/LOGO-PATAGONIA-AMBIENTAL.png\",\"width\":433,\"height\":250,\"caption\":\"Patagonia Ambiental\"},\"image\":{\"@id\":\"https:\\\/\\\/patagoniambiental.com.ar\\\/info\\\/#\\\/schema\\\/logo\\\/image\\\/\"},\"sameAs\":[\"https:\\\/\\\/www.facebook.com\\\/patagonia.ambiental\",\"https:\\\/\\\/x.com\\\/PatAmb\"]},{\"@type\":\"Person\",\"@id\":\"https:\\\/\\\/patagoniambiental.com.ar\\\/info\\\/#\\\/schema\\\/person\\\/db12bff64bbcbf6a253710bf0ea37b5d\",\"name\":\"Patagonia Ambiental\",\"description\":\"Andr\u00e9s Nievas T\u00e9cnico en manejo ambiental, consultor Ambiental y escritor para medios locales e internacionales sobre temas de geopolitica y medio ambiente.\",\"sameAs\":[\"http:\\\/\\\/www.patagoniambiental.com.ar\",\"https:\\\/\\\/www.facebook.com\\\/share\\\/1C1V8Gv9BX\\\/?mibextid=qi2Omg\",\"@patagoniambiental\",\"https:\\\/\\\/youtube.com\\\/@patagoniaambiental2023?si=BLt58t0wuXquxlYZ\"]}]}<\/script>\n<!-- \/ Yoast SEO Premium plugin. -->","yoast_head_json":{"title":"Bariloche: Gennuso recorri\u00f3 zonas de la costanera que se proyectan recuperar para este verano","robots":{"index":"index","follow":"follow","max-snippet":"max-snippet:-1","max-image-preview":"max-image-preview:large","max-video-preview":"max-video-preview:-1"},"canonical":"https:\/\/patagoniambiental.com.ar\/info\/bariloche-gennuso-recorrio-zonas-de-la-costanera-que-se-proyectan-recuperar-para-este-verano\/","og_locale":"es_ES","og_type":"article","og_title":"Bariloche: Gennuso recorri\u00f3 zonas de la costanera que se proyectan recuperar para este verano","og_description":"BARILOCHE.-\u00a0Esta semana comenzaron las tareas para recuperar una zona relegada de la ciudad, y que busca convertirse en un lugar [&hellip;]","og_url":"https:\/\/patagoniambiental.com.ar\/info\/bariloche-gennuso-recorrio-zonas-de-la-costanera-que-se-proyectan-recuperar-para-este-verano\/","og_site_name":"Patagonia Ambiental","article_publisher":"https:\/\/www.facebook.com\/patagonia.ambiental","article_author":"https:\/\/www.facebook.com\/share\/1C1V8Gv9BX\/?mibextid=qi2Omg","article_published_time":"2017-10-14T13:11:19+00:00","og_image":[{"width":1024,"height":683,"url":"https:\/\/patagoniambiental.com.ar\/info\/wp-content\/uploads\/2017\/10\/costanera15.jpg","type":"image\/jpeg"}],"author":"Patagonia Ambiental","twitter_card":"summary_large_image","twitter_creator":"@PatAmb","twitter_site":"@PatAmb","schema":{"@context":"https:\/\/schema.org","@graph":[{"@type":"Article","@id":"https:\/\/patagoniambiental.com.ar\/info\/bariloche-gennuso-recorrio-zonas-de-la-costanera-que-se-proyectan-recuperar-para-este-verano\/#article","isPartOf":{"@id":"https:\/\/patagoniambiental.com.ar\/info\/bariloche-gennuso-recorrio-zonas-de-la-costanera-que-se-proyectan-recuperar-para-este-verano\/"},"author":{"name":"Patagonia Ambiental","@id":"https:\/\/patagoniambiental.com.ar\/info\/#\/schema\/person\/db12bff64bbcbf6a253710bf0ea37b5d"},"headline":"Bariloche: Gennuso recorri\u00f3 zonas de la costanera que se proyectan recuperar para este verano","datePublished":"2017-10-14T13:11:19+00:00","mainEntityOfPage":{"@id":"https:\/\/patagoniambiental.com.ar\/info\/bariloche-gennuso-recorrio-zonas-de-la-costanera-que-se-proyectan-recuperar-para-este-verano\/"},"wordCount":371,"commentCount":0,"publisher":{"@id":"https:\/\/patagoniambiental.com.ar\/info\/#organization"},"image":{"@id":"https:\/\/patagoniambiental.com.ar\/info\/bariloche-gennuso-recorrio-zonas-de-la-costanera-que-se-proyectan-recuperar-para-este-verano\/#primaryimage"},"thumbnailUrl":"https:\/\/patagoniambiental.com.ar\/info\/wp-content\/uploads\/2017\/10\/costanera15.jpg","articleSection":["Municipios","Noticias"],"inLanguage":"es","potentialAction":[{"@type":"CommentAction","name":"Comment","target":["https:\/\/patagoniambiental.com.ar\/info\/bariloche-gennuso-recorrio-zonas-de-la-costanera-que-se-proyectan-recuperar-para-este-verano\/#respond"]}]},{"@type":"WebPage","@id":"https:\/\/patagoniambiental.com.ar\/info\/bariloche-gennuso-recorrio-zonas-de-la-costanera-que-se-proyectan-recuperar-para-este-verano\/","url":"https:\/\/patagoniambiental.com.ar\/info\/bariloche-gennuso-recorrio-zonas-de-la-costanera-que-se-proyectan-recuperar-para-este-verano\/","name":"Bariloche: Gennuso recorri\u00f3 zonas de la costanera que se proyectan recuperar para este verano","isPartOf":{"@id":"https:\/\/patagoniambiental.com.ar\/info\/#website"},"primaryImageOfPage":{"@id":"https:\/\/patagoniambiental.com.ar\/info\/bariloche-gennuso-recorrio-zonas-de-la-costanera-que-se-proyectan-recuperar-para-este-verano\/#primaryimage"},"image":{"@id":"https:\/\/patagoniambiental.com.ar\/info\/bariloche-gennuso-recorrio-zonas-de-la-costanera-que-se-proyectan-recuperar-para-este-verano\/#primaryimage"},"thumbnailUrl":"https:\/\/patagoniambiental.com.ar\/info\/wp-content\/uploads\/2017\/10\/costanera15.jpg","datePublished":"2017-10-14T13:11:19+00:00","breadcrumb":{"@id":"https:\/\/patagoniambiental.com.ar\/info\/bariloche-gennuso-recorrio-zonas-de-la-costanera-que-se-proyectan-recuperar-para-este-verano\/#breadcrumb"},"inLanguage":"es","potentialAction":[{"@type":"ReadAction","target":["https:\/\/patagoniambiental.com.ar\/info\/bariloche-gennuso-recorrio-zonas-de-la-costanera-que-se-proyectan-recuperar-para-este-verano\/"]}]},{"@type":"ImageObject","inLanguage":"es","@id":"https:\/\/patagoniambiental.com.ar\/info\/bariloche-gennuso-recorrio-zonas-de-la-costanera-que-se-proyectan-recuperar-para-este-verano\/#primaryimage","url":"https:\/\/patagoniambiental.com.ar\/info\/wp-content\/uploads\/2017\/10\/costanera15.jpg","contentUrl":"https:\/\/patagoniambiental.com.ar\/info\/wp-content\/uploads\/2017\/10\/costanera15.jpg","width":900,"height":600},{"@type":"BreadcrumbList","@id":"https:\/\/patagoniambiental.com.ar\/info\/bariloche-gennuso-recorrio-zonas-de-la-costanera-que-se-proyectan-recuperar-para-este-verano\/#breadcrumb","itemListElement":[{"@type":"ListItem","position":1,"name":"Inicio","item":"https:\/\/patagoniambiental.com.ar\/info\/"},{"@type":"ListItem","position":2,"name":"Bariloche: Gennuso recorri\u00f3 zonas de la costanera que se proyectan recuperar para este verano"}]},{"@type":"WebSite","@id":"https:\/\/patagoniambiental.com.ar\/info\/#website","url":"https:\/\/patagoniambiental.com.ar\/info\/","name":"Patagonia Ambiental","description":"Monitoreo y an\u00e1lisis de la situaci\u00f3n geopol\u00edtica en el mundo y su implicancia en la Patagonia","publisher":{"@id":"https:\/\/patagoniambiental.com.ar\/info\/#organization"},"potentialAction":[{"@type":"SearchAction","target":{"@type":"EntryPoint","urlTemplate":"https:\/\/patagoniambiental.com.ar\/info\/?s={search_term_string}"},"query-input":{"@type":"PropertyValueSpecification","valueRequired":true,"valueName":"search_term_string"}}],"inLanguage":"es"},{"@type":"Organization","@id":"https:\/\/patagoniambiental.com.ar\/info\/#organization","name":"Patagonia Ambiental","url":"https:\/\/patagoniambiental.com.ar\/info\/","logo":{"@type":"ImageObject","inLanguage":"es","@id":"https:\/\/patagoniambiental.com.ar\/info\/#\/schema\/logo\/image\/","url":"https:\/\/patagoniambiental.com.ar\/info\/wp-content\/uploads\/2025\/05\/LOGO-PATAGONIA-AMBIENTAL.png","contentUrl":"https:\/\/patagoniambiental.com.ar\/info\/wp-content\/uploads\/2025\/05\/LOGO-PATAGONIA-AMBIENTAL.png","width":433,"height":250,"caption":"Patagonia Ambiental"},"image":{"@id":"https:\/\/patagoniambiental.com.ar\/info\/#\/schema\/logo\/image\/"},"sameAs":["https:\/\/www.facebook.com\/patagonia.ambiental","https:\/\/x.com\/PatAmb"]},{"@type":"Person","@id":"https:\/\/patagoniambiental.com.ar\/info\/#\/schema\/person\/db12bff64bbcbf6a253710bf0ea37b5d","name":"Patagonia Ambiental","description":"Andr\u00e9s Nievas T\u00e9cnico en manejo ambiental, consultor Ambiental y escritor para medios locales e internacionales sobre temas de geopolitica y medio ambiente.","sameAs":["http:\/\/www.patagoniambiental.com.ar","https:\/\/www.facebook.com\/share\/1C1V8Gv9BX\/?mibextid=qi2Omg","@patagoniambiental","https:\/\/youtube.com\/@patagoniaambiental2023?si=BLt58t0wuXquxlYZ"]}]}},"_links":{"self":[{"href":"https:\/\/patagoniambiental.com.ar\/info\/wp-json\/wp\/v2\/posts\/36495","targetHints":{"allow":["GET"]}}],"collection":[{"href":"https:\/\/patagoniambiental.com.ar\/info\/wp-json\/wp\/v2\/posts"}],"about":[{"href":"https:\/\/patagoniambiental.com.ar\/info\/wp-json\/wp\/v2\/types\/post"}],"author":[{"embeddable":true,"href":"https:\/\/patagoniambiental.com.ar\/info\/wp-json\/wp\/v2\/users\/2"}],"replies":[{"embeddable":true,"href":"https:\/\/patagoniambiental.com.ar\/info\/wp-json\/wp\/v2\/comments?post=36495"}],"version-history":[{"count":0,"href":"https:\/\/patagoniambiental.com.ar\/info\/wp-json\/wp\/v2\/posts\/36495\/revisions"}],"wp:featuredmedia":[{"embeddable":true,"href":"https:\/\/patagoniambiental.com.ar\/info\/wp-json\/wp\/v2\/media\/36496"}],"wp:attachment":[{"href":"https:\/\/patagoniambiental.com.ar\/info\/wp-json\/wp\/v2\/media?parent=36495"}],"wp:term":[{"taxonomy":"category","embeddable":true,"href":"https:\/\/patagoniambiental.com.ar\/info\/wp-json\/wp\/v2\/categories?post=36495"},{"taxonomy":"post_tag","embeddable":true,"href":"https:\/\/patagoniambiental.com.ar\/info\/wp-json\/wp\/v2\/tags?post=36495"}],"curies":[{"name":"wp","href":"https:\/\/api.w.org\/{rel}","templated":true}]}}